{"id":85326,"date":"2021-11-05T14:55:25","date_gmt":"2021-11-05T13:55:25","guid":{"rendered":"https:\/\/radioljubuski.ba\/?p=85326"},"modified":"2021-11-07T01:37:59","modified_gmt":"2021-11-07T00:37:59","slug":"predsjednistvo-hns-a-konstitutivnost-naroda-uz-legitimno-politicko-predstavljanje-je-temeljna-ustavna-kategorija-s-kojom-se-ne-moze-trgovati","status":"publish","type":"post","link":"https:\/\/radioljubuski.ba\/index.php\/2021\/11\/05\/predsjednistvo-hns-a-konstitutivnost-naroda-uz-legitimno-politicko-predstavljanje-je-temeljna-ustavna-kategorija-s-kojom-se-ne-moze-trgovati\/","title":{"rendered":"Predsjedni\u0161tvo HNS-a: Konstitutivnost naroda uz legitimno politi\u010dko predstavljanje je temeljna ustavna kategorija s kojom se ne mo\u017ee trgovati"},"content":{"rendered":"\n<p>U Mostaru je odr\u017eana 26. redovita sjednica Predsjedni\u0161tva Hrvatskog narodnog sabora. \u010clanovi Predsjedni\u0161tva su razgovarali o aktualnom stanju u BiH, aspektu trenutne krize i nefunkcioniranja vi\u0161ih razina vlasti kao i o izmjenama Izbornog zakona i ograni\u010denim ustavnim promjenama. Razgovaralo se o izvje\u0161\u0107u visokog predstavnika te o postizanju kona\u010dnog dogovora koji bi stabilizirao prilike i unutarnje odnose u BiH.<\/p>\n\n\n\n<p>U svjetlu pregovara\u010dkog procesa o izmjenama Izbornog zakona i ograni\u010denim ustavnim izmjenama, Predsjedni\u0161tvo HNS-a izrazilo je potporu predstoje\u0107em ciklusu razgovora na najvi\u0161im razinama te postizanju dogovora u svim klju\u010dnim segmentima. Posebno je nagla\u0161eno kako je konstitutivnost naroda uz legitimno politi\u010dko predstavljanje temeljna ustavna kategorija s kojom se ne mo\u017ee trgovati niti je se mo\u017ee eliminirati. Potrebna je \u017eurna stabilizacija odnosa i postizanje konsenzusa kroz dijalog politi\u010dkih predstavnika sva tri konstitutivna naroda.<\/p>\n\n\n\n<p>-U raspravi o 60. izvje\u0161\u0107u visokog predstavnika, Predsjedni\u0161tvo HNS-a je pozvalo Ured visokog predstavnika na cjelovito i objektivno izvje\u0161tavanje me\u0111unarodne zajednice o stanju u Bosni i Hercegovini. Ukazano je na vi\u0161estruke ozbiljne propuste u dostavljenom dokumentu koji svjesno ignorira ru\u0161enje pravosudnih institucija BiH, upotrebu retorike koja poziva na otvorene sukobe me\u0111u narodima i stanovnicima BiH, kao i zanemarivanje koruptivnih afera koje ru\u0161e ugled institucija i pravne dr\u017eave. Ured Visokog predstavnika, u skladu sa svojim obvezama proisteklim iz Daytonskog mirovnog sporazuma, mora biti jamac civilne provedbe svih Aneksa, njihov za\u0161titnik i \u010dimbenik stabilnosti i mira &#8211; navodi se u informaciji za javnost.<\/p>\n\n\n\n<p>Izvor:pogled.ba<\/p>\n","protected":false},"excerpt":{"rendered":"<p>U Mostaru je odr\u017eana 26. redovita sjednica Predsjedni\u0161tva Hrvatskog narodnog sabora. \u010clanovi Predsjedni\u0161tva su razgovarali o aktualnom stanju u BiH, aspektu trenutne krize i nefunkcioniranja vi\u0161ih razina vlasti kao i o izmjenama Izbornog zakona i ograni\u010denim ustavnim promjenama. Razgovaralo se o izvje\u0161\u0107u visokog predstavnika te o postizanju kona\u010dnog dogovora koji bi stabilizirao prilike i unutarnje [&hellip;]<\/p>\n","protected":false},"author":2,"featured_media":85327,"comment_status":"closed","ping_status":"closed","sticky":false,"template":"","format":"standard","meta":{"h5ap_radio_sources":[],"footnotes":""},"categories":[1],"tags":[],"class_list":["post-85326","post","type-post","status-publish","format-standard","has-post-thumbnail","hentry","category-bihiregija"],"yoast_head":"<!-- This site is optimized with the Yoast SEO plugin v27.5 - https:\/\/yoast.com\/product\/yoast-seo-wordpress\/ -->\n<title>Predsjedni\u0161tvo HNS-a: Konstitutivnost naroda uz legitimno politi\u010dko predstavljanje je temeljna ustavna kategorija s kojom se ne mo\u017ee trgovati - RADIO LJUBU\u0160KI<\/title>\n<meta name=\"robots\" content=\"index, follow, max-snippet:-1, max-image-preview:large, max-video-preview:-1\" \/>\n<link rel=\"canonical\" href=\"https:\/\/radioljubuski.ba\/index.php\/2021\/11\/05\/predsjednistvo-hns-a-konstitutivnost-naroda-uz-legitimno-politicko-predstavljanje-je-temeljna-ustavna-kategorija-s-kojom-se-ne-moze-trgovati\/\" \/>\n<meta property=\"og:locale\" content=\"hr_HR\" \/>\n<meta property=\"og:type\" content=\"article\" \/>\n<meta property=\"og:title\" content=\"Predsjedni\u0161tvo HNS-a: Konstitutivnost naroda uz legitimno politi\u010dko predstavljanje je temeljna ustavna kategorija s kojom se ne mo\u017ee trgovati - RADIO LJUBU\u0160KI\" \/>\n<meta property=\"og:description\" content=\"U Mostaru je odr\u017eana 26. redovita sjednica Predsjedni\u0161tva Hrvatskog narodnog sabora. \u010clanovi Predsjedni\u0161tva su razgovarali o aktualnom stanju u BiH, aspektu trenutne krize i nefunkcioniranja vi\u0161ih razina vlasti kao i o izmjenama Izbornog zakona i ograni\u010denim ustavnim promjenama. Razgovaralo se o izvje\u0161\u0107u visokog predstavnika te o postizanju kona\u010dnog dogovora koji bi stabilizirao prilike i unutarnje [&hellip;]\" \/>\n<meta property=\"og:url\" content=\"https:\/\/radioljubuski.ba\/index.php\/2021\/11\/05\/predsjednistvo-hns-a-konstitutivnost-naroda-uz-legitimno-politicko-predstavljanje-je-temeljna-ustavna-kategorija-s-kojom-se-ne-moze-trgovati\/\" \/>\n<meta property=\"og:site_name\" content=\"RADIO LJUBU\u0160KI\" \/>\n<meta property=\"article:publisher\" content=\"https:\/\/www.facebook.com\/Radiio-Ljubuski-1490835324566332\" \/>\n<meta property=\"article:published_time\" content=\"2021-11-05T13:55:25+00:00\" \/>\n<meta property=\"article:modified_time\" content=\"2021-11-07T00:37:59+00:00\" \/>\n<meta property=\"og:image\" content=\"https:\/\/radioljubuski.ba\/wp-content\/uploads\/2021\/11\/2-2021-11-05-12-19-14-hns2.jpg\" \/>\n\t<meta property=\"og:image:width\" content=\"1000\" \/>\n\t<meta property=\"og:image:height\" content=\"625\" \/>\n\t<meta property=\"og:image:type\" content=\"image\/jpeg\" \/>\n<meta name=\"author\" content=\"Radio Ljubu\u0161ki\" \/>\n<meta name=\"twitter:card\" content=\"summary_large_image\" \/>\n<meta name=\"twitter:creator\" content=\"@radioljubuski\" \/>\n<meta name=\"twitter:site\" content=\"@radioljubuski\" \/>\n<meta name=\"twitter:label1\" content=\"Napisao\/la\" \/>\n\t<meta name=\"twitter:data1\" content=\"Radio Ljubu\u0161ki\" \/>\n\t<meta name=\"twitter:label2\" content=\"Procijenjeno vrijeme \u010ditanja\" \/>\n\t<meta name=\"twitter:data2\" content=\"2 minute\" \/>\n<script type=\"application\/ld+json\" class=\"yoast-schema-graph\">{\"@context\":\"https:\\\/\\\/schema.org\",\"@graph\":[{\"@type\":\"Article\",\"@id\":\"https:\\\/\\\/radioljubuski.ba\\\/index.php\\\/2021\\\/11\\\/05\\\/predsjednistvo-hns-a-konstitutivnost-naroda-uz-legitimno-politicko-predstavljanje-je-temeljna-ustavna-kategorija-s-kojom-se-ne-moze-trgovati\\\/#article\",\"isPartOf\":{\"@id\":\"https:\\\/\\\/radioljubuski.ba\\\/index.php\\\/2021\\\/11\\\/05\\\/predsjednistvo-hns-a-konstitutivnost-naroda-uz-legitimno-politicko-predstavljanje-je-temeljna-ustavna-kategorija-s-kojom-se-ne-moze-trgovati\\\/\"},\"author\":{\"name\":\"Radio Ljubu\u0161ki\",\"@id\":\"https:\\\/\\\/radioljubuski.ba\\\/#\\\/schema\\\/person\\\/19fc700381a780f69665d7956c469e3b\"},\"headline\":\"Predsjedni\u0161tvo HNS-a: Konstitutivnost naroda uz legitimno politi\u010dko predstavljanje je temeljna ustavna kategorija s kojom se ne mo\u017ee trgovati\",\"datePublished\":\"2021-11-05T13:55:25+00:00\",\"dateModified\":\"2021-11-07T00:37:59+00:00\",\"mainEntityOfPage\":{\"@id\":\"https:\\\/\\\/radioljubuski.ba\\\/index.php\\\/2021\\\/11\\\/05\\\/predsjednistvo-hns-a-konstitutivnost-naroda-uz-legitimno-politicko-predstavljanje-je-temeljna-ustavna-kategorija-s-kojom-se-ne-moze-trgovati\\\/\"},\"wordCount\":280,\"publisher\":{\"@id\":\"https:\\\/\\\/radioljubuski.ba\\\/#organization\"},\"image\":{\"@id\":\"https:\\\/\\\/radioljubuski.ba\\\/index.php\\\/2021\\\/11\\\/05\\\/predsjednistvo-hns-a-konstitutivnost-naroda-uz-legitimno-politicko-predstavljanje-je-temeljna-ustavna-kategorija-s-kojom-se-ne-moze-trgovati\\\/#primaryimage\"},\"thumbnailUrl\":\"https:\\\/\\\/radioljubuski.ba\\\/wp-content\\\/uploads\\\/2021\\\/11\\\/2-2021-11-05-12-19-14-hns2.jpg\",\"articleSection\":[\"BIH i regija\"],\"inLanguage\":\"hr\"},{\"@type\":\"WebPage\",\"@id\":\"https:\\\/\\\/radioljubuski.ba\\\/index.php\\\/2021\\\/11\\\/05\\\/predsjednistvo-hns-a-konstitutivnost-naroda-uz-legitimno-politicko-predstavljanje-je-temeljna-ustavna-kategorija-s-kojom-se-ne-moze-trgovati\\\/\",\"url\":\"https:\\\/\\\/radioljubuski.ba\\\/index.php\\\/2021\\\/11\\\/05\\\/predsjednistvo-hns-a-konstitutivnost-naroda-uz-legitimno-politicko-predstavljanje-je-temeljna-ustavna-kategorija-s-kojom-se-ne-moze-trgovati\\\/\",\"name\":\"Predsjedni\u0161tvo HNS-a: Konstitutivnost naroda uz legitimno politi\u010dko predstavljanje je temeljna ustavna kategorija s kojom se ne mo\u017ee trgovati - RADIO LJUBU\u0160KI\",\"isPartOf\":{\"@id\":\"https:\\\/\\\/radioljubuski.ba\\\/#website\"},\"primaryImageOfPage\":{\"@id\":\"https:\\\/\\\/radioljubuski.ba\\\/index.php\\\/2021\\\/11\\\/05\\\/predsjednistvo-hns-a-konstitutivnost-naroda-uz-legitimno-politicko-predstavljanje-je-temeljna-ustavna-kategorija-s-kojom-se-ne-moze-trgovati\\\/#primaryimage\"},\"image\":{\"@id\":\"https:\\\/\\\/radioljubuski.ba\\\/index.php\\\/2021\\\/11\\\/05\\\/predsjednistvo-hns-a-konstitutivnost-naroda-uz-legitimno-politicko-predstavljanje-je-temeljna-ustavna-kategorija-s-kojom-se-ne-moze-trgovati\\\/#primaryimage\"},\"thumbnailUrl\":\"https:\\\/\\\/radioljubuski.ba\\\/wp-content\\\/uploads\\\/2021\\\/11\\\/2-2021-11-05-12-19-14-hns2.jpg\",\"datePublished\":\"2021-11-05T13:55:25+00:00\",\"dateModified\":\"2021-11-07T00:37:59+00:00\",\"breadcrumb\":{\"@id\":\"https:\\\/\\\/radioljubuski.ba\\\/index.php\\\/2021\\\/11\\\/05\\\/predsjednistvo-hns-a-konstitutivnost-naroda-uz-legitimno-politicko-predstavljanje-je-temeljna-ustavna-kategorija-s-kojom-se-ne-moze-trgovati\\\/#breadcrumb\"},\"inLanguage\":\"hr\",\"potentialAction\":[{\"@type\":\"ReadAction\",\"target\":[\"https:\\\/\\\/radioljubuski.ba\\\/index.php\\\/2021\\\/11\\\/05\\\/predsjednistvo-hns-a-konstitutivnost-naroda-uz-legitimno-politicko-predstavljanje-je-temeljna-ustavna-kategorija-s-kojom-se-ne-moze-trgovati\\\/\"]}]},{\"@type\":\"ImageObject\",\"inLanguage\":\"hr\",\"@id\":\"https:\\\/\\\/radioljubuski.ba\\\/index.php\\\/2021\\\/11\\\/05\\\/predsjednistvo-hns-a-konstitutivnost-naroda-uz-legitimno-politicko-predstavljanje-je-temeljna-ustavna-kategorija-s-kojom-se-ne-moze-trgovati\\\/#primaryimage\",\"url\":\"https:\\\/\\\/radioljubuski.ba\\\/wp-content\\\/uploads\\\/2021\\\/11\\\/2-2021-11-05-12-19-14-hns2.jpg\",\"contentUrl\":\"https:\\\/\\\/radioljubuski.ba\\\/wp-content\\\/uploads\\\/2021\\\/11\\\/2-2021-11-05-12-19-14-hns2.jpg\",\"width\":1000,\"height\":625},{\"@type\":\"BreadcrumbList\",\"@id\":\"https:\\\/\\\/radioljubuski.ba\\\/index.php\\\/2021\\\/11\\\/05\\\/predsjednistvo-hns-a-konstitutivnost-naroda-uz-legitimno-politicko-predstavljanje-je-temeljna-ustavna-kategorija-s-kojom-se-ne-moze-trgovati\\\/#breadcrumb\",\"itemListElement\":[{\"@type\":\"ListItem\",\"position\":1,\"name\":\"Po\u010detna stranica\",\"item\":\"https:\\\/\\\/radioljubuski.ba\\\/\"},{\"@type\":\"ListItem\",\"position\":2,\"name\":\"Predsjedni\u0161tvo HNS-a: Konstitutivnost naroda uz legitimno politi\u010dko predstavljanje je temeljna ustavna kategorija s kojom se ne mo\u017ee trgovati\"}]},{\"@type\":\"WebSite\",\"@id\":\"https:\\\/\\\/radioljubuski.ba\\\/#website\",\"url\":\"https:\\\/\\\/radioljubuski.ba\\\/\",\"name\":\"Radio Ljubu\u0161ki\",\"description\":\"Sun\u010dana frekvencija Hercegovine\",\"publisher\":{\"@id\":\"https:\\\/\\\/radioljubuski.ba\\\/#organization\"},\"potentialAction\":[{\"@type\":\"SearchAction\",\"target\":{\"@type\":\"EntryPoint\",\"urlTemplate\":\"https:\\\/\\\/radioljubuski.ba\\\/?s={search_term_string}\"},\"query-input\":{\"@type\":\"PropertyValueSpecification\",\"valueRequired\":true,\"valueName\":\"search_term_string\"}}],\"inLanguage\":\"hr\"},{\"@type\":\"Organization\",\"@id\":\"https:\\\/\\\/radioljubuski.ba\\\/#organization\",\"name\":\"Radio Ljubu\u0161ki\",\"url\":\"https:\\\/\\\/radioljubuski.ba\\\/\",\"logo\":{\"@type\":\"ImageObject\",\"inLanguage\":\"hr\",\"@id\":\"https:\\\/\\\/radioljubuski.ba\\\/#\\\/schema\\\/logo\\\/image\\\/\",\"url\":\"https:\\\/\\\/radioljubuski.ba\\\/wp-content\\\/uploads\\\/2021\\\/02\\\/cropped-Radio_Ljubuski_logo1.jpg\",\"contentUrl\":\"https:\\\/\\\/radioljubuski.ba\\\/wp-content\\\/uploads\\\/2021\\\/02\\\/cropped-Radio_Ljubuski_logo1.jpg\",\"width\":512,\"height\":512,\"caption\":\"Radio Ljubu\u0161ki\"},\"image\":{\"@id\":\"https:\\\/\\\/radioljubuski.ba\\\/#\\\/schema\\\/logo\\\/image\\\/\"},\"sameAs\":[\"https:\\\/\\\/www.facebook.com\\\/Radiio-Ljubuski-1490835324566332\",\"https:\\\/\\\/x.com\\\/radioljubuski\",\"https:\\\/\\\/hr.linkedin.com\\\/company\\\/radio-ljubuski\",\"https:\\\/\\\/www.youtube.com\\\/channel\\\/UCHYaeO_n0Db3tjNGudGpXyw\"]},{\"@type\":\"Person\",\"@id\":\"https:\\\/\\\/radioljubuski.ba\\\/#\\\/schema\\\/person\\\/19fc700381a780f69665d7956c469e3b\",\"name\":\"Radio Ljubu\u0161ki\"}]}<\/script>\n<!-- \/ Yoast SEO plugin. -->","yoast_head_json":{"title":"Predsjedni\u0161tvo HNS-a: Konstitutivnost naroda uz legitimno politi\u010dko predstavljanje je temeljna ustavna kategorija s kojom se ne mo\u017ee trgovati - RADIO LJUBU\u0160KI","robots":{"index":"index","follow":"follow","max-snippet":"max-snippet:-1","max-image-preview":"max-image-preview:large","max-video-preview":"max-video-preview:-1"},"canonical":"https:\/\/radioljubuski.ba\/index.php\/2021\/11\/05\/predsjednistvo-hns-a-konstitutivnost-naroda-uz-legitimno-politicko-predstavljanje-je-temeljna-ustavna-kategorija-s-kojom-se-ne-moze-trgovati\/","og_locale":"hr_HR","og_type":"article","og_title":"Predsjedni\u0161tvo HNS-a: Konstitutivnost naroda uz legitimno politi\u010dko predstavljanje je temeljna ustavna kategorija s kojom se ne mo\u017ee trgovati - RADIO LJUBU\u0160KI","og_description":"U Mostaru je odr\u017eana 26. redovita sjednica Predsjedni\u0161tva Hrvatskog narodnog sabora. \u010clanovi Predsjedni\u0161tva su razgovarali o aktualnom stanju u BiH, aspektu trenutne krize i nefunkcioniranja vi\u0161ih razina vlasti kao i o izmjenama Izbornog zakona i ograni\u010denim ustavnim promjenama. Razgovaralo se o izvje\u0161\u0107u visokog predstavnika te o postizanju kona\u010dnog dogovora koji bi stabilizirao prilike i unutarnje [&hellip;]","og_url":"https:\/\/radioljubuski.ba\/index.php\/2021\/11\/05\/predsjednistvo-hns-a-konstitutivnost-naroda-uz-legitimno-politicko-predstavljanje-je-temeljna-ustavna-kategorija-s-kojom-se-ne-moze-trgovati\/","og_site_name":"RADIO LJUBU\u0160KI","article_publisher":"https:\/\/www.facebook.com\/Radiio-Ljubuski-1490835324566332","article_published_time":"2021-11-05T13:55:25+00:00","article_modified_time":"2021-11-07T00:37:59+00:00","og_image":[{"width":1000,"height":625,"url":"https:\/\/radioljubuski.ba\/wp-content\/uploads\/2021\/11\/2-2021-11-05-12-19-14-hns2.jpg","type":"image\/jpeg"}],"author":"Radio Ljubu\u0161ki","twitter_card":"summary_large_image","twitter_creator":"@radioljubuski","twitter_site":"@radioljubuski","twitter_misc":{"Napisao\/la":"Radio Ljubu\u0161ki","Procijenjeno vrijeme \u010ditanja":"2 minute"},"schema":{"@context":"https:\/\/schema.org","@graph":[{"@type":"Article","@id":"https:\/\/radioljubuski.ba\/index.php\/2021\/11\/05\/predsjednistvo-hns-a-konstitutivnost-naroda-uz-legitimno-politicko-predstavljanje-je-temeljna-ustavna-kategorija-s-kojom-se-ne-moze-trgovati\/#article","isPartOf":{"@id":"https:\/\/radioljubuski.ba\/index.php\/2021\/11\/05\/predsjednistvo-hns-a-konstitutivnost-naroda-uz-legitimno-politicko-predstavljanje-je-temeljna-ustavna-kategorija-s-kojom-se-ne-moze-trgovati\/"},"author":{"name":"Radio Ljubu\u0161ki","@id":"https:\/\/radioljubuski.ba\/#\/schema\/person\/19fc700381a780f69665d7956c469e3b"},"headline":"Predsjedni\u0161tvo HNS-a: Konstitutivnost naroda uz legitimno politi\u010dko predstavljanje je temeljna ustavna kategorija s kojom se ne mo\u017ee trgovati","datePublished":"2021-11-05T13:55:25+00:00","dateModified":"2021-11-07T00:37:59+00:00","mainEntityOfPage":{"@id":"https:\/\/radioljubuski.ba\/index.php\/2021\/11\/05\/predsjednistvo-hns-a-konstitutivnost-naroda-uz-legitimno-politicko-predstavljanje-je-temeljna-ustavna-kategorija-s-kojom-se-ne-moze-trgovati\/"},"wordCount":280,"publisher":{"@id":"https:\/\/radioljubuski.ba\/#organization"},"image":{"@id":"https:\/\/radioljubuski.ba\/index.php\/2021\/11\/05\/predsjednistvo-hns-a-konstitutivnost-naroda-uz-legitimno-politicko-predstavljanje-je-temeljna-ustavna-kategorija-s-kojom-se-ne-moze-trgovati\/#primaryimage"},"thumbnailUrl":"https:\/\/radioljubuski.ba\/wp-content\/uploads\/2021\/11\/2-2021-11-05-12-19-14-hns2.jpg","articleSection":["BIH i regija"],"inLanguage":"hr"},{"@type":"WebPage","@id":"https:\/\/radioljubuski.ba\/index.php\/2021\/11\/05\/predsjednistvo-hns-a-konstitutivnost-naroda-uz-legitimno-politicko-predstavljanje-je-temeljna-ustavna-kategorija-s-kojom-se-ne-moze-trgovati\/","url":"https:\/\/radioljubuski.ba\/index.php\/2021\/11\/05\/predsjednistvo-hns-a-konstitutivnost-naroda-uz-legitimno-politicko-predstavljanje-je-temeljna-ustavna-kategorija-s-kojom-se-ne-moze-trgovati\/","name":"Predsjedni\u0161tvo HNS-a: Konstitutivnost naroda uz legitimno politi\u010dko predstavljanje je temeljna ustavna kategorija s kojom se ne mo\u017ee trgovati - RADIO LJUBU\u0160KI","isPartOf":{"@id":"https:\/\/radioljubuski.ba\/#website"},"primaryImageOfPage":{"@id":"https:\/\/radioljubuski.ba\/index.php\/2021\/11\/05\/predsjednistvo-hns-a-konstitutivnost-naroda-uz-legitimno-politicko-predstavljanje-je-temeljna-ustavna-kategorija-s-kojom-se-ne-moze-trgovati\/#primaryimage"},"image":{"@id":"https:\/\/radioljubuski.ba\/index.php\/2021\/11\/05\/predsjednistvo-hns-a-konstitutivnost-naroda-uz-legitimno-politicko-predstavljanje-je-temeljna-ustavna-kategorija-s-kojom-se-ne-moze-trgovati\/#primaryimage"},"thumbnailUrl":"https:\/\/radioljubuski.ba\/wp-content\/uploads\/2021\/11\/2-2021-11-05-12-19-14-hns2.jpg","datePublished":"2021-11-05T13:55:25+00:00","dateModified":"2021-11-07T00:37:59+00:00","breadcrumb":{"@id":"https:\/\/radioljubuski.ba\/index.php\/2021\/11\/05\/predsjednistvo-hns-a-konstitutivnost-naroda-uz-legitimno-politicko-predstavljanje-je-temeljna-ustavna-kategorija-s-kojom-se-ne-moze-trgovati\/#breadcrumb"},"inLanguage":"hr","potentialAction":[{"@type":"ReadAction","target":["https:\/\/radioljubuski.ba\/index.php\/2021\/11\/05\/predsjednistvo-hns-a-konstitutivnost-naroda-uz-legitimno-politicko-predstavljanje-je-temeljna-ustavna-kategorija-s-kojom-se-ne-moze-trgovati\/"]}]},{"@type":"ImageObject","inLanguage":"hr","@id":"https:\/\/radioljubuski.ba\/index.php\/2021\/11\/05\/predsjednistvo-hns-a-konstitutivnost-naroda-uz-legitimno-politicko-predstavljanje-je-temeljna-ustavna-kategorija-s-kojom-se-ne-moze-trgovati\/#primaryimage","url":"https:\/\/radioljubuski.ba\/wp-content\/uploads\/2021\/11\/2-2021-11-05-12-19-14-hns2.jpg","contentUrl":"https:\/\/radioljubuski.ba\/wp-content\/uploads\/2021\/11\/2-2021-11-05-12-19-14-hns2.jpg","width":1000,"height":625},{"@type":"BreadcrumbList","@id":"https:\/\/radioljubuski.ba\/index.php\/2021\/11\/05\/predsjednistvo-hns-a-konstitutivnost-naroda-uz-legitimno-politicko-predstavljanje-je-temeljna-ustavna-kategorija-s-kojom-se-ne-moze-trgovati\/#breadcrumb","itemListElement":[{"@type":"ListItem","position":1,"name":"Po\u010detna stranica","item":"https:\/\/radioljubuski.ba\/"},{"@type":"ListItem","position":2,"name":"Predsjedni\u0161tvo HNS-a: Konstitutivnost naroda uz legitimno politi\u010dko predstavljanje je temeljna ustavna kategorija s kojom se ne mo\u017ee trgovati"}]},{"@type":"WebSite","@id":"https:\/\/radioljubuski.ba\/#website","url":"https:\/\/radioljubuski.ba\/","name":"Radio Ljubu\u0161ki","description":"Sun\u010dana frekvencija Hercegovine","publisher":{"@id":"https:\/\/radioljubuski.ba\/#organization"},"potentialAction":[{"@type":"SearchAction","target":{"@type":"EntryPoint","urlTemplate":"https:\/\/radioljubuski.ba\/?s={search_term_string}"},"query-input":{"@type":"PropertyValueSpecification","valueRequired":true,"valueName":"search_term_string"}}],"inLanguage":"hr"},{"@type":"Organization","@id":"https:\/\/radioljubuski.ba\/#organization","name":"Radio Ljubu\u0161ki","url":"https:\/\/radioljubuski.ba\/","logo":{"@type":"ImageObject","inLanguage":"hr","@id":"https:\/\/radioljubuski.ba\/#\/schema\/logo\/image\/","url":"https:\/\/radioljubuski.ba\/wp-content\/uploads\/2021\/02\/cropped-Radio_Ljubuski_logo1.jpg","contentUrl":"https:\/\/radioljubuski.ba\/wp-content\/uploads\/2021\/02\/cropped-Radio_Ljubuski_logo1.jpg","width":512,"height":512,"caption":"Radio Ljubu\u0161ki"},"image":{"@id":"https:\/\/radioljubuski.ba\/#\/schema\/logo\/image\/"},"sameAs":["https:\/\/www.facebook.com\/Radiio-Ljubuski-1490835324566332","https:\/\/x.com\/radioljubuski","https:\/\/hr.linkedin.com\/company\/radio-ljubuski","https:\/\/www.youtube.com\/channel\/UCHYaeO_n0Db3tjNGudGpXyw"]},{"@type":"Person","@id":"https:\/\/radioljubuski.ba\/#\/schema\/person\/19fc700381a780f69665d7956c469e3b","name":"Radio Ljubu\u0161ki"}]}},"_links":{"self":[{"href":"https:\/\/radioljubuski.ba\/index.php\/wp-json\/wp\/v2\/posts\/85326","targetHints":{"allow":["GET"]}}],"collection":[{"href":"https:\/\/radioljubuski.ba\/index.php\/wp-json\/wp\/v2\/posts"}],"about":[{"href":"https:\/\/radioljubuski.ba\/index.php\/wp-json\/wp\/v2\/types\/post"}],"author":[{"embeddable":true,"href":"https:\/\/radioljubuski.ba\/index.php\/wp-json\/wp\/v2\/users\/2"}],"replies":[{"embeddable":true,"href":"https:\/\/radioljubuski.ba\/index.php\/wp-json\/wp\/v2\/comments?post=85326"}],"version-history":[{"count":1,"href":"https:\/\/radioljubuski.ba\/index.php\/wp-json\/wp\/v2\/posts\/85326\/revisions"}],"predecessor-version":[{"id":85328,"href":"https:\/\/radioljubuski.ba\/index.php\/wp-json\/wp\/v2\/posts\/85326\/revisions\/85328"}],"wp:featuredmedia":[{"embeddable":true,"href":"https:\/\/radioljubuski.ba\/index.php\/wp-json\/wp\/v2\/media\/85327"}],"wp:attachment":[{"href":"https:\/\/radioljubuski.ba\/index.php\/wp-json\/wp\/v2\/media?parent=85326"}],"wp:term":[{"taxonomy":"category","embeddable":true,"href":"https:\/\/radioljubuski.ba\/index.php\/wp-json\/wp\/v2\/categories?post=85326"},{"taxonomy":"post_tag","embeddable":true,"href":"https:\/\/radioljubuski.ba\/index.php\/wp-json\/wp\/v2\/tags?post=85326"}],"curies":[{"name":"wp","href":"https:\/\/api.w.org\/{rel}","templated":true}]}}