{"id":85329,"date":"2021-11-05T14:56:56","date_gmt":"2021-11-05T13:56:56","guid":{"rendered":"https:\/\/radioljubuski.ba\/?p=85329"},"modified":"2021-11-05T14:56:57","modified_gmt":"2021-11-05T13:56:57","slug":"vracara-skinula-banjalucaninu-zlatni-lanac-i-13-000-maraka","status":"publish","type":"post","link":"https:\/\/radioljubuski.ba\/index.php\/2021\/11\/05\/vracara-skinula-banjalucaninu-zlatni-lanac-i-13-000-maraka\/","title":{"rendered":"Vra\u010dara &#8220;skinula&#8221; Banjalu\u010daninu zlatni lanac i 13.000 maraka"},"content":{"rendered":"\n<p>Trideset\u010detvorogodi\u0161nji Banjalu\u010danin prijavio je policiji \u017eenu staru oko 65 godina koja mu je, kako je naveo, obe\u0107ala da \u0107e mu skinuti crnu magiju, te joj je dao zlatan lanac i oko 13.000 maraka, nakon \u010dega je pobjegla.<\/p>\n\n\n\n<p>&#8220;On je, kako je navedeno u prijavi, bio u jednom kafi\u0107u, a onda je do\u0161la ta \u017eena i zovnula ga da iza\u0111e ispred. Tu ga je uvjerila da mu gleda u dlan, a zatim mu je pogodila neke detalje. Rekla mu je da mu je ba\u010dena crna magija&#8221;, rekao je izvor &#8220;Nezavisnih novina&#8221;.<\/p>\n\n\n\n<p>Kada je &#8220;kupila&#8221; njegovo povjerenje, kako se dodaje u prijavi, misteriozna \u017eena mu je rekla da joj da zlatni lanac koji ima na sebi, te da joj donese sav novac koji ima kod ku\u0107e, kao i nekoliko svojih odijevnih predmeta, kako bi mu skinula navodno prokletstvo.<\/p>\n\n\n\n<p>&#8220;On je oti\u0161ao ku\u0107i i donio joj 13.000 KM, te dijelove garderobe i osobne stvari. Nakon toga mu je rekla da ode sam pje\u0161ke do hrama Krista Spasitelja, te da oko te bogomolje okru\u017ei tri puta, kako bi prokletstvo nestalo. Kada se vratio, nje vi\u0161e nije bilo ispred kafi\u0107a&#8221;, dodaje se u prijavi, a isti\u010de izvor &#8220;Nezavisnih&#8221;.<\/p>\n\n\n\n<p>Iz Policijske uprave Banja Luka potvrdili su da njihovi pripadnici poduzimaju sve nu\u017ene mjere i radnje na pronalasku osumnji\u010dene i rasvjetljavanju prevare.<\/p>\n\n\n\n<p>&#8220;Naime, o\u0161te\u0107eni je u \u010detvrtak nadle\u017enoj policijskoj postaji prijavio da je \u017eenskoj osobi starije \u017eivotne dobi, za usluge skidanja crne magije dao zlatni lan\u010di\u0107 i novac u iznosu od 13.000KM. Materijalna \u0161teta iznosi 13.500 KM&#8221;, naveli su iz policije.<\/p>\n\n\n\n<p>Izvor:nezavisne.com<\/p>\n","protected":false},"excerpt":{"rendered":"<p>Trideset\u010detvorogodi\u0161nji Banjalu\u010danin prijavio je policiji \u017eenu staru oko 65 godina koja mu je, kako je naveo, obe\u0107ala da \u0107e mu skinuti crnu magiju, te joj je dao zlatan lanac i oko 13.000 maraka, nakon \u010dega je pobjegla. &#8220;On je, kako je navedeno u prijavi, bio u jednom kafi\u0107u, a onda je do\u0161la ta \u017eena i [&hellip;]<\/p>\n","protected":false},"author":2,"featured_media":85330,"comment_status":"closed","ping_status":"closed","sticky":false,"template":"","format":"standard","meta":{"h5ap_radio_sources":[],"footnotes":""},"categories":[1],"tags":[],"class_list":["post-85329","post","type-post","status-publish","format-standard","has-post-thumbnail","hentry","category-bihiregija"],"yoast_head":"<!-- This site is optimized with the Yoast SEO plugin v27.5 - https:\/\/yoast.com\/product\/yoast-seo-wordpress\/ -->\n<title>Vra\u010dara &quot;skinula&quot; Banjalu\u010daninu zlatni lanac i 13.000 maraka - RADIO LJUBU\u0160KI<\/title>\n<meta name=\"robots\" content=\"index, follow, max-snippet:-1, max-image-preview:large, max-video-preview:-1\" \/>\n<link rel=\"canonical\" href=\"https:\/\/radioljubuski.ba\/index.php\/2021\/11\/05\/vracara-skinula-banjalucaninu-zlatni-lanac-i-13-000-maraka\/\" \/>\n<meta property=\"og:locale\" content=\"hr_HR\" \/>\n<meta property=\"og:type\" content=\"article\" \/>\n<meta property=\"og:title\" content=\"Vra\u010dara &quot;skinula&quot; Banjalu\u010daninu zlatni lanac i 13.000 maraka - RADIO LJUBU\u0160KI\" \/>\n<meta property=\"og:description\" content=\"Trideset\u010detvorogodi\u0161nji Banjalu\u010danin prijavio je policiji \u017eenu staru oko 65 godina koja mu je, kako je naveo, obe\u0107ala da \u0107e mu skinuti crnu magiju, te joj je dao zlatan lanac i oko 13.000 maraka, nakon \u010dega je pobjegla. &#8220;On je, kako je navedeno u prijavi, bio u jednom kafi\u0107u, a onda je do\u0161la ta \u017eena i [&hellip;]\" \/>\n<meta property=\"og:url\" content=\"https:\/\/radioljubuski.ba\/index.php\/2021\/11\/05\/vracara-skinula-banjalucaninu-zlatni-lanac-i-13-000-maraka\/\" \/>\n<meta property=\"og:site_name\" content=\"RADIO LJUBU\u0160KI\" \/>\n<meta property=\"article:publisher\" content=\"https:\/\/www.facebook.com\/Radiio-Ljubuski-1490835324566332\" \/>\n<meta property=\"article:published_time\" content=\"2021-11-05T13:56:56+00:00\" \/>\n<meta property=\"article:modified_time\" content=\"2021-11-05T13:56:57+00:00\" \/>\n<meta property=\"og:image\" content=\"https:\/\/radioljubuski.ba\/wp-content\/uploads\/2021\/11\/policija-rs.jpg\" \/>\n\t<meta property=\"og:image:width\" content=\"750\" \/>\n\t<meta property=\"og:image:height\" content=\"500\" \/>\n\t<meta property=\"og:image:type\" content=\"image\/jpeg\" \/>\n<meta name=\"author\" content=\"Radio Ljubu\u0161ki\" \/>\n<meta name=\"twitter:card\" content=\"summary_large_image\" \/>\n<meta name=\"twitter:creator\" content=\"@radioljubuski\" \/>\n<meta name=\"twitter:site\" content=\"@radioljubuski\" \/>\n<meta name=\"twitter:label1\" content=\"Napisao\/la\" \/>\n\t<meta name=\"twitter:data1\" content=\"Radio Ljubu\u0161ki\" \/>\n\t<meta name=\"twitter:label2\" content=\"Procijenjeno vrijeme \u010ditanja\" \/>\n\t<meta name=\"twitter:data2\" content=\"2 minute\" \/>\n<script type=\"application\/ld+json\" class=\"yoast-schema-graph\">{\"@context\":\"https:\\\/\\\/schema.org\",\"@graph\":[{\"@type\":\"Article\",\"@id\":\"https:\\\/\\\/radioljubuski.ba\\\/index.php\\\/2021\\\/11\\\/05\\\/vracara-skinula-banjalucaninu-zlatni-lanac-i-13-000-maraka\\\/#article\",\"isPartOf\":{\"@id\":\"https:\\\/\\\/radioljubuski.ba\\\/index.php\\\/2021\\\/11\\\/05\\\/vracara-skinula-banjalucaninu-zlatni-lanac-i-13-000-maraka\\\/\"},\"author\":{\"name\":\"Radio Ljubu\u0161ki\",\"@id\":\"https:\\\/\\\/radioljubuski.ba\\\/#\\\/schema\\\/person\\\/19fc700381a780f69665d7956c469e3b\"},\"headline\":\"Vra\u010dara &#8220;skinula&#8221; Banjalu\u010daninu zlatni lanac i 13.000 maraka\",\"datePublished\":\"2021-11-05T13:56:56+00:00\",\"dateModified\":\"2021-11-05T13:56:57+00:00\",\"mainEntityOfPage\":{\"@id\":\"https:\\\/\\\/radioljubuski.ba\\\/index.php\\\/2021\\\/11\\\/05\\\/vracara-skinula-banjalucaninu-zlatni-lanac-i-13-000-maraka\\\/\"},\"wordCount\":284,\"publisher\":{\"@id\":\"https:\\\/\\\/radioljubuski.ba\\\/#organization\"},\"image\":{\"@id\":\"https:\\\/\\\/radioljubuski.ba\\\/index.php\\\/2021\\\/11\\\/05\\\/vracara-skinula-banjalucaninu-zlatni-lanac-i-13-000-maraka\\\/#primaryimage\"},\"thumbnailUrl\":\"https:\\\/\\\/radioljubuski.ba\\\/wp-content\\\/uploads\\\/2021\\\/11\\\/policija-rs.jpg\",\"articleSection\":[\"BIH i regija\"],\"inLanguage\":\"hr\"},{\"@type\":\"WebPage\",\"@id\":\"https:\\\/\\\/radioljubuski.ba\\\/index.php\\\/2021\\\/11\\\/05\\\/vracara-skinula-banjalucaninu-zlatni-lanac-i-13-000-maraka\\\/\",\"url\":\"https:\\\/\\\/radioljubuski.ba\\\/index.php\\\/2021\\\/11\\\/05\\\/vracara-skinula-banjalucaninu-zlatni-lanac-i-13-000-maraka\\\/\",\"name\":\"Vra\u010dara \\\"skinula\\\" Banjalu\u010daninu zlatni lanac i 13.000 maraka - RADIO LJUBU\u0160KI\",\"isPartOf\":{\"@id\":\"https:\\\/\\\/radioljubuski.ba\\\/#website\"},\"primaryImageOfPage\":{\"@id\":\"https:\\\/\\\/radioljubuski.ba\\\/index.php\\\/2021\\\/11\\\/05\\\/vracara-skinula-banjalucaninu-zlatni-lanac-i-13-000-maraka\\\/#primaryimage\"},\"image\":{\"@id\":\"https:\\\/\\\/radioljubuski.ba\\\/index.php\\\/2021\\\/11\\\/05\\\/vracara-skinula-banjalucaninu-zlatni-lanac-i-13-000-maraka\\\/#primaryimage\"},\"thumbnailUrl\":\"https:\\\/\\\/radioljubuski.ba\\\/wp-content\\\/uploads\\\/2021\\\/11\\\/policija-rs.jpg\",\"datePublished\":\"2021-11-05T13:56:56+00:00\",\"dateModified\":\"2021-11-05T13:56:57+00:00\",\"breadcrumb\":{\"@id\":\"https:\\\/\\\/radioljubuski.ba\\\/index.php\\\/2021\\\/11\\\/05\\\/vracara-skinula-banjalucaninu-zlatni-lanac-i-13-000-maraka\\\/#breadcrumb\"},\"inLanguage\":\"hr\",\"potentialAction\":[{\"@type\":\"ReadAction\",\"target\":[\"https:\\\/\\\/radioljubuski.ba\\\/index.php\\\/2021\\\/11\\\/05\\\/vracara-skinula-banjalucaninu-zlatni-lanac-i-13-000-maraka\\\/\"]}]},{\"@type\":\"ImageObject\",\"inLanguage\":\"hr\",\"@id\":\"https:\\\/\\\/radioljubuski.ba\\\/index.php\\\/2021\\\/11\\\/05\\\/vracara-skinula-banjalucaninu-zlatni-lanac-i-13-000-maraka\\\/#primaryimage\",\"url\":\"https:\\\/\\\/radioljubuski.ba\\\/wp-content\\\/uploads\\\/2021\\\/11\\\/policija-rs.jpg\",\"contentUrl\":\"https:\\\/\\\/radioljubuski.ba\\\/wp-content\\\/uploads\\\/2021\\\/11\\\/policija-rs.jpg\",\"width\":750,\"height\":500},{\"@type\":\"BreadcrumbList\",\"@id\":\"https:\\\/\\\/radioljubuski.ba\\\/index.php\\\/2021\\\/11\\\/05\\\/vracara-skinula-banjalucaninu-zlatni-lanac-i-13-000-maraka\\\/#breadcrumb\",\"itemListElement\":[{\"@type\":\"ListItem\",\"position\":1,\"name\":\"Po\u010detna stranica\",\"item\":\"https:\\\/\\\/radioljubuski.ba\\\/\"},{\"@type\":\"ListItem\",\"position\":2,\"name\":\"Vra\u010dara &#8220;skinula&#8221; Banjalu\u010daninu zlatni lanac i 13.000 maraka\"}]},{\"@type\":\"WebSite\",\"@id\":\"https:\\\/\\\/radioljubuski.ba\\\/#website\",\"url\":\"https:\\\/\\\/radioljubuski.ba\\\/\",\"name\":\"Radio Ljubu\u0161ki\",\"description\":\"Sun\u010dana frekvencija Hercegovine\",\"publisher\":{\"@id\":\"https:\\\/\\\/radioljubuski.ba\\\/#organization\"},\"potentialAction\":[{\"@type\":\"SearchAction\",\"target\":{\"@type\":\"EntryPoint\",\"urlTemplate\":\"https:\\\/\\\/radioljubuski.ba\\\/?s={search_term_string}\"},\"query-input\":{\"@type\":\"PropertyValueSpecification\",\"valueRequired\":true,\"valueName\":\"search_term_string\"}}],\"inLanguage\":\"hr\"},{\"@type\":\"Organization\",\"@id\":\"https:\\\/\\\/radioljubuski.ba\\\/#organization\",\"name\":\"Radio Ljubu\u0161ki\",\"url\":\"https:\\\/\\\/radioljubuski.ba\\\/\",\"logo\":{\"@type\":\"ImageObject\",\"inLanguage\":\"hr\",\"@id\":\"https:\\\/\\\/radioljubuski.ba\\\/#\\\/schema\\\/logo\\\/image\\\/\",\"url\":\"https:\\\/\\\/radioljubuski.ba\\\/wp-content\\\/uploads\\\/2021\\\/02\\\/cropped-Radio_Ljubuski_logo1.jpg\",\"contentUrl\":\"https:\\\/\\\/radioljubuski.ba\\\/wp-content\\\/uploads\\\/2021\\\/02\\\/cropped-Radio_Ljubuski_logo1.jpg\",\"width\":512,\"height\":512,\"caption\":\"Radio Ljubu\u0161ki\"},\"image\":{\"@id\":\"https:\\\/\\\/radioljubuski.ba\\\/#\\\/schema\\\/logo\\\/image\\\/\"},\"sameAs\":[\"https:\\\/\\\/www.facebook.com\\\/Radiio-Ljubuski-1490835324566332\",\"https:\\\/\\\/x.com\\\/radioljubuski\",\"https:\\\/\\\/hr.linkedin.com\\\/company\\\/radio-ljubuski\",\"https:\\\/\\\/www.youtube.com\\\/channel\\\/UCHYaeO_n0Db3tjNGudGpXyw\"]},{\"@type\":\"Person\",\"@id\":\"https:\\\/\\\/radioljubuski.ba\\\/#\\\/schema\\\/person\\\/19fc700381a780f69665d7956c469e3b\",\"name\":\"Radio Ljubu\u0161ki\"}]}<\/script>\n<!-- \/ Yoast SEO plugin. -->","yoast_head_json":{"title":"Vra\u010dara \"skinula\" Banjalu\u010daninu zlatni lanac i 13.000 maraka - RADIO LJUBU\u0160KI","robots":{"index":"index","follow":"follow","max-snippet":"max-snippet:-1","max-image-preview":"max-image-preview:large","max-video-preview":"max-video-preview:-1"},"canonical":"https:\/\/radioljubuski.ba\/index.php\/2021\/11\/05\/vracara-skinula-banjalucaninu-zlatni-lanac-i-13-000-maraka\/","og_locale":"hr_HR","og_type":"article","og_title":"Vra\u010dara \"skinula\" Banjalu\u010daninu zlatni lanac i 13.000 maraka - RADIO LJUBU\u0160KI","og_description":"Trideset\u010detvorogodi\u0161nji Banjalu\u010danin prijavio je policiji \u017eenu staru oko 65 godina koja mu je, kako je naveo, obe\u0107ala da \u0107e mu skinuti crnu magiju, te joj je dao zlatan lanac i oko 13.000 maraka, nakon \u010dega je pobjegla. &#8220;On je, kako je navedeno u prijavi, bio u jednom kafi\u0107u, a onda je do\u0161la ta \u017eena i [&hellip;]","og_url":"https:\/\/radioljubuski.ba\/index.php\/2021\/11\/05\/vracara-skinula-banjalucaninu-zlatni-lanac-i-13-000-maraka\/","og_site_name":"RADIO LJUBU\u0160KI","article_publisher":"https:\/\/www.facebook.com\/Radiio-Ljubuski-1490835324566332","article_published_time":"2021-11-05T13:56:56+00:00","article_modified_time":"2021-11-05T13:56:57+00:00","og_image":[{"width":750,"height":500,"url":"https:\/\/radioljubuski.ba\/wp-content\/uploads\/2021\/11\/policija-rs.jpg","type":"image\/jpeg"}],"author":"Radio Ljubu\u0161ki","twitter_card":"summary_large_image","twitter_creator":"@radioljubuski","twitter_site":"@radioljubuski","twitter_misc":{"Napisao\/la":"Radio Ljubu\u0161ki","Procijenjeno vrijeme \u010ditanja":"2 minute"},"schema":{"@context":"https:\/\/schema.org","@graph":[{"@type":"Article","@id":"https:\/\/radioljubuski.ba\/index.php\/2021\/11\/05\/vracara-skinula-banjalucaninu-zlatni-lanac-i-13-000-maraka\/#article","isPartOf":{"@id":"https:\/\/radioljubuski.ba\/index.php\/2021\/11\/05\/vracara-skinula-banjalucaninu-zlatni-lanac-i-13-000-maraka\/"},"author":{"name":"Radio Ljubu\u0161ki","@id":"https:\/\/radioljubuski.ba\/#\/schema\/person\/19fc700381a780f69665d7956c469e3b"},"headline":"Vra\u010dara &#8220;skinula&#8221; Banjalu\u010daninu zlatni lanac i 13.000 maraka","datePublished":"2021-11-05T13:56:56+00:00","dateModified":"2021-11-05T13:56:57+00:00","mainEntityOfPage":{"@id":"https:\/\/radioljubuski.ba\/index.php\/2021\/11\/05\/vracara-skinula-banjalucaninu-zlatni-lanac-i-13-000-maraka\/"},"wordCount":284,"publisher":{"@id":"https:\/\/radioljubuski.ba\/#organization"},"image":{"@id":"https:\/\/radioljubuski.ba\/index.php\/2021\/11\/05\/vracara-skinula-banjalucaninu-zlatni-lanac-i-13-000-maraka\/#primaryimage"},"thumbnailUrl":"https:\/\/radioljubuski.ba\/wp-content\/uploads\/2021\/11\/policija-rs.jpg","articleSection":["BIH i regija"],"inLanguage":"hr"},{"@type":"WebPage","@id":"https:\/\/radioljubuski.ba\/index.php\/2021\/11\/05\/vracara-skinula-banjalucaninu-zlatni-lanac-i-13-000-maraka\/","url":"https:\/\/radioljubuski.ba\/index.php\/2021\/11\/05\/vracara-skinula-banjalucaninu-zlatni-lanac-i-13-000-maraka\/","name":"Vra\u010dara \"skinula\" Banjalu\u010daninu zlatni lanac i 13.000 maraka - RADIO LJUBU\u0160KI","isPartOf":{"@id":"https:\/\/radioljubuski.ba\/#website"},"primaryImageOfPage":{"@id":"https:\/\/radioljubuski.ba\/index.php\/2021\/11\/05\/vracara-skinula-banjalucaninu-zlatni-lanac-i-13-000-maraka\/#primaryimage"},"image":{"@id":"https:\/\/radioljubuski.ba\/index.php\/2021\/11\/05\/vracara-skinula-banjalucaninu-zlatni-lanac-i-13-000-maraka\/#primaryimage"},"thumbnailUrl":"https:\/\/radioljubuski.ba\/wp-content\/uploads\/2021\/11\/policija-rs.jpg","datePublished":"2021-11-05T13:56:56+00:00","dateModified":"2021-11-05T13:56:57+00:00","breadcrumb":{"@id":"https:\/\/radioljubuski.ba\/index.php\/2021\/11\/05\/vracara-skinula-banjalucaninu-zlatni-lanac-i-13-000-maraka\/#breadcrumb"},"inLanguage":"hr","potentialAction":[{"@type":"ReadAction","target":["https:\/\/radioljubuski.ba\/index.php\/2021\/11\/05\/vracara-skinula-banjalucaninu-zlatni-lanac-i-13-000-maraka\/"]}]},{"@type":"ImageObject","inLanguage":"hr","@id":"https:\/\/radioljubuski.ba\/index.php\/2021\/11\/05\/vracara-skinula-banjalucaninu-zlatni-lanac-i-13-000-maraka\/#primaryimage","url":"https:\/\/radioljubuski.ba\/wp-content\/uploads\/2021\/11\/policija-rs.jpg","contentUrl":"https:\/\/radioljubuski.ba\/wp-content\/uploads\/2021\/11\/policija-rs.jpg","width":750,"height":500},{"@type":"BreadcrumbList","@id":"https:\/\/radioljubuski.ba\/index.php\/2021\/11\/05\/vracara-skinula-banjalucaninu-zlatni-lanac-i-13-000-maraka\/#breadcrumb","itemListElement":[{"@type":"ListItem","position":1,"name":"Po\u010detna stranica","item":"https:\/\/radioljubuski.ba\/"},{"@type":"ListItem","position":2,"name":"Vra\u010dara &#8220;skinula&#8221; Banjalu\u010daninu zlatni lanac i 13.000 maraka"}]},{"@type":"WebSite","@id":"https:\/\/radioljubuski.ba\/#website","url":"https:\/\/radioljubuski.ba\/","name":"Radio Ljubu\u0161ki","description":"Sun\u010dana frekvencija Hercegovine","publisher":{"@id":"https:\/\/radioljubuski.ba\/#organization"},"potentialAction":[{"@type":"SearchAction","target":{"@type":"EntryPoint","urlTemplate":"https:\/\/radioljubuski.ba\/?s={search_term_string}"},"query-input":{"@type":"PropertyValueSpecification","valueRequired":true,"valueName":"search_term_string"}}],"inLanguage":"hr"},{"@type":"Organization","@id":"https:\/\/radioljubuski.ba\/#organization","name":"Radio Ljubu\u0161ki","url":"https:\/\/radioljubuski.ba\/","logo":{"@type":"ImageObject","inLanguage":"hr","@id":"https:\/\/radioljubuski.ba\/#\/schema\/logo\/image\/","url":"https:\/\/radioljubuski.ba\/wp-content\/uploads\/2021\/02\/cropped-Radio_Ljubuski_logo1.jpg","contentUrl":"https:\/\/radioljubuski.ba\/wp-content\/uploads\/2021\/02\/cropped-Radio_Ljubuski_logo1.jpg","width":512,"height":512,"caption":"Radio Ljubu\u0161ki"},"image":{"@id":"https:\/\/radioljubuski.ba\/#\/schema\/logo\/image\/"},"sameAs":["https:\/\/www.facebook.com\/Radiio-Ljubuski-1490835324566332","https:\/\/x.com\/radioljubuski","https:\/\/hr.linkedin.com\/company\/radio-ljubuski","https:\/\/www.youtube.com\/channel\/UCHYaeO_n0Db3tjNGudGpXyw"]},{"@type":"Person","@id":"https:\/\/radioljubuski.ba\/#\/schema\/person\/19fc700381a780f69665d7956c469e3b","name":"Radio Ljubu\u0161ki"}]}},"_links":{"self":[{"href":"https:\/\/radioljubuski.ba\/index.php\/wp-json\/wp\/v2\/posts\/85329","targetHints":{"allow":["GET"]}}],"collection":[{"href":"https:\/\/radioljubuski.ba\/index.php\/wp-json\/wp\/v2\/posts"}],"about":[{"href":"https:\/\/radioljubuski.ba\/index.php\/wp-json\/wp\/v2\/types\/post"}],"author":[{"embeddable":true,"href":"https:\/\/radioljubuski.ba\/index.php\/wp-json\/wp\/v2\/users\/2"}],"replies":[{"embeddable":true,"href":"https:\/\/radioljubuski.ba\/index.php\/wp-json\/wp\/v2\/comments?post=85329"}],"version-history":[{"count":1,"href":"https:\/\/radioljubuski.ba\/index.php\/wp-json\/wp\/v2\/posts\/85329\/revisions"}],"predecessor-version":[{"id":85331,"href":"https:\/\/radioljubuski.ba\/index.php\/wp-json\/wp\/v2\/posts\/85329\/revisions\/85331"}],"wp:featuredmedia":[{"embeddable":true,"href":"https:\/\/radioljubuski.ba\/index.php\/wp-json\/wp\/v2\/media\/85330"}],"wp:attachment":[{"href":"https:\/\/radioljubuski.ba\/index.php\/wp-json\/wp\/v2\/media?parent=85329"}],"wp:term":[{"taxonomy":"category","embeddable":true,"href":"https:\/\/radioljubuski.ba\/index.php\/wp-json\/wp\/v2\/categories?post=85329"},{"taxonomy":"post_tag","embeddable":true,"href":"https:\/\/radioljubuski.ba\/index.php\/wp-json\/wp\/v2\/tags?post=85329"}],"curies":[{"name":"wp","href":"https:\/\/api.w.org\/{rel}","templated":true}]}}