{"id":85335,"date":"2021-11-05T14:59:17","date_gmt":"2021-11-05T13:59:17","guid":{"rendered":"https:\/\/radioljubuski.ba\/?p=85335"},"modified":"2021-11-05T14:59:18","modified_gmt":"2021-11-05T13:59:18","slug":"vodostaj-rijeke-neretve-najveci-u-dosadasnjim-mjerenjima-aktivirana-klizista","status":"publish","type":"post","link":"https:\/\/radioljubuski.ba\/index.php\/2021\/11\/05\/vodostaj-rijeke-neretve-najveci-u-dosadasnjim-mjerenjima-aktivirana-klizista\/","title":{"rendered":"Vodostaj rijeke Neretve najve\u0107i u dosada\u0161njim mjerenjima, aktivirana klizi\u0161ta"},"content":{"rendered":"\n<p>Vodostaj na brani hidroelektrane Modrac jutros je bio 196,55 m.n.m., (to\u010dka preljeva je 200 m.n.m.) i odnosu na mjerenje ju\u010der razina je vi\u0161a za \u010detiri centimetra, stoji u redovnom izvje\u0161taju Federalne uprave civilne za\u0161tite.<\/p>\n\n\n\n<p>Vodostaj rijeke Neretve na mjernoj stanici Glavati\u010devo u 01.30 sati iznosio je 514 cm, \u0161to je najve\u0107i vodostaj u dosada\u0161njim mjerenjima, dok je vodostaj rijeke Neretve na mjernoj stanici Konjic u \u010detiri sata iznosio je 530 cm, \u0161to je najve\u0107i vodostaj zabilje\u017een u dosada\u0161njim mjerenjima.<\/p>\n\n\n\n<p>Rijeka Neretva se izlila u Konjicu na lokacijama Tu\u0161\u0107ica, Ora\u0161je i u centru grada ispod novog mosta. Od 02.15 sati u prekidu je regionalni put R-435 Konjic-Glavati\u010devo u naselju Tu\u0161\u0107ica. Djelatnici civilne za\u0161tite i vatrogasci cijelu no\u0107 su pratili vodostaje rijeka i radili na otklanjanju posljedica od poplava.<\/p>\n\n\n\n<p>U 04.40 sati MUP je obavijestio mje\u0161tane sela Hotovlje da je usljed obilnih ki\u0161nih padavina u selu do\u0161lo do aktiviranja klizi\u0161ta koje ugro\u017eava obiteljske ku\u0107e. Mje\u0161tani su smje\u0161teni u lokalnu d\u017eamiju. Selo je ostalo i bez napajanja elektri\u010dnom energijom. Ote\u017eano je prometovanje magistralnom cestom Konjic-Mostar.<\/p>\n\n\n\n<p>Tijekom dana zabilje\u017een udar groma u repetitor BH Telecoma koji se nalazi na ulazi u industrijsku zonu Igman koji je uzrokovao prestanak rada interneta u poslovnim zgradama na toj lokaciji.<\/p>\n\n\n\n<p>Tako\u0111er rijeka Ba\u0161tica izlila iz korita u selima Idbar i \u010celebi\u0107i te uzrokovala probleme ribnjacima i dijelu obiteljskih ku\u0107a, kao i eko sela \u201eRaj u raju\u201c. Nemaju informacije o pri\u010dinjenoj materijalnoj \u0161teti.<\/p>\n\n\n\n<p>Velike ki\u0161ne padavine koje su zahvatile podru\u010dje op\u0107ine Jablanica pri\u010dinile su veliku materijalnu \u0161tetu na stambenim i poslovnim objektima i putnoj infrastrukturi na cijelom podru\u010dju op\u0107ine.<\/p>\n\n\n\n<p>Od ranih jutarnjih sati \u010di\u0161\u0107ena su novonastala klizi\u0161ta na magistralnom putu M 17.5 (Jablanica-Risovac-Posu\u0161je), zbog kojih je put bio neprohodan do popodnevnih sati.<\/p>\n\n\n\n<p>Uspostavljen je promet na tom putnom pravcu, ali se i dalje voza\u010dima preporu\u010duje na oprez, radi mogu\u0107ih odrona i nastanka novih klizi\u0161ta. Pokrenuto je nekoliko novih klizi\u0161ta na lokalnom putu za \u010civelj, kao i ostalim lokalnim putevima.<\/p>\n\n\n\n<p>Tijekom dana nekoliko objekata je bilo ugro\u017eeno od buji\u010dnih potoka. U cilju za\u0161tite stambenih i drugih objekata, anga\u017eirana je sva raspolo\u017eiva mehanizacija. Uslijed jakih udara vjetra pri\u010dinjena je ve\u0107a materijalna \u0161teta na plastenicima, kao i krovovima stambenih i poslovnih objekata.<\/p>\n\n\n\n<p>Odr\u017eana je i sjednica Op\u0107inskog sto\u017eera civilne za\u0161tite, te donesen zaklju\u010dak da se kontinuirano prati situacija na terenu, te poduzimaju odgovaraju\u0107e mjere u cilju spa\u0161avanja ljudi i materijalnih dobara do stabilizacije stanja na terenu.<\/p>\n\n\n\n<p>Od jutros su sve putne komunikacije na podru\u010dju op\u0107ine Jablanica prohodne uz ote\u017eano kretanje i odrona na putevima poslije ju\u010dera\u0161njeg nevremena, koji su uzrokovali ve\u0107i broj odrona na magistralnim, regionalnim i lokalnim putevima.<\/p>\n\n\n\n<p>Izvor:pogled.ba<\/p>\n","protected":false},"excerpt":{"rendered":"<p>Vodostaj na brani hidroelektrane Modrac jutros je bio 196,55 m.n.m., (to\u010dka preljeva je 200 m.n.m.) i odnosu na mjerenje ju\u010der razina je vi\u0161a za \u010detiri centimetra, stoji u redovnom izvje\u0161taju Federalne uprave civilne za\u0161tite. Vodostaj rijeke Neretve na mjernoj stanici Glavati\u010devo u 01.30 sati iznosio je 514 cm, \u0161to je najve\u0107i vodostaj u dosada\u0161njim mjerenjima, [&hellip;]<\/p>\n","protected":false},"author":2,"featured_media":85336,"comment_status":"closed","ping_status":"closed","sticky":false,"template":"","format":"standard","meta":{"h5ap_radio_sources":[],"footnotes":""},"categories":[1],"tags":[],"class_list":["post-85335","post","type-post","status-publish","format-standard","has-post-thumbnail","hentry","category-bihiregija"],"yoast_head":"<!-- This site is optimized with the Yoast SEO plugin v27.5 - https:\/\/yoast.com\/product\/yoast-seo-wordpress\/ -->\n<title>Vodostaj rijeke Neretve najve\u0107i u dosada\u0161njim mjerenjima, aktivirana klizi\u0161ta - RADIO LJUBU\u0160KI<\/title>\n<meta name=\"robots\" content=\"index, follow, max-snippet:-1, max-image-preview:large, max-video-preview:-1\" \/>\n<link rel=\"canonical\" href=\"https:\/\/radioljubuski.ba\/index.php\/2021\/11\/05\/vodostaj-rijeke-neretve-najveci-u-dosadasnjim-mjerenjima-aktivirana-klizista\/\" \/>\n<meta property=\"og:locale\" content=\"hr_HR\" \/>\n<meta property=\"og:type\" content=\"article\" \/>\n<meta property=\"og:title\" content=\"Vodostaj rijeke Neretve najve\u0107i u dosada\u0161njim mjerenjima, aktivirana klizi\u0161ta - RADIO LJUBU\u0160KI\" \/>\n<meta property=\"og:description\" content=\"Vodostaj na brani hidroelektrane Modrac jutros je bio 196,55 m.n.m., (to\u010dka preljeva je 200 m.n.m.) i odnosu na mjerenje ju\u010der razina je vi\u0161a za \u010detiri centimetra, stoji u redovnom izvje\u0161taju Federalne uprave civilne za\u0161tite. Vodostaj rijeke Neretve na mjernoj stanici Glavati\u010devo u 01.30 sati iznosio je 514 cm, \u0161to je najve\u0107i vodostaj u dosada\u0161njim mjerenjima, [&hellip;]\" \/>\n<meta property=\"og:url\" content=\"https:\/\/radioljubuski.ba\/index.php\/2021\/11\/05\/vodostaj-rijeke-neretve-najveci-u-dosadasnjim-mjerenjima-aktivirana-klizista\/\" \/>\n<meta property=\"og:site_name\" content=\"RADIO LJUBU\u0160KI\" \/>\n<meta property=\"article:publisher\" content=\"https:\/\/www.facebook.com\/Radiio-Ljubuski-1490835324566332\" \/>\n<meta property=\"article:published_time\" content=\"2021-11-05T13:59:17+00:00\" \/>\n<meta property=\"article:modified_time\" content=\"2021-11-05T13:59:18+00:00\" \/>\n<meta property=\"og:image\" content=\"https:\/\/radioljubuski.ba\/wp-content\/uploads\/2021\/11\/8-2021-11-05-07-32-08-jablanica_doljani_odroni_facebook.jpg\" \/>\n\t<meta property=\"og:image:width\" content=\"1000\" \/>\n\t<meta property=\"og:image:height\" content=\"625\" \/>\n\t<meta property=\"og:image:type\" content=\"image\/jpeg\" \/>\n<meta name=\"author\" content=\"Radio Ljubu\u0161ki\" \/>\n<meta name=\"twitter:card\" content=\"summary_large_image\" \/>\n<meta name=\"twitter:creator\" content=\"@radioljubuski\" \/>\n<meta name=\"twitter:site\" content=\"@radioljubuski\" \/>\n<meta name=\"twitter:label1\" content=\"Napisao\/la\" \/>\n\t<meta name=\"twitter:data1\" content=\"Radio Ljubu\u0161ki\" \/>\n\t<meta name=\"twitter:label2\" content=\"Procijenjeno vrijeme \u010ditanja\" \/>\n\t<meta name=\"twitter:data2\" content=\"2 minute\" \/>\n<script type=\"application\/ld+json\" class=\"yoast-schema-graph\">{\"@context\":\"https:\\\/\\\/schema.org\",\"@graph\":[{\"@type\":\"Article\",\"@id\":\"https:\\\/\\\/radioljubuski.ba\\\/index.php\\\/2021\\\/11\\\/05\\\/vodostaj-rijeke-neretve-najveci-u-dosadasnjim-mjerenjima-aktivirana-klizista\\\/#article\",\"isPartOf\":{\"@id\":\"https:\\\/\\\/radioljubuski.ba\\\/index.php\\\/2021\\\/11\\\/05\\\/vodostaj-rijeke-neretve-najveci-u-dosadasnjim-mjerenjima-aktivirana-klizista\\\/\"},\"author\":{\"name\":\"Radio Ljubu\u0161ki\",\"@id\":\"https:\\\/\\\/radioljubuski.ba\\\/#\\\/schema\\\/person\\\/19fc700381a780f69665d7956c469e3b\"},\"headline\":\"Vodostaj rijeke Neretve najve\u0107i u dosada\u0161njim mjerenjima, aktivirana klizi\u0161ta\",\"datePublished\":\"2021-11-05T13:59:17+00:00\",\"dateModified\":\"2021-11-05T13:59:18+00:00\",\"mainEntityOfPage\":{\"@id\":\"https:\\\/\\\/radioljubuski.ba\\\/index.php\\\/2021\\\/11\\\/05\\\/vodostaj-rijeke-neretve-najveci-u-dosadasnjim-mjerenjima-aktivirana-klizista\\\/\"},\"wordCount\":505,\"publisher\":{\"@id\":\"https:\\\/\\\/radioljubuski.ba\\\/#organization\"},\"image\":{\"@id\":\"https:\\\/\\\/radioljubuski.ba\\\/index.php\\\/2021\\\/11\\\/05\\\/vodostaj-rijeke-neretve-najveci-u-dosadasnjim-mjerenjima-aktivirana-klizista\\\/#primaryimage\"},\"thumbnailUrl\":\"https:\\\/\\\/radioljubuski.ba\\\/wp-content\\\/uploads\\\/2021\\\/11\\\/8-2021-11-05-07-32-08-jablanica_doljani_odroni_facebook.jpg\",\"articleSection\":[\"BIH i regija\"],\"inLanguage\":\"hr\"},{\"@type\":\"WebPage\",\"@id\":\"https:\\\/\\\/radioljubuski.ba\\\/index.php\\\/2021\\\/11\\\/05\\\/vodostaj-rijeke-neretve-najveci-u-dosadasnjim-mjerenjima-aktivirana-klizista\\\/\",\"url\":\"https:\\\/\\\/radioljubuski.ba\\\/index.php\\\/2021\\\/11\\\/05\\\/vodostaj-rijeke-neretve-najveci-u-dosadasnjim-mjerenjima-aktivirana-klizista\\\/\",\"name\":\"Vodostaj rijeke Neretve najve\u0107i u dosada\u0161njim mjerenjima, aktivirana klizi\u0161ta - RADIO LJUBU\u0160KI\",\"isPartOf\":{\"@id\":\"https:\\\/\\\/radioljubuski.ba\\\/#website\"},\"primaryImageOfPage\":{\"@id\":\"https:\\\/\\\/radioljubuski.ba\\\/index.php\\\/2021\\\/11\\\/05\\\/vodostaj-rijeke-neretve-najveci-u-dosadasnjim-mjerenjima-aktivirana-klizista\\\/#primaryimage\"},\"image\":{\"@id\":\"https:\\\/\\\/radioljubuski.ba\\\/index.php\\\/2021\\\/11\\\/05\\\/vodostaj-rijeke-neretve-najveci-u-dosadasnjim-mjerenjima-aktivirana-klizista\\\/#primaryimage\"},\"thumbnailUrl\":\"https:\\\/\\\/radioljubuski.ba\\\/wp-content\\\/uploads\\\/2021\\\/11\\\/8-2021-11-05-07-32-08-jablanica_doljani_odroni_facebook.jpg\",\"datePublished\":\"2021-11-05T13:59:17+00:00\",\"dateModified\":\"2021-11-05T13:59:18+00:00\",\"breadcrumb\":{\"@id\":\"https:\\\/\\\/radioljubuski.ba\\\/index.php\\\/2021\\\/11\\\/05\\\/vodostaj-rijeke-neretve-najveci-u-dosadasnjim-mjerenjima-aktivirana-klizista\\\/#breadcrumb\"},\"inLanguage\":\"hr\",\"potentialAction\":[{\"@type\":\"ReadAction\",\"target\":[\"https:\\\/\\\/radioljubuski.ba\\\/index.php\\\/2021\\\/11\\\/05\\\/vodostaj-rijeke-neretve-najveci-u-dosadasnjim-mjerenjima-aktivirana-klizista\\\/\"]}]},{\"@type\":\"ImageObject\",\"inLanguage\":\"hr\",\"@id\":\"https:\\\/\\\/radioljubuski.ba\\\/index.php\\\/2021\\\/11\\\/05\\\/vodostaj-rijeke-neretve-najveci-u-dosadasnjim-mjerenjima-aktivirana-klizista\\\/#primaryimage\",\"url\":\"https:\\\/\\\/radioljubuski.ba\\\/wp-content\\\/uploads\\\/2021\\\/11\\\/8-2021-11-05-07-32-08-jablanica_doljani_odroni_facebook.jpg\",\"contentUrl\":\"https:\\\/\\\/radioljubuski.ba\\\/wp-content\\\/uploads\\\/2021\\\/11\\\/8-2021-11-05-07-32-08-jablanica_doljani_odroni_facebook.jpg\",\"width\":1000,\"height\":625},{\"@type\":\"BreadcrumbList\",\"@id\":\"https:\\\/\\\/radioljubuski.ba\\\/index.php\\\/2021\\\/11\\\/05\\\/vodostaj-rijeke-neretve-najveci-u-dosadasnjim-mjerenjima-aktivirana-klizista\\\/#breadcrumb\",\"itemListElement\":[{\"@type\":\"ListItem\",\"position\":1,\"name\":\"Po\u010detna stranica\",\"item\":\"https:\\\/\\\/radioljubuski.ba\\\/\"},{\"@type\":\"ListItem\",\"position\":2,\"name\":\"Vodostaj rijeke Neretve najve\u0107i u dosada\u0161njim mjerenjima, aktivirana klizi\u0161ta\"}]},{\"@type\":\"WebSite\",\"@id\":\"https:\\\/\\\/radioljubuski.ba\\\/#website\",\"url\":\"https:\\\/\\\/radioljubuski.ba\\\/\",\"name\":\"Radio Ljubu\u0161ki\",\"description\":\"Sun\u010dana frekvencija Hercegovine\",\"publisher\":{\"@id\":\"https:\\\/\\\/radioljubuski.ba\\\/#organization\"},\"potentialAction\":[{\"@type\":\"SearchAction\",\"target\":{\"@type\":\"EntryPoint\",\"urlTemplate\":\"https:\\\/\\\/radioljubuski.ba\\\/?s={search_term_string}\"},\"query-input\":{\"@type\":\"PropertyValueSpecification\",\"valueRequired\":true,\"valueName\":\"search_term_string\"}}],\"inLanguage\":\"hr\"},{\"@type\":\"Organization\",\"@id\":\"https:\\\/\\\/radioljubuski.ba\\\/#organization\",\"name\":\"Radio Ljubu\u0161ki\",\"url\":\"https:\\\/\\\/radioljubuski.ba\\\/\",\"logo\":{\"@type\":\"ImageObject\",\"inLanguage\":\"hr\",\"@id\":\"https:\\\/\\\/radioljubuski.ba\\\/#\\\/schema\\\/logo\\\/image\\\/\",\"url\":\"https:\\\/\\\/radioljubuski.ba\\\/wp-content\\\/uploads\\\/2021\\\/02\\\/cropped-Radio_Ljubuski_logo1.jpg\",\"contentUrl\":\"https:\\\/\\\/radioljubuski.ba\\\/wp-content\\\/uploads\\\/2021\\\/02\\\/cropped-Radio_Ljubuski_logo1.jpg\",\"width\":512,\"height\":512,\"caption\":\"Radio Ljubu\u0161ki\"},\"image\":{\"@id\":\"https:\\\/\\\/radioljubuski.ba\\\/#\\\/schema\\\/logo\\\/image\\\/\"},\"sameAs\":[\"https:\\\/\\\/www.facebook.com\\\/Radiio-Ljubuski-1490835324566332\",\"https:\\\/\\\/x.com\\\/radioljubuski\",\"https:\\\/\\\/hr.linkedin.com\\\/company\\\/radio-ljubuski\",\"https:\\\/\\\/www.youtube.com\\\/channel\\\/UCHYaeO_n0Db3tjNGudGpXyw\"]},{\"@type\":\"Person\",\"@id\":\"https:\\\/\\\/radioljubuski.ba\\\/#\\\/schema\\\/person\\\/19fc700381a780f69665d7956c469e3b\",\"name\":\"Radio Ljubu\u0161ki\"}]}<\/script>\n<!-- \/ Yoast SEO plugin. -->","yoast_head_json":{"title":"Vodostaj rijeke Neretve najve\u0107i u dosada\u0161njim mjerenjima, aktivirana klizi\u0161ta - RADIO LJUBU\u0160KI","robots":{"index":"index","follow":"follow","max-snippet":"max-snippet:-1","max-image-preview":"max-image-preview:large","max-video-preview":"max-video-preview:-1"},"canonical":"https:\/\/radioljubuski.ba\/index.php\/2021\/11\/05\/vodostaj-rijeke-neretve-najveci-u-dosadasnjim-mjerenjima-aktivirana-klizista\/","og_locale":"hr_HR","og_type":"article","og_title":"Vodostaj rijeke Neretve najve\u0107i u dosada\u0161njim mjerenjima, aktivirana klizi\u0161ta - RADIO LJUBU\u0160KI","og_description":"Vodostaj na brani hidroelektrane Modrac jutros je bio 196,55 m.n.m., (to\u010dka preljeva je 200 m.n.m.) i odnosu na mjerenje ju\u010der razina je vi\u0161a za \u010detiri centimetra, stoji u redovnom izvje\u0161taju Federalne uprave civilne za\u0161tite. Vodostaj rijeke Neretve na mjernoj stanici Glavati\u010devo u 01.30 sati iznosio je 514 cm, \u0161to je najve\u0107i vodostaj u dosada\u0161njim mjerenjima, [&hellip;]","og_url":"https:\/\/radioljubuski.ba\/index.php\/2021\/11\/05\/vodostaj-rijeke-neretve-najveci-u-dosadasnjim-mjerenjima-aktivirana-klizista\/","og_site_name":"RADIO LJUBU\u0160KI","article_publisher":"https:\/\/www.facebook.com\/Radiio-Ljubuski-1490835324566332","article_published_time":"2021-11-05T13:59:17+00:00","article_modified_time":"2021-11-05T13:59:18+00:00","og_image":[{"width":1000,"height":625,"url":"https:\/\/radioljubuski.ba\/wp-content\/uploads\/2021\/11\/8-2021-11-05-07-32-08-jablanica_doljani_odroni_facebook.jpg","type":"image\/jpeg"}],"author":"Radio Ljubu\u0161ki","twitter_card":"summary_large_image","twitter_creator":"@radioljubuski","twitter_site":"@radioljubuski","twitter_misc":{"Napisao\/la":"Radio Ljubu\u0161ki","Procijenjeno vrijeme \u010ditanja":"2 minute"},"schema":{"@context":"https:\/\/schema.org","@graph":[{"@type":"Article","@id":"https:\/\/radioljubuski.ba\/index.php\/2021\/11\/05\/vodostaj-rijeke-neretve-najveci-u-dosadasnjim-mjerenjima-aktivirana-klizista\/#article","isPartOf":{"@id":"https:\/\/radioljubuski.ba\/index.php\/2021\/11\/05\/vodostaj-rijeke-neretve-najveci-u-dosadasnjim-mjerenjima-aktivirana-klizista\/"},"author":{"name":"Radio Ljubu\u0161ki","@id":"https:\/\/radioljubuski.ba\/#\/schema\/person\/19fc700381a780f69665d7956c469e3b"},"headline":"Vodostaj rijeke Neretve najve\u0107i u dosada\u0161njim mjerenjima, aktivirana klizi\u0161ta","datePublished":"2021-11-05T13:59:17+00:00","dateModified":"2021-11-05T13:59:18+00:00","mainEntityOfPage":{"@id":"https:\/\/radioljubuski.ba\/index.php\/2021\/11\/05\/vodostaj-rijeke-neretve-najveci-u-dosadasnjim-mjerenjima-aktivirana-klizista\/"},"wordCount":505,"publisher":{"@id":"https:\/\/radioljubuski.ba\/#organization"},"image":{"@id":"https:\/\/radioljubuski.ba\/index.php\/2021\/11\/05\/vodostaj-rijeke-neretve-najveci-u-dosadasnjim-mjerenjima-aktivirana-klizista\/#primaryimage"},"thumbnailUrl":"https:\/\/radioljubuski.ba\/wp-content\/uploads\/2021\/11\/8-2021-11-05-07-32-08-jablanica_doljani_odroni_facebook.jpg","articleSection":["BIH i regija"],"inLanguage":"hr"},{"@type":"WebPage","@id":"https:\/\/radioljubuski.ba\/index.php\/2021\/11\/05\/vodostaj-rijeke-neretve-najveci-u-dosadasnjim-mjerenjima-aktivirana-klizista\/","url":"https:\/\/radioljubuski.ba\/index.php\/2021\/11\/05\/vodostaj-rijeke-neretve-najveci-u-dosadasnjim-mjerenjima-aktivirana-klizista\/","name":"Vodostaj rijeke Neretve najve\u0107i u dosada\u0161njim mjerenjima, aktivirana klizi\u0161ta - RADIO LJUBU\u0160KI","isPartOf":{"@id":"https:\/\/radioljubuski.ba\/#website"},"primaryImageOfPage":{"@id":"https:\/\/radioljubuski.ba\/index.php\/2021\/11\/05\/vodostaj-rijeke-neretve-najveci-u-dosadasnjim-mjerenjima-aktivirana-klizista\/#primaryimage"},"image":{"@id":"https:\/\/radioljubuski.ba\/index.php\/2021\/11\/05\/vodostaj-rijeke-neretve-najveci-u-dosadasnjim-mjerenjima-aktivirana-klizista\/#primaryimage"},"thumbnailUrl":"https:\/\/radioljubuski.ba\/wp-content\/uploads\/2021\/11\/8-2021-11-05-07-32-08-jablanica_doljani_odroni_facebook.jpg","datePublished":"2021-11-05T13:59:17+00:00","dateModified":"2021-11-05T13:59:18+00:00","breadcrumb":{"@id":"https:\/\/radioljubuski.ba\/index.php\/2021\/11\/05\/vodostaj-rijeke-neretve-najveci-u-dosadasnjim-mjerenjima-aktivirana-klizista\/#breadcrumb"},"inLanguage":"hr","potentialAction":[{"@type":"ReadAction","target":["https:\/\/radioljubuski.ba\/index.php\/2021\/11\/05\/vodostaj-rijeke-neretve-najveci-u-dosadasnjim-mjerenjima-aktivirana-klizista\/"]}]},{"@type":"ImageObject","inLanguage":"hr","@id":"https:\/\/radioljubuski.ba\/index.php\/2021\/11\/05\/vodostaj-rijeke-neretve-najveci-u-dosadasnjim-mjerenjima-aktivirana-klizista\/#primaryimage","url":"https:\/\/radioljubuski.ba\/wp-content\/uploads\/2021\/11\/8-2021-11-05-07-32-08-jablanica_doljani_odroni_facebook.jpg","contentUrl":"https:\/\/radioljubuski.ba\/wp-content\/uploads\/2021\/11\/8-2021-11-05-07-32-08-jablanica_doljani_odroni_facebook.jpg","width":1000,"height":625},{"@type":"BreadcrumbList","@id":"https:\/\/radioljubuski.ba\/index.php\/2021\/11\/05\/vodostaj-rijeke-neretve-najveci-u-dosadasnjim-mjerenjima-aktivirana-klizista\/#breadcrumb","itemListElement":[{"@type":"ListItem","position":1,"name":"Po\u010detna stranica","item":"https:\/\/radioljubuski.ba\/"},{"@type":"ListItem","position":2,"name":"Vodostaj rijeke Neretve najve\u0107i u dosada\u0161njim mjerenjima, aktivirana klizi\u0161ta"}]},{"@type":"WebSite","@id":"https:\/\/radioljubuski.ba\/#website","url":"https:\/\/radioljubuski.ba\/","name":"Radio Ljubu\u0161ki","description":"Sun\u010dana frekvencija Hercegovine","publisher":{"@id":"https:\/\/radioljubuski.ba\/#organization"},"potentialAction":[{"@type":"SearchAction","target":{"@type":"EntryPoint","urlTemplate":"https:\/\/radioljubuski.ba\/?s={search_term_string}"},"query-input":{"@type":"PropertyValueSpecification","valueRequired":true,"valueName":"search_term_string"}}],"inLanguage":"hr"},{"@type":"Organization","@id":"https:\/\/radioljubuski.ba\/#organization","name":"Radio Ljubu\u0161ki","url":"https:\/\/radioljubuski.ba\/","logo":{"@type":"ImageObject","inLanguage":"hr","@id":"https:\/\/radioljubuski.ba\/#\/schema\/logo\/image\/","url":"https:\/\/radioljubuski.ba\/wp-content\/uploads\/2021\/02\/cropped-Radio_Ljubuski_logo1.jpg","contentUrl":"https:\/\/radioljubuski.ba\/wp-content\/uploads\/2021\/02\/cropped-Radio_Ljubuski_logo1.jpg","width":512,"height":512,"caption":"Radio Ljubu\u0161ki"},"image":{"@id":"https:\/\/radioljubuski.ba\/#\/schema\/logo\/image\/"},"sameAs":["https:\/\/www.facebook.com\/Radiio-Ljubuski-1490835324566332","https:\/\/x.com\/radioljubuski","https:\/\/hr.linkedin.com\/company\/radio-ljubuski","https:\/\/www.youtube.com\/channel\/UCHYaeO_n0Db3tjNGudGpXyw"]},{"@type":"Person","@id":"https:\/\/radioljubuski.ba\/#\/schema\/person\/19fc700381a780f69665d7956c469e3b","name":"Radio Ljubu\u0161ki"}]}},"_links":{"self":[{"href":"https:\/\/radioljubuski.ba\/index.php\/wp-json\/wp\/v2\/posts\/85335","targetHints":{"allow":["GET"]}}],"collection":[{"href":"https:\/\/radioljubuski.ba\/index.php\/wp-json\/wp\/v2\/posts"}],"about":[{"href":"https:\/\/radioljubuski.ba\/index.php\/wp-json\/wp\/v2\/types\/post"}],"author":[{"embeddable":true,"href":"https:\/\/radioljubuski.ba\/index.php\/wp-json\/wp\/v2\/users\/2"}],"replies":[{"embeddable":true,"href":"https:\/\/radioljubuski.ba\/index.php\/wp-json\/wp\/v2\/comments?post=85335"}],"version-history":[{"count":1,"href":"https:\/\/radioljubuski.ba\/index.php\/wp-json\/wp\/v2\/posts\/85335\/revisions"}],"predecessor-version":[{"id":85337,"href":"https:\/\/radioljubuski.ba\/index.php\/wp-json\/wp\/v2\/posts\/85335\/revisions\/85337"}],"wp:featuredmedia":[{"embeddable":true,"href":"https:\/\/radioljubuski.ba\/index.php\/wp-json\/wp\/v2\/media\/85336"}],"wp:attachment":[{"href":"https:\/\/radioljubuski.ba\/index.php\/wp-json\/wp\/v2\/media?parent=85335"}],"wp:term":[{"taxonomy":"category","embeddable":true,"href":"https:\/\/radioljubuski.ba\/index.php\/wp-json\/wp\/v2\/categories?post=85335"},{"taxonomy":"post_tag","embeddable":true,"href":"https:\/\/radioljubuski.ba\/index.php\/wp-json\/wp\/v2\/tags?post=85335"}],"curies":[{"name":"wp","href":"https:\/\/api.w.org\/{rel}","templated":true}]}}