{"id":85344,"date":"2021-11-05T15:03:58","date_gmt":"2021-11-05T14:03:58","guid":{"rendered":"https:\/\/radioljubuski.ba\/?p=85344"},"modified":"2021-11-05T15:03:59","modified_gmt":"2021-11-05T14:03:59","slug":"u-sinocnjoj-pucnjavi-u-bijeljini-tesko-ranjen-pripadnik-specijalne-antiteroristicke-jedinice","status":"publish","type":"post","link":"https:\/\/radioljubuski.ba\/index.php\/2021\/11\/05\/u-sinocnjoj-pucnjavi-u-bijeljini-tesko-ranjen-pripadnik-specijalne-antiteroristicke-jedinice\/","title":{"rendered":"U sino\u0107njoj pucnjavi u Bijeljini te\u0161ko ranjen pripadnik Specijalne antiteroristi\u010dke jedinice"},"content":{"rendered":"\n<p>Dvije osobe koje su no\u0107as ranjene u pucnjavi u Bijeljini \u017eivotno su ugro\u017eene, a jedna od njih je pripadnik Specijalne antiteroristi\u010dke jedinice (SAJ), potvrdili su u policiji.<\/p>\n\n\n\n<p>Pripadnik SAJ-a ranjen je kada je sa dvojicom kolega intervenirao nakon napada na djevojku i mladi\u0107a koji ju je branio, a potom je do\u0161lo do pucnjave.<\/p>\n\n\n\n<p>Policijskoj postaji Bijeljina no\u0107as oko dva sata prijavljeno je da je u blizini ugostiteljskog objekta do\u0161lo do pucnjave.<\/p>\n\n\n\n<p>-Patrola policije iza\u0161la je na lice mjesta, i zatekla sa povredama, najvjerovatnije od oru\u017eja, O.P. iz Br\u010dkog i P.K. iz Gradi\u0161ke, koji je policijski slu\u017ebenik Specijalne antiteroristi\u010dke jedinice &#8211; priop\u0107eno je iz Policijske uprave Bijeljina.<\/p>\n\n\n\n<p>U policiji dodaju kako su obje osobe prevezene u Medicinski centar Bijeljina, gdje se de\u017eurni lije\u010dnik rekao da su \u017eivotno ugro\u017eeni.<\/p>\n\n\n\n<p>Policija je radom na terenu, te prikupljenim dokazima, do\u0161la do saznanja da je ranije vi\u0161e osoba iz Br\u010dkog fizi\u010dki napalo S.G. iz Bijeljine.<\/p>\n\n\n\n<p>-S.G. iz Bijeljine napadnut je dok je poku\u0161avao sprije\u010diti drugog nepoznatog mu\u0161karca koji je fizi\u010dki nasrnuo na djevojku u vozilu. Tijekom toga, nepoznati mu\u0161karci su pucali u pravcu automobila, a intervenirali su pripadnici Specijalne antiteroristi\u010dke jedinice, usljed \u010dega je jedan povrije\u0111en &#8211; naveli su iz policije.<\/p>\n\n\n\n<p>Izvor:pogled.ba<\/p>\n","protected":false},"excerpt":{"rendered":"<p>Dvije osobe koje su no\u0107as ranjene u pucnjavi u Bijeljini \u017eivotno su ugro\u017eene, a jedna od njih je pripadnik Specijalne antiteroristi\u010dke jedinice (SAJ), potvrdili su u policiji. Pripadnik SAJ-a ranjen je kada je sa dvojicom kolega intervenirao nakon napada na djevojku i mladi\u0107a koji ju je branio, a potom je do\u0161lo do pucnjave. Policijskoj postaji [&hellip;]<\/p>\n","protected":false},"author":2,"featured_media":8564,"comment_status":"closed","ping_status":"closed","sticky":false,"template":"","format":"standard","meta":{"h5ap_radio_sources":[],"footnotes":""},"categories":[1],"tags":[],"class_list":["post-85344","post","type-post","status-publish","format-standard","has-post-thumbnail","hentry","category-bihiregija"],"yoast_head":"<!-- This site is optimized with the Yoast SEO plugin v27.5 - https:\/\/yoast.com\/product\/yoast-seo-wordpress\/ -->\n<title>U sino\u0107njoj pucnjavi u Bijeljini te\u0161ko ranjen pripadnik Specijalne antiteroristi\u010dke jedinice - RADIO LJUBU\u0160KI<\/title>\n<meta name=\"robots\" content=\"index, follow, max-snippet:-1, max-image-preview:large, max-video-preview:-1\" \/>\n<link rel=\"canonical\" href=\"https:\/\/radioljubuski.ba\/index.php\/2021\/11\/05\/u-sinocnjoj-pucnjavi-u-bijeljini-tesko-ranjen-pripadnik-specijalne-antiteroristicke-jedinice\/\" \/>\n<meta property=\"og:locale\" content=\"hr_HR\" \/>\n<meta property=\"og:type\" content=\"article\" \/>\n<meta property=\"og:title\" content=\"U sino\u0107njoj pucnjavi u Bijeljini te\u0161ko ranjen pripadnik Specijalne antiteroristi\u010dke jedinice - RADIO LJUBU\u0160KI\" \/>\n<meta property=\"og:description\" content=\"Dvije osobe koje su no\u0107as ranjene u pucnjavi u Bijeljini \u017eivotno su ugro\u017eene, a jedna od njih je pripadnik Specijalne antiteroristi\u010dke jedinice (SAJ), potvrdili su u policiji. Pripadnik SAJ-a ranjen je kada je sa dvojicom kolega intervenirao nakon napada na djevojku i mladi\u0107a koji ju je branio, a potom je do\u0161lo do pucnjave. Policijskoj postaji [&hellip;]\" \/>\n<meta property=\"og:url\" content=\"https:\/\/radioljubuski.ba\/index.php\/2021\/11\/05\/u-sinocnjoj-pucnjavi-u-bijeljini-tesko-ranjen-pripadnik-specijalne-antiteroristicke-jedinice\/\" \/>\n<meta property=\"og:site_name\" content=\"RADIO LJUBU\u0160KI\" \/>\n<meta property=\"article:publisher\" content=\"https:\/\/www.facebook.com\/Radiio-Ljubuski-1490835324566332\" \/>\n<meta property=\"article:published_time\" content=\"2021-11-05T14:03:58+00:00\" \/>\n<meta property=\"article:modified_time\" content=\"2021-11-05T14:03:59+00:00\" \/>\n<meta property=\"og:image\" content=\"https:\/\/radioljubuski.ba\/wp-content\/uploads\/2021\/04\/2-2021-03-21-11-04-32-policija.jpg\" \/>\n\t<meta property=\"og:image:width\" content=\"1000\" \/>\n\t<meta property=\"og:image:height\" content=\"625\" \/>\n\t<meta property=\"og:image:type\" content=\"image\/jpeg\" \/>\n<meta name=\"author\" content=\"Radio Ljubu\u0161ki\" \/>\n<meta name=\"twitter:card\" content=\"summary_large_image\" \/>\n<meta name=\"twitter:creator\" content=\"@radioljubuski\" \/>\n<meta name=\"twitter:site\" content=\"@radioljubuski\" \/>\n<meta name=\"twitter:label1\" content=\"Napisao\/la\" \/>\n\t<meta name=\"twitter:data1\" content=\"Radio Ljubu\u0161ki\" \/>\n\t<meta name=\"twitter:label2\" content=\"Procijenjeno vrijeme \u010ditanja\" \/>\n\t<meta name=\"twitter:data2\" content=\"1 minuta\" \/>\n<script type=\"application\/ld+json\" class=\"yoast-schema-graph\">{\"@context\":\"https:\\\/\\\/schema.org\",\"@graph\":[{\"@type\":\"Article\",\"@id\":\"https:\\\/\\\/radioljubuski.ba\\\/index.php\\\/2021\\\/11\\\/05\\\/u-sinocnjoj-pucnjavi-u-bijeljini-tesko-ranjen-pripadnik-specijalne-antiteroristicke-jedinice\\\/#article\",\"isPartOf\":{\"@id\":\"https:\\\/\\\/radioljubuski.ba\\\/index.php\\\/2021\\\/11\\\/05\\\/u-sinocnjoj-pucnjavi-u-bijeljini-tesko-ranjen-pripadnik-specijalne-antiteroristicke-jedinice\\\/\"},\"author\":{\"name\":\"Radio Ljubu\u0161ki\",\"@id\":\"https:\\\/\\\/radioljubuski.ba\\\/#\\\/schema\\\/person\\\/19fc700381a780f69665d7956c469e3b\"},\"headline\":\"U sino\u0107njoj pucnjavi u Bijeljini te\u0161ko ranjen pripadnik Specijalne antiteroristi\u010dke jedinice\",\"datePublished\":\"2021-11-05T14:03:58+00:00\",\"dateModified\":\"2021-11-05T14:03:59+00:00\",\"mainEntityOfPage\":{\"@id\":\"https:\\\/\\\/radioljubuski.ba\\\/index.php\\\/2021\\\/11\\\/05\\\/u-sinocnjoj-pucnjavi-u-bijeljini-tesko-ranjen-pripadnik-specijalne-antiteroristicke-jedinice\\\/\"},\"wordCount\":245,\"publisher\":{\"@id\":\"https:\\\/\\\/radioljubuski.ba\\\/#organization\"},\"image\":{\"@id\":\"https:\\\/\\\/radioljubuski.ba\\\/index.php\\\/2021\\\/11\\\/05\\\/u-sinocnjoj-pucnjavi-u-bijeljini-tesko-ranjen-pripadnik-specijalne-antiteroristicke-jedinice\\\/#primaryimage\"},\"thumbnailUrl\":\"https:\\\/\\\/radioljubuski.ba\\\/wp-content\\\/uploads\\\/2021\\\/04\\\/2-2021-03-21-11-04-32-policija.jpg\",\"articleSection\":[\"BIH i regija\"],\"inLanguage\":\"hr\"},{\"@type\":\"WebPage\",\"@id\":\"https:\\\/\\\/radioljubuski.ba\\\/index.php\\\/2021\\\/11\\\/05\\\/u-sinocnjoj-pucnjavi-u-bijeljini-tesko-ranjen-pripadnik-specijalne-antiteroristicke-jedinice\\\/\",\"url\":\"https:\\\/\\\/radioljubuski.ba\\\/index.php\\\/2021\\\/11\\\/05\\\/u-sinocnjoj-pucnjavi-u-bijeljini-tesko-ranjen-pripadnik-specijalne-antiteroristicke-jedinice\\\/\",\"name\":\"U sino\u0107njoj pucnjavi u Bijeljini te\u0161ko ranjen pripadnik Specijalne antiteroristi\u010dke jedinice - RADIO LJUBU\u0160KI\",\"isPartOf\":{\"@id\":\"https:\\\/\\\/radioljubuski.ba\\\/#website\"},\"primaryImageOfPage\":{\"@id\":\"https:\\\/\\\/radioljubuski.ba\\\/index.php\\\/2021\\\/11\\\/05\\\/u-sinocnjoj-pucnjavi-u-bijeljini-tesko-ranjen-pripadnik-specijalne-antiteroristicke-jedinice\\\/#primaryimage\"},\"image\":{\"@id\":\"https:\\\/\\\/radioljubuski.ba\\\/index.php\\\/2021\\\/11\\\/05\\\/u-sinocnjoj-pucnjavi-u-bijeljini-tesko-ranjen-pripadnik-specijalne-antiteroristicke-jedinice\\\/#primaryimage\"},\"thumbnailUrl\":\"https:\\\/\\\/radioljubuski.ba\\\/wp-content\\\/uploads\\\/2021\\\/04\\\/2-2021-03-21-11-04-32-policija.jpg\",\"datePublished\":\"2021-11-05T14:03:58+00:00\",\"dateModified\":\"2021-11-05T14:03:59+00:00\",\"breadcrumb\":{\"@id\":\"https:\\\/\\\/radioljubuski.ba\\\/index.php\\\/2021\\\/11\\\/05\\\/u-sinocnjoj-pucnjavi-u-bijeljini-tesko-ranjen-pripadnik-specijalne-antiteroristicke-jedinice\\\/#breadcrumb\"},\"inLanguage\":\"hr\",\"potentialAction\":[{\"@type\":\"ReadAction\",\"target\":[\"https:\\\/\\\/radioljubuski.ba\\\/index.php\\\/2021\\\/11\\\/05\\\/u-sinocnjoj-pucnjavi-u-bijeljini-tesko-ranjen-pripadnik-specijalne-antiteroristicke-jedinice\\\/\"]}]},{\"@type\":\"ImageObject\",\"inLanguage\":\"hr\",\"@id\":\"https:\\\/\\\/radioljubuski.ba\\\/index.php\\\/2021\\\/11\\\/05\\\/u-sinocnjoj-pucnjavi-u-bijeljini-tesko-ranjen-pripadnik-specijalne-antiteroristicke-jedinice\\\/#primaryimage\",\"url\":\"https:\\\/\\\/radioljubuski.ba\\\/wp-content\\\/uploads\\\/2021\\\/04\\\/2-2021-03-21-11-04-32-policija.jpg\",\"contentUrl\":\"https:\\\/\\\/radioljubuski.ba\\\/wp-content\\\/uploads\\\/2021\\\/04\\\/2-2021-03-21-11-04-32-policija.jpg\",\"width\":1000,\"height\":625},{\"@type\":\"BreadcrumbList\",\"@id\":\"https:\\\/\\\/radioljubuski.ba\\\/index.php\\\/2021\\\/11\\\/05\\\/u-sinocnjoj-pucnjavi-u-bijeljini-tesko-ranjen-pripadnik-specijalne-antiteroristicke-jedinice\\\/#breadcrumb\",\"itemListElement\":[{\"@type\":\"ListItem\",\"position\":1,\"name\":\"Po\u010detna stranica\",\"item\":\"https:\\\/\\\/radioljubuski.ba\\\/\"},{\"@type\":\"ListItem\",\"position\":2,\"name\":\"U sino\u0107njoj pucnjavi u Bijeljini te\u0161ko ranjen pripadnik Specijalne antiteroristi\u010dke jedinice\"}]},{\"@type\":\"WebSite\",\"@id\":\"https:\\\/\\\/radioljubuski.ba\\\/#website\",\"url\":\"https:\\\/\\\/radioljubuski.ba\\\/\",\"name\":\"Radio Ljubu\u0161ki\",\"description\":\"Sun\u010dana frekvencija Hercegovine\",\"publisher\":{\"@id\":\"https:\\\/\\\/radioljubuski.ba\\\/#organization\"},\"potentialAction\":[{\"@type\":\"SearchAction\",\"target\":{\"@type\":\"EntryPoint\",\"urlTemplate\":\"https:\\\/\\\/radioljubuski.ba\\\/?s={search_term_string}\"},\"query-input\":{\"@type\":\"PropertyValueSpecification\",\"valueRequired\":true,\"valueName\":\"search_term_string\"}}],\"inLanguage\":\"hr\"},{\"@type\":\"Organization\",\"@id\":\"https:\\\/\\\/radioljubuski.ba\\\/#organization\",\"name\":\"Radio Ljubu\u0161ki\",\"url\":\"https:\\\/\\\/radioljubuski.ba\\\/\",\"logo\":{\"@type\":\"ImageObject\",\"inLanguage\":\"hr\",\"@id\":\"https:\\\/\\\/radioljubuski.ba\\\/#\\\/schema\\\/logo\\\/image\\\/\",\"url\":\"https:\\\/\\\/radioljubuski.ba\\\/wp-content\\\/uploads\\\/2021\\\/02\\\/cropped-Radio_Ljubuski_logo1.jpg\",\"contentUrl\":\"https:\\\/\\\/radioljubuski.ba\\\/wp-content\\\/uploads\\\/2021\\\/02\\\/cropped-Radio_Ljubuski_logo1.jpg\",\"width\":512,\"height\":512,\"caption\":\"Radio Ljubu\u0161ki\"},\"image\":{\"@id\":\"https:\\\/\\\/radioljubuski.ba\\\/#\\\/schema\\\/logo\\\/image\\\/\"},\"sameAs\":[\"https:\\\/\\\/www.facebook.com\\\/Radiio-Ljubuski-1490835324566332\",\"https:\\\/\\\/x.com\\\/radioljubuski\",\"https:\\\/\\\/hr.linkedin.com\\\/company\\\/radio-ljubuski\",\"https:\\\/\\\/www.youtube.com\\\/channel\\\/UCHYaeO_n0Db3tjNGudGpXyw\"]},{\"@type\":\"Person\",\"@id\":\"https:\\\/\\\/radioljubuski.ba\\\/#\\\/schema\\\/person\\\/19fc700381a780f69665d7956c469e3b\",\"name\":\"Radio Ljubu\u0161ki\"}]}<\/script>\n<!-- \/ Yoast SEO plugin. -->","yoast_head_json":{"title":"U sino\u0107njoj pucnjavi u Bijeljini te\u0161ko ranjen pripadnik Specijalne antiteroristi\u010dke jedinice - RADIO LJUBU\u0160KI","robots":{"index":"index","follow":"follow","max-snippet":"max-snippet:-1","max-image-preview":"max-image-preview:large","max-video-preview":"max-video-preview:-1"},"canonical":"https:\/\/radioljubuski.ba\/index.php\/2021\/11\/05\/u-sinocnjoj-pucnjavi-u-bijeljini-tesko-ranjen-pripadnik-specijalne-antiteroristicke-jedinice\/","og_locale":"hr_HR","og_type":"article","og_title":"U sino\u0107njoj pucnjavi u Bijeljini te\u0161ko ranjen pripadnik Specijalne antiteroristi\u010dke jedinice - RADIO LJUBU\u0160KI","og_description":"Dvije osobe koje su no\u0107as ranjene u pucnjavi u Bijeljini \u017eivotno su ugro\u017eene, a jedna od njih je pripadnik Specijalne antiteroristi\u010dke jedinice (SAJ), potvrdili su u policiji. Pripadnik SAJ-a ranjen je kada je sa dvojicom kolega intervenirao nakon napada na djevojku i mladi\u0107a koji ju je branio, a potom je do\u0161lo do pucnjave. Policijskoj postaji [&hellip;]","og_url":"https:\/\/radioljubuski.ba\/index.php\/2021\/11\/05\/u-sinocnjoj-pucnjavi-u-bijeljini-tesko-ranjen-pripadnik-specijalne-antiteroristicke-jedinice\/","og_site_name":"RADIO LJUBU\u0160KI","article_publisher":"https:\/\/www.facebook.com\/Radiio-Ljubuski-1490835324566332","article_published_time":"2021-11-05T14:03:58+00:00","article_modified_time":"2021-11-05T14:03:59+00:00","og_image":[{"width":1000,"height":625,"url":"https:\/\/radioljubuski.ba\/wp-content\/uploads\/2021\/04\/2-2021-03-21-11-04-32-policija.jpg","type":"image\/jpeg"}],"author":"Radio Ljubu\u0161ki","twitter_card":"summary_large_image","twitter_creator":"@radioljubuski","twitter_site":"@radioljubuski","twitter_misc":{"Napisao\/la":"Radio Ljubu\u0161ki","Procijenjeno vrijeme \u010ditanja":"1 minuta"},"schema":{"@context":"https:\/\/schema.org","@graph":[{"@type":"Article","@id":"https:\/\/radioljubuski.ba\/index.php\/2021\/11\/05\/u-sinocnjoj-pucnjavi-u-bijeljini-tesko-ranjen-pripadnik-specijalne-antiteroristicke-jedinice\/#article","isPartOf":{"@id":"https:\/\/radioljubuski.ba\/index.php\/2021\/11\/05\/u-sinocnjoj-pucnjavi-u-bijeljini-tesko-ranjen-pripadnik-specijalne-antiteroristicke-jedinice\/"},"author":{"name":"Radio Ljubu\u0161ki","@id":"https:\/\/radioljubuski.ba\/#\/schema\/person\/19fc700381a780f69665d7956c469e3b"},"headline":"U sino\u0107njoj pucnjavi u Bijeljini te\u0161ko ranjen pripadnik Specijalne antiteroristi\u010dke jedinice","datePublished":"2021-11-05T14:03:58+00:00","dateModified":"2021-11-05T14:03:59+00:00","mainEntityOfPage":{"@id":"https:\/\/radioljubuski.ba\/index.php\/2021\/11\/05\/u-sinocnjoj-pucnjavi-u-bijeljini-tesko-ranjen-pripadnik-specijalne-antiteroristicke-jedinice\/"},"wordCount":245,"publisher":{"@id":"https:\/\/radioljubuski.ba\/#organization"},"image":{"@id":"https:\/\/radioljubuski.ba\/index.php\/2021\/11\/05\/u-sinocnjoj-pucnjavi-u-bijeljini-tesko-ranjen-pripadnik-specijalne-antiteroristicke-jedinice\/#primaryimage"},"thumbnailUrl":"https:\/\/radioljubuski.ba\/wp-content\/uploads\/2021\/04\/2-2021-03-21-11-04-32-policija.jpg","articleSection":["BIH i regija"],"inLanguage":"hr"},{"@type":"WebPage","@id":"https:\/\/radioljubuski.ba\/index.php\/2021\/11\/05\/u-sinocnjoj-pucnjavi-u-bijeljini-tesko-ranjen-pripadnik-specijalne-antiteroristicke-jedinice\/","url":"https:\/\/radioljubuski.ba\/index.php\/2021\/11\/05\/u-sinocnjoj-pucnjavi-u-bijeljini-tesko-ranjen-pripadnik-specijalne-antiteroristicke-jedinice\/","name":"U sino\u0107njoj pucnjavi u Bijeljini te\u0161ko ranjen pripadnik Specijalne antiteroristi\u010dke jedinice - RADIO LJUBU\u0160KI","isPartOf":{"@id":"https:\/\/radioljubuski.ba\/#website"},"primaryImageOfPage":{"@id":"https:\/\/radioljubuski.ba\/index.php\/2021\/11\/05\/u-sinocnjoj-pucnjavi-u-bijeljini-tesko-ranjen-pripadnik-specijalne-antiteroristicke-jedinice\/#primaryimage"},"image":{"@id":"https:\/\/radioljubuski.ba\/index.php\/2021\/11\/05\/u-sinocnjoj-pucnjavi-u-bijeljini-tesko-ranjen-pripadnik-specijalne-antiteroristicke-jedinice\/#primaryimage"},"thumbnailUrl":"https:\/\/radioljubuski.ba\/wp-content\/uploads\/2021\/04\/2-2021-03-21-11-04-32-policija.jpg","datePublished":"2021-11-05T14:03:58+00:00","dateModified":"2021-11-05T14:03:59+00:00","breadcrumb":{"@id":"https:\/\/radioljubuski.ba\/index.php\/2021\/11\/05\/u-sinocnjoj-pucnjavi-u-bijeljini-tesko-ranjen-pripadnik-specijalne-antiteroristicke-jedinice\/#breadcrumb"},"inLanguage":"hr","potentialAction":[{"@type":"ReadAction","target":["https:\/\/radioljubuski.ba\/index.php\/2021\/11\/05\/u-sinocnjoj-pucnjavi-u-bijeljini-tesko-ranjen-pripadnik-specijalne-antiteroristicke-jedinice\/"]}]},{"@type":"ImageObject","inLanguage":"hr","@id":"https:\/\/radioljubuski.ba\/index.php\/2021\/11\/05\/u-sinocnjoj-pucnjavi-u-bijeljini-tesko-ranjen-pripadnik-specijalne-antiteroristicke-jedinice\/#primaryimage","url":"https:\/\/radioljubuski.ba\/wp-content\/uploads\/2021\/04\/2-2021-03-21-11-04-32-policija.jpg","contentUrl":"https:\/\/radioljubuski.ba\/wp-content\/uploads\/2021\/04\/2-2021-03-21-11-04-32-policija.jpg","width":1000,"height":625},{"@type":"BreadcrumbList","@id":"https:\/\/radioljubuski.ba\/index.php\/2021\/11\/05\/u-sinocnjoj-pucnjavi-u-bijeljini-tesko-ranjen-pripadnik-specijalne-antiteroristicke-jedinice\/#breadcrumb","itemListElement":[{"@type":"ListItem","position":1,"name":"Po\u010detna stranica","item":"https:\/\/radioljubuski.ba\/"},{"@type":"ListItem","position":2,"name":"U sino\u0107njoj pucnjavi u Bijeljini te\u0161ko ranjen pripadnik Specijalne antiteroristi\u010dke jedinice"}]},{"@type":"WebSite","@id":"https:\/\/radioljubuski.ba\/#website","url":"https:\/\/radioljubuski.ba\/","name":"Radio Ljubu\u0161ki","description":"Sun\u010dana frekvencija Hercegovine","publisher":{"@id":"https:\/\/radioljubuski.ba\/#organization"},"potentialAction":[{"@type":"SearchAction","target":{"@type":"EntryPoint","urlTemplate":"https:\/\/radioljubuski.ba\/?s={search_term_string}"},"query-input":{"@type":"PropertyValueSpecification","valueRequired":true,"valueName":"search_term_string"}}],"inLanguage":"hr"},{"@type":"Organization","@id":"https:\/\/radioljubuski.ba\/#organization","name":"Radio Ljubu\u0161ki","url":"https:\/\/radioljubuski.ba\/","logo":{"@type":"ImageObject","inLanguage":"hr","@id":"https:\/\/radioljubuski.ba\/#\/schema\/logo\/image\/","url":"https:\/\/radioljubuski.ba\/wp-content\/uploads\/2021\/02\/cropped-Radio_Ljubuski_logo1.jpg","contentUrl":"https:\/\/radioljubuski.ba\/wp-content\/uploads\/2021\/02\/cropped-Radio_Ljubuski_logo1.jpg","width":512,"height":512,"caption":"Radio Ljubu\u0161ki"},"image":{"@id":"https:\/\/radioljubuski.ba\/#\/schema\/logo\/image\/"},"sameAs":["https:\/\/www.facebook.com\/Radiio-Ljubuski-1490835324566332","https:\/\/x.com\/radioljubuski","https:\/\/hr.linkedin.com\/company\/radio-ljubuski","https:\/\/www.youtube.com\/channel\/UCHYaeO_n0Db3tjNGudGpXyw"]},{"@type":"Person","@id":"https:\/\/radioljubuski.ba\/#\/schema\/person\/19fc700381a780f69665d7956c469e3b","name":"Radio Ljubu\u0161ki"}]}},"_links":{"self":[{"href":"https:\/\/radioljubuski.ba\/index.php\/wp-json\/wp\/v2\/posts\/85344","targetHints":{"allow":["GET"]}}],"collection":[{"href":"https:\/\/radioljubuski.ba\/index.php\/wp-json\/wp\/v2\/posts"}],"about":[{"href":"https:\/\/radioljubuski.ba\/index.php\/wp-json\/wp\/v2\/types\/post"}],"author":[{"embeddable":true,"href":"https:\/\/radioljubuski.ba\/index.php\/wp-json\/wp\/v2\/users\/2"}],"replies":[{"embeddable":true,"href":"https:\/\/radioljubuski.ba\/index.php\/wp-json\/wp\/v2\/comments?post=85344"}],"version-history":[{"count":1,"href":"https:\/\/radioljubuski.ba\/index.php\/wp-json\/wp\/v2\/posts\/85344\/revisions"}],"predecessor-version":[{"id":85345,"href":"https:\/\/radioljubuski.ba\/index.php\/wp-json\/wp\/v2\/posts\/85344\/revisions\/85345"}],"wp:featuredmedia":[{"embeddable":true,"href":"https:\/\/radioljubuski.ba\/index.php\/wp-json\/wp\/v2\/media\/8564"}],"wp:attachment":[{"href":"https:\/\/radioljubuski.ba\/index.php\/wp-json\/wp\/v2\/media?parent=85344"}],"wp:term":[{"taxonomy":"category","embeddable":true,"href":"https:\/\/radioljubuski.ba\/index.php\/wp-json\/wp\/v2\/categories?post=85344"},{"taxonomy":"post_tag","embeddable":true,"href":"https:\/\/radioljubuski.ba\/index.php\/wp-json\/wp\/v2\/tags?post=85344"}],"curies":[{"name":"wp","href":"https:\/\/api.w.org\/{rel}","templated":true}]}}