{"id":85348,"date":"2021-11-05T15:06:04","date_gmt":"2021-11-05T14:06:04","guid":{"rendered":"https:\/\/radioljubuski.ba\/?p=85348"},"modified":"2021-11-05T15:06:05","modified_gmt":"2021-11-05T14:06:05","slug":"nevrijeme-zaobislo-srednju-bosnu-za-sada-nema-prijetnji-od-poplave","status":"publish","type":"post","link":"https:\/\/radioljubuski.ba\/index.php\/2021\/11\/05\/nevrijeme-zaobislo-srednju-bosnu-za-sada-nema-prijetnji-od-poplave\/","title":{"rendered":"Nevrijeme zaobi\u0161lo Srednju Bosnu, za sada nema prijetnji od poplave"},"content":{"rendered":"\n<p>Nevrijeme koje je sino\u0107 zahvatilo Bosnu i Hercegovinu nije ostavilo previ\u0161e traga kad je u pitanju Sredi\u0161nja Bosna.<\/p>\n\n\n\n<p>Kako je za Fenu istaknula Zenada \u010cau\u0161evi\u0107, \u0161efica Operativnog centra Uprave za civilnu za\u0161titu \u017dupanije Sredi\u0161nja Bosna (\u017dSB), do sada nije bilo prijavljenih slu\u010dajeva uzrokovanih poplavom ili klizi\u0161tem.<\/p>\n\n\n\n<p>&#8220;Imali smo samo jedno izlijevanje u naseljima Han plo\u010da i Potkraj pored Kiseljaka. Treba naglasiti da je povi\u0161en vodostaj svih rijeka na podru\u010dju \u017eupanije, a \u0161to se ti\u010de dojava o ostalim poplavama, klizi\u0161tima ili buji\u010dnim potocima jo\u0161 uvijek ih nema&#8221;, kazala je \u010cau\u0161evi\u0107, te dodala da je dobar rad na prevenciji po\u010deo davati rezultate.<\/p>\n\n\n\n<p>&#8220;Radili smo dosta na prevenciji, a treba naglasiti i da nas je veliko nevrijeme kakvo je pogodilo recimo Hercegovinu, ovaj put zaobi\u0161lo&#8221;, rekla je \u010cau\u0161evi\u0107.<\/p>\n\n\n\n<p>Po njezinim rije\u010dima, ekipe Civilne za\u0161tite su na terenu i pomno prate dalji razvoj situacije.<\/p>\n\n\n\n<p>Izvor:pogled.ba<\/p>\n","protected":false},"excerpt":{"rendered":"<p>Nevrijeme koje je sino\u0107 zahvatilo Bosnu i Hercegovinu nije ostavilo previ\u0161e traga kad je u pitanju Sredi\u0161nja Bosna. Kako je za Fenu istaknula Zenada \u010cau\u0161evi\u0107, \u0161efica Operativnog centra Uprave za civilnu za\u0161titu \u017dupanije Sredi\u0161nja Bosna (\u017dSB), do sada nije bilo prijavljenih slu\u010dajeva uzrokovanih poplavom ili klizi\u0161tem. &#8220;Imali smo samo jedno izlijevanje u naseljima Han plo\u010da [&hellip;]<\/p>\n","protected":false},"author":2,"featured_media":85349,"comment_status":"closed","ping_status":"closed","sticky":false,"template":"","format":"standard","meta":{"h5ap_radio_sources":[],"footnotes":""},"categories":[1],"tags":[],"class_list":["post-85348","post","type-post","status-publish","format-standard","has-post-thumbnail","hentry","category-bihiregija"],"yoast_head":"<!-- This site is optimized with the Yoast SEO plugin v27.5 - https:\/\/yoast.com\/product\/yoast-seo-wordpress\/ -->\n<title>Nevrijeme zaobi\u0161lo Srednju Bosnu, za sada nema prijetnji od poplave - RADIO LJUBU\u0160KI<\/title>\n<meta name=\"robots\" content=\"index, follow, max-snippet:-1, max-image-preview:large, max-video-preview:-1\" \/>\n<link rel=\"canonical\" href=\"https:\/\/radioljubuski.ba\/index.php\/2021\/11\/05\/nevrijeme-zaobislo-srednju-bosnu-za-sada-nema-prijetnji-od-poplave\/\" \/>\n<meta property=\"og:locale\" content=\"hr_HR\" \/>\n<meta property=\"og:type\" content=\"article\" \/>\n<meta property=\"og:title\" content=\"Nevrijeme zaobi\u0161lo Srednju Bosnu, za sada nema prijetnji od poplave - RADIO LJUBU\u0160KI\" \/>\n<meta property=\"og:description\" content=\"Nevrijeme koje je sino\u0107 zahvatilo Bosnu i Hercegovinu nije ostavilo previ\u0161e traga kad je u pitanju Sredi\u0161nja Bosna. Kako je za Fenu istaknula Zenada \u010cau\u0161evi\u0107, \u0161efica Operativnog centra Uprave za civilnu za\u0161titu \u017dupanije Sredi\u0161nja Bosna (\u017dSB), do sada nije bilo prijavljenih slu\u010dajeva uzrokovanih poplavom ili klizi\u0161tem. &#8220;Imali smo samo jedno izlijevanje u naseljima Han plo\u010da [&hellip;]\" \/>\n<meta property=\"og:url\" content=\"https:\/\/radioljubuski.ba\/index.php\/2021\/11\/05\/nevrijeme-zaobislo-srednju-bosnu-za-sada-nema-prijetnji-od-poplave\/\" \/>\n<meta property=\"og:site_name\" content=\"RADIO LJUBU\u0160KI\" \/>\n<meta property=\"article:publisher\" content=\"https:\/\/www.facebook.com\/Radiio-Ljubuski-1490835324566332\" \/>\n<meta property=\"article:published_time\" content=\"2021-11-05T14:06:04+00:00\" \/>\n<meta property=\"article:modified_time\" content=\"2021-11-05T14:06:05+00:00\" \/>\n<meta property=\"og:image\" content=\"https:\/\/radioljubuski.ba\/wp-content\/uploads\/2021\/11\/2-2021-11-05-13-08-29-sbz.jpg\" \/>\n\t<meta property=\"og:image:width\" content=\"1000\" \/>\n\t<meta property=\"og:image:height\" content=\"625\" \/>\n\t<meta property=\"og:image:type\" content=\"image\/jpeg\" \/>\n<meta name=\"author\" content=\"Radio Ljubu\u0161ki\" \/>\n<meta name=\"twitter:card\" content=\"summary_large_image\" \/>\n<meta name=\"twitter:creator\" content=\"@radioljubuski\" \/>\n<meta name=\"twitter:site\" content=\"@radioljubuski\" \/>\n<meta name=\"twitter:label1\" content=\"Napisao\/la\" \/>\n\t<meta name=\"twitter:data1\" content=\"Radio Ljubu\u0161ki\" \/>\n\t<meta name=\"twitter:label2\" content=\"Procijenjeno vrijeme \u010ditanja\" \/>\n\t<meta name=\"twitter:data2\" content=\"1 minuta\" \/>\n<script type=\"application\/ld+json\" class=\"yoast-schema-graph\">{\"@context\":\"https:\\\/\\\/schema.org\",\"@graph\":[{\"@type\":\"Article\",\"@id\":\"https:\\\/\\\/radioljubuski.ba\\\/index.php\\\/2021\\\/11\\\/05\\\/nevrijeme-zaobislo-srednju-bosnu-za-sada-nema-prijetnji-od-poplave\\\/#article\",\"isPartOf\":{\"@id\":\"https:\\\/\\\/radioljubuski.ba\\\/index.php\\\/2021\\\/11\\\/05\\\/nevrijeme-zaobislo-srednju-bosnu-za-sada-nema-prijetnji-od-poplave\\\/\"},\"author\":{\"name\":\"Radio Ljubu\u0161ki\",\"@id\":\"https:\\\/\\\/radioljubuski.ba\\\/#\\\/schema\\\/person\\\/19fc700381a780f69665d7956c469e3b\"},\"headline\":\"Nevrijeme zaobi\u0161lo Srednju Bosnu, za sada nema prijetnji od poplave\",\"datePublished\":\"2021-11-05T14:06:04+00:00\",\"dateModified\":\"2021-11-05T14:06:05+00:00\",\"mainEntityOfPage\":{\"@id\":\"https:\\\/\\\/radioljubuski.ba\\\/index.php\\\/2021\\\/11\\\/05\\\/nevrijeme-zaobislo-srednju-bosnu-za-sada-nema-prijetnji-od-poplave\\\/\"},\"wordCount\":173,\"publisher\":{\"@id\":\"https:\\\/\\\/radioljubuski.ba\\\/#organization\"},\"image\":{\"@id\":\"https:\\\/\\\/radioljubuski.ba\\\/index.php\\\/2021\\\/11\\\/05\\\/nevrijeme-zaobislo-srednju-bosnu-za-sada-nema-prijetnji-od-poplave\\\/#primaryimage\"},\"thumbnailUrl\":\"https:\\\/\\\/radioljubuski.ba\\\/wp-content\\\/uploads\\\/2021\\\/11\\\/2-2021-11-05-13-08-29-sbz.jpg\",\"articleSection\":[\"BIH i regija\"],\"inLanguage\":\"hr\"},{\"@type\":\"WebPage\",\"@id\":\"https:\\\/\\\/radioljubuski.ba\\\/index.php\\\/2021\\\/11\\\/05\\\/nevrijeme-zaobislo-srednju-bosnu-za-sada-nema-prijetnji-od-poplave\\\/\",\"url\":\"https:\\\/\\\/radioljubuski.ba\\\/index.php\\\/2021\\\/11\\\/05\\\/nevrijeme-zaobislo-srednju-bosnu-za-sada-nema-prijetnji-od-poplave\\\/\",\"name\":\"Nevrijeme zaobi\u0161lo Srednju Bosnu, za sada nema prijetnji od poplave - RADIO LJUBU\u0160KI\",\"isPartOf\":{\"@id\":\"https:\\\/\\\/radioljubuski.ba\\\/#website\"},\"primaryImageOfPage\":{\"@id\":\"https:\\\/\\\/radioljubuski.ba\\\/index.php\\\/2021\\\/11\\\/05\\\/nevrijeme-zaobislo-srednju-bosnu-za-sada-nema-prijetnji-od-poplave\\\/#primaryimage\"},\"image\":{\"@id\":\"https:\\\/\\\/radioljubuski.ba\\\/index.php\\\/2021\\\/11\\\/05\\\/nevrijeme-zaobislo-srednju-bosnu-za-sada-nema-prijetnji-od-poplave\\\/#primaryimage\"},\"thumbnailUrl\":\"https:\\\/\\\/radioljubuski.ba\\\/wp-content\\\/uploads\\\/2021\\\/11\\\/2-2021-11-05-13-08-29-sbz.jpg\",\"datePublished\":\"2021-11-05T14:06:04+00:00\",\"dateModified\":\"2021-11-05T14:06:05+00:00\",\"breadcrumb\":{\"@id\":\"https:\\\/\\\/radioljubuski.ba\\\/index.php\\\/2021\\\/11\\\/05\\\/nevrijeme-zaobislo-srednju-bosnu-za-sada-nema-prijetnji-od-poplave\\\/#breadcrumb\"},\"inLanguage\":\"hr\",\"potentialAction\":[{\"@type\":\"ReadAction\",\"target\":[\"https:\\\/\\\/radioljubuski.ba\\\/index.php\\\/2021\\\/11\\\/05\\\/nevrijeme-zaobislo-srednju-bosnu-za-sada-nema-prijetnji-od-poplave\\\/\"]}]},{\"@type\":\"ImageObject\",\"inLanguage\":\"hr\",\"@id\":\"https:\\\/\\\/radioljubuski.ba\\\/index.php\\\/2021\\\/11\\\/05\\\/nevrijeme-zaobislo-srednju-bosnu-za-sada-nema-prijetnji-od-poplave\\\/#primaryimage\",\"url\":\"https:\\\/\\\/radioljubuski.ba\\\/wp-content\\\/uploads\\\/2021\\\/11\\\/2-2021-11-05-13-08-29-sbz.jpg\",\"contentUrl\":\"https:\\\/\\\/radioljubuski.ba\\\/wp-content\\\/uploads\\\/2021\\\/11\\\/2-2021-11-05-13-08-29-sbz.jpg\",\"width\":1000,\"height\":625},{\"@type\":\"BreadcrumbList\",\"@id\":\"https:\\\/\\\/radioljubuski.ba\\\/index.php\\\/2021\\\/11\\\/05\\\/nevrijeme-zaobislo-srednju-bosnu-za-sada-nema-prijetnji-od-poplave\\\/#breadcrumb\",\"itemListElement\":[{\"@type\":\"ListItem\",\"position\":1,\"name\":\"Po\u010detna stranica\",\"item\":\"https:\\\/\\\/radioljubuski.ba\\\/\"},{\"@type\":\"ListItem\",\"position\":2,\"name\":\"Nevrijeme zaobi\u0161lo Srednju Bosnu, za sada nema prijetnji od poplave\"}]},{\"@type\":\"WebSite\",\"@id\":\"https:\\\/\\\/radioljubuski.ba\\\/#website\",\"url\":\"https:\\\/\\\/radioljubuski.ba\\\/\",\"name\":\"Radio Ljubu\u0161ki\",\"description\":\"Sun\u010dana frekvencija Hercegovine\",\"publisher\":{\"@id\":\"https:\\\/\\\/radioljubuski.ba\\\/#organization\"},\"potentialAction\":[{\"@type\":\"SearchAction\",\"target\":{\"@type\":\"EntryPoint\",\"urlTemplate\":\"https:\\\/\\\/radioljubuski.ba\\\/?s={search_term_string}\"},\"query-input\":{\"@type\":\"PropertyValueSpecification\",\"valueRequired\":true,\"valueName\":\"search_term_string\"}}],\"inLanguage\":\"hr\"},{\"@type\":\"Organization\",\"@id\":\"https:\\\/\\\/radioljubuski.ba\\\/#organization\",\"name\":\"Radio Ljubu\u0161ki\",\"url\":\"https:\\\/\\\/radioljubuski.ba\\\/\",\"logo\":{\"@type\":\"ImageObject\",\"inLanguage\":\"hr\",\"@id\":\"https:\\\/\\\/radioljubuski.ba\\\/#\\\/schema\\\/logo\\\/image\\\/\",\"url\":\"https:\\\/\\\/radioljubuski.ba\\\/wp-content\\\/uploads\\\/2021\\\/02\\\/cropped-Radio_Ljubuski_logo1.jpg\",\"contentUrl\":\"https:\\\/\\\/radioljubuski.ba\\\/wp-content\\\/uploads\\\/2021\\\/02\\\/cropped-Radio_Ljubuski_logo1.jpg\",\"width\":512,\"height\":512,\"caption\":\"Radio Ljubu\u0161ki\"},\"image\":{\"@id\":\"https:\\\/\\\/radioljubuski.ba\\\/#\\\/schema\\\/logo\\\/image\\\/\"},\"sameAs\":[\"https:\\\/\\\/www.facebook.com\\\/Radiio-Ljubuski-1490835324566332\",\"https:\\\/\\\/x.com\\\/radioljubuski\",\"https:\\\/\\\/hr.linkedin.com\\\/company\\\/radio-ljubuski\",\"https:\\\/\\\/www.youtube.com\\\/channel\\\/UCHYaeO_n0Db3tjNGudGpXyw\"]},{\"@type\":\"Person\",\"@id\":\"https:\\\/\\\/radioljubuski.ba\\\/#\\\/schema\\\/person\\\/19fc700381a780f69665d7956c469e3b\",\"name\":\"Radio Ljubu\u0161ki\"}]}<\/script>\n<!-- \/ Yoast SEO plugin. -->","yoast_head_json":{"title":"Nevrijeme zaobi\u0161lo Srednju Bosnu, za sada nema prijetnji od poplave - RADIO LJUBU\u0160KI","robots":{"index":"index","follow":"follow","max-snippet":"max-snippet:-1","max-image-preview":"max-image-preview:large","max-video-preview":"max-video-preview:-1"},"canonical":"https:\/\/radioljubuski.ba\/index.php\/2021\/11\/05\/nevrijeme-zaobislo-srednju-bosnu-za-sada-nema-prijetnji-od-poplave\/","og_locale":"hr_HR","og_type":"article","og_title":"Nevrijeme zaobi\u0161lo Srednju Bosnu, za sada nema prijetnji od poplave - RADIO LJUBU\u0160KI","og_description":"Nevrijeme koje je sino\u0107 zahvatilo Bosnu i Hercegovinu nije ostavilo previ\u0161e traga kad je u pitanju Sredi\u0161nja Bosna. Kako je za Fenu istaknula Zenada \u010cau\u0161evi\u0107, \u0161efica Operativnog centra Uprave za civilnu za\u0161titu \u017dupanije Sredi\u0161nja Bosna (\u017dSB), do sada nije bilo prijavljenih slu\u010dajeva uzrokovanih poplavom ili klizi\u0161tem. &#8220;Imali smo samo jedno izlijevanje u naseljima Han plo\u010da [&hellip;]","og_url":"https:\/\/radioljubuski.ba\/index.php\/2021\/11\/05\/nevrijeme-zaobislo-srednju-bosnu-za-sada-nema-prijetnji-od-poplave\/","og_site_name":"RADIO LJUBU\u0160KI","article_publisher":"https:\/\/www.facebook.com\/Radiio-Ljubuski-1490835324566332","article_published_time":"2021-11-05T14:06:04+00:00","article_modified_time":"2021-11-05T14:06:05+00:00","og_image":[{"width":1000,"height":625,"url":"https:\/\/radioljubuski.ba\/wp-content\/uploads\/2021\/11\/2-2021-11-05-13-08-29-sbz.jpg","type":"image\/jpeg"}],"author":"Radio Ljubu\u0161ki","twitter_card":"summary_large_image","twitter_creator":"@radioljubuski","twitter_site":"@radioljubuski","twitter_misc":{"Napisao\/la":"Radio Ljubu\u0161ki","Procijenjeno vrijeme \u010ditanja":"1 minuta"},"schema":{"@context":"https:\/\/schema.org","@graph":[{"@type":"Article","@id":"https:\/\/radioljubuski.ba\/index.php\/2021\/11\/05\/nevrijeme-zaobislo-srednju-bosnu-za-sada-nema-prijetnji-od-poplave\/#article","isPartOf":{"@id":"https:\/\/radioljubuski.ba\/index.php\/2021\/11\/05\/nevrijeme-zaobislo-srednju-bosnu-za-sada-nema-prijetnji-od-poplave\/"},"author":{"name":"Radio Ljubu\u0161ki","@id":"https:\/\/radioljubuski.ba\/#\/schema\/person\/19fc700381a780f69665d7956c469e3b"},"headline":"Nevrijeme zaobi\u0161lo Srednju Bosnu, za sada nema prijetnji od poplave","datePublished":"2021-11-05T14:06:04+00:00","dateModified":"2021-11-05T14:06:05+00:00","mainEntityOfPage":{"@id":"https:\/\/radioljubuski.ba\/index.php\/2021\/11\/05\/nevrijeme-zaobislo-srednju-bosnu-za-sada-nema-prijetnji-od-poplave\/"},"wordCount":173,"publisher":{"@id":"https:\/\/radioljubuski.ba\/#organization"},"image":{"@id":"https:\/\/radioljubuski.ba\/index.php\/2021\/11\/05\/nevrijeme-zaobislo-srednju-bosnu-za-sada-nema-prijetnji-od-poplave\/#primaryimage"},"thumbnailUrl":"https:\/\/radioljubuski.ba\/wp-content\/uploads\/2021\/11\/2-2021-11-05-13-08-29-sbz.jpg","articleSection":["BIH i regija"],"inLanguage":"hr"},{"@type":"WebPage","@id":"https:\/\/radioljubuski.ba\/index.php\/2021\/11\/05\/nevrijeme-zaobislo-srednju-bosnu-za-sada-nema-prijetnji-od-poplave\/","url":"https:\/\/radioljubuski.ba\/index.php\/2021\/11\/05\/nevrijeme-zaobislo-srednju-bosnu-za-sada-nema-prijetnji-od-poplave\/","name":"Nevrijeme zaobi\u0161lo Srednju Bosnu, za sada nema prijetnji od poplave - RADIO LJUBU\u0160KI","isPartOf":{"@id":"https:\/\/radioljubuski.ba\/#website"},"primaryImageOfPage":{"@id":"https:\/\/radioljubuski.ba\/index.php\/2021\/11\/05\/nevrijeme-zaobislo-srednju-bosnu-za-sada-nema-prijetnji-od-poplave\/#primaryimage"},"image":{"@id":"https:\/\/radioljubuski.ba\/index.php\/2021\/11\/05\/nevrijeme-zaobislo-srednju-bosnu-za-sada-nema-prijetnji-od-poplave\/#primaryimage"},"thumbnailUrl":"https:\/\/radioljubuski.ba\/wp-content\/uploads\/2021\/11\/2-2021-11-05-13-08-29-sbz.jpg","datePublished":"2021-11-05T14:06:04+00:00","dateModified":"2021-11-05T14:06:05+00:00","breadcrumb":{"@id":"https:\/\/radioljubuski.ba\/index.php\/2021\/11\/05\/nevrijeme-zaobislo-srednju-bosnu-za-sada-nema-prijetnji-od-poplave\/#breadcrumb"},"inLanguage":"hr","potentialAction":[{"@type":"ReadAction","target":["https:\/\/radioljubuski.ba\/index.php\/2021\/11\/05\/nevrijeme-zaobislo-srednju-bosnu-za-sada-nema-prijetnji-od-poplave\/"]}]},{"@type":"ImageObject","inLanguage":"hr","@id":"https:\/\/radioljubuski.ba\/index.php\/2021\/11\/05\/nevrijeme-zaobislo-srednju-bosnu-za-sada-nema-prijetnji-od-poplave\/#primaryimage","url":"https:\/\/radioljubuski.ba\/wp-content\/uploads\/2021\/11\/2-2021-11-05-13-08-29-sbz.jpg","contentUrl":"https:\/\/radioljubuski.ba\/wp-content\/uploads\/2021\/11\/2-2021-11-05-13-08-29-sbz.jpg","width":1000,"height":625},{"@type":"BreadcrumbList","@id":"https:\/\/radioljubuski.ba\/index.php\/2021\/11\/05\/nevrijeme-zaobislo-srednju-bosnu-za-sada-nema-prijetnji-od-poplave\/#breadcrumb","itemListElement":[{"@type":"ListItem","position":1,"name":"Po\u010detna stranica","item":"https:\/\/radioljubuski.ba\/"},{"@type":"ListItem","position":2,"name":"Nevrijeme zaobi\u0161lo Srednju Bosnu, za sada nema prijetnji od poplave"}]},{"@type":"WebSite","@id":"https:\/\/radioljubuski.ba\/#website","url":"https:\/\/radioljubuski.ba\/","name":"Radio Ljubu\u0161ki","description":"Sun\u010dana frekvencija Hercegovine","publisher":{"@id":"https:\/\/radioljubuski.ba\/#organization"},"potentialAction":[{"@type":"SearchAction","target":{"@type":"EntryPoint","urlTemplate":"https:\/\/radioljubuski.ba\/?s={search_term_string}"},"query-input":{"@type":"PropertyValueSpecification","valueRequired":true,"valueName":"search_term_string"}}],"inLanguage":"hr"},{"@type":"Organization","@id":"https:\/\/radioljubuski.ba\/#organization","name":"Radio Ljubu\u0161ki","url":"https:\/\/radioljubuski.ba\/","logo":{"@type":"ImageObject","inLanguage":"hr","@id":"https:\/\/radioljubuski.ba\/#\/schema\/logo\/image\/","url":"https:\/\/radioljubuski.ba\/wp-content\/uploads\/2021\/02\/cropped-Radio_Ljubuski_logo1.jpg","contentUrl":"https:\/\/radioljubuski.ba\/wp-content\/uploads\/2021\/02\/cropped-Radio_Ljubuski_logo1.jpg","width":512,"height":512,"caption":"Radio Ljubu\u0161ki"},"image":{"@id":"https:\/\/radioljubuski.ba\/#\/schema\/logo\/image\/"},"sameAs":["https:\/\/www.facebook.com\/Radiio-Ljubuski-1490835324566332","https:\/\/x.com\/radioljubuski","https:\/\/hr.linkedin.com\/company\/radio-ljubuski","https:\/\/www.youtube.com\/channel\/UCHYaeO_n0Db3tjNGudGpXyw"]},{"@type":"Person","@id":"https:\/\/radioljubuski.ba\/#\/schema\/person\/19fc700381a780f69665d7956c469e3b","name":"Radio Ljubu\u0161ki"}]}},"_links":{"self":[{"href":"https:\/\/radioljubuski.ba\/index.php\/wp-json\/wp\/v2\/posts\/85348","targetHints":{"allow":["GET"]}}],"collection":[{"href":"https:\/\/radioljubuski.ba\/index.php\/wp-json\/wp\/v2\/posts"}],"about":[{"href":"https:\/\/radioljubuski.ba\/index.php\/wp-json\/wp\/v2\/types\/post"}],"author":[{"embeddable":true,"href":"https:\/\/radioljubuski.ba\/index.php\/wp-json\/wp\/v2\/users\/2"}],"replies":[{"embeddable":true,"href":"https:\/\/radioljubuski.ba\/index.php\/wp-json\/wp\/v2\/comments?post=85348"}],"version-history":[{"count":1,"href":"https:\/\/radioljubuski.ba\/index.php\/wp-json\/wp\/v2\/posts\/85348\/revisions"}],"predecessor-version":[{"id":85350,"href":"https:\/\/radioljubuski.ba\/index.php\/wp-json\/wp\/v2\/posts\/85348\/revisions\/85350"}],"wp:featuredmedia":[{"embeddable":true,"href":"https:\/\/radioljubuski.ba\/index.php\/wp-json\/wp\/v2\/media\/85349"}],"wp:attachment":[{"href":"https:\/\/radioljubuski.ba\/index.php\/wp-json\/wp\/v2\/media?parent=85348"}],"wp:term":[{"taxonomy":"category","embeddable":true,"href":"https:\/\/radioljubuski.ba\/index.php\/wp-json\/wp\/v2\/categories?post=85348"},{"taxonomy":"post_tag","embeddable":true,"href":"https:\/\/radioljubuski.ba\/index.php\/wp-json\/wp\/v2\/tags?post=85348"}],"curies":[{"name":"wp","href":"https:\/\/api.w.org\/{rel}","templated":true}]}}