{"id":85351,"date":"2021-11-05T15:07:35","date_gmt":"2021-11-05T14:07:35","guid":{"rendered":"https:\/\/radioljubuski.ba\/?p=85351"},"modified":"2021-11-05T15:07:35","modified_gmt":"2021-11-05T14:07:35","slug":"who-tvrdi-visokozarazni-delta-soj-nezaustavljivo-se-siri-europom","status":"publish","type":"post","link":"https:\/\/radioljubuski.ba\/index.php\/2021\/11\/05\/who-tvrdi-visokozarazni-delta-soj-nezaustavljivo-se-siri-europom\/","title":{"rendered":"WHO tvrdi: Visokozarazni delta-soj nezaustavljivo se \u0161iri Europom"},"content":{"rendered":"\n<p>Europa je ponovno postala epicentar pandemije COVID-a! Svjetska zdravstvena organizacija upozorava da broj novozara\u017eenih ubrzano raste diljem kontinenta. U posljednja \u010detiri tjedna broj zara\u017eenih porastao je za 55 posto.&nbsp;<\/p>\n\n\n\n<p>Visokozarazni delta-soj nezaustavljivo se za sada \u0161iri Europom.&nbsp;<\/p>\n\n\n\n<p>-Danas se svaka dr\u017eava u Europi i sredi\u0161njoj Aziji suo\u010dava s prijetnjom ponovnog pojavljivanja COVID-a ili se ve\u0107 bori protiv njega. Tempo prijenosa u 53 zemlje europske regije zabrinjavaju\u0107i je i ponovno se pribli\u017eava rekordnim razinama, nagla\u0161ava Hans Kluge, direktor Svjetske zdravstvene organizacije za Europu.<\/p>\n\n\n\n<p>Ostane li ovako, procjena je Svjetske zdravstvene organizacije, u idu\u0107a bismo tri mjeseca mogli imati jo\u0161 pola milijuna preminulih.<\/p>\n\n\n\n<p>-Sama cjepiva ne\u0107e zaustaviti pandemiju. Ona ne nadomje\u0161taju potrebu za javnozdravstvenim i socijalnim mjerama. Ona ih nadopunjuju. Fizi\u010dko distanciranje, izbjegavanje prepunih prostora, maske, ventilacija, higijena ruku i druge u\u010dinkovite mjere i dalje su va\u017ene u svakoj dr\u017eavi, govori Tedros Adhanom Ghebreyesus, glavni direktor Svjetske zdravstvene organizacije.<\/p>\n\n\n\n<p>Iako samo cjepivo nije dovoljno, cijepljeni pacijenti mahom, re\u0107i \u0107e lije\u010dnici, prolaze s mnogo lak\u0161im posljedicama.<\/p>\n\n\n\n<p>-Imali su pneumoniju jednostranu ili obostranu, ali ako se i desilo da su imali potrebu za kisikom, to su bili manji protoci i prema mojim podacima svi su takvi pacijenti otpu\u0161teni iz bolnice, rekao je Danijel \u0110oki\u0107, lije\u010dnik, UKC Republike Srpske.<\/p>\n\n\n\n<p>-Velika je sre\u0107a da sam cijepljen, da kojim slu\u010dajem nisam cijepljen, te\u0161ko bih se izvukao, mo\u017eda bih imao mnogo, mnogo gore posljedice, govori Marinko U\u010dur, pacijent iz Banje Luke.<\/p>\n\n\n\n<p>Epidemiolo\u0161ke mjere za\u0161tite ubrzano se poo\u0161travaju. U Austriji \u0107e uskoro samo cijepljeni i oni koji su virus preboljeli mo\u0107i i\u0107i u restorane ili primjerice frizerske salone.&nbsp;<\/p>\n\n\n\n<p>-Vrijeme je da se uhvatimo uko\u0161tac s tim i to je jedini na\u010din. Brojevi govore sami za sebe, nagla\u0161ava stanovnik Be\u010da.<\/p>\n\n\n\n<p>Poo\u0161travanje mjera razmatra se \u010dak i u Danskoj u kojoj je cijepljeno vi\u0161e od 75 posto stanovnika.<\/p>\n\n\n\n<p>-Najvi\u0161e nas zabrinjava \u0161to necijepljena djeca prenose zarazu starijima koji su u potpunosti cijepljeni, rekao je Soren Brostrom, direktor Danske zdravstvene uprave.<\/p>\n\n\n\n<p>Zabrinjavaju\u0107e brz ritam prijenosa zaraze poku\u0161ava se diljem Europe hitno zaustaviti.<\/p>\n\n\n\n<p>Izvor:pogled.ba<\/p>\n","protected":false},"excerpt":{"rendered":"<p>Europa je ponovno postala epicentar pandemije COVID-a! Svjetska zdravstvena organizacija upozorava da broj novozara\u017eenih ubrzano raste diljem kontinenta. U posljednja \u010detiri tjedna broj zara\u017eenih porastao je za 55 posto.&nbsp; Visokozarazni delta-soj nezaustavljivo se za sada \u0161iri Europom.&nbsp; -Danas se svaka dr\u017eava u Europi i sredi\u0161njoj Aziji suo\u010dava s prijetnjom ponovnog pojavljivanja COVID-a ili se ve\u0107 [&hellip;]<\/p>\n","protected":false},"author":2,"featured_media":7608,"comment_status":"closed","ping_status":"closed","sticky":false,"template":"","format":"standard","meta":{"h5ap_radio_sources":[],"footnotes":""},"categories":[1],"tags":[],"class_list":["post-85351","post","type-post","status-publish","format-standard","has-post-thumbnail","hentry","category-bihiregija"],"yoast_head":"<!-- This site is optimized with the Yoast SEO plugin v27.5 - https:\/\/yoast.com\/product\/yoast-seo-wordpress\/ -->\n<title>WHO tvrdi: Visokozarazni delta-soj nezaustavljivo se \u0161iri Europom - RADIO LJUBU\u0160KI<\/title>\n<meta name=\"robots\" content=\"index, follow, max-snippet:-1, max-image-preview:large, max-video-preview:-1\" \/>\n<link rel=\"canonical\" href=\"https:\/\/radioljubuski.ba\/index.php\/2021\/11\/05\/who-tvrdi-visokozarazni-delta-soj-nezaustavljivo-se-siri-europom\/\" \/>\n<meta property=\"og:locale\" content=\"hr_HR\" \/>\n<meta property=\"og:type\" content=\"article\" \/>\n<meta property=\"og:title\" content=\"WHO tvrdi: Visokozarazni delta-soj nezaustavljivo se \u0161iri Europom - RADIO LJUBU\u0160KI\" \/>\n<meta property=\"og:description\" content=\"Europa je ponovno postala epicentar pandemije COVID-a! Svjetska zdravstvena organizacija upozorava da broj novozara\u017eenih ubrzano raste diljem kontinenta. U posljednja \u010detiri tjedna broj zara\u017eenih porastao je za 55 posto.&nbsp; Visokozarazni delta-soj nezaustavljivo se za sada \u0161iri Europom.&nbsp; -Danas se svaka dr\u017eava u Europi i sredi\u0161njoj Aziji suo\u010dava s prijetnjom ponovnog pojavljivanja COVID-a ili se ve\u0107 [&hellip;]\" \/>\n<meta property=\"og:url\" content=\"https:\/\/radioljubuski.ba\/index.php\/2021\/11\/05\/who-tvrdi-visokozarazni-delta-soj-nezaustavljivo-se-siri-europom\/\" \/>\n<meta property=\"og:site_name\" content=\"RADIO LJUBU\u0160KI\" \/>\n<meta property=\"article:publisher\" content=\"https:\/\/www.facebook.com\/Radiio-Ljubuski-1490835324566332\" \/>\n<meta property=\"article:published_time\" content=\"2021-11-05T14:07:35+00:00\" \/>\n<meta property=\"og:image\" content=\"https:\/\/radioljubuski.ba\/wp-content\/uploads\/2021\/03\/9-2021-03-28-16-23-57-korona2.jpg\" \/>\n\t<meta property=\"og:image:width\" content=\"1000\" \/>\n\t<meta property=\"og:image:height\" content=\"625\" \/>\n\t<meta property=\"og:image:type\" content=\"image\/jpeg\" \/>\n<meta name=\"author\" content=\"Radio Ljubu\u0161ki\" \/>\n<meta name=\"twitter:card\" content=\"summary_large_image\" \/>\n<meta name=\"twitter:creator\" content=\"@radioljubuski\" \/>\n<meta name=\"twitter:site\" content=\"@radioljubuski\" \/>\n<meta name=\"twitter:label1\" content=\"Napisao\/la\" \/>\n\t<meta name=\"twitter:data1\" content=\"Radio Ljubu\u0161ki\" \/>\n\t<meta name=\"twitter:label2\" content=\"Procijenjeno vrijeme \u010ditanja\" \/>\n\t<meta name=\"twitter:data2\" content=\"2 minute\" \/>\n<script type=\"application\/ld+json\" class=\"yoast-schema-graph\">{\"@context\":\"https:\\\/\\\/schema.org\",\"@graph\":[{\"@type\":\"Article\",\"@id\":\"https:\\\/\\\/radioljubuski.ba\\\/index.php\\\/2021\\\/11\\\/05\\\/who-tvrdi-visokozarazni-delta-soj-nezaustavljivo-se-siri-europom\\\/#article\",\"isPartOf\":{\"@id\":\"https:\\\/\\\/radioljubuski.ba\\\/index.php\\\/2021\\\/11\\\/05\\\/who-tvrdi-visokozarazni-delta-soj-nezaustavljivo-se-siri-europom\\\/\"},\"author\":{\"name\":\"Radio Ljubu\u0161ki\",\"@id\":\"https:\\\/\\\/radioljubuski.ba\\\/#\\\/schema\\\/person\\\/19fc700381a780f69665d7956c469e3b\"},\"headline\":\"WHO tvrdi: Visokozarazni delta-soj nezaustavljivo se \u0161iri Europom\",\"datePublished\":\"2021-11-05T14:07:35+00:00\",\"mainEntityOfPage\":{\"@id\":\"https:\\\/\\\/radioljubuski.ba\\\/index.php\\\/2021\\\/11\\\/05\\\/who-tvrdi-visokozarazni-delta-soj-nezaustavljivo-se-siri-europom\\\/\"},\"wordCount\":380,\"publisher\":{\"@id\":\"https:\\\/\\\/radioljubuski.ba\\\/#organization\"},\"image\":{\"@id\":\"https:\\\/\\\/radioljubuski.ba\\\/index.php\\\/2021\\\/11\\\/05\\\/who-tvrdi-visokozarazni-delta-soj-nezaustavljivo-se-siri-europom\\\/#primaryimage\"},\"thumbnailUrl\":\"https:\\\/\\\/radioljubuski.ba\\\/wp-content\\\/uploads\\\/2021\\\/03\\\/9-2021-03-28-16-23-57-korona2.jpg\",\"articleSection\":[\"BIH i regija\"],\"inLanguage\":\"hr\"},{\"@type\":\"WebPage\",\"@id\":\"https:\\\/\\\/radioljubuski.ba\\\/index.php\\\/2021\\\/11\\\/05\\\/who-tvrdi-visokozarazni-delta-soj-nezaustavljivo-se-siri-europom\\\/\",\"url\":\"https:\\\/\\\/radioljubuski.ba\\\/index.php\\\/2021\\\/11\\\/05\\\/who-tvrdi-visokozarazni-delta-soj-nezaustavljivo-se-siri-europom\\\/\",\"name\":\"WHO tvrdi: Visokozarazni delta-soj nezaustavljivo se \u0161iri Europom - RADIO LJUBU\u0160KI\",\"isPartOf\":{\"@id\":\"https:\\\/\\\/radioljubuski.ba\\\/#website\"},\"primaryImageOfPage\":{\"@id\":\"https:\\\/\\\/radioljubuski.ba\\\/index.php\\\/2021\\\/11\\\/05\\\/who-tvrdi-visokozarazni-delta-soj-nezaustavljivo-se-siri-europom\\\/#primaryimage\"},\"image\":{\"@id\":\"https:\\\/\\\/radioljubuski.ba\\\/index.php\\\/2021\\\/11\\\/05\\\/who-tvrdi-visokozarazni-delta-soj-nezaustavljivo-se-siri-europom\\\/#primaryimage\"},\"thumbnailUrl\":\"https:\\\/\\\/radioljubuski.ba\\\/wp-content\\\/uploads\\\/2021\\\/03\\\/9-2021-03-28-16-23-57-korona2.jpg\",\"datePublished\":\"2021-11-05T14:07:35+00:00\",\"breadcrumb\":{\"@id\":\"https:\\\/\\\/radioljubuski.ba\\\/index.php\\\/2021\\\/11\\\/05\\\/who-tvrdi-visokozarazni-delta-soj-nezaustavljivo-se-siri-europom\\\/#breadcrumb\"},\"inLanguage\":\"hr\",\"potentialAction\":[{\"@type\":\"ReadAction\",\"target\":[\"https:\\\/\\\/radioljubuski.ba\\\/index.php\\\/2021\\\/11\\\/05\\\/who-tvrdi-visokozarazni-delta-soj-nezaustavljivo-se-siri-europom\\\/\"]}]},{\"@type\":\"ImageObject\",\"inLanguage\":\"hr\",\"@id\":\"https:\\\/\\\/radioljubuski.ba\\\/index.php\\\/2021\\\/11\\\/05\\\/who-tvrdi-visokozarazni-delta-soj-nezaustavljivo-se-siri-europom\\\/#primaryimage\",\"url\":\"https:\\\/\\\/radioljubuski.ba\\\/wp-content\\\/uploads\\\/2021\\\/03\\\/9-2021-03-28-16-23-57-korona2.jpg\",\"contentUrl\":\"https:\\\/\\\/radioljubuski.ba\\\/wp-content\\\/uploads\\\/2021\\\/03\\\/9-2021-03-28-16-23-57-korona2.jpg\",\"width\":1000,\"height\":625},{\"@type\":\"BreadcrumbList\",\"@id\":\"https:\\\/\\\/radioljubuski.ba\\\/index.php\\\/2021\\\/11\\\/05\\\/who-tvrdi-visokozarazni-delta-soj-nezaustavljivo-se-siri-europom\\\/#breadcrumb\",\"itemListElement\":[{\"@type\":\"ListItem\",\"position\":1,\"name\":\"Po\u010detna stranica\",\"item\":\"https:\\\/\\\/radioljubuski.ba\\\/\"},{\"@type\":\"ListItem\",\"position\":2,\"name\":\"WHO tvrdi: Visokozarazni delta-soj nezaustavljivo se \u0161iri Europom\"}]},{\"@type\":\"WebSite\",\"@id\":\"https:\\\/\\\/radioljubuski.ba\\\/#website\",\"url\":\"https:\\\/\\\/radioljubuski.ba\\\/\",\"name\":\"Radio Ljubu\u0161ki\",\"description\":\"Sun\u010dana frekvencija Hercegovine\",\"publisher\":{\"@id\":\"https:\\\/\\\/radioljubuski.ba\\\/#organization\"},\"potentialAction\":[{\"@type\":\"SearchAction\",\"target\":{\"@type\":\"EntryPoint\",\"urlTemplate\":\"https:\\\/\\\/radioljubuski.ba\\\/?s={search_term_string}\"},\"query-input\":{\"@type\":\"PropertyValueSpecification\",\"valueRequired\":true,\"valueName\":\"search_term_string\"}}],\"inLanguage\":\"hr\"},{\"@type\":\"Organization\",\"@id\":\"https:\\\/\\\/radioljubuski.ba\\\/#organization\",\"name\":\"Radio Ljubu\u0161ki\",\"url\":\"https:\\\/\\\/radioljubuski.ba\\\/\",\"logo\":{\"@type\":\"ImageObject\",\"inLanguage\":\"hr\",\"@id\":\"https:\\\/\\\/radioljubuski.ba\\\/#\\\/schema\\\/logo\\\/image\\\/\",\"url\":\"https:\\\/\\\/radioljubuski.ba\\\/wp-content\\\/uploads\\\/2021\\\/02\\\/cropped-Radio_Ljubuski_logo1.jpg\",\"contentUrl\":\"https:\\\/\\\/radioljubuski.ba\\\/wp-content\\\/uploads\\\/2021\\\/02\\\/cropped-Radio_Ljubuski_logo1.jpg\",\"width\":512,\"height\":512,\"caption\":\"Radio Ljubu\u0161ki\"},\"image\":{\"@id\":\"https:\\\/\\\/radioljubuski.ba\\\/#\\\/schema\\\/logo\\\/image\\\/\"},\"sameAs\":[\"https:\\\/\\\/www.facebook.com\\\/Radiio-Ljubuski-1490835324566332\",\"https:\\\/\\\/x.com\\\/radioljubuski\",\"https:\\\/\\\/hr.linkedin.com\\\/company\\\/radio-ljubuski\",\"https:\\\/\\\/www.youtube.com\\\/channel\\\/UCHYaeO_n0Db3tjNGudGpXyw\"]},{\"@type\":\"Person\",\"@id\":\"https:\\\/\\\/radioljubuski.ba\\\/#\\\/schema\\\/person\\\/19fc700381a780f69665d7956c469e3b\",\"name\":\"Radio Ljubu\u0161ki\"}]}<\/script>\n<!-- \/ Yoast SEO plugin. -->","yoast_head_json":{"title":"WHO tvrdi: Visokozarazni delta-soj nezaustavljivo se \u0161iri Europom - RADIO LJUBU\u0160KI","robots":{"index":"index","follow":"follow","max-snippet":"max-snippet:-1","max-image-preview":"max-image-preview:large","max-video-preview":"max-video-preview:-1"},"canonical":"https:\/\/radioljubuski.ba\/index.php\/2021\/11\/05\/who-tvrdi-visokozarazni-delta-soj-nezaustavljivo-se-siri-europom\/","og_locale":"hr_HR","og_type":"article","og_title":"WHO tvrdi: Visokozarazni delta-soj nezaustavljivo se \u0161iri Europom - RADIO LJUBU\u0160KI","og_description":"Europa je ponovno postala epicentar pandemije COVID-a! Svjetska zdravstvena organizacija upozorava da broj novozara\u017eenih ubrzano raste diljem kontinenta. U posljednja \u010detiri tjedna broj zara\u017eenih porastao je za 55 posto.&nbsp; Visokozarazni delta-soj nezaustavljivo se za sada \u0161iri Europom.&nbsp; -Danas se svaka dr\u017eava u Europi i sredi\u0161njoj Aziji suo\u010dava s prijetnjom ponovnog pojavljivanja COVID-a ili se ve\u0107 [&hellip;]","og_url":"https:\/\/radioljubuski.ba\/index.php\/2021\/11\/05\/who-tvrdi-visokozarazni-delta-soj-nezaustavljivo-se-siri-europom\/","og_site_name":"RADIO LJUBU\u0160KI","article_publisher":"https:\/\/www.facebook.com\/Radiio-Ljubuski-1490835324566332","article_published_time":"2021-11-05T14:07:35+00:00","og_image":[{"width":1000,"height":625,"url":"https:\/\/radioljubuski.ba\/wp-content\/uploads\/2021\/03\/9-2021-03-28-16-23-57-korona2.jpg","type":"image\/jpeg"}],"author":"Radio Ljubu\u0161ki","twitter_card":"summary_large_image","twitter_creator":"@radioljubuski","twitter_site":"@radioljubuski","twitter_misc":{"Napisao\/la":"Radio Ljubu\u0161ki","Procijenjeno vrijeme \u010ditanja":"2 minute"},"schema":{"@context":"https:\/\/schema.org","@graph":[{"@type":"Article","@id":"https:\/\/radioljubuski.ba\/index.php\/2021\/11\/05\/who-tvrdi-visokozarazni-delta-soj-nezaustavljivo-se-siri-europom\/#article","isPartOf":{"@id":"https:\/\/radioljubuski.ba\/index.php\/2021\/11\/05\/who-tvrdi-visokozarazni-delta-soj-nezaustavljivo-se-siri-europom\/"},"author":{"name":"Radio Ljubu\u0161ki","@id":"https:\/\/radioljubuski.ba\/#\/schema\/person\/19fc700381a780f69665d7956c469e3b"},"headline":"WHO tvrdi: Visokozarazni delta-soj nezaustavljivo se \u0161iri Europom","datePublished":"2021-11-05T14:07:35+00:00","mainEntityOfPage":{"@id":"https:\/\/radioljubuski.ba\/index.php\/2021\/11\/05\/who-tvrdi-visokozarazni-delta-soj-nezaustavljivo-se-siri-europom\/"},"wordCount":380,"publisher":{"@id":"https:\/\/radioljubuski.ba\/#organization"},"image":{"@id":"https:\/\/radioljubuski.ba\/index.php\/2021\/11\/05\/who-tvrdi-visokozarazni-delta-soj-nezaustavljivo-se-siri-europom\/#primaryimage"},"thumbnailUrl":"https:\/\/radioljubuski.ba\/wp-content\/uploads\/2021\/03\/9-2021-03-28-16-23-57-korona2.jpg","articleSection":["BIH i regija"],"inLanguage":"hr"},{"@type":"WebPage","@id":"https:\/\/radioljubuski.ba\/index.php\/2021\/11\/05\/who-tvrdi-visokozarazni-delta-soj-nezaustavljivo-se-siri-europom\/","url":"https:\/\/radioljubuski.ba\/index.php\/2021\/11\/05\/who-tvrdi-visokozarazni-delta-soj-nezaustavljivo-se-siri-europom\/","name":"WHO tvrdi: Visokozarazni delta-soj nezaustavljivo se \u0161iri Europom - RADIO LJUBU\u0160KI","isPartOf":{"@id":"https:\/\/radioljubuski.ba\/#website"},"primaryImageOfPage":{"@id":"https:\/\/radioljubuski.ba\/index.php\/2021\/11\/05\/who-tvrdi-visokozarazni-delta-soj-nezaustavljivo-se-siri-europom\/#primaryimage"},"image":{"@id":"https:\/\/radioljubuski.ba\/index.php\/2021\/11\/05\/who-tvrdi-visokozarazni-delta-soj-nezaustavljivo-se-siri-europom\/#primaryimage"},"thumbnailUrl":"https:\/\/radioljubuski.ba\/wp-content\/uploads\/2021\/03\/9-2021-03-28-16-23-57-korona2.jpg","datePublished":"2021-11-05T14:07:35+00:00","breadcrumb":{"@id":"https:\/\/radioljubuski.ba\/index.php\/2021\/11\/05\/who-tvrdi-visokozarazni-delta-soj-nezaustavljivo-se-siri-europom\/#breadcrumb"},"inLanguage":"hr","potentialAction":[{"@type":"ReadAction","target":["https:\/\/radioljubuski.ba\/index.php\/2021\/11\/05\/who-tvrdi-visokozarazni-delta-soj-nezaustavljivo-se-siri-europom\/"]}]},{"@type":"ImageObject","inLanguage":"hr","@id":"https:\/\/radioljubuski.ba\/index.php\/2021\/11\/05\/who-tvrdi-visokozarazni-delta-soj-nezaustavljivo-se-siri-europom\/#primaryimage","url":"https:\/\/radioljubuski.ba\/wp-content\/uploads\/2021\/03\/9-2021-03-28-16-23-57-korona2.jpg","contentUrl":"https:\/\/radioljubuski.ba\/wp-content\/uploads\/2021\/03\/9-2021-03-28-16-23-57-korona2.jpg","width":1000,"height":625},{"@type":"BreadcrumbList","@id":"https:\/\/radioljubuski.ba\/index.php\/2021\/11\/05\/who-tvrdi-visokozarazni-delta-soj-nezaustavljivo-se-siri-europom\/#breadcrumb","itemListElement":[{"@type":"ListItem","position":1,"name":"Po\u010detna stranica","item":"https:\/\/radioljubuski.ba\/"},{"@type":"ListItem","position":2,"name":"WHO tvrdi: Visokozarazni delta-soj nezaustavljivo se \u0161iri Europom"}]},{"@type":"WebSite","@id":"https:\/\/radioljubuski.ba\/#website","url":"https:\/\/radioljubuski.ba\/","name":"Radio Ljubu\u0161ki","description":"Sun\u010dana frekvencija Hercegovine","publisher":{"@id":"https:\/\/radioljubuski.ba\/#organization"},"potentialAction":[{"@type":"SearchAction","target":{"@type":"EntryPoint","urlTemplate":"https:\/\/radioljubuski.ba\/?s={search_term_string}"},"query-input":{"@type":"PropertyValueSpecification","valueRequired":true,"valueName":"search_term_string"}}],"inLanguage":"hr"},{"@type":"Organization","@id":"https:\/\/radioljubuski.ba\/#organization","name":"Radio Ljubu\u0161ki","url":"https:\/\/radioljubuski.ba\/","logo":{"@type":"ImageObject","inLanguage":"hr","@id":"https:\/\/radioljubuski.ba\/#\/schema\/logo\/image\/","url":"https:\/\/radioljubuski.ba\/wp-content\/uploads\/2021\/02\/cropped-Radio_Ljubuski_logo1.jpg","contentUrl":"https:\/\/radioljubuski.ba\/wp-content\/uploads\/2021\/02\/cropped-Radio_Ljubuski_logo1.jpg","width":512,"height":512,"caption":"Radio Ljubu\u0161ki"},"image":{"@id":"https:\/\/radioljubuski.ba\/#\/schema\/logo\/image\/"},"sameAs":["https:\/\/www.facebook.com\/Radiio-Ljubuski-1490835324566332","https:\/\/x.com\/radioljubuski","https:\/\/hr.linkedin.com\/company\/radio-ljubuski","https:\/\/www.youtube.com\/channel\/UCHYaeO_n0Db3tjNGudGpXyw"]},{"@type":"Person","@id":"https:\/\/radioljubuski.ba\/#\/schema\/person\/19fc700381a780f69665d7956c469e3b","name":"Radio Ljubu\u0161ki"}]}},"_links":{"self":[{"href":"https:\/\/radioljubuski.ba\/index.php\/wp-json\/wp\/v2\/posts\/85351","targetHints":{"allow":["GET"]}}],"collection":[{"href":"https:\/\/radioljubuski.ba\/index.php\/wp-json\/wp\/v2\/posts"}],"about":[{"href":"https:\/\/radioljubuski.ba\/index.php\/wp-json\/wp\/v2\/types\/post"}],"author":[{"embeddable":true,"href":"https:\/\/radioljubuski.ba\/index.php\/wp-json\/wp\/v2\/users\/2"}],"replies":[{"embeddable":true,"href":"https:\/\/radioljubuski.ba\/index.php\/wp-json\/wp\/v2\/comments?post=85351"}],"version-history":[{"count":1,"href":"https:\/\/radioljubuski.ba\/index.php\/wp-json\/wp\/v2\/posts\/85351\/revisions"}],"predecessor-version":[{"id":85352,"href":"https:\/\/radioljubuski.ba\/index.php\/wp-json\/wp\/v2\/posts\/85351\/revisions\/85352"}],"wp:featuredmedia":[{"embeddable":true,"href":"https:\/\/radioljubuski.ba\/index.php\/wp-json\/wp\/v2\/media\/7608"}],"wp:attachment":[{"href":"https:\/\/radioljubuski.ba\/index.php\/wp-json\/wp\/v2\/media?parent=85351"}],"wp:term":[{"taxonomy":"category","embeddable":true,"href":"https:\/\/radioljubuski.ba\/index.php\/wp-json\/wp\/v2\/categories?post=85351"},{"taxonomy":"post_tag","embeddable":true,"href":"https:\/\/radioljubuski.ba\/index.php\/wp-json\/wp\/v2\/tags?post=85351"}],"curies":[{"name":"wp","href":"https:\/\/api.w.org\/{rel}","templated":true}]}}