{"id":85376,"date":"2021-11-05T15:23:53","date_gmt":"2021-11-05T14:23:53","guid":{"rendered":"https:\/\/radioljubuski.ba\/?p=85376"},"modified":"2021-11-05T15:23:53","modified_gmt":"2021-11-05T14:23:53","slug":"hoce-li-zapad-napokon-shvatiti-da-od-gradanske-bih-nema-nista","status":"publish","type":"post","link":"https:\/\/radioljubuski.ba\/index.php\/2021\/11\/05\/hoce-li-zapad-napokon-shvatiti-da-od-gradanske-bih-nema-nista\/","title":{"rendered":"Ho\u0107e li Zapad napokon shvatiti da od gra\u0111anske BiH nema ni\u0161ta?"},"content":{"rendered":"\n<p><strong>Prije nekoliko dana uputila je Organizacija civilnog dru\u0161tva iz Sarajeva, u zajedni\u0161tvu sa Schwarz-Schillingom, neku vrstu prosvjeda zapadnim politi\u010darima \u0161to se ne zauzimaju odlu\u010dnije za gra\u0111ansku Bosnu i Hercegovinu.<\/strong><\/p>\n\n\n\n<p><strong>Pi\u0161e: <\/strong><em><strong>Dr. fra Luka Markovi\u0107<\/strong><\/em><strong>, <a href=\"https:\/\/www.nedjelja.ba\/hr\/komentari\/bogoslovlje-u-praksi\/hoce-li-zapad-napokon-shvatiti-da-od-gradanske-bih-nema-nista\/22926\">Katoli\u010dki tjednik<\/a><\/strong><\/p>\n\n\n\n<p>Pojedini krugovi u BiH ponovno poku\u0161avaju sa\u010duvati vlastite privilegije umjesto da se zauzimaju za rje\u0161avanje vrlo opasnoga stanja. Iako im je jasno da od \u010diste gra\u0111anske dr\u017eave nema ni\u0161ta \u2013 jer je ne \u017eele konstitutivni narodi, a ponajmanje odre\u0111eni krugovi oko SDA \u2013 poku\u0161avaju uvijek iznova ono \u0161to nema nikakvih izgleda. Sejdi\u0107 i Finci su tako\u0111er va\u017eni, ali ne mogu biti va\u017eniji od tri konstitutivna narod o kojima ovisi mir u BiH.<\/p>\n\n\n\n<p><strong>Senilnost unitarista i Schwarz-Schillinga<\/strong><\/p>\n\n\n\n<p>\u0160to povezuje unitaristi\u010dke krugove u BiH sa Christianom Schwarz-Schillingom, nekada\u0161njim visokim predstavnikom? Povezuje ih odre\u0111ena \u201esenilnost\u201c koja ne dozvoljava racionalno sagledavanje problema. Oni od zapadnih politi\u010dara \u2013 a u te svakako spada i Schwarz Schilling \u2013 koji misle da se Bosnu i Hercegovinu mo\u017ee urediti kao \u010distu gra\u0111ansku dr\u017eavu bez uva\u017eavanja etni\u010dkoga principa, \u0161to odgovara samo odre\u0111enom krugu jugonostalgi\u010dara koji se prodaju za velike \u201eBosance\u201c, o\u010dito ne poznaju dovoljno pravo stanje na terenu. Sve kad bi Hrvati i Srbi prihvatili gra\u0111ansku BiH, ne\u0107e je prihvatiti znatan dio Bo\u0161njaka.<\/p>\n\n\n\n<p>Za SDA je pri\u010da o gra\u0111anskom ure\u0111enju BiH samo igra za dobivanje vremena i pridobivanje simpatija u odre\u0111enim zapadnim politi\u010dkim krugovima. Onaj kojemu je Erdogan politi\u010dki uzor ne mo\u017ee biti za gra\u0111ansku dr\u017eavu zapadnoga tipa. U tako ure\u0111enoj dr\u017eavi do\u0161lo bi do koalicije izme\u0111u srpskih, hrvatskih i sekularnih bo\u0161nja\u010dkih stranaka protiv SDA koja bi po uzoru na Erdogana \u017eeljela malo vi\u0161e islama.<\/p>\n\n\n\n<p><strong>\u201eSlijepi\u201c politi\u010dari<\/strong><\/p>\n\n\n\n<p>Na\u017ealost, o tome slijepa zapadna politika ne razmi\u0161lja puno. Kolonijalni duh nametanja stila \u017eivota joj to ne dopu\u0161ta. Unato\u010d tolikim propalim politi\u010dkim poku\u0161ajima da se pojedinim zemljama nametne vlastiti pogled na \u017eivot, poku\u0161ava se i dalje prote\u017eirati ono u BiH \u0161to nema nikakve budu\u0107nosti. Umjesto podr\u017eavanja titoisti\u010dkih nostalgi\u010dara bilo bi bolje da poku\u0161aju voditi iskrene razgovore s Bo\u0161njacima o njihovim istinskim \u017eeljama, te ih me\u0111usobno pribli\u017eiti. Uostalom, samo slijep politi\u010dar ne vidi da su bo\u0161nja\u010dke \u017eelje vrlo razli\u010dite. Dok jugonostalgi\u010dari me\u0111u njima sanjaju o Titovim vremenima, a \u201eotpadnici\u201c od SDA o tome kako bi se mogli revan\u0161irati Izetbegovi\u0107u i preuzeti njegovu ulogu me\u0111u Bo\u0161njacima, ne skriva ovaj da mu je Erdogan uzor. Uostalom, Erdogan poku\u0161ava danas stvoriti modernu islamsku tursku dr\u017eavu prema konceptu Alije Izetbegovi\u0107a(Islamska deklaracija) zaboravljaju\u0107i da je prosperitetna dr\u017eava nemogu\u0107a s islamom koji ne uva\u017eava znanost i prosvjetiteljski duh s univerzalnim vrednotama. Uostalom to se najbolje pokazuje po ekonomskoj nerazvijenosti u islamskim zemljama, ali i trenutnom stanju u samoj Turskoj koja stenje pod ogromnom inflacijom.<\/p>\n\n\n\n<p>Samo naivan i nezainteresiran zapadni politi\u010dar mo\u017ee vjerovati da su za \u010distu gra\u0111ansku dr\u017eavu oni kojima je uzor Erdogan.<\/p>\n\n\n\n<p>Na\u017ealost, neznanje i strah od bilo kakve islamske dr\u017eavice u BiH, \u0161to podgrijavaju oni koji se dru\u017ee s takvima kao \u0161to je Schwarz-Schilling, ne dozvoljavaju im sagledati stanje ne\u0161to realnije, te potra\u017eiti rje\u0161enja koja bi mogla zadovoljiti tri konstitutivna naroda, ali i sve gra\u0111ane.<\/p>\n\n\n\n<p><strong>\u0160to ako do\u0111e do gra\u0111anskog ure\u0111enja?<\/strong><\/p>\n\n\n\n<p>Do\u0111e li doista pod pritiskom zapadne politike do gra\u0111anskoga ure\u0111enje u BiH, pojavit \u0107e opasna previranja. Kao prvo ve\u0107ina Bo\u0161njaka gleda na Aliju Izebegovi\u0107a jo\u0161 uvijek kao oca bo\u0161nja\u010dke nacije, iako on to nije. Prihvatio je nacionalnu odrednicu Bo\u0161njak kako bi uspio povezati sve sekularne i vjerski orijentirane tada\u0161nje Muslimane. Danas se pokazuje da ta ideja Muhameda Filipovi\u0107a i Zulfikarpa\u0161i\u0107a i nije za\u017eivjela me\u0111u svim Bo\u0161njacima, u suprotnom ne bi se pojavila nova ideja koja prote\u017eira takozvanu bosansku naciju. To se svakako ne odnosi na Sejdi\u0107a i Fincija, jer \u0107e i dalje ostati ono \u0161to jesu.<\/p>\n\n\n\n<p>Iako Hrvati i Srbi odbijaju takvu ispraznu ideologiju, njezini najve\u0107i protivnici mogli bi postati odre\u0111eni bo\u0161nja\u010dki krugovi, pogotovo oni koji razmi\u0161ljaju o ure\u0111enju BiH s ne\u0161to vi\u0161e utjecaja islama. Prihva\u0107anje bosanske nacije umanjilo bi utjecaj islama na javni \u017eivot u BiH. Tako ne\u0161to je neprihvatljivo svima onima koji smatraju da se BiH branilo kako bi se sa\u010duvao i islam.<\/p>\n\n\n\n<p>Do\u0111e li do gra\u0111anskoga ure\u0111enja BiH, bit \u0107e potisnut utjecaj religija na dru\u0161tvena doga\u0111anja. Katolici i pravoslavci bi to jo\u0161 nekako i pro\u017evakali s obzirom na to da religijsko danas u zapadnom svijetu, pa i onom pravoslavnom, nije bezuvjetno \u2013 iako to ponekad tako izgleda \u2013 vezano uz nacionalno. Vjernici Bo\u0161njaci \u0107e to te\u0161ko prihvatiti. Razlog za to le\u017ei u svijetu islama koji do\u017eivljava velika previranja u kojima vjerski pojam zajedni\u0161tva nadilazi onaj nacionalni. Svijest o pripadnosti islamskoj zajednici (umma) postaje sve izra\u017eeniji u muslimanskim zemljama.<\/p>\n\n\n\n<p><strong>Mogu\u0107a radikalizacija muslimana<\/strong><\/p>\n\n\n\n<p>Do\u0111e li do potiskivanja islama kod Bo\u0161njaka, probudit \u0107e se kod onih vjerskih orijentiranih nezadovoljstvo, jer BiH ne\u0107e mo\u0107i vi\u0161e biti tretirana kao islamska zemlja. A to bi dovelo do udaljavanja od Erdoganove Turske i islama na globalnoj razini. U slu\u010daju da do\u0111e do toga, pojaviti \u0107e se veliko nezadovoljstvo kod Bo\u0161njaka vjernika koji \u0107e ostati u manjini. Upravo to nezadovoljstvo bi moglo dovesti do ne\u017eeljenih posljedica, vjerojatno i do utjecaja radikalnijega islama na bosanskohercegova\u010dke muslimane.<\/p>\n\n\n\n<p>Onaj tko \u017eeli dobro stanovnicima BiH, bez obzira na naciju i vjeru, morao bi u\u010diniti sve da ne do\u0111e do toga. Nitko ne zna kakve bi se posljedice mogle izroditi iz tih previranja.<\/p>\n\n\n\n<p>Ima bo\u0161nja\u010dkih intelektualaca koji misle kako bi stvaranja bo\u0161nja\u010dkoga entiteta ili izborne jedinice dovelo do radikalizacije me\u0111u bh. muslimanima. Rije\u010d je o prikrivenim unitaristima iako se predstavljaju kao po\u0161teni Bo\u0161njaci. Naprotiv, mislim da \u0107e prije do\u0107i do radikalizacije muslimana ukoliko islam bude u potpunosti potisnut u stranu. Na to nas upozoravaju i iskustva iz pojedinih muslimanskih zemalja u kojima je zapadna politika poku\u0161ala nametnuti svoj stil \u017eivota.<\/p>\n\n\n\n<p><strong>I etni\u010dko i gra\u0111ansko<\/strong><\/p>\n\n\n\n<p>Utoliko je pametnije tra\u017eiti rje\u0161enje za BiH koje \u0107e omogu\u0107iti zadovoljstvo Hrvata, Srba, ali i vjerskih orijentiranih Bo\u0161njaka, naravno i svih gra\u0111ana. Takva rje\u0161enja se mogu posti\u0107i \u017eupanijskim (kantonalnim) ure\u0111enjem BiH, pri \u010demu bi do\u0161lo do izra\u017eaja etni\u010dko i gra\u0111ansko. U tom slu\u010daju morali bi i Srbi dati svoj doprinos daju\u0107i odre\u0111ene ustupke, shva\u0107aju\u0107i napokon da Republika Srpska nije povezana tvorevina. Uostalom bolje je imati posla s jo\u0161 uvijek umjerenim bo\u0161nja\u010dkim islamom, nego onim koji bi se zbog frustracije pao pod utjecaj muslimanskih radikalnih krugova u svijetu. A tih krugova \u2013 barem bi to trebao znati Schwarz-Schilling \u2013 ima jako puno i u zapadnim europskim dr\u017eavama. U BiH, sre\u0107om, nemamo jo\u0161 uvijek teroristi\u010dkih \u010dina islamista i zapadnih desni\u010darskih revan\u0161ista.<\/p>\n\n\n\n<p>Ne bude li BiH ure\u0111ena po volji sva tri naroda, nitko ne mo\u017ee isklju\u010diti da do toga ne\u0107e do\u0107i. Do\u0111e li do toga, ne\u0107e se Milorad Dodik osje\u0107ati dobro ni u samoj Banjoj Luci.<\/p>\n\n\n\n<p>A ako doista do\u0111e do \u017eupanijskoga (kantonalnog) ure\u0111enja uva\u017eavaju\u0107i etni\u010dko i gra\u0111ansko, otvorila bi se za BiH mogu\u0107nost da jednoga dana postane tolerantnom zemljom kao \u0161to je \u0160vicarska. Uostalom, ni \u0160vicarska nije preko no\u0107i postala zemljom tolerancije i su\u017eivota. A postala je tada kad je shvatila da se etni\u010dko ne mo\u017ee zanemariti. Da je i danas tako pokazuje \u010dinjenica kako se kanton (\u017eupanija) Jura od koji 30 000 stanovnika, u kojem ve\u0107inski \u017eive \u0160vicarci francuskoga porijekla, odvojio tek 1979. od kantona (\u017eupanije) Bern u kojem ve\u0107inski \u017eive \u0160vicarci kojima je materinski jezik njema\u010dki. Utoliko bi ljudima poput Schwarz-Schillinga bilo bolje da u\u010de ne\u0161to od \u0160vicaraca nego od bosanskohercegova\u010dkih jugonostalgi\u010dara, koji jo\u0161 uvijek sanjaju snove o jednoj zemlji, jednom narodu i jednom jeziku.<\/p>\n\n\n\n<p>\/HMS\/<\/p>\n","protected":false},"excerpt":{"rendered":"<p>Prije nekoliko dana uputila je Organizacija civilnog dru\u0161tva iz Sarajeva, u zajedni\u0161tvu sa Schwarz-Schillingom, neku vrstu prosvjeda zapadnim politi\u010darima \u0161to se ne zauzimaju odlu\u010dnije za gra\u0111ansku Bosnu i Hercegovinu. Pi\u0161e: Dr. fra Luka Markovi\u0107, Katoli\u010dki tjednik Pojedini krugovi u BiH ponovno poku\u0161avaju sa\u010duvati vlastite privilegije umjesto da se zauzimaju za rje\u0161avanje vrlo opasnoga stanja. Iako [&hellip;]<\/p>\n","protected":false},"author":2,"featured_media":85377,"comment_status":"closed","ping_status":"closed","sticky":false,"template":"","format":"standard","meta":{"h5ap_radio_sources":[],"footnotes":""},"categories":[1],"tags":[],"class_list":["post-85376","post","type-post","status-publish","format-standard","has-post-thumbnail","hentry","category-bihiregija"],"yoast_head":"<!-- This site is optimized with the Yoast SEO plugin v27.5 - https:\/\/yoast.com\/product\/yoast-seo-wordpress\/ -->\n<title>Ho\u0107e li Zapad napokon shvatiti da od gra\u0111anske BiH nema ni\u0161ta? - RADIO LJUBU\u0160KI<\/title>\n<meta name=\"robots\" content=\"index, follow, max-snippet:-1, max-image-preview:large, max-video-preview:-1\" \/>\n<link rel=\"canonical\" href=\"https:\/\/radioljubuski.ba\/index.php\/2021\/11\/05\/hoce-li-zapad-napokon-shvatiti-da-od-gradanske-bih-nema-nista\/\" \/>\n<meta property=\"og:locale\" content=\"hr_HR\" \/>\n<meta property=\"og:type\" content=\"article\" \/>\n<meta property=\"og:title\" content=\"Ho\u0107e li Zapad napokon shvatiti da od gra\u0111anske BiH nema ni\u0161ta? - RADIO LJUBU\u0160KI\" \/>\n<meta property=\"og:description\" content=\"Prije nekoliko dana uputila je Organizacija civilnog dru\u0161tva iz Sarajeva, u zajedni\u0161tvu sa Schwarz-Schillingom, neku vrstu prosvjeda zapadnim politi\u010darima \u0161to se ne zauzimaju odlu\u010dnije za gra\u0111ansku Bosnu i Hercegovinu. Pi\u0161e: Dr. fra Luka Markovi\u0107, Katoli\u010dki tjednik Pojedini krugovi u BiH ponovno poku\u0161avaju sa\u010duvati vlastite privilegije umjesto da se zauzimaju za rje\u0161avanje vrlo opasnoga stanja. Iako [&hellip;]\" \/>\n<meta property=\"og:url\" content=\"https:\/\/radioljubuski.ba\/index.php\/2021\/11\/05\/hoce-li-zapad-napokon-shvatiti-da-od-gradanske-bih-nema-nista\/\" \/>\n<meta property=\"og:site_name\" content=\"RADIO LJUBU\u0160KI\" \/>\n<meta property=\"article:publisher\" content=\"https:\/\/www.facebook.com\/Radiio-Ljubuski-1490835324566332\" \/>\n<meta property=\"article:published_time\" content=\"2021-11-05T14:23:53+00:00\" \/>\n<meta property=\"og:image\" content=\"https:\/\/radioljubuski.ba\/wp-content\/uploads\/2021\/11\/fra_luka_markovic.jpg\" \/>\n\t<meta property=\"og:image:width\" content=\"765\" \/>\n\t<meta property=\"og:image:height\" content=\"598\" \/>\n\t<meta property=\"og:image:type\" content=\"image\/jpeg\" \/>\n<meta name=\"author\" content=\"Radio Ljubu\u0161ki\" \/>\n<meta name=\"twitter:card\" content=\"summary_large_image\" \/>\n<meta name=\"twitter:creator\" content=\"@radioljubuski\" \/>\n<meta name=\"twitter:site\" content=\"@radioljubuski\" \/>\n<meta name=\"twitter:label1\" content=\"Napisao\/la\" \/>\n\t<meta name=\"twitter:data1\" content=\"Radio Ljubu\u0161ki\" \/>\n\t<meta name=\"twitter:label2\" content=\"Procijenjeno vrijeme \u010ditanja\" \/>\n\t<meta name=\"twitter:data2\" content=\"7 minuta\" \/>\n<script type=\"application\/ld+json\" class=\"yoast-schema-graph\">{\"@context\":\"https:\\\/\\\/schema.org\",\"@graph\":[{\"@type\":\"Article\",\"@id\":\"https:\\\/\\\/radioljubuski.ba\\\/index.php\\\/2021\\\/11\\\/05\\\/hoce-li-zapad-napokon-shvatiti-da-od-gradanske-bih-nema-nista\\\/#article\",\"isPartOf\":{\"@id\":\"https:\\\/\\\/radioljubuski.ba\\\/index.php\\\/2021\\\/11\\\/05\\\/hoce-li-zapad-napokon-shvatiti-da-od-gradanske-bih-nema-nista\\\/\"},\"author\":{\"name\":\"Radio Ljubu\u0161ki\",\"@id\":\"https:\\\/\\\/radioljubuski.ba\\\/#\\\/schema\\\/person\\\/19fc700381a780f69665d7956c469e3b\"},\"headline\":\"Ho\u0107e li Zapad napokon shvatiti da od gra\u0111anske BiH nema ni\u0161ta?\",\"datePublished\":\"2021-11-05T14:23:53+00:00\",\"mainEntityOfPage\":{\"@id\":\"https:\\\/\\\/radioljubuski.ba\\\/index.php\\\/2021\\\/11\\\/05\\\/hoce-li-zapad-napokon-shvatiti-da-od-gradanske-bih-nema-nista\\\/\"},\"wordCount\":1415,\"publisher\":{\"@id\":\"https:\\\/\\\/radioljubuski.ba\\\/#organization\"},\"image\":{\"@id\":\"https:\\\/\\\/radioljubuski.ba\\\/index.php\\\/2021\\\/11\\\/05\\\/hoce-li-zapad-napokon-shvatiti-da-od-gradanske-bih-nema-nista\\\/#primaryimage\"},\"thumbnailUrl\":\"https:\\\/\\\/radioljubuski.ba\\\/wp-content\\\/uploads\\\/2021\\\/11\\\/fra_luka_markovic.jpg\",\"articleSection\":[\"BIH i regija\"],\"inLanguage\":\"hr\"},{\"@type\":\"WebPage\",\"@id\":\"https:\\\/\\\/radioljubuski.ba\\\/index.php\\\/2021\\\/11\\\/05\\\/hoce-li-zapad-napokon-shvatiti-da-od-gradanske-bih-nema-nista\\\/\",\"url\":\"https:\\\/\\\/radioljubuski.ba\\\/index.php\\\/2021\\\/11\\\/05\\\/hoce-li-zapad-napokon-shvatiti-da-od-gradanske-bih-nema-nista\\\/\",\"name\":\"Ho\u0107e li Zapad napokon shvatiti da od gra\u0111anske BiH nema ni\u0161ta? - RADIO LJUBU\u0160KI\",\"isPartOf\":{\"@id\":\"https:\\\/\\\/radioljubuski.ba\\\/#website\"},\"primaryImageOfPage\":{\"@id\":\"https:\\\/\\\/radioljubuski.ba\\\/index.php\\\/2021\\\/11\\\/05\\\/hoce-li-zapad-napokon-shvatiti-da-od-gradanske-bih-nema-nista\\\/#primaryimage\"},\"image\":{\"@id\":\"https:\\\/\\\/radioljubuski.ba\\\/index.php\\\/2021\\\/11\\\/05\\\/hoce-li-zapad-napokon-shvatiti-da-od-gradanske-bih-nema-nista\\\/#primaryimage\"},\"thumbnailUrl\":\"https:\\\/\\\/radioljubuski.ba\\\/wp-content\\\/uploads\\\/2021\\\/11\\\/fra_luka_markovic.jpg\",\"datePublished\":\"2021-11-05T14:23:53+00:00\",\"breadcrumb\":{\"@id\":\"https:\\\/\\\/radioljubuski.ba\\\/index.php\\\/2021\\\/11\\\/05\\\/hoce-li-zapad-napokon-shvatiti-da-od-gradanske-bih-nema-nista\\\/#breadcrumb\"},\"inLanguage\":\"hr\",\"potentialAction\":[{\"@type\":\"ReadAction\",\"target\":[\"https:\\\/\\\/radioljubuski.ba\\\/index.php\\\/2021\\\/11\\\/05\\\/hoce-li-zapad-napokon-shvatiti-da-od-gradanske-bih-nema-nista\\\/\"]}]},{\"@type\":\"ImageObject\",\"inLanguage\":\"hr\",\"@id\":\"https:\\\/\\\/radioljubuski.ba\\\/index.php\\\/2021\\\/11\\\/05\\\/hoce-li-zapad-napokon-shvatiti-da-od-gradanske-bih-nema-nista\\\/#primaryimage\",\"url\":\"https:\\\/\\\/radioljubuski.ba\\\/wp-content\\\/uploads\\\/2021\\\/11\\\/fra_luka_markovic.jpg\",\"contentUrl\":\"https:\\\/\\\/radioljubuski.ba\\\/wp-content\\\/uploads\\\/2021\\\/11\\\/fra_luka_markovic.jpg\",\"width\":765,\"height\":598},{\"@type\":\"BreadcrumbList\",\"@id\":\"https:\\\/\\\/radioljubuski.ba\\\/index.php\\\/2021\\\/11\\\/05\\\/hoce-li-zapad-napokon-shvatiti-da-od-gradanske-bih-nema-nista\\\/#breadcrumb\",\"itemListElement\":[{\"@type\":\"ListItem\",\"position\":1,\"name\":\"Po\u010detna stranica\",\"item\":\"https:\\\/\\\/radioljubuski.ba\\\/\"},{\"@type\":\"ListItem\",\"position\":2,\"name\":\"Ho\u0107e li Zapad napokon shvatiti da od gra\u0111anske BiH nema ni\u0161ta?\"}]},{\"@type\":\"WebSite\",\"@id\":\"https:\\\/\\\/radioljubuski.ba\\\/#website\",\"url\":\"https:\\\/\\\/radioljubuski.ba\\\/\",\"name\":\"Radio Ljubu\u0161ki\",\"description\":\"Sun\u010dana frekvencija Hercegovine\",\"publisher\":{\"@id\":\"https:\\\/\\\/radioljubuski.ba\\\/#organization\"},\"potentialAction\":[{\"@type\":\"SearchAction\",\"target\":{\"@type\":\"EntryPoint\",\"urlTemplate\":\"https:\\\/\\\/radioljubuski.ba\\\/?s={search_term_string}\"},\"query-input\":{\"@type\":\"PropertyValueSpecification\",\"valueRequired\":true,\"valueName\":\"search_term_string\"}}],\"inLanguage\":\"hr\"},{\"@type\":\"Organization\",\"@id\":\"https:\\\/\\\/radioljubuski.ba\\\/#organization\",\"name\":\"Radio Ljubu\u0161ki\",\"url\":\"https:\\\/\\\/radioljubuski.ba\\\/\",\"logo\":{\"@type\":\"ImageObject\",\"inLanguage\":\"hr\",\"@id\":\"https:\\\/\\\/radioljubuski.ba\\\/#\\\/schema\\\/logo\\\/image\\\/\",\"url\":\"https:\\\/\\\/radioljubuski.ba\\\/wp-content\\\/uploads\\\/2021\\\/02\\\/cropped-Radio_Ljubuski_logo1.jpg\",\"contentUrl\":\"https:\\\/\\\/radioljubuski.ba\\\/wp-content\\\/uploads\\\/2021\\\/02\\\/cropped-Radio_Ljubuski_logo1.jpg\",\"width\":512,\"height\":512,\"caption\":\"Radio Ljubu\u0161ki\"},\"image\":{\"@id\":\"https:\\\/\\\/radioljubuski.ba\\\/#\\\/schema\\\/logo\\\/image\\\/\"},\"sameAs\":[\"https:\\\/\\\/www.facebook.com\\\/Radiio-Ljubuski-1490835324566332\",\"https:\\\/\\\/x.com\\\/radioljubuski\",\"https:\\\/\\\/hr.linkedin.com\\\/company\\\/radio-ljubuski\",\"https:\\\/\\\/www.youtube.com\\\/channel\\\/UCHYaeO_n0Db3tjNGudGpXyw\"]},{\"@type\":\"Person\",\"@id\":\"https:\\\/\\\/radioljubuski.ba\\\/#\\\/schema\\\/person\\\/19fc700381a780f69665d7956c469e3b\",\"name\":\"Radio Ljubu\u0161ki\"}]}<\/script>\n<!-- \/ Yoast SEO plugin. -->","yoast_head_json":{"title":"Ho\u0107e li Zapad napokon shvatiti da od gra\u0111anske BiH nema ni\u0161ta? - RADIO LJUBU\u0160KI","robots":{"index":"index","follow":"follow","max-snippet":"max-snippet:-1","max-image-preview":"max-image-preview:large","max-video-preview":"max-video-preview:-1"},"canonical":"https:\/\/radioljubuski.ba\/index.php\/2021\/11\/05\/hoce-li-zapad-napokon-shvatiti-da-od-gradanske-bih-nema-nista\/","og_locale":"hr_HR","og_type":"article","og_title":"Ho\u0107e li Zapad napokon shvatiti da od gra\u0111anske BiH nema ni\u0161ta? - RADIO LJUBU\u0160KI","og_description":"Prije nekoliko dana uputila je Organizacija civilnog dru\u0161tva iz Sarajeva, u zajedni\u0161tvu sa Schwarz-Schillingom, neku vrstu prosvjeda zapadnim politi\u010darima \u0161to se ne zauzimaju odlu\u010dnije za gra\u0111ansku Bosnu i Hercegovinu. Pi\u0161e: Dr. fra Luka Markovi\u0107, Katoli\u010dki tjednik Pojedini krugovi u BiH ponovno poku\u0161avaju sa\u010duvati vlastite privilegije umjesto da se zauzimaju za rje\u0161avanje vrlo opasnoga stanja. Iako [&hellip;]","og_url":"https:\/\/radioljubuski.ba\/index.php\/2021\/11\/05\/hoce-li-zapad-napokon-shvatiti-da-od-gradanske-bih-nema-nista\/","og_site_name":"RADIO LJUBU\u0160KI","article_publisher":"https:\/\/www.facebook.com\/Radiio-Ljubuski-1490835324566332","article_published_time":"2021-11-05T14:23:53+00:00","og_image":[{"width":765,"height":598,"url":"https:\/\/radioljubuski.ba\/wp-content\/uploads\/2021\/11\/fra_luka_markovic.jpg","type":"image\/jpeg"}],"author":"Radio Ljubu\u0161ki","twitter_card":"summary_large_image","twitter_creator":"@radioljubuski","twitter_site":"@radioljubuski","twitter_misc":{"Napisao\/la":"Radio Ljubu\u0161ki","Procijenjeno vrijeme \u010ditanja":"7 minuta"},"schema":{"@context":"https:\/\/schema.org","@graph":[{"@type":"Article","@id":"https:\/\/radioljubuski.ba\/index.php\/2021\/11\/05\/hoce-li-zapad-napokon-shvatiti-da-od-gradanske-bih-nema-nista\/#article","isPartOf":{"@id":"https:\/\/radioljubuski.ba\/index.php\/2021\/11\/05\/hoce-li-zapad-napokon-shvatiti-da-od-gradanske-bih-nema-nista\/"},"author":{"name":"Radio Ljubu\u0161ki","@id":"https:\/\/radioljubuski.ba\/#\/schema\/person\/19fc700381a780f69665d7956c469e3b"},"headline":"Ho\u0107e li Zapad napokon shvatiti da od gra\u0111anske BiH nema ni\u0161ta?","datePublished":"2021-11-05T14:23:53+00:00","mainEntityOfPage":{"@id":"https:\/\/radioljubuski.ba\/index.php\/2021\/11\/05\/hoce-li-zapad-napokon-shvatiti-da-od-gradanske-bih-nema-nista\/"},"wordCount":1415,"publisher":{"@id":"https:\/\/radioljubuski.ba\/#organization"},"image":{"@id":"https:\/\/radioljubuski.ba\/index.php\/2021\/11\/05\/hoce-li-zapad-napokon-shvatiti-da-od-gradanske-bih-nema-nista\/#primaryimage"},"thumbnailUrl":"https:\/\/radioljubuski.ba\/wp-content\/uploads\/2021\/11\/fra_luka_markovic.jpg","articleSection":["BIH i regija"],"inLanguage":"hr"},{"@type":"WebPage","@id":"https:\/\/radioljubuski.ba\/index.php\/2021\/11\/05\/hoce-li-zapad-napokon-shvatiti-da-od-gradanske-bih-nema-nista\/","url":"https:\/\/radioljubuski.ba\/index.php\/2021\/11\/05\/hoce-li-zapad-napokon-shvatiti-da-od-gradanske-bih-nema-nista\/","name":"Ho\u0107e li Zapad napokon shvatiti da od gra\u0111anske BiH nema ni\u0161ta? - RADIO LJUBU\u0160KI","isPartOf":{"@id":"https:\/\/radioljubuski.ba\/#website"},"primaryImageOfPage":{"@id":"https:\/\/radioljubuski.ba\/index.php\/2021\/11\/05\/hoce-li-zapad-napokon-shvatiti-da-od-gradanske-bih-nema-nista\/#primaryimage"},"image":{"@id":"https:\/\/radioljubuski.ba\/index.php\/2021\/11\/05\/hoce-li-zapad-napokon-shvatiti-da-od-gradanske-bih-nema-nista\/#primaryimage"},"thumbnailUrl":"https:\/\/radioljubuski.ba\/wp-content\/uploads\/2021\/11\/fra_luka_markovic.jpg","datePublished":"2021-11-05T14:23:53+00:00","breadcrumb":{"@id":"https:\/\/radioljubuski.ba\/index.php\/2021\/11\/05\/hoce-li-zapad-napokon-shvatiti-da-od-gradanske-bih-nema-nista\/#breadcrumb"},"inLanguage":"hr","potentialAction":[{"@type":"ReadAction","target":["https:\/\/radioljubuski.ba\/index.php\/2021\/11\/05\/hoce-li-zapad-napokon-shvatiti-da-od-gradanske-bih-nema-nista\/"]}]},{"@type":"ImageObject","inLanguage":"hr","@id":"https:\/\/radioljubuski.ba\/index.php\/2021\/11\/05\/hoce-li-zapad-napokon-shvatiti-da-od-gradanske-bih-nema-nista\/#primaryimage","url":"https:\/\/radioljubuski.ba\/wp-content\/uploads\/2021\/11\/fra_luka_markovic.jpg","contentUrl":"https:\/\/radioljubuski.ba\/wp-content\/uploads\/2021\/11\/fra_luka_markovic.jpg","width":765,"height":598},{"@type":"BreadcrumbList","@id":"https:\/\/radioljubuski.ba\/index.php\/2021\/11\/05\/hoce-li-zapad-napokon-shvatiti-da-od-gradanske-bih-nema-nista\/#breadcrumb","itemListElement":[{"@type":"ListItem","position":1,"name":"Po\u010detna stranica","item":"https:\/\/radioljubuski.ba\/"},{"@type":"ListItem","position":2,"name":"Ho\u0107e li Zapad napokon shvatiti da od gra\u0111anske BiH nema ni\u0161ta?"}]},{"@type":"WebSite","@id":"https:\/\/radioljubuski.ba\/#website","url":"https:\/\/radioljubuski.ba\/","name":"Radio Ljubu\u0161ki","description":"Sun\u010dana frekvencija Hercegovine","publisher":{"@id":"https:\/\/radioljubuski.ba\/#organization"},"potentialAction":[{"@type":"SearchAction","target":{"@type":"EntryPoint","urlTemplate":"https:\/\/radioljubuski.ba\/?s={search_term_string}"},"query-input":{"@type":"PropertyValueSpecification","valueRequired":true,"valueName":"search_term_string"}}],"inLanguage":"hr"},{"@type":"Organization","@id":"https:\/\/radioljubuski.ba\/#organization","name":"Radio Ljubu\u0161ki","url":"https:\/\/radioljubuski.ba\/","logo":{"@type":"ImageObject","inLanguage":"hr","@id":"https:\/\/radioljubuski.ba\/#\/schema\/logo\/image\/","url":"https:\/\/radioljubuski.ba\/wp-content\/uploads\/2021\/02\/cropped-Radio_Ljubuski_logo1.jpg","contentUrl":"https:\/\/radioljubuski.ba\/wp-content\/uploads\/2021\/02\/cropped-Radio_Ljubuski_logo1.jpg","width":512,"height":512,"caption":"Radio Ljubu\u0161ki"},"image":{"@id":"https:\/\/radioljubuski.ba\/#\/schema\/logo\/image\/"},"sameAs":["https:\/\/www.facebook.com\/Radiio-Ljubuski-1490835324566332","https:\/\/x.com\/radioljubuski","https:\/\/hr.linkedin.com\/company\/radio-ljubuski","https:\/\/www.youtube.com\/channel\/UCHYaeO_n0Db3tjNGudGpXyw"]},{"@type":"Person","@id":"https:\/\/radioljubuski.ba\/#\/schema\/person\/19fc700381a780f69665d7956c469e3b","name":"Radio Ljubu\u0161ki"}]}},"_links":{"self":[{"href":"https:\/\/radioljubuski.ba\/index.php\/wp-json\/wp\/v2\/posts\/85376","targetHints":{"allow":["GET"]}}],"collection":[{"href":"https:\/\/radioljubuski.ba\/index.php\/wp-json\/wp\/v2\/posts"}],"about":[{"href":"https:\/\/radioljubuski.ba\/index.php\/wp-json\/wp\/v2\/types\/post"}],"author":[{"embeddable":true,"href":"https:\/\/radioljubuski.ba\/index.php\/wp-json\/wp\/v2\/users\/2"}],"replies":[{"embeddable":true,"href":"https:\/\/radioljubuski.ba\/index.php\/wp-json\/wp\/v2\/comments?post=85376"}],"version-history":[{"count":1,"href":"https:\/\/radioljubuski.ba\/index.php\/wp-json\/wp\/v2\/posts\/85376\/revisions"}],"predecessor-version":[{"id":85378,"href":"https:\/\/radioljubuski.ba\/index.php\/wp-json\/wp\/v2\/posts\/85376\/revisions\/85378"}],"wp:featuredmedia":[{"embeddable":true,"href":"https:\/\/radioljubuski.ba\/index.php\/wp-json\/wp\/v2\/media\/85377"}],"wp:attachment":[{"href":"https:\/\/radioljubuski.ba\/index.php\/wp-json\/wp\/v2\/media?parent=85376"}],"wp:term":[{"taxonomy":"category","embeddable":true,"href":"https:\/\/radioljubuski.ba\/index.php\/wp-json\/wp\/v2\/categories?post=85376"},{"taxonomy":"post_tag","embeddable":true,"href":"https:\/\/radioljubuski.ba\/index.php\/wp-json\/wp\/v2\/tags?post=85376"}],"curies":[{"name":"wp","href":"https:\/\/api.w.org\/{rel}","templated":true}]}}