{"id":85382,"date":"2021-11-05T16:52:16","date_gmt":"2021-11-05T15:52:16","guid":{"rendered":"https:\/\/radioljubuski.ba\/?p=85382"},"modified":"2024-10-11T11:11:06","modified_gmt":"2024-10-11T10:11:06","slug":"jednoglasno-usvojen-rebalans-proracuna-grada-ljubuskog","status":"publish","type":"post","link":"https:\/\/radioljubuski.ba\/index.php\/2021\/11\/05\/jednoglasno-usvojen-rebalans-proracuna-grada-ljubuskog\/","title":{"rendered":"Jednoglasno usvojen rebalans prora\u010duna Grada Ljubu\u0161kog &#8211; audio i foto"},"content":{"rendered":"\n<p>Prijedlog Odluke o izmjeni i dopuni Odluke o Prora\u010dunu Grada Ljubu\u0161kog za 2021. godinu jednoglasno je usvojen na X. Sjednici Gradskog vije\u0107a Ljubu\u0161ki odr\u017eanoj u petak u Kulturnom centru u Ljubu\u0161kom.<br><\/p>\n\n\n\n<p>Usvojenim rebalansom, prora\u010dun Grada Ljubu\u0161kog sada iznosi 14.799.000 KM.<br><\/p>\n\n\n\n<p>Kako je objasnio gradona\u010delnik Vedran Markoti\u0107 razlozi rebalansa prora\u010duna su pove\u0107anje prihoda od poreza.<br><\/p>\n\n\n\n<p>\u201eMi smo bili dosta konzervativni zbog pandemije. Vrlo oprezno smo planirali prihode i drago mi je re\u0107i da smo bili u krivu i da se prora\u010dun puni mnogo bolje nego \u0161to smo mi o\u010dekivali\u201c.<br><\/p>\n\n\n\n<p>Zahvaljuju\u0107i pove\u0107anju prora\u010duna pove\u0107ati \u0107e se izdvajanja za obnovu prometnica, a Grad kre\u0107e i u jednu novu investiciju.<br>Rije\u010d je o obnovi Gradske galerije u centru Ljubu\u0161kog za koju se izdvaja 380 tisu\u0107a maraka.<br><\/p>\n\n\n\n<p>\u201eNa rashodovnoj strani smo uvrstili obnovu Gradske galerije, to je zgrada preko puta Osnovne \u0161kole Marka Maruli\u0107a, gdje je bila prva ljubu\u0161ka ljekarna. To je jedna prelijepa zgrada koja \u0107e sada biti obnovljena. Mislim da Ljubu\u0161ki zaslu\u017euje jedno takvo mjesto gdje \u0107e se mladi okupljati, izlagati svoje slike i radove\u201c, rekao je gradona\u010delnik i dodao kako su ve\u0107 osigurali sredstva za sufinanciranje obnove.<br><\/p>\n\n\n\n<p>\u201eMi smo obnovu Gradske galerije kandidirali na nekoliko mjesta i ovaj nam je projekt pro\u0161ao na nekoliko natje\u010daja, te su me\u0111unarodne organizacije od nas tra\u017eile da ve\u0107 u ovoj godini osiguramo sredstva za obnovu, budu\u0107i da su oni odobrili sredstva u ovoj godini\u201c.<br><\/p>\n\n\n\n<p>Uz rebalans prora\u010duna, jednoglasno je usvojen i Prijedlog Odluke o dodjeli jednokratnih financijskih potpora studentima Grada Ljubu\u0161kog za akademsku 2021\/22 godinu, tako da \u0107e Grad Ljubu\u0161ki i ove godine sve studente starijih godina stipendirati s po 500 KM. Podsjetimo, na pro\u0161lom vije\u0107u je usvojena odluka kojom je Grad Ljubu\u0161ki svim bruco\u0161ima osigurao nov\u010danu potporu.<br><\/p>\n\n\n\n<p>\u201eNapravili smo proceduru za bruco\u0161e, ovih dana je provjeravana dokumentacija. Svi bruco\u0161i koji su se prijavili ispunjavaju uvjete i dobit \u0107e stipendiju grada Ljubu\u0161kog. U idu\u0107em tjednu ide i natje\u010daj za studente vi\u0161ih godina gdje \u0107e svi studenti koji uredno ispunjavaju svoje studentske obaveze dobiti stipendije od Grada Ljubu\u0161kog. Pro\u0161le godine smo izdvojili iznos od preko 300 tisu\u0107a maraka za bruco\u0161e i studente vi\u0161ih godina koje su im ispla\u0107ene na njihove ra\u010dune. Negdje oko 600 studenata je dobilo stipendije i nadam se da \u0107e ove godine ta brojka biti jo\u0161 i ve\u0107a\u201c, rekao je nakon sjednice gradona\u010delnik Vedran Markoti\u0107.<br><\/p>\n\n\n\n<p>Jednoglasno je usvojena i Odluka o izmjeni Odluke o organizaciji i na\u010dinu obavljanja komunalnih i turisti\u010dkih djelatnosti na podru\u010dju uz vodotok rijeka Tihaljina-Mlade-Trebi\u017eat i ostale vodotoke na podru\u010dju Grada Ljubu\u0161kog.<br><\/p>\n\n\n\n<p>Pred vije\u0107nicima se danas na\u0161lo 11 to\u010daka, a sve o kojima se glasovalo su jednoglasno usvojene.<br><\/p>\n\n\n\n<p>Dnevni red je izgledao ovako:<\/p>\n\n\n\n<ol class=\"wp-block-list\">\n<li>Usvajanje zapisnika s IX. sjednice Gradskog vije\u0107a,<\/li>\n\n\n\n<li>Aktualni sat (vije\u0107ni\u010dka pitanja, sugestije, prijedlozi i ostalo),<\/li>\n\n\n\n<li>Prijedlog Odluke o izmjeni i dopuni Odluke o Prora\u010dunu Grada Ljubu\u0161kog za 2021. godinu,<\/li>\n\n\n\n<li>Prijedlog Odluke o izmjeni Odluke o organizaciji i na\u010dinu obavljanja komunalnih i turisti\u010dkih djelatnosti na podru\u010dju uz vodotok rijeka Tihaljina-Mlade-Trebi\u017eat i ostale vodotoke na podru\u010dju Grada Ljubu\u0161kog<\/li>\n\n\n\n<li>Prijedlog Odluke o dodjeli jednokratnih financijskih potpora studentima Grada Ljubu\u0161kog za akademsku 2021\/22 godinu,<\/li>\n\n\n\n<li>Prijedlog Odluke o odre\u0111ivanju gra\u0111evnog zemlji\u0161ta u dr\u017eavnom vlasni\u0161tvu,<\/li>\n\n\n\n<li>Prijedlog Zaklju\u010dka o prodaji neizgra\u0111enog gra\u0111evnog zemlji\u0161ta<\/li>\n\n\n\n<li>Prijedlog Rje\u0161enja o davanju suglasnosti na Odluku o izmjeni Statuta Javne ustanove Edukacijsko-rehabilitacijski centar za djecu, mlade i odrasle osobe s te\u0161ko\u0107ama u razvoju Grada Ljubu\u0161kog<\/li>\n\n\n\n<li>Prijedlog Rje\u0161enja o:<br>a) razrje\u0161enju Povjerenstva za odre\u0111ivanje i promjene naziva ulica, trgova i parkova,<br>b) imenovanju Povjerenstva za odre\u0111ivanje i promjene naziva ulica, trgova i parkova,<\/li>\n\n\n\n<li>Prijedlog Rje\u0161enja o:<br>a) razrje\u0161enju \u010dlanova Upravnog vije\u0107a Dje\u010djeg vrti\u0107a Ljubu\u0161ki,<br>b) kona\u010dnom imenovanju \u010dlanova Upravnog vije\u0107a Dje\u010djeg vrti\u0107a Ljubu\u0161ki,<\/li>\n\n\n\n<li>Prijedlog Odluke o davanju suglasnosti na Odluku o nabavi motornog vozila za potrebe Dje\u010djeg vrti\u0107a Ljubu\u0161ki<\/li>\n<\/ol>\n\n\n\n<p>Zbog tehni\u010dkih problema prenosimo samo dio snimke dana\u0161nje sjednice Gradskog vije\u0107a:<\/p>\n\n\n\n<figure class=\"wp-block-audio\"><audio controls src=\"https:\/\/radioljubuski.ba\/wp-content\/uploads\/2021\/11\/10-sj.-05.11.21-Untitled-1.mp3\"><\/audio><\/figure>\n","protected":false},"excerpt":{"rendered":"<p>Prijedlog Odluke o izmjeni i dopuni Odluke o Prora\u010dunu Grada Ljubu\u0161kog za 2021. godinu jednoglasno je usvojen na X. Sjednici Gradskog vije\u0107a Ljubu\u0161ki odr\u017eanoj u petak u Kulturnom centru u Ljubu\u0161kom. Usvojenim rebalansom, prora\u010dun Grada Ljubu\u0161kog sada iznosi 14.799.000 KM. Kako je objasnio gradona\u010delnik Vedran Markoti\u0107 razlozi rebalansa prora\u010duna su pove\u0107anje prihoda od poreza. \u201eMi [&hellip;]<\/p>\n","protected":false},"author":2,"featured_media":85384,"comment_status":"closed","ping_status":"closed","sticky":false,"template":"","format":"standard","meta":{"h5ap_radio_sources":[],"footnotes":""},"categories":[50,8],"tags":[],"class_list":["post-85382","post","type-post","status-publish","format-standard","has-post-thumbnail","hentry","category-gradskovijece","category-rlj-audio"],"yoast_head":"<!-- This site is optimized with the Yoast SEO plugin v27.5 - https:\/\/yoast.com\/product\/yoast-seo-wordpress\/ -->\n<title>Jednoglasno usvojen rebalans prora\u010duna Grada Ljubu\u0161kog - audio i foto - RADIO LJUBU\u0160KI<\/title>\n<meta name=\"robots\" content=\"index, follow, max-snippet:-1, max-image-preview:large, max-video-preview:-1\" \/>\n<link rel=\"canonical\" href=\"https:\/\/radioljubuski.ba\/index.php\/2021\/11\/05\/jednoglasno-usvojen-rebalans-proracuna-grada-ljubuskog\/\" \/>\n<meta property=\"og:locale\" content=\"hr_HR\" \/>\n<meta property=\"og:type\" content=\"article\" \/>\n<meta property=\"og:title\" content=\"Jednoglasno usvojen rebalans prora\u010duna Grada Ljubu\u0161kog - audio i foto - RADIO LJUBU\u0160KI\" \/>\n<meta property=\"og:description\" content=\"Prijedlog Odluke o izmjeni i dopuni Odluke o Prora\u010dunu Grada Ljubu\u0161kog za 2021. godinu jednoglasno je usvojen na X. Sjednici Gradskog vije\u0107a Ljubu\u0161ki odr\u017eanoj u petak u Kulturnom centru u Ljubu\u0161kom. Usvojenim rebalansom, prora\u010dun Grada Ljubu\u0161kog sada iznosi 14.799.000 KM. Kako je objasnio gradona\u010delnik Vedran Markoti\u0107 razlozi rebalansa prora\u010duna su pove\u0107anje prihoda od poreza. \u201eMi [&hellip;]\" \/>\n<meta property=\"og:url\" content=\"https:\/\/radioljubuski.ba\/index.php\/2021\/11\/05\/jednoglasno-usvojen-rebalans-proracuna-grada-ljubuskog\/\" \/>\n<meta property=\"og:site_name\" content=\"RADIO LJUBU\u0160KI\" \/>\n<meta property=\"article:publisher\" content=\"https:\/\/www.facebook.com\/Radiio-Ljubuski-1490835324566332\" \/>\n<meta property=\"article:published_time\" content=\"2021-11-05T15:52:16+00:00\" \/>\n<meta property=\"article:modified_time\" content=\"2024-10-11T10:11:06+00:00\" \/>\n<meta property=\"og:image\" content=\"https:\/\/radioljubuski.ba\/wp-content\/uploads\/2021\/11\/10-vijece.jpg\" \/>\n\t<meta property=\"og:image:width\" content=\"1686\" \/>\n\t<meta property=\"og:image:height\" content=\"1125\" \/>\n\t<meta property=\"og:image:type\" content=\"image\/jpeg\" \/>\n<meta name=\"author\" content=\"Radio Ljubu\u0161ki\" \/>\n<meta name=\"twitter:card\" content=\"summary_large_image\" \/>\n<meta name=\"twitter:creator\" content=\"@radioljubuski\" \/>\n<meta name=\"twitter:site\" content=\"@radioljubuski\" \/>\n<meta name=\"twitter:label1\" content=\"Napisao\/la\" \/>\n\t<meta name=\"twitter:data1\" content=\"Radio Ljubu\u0161ki\" \/>\n\t<meta name=\"twitter:label2\" content=\"Procijenjeno vrijeme \u010ditanja\" \/>\n\t<meta name=\"twitter:data2\" content=\"4 minute\" \/>\n<script type=\"application\/ld+json\" class=\"yoast-schema-graph\">{\"@context\":\"https:\\\/\\\/schema.org\",\"@graph\":[{\"@type\":\"Article\",\"@id\":\"https:\\\/\\\/radioljubuski.ba\\\/index.php\\\/2021\\\/11\\\/05\\\/jednoglasno-usvojen-rebalans-proracuna-grada-ljubuskog\\\/#article\",\"isPartOf\":{\"@id\":\"https:\\\/\\\/radioljubuski.ba\\\/index.php\\\/2021\\\/11\\\/05\\\/jednoglasno-usvojen-rebalans-proracuna-grada-ljubuskog\\\/\"},\"author\":{\"name\":\"Radio Ljubu\u0161ki\",\"@id\":\"https:\\\/\\\/radioljubuski.ba\\\/#\\\/schema\\\/person\\\/19fc700381a780f69665d7956c469e3b\"},\"headline\":\"Jednoglasno usvojen rebalans prora\u010duna Grada Ljubu\u0161kog &#8211; audio i foto\",\"datePublished\":\"2021-11-05T15:52:16+00:00\",\"dateModified\":\"2024-10-11T10:11:06+00:00\",\"mainEntityOfPage\":{\"@id\":\"https:\\\/\\\/radioljubuski.ba\\\/index.php\\\/2021\\\/11\\\/05\\\/jednoglasno-usvojen-rebalans-proracuna-grada-ljubuskog\\\/\"},\"wordCount\":729,\"publisher\":{\"@id\":\"https:\\\/\\\/radioljubuski.ba\\\/#organization\"},\"image\":{\"@id\":\"https:\\\/\\\/radioljubuski.ba\\\/index.php\\\/2021\\\/11\\\/05\\\/jednoglasno-usvojen-rebalans-proracuna-grada-ljubuskog\\\/#primaryimage\"},\"thumbnailUrl\":\"https:\\\/\\\/radioljubuski.ba\\\/wp-content\\\/uploads\\\/2021\\\/11\\\/10-vijece.jpg\",\"articleSection\":[\"GV Ljubu\u0161ki\",\"RLJ Audio\"],\"inLanguage\":\"hr\"},{\"@type\":\"WebPage\",\"@id\":\"https:\\\/\\\/radioljubuski.ba\\\/index.php\\\/2021\\\/11\\\/05\\\/jednoglasno-usvojen-rebalans-proracuna-grada-ljubuskog\\\/\",\"url\":\"https:\\\/\\\/radioljubuski.ba\\\/index.php\\\/2021\\\/11\\\/05\\\/jednoglasno-usvojen-rebalans-proracuna-grada-ljubuskog\\\/\",\"name\":\"Jednoglasno usvojen rebalans prora\u010duna Grada Ljubu\u0161kog - audio i foto - RADIO LJUBU\u0160KI\",\"isPartOf\":{\"@id\":\"https:\\\/\\\/radioljubuski.ba\\\/#website\"},\"primaryImageOfPage\":{\"@id\":\"https:\\\/\\\/radioljubuski.ba\\\/index.php\\\/2021\\\/11\\\/05\\\/jednoglasno-usvojen-rebalans-proracuna-grada-ljubuskog\\\/#primaryimage\"},\"image\":{\"@id\":\"https:\\\/\\\/radioljubuski.ba\\\/index.php\\\/2021\\\/11\\\/05\\\/jednoglasno-usvojen-rebalans-proracuna-grada-ljubuskog\\\/#primaryimage\"},\"thumbnailUrl\":\"https:\\\/\\\/radioljubuski.ba\\\/wp-content\\\/uploads\\\/2021\\\/11\\\/10-vijece.jpg\",\"datePublished\":\"2021-11-05T15:52:16+00:00\",\"dateModified\":\"2024-10-11T10:11:06+00:00\",\"breadcrumb\":{\"@id\":\"https:\\\/\\\/radioljubuski.ba\\\/index.php\\\/2021\\\/11\\\/05\\\/jednoglasno-usvojen-rebalans-proracuna-grada-ljubuskog\\\/#breadcrumb\"},\"inLanguage\":\"hr\",\"potentialAction\":[{\"@type\":\"ReadAction\",\"target\":[\"https:\\\/\\\/radioljubuski.ba\\\/index.php\\\/2021\\\/11\\\/05\\\/jednoglasno-usvojen-rebalans-proracuna-grada-ljubuskog\\\/\"]}]},{\"@type\":\"ImageObject\",\"inLanguage\":\"hr\",\"@id\":\"https:\\\/\\\/radioljubuski.ba\\\/index.php\\\/2021\\\/11\\\/05\\\/jednoglasno-usvojen-rebalans-proracuna-grada-ljubuskog\\\/#primaryimage\",\"url\":\"https:\\\/\\\/radioljubuski.ba\\\/wp-content\\\/uploads\\\/2021\\\/11\\\/10-vijece.jpg\",\"contentUrl\":\"https:\\\/\\\/radioljubuski.ba\\\/wp-content\\\/uploads\\\/2021\\\/11\\\/10-vijece.jpg\",\"width\":1686,\"height\":1125},{\"@type\":\"BreadcrumbList\",\"@id\":\"https:\\\/\\\/radioljubuski.ba\\\/index.php\\\/2021\\\/11\\\/05\\\/jednoglasno-usvojen-rebalans-proracuna-grada-ljubuskog\\\/#breadcrumb\",\"itemListElement\":[{\"@type\":\"ListItem\",\"position\":1,\"name\":\"Po\u010detna stranica\",\"item\":\"https:\\\/\\\/radioljubuski.ba\\\/\"},{\"@type\":\"ListItem\",\"position\":2,\"name\":\"Jednoglasno usvojen rebalans prora\u010duna Grada Ljubu\u0161kog &#8211; audio i foto\"}]},{\"@type\":\"WebSite\",\"@id\":\"https:\\\/\\\/radioljubuski.ba\\\/#website\",\"url\":\"https:\\\/\\\/radioljubuski.ba\\\/\",\"name\":\"Radio Ljubu\u0161ki\",\"description\":\"Sun\u010dana frekvencija Hercegovine\",\"publisher\":{\"@id\":\"https:\\\/\\\/radioljubuski.ba\\\/#organization\"},\"potentialAction\":[{\"@type\":\"SearchAction\",\"target\":{\"@type\":\"EntryPoint\",\"urlTemplate\":\"https:\\\/\\\/radioljubuski.ba\\\/?s={search_term_string}\"},\"query-input\":{\"@type\":\"PropertyValueSpecification\",\"valueRequired\":true,\"valueName\":\"search_term_string\"}}],\"inLanguage\":\"hr\"},{\"@type\":\"Organization\",\"@id\":\"https:\\\/\\\/radioljubuski.ba\\\/#organization\",\"name\":\"Radio Ljubu\u0161ki\",\"url\":\"https:\\\/\\\/radioljubuski.ba\\\/\",\"logo\":{\"@type\":\"ImageObject\",\"inLanguage\":\"hr\",\"@id\":\"https:\\\/\\\/radioljubuski.ba\\\/#\\\/schema\\\/logo\\\/image\\\/\",\"url\":\"https:\\\/\\\/radioljubuski.ba\\\/wp-content\\\/uploads\\\/2021\\\/02\\\/cropped-Radio_Ljubuski_logo1.jpg\",\"contentUrl\":\"https:\\\/\\\/radioljubuski.ba\\\/wp-content\\\/uploads\\\/2021\\\/02\\\/cropped-Radio_Ljubuski_logo1.jpg\",\"width\":512,\"height\":512,\"caption\":\"Radio Ljubu\u0161ki\"},\"image\":{\"@id\":\"https:\\\/\\\/radioljubuski.ba\\\/#\\\/schema\\\/logo\\\/image\\\/\"},\"sameAs\":[\"https:\\\/\\\/www.facebook.com\\\/Radiio-Ljubuski-1490835324566332\",\"https:\\\/\\\/x.com\\\/radioljubuski\",\"https:\\\/\\\/hr.linkedin.com\\\/company\\\/radio-ljubuski\",\"https:\\\/\\\/www.youtube.com\\\/channel\\\/UCHYaeO_n0Db3tjNGudGpXyw\"]},{\"@type\":\"Person\",\"@id\":\"https:\\\/\\\/radioljubuski.ba\\\/#\\\/schema\\\/person\\\/19fc700381a780f69665d7956c469e3b\",\"name\":\"Radio Ljubu\u0161ki\"}]}<\/script>\n<!-- \/ Yoast SEO plugin. -->","yoast_head_json":{"title":"Jednoglasno usvojen rebalans prora\u010duna Grada Ljubu\u0161kog - audio i foto - RADIO LJUBU\u0160KI","robots":{"index":"index","follow":"follow","max-snippet":"max-snippet:-1","max-image-preview":"max-image-preview:large","max-video-preview":"max-video-preview:-1"},"canonical":"https:\/\/radioljubuski.ba\/index.php\/2021\/11\/05\/jednoglasno-usvojen-rebalans-proracuna-grada-ljubuskog\/","og_locale":"hr_HR","og_type":"article","og_title":"Jednoglasno usvojen rebalans prora\u010duna Grada Ljubu\u0161kog - audio i foto - RADIO LJUBU\u0160KI","og_description":"Prijedlog Odluke o izmjeni i dopuni Odluke o Prora\u010dunu Grada Ljubu\u0161kog za 2021. godinu jednoglasno je usvojen na X. Sjednici Gradskog vije\u0107a Ljubu\u0161ki odr\u017eanoj u petak u Kulturnom centru u Ljubu\u0161kom. Usvojenim rebalansom, prora\u010dun Grada Ljubu\u0161kog sada iznosi 14.799.000 KM. Kako je objasnio gradona\u010delnik Vedran Markoti\u0107 razlozi rebalansa prora\u010duna su pove\u0107anje prihoda od poreza. \u201eMi [&hellip;]","og_url":"https:\/\/radioljubuski.ba\/index.php\/2021\/11\/05\/jednoglasno-usvojen-rebalans-proracuna-grada-ljubuskog\/","og_site_name":"RADIO LJUBU\u0160KI","article_publisher":"https:\/\/www.facebook.com\/Radiio-Ljubuski-1490835324566332","article_published_time":"2021-11-05T15:52:16+00:00","article_modified_time":"2024-10-11T10:11:06+00:00","og_image":[{"width":1686,"height":1125,"url":"https:\/\/radioljubuski.ba\/wp-content\/uploads\/2021\/11\/10-vijece.jpg","type":"image\/jpeg"}],"author":"Radio Ljubu\u0161ki","twitter_card":"summary_large_image","twitter_creator":"@radioljubuski","twitter_site":"@radioljubuski","twitter_misc":{"Napisao\/la":"Radio Ljubu\u0161ki","Procijenjeno vrijeme \u010ditanja":"4 minute"},"schema":{"@context":"https:\/\/schema.org","@graph":[{"@type":"Article","@id":"https:\/\/radioljubuski.ba\/index.php\/2021\/11\/05\/jednoglasno-usvojen-rebalans-proracuna-grada-ljubuskog\/#article","isPartOf":{"@id":"https:\/\/radioljubuski.ba\/index.php\/2021\/11\/05\/jednoglasno-usvojen-rebalans-proracuna-grada-ljubuskog\/"},"author":{"name":"Radio Ljubu\u0161ki","@id":"https:\/\/radioljubuski.ba\/#\/schema\/person\/19fc700381a780f69665d7956c469e3b"},"headline":"Jednoglasno usvojen rebalans prora\u010duna Grada Ljubu\u0161kog &#8211; audio i foto","datePublished":"2021-11-05T15:52:16+00:00","dateModified":"2024-10-11T10:11:06+00:00","mainEntityOfPage":{"@id":"https:\/\/radioljubuski.ba\/index.php\/2021\/11\/05\/jednoglasno-usvojen-rebalans-proracuna-grada-ljubuskog\/"},"wordCount":729,"publisher":{"@id":"https:\/\/radioljubuski.ba\/#organization"},"image":{"@id":"https:\/\/radioljubuski.ba\/index.php\/2021\/11\/05\/jednoglasno-usvojen-rebalans-proracuna-grada-ljubuskog\/#primaryimage"},"thumbnailUrl":"https:\/\/radioljubuski.ba\/wp-content\/uploads\/2021\/11\/10-vijece.jpg","articleSection":["GV Ljubu\u0161ki","RLJ Audio"],"inLanguage":"hr"},{"@type":"WebPage","@id":"https:\/\/radioljubuski.ba\/index.php\/2021\/11\/05\/jednoglasno-usvojen-rebalans-proracuna-grada-ljubuskog\/","url":"https:\/\/radioljubuski.ba\/index.php\/2021\/11\/05\/jednoglasno-usvojen-rebalans-proracuna-grada-ljubuskog\/","name":"Jednoglasno usvojen rebalans prora\u010duna Grada Ljubu\u0161kog - audio i foto - RADIO LJUBU\u0160KI","isPartOf":{"@id":"https:\/\/radioljubuski.ba\/#website"},"primaryImageOfPage":{"@id":"https:\/\/radioljubuski.ba\/index.php\/2021\/11\/05\/jednoglasno-usvojen-rebalans-proracuna-grada-ljubuskog\/#primaryimage"},"image":{"@id":"https:\/\/radioljubuski.ba\/index.php\/2021\/11\/05\/jednoglasno-usvojen-rebalans-proracuna-grada-ljubuskog\/#primaryimage"},"thumbnailUrl":"https:\/\/radioljubuski.ba\/wp-content\/uploads\/2021\/11\/10-vijece.jpg","datePublished":"2021-11-05T15:52:16+00:00","dateModified":"2024-10-11T10:11:06+00:00","breadcrumb":{"@id":"https:\/\/radioljubuski.ba\/index.php\/2021\/11\/05\/jednoglasno-usvojen-rebalans-proracuna-grada-ljubuskog\/#breadcrumb"},"inLanguage":"hr","potentialAction":[{"@type":"ReadAction","target":["https:\/\/radioljubuski.ba\/index.php\/2021\/11\/05\/jednoglasno-usvojen-rebalans-proracuna-grada-ljubuskog\/"]}]},{"@type":"ImageObject","inLanguage":"hr","@id":"https:\/\/radioljubuski.ba\/index.php\/2021\/11\/05\/jednoglasno-usvojen-rebalans-proracuna-grada-ljubuskog\/#primaryimage","url":"https:\/\/radioljubuski.ba\/wp-content\/uploads\/2021\/11\/10-vijece.jpg","contentUrl":"https:\/\/radioljubuski.ba\/wp-content\/uploads\/2021\/11\/10-vijece.jpg","width":1686,"height":1125},{"@type":"BreadcrumbList","@id":"https:\/\/radioljubuski.ba\/index.php\/2021\/11\/05\/jednoglasno-usvojen-rebalans-proracuna-grada-ljubuskog\/#breadcrumb","itemListElement":[{"@type":"ListItem","position":1,"name":"Po\u010detna stranica","item":"https:\/\/radioljubuski.ba\/"},{"@type":"ListItem","position":2,"name":"Jednoglasno usvojen rebalans prora\u010duna Grada Ljubu\u0161kog &#8211; audio i foto"}]},{"@type":"WebSite","@id":"https:\/\/radioljubuski.ba\/#website","url":"https:\/\/radioljubuski.ba\/","name":"Radio Ljubu\u0161ki","description":"Sun\u010dana frekvencija Hercegovine","publisher":{"@id":"https:\/\/radioljubuski.ba\/#organization"},"potentialAction":[{"@type":"SearchAction","target":{"@type":"EntryPoint","urlTemplate":"https:\/\/radioljubuski.ba\/?s={search_term_string}"},"query-input":{"@type":"PropertyValueSpecification","valueRequired":true,"valueName":"search_term_string"}}],"inLanguage":"hr"},{"@type":"Organization","@id":"https:\/\/radioljubuski.ba\/#organization","name":"Radio Ljubu\u0161ki","url":"https:\/\/radioljubuski.ba\/","logo":{"@type":"ImageObject","inLanguage":"hr","@id":"https:\/\/radioljubuski.ba\/#\/schema\/logo\/image\/","url":"https:\/\/radioljubuski.ba\/wp-content\/uploads\/2021\/02\/cropped-Radio_Ljubuski_logo1.jpg","contentUrl":"https:\/\/radioljubuski.ba\/wp-content\/uploads\/2021\/02\/cropped-Radio_Ljubuski_logo1.jpg","width":512,"height":512,"caption":"Radio Ljubu\u0161ki"},"image":{"@id":"https:\/\/radioljubuski.ba\/#\/schema\/logo\/image\/"},"sameAs":["https:\/\/www.facebook.com\/Radiio-Ljubuski-1490835324566332","https:\/\/x.com\/radioljubuski","https:\/\/hr.linkedin.com\/company\/radio-ljubuski","https:\/\/www.youtube.com\/channel\/UCHYaeO_n0Db3tjNGudGpXyw"]},{"@type":"Person","@id":"https:\/\/radioljubuski.ba\/#\/schema\/person\/19fc700381a780f69665d7956c469e3b","name":"Radio Ljubu\u0161ki"}]}},"_links":{"self":[{"href":"https:\/\/radioljubuski.ba\/index.php\/wp-json\/wp\/v2\/posts\/85382","targetHints":{"allow":["GET"]}}],"collection":[{"href":"https:\/\/radioljubuski.ba\/index.php\/wp-json\/wp\/v2\/posts"}],"about":[{"href":"https:\/\/radioljubuski.ba\/index.php\/wp-json\/wp\/v2\/types\/post"}],"author":[{"embeddable":true,"href":"https:\/\/radioljubuski.ba\/index.php\/wp-json\/wp\/v2\/users\/2"}],"replies":[{"embeddable":true,"href":"https:\/\/radioljubuski.ba\/index.php\/wp-json\/wp\/v2\/comments?post=85382"}],"version-history":[{"count":6,"href":"https:\/\/radioljubuski.ba\/index.php\/wp-json\/wp\/v2\/posts\/85382\/revisions"}],"predecessor-version":[{"id":209546,"href":"https:\/\/radioljubuski.ba\/index.php\/wp-json\/wp\/v2\/posts\/85382\/revisions\/209546"}],"wp:featuredmedia":[{"embeddable":true,"href":"https:\/\/radioljubuski.ba\/index.php\/wp-json\/wp\/v2\/media\/85384"}],"wp:attachment":[{"href":"https:\/\/radioljubuski.ba\/index.php\/wp-json\/wp\/v2\/media?parent=85382"}],"wp:term":[{"taxonomy":"category","embeddable":true,"href":"https:\/\/radioljubuski.ba\/index.php\/wp-json\/wp\/v2\/categories?post=85382"},{"taxonomy":"post_tag","embeddable":true,"href":"https:\/\/radioljubuski.ba\/index.php\/wp-json\/wp\/v2\/tags?post=85382"}],"curies":[{"name":"wp","href":"https:\/\/api.w.org\/{rel}","templated":true}]}}