{"id":85407,"date":"2021-11-05T17:13:13","date_gmt":"2021-11-05T16:13:13","guid":{"rendered":"https:\/\/radioljubuski.ba\/?p=85407"},"modified":"2021-11-05T17:13:14","modified_gmt":"2021-11-05T16:13:14","slug":"nova-ceska-vlada-necemo-usvojiti-euro-u-nasem-mandatu","status":"publish","type":"post","link":"https:\/\/radioljubuski.ba\/index.php\/2021\/11\/05\/nova-ceska-vlada-necemo-usvojiti-euro-u-nasem-mandatu\/","title":{"rendered":"Nova \u010de\u0161ka Vlada: Ne\u0107emo usvojiti euro u na\u0161em mandatu"},"content":{"rendered":"\n<p>Novonastala \u010de\u0161ka koalicijska vlada ne planira usvojiti euro tijekom svog mandata, rekli su predsjednik TOP 09 Jan Jakob i zamjenik predsjednika ODS-a Zbyn\u011bk Stanjura. Prema njihovim rije\u010dima, \u010ce\u0161ka ne te\u017ei tome da ispuni uvjete za uvo\u0111enje eura, \u0161to za sada i ne bi bilo korisno za zemlju, prenosi&nbsp;<a href=\"https:\/\/rmx.news\/czech-republic\/czechia-wont-adopt-the-euro-says-new-government\/\">rmx.news<\/a>.<\/p>\n\n\n\n<p>Koalicija SPOLU (ODS, KDU-\u010cSL i TOP 09) i Pirati te Gradona\u010delnici i neovisni (STAN) ne planiraju uvesti euro valutu tijekom mandata novoformirane vlade.<\/p>\n\n\n\n<p>\u201cPo\u0161tujemo program SPOLU-a. Usvajanje eura nije na dnevnom redu. Ne ispunjavamo kriterije za uvo\u0111enje eura, pa je to vi\u0161e pitanje za na\u0161e nasljednike\u201d, rekao je Jan Jakob.<\/p>\n\n\n\n<p>Kriti\u010dari eura ka\u017eu da on naru\u0161ava gospodarsku konkurentnost, posebno u pogledu izvoza. Zemlje poput Poljske, \u010ce\u0161ke i Ma\u0111arske bile su uspje\u0161ne pri\u010de u posljednjih nekoliko godina, djelomi\u010dno zato \u0161to imaju sposobnost rada s vlastitim valutama. Zemlje kao \u0161to su \u0160panjolska i Gr\u010dka, na primjer, do\u017eivjele su uvelike smanjenje svojih proizvodnih sektora nakon uvo\u0111enja eura.<\/p>\n\n\n\n<h4 class=\"wp-block-heading\">\u010ce\u0161ka narodna banka i Ministarstvo financija preporu\u010dili da se ne odredi datum<\/h4>\n\n\n\n<p>\u201cJavne financije su u takvom stanju da ne ispunjavamo kriterije za ulazak u eurozonu. Moramo usvojiti euro kada \u0107e to biti povoljno za \u010ce\u0161ku, \u0161to jo\u0161 nije\u201d, rekao je Zbyn\u011bk Stanjura.<\/p>\n\n\n\n<p>Prema prognozi iz kolovoza Ministarstva financija, javne \u0107e financije ove godine zavr\u0161iti u deficitu od 7,7 posto BDP-a. O\u010dekuje se da \u0107e deficit idu\u0107e godine pasti na 5 posto. Prema ministarstvu, deficit bi se trebao nastaviti smanjivati \u200b\u200bu narednim godinama, do 4,1 posto u 2024. Pro\u0161le je godine deficit javnih financija iznosio 5,6 posto BDP-a. Prema podacima Ministarstva financija, ukupni javni dug trebao bi porasti s pro\u0161logodi\u0161njih 37,7 posto BDP-a na 43,5 posto BDP-a ove godine.<\/p>\n\n\n\n<p>U normalnim okolnostima, bez u\u010dinaka pandemije koronavirusa, Europska unija zahtijeva deficit javnih financija ispod 3 posto BDP-a i dug ispod 60 posto BDP-a da bi dopustila uvo\u0111enje eura. Me\u0111utim, u o\u017eujku pro\u0161le godine, kako bi podr\u017eala gospodarstva pogo\u0111ena mjerama pandemije, Europska komisija suspendirala je pravila, najaviv\u0161i da \u0107e se ona vratiti do po\u010detka 2023. godine.<\/p>\n\n\n\n<p>Pro\u0161log prosinca, u zajedni\u010dkom priop\u0107enju, \u010ce\u0161ka narodna banka i Ministarstvo financija ponovno su preporu\u010dili vladi da ne odredi datum za pristupanje eurozoni.<\/p>\n\n\n\n<p>Me\u0111utim, \u010ce\u0161ka se obvezala poduzeti korake kako bi \u0161to prije bila spremna za pristupanje eurozoni.<\/p>\n\n\n\n<p><em>Izvor: narod.hr\/rmx.news<\/em><\/p>\n","protected":false},"excerpt":{"rendered":"<p>Novonastala \u010de\u0161ka koalicijska vlada ne planira usvojiti euro tijekom svog mandata, rekli su predsjednik TOP 09 Jan Jakob i zamjenik predsjednika ODS-a Zbyn\u011bk Stanjura. Prema njihovim rije\u010dima, \u010ce\u0161ka ne te\u017ei tome da ispuni uvjete za uvo\u0111enje eura, \u0161to za sada i ne bi bilo korisno za zemlju, prenosi&nbsp;rmx.news. Koalicija SPOLU (ODS, KDU-\u010cSL i TOP 09) [&hellip;]<\/p>\n","protected":false},"author":2,"featured_media":85408,"comment_status":"closed","ping_status":"closed","sticky":false,"template":"","format":"standard","meta":{"h5ap_radio_sources":[],"footnotes":""},"categories":[1],"tags":[],"class_list":["post-85407","post","type-post","status-publish","format-standard","has-post-thumbnail","hentry","category-bihiregija"],"yoast_head":"<!-- This site is optimized with the Yoast SEO plugin v27.5 - https:\/\/yoast.com\/product\/yoast-seo-wordpress\/ -->\n<title>Nova \u010de\u0161ka Vlada: Ne\u0107emo usvojiti euro u na\u0161em mandatu - RADIO LJUBU\u0160KI<\/title>\n<meta name=\"robots\" content=\"index, follow, max-snippet:-1, max-image-preview:large, max-video-preview:-1\" \/>\n<link rel=\"canonical\" href=\"https:\/\/radioljubuski.ba\/index.php\/2021\/11\/05\/nova-ceska-vlada-necemo-usvojiti-euro-u-nasem-mandatu\/\" \/>\n<meta property=\"og:locale\" content=\"hr_HR\" \/>\n<meta property=\"og:type\" content=\"article\" \/>\n<meta property=\"og:title\" content=\"Nova \u010de\u0161ka Vlada: Ne\u0107emo usvojiti euro u na\u0161em mandatu - RADIO LJUBU\u0160KI\" \/>\n<meta property=\"og:description\" content=\"Novonastala \u010de\u0161ka koalicijska vlada ne planira usvojiti euro tijekom svog mandata, rekli su predsjednik TOP 09 Jan Jakob i zamjenik predsjednika ODS-a Zbyn\u011bk Stanjura. Prema njihovim rije\u010dima, \u010ce\u0161ka ne te\u017ei tome da ispuni uvjete za uvo\u0111enje eura, \u0161to za sada i ne bi bilo korisno za zemlju, prenosi&nbsp;rmx.news. Koalicija SPOLU (ODS, KDU-\u010cSL i TOP 09) [&hellip;]\" \/>\n<meta property=\"og:url\" content=\"https:\/\/radioljubuski.ba\/index.php\/2021\/11\/05\/nova-ceska-vlada-necemo-usvojiti-euro-u-nasem-mandatu\/\" \/>\n<meta property=\"og:site_name\" content=\"RADIO LJUBU\u0160KI\" \/>\n<meta property=\"article:publisher\" content=\"https:\/\/www.facebook.com\/Radiio-Ljubuski-1490835324566332\" \/>\n<meta property=\"article:published_time\" content=\"2021-11-05T16:13:13+00:00\" \/>\n<meta property=\"article:modified_time\" content=\"2021-11-05T16:13:14+00:00\" \/>\n<meta property=\"og:image\" content=\"https:\/\/radioljubuski.ba\/wp-content\/uploads\/2021\/11\/FotoJet-1-696x464-1.jpg\" \/>\n\t<meta property=\"og:image:width\" content=\"696\" \/>\n\t<meta property=\"og:image:height\" content=\"464\" \/>\n\t<meta property=\"og:image:type\" content=\"image\/jpeg\" \/>\n<meta name=\"author\" content=\"Radio Ljubu\u0161ki\" \/>\n<meta name=\"twitter:card\" content=\"summary_large_image\" \/>\n<meta name=\"twitter:creator\" content=\"@radioljubuski\" \/>\n<meta name=\"twitter:site\" content=\"@radioljubuski\" \/>\n<meta name=\"twitter:label1\" content=\"Napisao\/la\" \/>\n\t<meta name=\"twitter:data1\" content=\"Radio Ljubu\u0161ki\" \/>\n\t<meta name=\"twitter:label2\" content=\"Procijenjeno vrijeme \u010ditanja\" \/>\n\t<meta name=\"twitter:data2\" content=\"2 minute\" \/>\n<script type=\"application\/ld+json\" class=\"yoast-schema-graph\">{\"@context\":\"https:\\\/\\\/schema.org\",\"@graph\":[{\"@type\":\"Article\",\"@id\":\"https:\\\/\\\/radioljubuski.ba\\\/index.php\\\/2021\\\/11\\\/05\\\/nova-ceska-vlada-necemo-usvojiti-euro-u-nasem-mandatu\\\/#article\",\"isPartOf\":{\"@id\":\"https:\\\/\\\/radioljubuski.ba\\\/index.php\\\/2021\\\/11\\\/05\\\/nova-ceska-vlada-necemo-usvojiti-euro-u-nasem-mandatu\\\/\"},\"author\":{\"name\":\"Radio Ljubu\u0161ki\",\"@id\":\"https:\\\/\\\/radioljubuski.ba\\\/#\\\/schema\\\/person\\\/19fc700381a780f69665d7956c469e3b\"},\"headline\":\"Nova \u010de\u0161ka Vlada: Ne\u0107emo usvojiti euro u na\u0161em mandatu\",\"datePublished\":\"2021-11-05T16:13:13+00:00\",\"dateModified\":\"2021-11-05T16:13:14+00:00\",\"mainEntityOfPage\":{\"@id\":\"https:\\\/\\\/radioljubuski.ba\\\/index.php\\\/2021\\\/11\\\/05\\\/nova-ceska-vlada-necemo-usvojiti-euro-u-nasem-mandatu\\\/\"},\"wordCount\":420,\"publisher\":{\"@id\":\"https:\\\/\\\/radioljubuski.ba\\\/#organization\"},\"image\":{\"@id\":\"https:\\\/\\\/radioljubuski.ba\\\/index.php\\\/2021\\\/11\\\/05\\\/nova-ceska-vlada-necemo-usvojiti-euro-u-nasem-mandatu\\\/#primaryimage\"},\"thumbnailUrl\":\"https:\\\/\\\/radioljubuski.ba\\\/wp-content\\\/uploads\\\/2021\\\/11\\\/FotoJet-1-696x464-1.jpg\",\"articleSection\":[\"BIH i regija\"],\"inLanguage\":\"hr\"},{\"@type\":\"WebPage\",\"@id\":\"https:\\\/\\\/radioljubuski.ba\\\/index.php\\\/2021\\\/11\\\/05\\\/nova-ceska-vlada-necemo-usvojiti-euro-u-nasem-mandatu\\\/\",\"url\":\"https:\\\/\\\/radioljubuski.ba\\\/index.php\\\/2021\\\/11\\\/05\\\/nova-ceska-vlada-necemo-usvojiti-euro-u-nasem-mandatu\\\/\",\"name\":\"Nova \u010de\u0161ka Vlada: Ne\u0107emo usvojiti euro u na\u0161em mandatu - RADIO LJUBU\u0160KI\",\"isPartOf\":{\"@id\":\"https:\\\/\\\/radioljubuski.ba\\\/#website\"},\"primaryImageOfPage\":{\"@id\":\"https:\\\/\\\/radioljubuski.ba\\\/index.php\\\/2021\\\/11\\\/05\\\/nova-ceska-vlada-necemo-usvojiti-euro-u-nasem-mandatu\\\/#primaryimage\"},\"image\":{\"@id\":\"https:\\\/\\\/radioljubuski.ba\\\/index.php\\\/2021\\\/11\\\/05\\\/nova-ceska-vlada-necemo-usvojiti-euro-u-nasem-mandatu\\\/#primaryimage\"},\"thumbnailUrl\":\"https:\\\/\\\/radioljubuski.ba\\\/wp-content\\\/uploads\\\/2021\\\/11\\\/FotoJet-1-696x464-1.jpg\",\"datePublished\":\"2021-11-05T16:13:13+00:00\",\"dateModified\":\"2021-11-05T16:13:14+00:00\",\"breadcrumb\":{\"@id\":\"https:\\\/\\\/radioljubuski.ba\\\/index.php\\\/2021\\\/11\\\/05\\\/nova-ceska-vlada-necemo-usvojiti-euro-u-nasem-mandatu\\\/#breadcrumb\"},\"inLanguage\":\"hr\",\"potentialAction\":[{\"@type\":\"ReadAction\",\"target\":[\"https:\\\/\\\/radioljubuski.ba\\\/index.php\\\/2021\\\/11\\\/05\\\/nova-ceska-vlada-necemo-usvojiti-euro-u-nasem-mandatu\\\/\"]}]},{\"@type\":\"ImageObject\",\"inLanguage\":\"hr\",\"@id\":\"https:\\\/\\\/radioljubuski.ba\\\/index.php\\\/2021\\\/11\\\/05\\\/nova-ceska-vlada-necemo-usvojiti-euro-u-nasem-mandatu\\\/#primaryimage\",\"url\":\"https:\\\/\\\/radioljubuski.ba\\\/wp-content\\\/uploads\\\/2021\\\/11\\\/FotoJet-1-696x464-1.jpg\",\"contentUrl\":\"https:\\\/\\\/radioljubuski.ba\\\/wp-content\\\/uploads\\\/2021\\\/11\\\/FotoJet-1-696x464-1.jpg\",\"width\":696,\"height\":464},{\"@type\":\"BreadcrumbList\",\"@id\":\"https:\\\/\\\/radioljubuski.ba\\\/index.php\\\/2021\\\/11\\\/05\\\/nova-ceska-vlada-necemo-usvojiti-euro-u-nasem-mandatu\\\/#breadcrumb\",\"itemListElement\":[{\"@type\":\"ListItem\",\"position\":1,\"name\":\"Po\u010detna stranica\",\"item\":\"https:\\\/\\\/radioljubuski.ba\\\/\"},{\"@type\":\"ListItem\",\"position\":2,\"name\":\"Nova \u010de\u0161ka Vlada: Ne\u0107emo usvojiti euro u na\u0161em mandatu\"}]},{\"@type\":\"WebSite\",\"@id\":\"https:\\\/\\\/radioljubuski.ba\\\/#website\",\"url\":\"https:\\\/\\\/radioljubuski.ba\\\/\",\"name\":\"Radio Ljubu\u0161ki\",\"description\":\"Sun\u010dana frekvencija Hercegovine\",\"publisher\":{\"@id\":\"https:\\\/\\\/radioljubuski.ba\\\/#organization\"},\"potentialAction\":[{\"@type\":\"SearchAction\",\"target\":{\"@type\":\"EntryPoint\",\"urlTemplate\":\"https:\\\/\\\/radioljubuski.ba\\\/?s={search_term_string}\"},\"query-input\":{\"@type\":\"PropertyValueSpecification\",\"valueRequired\":true,\"valueName\":\"search_term_string\"}}],\"inLanguage\":\"hr\"},{\"@type\":\"Organization\",\"@id\":\"https:\\\/\\\/radioljubuski.ba\\\/#organization\",\"name\":\"Radio Ljubu\u0161ki\",\"url\":\"https:\\\/\\\/radioljubuski.ba\\\/\",\"logo\":{\"@type\":\"ImageObject\",\"inLanguage\":\"hr\",\"@id\":\"https:\\\/\\\/radioljubuski.ba\\\/#\\\/schema\\\/logo\\\/image\\\/\",\"url\":\"https:\\\/\\\/radioljubuski.ba\\\/wp-content\\\/uploads\\\/2021\\\/02\\\/cropped-Radio_Ljubuski_logo1.jpg\",\"contentUrl\":\"https:\\\/\\\/radioljubuski.ba\\\/wp-content\\\/uploads\\\/2021\\\/02\\\/cropped-Radio_Ljubuski_logo1.jpg\",\"width\":512,\"height\":512,\"caption\":\"Radio Ljubu\u0161ki\"},\"image\":{\"@id\":\"https:\\\/\\\/radioljubuski.ba\\\/#\\\/schema\\\/logo\\\/image\\\/\"},\"sameAs\":[\"https:\\\/\\\/www.facebook.com\\\/Radiio-Ljubuski-1490835324566332\",\"https:\\\/\\\/x.com\\\/radioljubuski\",\"https:\\\/\\\/hr.linkedin.com\\\/company\\\/radio-ljubuski\",\"https:\\\/\\\/www.youtube.com\\\/channel\\\/UCHYaeO_n0Db3tjNGudGpXyw\"]},{\"@type\":\"Person\",\"@id\":\"https:\\\/\\\/radioljubuski.ba\\\/#\\\/schema\\\/person\\\/19fc700381a780f69665d7956c469e3b\",\"name\":\"Radio Ljubu\u0161ki\"}]}<\/script>\n<!-- \/ Yoast SEO plugin. -->","yoast_head_json":{"title":"Nova \u010de\u0161ka Vlada: Ne\u0107emo usvojiti euro u na\u0161em mandatu - RADIO LJUBU\u0160KI","robots":{"index":"index","follow":"follow","max-snippet":"max-snippet:-1","max-image-preview":"max-image-preview:large","max-video-preview":"max-video-preview:-1"},"canonical":"https:\/\/radioljubuski.ba\/index.php\/2021\/11\/05\/nova-ceska-vlada-necemo-usvojiti-euro-u-nasem-mandatu\/","og_locale":"hr_HR","og_type":"article","og_title":"Nova \u010de\u0161ka Vlada: Ne\u0107emo usvojiti euro u na\u0161em mandatu - RADIO LJUBU\u0160KI","og_description":"Novonastala \u010de\u0161ka koalicijska vlada ne planira usvojiti euro tijekom svog mandata, rekli su predsjednik TOP 09 Jan Jakob i zamjenik predsjednika ODS-a Zbyn\u011bk Stanjura. Prema njihovim rije\u010dima, \u010ce\u0161ka ne te\u017ei tome da ispuni uvjete za uvo\u0111enje eura, \u0161to za sada i ne bi bilo korisno za zemlju, prenosi&nbsp;rmx.news. Koalicija SPOLU (ODS, KDU-\u010cSL i TOP 09) [&hellip;]","og_url":"https:\/\/radioljubuski.ba\/index.php\/2021\/11\/05\/nova-ceska-vlada-necemo-usvojiti-euro-u-nasem-mandatu\/","og_site_name":"RADIO LJUBU\u0160KI","article_publisher":"https:\/\/www.facebook.com\/Radiio-Ljubuski-1490835324566332","article_published_time":"2021-11-05T16:13:13+00:00","article_modified_time":"2021-11-05T16:13:14+00:00","og_image":[{"width":696,"height":464,"url":"https:\/\/radioljubuski.ba\/wp-content\/uploads\/2021\/11\/FotoJet-1-696x464-1.jpg","type":"image\/jpeg"}],"author":"Radio Ljubu\u0161ki","twitter_card":"summary_large_image","twitter_creator":"@radioljubuski","twitter_site":"@radioljubuski","twitter_misc":{"Napisao\/la":"Radio Ljubu\u0161ki","Procijenjeno vrijeme \u010ditanja":"2 minute"},"schema":{"@context":"https:\/\/schema.org","@graph":[{"@type":"Article","@id":"https:\/\/radioljubuski.ba\/index.php\/2021\/11\/05\/nova-ceska-vlada-necemo-usvojiti-euro-u-nasem-mandatu\/#article","isPartOf":{"@id":"https:\/\/radioljubuski.ba\/index.php\/2021\/11\/05\/nova-ceska-vlada-necemo-usvojiti-euro-u-nasem-mandatu\/"},"author":{"name":"Radio Ljubu\u0161ki","@id":"https:\/\/radioljubuski.ba\/#\/schema\/person\/19fc700381a780f69665d7956c469e3b"},"headline":"Nova \u010de\u0161ka Vlada: Ne\u0107emo usvojiti euro u na\u0161em mandatu","datePublished":"2021-11-05T16:13:13+00:00","dateModified":"2021-11-05T16:13:14+00:00","mainEntityOfPage":{"@id":"https:\/\/radioljubuski.ba\/index.php\/2021\/11\/05\/nova-ceska-vlada-necemo-usvojiti-euro-u-nasem-mandatu\/"},"wordCount":420,"publisher":{"@id":"https:\/\/radioljubuski.ba\/#organization"},"image":{"@id":"https:\/\/radioljubuski.ba\/index.php\/2021\/11\/05\/nova-ceska-vlada-necemo-usvojiti-euro-u-nasem-mandatu\/#primaryimage"},"thumbnailUrl":"https:\/\/radioljubuski.ba\/wp-content\/uploads\/2021\/11\/FotoJet-1-696x464-1.jpg","articleSection":["BIH i regija"],"inLanguage":"hr"},{"@type":"WebPage","@id":"https:\/\/radioljubuski.ba\/index.php\/2021\/11\/05\/nova-ceska-vlada-necemo-usvojiti-euro-u-nasem-mandatu\/","url":"https:\/\/radioljubuski.ba\/index.php\/2021\/11\/05\/nova-ceska-vlada-necemo-usvojiti-euro-u-nasem-mandatu\/","name":"Nova \u010de\u0161ka Vlada: Ne\u0107emo usvojiti euro u na\u0161em mandatu - RADIO LJUBU\u0160KI","isPartOf":{"@id":"https:\/\/radioljubuski.ba\/#website"},"primaryImageOfPage":{"@id":"https:\/\/radioljubuski.ba\/index.php\/2021\/11\/05\/nova-ceska-vlada-necemo-usvojiti-euro-u-nasem-mandatu\/#primaryimage"},"image":{"@id":"https:\/\/radioljubuski.ba\/index.php\/2021\/11\/05\/nova-ceska-vlada-necemo-usvojiti-euro-u-nasem-mandatu\/#primaryimage"},"thumbnailUrl":"https:\/\/radioljubuski.ba\/wp-content\/uploads\/2021\/11\/FotoJet-1-696x464-1.jpg","datePublished":"2021-11-05T16:13:13+00:00","dateModified":"2021-11-05T16:13:14+00:00","breadcrumb":{"@id":"https:\/\/radioljubuski.ba\/index.php\/2021\/11\/05\/nova-ceska-vlada-necemo-usvojiti-euro-u-nasem-mandatu\/#breadcrumb"},"inLanguage":"hr","potentialAction":[{"@type":"ReadAction","target":["https:\/\/radioljubuski.ba\/index.php\/2021\/11\/05\/nova-ceska-vlada-necemo-usvojiti-euro-u-nasem-mandatu\/"]}]},{"@type":"ImageObject","inLanguage":"hr","@id":"https:\/\/radioljubuski.ba\/index.php\/2021\/11\/05\/nova-ceska-vlada-necemo-usvojiti-euro-u-nasem-mandatu\/#primaryimage","url":"https:\/\/radioljubuski.ba\/wp-content\/uploads\/2021\/11\/FotoJet-1-696x464-1.jpg","contentUrl":"https:\/\/radioljubuski.ba\/wp-content\/uploads\/2021\/11\/FotoJet-1-696x464-1.jpg","width":696,"height":464},{"@type":"BreadcrumbList","@id":"https:\/\/radioljubuski.ba\/index.php\/2021\/11\/05\/nova-ceska-vlada-necemo-usvojiti-euro-u-nasem-mandatu\/#breadcrumb","itemListElement":[{"@type":"ListItem","position":1,"name":"Po\u010detna stranica","item":"https:\/\/radioljubuski.ba\/"},{"@type":"ListItem","position":2,"name":"Nova \u010de\u0161ka Vlada: Ne\u0107emo usvojiti euro u na\u0161em mandatu"}]},{"@type":"WebSite","@id":"https:\/\/radioljubuski.ba\/#website","url":"https:\/\/radioljubuski.ba\/","name":"Radio Ljubu\u0161ki","description":"Sun\u010dana frekvencija Hercegovine","publisher":{"@id":"https:\/\/radioljubuski.ba\/#organization"},"potentialAction":[{"@type":"SearchAction","target":{"@type":"EntryPoint","urlTemplate":"https:\/\/radioljubuski.ba\/?s={search_term_string}"},"query-input":{"@type":"PropertyValueSpecification","valueRequired":true,"valueName":"search_term_string"}}],"inLanguage":"hr"},{"@type":"Organization","@id":"https:\/\/radioljubuski.ba\/#organization","name":"Radio Ljubu\u0161ki","url":"https:\/\/radioljubuski.ba\/","logo":{"@type":"ImageObject","inLanguage":"hr","@id":"https:\/\/radioljubuski.ba\/#\/schema\/logo\/image\/","url":"https:\/\/radioljubuski.ba\/wp-content\/uploads\/2021\/02\/cropped-Radio_Ljubuski_logo1.jpg","contentUrl":"https:\/\/radioljubuski.ba\/wp-content\/uploads\/2021\/02\/cropped-Radio_Ljubuski_logo1.jpg","width":512,"height":512,"caption":"Radio Ljubu\u0161ki"},"image":{"@id":"https:\/\/radioljubuski.ba\/#\/schema\/logo\/image\/"},"sameAs":["https:\/\/www.facebook.com\/Radiio-Ljubuski-1490835324566332","https:\/\/x.com\/radioljubuski","https:\/\/hr.linkedin.com\/company\/radio-ljubuski","https:\/\/www.youtube.com\/channel\/UCHYaeO_n0Db3tjNGudGpXyw"]},{"@type":"Person","@id":"https:\/\/radioljubuski.ba\/#\/schema\/person\/19fc700381a780f69665d7956c469e3b","name":"Radio Ljubu\u0161ki"}]}},"_links":{"self":[{"href":"https:\/\/radioljubuski.ba\/index.php\/wp-json\/wp\/v2\/posts\/85407","targetHints":{"allow":["GET"]}}],"collection":[{"href":"https:\/\/radioljubuski.ba\/index.php\/wp-json\/wp\/v2\/posts"}],"about":[{"href":"https:\/\/radioljubuski.ba\/index.php\/wp-json\/wp\/v2\/types\/post"}],"author":[{"embeddable":true,"href":"https:\/\/radioljubuski.ba\/index.php\/wp-json\/wp\/v2\/users\/2"}],"replies":[{"embeddable":true,"href":"https:\/\/radioljubuski.ba\/index.php\/wp-json\/wp\/v2\/comments?post=85407"}],"version-history":[{"count":1,"href":"https:\/\/radioljubuski.ba\/index.php\/wp-json\/wp\/v2\/posts\/85407\/revisions"}],"predecessor-version":[{"id":85409,"href":"https:\/\/radioljubuski.ba\/index.php\/wp-json\/wp\/v2\/posts\/85407\/revisions\/85409"}],"wp:featuredmedia":[{"embeddable":true,"href":"https:\/\/radioljubuski.ba\/index.php\/wp-json\/wp\/v2\/media\/85408"}],"wp:attachment":[{"href":"https:\/\/radioljubuski.ba\/index.php\/wp-json\/wp\/v2\/media?parent=85407"}],"wp:term":[{"taxonomy":"category","embeddable":true,"href":"https:\/\/radioljubuski.ba\/index.php\/wp-json\/wp\/v2\/categories?post=85407"},{"taxonomy":"post_tag","embeddable":true,"href":"https:\/\/radioljubuski.ba\/index.php\/wp-json\/wp\/v2\/tags?post=85407"}],"curies":[{"name":"wp","href":"https:\/\/api.w.org\/{rel}","templated":true}]}}