{"id":85410,"date":"2021-11-05T17:14:56","date_gmt":"2021-11-05T16:14:56","guid":{"rendered":"https:\/\/radioljubuski.ba\/?p=85410"},"modified":"2021-11-05T17:14:58","modified_gmt":"2021-11-05T16:14:58","slug":"visoko-procijepljena-njemacka-biljezi-rekordan-broj-zaraza","status":"publish","type":"post","link":"https:\/\/radioljubuski.ba\/index.php\/2021\/11\/05\/visoko-procijepljena-njemacka-biljezi-rekordan-broj-zaraza\/","title":{"rendered":"Visoko procijepljena Njema\u010dka bilje\u017ei rekordan broj zaraza"},"content":{"rendered":"\n<p><em>I Njema\u010dka ovih dana bilje\u017ei rekordan broj zaraza. Stopa procijepljenosti je puno vi\u0161a nego u Hrvatskoj.&nbsp; Odli\u010dna je vijest da je u obje dr\u017eave manja smrtnost na broj zara\u017eenih nego je bila pro\u0161le zime na vrhuncu epidemije. Sve podatke o zara\u017eenim i smrtnosti mo\u017eete vidjeti&nbsp;<a href=\"https:\/\/www.worldometers.info\/coronavirus\/\">ovdje.<\/a><\/em><\/p>\n\n\n\n<h4 class=\"wp-block-heading\">Veliki porast zaraza u Njema\u010dkoj<\/h4>\n\n\n\n<p>Broj novozara\u017eenih osoba u Njema\u010dkoj znatno je porastao. Institut Roberta Kocha (RKI) je registrirao ve\u0107i broj infekcija u roku od 24 sata nego na vrhuncu pro\u0161logodi\u0161njeg zimskog vala. U ju\u010der objavljenom izvje\u0161taju RKI-ja potvr\u0111eno je 33.949 novih infekcija u Njema\u010dkoj. Dosada\u0161nji rekord je iznosio 33.777 novoregistriranih slu\u010dajeva. Bilo je to 18.12.2020. Vrhunac tre\u0107eg (proljetnog) vala dosegnut je 22. travnja ove godine, tada je RKI registrirao 29.518 novih slu\u010dajeva zaraze koronavirusom, pi\u0161e&nbsp;<a href=\"https:\/\/www.dw.com\/hr\/rekordan-broj-novih-infekcija-u-njema%C4%8Dkoj\/a-59717685\">DW<\/a><\/p>\n\n\n\n<p>U Njema\u010dkoj je jo\u0161 po\u010detkom listopada bilo cijepljeno 85% osoba starijih od 60 godina. Sada stopa procjepljenosti ukupne populacije (dakle i djece koja se ne cijepe) dosi\u017ee vrlo visokih 69,5%, a kod populacije koja se cijepi je blizu 78% gra\u0111ana-<\/p>\n\n\n\n<p>Bez obzira na to, zaraza se \u0161iri brzo Njema\u010dkom.<\/p>\n\n\n\n<h4 class=\"wp-block-heading\">Poziv na \u201cbooster\u201d dozu<\/h4>\n\n\n\n<p>\u015eavezni (tehni\u010dki) ministar zdravstva<strong>&nbsp;Jens Spahn&nbsp;<\/strong>u me\u0111uvremenu je uputio apel javnosti da se intenzivira kampanja ubrizgavanja takozvane \u201ebooster\u201d doze, \u010dime bi se trebalo \u201eosvje\u017eiti\u201d imunitet njema\u010dkih gra\u0111ana, pogotovo onih starijih od 60 godina. Ministar je od saveznih zemalja zatra\u017eio da kontaktiraju sve te ljude i ponude im cijepljenje tre\u0107om dozom. Istovremeno je iz saveznih zemalja stigao prijedlog da se pismeno obrati svim osobama starijima od 70 godina. Bavarska planira inicijativu u sklopu koje bi se svim gra\u0111anima ponudila mogu\u0107nost primanja tre\u0107e doze.<\/p>\n\n\n\n<p>Njema\u010dko udru\u017eenje njege (krovna organizacija koja zastupa interese zaposlenika u sektoru njege ili babica) tako\u0111er zahtijeva uvo\u0111enje obveznog testiranja. Predsjednik Udru\u017eenja ku\u0107nih lije\u010dnika Ulrich Weigeldt zala\u017ee se \u010dak i za uvo\u0111enje obveznog cijepljenja: \u201eNijedna necijepljena osoba ne smije imati kontakt s nekom tako ranjivom skupinom, ni poslovno, a ni kao posjetitelj. To vrijedi i za domove za starije osobe, ali i za domove u kojima se skrbi oko nemo\u0107nih ili osoba koje su na odjelima intenzivne njege\u201d, rekao je on za novine Bild-Zeitung.<\/p>\n\n\n\n<h4 class=\"wp-block-heading\">Grafikon zaraza u pojedinim dr\u017eavama Europe<\/h4>\n\n\n\n<p>Zanimljivo je primjetiti da je posljednjih dana broj zara\u017eenih po\u010deo padati u balti\u010dkim dr\u017eavama koje su imale najve\u0107i rast u Europi. Latvija i Litva imaju jedne od najrepresivnijih mjera u Europi u uporabi COVID potvrda i kretanja ljudi. Istovremeno, visokoprocijepljenje Njema\u010dka, Austrija i Nizozemska bilje\u017ee veliki rast zaraze.<\/p>\n\n\n\n<figure class=\"wp-block-image\"><img decoding=\"async\" src=\"https:\/\/narod.hr\/wp-content\/uploads\/2021\/11\/Njemacka-bakic-298x300.jpg\" alt=\"\"\/><\/figure>\n\n\n\n<p><em>Izvor: narod.hr\/DW<\/em><\/p>\n","protected":false},"excerpt":{"rendered":"<p>I Njema\u010dka ovih dana bilje\u017ei rekordan broj zaraza. Stopa procijepljenosti je puno vi\u0161a nego u Hrvatskoj.&nbsp; Odli\u010dna je vijest da je u obje dr\u017eave manja smrtnost na broj zara\u017eenih nego je bila pro\u0161le zime na vrhuncu epidemije. Sve podatke o zara\u017eenim i smrtnosti mo\u017eete vidjeti&nbsp;ovdje. Veliki porast zaraza u Njema\u010dkoj Broj novozara\u017eenih osoba u Njema\u010dkoj [&hellip;]<\/p>\n","protected":false},"author":2,"featured_media":85411,"comment_status":"closed","ping_status":"closed","sticky":false,"template":"","format":"standard","meta":{"h5ap_radio_sources":[],"footnotes":""},"categories":[1],"tags":[],"class_list":["post-85410","post","type-post","status-publish","format-standard","has-post-thumbnail","hentry","category-bihiregija"],"yoast_head":"<!-- This site is optimized with the Yoast SEO plugin v27.5 - https:\/\/yoast.com\/product\/yoast-seo-wordpress\/ -->\n<title>Visoko procijepljena Njema\u010dka bilje\u017ei rekordan broj zaraza - RADIO LJUBU\u0160KI<\/title>\n<meta name=\"robots\" content=\"index, follow, max-snippet:-1, max-image-preview:large, max-video-preview:-1\" \/>\n<link rel=\"canonical\" href=\"https:\/\/radioljubuski.ba\/index.php\/2021\/11\/05\/visoko-procijepljena-njemacka-biljezi-rekordan-broj-zaraza\/\" \/>\n<meta property=\"og:locale\" content=\"hr_HR\" \/>\n<meta property=\"og:type\" content=\"article\" \/>\n<meta property=\"og:title\" content=\"Visoko procijepljena Njema\u010dka bilje\u017ei rekordan broj zaraza - RADIO LJUBU\u0160KI\" \/>\n<meta property=\"og:description\" content=\"I Njema\u010dka ovih dana bilje\u017ei rekordan broj zaraza. Stopa procijepljenosti je puno vi\u0161a nego u Hrvatskoj.&nbsp; Odli\u010dna je vijest da je u obje dr\u017eave manja smrtnost na broj zara\u017eenih nego je bila pro\u0161le zime na vrhuncu epidemije. Sve podatke o zara\u017eenim i smrtnosti mo\u017eete vidjeti&nbsp;ovdje. Veliki porast zaraza u Njema\u010dkoj Broj novozara\u017eenih osoba u Njema\u010dkoj [&hellip;]\" \/>\n<meta property=\"og:url\" content=\"https:\/\/radioljubuski.ba\/index.php\/2021\/11\/05\/visoko-procijepljena-njemacka-biljezi-rekordan-broj-zaraza\/\" \/>\n<meta property=\"og:site_name\" content=\"RADIO LJUBU\u0160KI\" \/>\n<meta property=\"article:publisher\" content=\"https:\/\/www.facebook.com\/Radiio-Ljubuski-1490835324566332\" \/>\n<meta property=\"article:published_time\" content=\"2021-11-05T16:14:56+00:00\" \/>\n<meta property=\"article:modified_time\" content=\"2021-11-05T16:14:58+00:00\" \/>\n<meta property=\"og:image\" content=\"https:\/\/radioljubuski.ba\/wp-content\/uploads\/2021\/11\/HN20211104257921-696x464-1.jpg\" \/>\n\t<meta property=\"og:image:width\" content=\"696\" \/>\n\t<meta property=\"og:image:height\" content=\"464\" \/>\n\t<meta property=\"og:image:type\" content=\"image\/jpeg\" \/>\n<meta name=\"author\" content=\"Radio Ljubu\u0161ki\" \/>\n<meta name=\"twitter:card\" content=\"summary_large_image\" \/>\n<meta name=\"twitter:creator\" content=\"@radioljubuski\" \/>\n<meta name=\"twitter:site\" content=\"@radioljubuski\" \/>\n<meta name=\"twitter:label1\" content=\"Napisao\/la\" \/>\n\t<meta name=\"twitter:data1\" content=\"Radio Ljubu\u0161ki\" \/>\n\t<meta name=\"twitter:label2\" content=\"Procijenjeno vrijeme \u010ditanja\" \/>\n\t<meta name=\"twitter:data2\" content=\"2 minute\" \/>\n<script type=\"application\/ld+json\" class=\"yoast-schema-graph\">{\"@context\":\"https:\\\/\\\/schema.org\",\"@graph\":[{\"@type\":\"Article\",\"@id\":\"https:\\\/\\\/radioljubuski.ba\\\/index.php\\\/2021\\\/11\\\/05\\\/visoko-procijepljena-njemacka-biljezi-rekordan-broj-zaraza\\\/#article\",\"isPartOf\":{\"@id\":\"https:\\\/\\\/radioljubuski.ba\\\/index.php\\\/2021\\\/11\\\/05\\\/visoko-procijepljena-njemacka-biljezi-rekordan-broj-zaraza\\\/\"},\"author\":{\"name\":\"Radio Ljubu\u0161ki\",\"@id\":\"https:\\\/\\\/radioljubuski.ba\\\/#\\\/schema\\\/person\\\/19fc700381a780f69665d7956c469e3b\"},\"headline\":\"Visoko procijepljena Njema\u010dka bilje\u017ei rekordan broj zaraza\",\"datePublished\":\"2021-11-05T16:14:56+00:00\",\"dateModified\":\"2021-11-05T16:14:58+00:00\",\"mainEntityOfPage\":{\"@id\":\"https:\\\/\\\/radioljubuski.ba\\\/index.php\\\/2021\\\/11\\\/05\\\/visoko-procijepljena-njemacka-biljezi-rekordan-broj-zaraza\\\/\"},\"wordCount\":459,\"publisher\":{\"@id\":\"https:\\\/\\\/radioljubuski.ba\\\/#organization\"},\"image\":{\"@id\":\"https:\\\/\\\/radioljubuski.ba\\\/index.php\\\/2021\\\/11\\\/05\\\/visoko-procijepljena-njemacka-biljezi-rekordan-broj-zaraza\\\/#primaryimage\"},\"thumbnailUrl\":\"https:\\\/\\\/radioljubuski.ba\\\/wp-content\\\/uploads\\\/2021\\\/11\\\/HN20211104257921-696x464-1.jpg\",\"articleSection\":[\"BIH i regija\"],\"inLanguage\":\"hr\"},{\"@type\":\"WebPage\",\"@id\":\"https:\\\/\\\/radioljubuski.ba\\\/index.php\\\/2021\\\/11\\\/05\\\/visoko-procijepljena-njemacka-biljezi-rekordan-broj-zaraza\\\/\",\"url\":\"https:\\\/\\\/radioljubuski.ba\\\/index.php\\\/2021\\\/11\\\/05\\\/visoko-procijepljena-njemacka-biljezi-rekordan-broj-zaraza\\\/\",\"name\":\"Visoko procijepljena Njema\u010dka bilje\u017ei rekordan broj zaraza - RADIO LJUBU\u0160KI\",\"isPartOf\":{\"@id\":\"https:\\\/\\\/radioljubuski.ba\\\/#website\"},\"primaryImageOfPage\":{\"@id\":\"https:\\\/\\\/radioljubuski.ba\\\/index.php\\\/2021\\\/11\\\/05\\\/visoko-procijepljena-njemacka-biljezi-rekordan-broj-zaraza\\\/#primaryimage\"},\"image\":{\"@id\":\"https:\\\/\\\/radioljubuski.ba\\\/index.php\\\/2021\\\/11\\\/05\\\/visoko-procijepljena-njemacka-biljezi-rekordan-broj-zaraza\\\/#primaryimage\"},\"thumbnailUrl\":\"https:\\\/\\\/radioljubuski.ba\\\/wp-content\\\/uploads\\\/2021\\\/11\\\/HN20211104257921-696x464-1.jpg\",\"datePublished\":\"2021-11-05T16:14:56+00:00\",\"dateModified\":\"2021-11-05T16:14:58+00:00\",\"breadcrumb\":{\"@id\":\"https:\\\/\\\/radioljubuski.ba\\\/index.php\\\/2021\\\/11\\\/05\\\/visoko-procijepljena-njemacka-biljezi-rekordan-broj-zaraza\\\/#breadcrumb\"},\"inLanguage\":\"hr\",\"potentialAction\":[{\"@type\":\"ReadAction\",\"target\":[\"https:\\\/\\\/radioljubuski.ba\\\/index.php\\\/2021\\\/11\\\/05\\\/visoko-procijepljena-njemacka-biljezi-rekordan-broj-zaraza\\\/\"]}]},{\"@type\":\"ImageObject\",\"inLanguage\":\"hr\",\"@id\":\"https:\\\/\\\/radioljubuski.ba\\\/index.php\\\/2021\\\/11\\\/05\\\/visoko-procijepljena-njemacka-biljezi-rekordan-broj-zaraza\\\/#primaryimage\",\"url\":\"https:\\\/\\\/radioljubuski.ba\\\/wp-content\\\/uploads\\\/2021\\\/11\\\/HN20211104257921-696x464-1.jpg\",\"contentUrl\":\"https:\\\/\\\/radioljubuski.ba\\\/wp-content\\\/uploads\\\/2021\\\/11\\\/HN20211104257921-696x464-1.jpg\",\"width\":696,\"height\":464},{\"@type\":\"BreadcrumbList\",\"@id\":\"https:\\\/\\\/radioljubuski.ba\\\/index.php\\\/2021\\\/11\\\/05\\\/visoko-procijepljena-njemacka-biljezi-rekordan-broj-zaraza\\\/#breadcrumb\",\"itemListElement\":[{\"@type\":\"ListItem\",\"position\":1,\"name\":\"Po\u010detna stranica\",\"item\":\"https:\\\/\\\/radioljubuski.ba\\\/\"},{\"@type\":\"ListItem\",\"position\":2,\"name\":\"Visoko procijepljena Njema\u010dka bilje\u017ei rekordan broj zaraza\"}]},{\"@type\":\"WebSite\",\"@id\":\"https:\\\/\\\/radioljubuski.ba\\\/#website\",\"url\":\"https:\\\/\\\/radioljubuski.ba\\\/\",\"name\":\"Radio Ljubu\u0161ki\",\"description\":\"Sun\u010dana frekvencija Hercegovine\",\"publisher\":{\"@id\":\"https:\\\/\\\/radioljubuski.ba\\\/#organization\"},\"potentialAction\":[{\"@type\":\"SearchAction\",\"target\":{\"@type\":\"EntryPoint\",\"urlTemplate\":\"https:\\\/\\\/radioljubuski.ba\\\/?s={search_term_string}\"},\"query-input\":{\"@type\":\"PropertyValueSpecification\",\"valueRequired\":true,\"valueName\":\"search_term_string\"}}],\"inLanguage\":\"hr\"},{\"@type\":\"Organization\",\"@id\":\"https:\\\/\\\/radioljubuski.ba\\\/#organization\",\"name\":\"Radio Ljubu\u0161ki\",\"url\":\"https:\\\/\\\/radioljubuski.ba\\\/\",\"logo\":{\"@type\":\"ImageObject\",\"inLanguage\":\"hr\",\"@id\":\"https:\\\/\\\/radioljubuski.ba\\\/#\\\/schema\\\/logo\\\/image\\\/\",\"url\":\"https:\\\/\\\/radioljubuski.ba\\\/wp-content\\\/uploads\\\/2021\\\/02\\\/cropped-Radio_Ljubuski_logo1.jpg\",\"contentUrl\":\"https:\\\/\\\/radioljubuski.ba\\\/wp-content\\\/uploads\\\/2021\\\/02\\\/cropped-Radio_Ljubuski_logo1.jpg\",\"width\":512,\"height\":512,\"caption\":\"Radio Ljubu\u0161ki\"},\"image\":{\"@id\":\"https:\\\/\\\/radioljubuski.ba\\\/#\\\/schema\\\/logo\\\/image\\\/\"},\"sameAs\":[\"https:\\\/\\\/www.facebook.com\\\/Radiio-Ljubuski-1490835324566332\",\"https:\\\/\\\/x.com\\\/radioljubuski\",\"https:\\\/\\\/hr.linkedin.com\\\/company\\\/radio-ljubuski\",\"https:\\\/\\\/www.youtube.com\\\/channel\\\/UCHYaeO_n0Db3tjNGudGpXyw\"]},{\"@type\":\"Person\",\"@id\":\"https:\\\/\\\/radioljubuski.ba\\\/#\\\/schema\\\/person\\\/19fc700381a780f69665d7956c469e3b\",\"name\":\"Radio Ljubu\u0161ki\"}]}<\/script>\n<!-- \/ Yoast SEO plugin. -->","yoast_head_json":{"title":"Visoko procijepljena Njema\u010dka bilje\u017ei rekordan broj zaraza - RADIO LJUBU\u0160KI","robots":{"index":"index","follow":"follow","max-snippet":"max-snippet:-1","max-image-preview":"max-image-preview:large","max-video-preview":"max-video-preview:-1"},"canonical":"https:\/\/radioljubuski.ba\/index.php\/2021\/11\/05\/visoko-procijepljena-njemacka-biljezi-rekordan-broj-zaraza\/","og_locale":"hr_HR","og_type":"article","og_title":"Visoko procijepljena Njema\u010dka bilje\u017ei rekordan broj zaraza - RADIO LJUBU\u0160KI","og_description":"I Njema\u010dka ovih dana bilje\u017ei rekordan broj zaraza. Stopa procijepljenosti je puno vi\u0161a nego u Hrvatskoj.&nbsp; Odli\u010dna je vijest da je u obje dr\u017eave manja smrtnost na broj zara\u017eenih nego je bila pro\u0161le zime na vrhuncu epidemije. Sve podatke o zara\u017eenim i smrtnosti mo\u017eete vidjeti&nbsp;ovdje. Veliki porast zaraza u Njema\u010dkoj Broj novozara\u017eenih osoba u Njema\u010dkoj [&hellip;]","og_url":"https:\/\/radioljubuski.ba\/index.php\/2021\/11\/05\/visoko-procijepljena-njemacka-biljezi-rekordan-broj-zaraza\/","og_site_name":"RADIO LJUBU\u0160KI","article_publisher":"https:\/\/www.facebook.com\/Radiio-Ljubuski-1490835324566332","article_published_time":"2021-11-05T16:14:56+00:00","article_modified_time":"2021-11-05T16:14:58+00:00","og_image":[{"width":696,"height":464,"url":"https:\/\/radioljubuski.ba\/wp-content\/uploads\/2021\/11\/HN20211104257921-696x464-1.jpg","type":"image\/jpeg"}],"author":"Radio Ljubu\u0161ki","twitter_card":"summary_large_image","twitter_creator":"@radioljubuski","twitter_site":"@radioljubuski","twitter_misc":{"Napisao\/la":"Radio Ljubu\u0161ki","Procijenjeno vrijeme \u010ditanja":"2 minute"},"schema":{"@context":"https:\/\/schema.org","@graph":[{"@type":"Article","@id":"https:\/\/radioljubuski.ba\/index.php\/2021\/11\/05\/visoko-procijepljena-njemacka-biljezi-rekordan-broj-zaraza\/#article","isPartOf":{"@id":"https:\/\/radioljubuski.ba\/index.php\/2021\/11\/05\/visoko-procijepljena-njemacka-biljezi-rekordan-broj-zaraza\/"},"author":{"name":"Radio Ljubu\u0161ki","@id":"https:\/\/radioljubuski.ba\/#\/schema\/person\/19fc700381a780f69665d7956c469e3b"},"headline":"Visoko procijepljena Njema\u010dka bilje\u017ei rekordan broj zaraza","datePublished":"2021-11-05T16:14:56+00:00","dateModified":"2021-11-05T16:14:58+00:00","mainEntityOfPage":{"@id":"https:\/\/radioljubuski.ba\/index.php\/2021\/11\/05\/visoko-procijepljena-njemacka-biljezi-rekordan-broj-zaraza\/"},"wordCount":459,"publisher":{"@id":"https:\/\/radioljubuski.ba\/#organization"},"image":{"@id":"https:\/\/radioljubuski.ba\/index.php\/2021\/11\/05\/visoko-procijepljena-njemacka-biljezi-rekordan-broj-zaraza\/#primaryimage"},"thumbnailUrl":"https:\/\/radioljubuski.ba\/wp-content\/uploads\/2021\/11\/HN20211104257921-696x464-1.jpg","articleSection":["BIH i regija"],"inLanguage":"hr"},{"@type":"WebPage","@id":"https:\/\/radioljubuski.ba\/index.php\/2021\/11\/05\/visoko-procijepljena-njemacka-biljezi-rekordan-broj-zaraza\/","url":"https:\/\/radioljubuski.ba\/index.php\/2021\/11\/05\/visoko-procijepljena-njemacka-biljezi-rekordan-broj-zaraza\/","name":"Visoko procijepljena Njema\u010dka bilje\u017ei rekordan broj zaraza - RADIO LJUBU\u0160KI","isPartOf":{"@id":"https:\/\/radioljubuski.ba\/#website"},"primaryImageOfPage":{"@id":"https:\/\/radioljubuski.ba\/index.php\/2021\/11\/05\/visoko-procijepljena-njemacka-biljezi-rekordan-broj-zaraza\/#primaryimage"},"image":{"@id":"https:\/\/radioljubuski.ba\/index.php\/2021\/11\/05\/visoko-procijepljena-njemacka-biljezi-rekordan-broj-zaraza\/#primaryimage"},"thumbnailUrl":"https:\/\/radioljubuski.ba\/wp-content\/uploads\/2021\/11\/HN20211104257921-696x464-1.jpg","datePublished":"2021-11-05T16:14:56+00:00","dateModified":"2021-11-05T16:14:58+00:00","breadcrumb":{"@id":"https:\/\/radioljubuski.ba\/index.php\/2021\/11\/05\/visoko-procijepljena-njemacka-biljezi-rekordan-broj-zaraza\/#breadcrumb"},"inLanguage":"hr","potentialAction":[{"@type":"ReadAction","target":["https:\/\/radioljubuski.ba\/index.php\/2021\/11\/05\/visoko-procijepljena-njemacka-biljezi-rekordan-broj-zaraza\/"]}]},{"@type":"ImageObject","inLanguage":"hr","@id":"https:\/\/radioljubuski.ba\/index.php\/2021\/11\/05\/visoko-procijepljena-njemacka-biljezi-rekordan-broj-zaraza\/#primaryimage","url":"https:\/\/radioljubuski.ba\/wp-content\/uploads\/2021\/11\/HN20211104257921-696x464-1.jpg","contentUrl":"https:\/\/radioljubuski.ba\/wp-content\/uploads\/2021\/11\/HN20211104257921-696x464-1.jpg","width":696,"height":464},{"@type":"BreadcrumbList","@id":"https:\/\/radioljubuski.ba\/index.php\/2021\/11\/05\/visoko-procijepljena-njemacka-biljezi-rekordan-broj-zaraza\/#breadcrumb","itemListElement":[{"@type":"ListItem","position":1,"name":"Po\u010detna stranica","item":"https:\/\/radioljubuski.ba\/"},{"@type":"ListItem","position":2,"name":"Visoko procijepljena Njema\u010dka bilje\u017ei rekordan broj zaraza"}]},{"@type":"WebSite","@id":"https:\/\/radioljubuski.ba\/#website","url":"https:\/\/radioljubuski.ba\/","name":"Radio Ljubu\u0161ki","description":"Sun\u010dana frekvencija Hercegovine","publisher":{"@id":"https:\/\/radioljubuski.ba\/#organization"},"potentialAction":[{"@type":"SearchAction","target":{"@type":"EntryPoint","urlTemplate":"https:\/\/radioljubuski.ba\/?s={search_term_string}"},"query-input":{"@type":"PropertyValueSpecification","valueRequired":true,"valueName":"search_term_string"}}],"inLanguage":"hr"},{"@type":"Organization","@id":"https:\/\/radioljubuski.ba\/#organization","name":"Radio Ljubu\u0161ki","url":"https:\/\/radioljubuski.ba\/","logo":{"@type":"ImageObject","inLanguage":"hr","@id":"https:\/\/radioljubuski.ba\/#\/schema\/logo\/image\/","url":"https:\/\/radioljubuski.ba\/wp-content\/uploads\/2021\/02\/cropped-Radio_Ljubuski_logo1.jpg","contentUrl":"https:\/\/radioljubuski.ba\/wp-content\/uploads\/2021\/02\/cropped-Radio_Ljubuski_logo1.jpg","width":512,"height":512,"caption":"Radio Ljubu\u0161ki"},"image":{"@id":"https:\/\/radioljubuski.ba\/#\/schema\/logo\/image\/"},"sameAs":["https:\/\/www.facebook.com\/Radiio-Ljubuski-1490835324566332","https:\/\/x.com\/radioljubuski","https:\/\/hr.linkedin.com\/company\/radio-ljubuski","https:\/\/www.youtube.com\/channel\/UCHYaeO_n0Db3tjNGudGpXyw"]},{"@type":"Person","@id":"https:\/\/radioljubuski.ba\/#\/schema\/person\/19fc700381a780f69665d7956c469e3b","name":"Radio Ljubu\u0161ki"}]}},"_links":{"self":[{"href":"https:\/\/radioljubuski.ba\/index.php\/wp-json\/wp\/v2\/posts\/85410","targetHints":{"allow":["GET"]}}],"collection":[{"href":"https:\/\/radioljubuski.ba\/index.php\/wp-json\/wp\/v2\/posts"}],"about":[{"href":"https:\/\/radioljubuski.ba\/index.php\/wp-json\/wp\/v2\/types\/post"}],"author":[{"embeddable":true,"href":"https:\/\/radioljubuski.ba\/index.php\/wp-json\/wp\/v2\/users\/2"}],"replies":[{"embeddable":true,"href":"https:\/\/radioljubuski.ba\/index.php\/wp-json\/wp\/v2\/comments?post=85410"}],"version-history":[{"count":1,"href":"https:\/\/radioljubuski.ba\/index.php\/wp-json\/wp\/v2\/posts\/85410\/revisions"}],"predecessor-version":[{"id":85412,"href":"https:\/\/radioljubuski.ba\/index.php\/wp-json\/wp\/v2\/posts\/85410\/revisions\/85412"}],"wp:featuredmedia":[{"embeddable":true,"href":"https:\/\/radioljubuski.ba\/index.php\/wp-json\/wp\/v2\/media\/85411"}],"wp:attachment":[{"href":"https:\/\/radioljubuski.ba\/index.php\/wp-json\/wp\/v2\/media?parent=85410"}],"wp:term":[{"taxonomy":"category","embeddable":true,"href":"https:\/\/radioljubuski.ba\/index.php\/wp-json\/wp\/v2\/categories?post=85410"},{"taxonomy":"post_tag","embeddable":true,"href":"https:\/\/radioljubuski.ba\/index.php\/wp-json\/wp\/v2\/tags?post=85410"}],"curies":[{"name":"wp","href":"https:\/\/api.w.org\/{rel}","templated":true}]}}