{"id":85431,"date":"2021-11-05T17:50:38","date_gmt":"2021-11-05T16:50:38","guid":{"rendered":"https:\/\/radioljubuski.ba\/?p=85431"},"modified":"2021-11-05T17:50:39","modified_gmt":"2021-11-05T16:50:39","slug":"trener-rapida-trebali-smo-pokazati-vise-dinamo-je-iskoristio-nase-pogreske","status":"publish","type":"post","link":"https:\/\/radioljubuski.ba\/index.php\/2021\/11\/05\/trener-rapida-trebali-smo-pokazati-vise-dinamo-je-iskoristio-nase-pogreske\/","title":{"rendered":"Trener Rapida: &#8220;Trebali smo pokazati vi\u0161e, Dinamo je iskoristio na\u0161e pogre\u0161ke&#8221;"},"content":{"rendered":"\n<p><strong>Nogometa\u0161i Dinama slavili su 3:1 protiv Rapida u 4. kolu skupine H Europske lige. Na konferenciji za medije nakon utakmice trener Rapida&nbsp;Dietmar K\u00fchbauer&nbsp;istaknuo je kako je Rapid trebao pokazati vi\u0161e.<\/strong><\/p>\n\n\n\n<p>&#8211; Trebali smo pokazati vi\u0161e. U prvom poluvremenu nismo dali Dinamu previ\u0161e prilika. Postigli su golove nakon na\u0161ih pogre\u0161aka. Dinamo je za nijansu bio bolji, no moglo je biti i 2:2. U nastavku su bili bolji, zabili su gol, pogodili vratnicu. Na\u017ealost, nismo igrali u najja\u010dem sastavu, vjerujem kako bi onda rezultat bio bolji, istaknuo je strateg austrijske mom\u010dadi nakon utakmice.&nbsp;<br><br>K\u00fchbauer se osvrnuo i na \u010dinjenicu da je njegova mom\u010dad pokazala dva razli\u010dita lica u dvije utakmice protiv Dinama.<br><br>&#8211; To je jednostavno nogomet. Mi smo napravili neke pogre\u0161ke koje je Dinamo iskoristio, dodao je.<\/p>\n\n\n\n<p>Otkrio je i koje bi igra\u010de doveo u svoje redove kada bi mogao.<br><br>&#8211; Doveo bih dva igra\u010da. Uzeo bih&nbsp;<strong>Petkovi\u0107a<\/strong>, on je odli\u010dan, ali malo premalo tr\u010di, a uzeo bih i Or\u0161i\u0107a, rekao je trener Rapida.<br><br>Brani\u010d<strong>&nbsp;Maximilian Ullmann<\/strong>&nbsp;je dodao kako je ovaj poraz ostavio gorak okus.<br><br>&#8211; Ovaj poraz ostavlja gorak okus, dobro smo krenuli, borili smo se do samog kraja, ali to nije bilo dovoljno, kazao je Maximilian Ullmann. Rapidov brani\u010d se osvrnuo i na situaciju u skupini i \u010dinjenicu da je be\u010dki klub nakon \u010detiri kola na za\u010delju.<br><br>&#8211; Moramo gledati utakmicu po utakmicu, jo\u0161 nije sve gotovo. Dokazali smo da mo\u017eemo pobijediti ovog suparnika, ali ve\u010deras nam je ne\u0161to nedostajalo, dodao je.<\/p>\n\n\n\n<p>Na ljestvici vodi West Ham s deset bodova, Dinamo ima \u0161est bodova, Genk \u010detiri, a Rapid tri boda.<br><br>U idu\u0107em kolu, 25. studenog sastaju se Dinamo &#8211; Genk, te Rapid &#8211; West Ham, a natjecanje u skupini zavr\u0161ava 9. prosinca kada su na rasporedu susreti West Ham &#8211; Dinamo, te Genk &#8211; Rapid.<\/p>\n\n\n\n<p>Izvor:hrt.hr<\/p>\n","protected":false},"excerpt":{"rendered":"<p>Nogometa\u0161i Dinama slavili su 3:1 protiv Rapida u 4. kolu skupine H Europske lige. Na konferenciji za medije nakon utakmice trener Rapida&nbsp;Dietmar K\u00fchbauer&nbsp;istaknuo je kako je Rapid trebao pokazati vi\u0161e. &#8211; Trebali smo pokazati vi\u0161e. U prvom poluvremenu nismo dali Dinamu previ\u0161e prilika. Postigli su golove nakon na\u0161ih pogre\u0161aka. Dinamo je za nijansu bio bolji, [&hellip;]<\/p>\n","protected":false},"author":2,"featured_media":85432,"comment_status":"closed","ping_status":"closed","sticky":false,"template":"","format":"standard","meta":{"h5ap_radio_sources":[],"footnotes":""},"categories":[7],"tags":[],"class_list":["post-85431","post","type-post","status-publish","format-standard","has-post-thumbnail","hentry","category-sport"],"yoast_head":"<!-- This site is optimized with the Yoast SEO plugin v27.5 - https:\/\/yoast.com\/product\/yoast-seo-wordpress\/ -->\n<title>Trener Rapida: &quot;Trebali smo pokazati vi\u0161e, Dinamo je iskoristio na\u0161e pogre\u0161ke&quot; - RADIO LJUBU\u0160KI<\/title>\n<meta name=\"robots\" content=\"index, follow, max-snippet:-1, max-image-preview:large, max-video-preview:-1\" \/>\n<link rel=\"canonical\" href=\"https:\/\/radioljubuski.ba\/index.php\/2021\/11\/05\/trener-rapida-trebali-smo-pokazati-vise-dinamo-je-iskoristio-nase-pogreske\/\" \/>\n<meta property=\"og:locale\" content=\"hr_HR\" \/>\n<meta property=\"og:type\" content=\"article\" \/>\n<meta property=\"og:title\" content=\"Trener Rapida: &quot;Trebali smo pokazati vi\u0161e, Dinamo je iskoristio na\u0161e pogre\u0161ke&quot; - RADIO LJUBU\u0160KI\" \/>\n<meta property=\"og:description\" content=\"Nogometa\u0161i Dinama slavili su 3:1 protiv Rapida u 4. kolu skupine H Europske lige. Na konferenciji za medije nakon utakmice trener Rapida&nbsp;Dietmar K\u00fchbauer&nbsp;istaknuo je kako je Rapid trebao pokazati vi\u0161e. &#8211; Trebali smo pokazati vi\u0161e. U prvom poluvremenu nismo dali Dinamu previ\u0161e prilika. Postigli su golove nakon na\u0161ih pogre\u0161aka. Dinamo je za nijansu bio bolji, [&hellip;]\" \/>\n<meta property=\"og:url\" content=\"https:\/\/radioljubuski.ba\/index.php\/2021\/11\/05\/trener-rapida-trebali-smo-pokazati-vise-dinamo-je-iskoristio-nase-pogreske\/\" \/>\n<meta property=\"og:site_name\" content=\"RADIO LJUBU\u0160KI\" \/>\n<meta property=\"article:publisher\" content=\"https:\/\/www.facebook.com\/Radiio-Ljubuski-1490835324566332\" \/>\n<meta property=\"article:published_time\" content=\"2021-11-05T16:50:38+00:00\" \/>\n<meta property=\"article:modified_time\" content=\"2021-11-05T16:50:39+00:00\" \/>\n<meta property=\"og:image\" content=\"https:\/\/radioljubuski.ba\/wp-content\/uploads\/2021\/11\/presica-rapid-trener-20211104224510.jpg\" \/>\n\t<meta property=\"og:image:width\" content=\"1920\" \/>\n\t<meta property=\"og:image:height\" content=\"1080\" \/>\n\t<meta property=\"og:image:type\" content=\"image\/jpeg\" \/>\n<meta name=\"author\" content=\"Radio Ljubu\u0161ki\" \/>\n<meta name=\"twitter:card\" content=\"summary_large_image\" \/>\n<meta name=\"twitter:creator\" content=\"@radioljubuski\" \/>\n<meta name=\"twitter:site\" content=\"@radioljubuski\" \/>\n<meta name=\"twitter:label1\" content=\"Napisao\/la\" \/>\n\t<meta name=\"twitter:data1\" content=\"Radio Ljubu\u0161ki\" \/>\n\t<meta name=\"twitter:label2\" content=\"Procijenjeno vrijeme \u010ditanja\" \/>\n\t<meta name=\"twitter:data2\" content=\"2 minute\" \/>\n<script type=\"application\/ld+json\" class=\"yoast-schema-graph\">{\"@context\":\"https:\\\/\\\/schema.org\",\"@graph\":[{\"@type\":\"Article\",\"@id\":\"https:\\\/\\\/radioljubuski.ba\\\/index.php\\\/2021\\\/11\\\/05\\\/trener-rapida-trebali-smo-pokazati-vise-dinamo-je-iskoristio-nase-pogreske\\\/#article\",\"isPartOf\":{\"@id\":\"https:\\\/\\\/radioljubuski.ba\\\/index.php\\\/2021\\\/11\\\/05\\\/trener-rapida-trebali-smo-pokazati-vise-dinamo-je-iskoristio-nase-pogreske\\\/\"},\"author\":{\"name\":\"Radio Ljubu\u0161ki\",\"@id\":\"https:\\\/\\\/radioljubuski.ba\\\/#\\\/schema\\\/person\\\/19fc700381a780f69665d7956c469e3b\"},\"headline\":\"Trener Rapida: &#8220;Trebali smo pokazati vi\u0161e, Dinamo je iskoristio na\u0161e pogre\u0161ke&#8221;\",\"datePublished\":\"2021-11-05T16:50:38+00:00\",\"dateModified\":\"2021-11-05T16:50:39+00:00\",\"mainEntityOfPage\":{\"@id\":\"https:\\\/\\\/radioljubuski.ba\\\/index.php\\\/2021\\\/11\\\/05\\\/trener-rapida-trebali-smo-pokazati-vise-dinamo-je-iskoristio-nase-pogreske\\\/\"},\"wordCount\":345,\"publisher\":{\"@id\":\"https:\\\/\\\/radioljubuski.ba\\\/#organization\"},\"image\":{\"@id\":\"https:\\\/\\\/radioljubuski.ba\\\/index.php\\\/2021\\\/11\\\/05\\\/trener-rapida-trebali-smo-pokazati-vise-dinamo-je-iskoristio-nase-pogreske\\\/#primaryimage\"},\"thumbnailUrl\":\"https:\\\/\\\/radioljubuski.ba\\\/wp-content\\\/uploads\\\/2021\\\/11\\\/presica-rapid-trener-20211104224510.jpg\",\"articleSection\":[\"\u0160port\"],\"inLanguage\":\"hr\"},{\"@type\":\"WebPage\",\"@id\":\"https:\\\/\\\/radioljubuski.ba\\\/index.php\\\/2021\\\/11\\\/05\\\/trener-rapida-trebali-smo-pokazati-vise-dinamo-je-iskoristio-nase-pogreske\\\/\",\"url\":\"https:\\\/\\\/radioljubuski.ba\\\/index.php\\\/2021\\\/11\\\/05\\\/trener-rapida-trebali-smo-pokazati-vise-dinamo-je-iskoristio-nase-pogreske\\\/\",\"name\":\"Trener Rapida: \\\"Trebali smo pokazati vi\u0161e, Dinamo je iskoristio na\u0161e pogre\u0161ke\\\" - RADIO LJUBU\u0160KI\",\"isPartOf\":{\"@id\":\"https:\\\/\\\/radioljubuski.ba\\\/#website\"},\"primaryImageOfPage\":{\"@id\":\"https:\\\/\\\/radioljubuski.ba\\\/index.php\\\/2021\\\/11\\\/05\\\/trener-rapida-trebali-smo-pokazati-vise-dinamo-je-iskoristio-nase-pogreske\\\/#primaryimage\"},\"image\":{\"@id\":\"https:\\\/\\\/radioljubuski.ba\\\/index.php\\\/2021\\\/11\\\/05\\\/trener-rapida-trebali-smo-pokazati-vise-dinamo-je-iskoristio-nase-pogreske\\\/#primaryimage\"},\"thumbnailUrl\":\"https:\\\/\\\/radioljubuski.ba\\\/wp-content\\\/uploads\\\/2021\\\/11\\\/presica-rapid-trener-20211104224510.jpg\",\"datePublished\":\"2021-11-05T16:50:38+00:00\",\"dateModified\":\"2021-11-05T16:50:39+00:00\",\"breadcrumb\":{\"@id\":\"https:\\\/\\\/radioljubuski.ba\\\/index.php\\\/2021\\\/11\\\/05\\\/trener-rapida-trebali-smo-pokazati-vise-dinamo-je-iskoristio-nase-pogreske\\\/#breadcrumb\"},\"inLanguage\":\"hr\",\"potentialAction\":[{\"@type\":\"ReadAction\",\"target\":[\"https:\\\/\\\/radioljubuski.ba\\\/index.php\\\/2021\\\/11\\\/05\\\/trener-rapida-trebali-smo-pokazati-vise-dinamo-je-iskoristio-nase-pogreske\\\/\"]}]},{\"@type\":\"ImageObject\",\"inLanguage\":\"hr\",\"@id\":\"https:\\\/\\\/radioljubuski.ba\\\/index.php\\\/2021\\\/11\\\/05\\\/trener-rapida-trebali-smo-pokazati-vise-dinamo-je-iskoristio-nase-pogreske\\\/#primaryimage\",\"url\":\"https:\\\/\\\/radioljubuski.ba\\\/wp-content\\\/uploads\\\/2021\\\/11\\\/presica-rapid-trener-20211104224510.jpg\",\"contentUrl\":\"https:\\\/\\\/radioljubuski.ba\\\/wp-content\\\/uploads\\\/2021\\\/11\\\/presica-rapid-trener-20211104224510.jpg\",\"width\":1920,\"height\":1080},{\"@type\":\"BreadcrumbList\",\"@id\":\"https:\\\/\\\/radioljubuski.ba\\\/index.php\\\/2021\\\/11\\\/05\\\/trener-rapida-trebali-smo-pokazati-vise-dinamo-je-iskoristio-nase-pogreske\\\/#breadcrumb\",\"itemListElement\":[{\"@type\":\"ListItem\",\"position\":1,\"name\":\"Po\u010detna stranica\",\"item\":\"https:\\\/\\\/radioljubuski.ba\\\/\"},{\"@type\":\"ListItem\",\"position\":2,\"name\":\"Trener Rapida: &#8220;Trebali smo pokazati vi\u0161e, Dinamo je iskoristio na\u0161e pogre\u0161ke&#8221;\"}]},{\"@type\":\"WebSite\",\"@id\":\"https:\\\/\\\/radioljubuski.ba\\\/#website\",\"url\":\"https:\\\/\\\/radioljubuski.ba\\\/\",\"name\":\"Radio Ljubu\u0161ki\",\"description\":\"Sun\u010dana frekvencija Hercegovine\",\"publisher\":{\"@id\":\"https:\\\/\\\/radioljubuski.ba\\\/#organization\"},\"potentialAction\":[{\"@type\":\"SearchAction\",\"target\":{\"@type\":\"EntryPoint\",\"urlTemplate\":\"https:\\\/\\\/radioljubuski.ba\\\/?s={search_term_string}\"},\"query-input\":{\"@type\":\"PropertyValueSpecification\",\"valueRequired\":true,\"valueName\":\"search_term_string\"}}],\"inLanguage\":\"hr\"},{\"@type\":\"Organization\",\"@id\":\"https:\\\/\\\/radioljubuski.ba\\\/#organization\",\"name\":\"Radio Ljubu\u0161ki\",\"url\":\"https:\\\/\\\/radioljubuski.ba\\\/\",\"logo\":{\"@type\":\"ImageObject\",\"inLanguage\":\"hr\",\"@id\":\"https:\\\/\\\/radioljubuski.ba\\\/#\\\/schema\\\/logo\\\/image\\\/\",\"url\":\"https:\\\/\\\/radioljubuski.ba\\\/wp-content\\\/uploads\\\/2021\\\/02\\\/cropped-Radio_Ljubuski_logo1.jpg\",\"contentUrl\":\"https:\\\/\\\/radioljubuski.ba\\\/wp-content\\\/uploads\\\/2021\\\/02\\\/cropped-Radio_Ljubuski_logo1.jpg\",\"width\":512,\"height\":512,\"caption\":\"Radio Ljubu\u0161ki\"},\"image\":{\"@id\":\"https:\\\/\\\/radioljubuski.ba\\\/#\\\/schema\\\/logo\\\/image\\\/\"},\"sameAs\":[\"https:\\\/\\\/www.facebook.com\\\/Radiio-Ljubuski-1490835324566332\",\"https:\\\/\\\/x.com\\\/radioljubuski\",\"https:\\\/\\\/hr.linkedin.com\\\/company\\\/radio-ljubuski\",\"https:\\\/\\\/www.youtube.com\\\/channel\\\/UCHYaeO_n0Db3tjNGudGpXyw\"]},{\"@type\":\"Person\",\"@id\":\"https:\\\/\\\/radioljubuski.ba\\\/#\\\/schema\\\/person\\\/19fc700381a780f69665d7956c469e3b\",\"name\":\"Radio Ljubu\u0161ki\"}]}<\/script>\n<!-- \/ Yoast SEO plugin. -->","yoast_head_json":{"title":"Trener Rapida: \"Trebali smo pokazati vi\u0161e, Dinamo je iskoristio na\u0161e pogre\u0161ke\" - RADIO LJUBU\u0160KI","robots":{"index":"index","follow":"follow","max-snippet":"max-snippet:-1","max-image-preview":"max-image-preview:large","max-video-preview":"max-video-preview:-1"},"canonical":"https:\/\/radioljubuski.ba\/index.php\/2021\/11\/05\/trener-rapida-trebali-smo-pokazati-vise-dinamo-je-iskoristio-nase-pogreske\/","og_locale":"hr_HR","og_type":"article","og_title":"Trener Rapida: \"Trebali smo pokazati vi\u0161e, Dinamo je iskoristio na\u0161e pogre\u0161ke\" - RADIO LJUBU\u0160KI","og_description":"Nogometa\u0161i Dinama slavili su 3:1 protiv Rapida u 4. kolu skupine H Europske lige. Na konferenciji za medije nakon utakmice trener Rapida&nbsp;Dietmar K\u00fchbauer&nbsp;istaknuo je kako je Rapid trebao pokazati vi\u0161e. &#8211; Trebali smo pokazati vi\u0161e. U prvom poluvremenu nismo dali Dinamu previ\u0161e prilika. Postigli su golove nakon na\u0161ih pogre\u0161aka. Dinamo je za nijansu bio bolji, [&hellip;]","og_url":"https:\/\/radioljubuski.ba\/index.php\/2021\/11\/05\/trener-rapida-trebali-smo-pokazati-vise-dinamo-je-iskoristio-nase-pogreske\/","og_site_name":"RADIO LJUBU\u0160KI","article_publisher":"https:\/\/www.facebook.com\/Radiio-Ljubuski-1490835324566332","article_published_time":"2021-11-05T16:50:38+00:00","article_modified_time":"2021-11-05T16:50:39+00:00","og_image":[{"width":1920,"height":1080,"url":"https:\/\/radioljubuski.ba\/wp-content\/uploads\/2021\/11\/presica-rapid-trener-20211104224510.jpg","type":"image\/jpeg"}],"author":"Radio Ljubu\u0161ki","twitter_card":"summary_large_image","twitter_creator":"@radioljubuski","twitter_site":"@radioljubuski","twitter_misc":{"Napisao\/la":"Radio Ljubu\u0161ki","Procijenjeno vrijeme \u010ditanja":"2 minute"},"schema":{"@context":"https:\/\/schema.org","@graph":[{"@type":"Article","@id":"https:\/\/radioljubuski.ba\/index.php\/2021\/11\/05\/trener-rapida-trebali-smo-pokazati-vise-dinamo-je-iskoristio-nase-pogreske\/#article","isPartOf":{"@id":"https:\/\/radioljubuski.ba\/index.php\/2021\/11\/05\/trener-rapida-trebali-smo-pokazati-vise-dinamo-je-iskoristio-nase-pogreske\/"},"author":{"name":"Radio Ljubu\u0161ki","@id":"https:\/\/radioljubuski.ba\/#\/schema\/person\/19fc700381a780f69665d7956c469e3b"},"headline":"Trener Rapida: &#8220;Trebali smo pokazati vi\u0161e, Dinamo je iskoristio na\u0161e pogre\u0161ke&#8221;","datePublished":"2021-11-05T16:50:38+00:00","dateModified":"2021-11-05T16:50:39+00:00","mainEntityOfPage":{"@id":"https:\/\/radioljubuski.ba\/index.php\/2021\/11\/05\/trener-rapida-trebali-smo-pokazati-vise-dinamo-je-iskoristio-nase-pogreske\/"},"wordCount":345,"publisher":{"@id":"https:\/\/radioljubuski.ba\/#organization"},"image":{"@id":"https:\/\/radioljubuski.ba\/index.php\/2021\/11\/05\/trener-rapida-trebali-smo-pokazati-vise-dinamo-je-iskoristio-nase-pogreske\/#primaryimage"},"thumbnailUrl":"https:\/\/radioljubuski.ba\/wp-content\/uploads\/2021\/11\/presica-rapid-trener-20211104224510.jpg","articleSection":["\u0160port"],"inLanguage":"hr"},{"@type":"WebPage","@id":"https:\/\/radioljubuski.ba\/index.php\/2021\/11\/05\/trener-rapida-trebali-smo-pokazati-vise-dinamo-je-iskoristio-nase-pogreske\/","url":"https:\/\/radioljubuski.ba\/index.php\/2021\/11\/05\/trener-rapida-trebali-smo-pokazati-vise-dinamo-je-iskoristio-nase-pogreske\/","name":"Trener Rapida: \"Trebali smo pokazati vi\u0161e, Dinamo je iskoristio na\u0161e pogre\u0161ke\" - RADIO LJUBU\u0160KI","isPartOf":{"@id":"https:\/\/radioljubuski.ba\/#website"},"primaryImageOfPage":{"@id":"https:\/\/radioljubuski.ba\/index.php\/2021\/11\/05\/trener-rapida-trebali-smo-pokazati-vise-dinamo-je-iskoristio-nase-pogreske\/#primaryimage"},"image":{"@id":"https:\/\/radioljubuski.ba\/index.php\/2021\/11\/05\/trener-rapida-trebali-smo-pokazati-vise-dinamo-je-iskoristio-nase-pogreske\/#primaryimage"},"thumbnailUrl":"https:\/\/radioljubuski.ba\/wp-content\/uploads\/2021\/11\/presica-rapid-trener-20211104224510.jpg","datePublished":"2021-11-05T16:50:38+00:00","dateModified":"2021-11-05T16:50:39+00:00","breadcrumb":{"@id":"https:\/\/radioljubuski.ba\/index.php\/2021\/11\/05\/trener-rapida-trebali-smo-pokazati-vise-dinamo-je-iskoristio-nase-pogreske\/#breadcrumb"},"inLanguage":"hr","potentialAction":[{"@type":"ReadAction","target":["https:\/\/radioljubuski.ba\/index.php\/2021\/11\/05\/trener-rapida-trebali-smo-pokazati-vise-dinamo-je-iskoristio-nase-pogreske\/"]}]},{"@type":"ImageObject","inLanguage":"hr","@id":"https:\/\/radioljubuski.ba\/index.php\/2021\/11\/05\/trener-rapida-trebali-smo-pokazati-vise-dinamo-je-iskoristio-nase-pogreske\/#primaryimage","url":"https:\/\/radioljubuski.ba\/wp-content\/uploads\/2021\/11\/presica-rapid-trener-20211104224510.jpg","contentUrl":"https:\/\/radioljubuski.ba\/wp-content\/uploads\/2021\/11\/presica-rapid-trener-20211104224510.jpg","width":1920,"height":1080},{"@type":"BreadcrumbList","@id":"https:\/\/radioljubuski.ba\/index.php\/2021\/11\/05\/trener-rapida-trebali-smo-pokazati-vise-dinamo-je-iskoristio-nase-pogreske\/#breadcrumb","itemListElement":[{"@type":"ListItem","position":1,"name":"Po\u010detna stranica","item":"https:\/\/radioljubuski.ba\/"},{"@type":"ListItem","position":2,"name":"Trener Rapida: &#8220;Trebali smo pokazati vi\u0161e, Dinamo je iskoristio na\u0161e pogre\u0161ke&#8221;"}]},{"@type":"WebSite","@id":"https:\/\/radioljubuski.ba\/#website","url":"https:\/\/radioljubuski.ba\/","name":"Radio Ljubu\u0161ki","description":"Sun\u010dana frekvencija Hercegovine","publisher":{"@id":"https:\/\/radioljubuski.ba\/#organization"},"potentialAction":[{"@type":"SearchAction","target":{"@type":"EntryPoint","urlTemplate":"https:\/\/radioljubuski.ba\/?s={search_term_string}"},"query-input":{"@type":"PropertyValueSpecification","valueRequired":true,"valueName":"search_term_string"}}],"inLanguage":"hr"},{"@type":"Organization","@id":"https:\/\/radioljubuski.ba\/#organization","name":"Radio Ljubu\u0161ki","url":"https:\/\/radioljubuski.ba\/","logo":{"@type":"ImageObject","inLanguage":"hr","@id":"https:\/\/radioljubuski.ba\/#\/schema\/logo\/image\/","url":"https:\/\/radioljubuski.ba\/wp-content\/uploads\/2021\/02\/cropped-Radio_Ljubuski_logo1.jpg","contentUrl":"https:\/\/radioljubuski.ba\/wp-content\/uploads\/2021\/02\/cropped-Radio_Ljubuski_logo1.jpg","width":512,"height":512,"caption":"Radio Ljubu\u0161ki"},"image":{"@id":"https:\/\/radioljubuski.ba\/#\/schema\/logo\/image\/"},"sameAs":["https:\/\/www.facebook.com\/Radiio-Ljubuski-1490835324566332","https:\/\/x.com\/radioljubuski","https:\/\/hr.linkedin.com\/company\/radio-ljubuski","https:\/\/www.youtube.com\/channel\/UCHYaeO_n0Db3tjNGudGpXyw"]},{"@type":"Person","@id":"https:\/\/radioljubuski.ba\/#\/schema\/person\/19fc700381a780f69665d7956c469e3b","name":"Radio Ljubu\u0161ki"}]}},"_links":{"self":[{"href":"https:\/\/radioljubuski.ba\/index.php\/wp-json\/wp\/v2\/posts\/85431","targetHints":{"allow":["GET"]}}],"collection":[{"href":"https:\/\/radioljubuski.ba\/index.php\/wp-json\/wp\/v2\/posts"}],"about":[{"href":"https:\/\/radioljubuski.ba\/index.php\/wp-json\/wp\/v2\/types\/post"}],"author":[{"embeddable":true,"href":"https:\/\/radioljubuski.ba\/index.php\/wp-json\/wp\/v2\/users\/2"}],"replies":[{"embeddable":true,"href":"https:\/\/radioljubuski.ba\/index.php\/wp-json\/wp\/v2\/comments?post=85431"}],"version-history":[{"count":1,"href":"https:\/\/radioljubuski.ba\/index.php\/wp-json\/wp\/v2\/posts\/85431\/revisions"}],"predecessor-version":[{"id":85433,"href":"https:\/\/radioljubuski.ba\/index.php\/wp-json\/wp\/v2\/posts\/85431\/revisions\/85433"}],"wp:featuredmedia":[{"embeddable":true,"href":"https:\/\/radioljubuski.ba\/index.php\/wp-json\/wp\/v2\/media\/85432"}],"wp:attachment":[{"href":"https:\/\/radioljubuski.ba\/index.php\/wp-json\/wp\/v2\/media?parent=85431"}],"wp:term":[{"taxonomy":"category","embeddable":true,"href":"https:\/\/radioljubuski.ba\/index.php\/wp-json\/wp\/v2\/categories?post=85431"},{"taxonomy":"post_tag","embeddable":true,"href":"https:\/\/radioljubuski.ba\/index.php\/wp-json\/wp\/v2\/tags?post=85431"}],"curies":[{"name":"wp","href":"https:\/\/api.w.org\/{rel}","templated":true}]}}