{"id":85434,"date":"2021-11-05T17:52:36","date_gmt":"2021-11-05T16:52:36","guid":{"rendered":"https:\/\/radioljubuski.ba\/?p=85434"},"modified":"2021-11-05T17:52:36","modified_gmt":"2021-11-05T16:52:36","slug":"zasad-tri-kluba-osigurala-europsko-proljece","status":"publish","type":"post","link":"https:\/\/radioljubuski.ba\/index.php\/2021\/11\/05\/zasad-tri-kluba-osigurala-europsko-proljece\/","title":{"rendered":"Zasad tri kluba osigurala &#8220;europsko prolje\u0107e&#8221;"},"content":{"rendered":"\n<p><strong>Nakon susreta 4. kola po skupinama Europske lige tri kluba su osigurala &#8220;europsko prolje\u0107e&#8221;, Lyon, West Ham i Eintracht Frankfurt.<\/strong><\/p>\n\n\n\n<p>Francuski velikan je u skupini A osigurao prvo mjesto i izravni plasman u osminu finala, dok West Ham i Eintracht Frankfurt sigurno prolaze dalje, no jo\u0161 nije jasno s koje pozicije, prve ili druge.<br><br>Lyon je jedini klub u Europskoj ligi koji je u prva \u010detiri kola upisao \u010detiri pobjede. U Ligi prvaka maksimalan u\u010dinak nakon \u010detiri kola imaju Liverpool, Bayern, Ajax i Juventus, dok u Konferencijskoj ligi nema kluba koji nakon \u010detiri kola ima 12 bodova.<br><br>&#8220;Lavovi&#8221; su pobijedili Rangers (2-0), Brondby (3-0), te dva puta pra\u0161ku Spartu (4-3, 3-0) i sada bezbri\u017eno mogu \u010dekati zadnja dva kola. Mom\u010dad&nbsp;<strong>Petera Bosza<\/strong>&nbsp;je osigurav\u0161i prvo mjesto, osigurala i direktan plasman u osminu finala Europske lige.<br><br>Podsjetimo, pobjednici skupina idu izravno u osminu finala, dok \u0107e drugoplasirani razigravati za osminu finala i to protiv osam tre\u0107eplasiranih iz Lige prvaka. Tre\u0107i iz svake skupine Europske lige nastavlja sezonu u Konferencijskoj ligi, gdje \u0107e igrati playoff za osminu finala protiv drugih iz skupina KL-a.<br><br>&#8211; Na\u0161 cilj je bio kvalificirati se, a to se i dogodilo. Protiv Sparte smo odigrali dobro, pobijediv\u0161i 3-0. Bilo je va\u017eno ovu utakmicu zavr\u0161iti bez primljenog gola, istaknuo je Bosz.<\/p>\n\n\n\n<p>Europsko &#8220;prolje\u0107e&#8221; u EL osigurali su i West Ham, te Eintracht Frankfurt koji u svojim skupinama ne mogu biti slabije plasirani od druge pozicije.<\/p>\n\n\n\n<p><br>West Ham trenuta\u010dno vodi u skupini H s 10 bodova, Dinamo ima \u0161est bodova, Genk \u010detiri, a Rapid tri boda. &#8220;\u010ceki\u0107ari&#8221; odli\u010dno guraju i u Premiershipu, trenuta\u010dno dr\u017ee \u010detvrto mjesto s 20 bodova koliko ima i Manchester City na tre\u0107oj poziciji. Ispred su samo Chelsea s 25 i Liverpool s 22 boda.<br><br><\/p>\n\n\n\n<p>&#8211; Mislim da je ono \u0161to smo jako brzo napravili stvarno i jako dobro. Do\u0161li smo do ove razine jako brzo, \u017eelim i dalje razvijati klub i \u017eelim da navija\u010di vide ne\u0161to \u0161to je uzbudljivo i napredno, kazao je&nbsp;<strong>David Moyes&nbsp;<\/strong>koji je u susretu protiv Genka (2-2) upisao 1.000-ti trenerski nastup u karijeri.<br><br>&#8211; Ne\u0107emo dobiti sve utakmice, nitko to ne uspijeva, ali ja sam imao svoje godine borbe, kao \u0161to smo imali ovdje u West Hamu, i utakmice u kojima smo razmi\u0161ljali samo o tome kako se mo\u017eemo dr\u017eati podalje od dna, dodao je za klupsku stranicu.<br><br>Iskreno je priznao kako je svjestan da nije svaki navija\u010d West Hama mislio da je on pravi izbor.<br><br>&#8211; Bilo bi po\u0161teno re\u0107i da nije svaki navija\u010d West Hama mislio da sam ja pravi izbor. \u017delim osvojiti jedan trofej s West Hamom, a onda \u017eelim osvojiti jo\u0161 jedan. Mislim da su navija\u010di West Hama ponosniji nego \u0161to su to mo\u017eda bili posljednjih godina, tako da se doga\u0111a toliko pozitivnih stvari i moramo nastaviti graditi na tome, poru\u010dio je Moyes.<br><br>Engleze u idu\u0107em kolu, 25. studenog o\u010dekuje gostovanje kod Rapida, i pobjedom bi osigurali prvo mjesto. Hrvatski prvak bi tada u izravnom sudaru protiv Genka igrao za drugo mjesto. Natjecanje u skupini zavr\u0161ava 9. prosinca kada su na rasporedu susreti West Ham &#8211; Dinamo, te Genk &#8211; Rapid.<\/p>\n\n\n\n<p>Nastavak natjecanja u Europskoj ligi osigurao je i Eintracht Frankfurt u skupini D. Njema\u010dki sastav u \u010dijim redovima uspje\u0161no igra&nbsp;<strong>Kristijan Jaki\u0107<\/strong>&nbsp;vodi na ljestvici s 10 bodova, Olympiakos ima \u0161est, Fenerbah\u010de pet, a Antwerpen jedan bod.<br><br>&#8211; Lijep je to uspjeh. Bila je to lijepa ve\u010der za nas i navija\u010de koji su nas podr\u017eavali i u te\u0161kim fazama utakmice, kazao je trener&nbsp;<strong>Oliver Glasner<\/strong>&nbsp;nakon gostuju\u0107e pobjede protiv Olympiakosa.<br><br>Nijemci u idu\u0107em kolu kod ku\u0107e igraju protiv Antwerpena i pobjedom bi osigurali i &#8220;jedinicu&#8221;.<br><br>&#8211; Sretan sam zbog mom\u010dadi, to je bio timski uspjeh. Ova pobjeda je vrlo va\u017ena, pogotovo nakon te\u0161kih dana. Jako smo zadovoljni nastupom i veselimo se vrlo dobroj startnoj poziciji u skupini. Danas u\u017eivamo u tome. Ostvarili smo cilj, prezimit \u0107emo u Europskoj ligi. Sada \u017eelimo osvojiti skupinu, dodao je sportski direktor&nbsp;<strong>Markus Krosche<\/strong>.<\/p>\n\n\n\n<p>Izvor:hrt.hr<\/p>\n","protected":false},"excerpt":{"rendered":"<p>Nakon susreta 4. kola po skupinama Europske lige tri kluba su osigurala &#8220;europsko prolje\u0107e&#8221;, Lyon, West Ham i Eintracht Frankfurt. Francuski velikan je u skupini A osigurao prvo mjesto i izravni plasman u osminu finala, dok West Ham i Eintracht Frankfurt sigurno prolaze dalje, no jo\u0161 nije jasno s koje pozicije, prve ili druge. Lyon [&hellip;]<\/p>\n","protected":false},"author":2,"featured_media":85435,"comment_status":"closed","ping_status":"closed","sticky":false,"template":"","format":"standard","meta":{"h5ap_radio_sources":[],"footnotes":""},"categories":[7],"tags":[],"class_list":["post-85434","post","type-post","status-publish","format-standard","has-post-thumbnail","hentry","category-sport"],"yoast_head":"<!-- This site is optimized with the Yoast SEO plugin v27.5 - https:\/\/yoast.com\/product\/yoast-seo-wordpress\/ -->\n<title>Zasad tri kluba osigurala &quot;europsko prolje\u0107e&quot; - RADIO LJUBU\u0160KI<\/title>\n<meta name=\"robots\" content=\"index, follow, max-snippet:-1, max-image-preview:large, max-video-preview:-1\" \/>\n<link rel=\"canonical\" href=\"https:\/\/radioljubuski.ba\/index.php\/2021\/11\/05\/zasad-tri-kluba-osigurala-europsko-proljece\/\" \/>\n<meta property=\"og:locale\" content=\"hr_HR\" \/>\n<meta property=\"og:type\" content=\"article\" \/>\n<meta property=\"og:title\" content=\"Zasad tri kluba osigurala &quot;europsko prolje\u0107e&quot; - RADIO LJUBU\u0160KI\" \/>\n<meta property=\"og:description\" content=\"Nakon susreta 4. kola po skupinama Europske lige tri kluba su osigurala &#8220;europsko prolje\u0107e&#8221;, Lyon, West Ham i Eintracht Frankfurt. Francuski velikan je u skupini A osigurao prvo mjesto i izravni plasman u osminu finala, dok West Ham i Eintracht Frankfurt sigurno prolaze dalje, no jo\u0161 nije jasno s koje pozicije, prve ili druge. Lyon [&hellip;]\" \/>\n<meta property=\"og:url\" content=\"https:\/\/radioljubuski.ba\/index.php\/2021\/11\/05\/zasad-tri-kluba-osigurala-europsko-proljece\/\" \/>\n<meta property=\"og:site_name\" content=\"RADIO LJUBU\u0160KI\" \/>\n<meta property=\"article:publisher\" content=\"https:\/\/www.facebook.com\/Radiio-Ljubuski-1490835324566332\" \/>\n<meta property=\"article:published_time\" content=\"2021-11-05T16:52:36+00:00\" \/>\n<meta property=\"og:image\" content=\"https:\/\/radioljubuski.ba\/wp-content\/uploads\/2021\/11\/2021-11-04t181052z-1762580500-up1ehb41ei297-rtrmadp-3-soccer-europa-oly-sge-report-20211105094221.jpg\" \/>\n\t<meta property=\"og:image:width\" content=\"1500\" \/>\n\t<meta property=\"og:image:height\" content=\"1064\" \/>\n\t<meta property=\"og:image:type\" content=\"image\/jpeg\" \/>\n<meta name=\"author\" content=\"Radio Ljubu\u0161ki\" \/>\n<meta name=\"twitter:card\" content=\"summary_large_image\" \/>\n<meta name=\"twitter:creator\" content=\"@radioljubuski\" \/>\n<meta name=\"twitter:site\" content=\"@radioljubuski\" \/>\n<meta name=\"twitter:label1\" content=\"Napisao\/la\" \/>\n\t<meta name=\"twitter:data1\" content=\"Radio Ljubu\u0161ki\" \/>\n\t<meta name=\"twitter:label2\" content=\"Procijenjeno vrijeme \u010ditanja\" \/>\n\t<meta name=\"twitter:data2\" content=\"3 minute\" \/>\n<script type=\"application\/ld+json\" class=\"yoast-schema-graph\">{\"@context\":\"https:\\\/\\\/schema.org\",\"@graph\":[{\"@type\":\"Article\",\"@id\":\"https:\\\/\\\/radioljubuski.ba\\\/index.php\\\/2021\\\/11\\\/05\\\/zasad-tri-kluba-osigurala-europsko-proljece\\\/#article\",\"isPartOf\":{\"@id\":\"https:\\\/\\\/radioljubuski.ba\\\/index.php\\\/2021\\\/11\\\/05\\\/zasad-tri-kluba-osigurala-europsko-proljece\\\/\"},\"author\":{\"name\":\"Radio Ljubu\u0161ki\",\"@id\":\"https:\\\/\\\/radioljubuski.ba\\\/#\\\/schema\\\/person\\\/19fc700381a780f69665d7956c469e3b\"},\"headline\":\"Zasad tri kluba osigurala &#8220;europsko prolje\u0107e&#8221;\",\"datePublished\":\"2021-11-05T16:52:36+00:00\",\"mainEntityOfPage\":{\"@id\":\"https:\\\/\\\/radioljubuski.ba\\\/index.php\\\/2021\\\/11\\\/05\\\/zasad-tri-kluba-osigurala-europsko-proljece\\\/\"},\"wordCount\":711,\"publisher\":{\"@id\":\"https:\\\/\\\/radioljubuski.ba\\\/#organization\"},\"image\":{\"@id\":\"https:\\\/\\\/radioljubuski.ba\\\/index.php\\\/2021\\\/11\\\/05\\\/zasad-tri-kluba-osigurala-europsko-proljece\\\/#primaryimage\"},\"thumbnailUrl\":\"https:\\\/\\\/radioljubuski.ba\\\/wp-content\\\/uploads\\\/2021\\\/11\\\/2021-11-04t181052z-1762580500-up1ehb41ei297-rtrmadp-3-soccer-europa-oly-sge-report-20211105094221.jpg\",\"articleSection\":[\"\u0160port\"],\"inLanguage\":\"hr\"},{\"@type\":\"WebPage\",\"@id\":\"https:\\\/\\\/radioljubuski.ba\\\/index.php\\\/2021\\\/11\\\/05\\\/zasad-tri-kluba-osigurala-europsko-proljece\\\/\",\"url\":\"https:\\\/\\\/radioljubuski.ba\\\/index.php\\\/2021\\\/11\\\/05\\\/zasad-tri-kluba-osigurala-europsko-proljece\\\/\",\"name\":\"Zasad tri kluba osigurala \\\"europsko prolje\u0107e\\\" - RADIO LJUBU\u0160KI\",\"isPartOf\":{\"@id\":\"https:\\\/\\\/radioljubuski.ba\\\/#website\"},\"primaryImageOfPage\":{\"@id\":\"https:\\\/\\\/radioljubuski.ba\\\/index.php\\\/2021\\\/11\\\/05\\\/zasad-tri-kluba-osigurala-europsko-proljece\\\/#primaryimage\"},\"image\":{\"@id\":\"https:\\\/\\\/radioljubuski.ba\\\/index.php\\\/2021\\\/11\\\/05\\\/zasad-tri-kluba-osigurala-europsko-proljece\\\/#primaryimage\"},\"thumbnailUrl\":\"https:\\\/\\\/radioljubuski.ba\\\/wp-content\\\/uploads\\\/2021\\\/11\\\/2021-11-04t181052z-1762580500-up1ehb41ei297-rtrmadp-3-soccer-europa-oly-sge-report-20211105094221.jpg\",\"datePublished\":\"2021-11-05T16:52:36+00:00\",\"breadcrumb\":{\"@id\":\"https:\\\/\\\/radioljubuski.ba\\\/index.php\\\/2021\\\/11\\\/05\\\/zasad-tri-kluba-osigurala-europsko-proljece\\\/#breadcrumb\"},\"inLanguage\":\"hr\",\"potentialAction\":[{\"@type\":\"ReadAction\",\"target\":[\"https:\\\/\\\/radioljubuski.ba\\\/index.php\\\/2021\\\/11\\\/05\\\/zasad-tri-kluba-osigurala-europsko-proljece\\\/\"]}]},{\"@type\":\"ImageObject\",\"inLanguage\":\"hr\",\"@id\":\"https:\\\/\\\/radioljubuski.ba\\\/index.php\\\/2021\\\/11\\\/05\\\/zasad-tri-kluba-osigurala-europsko-proljece\\\/#primaryimage\",\"url\":\"https:\\\/\\\/radioljubuski.ba\\\/wp-content\\\/uploads\\\/2021\\\/11\\\/2021-11-04t181052z-1762580500-up1ehb41ei297-rtrmadp-3-soccer-europa-oly-sge-report-20211105094221.jpg\",\"contentUrl\":\"https:\\\/\\\/radioljubuski.ba\\\/wp-content\\\/uploads\\\/2021\\\/11\\\/2021-11-04t181052z-1762580500-up1ehb41ei297-rtrmadp-3-soccer-europa-oly-sge-report-20211105094221.jpg\",\"width\":1500,\"height\":1064},{\"@type\":\"BreadcrumbList\",\"@id\":\"https:\\\/\\\/radioljubuski.ba\\\/index.php\\\/2021\\\/11\\\/05\\\/zasad-tri-kluba-osigurala-europsko-proljece\\\/#breadcrumb\",\"itemListElement\":[{\"@type\":\"ListItem\",\"position\":1,\"name\":\"Po\u010detna stranica\",\"item\":\"https:\\\/\\\/radioljubuski.ba\\\/\"},{\"@type\":\"ListItem\",\"position\":2,\"name\":\"Zasad tri kluba osigurala &#8220;europsko prolje\u0107e&#8221;\"}]},{\"@type\":\"WebSite\",\"@id\":\"https:\\\/\\\/radioljubuski.ba\\\/#website\",\"url\":\"https:\\\/\\\/radioljubuski.ba\\\/\",\"name\":\"Radio Ljubu\u0161ki\",\"description\":\"Sun\u010dana frekvencija Hercegovine\",\"publisher\":{\"@id\":\"https:\\\/\\\/radioljubuski.ba\\\/#organization\"},\"potentialAction\":[{\"@type\":\"SearchAction\",\"target\":{\"@type\":\"EntryPoint\",\"urlTemplate\":\"https:\\\/\\\/radioljubuski.ba\\\/?s={search_term_string}\"},\"query-input\":{\"@type\":\"PropertyValueSpecification\",\"valueRequired\":true,\"valueName\":\"search_term_string\"}}],\"inLanguage\":\"hr\"},{\"@type\":\"Organization\",\"@id\":\"https:\\\/\\\/radioljubuski.ba\\\/#organization\",\"name\":\"Radio Ljubu\u0161ki\",\"url\":\"https:\\\/\\\/radioljubuski.ba\\\/\",\"logo\":{\"@type\":\"ImageObject\",\"inLanguage\":\"hr\",\"@id\":\"https:\\\/\\\/radioljubuski.ba\\\/#\\\/schema\\\/logo\\\/image\\\/\",\"url\":\"https:\\\/\\\/radioljubuski.ba\\\/wp-content\\\/uploads\\\/2021\\\/02\\\/cropped-Radio_Ljubuski_logo1.jpg\",\"contentUrl\":\"https:\\\/\\\/radioljubuski.ba\\\/wp-content\\\/uploads\\\/2021\\\/02\\\/cropped-Radio_Ljubuski_logo1.jpg\",\"width\":512,\"height\":512,\"caption\":\"Radio Ljubu\u0161ki\"},\"image\":{\"@id\":\"https:\\\/\\\/radioljubuski.ba\\\/#\\\/schema\\\/logo\\\/image\\\/\"},\"sameAs\":[\"https:\\\/\\\/www.facebook.com\\\/Radiio-Ljubuski-1490835324566332\",\"https:\\\/\\\/x.com\\\/radioljubuski\",\"https:\\\/\\\/hr.linkedin.com\\\/company\\\/radio-ljubuski\",\"https:\\\/\\\/www.youtube.com\\\/channel\\\/UCHYaeO_n0Db3tjNGudGpXyw\"]},{\"@type\":\"Person\",\"@id\":\"https:\\\/\\\/radioljubuski.ba\\\/#\\\/schema\\\/person\\\/19fc700381a780f69665d7956c469e3b\",\"name\":\"Radio Ljubu\u0161ki\"}]}<\/script>\n<!-- \/ Yoast SEO plugin. -->","yoast_head_json":{"title":"Zasad tri kluba osigurala \"europsko prolje\u0107e\" - RADIO LJUBU\u0160KI","robots":{"index":"index","follow":"follow","max-snippet":"max-snippet:-1","max-image-preview":"max-image-preview:large","max-video-preview":"max-video-preview:-1"},"canonical":"https:\/\/radioljubuski.ba\/index.php\/2021\/11\/05\/zasad-tri-kluba-osigurala-europsko-proljece\/","og_locale":"hr_HR","og_type":"article","og_title":"Zasad tri kluba osigurala \"europsko prolje\u0107e\" - RADIO LJUBU\u0160KI","og_description":"Nakon susreta 4. kola po skupinama Europske lige tri kluba su osigurala &#8220;europsko prolje\u0107e&#8221;, Lyon, West Ham i Eintracht Frankfurt. Francuski velikan je u skupini A osigurao prvo mjesto i izravni plasman u osminu finala, dok West Ham i Eintracht Frankfurt sigurno prolaze dalje, no jo\u0161 nije jasno s koje pozicije, prve ili druge. Lyon [&hellip;]","og_url":"https:\/\/radioljubuski.ba\/index.php\/2021\/11\/05\/zasad-tri-kluba-osigurala-europsko-proljece\/","og_site_name":"RADIO LJUBU\u0160KI","article_publisher":"https:\/\/www.facebook.com\/Radiio-Ljubuski-1490835324566332","article_published_time":"2021-11-05T16:52:36+00:00","og_image":[{"width":1500,"height":1064,"url":"https:\/\/radioljubuski.ba\/wp-content\/uploads\/2021\/11\/2021-11-04t181052z-1762580500-up1ehb41ei297-rtrmadp-3-soccer-europa-oly-sge-report-20211105094221.jpg","type":"image\/jpeg"}],"author":"Radio Ljubu\u0161ki","twitter_card":"summary_large_image","twitter_creator":"@radioljubuski","twitter_site":"@radioljubuski","twitter_misc":{"Napisao\/la":"Radio Ljubu\u0161ki","Procijenjeno vrijeme \u010ditanja":"3 minute"},"schema":{"@context":"https:\/\/schema.org","@graph":[{"@type":"Article","@id":"https:\/\/radioljubuski.ba\/index.php\/2021\/11\/05\/zasad-tri-kluba-osigurala-europsko-proljece\/#article","isPartOf":{"@id":"https:\/\/radioljubuski.ba\/index.php\/2021\/11\/05\/zasad-tri-kluba-osigurala-europsko-proljece\/"},"author":{"name":"Radio Ljubu\u0161ki","@id":"https:\/\/radioljubuski.ba\/#\/schema\/person\/19fc700381a780f69665d7956c469e3b"},"headline":"Zasad tri kluba osigurala &#8220;europsko prolje\u0107e&#8221;","datePublished":"2021-11-05T16:52:36+00:00","mainEntityOfPage":{"@id":"https:\/\/radioljubuski.ba\/index.php\/2021\/11\/05\/zasad-tri-kluba-osigurala-europsko-proljece\/"},"wordCount":711,"publisher":{"@id":"https:\/\/radioljubuski.ba\/#organization"},"image":{"@id":"https:\/\/radioljubuski.ba\/index.php\/2021\/11\/05\/zasad-tri-kluba-osigurala-europsko-proljece\/#primaryimage"},"thumbnailUrl":"https:\/\/radioljubuski.ba\/wp-content\/uploads\/2021\/11\/2021-11-04t181052z-1762580500-up1ehb41ei297-rtrmadp-3-soccer-europa-oly-sge-report-20211105094221.jpg","articleSection":["\u0160port"],"inLanguage":"hr"},{"@type":"WebPage","@id":"https:\/\/radioljubuski.ba\/index.php\/2021\/11\/05\/zasad-tri-kluba-osigurala-europsko-proljece\/","url":"https:\/\/radioljubuski.ba\/index.php\/2021\/11\/05\/zasad-tri-kluba-osigurala-europsko-proljece\/","name":"Zasad tri kluba osigurala \"europsko prolje\u0107e\" - RADIO LJUBU\u0160KI","isPartOf":{"@id":"https:\/\/radioljubuski.ba\/#website"},"primaryImageOfPage":{"@id":"https:\/\/radioljubuski.ba\/index.php\/2021\/11\/05\/zasad-tri-kluba-osigurala-europsko-proljece\/#primaryimage"},"image":{"@id":"https:\/\/radioljubuski.ba\/index.php\/2021\/11\/05\/zasad-tri-kluba-osigurala-europsko-proljece\/#primaryimage"},"thumbnailUrl":"https:\/\/radioljubuski.ba\/wp-content\/uploads\/2021\/11\/2021-11-04t181052z-1762580500-up1ehb41ei297-rtrmadp-3-soccer-europa-oly-sge-report-20211105094221.jpg","datePublished":"2021-11-05T16:52:36+00:00","breadcrumb":{"@id":"https:\/\/radioljubuski.ba\/index.php\/2021\/11\/05\/zasad-tri-kluba-osigurala-europsko-proljece\/#breadcrumb"},"inLanguage":"hr","potentialAction":[{"@type":"ReadAction","target":["https:\/\/radioljubuski.ba\/index.php\/2021\/11\/05\/zasad-tri-kluba-osigurala-europsko-proljece\/"]}]},{"@type":"ImageObject","inLanguage":"hr","@id":"https:\/\/radioljubuski.ba\/index.php\/2021\/11\/05\/zasad-tri-kluba-osigurala-europsko-proljece\/#primaryimage","url":"https:\/\/radioljubuski.ba\/wp-content\/uploads\/2021\/11\/2021-11-04t181052z-1762580500-up1ehb41ei297-rtrmadp-3-soccer-europa-oly-sge-report-20211105094221.jpg","contentUrl":"https:\/\/radioljubuski.ba\/wp-content\/uploads\/2021\/11\/2021-11-04t181052z-1762580500-up1ehb41ei297-rtrmadp-3-soccer-europa-oly-sge-report-20211105094221.jpg","width":1500,"height":1064},{"@type":"BreadcrumbList","@id":"https:\/\/radioljubuski.ba\/index.php\/2021\/11\/05\/zasad-tri-kluba-osigurala-europsko-proljece\/#breadcrumb","itemListElement":[{"@type":"ListItem","position":1,"name":"Po\u010detna stranica","item":"https:\/\/radioljubuski.ba\/"},{"@type":"ListItem","position":2,"name":"Zasad tri kluba osigurala &#8220;europsko prolje\u0107e&#8221;"}]},{"@type":"WebSite","@id":"https:\/\/radioljubuski.ba\/#website","url":"https:\/\/radioljubuski.ba\/","name":"Radio Ljubu\u0161ki","description":"Sun\u010dana frekvencija Hercegovine","publisher":{"@id":"https:\/\/radioljubuski.ba\/#organization"},"potentialAction":[{"@type":"SearchAction","target":{"@type":"EntryPoint","urlTemplate":"https:\/\/radioljubuski.ba\/?s={search_term_string}"},"query-input":{"@type":"PropertyValueSpecification","valueRequired":true,"valueName":"search_term_string"}}],"inLanguage":"hr"},{"@type":"Organization","@id":"https:\/\/radioljubuski.ba\/#organization","name":"Radio Ljubu\u0161ki","url":"https:\/\/radioljubuski.ba\/","logo":{"@type":"ImageObject","inLanguage":"hr","@id":"https:\/\/radioljubuski.ba\/#\/schema\/logo\/image\/","url":"https:\/\/radioljubuski.ba\/wp-content\/uploads\/2021\/02\/cropped-Radio_Ljubuski_logo1.jpg","contentUrl":"https:\/\/radioljubuski.ba\/wp-content\/uploads\/2021\/02\/cropped-Radio_Ljubuski_logo1.jpg","width":512,"height":512,"caption":"Radio Ljubu\u0161ki"},"image":{"@id":"https:\/\/radioljubuski.ba\/#\/schema\/logo\/image\/"},"sameAs":["https:\/\/www.facebook.com\/Radiio-Ljubuski-1490835324566332","https:\/\/x.com\/radioljubuski","https:\/\/hr.linkedin.com\/company\/radio-ljubuski","https:\/\/www.youtube.com\/channel\/UCHYaeO_n0Db3tjNGudGpXyw"]},{"@type":"Person","@id":"https:\/\/radioljubuski.ba\/#\/schema\/person\/19fc700381a780f69665d7956c469e3b","name":"Radio Ljubu\u0161ki"}]}},"_links":{"self":[{"href":"https:\/\/radioljubuski.ba\/index.php\/wp-json\/wp\/v2\/posts\/85434","targetHints":{"allow":["GET"]}}],"collection":[{"href":"https:\/\/radioljubuski.ba\/index.php\/wp-json\/wp\/v2\/posts"}],"about":[{"href":"https:\/\/radioljubuski.ba\/index.php\/wp-json\/wp\/v2\/types\/post"}],"author":[{"embeddable":true,"href":"https:\/\/radioljubuski.ba\/index.php\/wp-json\/wp\/v2\/users\/2"}],"replies":[{"embeddable":true,"href":"https:\/\/radioljubuski.ba\/index.php\/wp-json\/wp\/v2\/comments?post=85434"}],"version-history":[{"count":1,"href":"https:\/\/radioljubuski.ba\/index.php\/wp-json\/wp\/v2\/posts\/85434\/revisions"}],"predecessor-version":[{"id":85436,"href":"https:\/\/radioljubuski.ba\/index.php\/wp-json\/wp\/v2\/posts\/85434\/revisions\/85436"}],"wp:featuredmedia":[{"embeddable":true,"href":"https:\/\/radioljubuski.ba\/index.php\/wp-json\/wp\/v2\/media\/85435"}],"wp:attachment":[{"href":"https:\/\/radioljubuski.ba\/index.php\/wp-json\/wp\/v2\/media?parent=85434"}],"wp:term":[{"taxonomy":"category","embeddable":true,"href":"https:\/\/radioljubuski.ba\/index.php\/wp-json\/wp\/v2\/categories?post=85434"},{"taxonomy":"post_tag","embeddable":true,"href":"https:\/\/radioljubuski.ba\/index.php\/wp-json\/wp\/v2\/tags?post=85434"}],"curies":[{"name":"wp","href":"https:\/\/api.w.org\/{rel}","templated":true}]}}