{"id":85440,"date":"2021-11-05T17:56:13","date_gmt":"2021-11-05T16:56:13","guid":{"rendered":"https:\/\/radioljubuski.ba\/?p=85440"},"modified":"2021-11-05T17:56:13","modified_gmt":"2021-11-05T16:56:13","slug":"crvenu-zvezdu-ocekuje-uefa-ina-kazna","status":"publish","type":"post","link":"https:\/\/radioljubuski.ba\/index.php\/2021\/11\/05\/crvenu-zvezdu-ocekuje-uefa-ina-kazna\/","title":{"rendered":"Crvenu zvezdu o\u010dekuje UEFA-ina kazna"},"content":{"rendered":"\n<p><strong>Srpski nogometni klub Crvenu zvezdu o\u010dekuje kazna Europske nogometne federacije (UEFA) nakon niza incidenata koji su se dogodili poslije utakmice Europske lige protiv danskog Midtjyllanda koji je u Beogradu pobijedio s 1-0.<\/strong><\/p>\n\n\n\n<p>Crvena zvezda je izgubila utakmicu s 0-1, a susret je zavr\u0161ila s devet igra\u010da nakon \u0161to su isklju\u010deni<strong>&nbsp;Milo\u0161 Degenek<\/strong>&nbsp;u 12. minuti, te&nbsp;<strong>Marko Gobelji\u0107<\/strong>&nbsp;u posljednjim trenucima susreta.<br><br>Razo\u010darani porazom svoje mom\u010dadi, navija\u010di Crvene zvezde su na putu do svla\u010dionice ga\u0111ali ma\u0111arskog suca&nbsp;<strong>Tama\u0161a Bognara<\/strong>. Me\u0111utim, pritom su nekim predmetom u glavu pogodili pomo\u0107nog trenera svoje mom\u010dadi Talijana&nbsp;<strong>Federica Pannoncinija<\/strong>.<br><br>Nesretni Talijan je odmah prevezen u bolnicu gdje mu je dijagnosticirano napuknu\u0107e lubanje. Trener&nbsp;<strong>Dejan Stankovi\u0107<\/strong>&nbsp;zbog ovog incidenta je propustio novinarsku konferenciju, te odjurio u bolnicu kako bi provjerio \u0161to je s njegovim pomo\u0107nikom. Pannoncini se osje\u0107a dobro i ubrzo \u0107e biti pu\u0161ten iz bolnice.<br><br>Dio medija je objavio i kako je nekim od predmeta pogo\u0111en i pomo\u0107ni sudac.<\/p>\n\n\n\n<p>Crvenu zvezdu sasvim sigurno \u010deka velika kazna, posebice nakon incidenta u velja\u010di ove godine kada je\u00a0<strong>Zlatan Ibrahimovi\u0107\u00a0<\/strong>na Marakani vrije\u0111an na nacionalnoj i vjerskoj osnovi. Bio je to susret 16-ine finala Europske lige, a zanimljivo utakmica je igrana pred praznim tribinama zbog pandemije koronavirusa. No, Ibrahimovi\u0107 je vrije\u0111an povicima iz lo\u017ee, ba\u0161 kao i hrvatski napada\u010d\u00a0<strong>Ante Rebi\u0107<\/strong>.<br><br>Beogradski klub je ka\u017enjen jednom utakmicom igranja pred praznim tribinama, te jednom utakmicom uvjetno, ako se ista situacija ponovi u idu\u0107ih godinu dana. Zvezda je ka\u017enjena i sa 30.000 eura. Beogradski klub sada mo\u017ee o\u010dekivati jo\u0161 ve\u0107u kaznu.<\/p>\n\n\n\n<figure class=\"wp-block-embed is-type-wp-embed is-provider-radio-ljubuski wp-block-embed-radio-ljubuski\"><div class=\"wp-block-embed__wrapper\">\n<blockquote class=\"wp-embedded-content\" data-secret=\"quQ5uXVfj4\"><a href=\"https:\/\/radioljubuski.ba\/index.php\/2021\/11\/05\/navijaci-zvezde-napali-suce-na-kraju-njihov-trener-zavrsio-s-prijelomom-lubanje\/\">Navija\u010di Zvezde napali suce, na kraju njihov trener zavr\u0161io s prijelomom lubanje<\/a><\/blockquote><iframe loading=\"lazy\" class=\"wp-embedded-content\" sandbox=\"allow-scripts\" security=\"restricted\" style=\"position: absolute; clip: rect(1px, 1px, 1px, 1px);\" title=\"&#8220;Navija\u010di Zvezde napali suce, na kraju njihov trener zavr\u0161io s prijelomom lubanje&#8221; &#8212;   RADIO LJUBU\u0160KI\" src=\"https:\/\/radioljubuski.ba\/index.php\/2021\/11\/05\/navijaci-zvezde-napali-suce-na-kraju-njihov-trener-zavrsio-s-prijelomom-lubanje\/embed\/#?secret=XryJuJ8Mz9#?secret=quQ5uXVfj4\" data-secret=\"quQ5uXVfj4\" width=\"600\" height=\"338\" frameborder=\"0\" marginwidth=\"0\" marginheight=\"0\" scrolling=\"no\"><\/iframe>\n<\/div><\/figure>\n\n\n\n<p>Izvor:hrt.hr<\/p>\n","protected":false},"excerpt":{"rendered":"<p>Srpski nogometni klub Crvenu zvezdu o\u010dekuje kazna Europske nogometne federacije (UEFA) nakon niza incidenata koji su se dogodili poslije utakmice Europske lige protiv danskog Midtjyllanda koji je u Beogradu pobijedio s 1-0. Crvena zvezda je izgubila utakmicu s 0-1, a susret je zavr\u0161ila s devet igra\u010da nakon \u0161to su isklju\u010deni&nbsp;Milo\u0161 Degenek&nbsp;u 12. minuti, te&nbsp;Marko Gobelji\u0107&nbsp;u [&hellip;]<\/p>\n","protected":false},"author":2,"featured_media":0,"comment_status":"closed","ping_status":"closed","sticky":false,"template":"","format":"standard","meta":{"h5ap_radio_sources":[],"footnotes":""},"categories":[7],"tags":[],"class_list":["post-85440","post","type-post","status-publish","format-standard","hentry","category-sport"],"yoast_head":"<!-- This site is optimized with the Yoast SEO plugin v27.5 - https:\/\/yoast.com\/product\/yoast-seo-wordpress\/ -->\n<title>Crvenu zvezdu o\u010dekuje UEFA-ina kazna - RADIO LJUBU\u0160KI<\/title>\n<meta name=\"robots\" content=\"index, follow, max-snippet:-1, max-image-preview:large, max-video-preview:-1\" \/>\n<link rel=\"canonical\" href=\"https:\/\/radioljubuski.ba\/index.php\/2021\/11\/05\/crvenu-zvezdu-ocekuje-uefa-ina-kazna\/\" \/>\n<meta property=\"og:locale\" content=\"hr_HR\" \/>\n<meta property=\"og:type\" content=\"article\" \/>\n<meta property=\"og:title\" content=\"Crvenu zvezdu o\u010dekuje UEFA-ina kazna - RADIO LJUBU\u0160KI\" \/>\n<meta property=\"og:description\" content=\"Srpski nogometni klub Crvenu zvezdu o\u010dekuje kazna Europske nogometne federacije (UEFA) nakon niza incidenata koji su se dogodili poslije utakmice Europske lige protiv danskog Midtjyllanda koji je u Beogradu pobijedio s 1-0. Crvena zvezda je izgubila utakmicu s 0-1, a susret je zavr\u0161ila s devet igra\u010da nakon \u0161to su isklju\u010deni&nbsp;Milo\u0161 Degenek&nbsp;u 12. minuti, te&nbsp;Marko Gobelji\u0107&nbsp;u [&hellip;]\" \/>\n<meta property=\"og:url\" content=\"https:\/\/radioljubuski.ba\/index.php\/2021\/11\/05\/crvenu-zvezdu-ocekuje-uefa-ina-kazna\/\" \/>\n<meta property=\"og:site_name\" content=\"RADIO LJUBU\u0160KI\" \/>\n<meta property=\"article:publisher\" content=\"https:\/\/www.facebook.com\/Radiio-Ljubuski-1490835324566332\" \/>\n<meta property=\"article:published_time\" content=\"2021-11-05T16:56:13+00:00\" \/>\n<meta property=\"og:image\" content=\"https:\/\/radioljubuski.ba\/wp-content\/uploads\/2021\/11\/2021-11-04t201455z-923375835-up1ehb41k8tlm-rtrmadp-3-soccer-europa-rsb-fcm-report-20211105120223.jpg\" \/>\n\t<meta property=\"og:image:width\" content=\"1484\" \/>\n\t<meta property=\"og:image:height\" content=\"1036\" \/>\n\t<meta property=\"og:image:type\" content=\"image\/jpeg\" \/>\n<meta name=\"author\" content=\"Radio Ljubu\u0161ki\" \/>\n<meta name=\"twitter:card\" content=\"summary_large_image\" \/>\n<meta name=\"twitter:creator\" content=\"@radioljubuski\" \/>\n<meta name=\"twitter:site\" content=\"@radioljubuski\" \/>\n<meta name=\"twitter:label1\" content=\"Napisao\/la\" \/>\n\t<meta name=\"twitter:data1\" content=\"Radio Ljubu\u0161ki\" \/>\n\t<meta name=\"twitter:label2\" content=\"Procijenjeno vrijeme \u010ditanja\" \/>\n\t<meta name=\"twitter:data2\" content=\"2 minute\" \/>\n<script type=\"application\/ld+json\" class=\"yoast-schema-graph\">{\"@context\":\"https:\\\/\\\/schema.org\",\"@graph\":[{\"@type\":\"Article\",\"@id\":\"https:\\\/\\\/radioljubuski.ba\\\/index.php\\\/2021\\\/11\\\/05\\\/crvenu-zvezdu-ocekuje-uefa-ina-kazna\\\/#article\",\"isPartOf\":{\"@id\":\"https:\\\/\\\/radioljubuski.ba\\\/index.php\\\/2021\\\/11\\\/05\\\/crvenu-zvezdu-ocekuje-uefa-ina-kazna\\\/\"},\"author\":{\"name\":\"Radio Ljubu\u0161ki\",\"@id\":\"https:\\\/\\\/radioljubuski.ba\\\/#\\\/schema\\\/person\\\/19fc700381a780f69665d7956c469e3b\"},\"headline\":\"Crvenu zvezdu o\u010dekuje UEFA-ina kazna\",\"datePublished\":\"2021-11-05T16:56:13+00:00\",\"mainEntityOfPage\":{\"@id\":\"https:\\\/\\\/radioljubuski.ba\\\/index.php\\\/2021\\\/11\\\/05\\\/crvenu-zvezdu-ocekuje-uefa-ina-kazna\\\/\"},\"wordCount\":302,\"publisher\":{\"@id\":\"https:\\\/\\\/radioljubuski.ba\\\/#organization\"},\"articleSection\":[\"\u0160port\"],\"inLanguage\":\"hr\"},{\"@type\":\"WebPage\",\"@id\":\"https:\\\/\\\/radioljubuski.ba\\\/index.php\\\/2021\\\/11\\\/05\\\/crvenu-zvezdu-ocekuje-uefa-ina-kazna\\\/\",\"url\":\"https:\\\/\\\/radioljubuski.ba\\\/index.php\\\/2021\\\/11\\\/05\\\/crvenu-zvezdu-ocekuje-uefa-ina-kazna\\\/\",\"name\":\"Crvenu zvezdu o\u010dekuje UEFA-ina kazna - RADIO LJUBU\u0160KI\",\"isPartOf\":{\"@id\":\"https:\\\/\\\/radioljubuski.ba\\\/#website\"},\"datePublished\":\"2021-11-05T16:56:13+00:00\",\"breadcrumb\":{\"@id\":\"https:\\\/\\\/radioljubuski.ba\\\/index.php\\\/2021\\\/11\\\/05\\\/crvenu-zvezdu-ocekuje-uefa-ina-kazna\\\/#breadcrumb\"},\"inLanguage\":\"hr\",\"potentialAction\":[{\"@type\":\"ReadAction\",\"target\":[\"https:\\\/\\\/radioljubuski.ba\\\/index.php\\\/2021\\\/11\\\/05\\\/crvenu-zvezdu-ocekuje-uefa-ina-kazna\\\/\"]}]},{\"@type\":\"BreadcrumbList\",\"@id\":\"https:\\\/\\\/radioljubuski.ba\\\/index.php\\\/2021\\\/11\\\/05\\\/crvenu-zvezdu-ocekuje-uefa-ina-kazna\\\/#breadcrumb\",\"itemListElement\":[{\"@type\":\"ListItem\",\"position\":1,\"name\":\"Po\u010detna stranica\",\"item\":\"https:\\\/\\\/radioljubuski.ba\\\/\"},{\"@type\":\"ListItem\",\"position\":2,\"name\":\"Crvenu zvezdu o\u010dekuje UEFA-ina kazna\"}]},{\"@type\":\"WebSite\",\"@id\":\"https:\\\/\\\/radioljubuski.ba\\\/#website\",\"url\":\"https:\\\/\\\/radioljubuski.ba\\\/\",\"name\":\"Radio Ljubu\u0161ki\",\"description\":\"Sun\u010dana frekvencija Hercegovine\",\"publisher\":{\"@id\":\"https:\\\/\\\/radioljubuski.ba\\\/#organization\"},\"potentialAction\":[{\"@type\":\"SearchAction\",\"target\":{\"@type\":\"EntryPoint\",\"urlTemplate\":\"https:\\\/\\\/radioljubuski.ba\\\/?s={search_term_string}\"},\"query-input\":{\"@type\":\"PropertyValueSpecification\",\"valueRequired\":true,\"valueName\":\"search_term_string\"}}],\"inLanguage\":\"hr\"},{\"@type\":\"Organization\",\"@id\":\"https:\\\/\\\/radioljubuski.ba\\\/#organization\",\"name\":\"Radio Ljubu\u0161ki\",\"url\":\"https:\\\/\\\/radioljubuski.ba\\\/\",\"logo\":{\"@type\":\"ImageObject\",\"inLanguage\":\"hr\",\"@id\":\"https:\\\/\\\/radioljubuski.ba\\\/#\\\/schema\\\/logo\\\/image\\\/\",\"url\":\"https:\\\/\\\/radioljubuski.ba\\\/wp-content\\\/uploads\\\/2021\\\/02\\\/cropped-Radio_Ljubuski_logo1.jpg\",\"contentUrl\":\"https:\\\/\\\/radioljubuski.ba\\\/wp-content\\\/uploads\\\/2021\\\/02\\\/cropped-Radio_Ljubuski_logo1.jpg\",\"width\":512,\"height\":512,\"caption\":\"Radio Ljubu\u0161ki\"},\"image\":{\"@id\":\"https:\\\/\\\/radioljubuski.ba\\\/#\\\/schema\\\/logo\\\/image\\\/\"},\"sameAs\":[\"https:\\\/\\\/www.facebook.com\\\/Radiio-Ljubuski-1490835324566332\",\"https:\\\/\\\/x.com\\\/radioljubuski\",\"https:\\\/\\\/hr.linkedin.com\\\/company\\\/radio-ljubuski\",\"https:\\\/\\\/www.youtube.com\\\/channel\\\/UCHYaeO_n0Db3tjNGudGpXyw\"]},{\"@type\":\"Person\",\"@id\":\"https:\\\/\\\/radioljubuski.ba\\\/#\\\/schema\\\/person\\\/19fc700381a780f69665d7956c469e3b\",\"name\":\"Radio Ljubu\u0161ki\"}]}<\/script>\n<!-- \/ Yoast SEO plugin. -->","yoast_head_json":{"title":"Crvenu zvezdu o\u010dekuje UEFA-ina kazna - RADIO LJUBU\u0160KI","robots":{"index":"index","follow":"follow","max-snippet":"max-snippet:-1","max-image-preview":"max-image-preview:large","max-video-preview":"max-video-preview:-1"},"canonical":"https:\/\/radioljubuski.ba\/index.php\/2021\/11\/05\/crvenu-zvezdu-ocekuje-uefa-ina-kazna\/","og_locale":"hr_HR","og_type":"article","og_title":"Crvenu zvezdu o\u010dekuje UEFA-ina kazna - RADIO LJUBU\u0160KI","og_description":"Srpski nogometni klub Crvenu zvezdu o\u010dekuje kazna Europske nogometne federacije (UEFA) nakon niza incidenata koji su se dogodili poslije utakmice Europske lige protiv danskog Midtjyllanda koji je u Beogradu pobijedio s 1-0. Crvena zvezda je izgubila utakmicu s 0-1, a susret je zavr\u0161ila s devet igra\u010da nakon \u0161to su isklju\u010deni&nbsp;Milo\u0161 Degenek&nbsp;u 12. minuti, te&nbsp;Marko Gobelji\u0107&nbsp;u [&hellip;]","og_url":"https:\/\/radioljubuski.ba\/index.php\/2021\/11\/05\/crvenu-zvezdu-ocekuje-uefa-ina-kazna\/","og_site_name":"RADIO LJUBU\u0160KI","article_publisher":"https:\/\/www.facebook.com\/Radiio-Ljubuski-1490835324566332","article_published_time":"2021-11-05T16:56:13+00:00","og_image":[{"width":1484,"height":1036,"url":"https:\/\/radioljubuski.ba\/wp-content\/uploads\/2021\/11\/2021-11-04t201455z-923375835-up1ehb41k8tlm-rtrmadp-3-soccer-europa-rsb-fcm-report-20211105120223.jpg","type":"image\/jpeg"}],"author":"Radio Ljubu\u0161ki","twitter_card":"summary_large_image","twitter_creator":"@radioljubuski","twitter_site":"@radioljubuski","twitter_misc":{"Napisao\/la":"Radio Ljubu\u0161ki","Procijenjeno vrijeme \u010ditanja":"2 minute"},"schema":{"@context":"https:\/\/schema.org","@graph":[{"@type":"Article","@id":"https:\/\/radioljubuski.ba\/index.php\/2021\/11\/05\/crvenu-zvezdu-ocekuje-uefa-ina-kazna\/#article","isPartOf":{"@id":"https:\/\/radioljubuski.ba\/index.php\/2021\/11\/05\/crvenu-zvezdu-ocekuje-uefa-ina-kazna\/"},"author":{"name":"Radio Ljubu\u0161ki","@id":"https:\/\/radioljubuski.ba\/#\/schema\/person\/19fc700381a780f69665d7956c469e3b"},"headline":"Crvenu zvezdu o\u010dekuje UEFA-ina kazna","datePublished":"2021-11-05T16:56:13+00:00","mainEntityOfPage":{"@id":"https:\/\/radioljubuski.ba\/index.php\/2021\/11\/05\/crvenu-zvezdu-ocekuje-uefa-ina-kazna\/"},"wordCount":302,"publisher":{"@id":"https:\/\/radioljubuski.ba\/#organization"},"articleSection":["\u0160port"],"inLanguage":"hr"},{"@type":"WebPage","@id":"https:\/\/radioljubuski.ba\/index.php\/2021\/11\/05\/crvenu-zvezdu-ocekuje-uefa-ina-kazna\/","url":"https:\/\/radioljubuski.ba\/index.php\/2021\/11\/05\/crvenu-zvezdu-ocekuje-uefa-ina-kazna\/","name":"Crvenu zvezdu o\u010dekuje UEFA-ina kazna - RADIO LJUBU\u0160KI","isPartOf":{"@id":"https:\/\/radioljubuski.ba\/#website"},"datePublished":"2021-11-05T16:56:13+00:00","breadcrumb":{"@id":"https:\/\/radioljubuski.ba\/index.php\/2021\/11\/05\/crvenu-zvezdu-ocekuje-uefa-ina-kazna\/#breadcrumb"},"inLanguage":"hr","potentialAction":[{"@type":"ReadAction","target":["https:\/\/radioljubuski.ba\/index.php\/2021\/11\/05\/crvenu-zvezdu-ocekuje-uefa-ina-kazna\/"]}]},{"@type":"BreadcrumbList","@id":"https:\/\/radioljubuski.ba\/index.php\/2021\/11\/05\/crvenu-zvezdu-ocekuje-uefa-ina-kazna\/#breadcrumb","itemListElement":[{"@type":"ListItem","position":1,"name":"Po\u010detna stranica","item":"https:\/\/radioljubuski.ba\/"},{"@type":"ListItem","position":2,"name":"Crvenu zvezdu o\u010dekuje UEFA-ina kazna"}]},{"@type":"WebSite","@id":"https:\/\/radioljubuski.ba\/#website","url":"https:\/\/radioljubuski.ba\/","name":"Radio Ljubu\u0161ki","description":"Sun\u010dana frekvencija Hercegovine","publisher":{"@id":"https:\/\/radioljubuski.ba\/#organization"},"potentialAction":[{"@type":"SearchAction","target":{"@type":"EntryPoint","urlTemplate":"https:\/\/radioljubuski.ba\/?s={search_term_string}"},"query-input":{"@type":"PropertyValueSpecification","valueRequired":true,"valueName":"search_term_string"}}],"inLanguage":"hr"},{"@type":"Organization","@id":"https:\/\/radioljubuski.ba\/#organization","name":"Radio Ljubu\u0161ki","url":"https:\/\/radioljubuski.ba\/","logo":{"@type":"ImageObject","inLanguage":"hr","@id":"https:\/\/radioljubuski.ba\/#\/schema\/logo\/image\/","url":"https:\/\/radioljubuski.ba\/wp-content\/uploads\/2021\/02\/cropped-Radio_Ljubuski_logo1.jpg","contentUrl":"https:\/\/radioljubuski.ba\/wp-content\/uploads\/2021\/02\/cropped-Radio_Ljubuski_logo1.jpg","width":512,"height":512,"caption":"Radio Ljubu\u0161ki"},"image":{"@id":"https:\/\/radioljubuski.ba\/#\/schema\/logo\/image\/"},"sameAs":["https:\/\/www.facebook.com\/Radiio-Ljubuski-1490835324566332","https:\/\/x.com\/radioljubuski","https:\/\/hr.linkedin.com\/company\/radio-ljubuski","https:\/\/www.youtube.com\/channel\/UCHYaeO_n0Db3tjNGudGpXyw"]},{"@type":"Person","@id":"https:\/\/radioljubuski.ba\/#\/schema\/person\/19fc700381a780f69665d7956c469e3b","name":"Radio Ljubu\u0161ki"}]}},"_links":{"self":[{"href":"https:\/\/radioljubuski.ba\/index.php\/wp-json\/wp\/v2\/posts\/85440","targetHints":{"allow":["GET"]}}],"collection":[{"href":"https:\/\/radioljubuski.ba\/index.php\/wp-json\/wp\/v2\/posts"}],"about":[{"href":"https:\/\/radioljubuski.ba\/index.php\/wp-json\/wp\/v2\/types\/post"}],"author":[{"embeddable":true,"href":"https:\/\/radioljubuski.ba\/index.php\/wp-json\/wp\/v2\/users\/2"}],"replies":[{"embeddable":true,"href":"https:\/\/radioljubuski.ba\/index.php\/wp-json\/wp\/v2\/comments?post=85440"}],"version-history":[{"count":1,"href":"https:\/\/radioljubuski.ba\/index.php\/wp-json\/wp\/v2\/posts\/85440\/revisions"}],"predecessor-version":[{"id":85442,"href":"https:\/\/radioljubuski.ba\/index.php\/wp-json\/wp\/v2\/posts\/85440\/revisions\/85442"}],"wp:attachment":[{"href":"https:\/\/radioljubuski.ba\/index.php\/wp-json\/wp\/v2\/media?parent=85440"}],"wp:term":[{"taxonomy":"category","embeddable":true,"href":"https:\/\/radioljubuski.ba\/index.php\/wp-json\/wp\/v2\/categories?post=85440"},{"taxonomy":"post_tag","embeddable":true,"href":"https:\/\/radioljubuski.ba\/index.php\/wp-json\/wp\/v2\/tags?post=85440"}],"curies":[{"name":"wp","href":"https:\/\/api.w.org\/{rel}","templated":true}]}}