{"id":85449,"date":"2021-11-05T18:40:10","date_gmt":"2021-11-05T17:40:10","guid":{"rendered":"https:\/\/radioljubuski.ba\/?p=85449"},"modified":"2021-11-05T18:43:42","modified_gmt":"2021-11-05T17:43:42","slug":"na-setu-filma-indiana-jones-iznenada-preminuo-clan-ekipe","status":"publish","type":"post","link":"https:\/\/radioljubuski.ba\/index.php\/2021\/11\/05\/na-setu-filma-indiana-jones-iznenada-preminuo-clan-ekipe\/","title":{"rendered":"Na setu filma &#8216;Indiana Jones&#8217; iznenada preminuo \u010dlan ekipe"},"content":{"rendered":"\n<p>Snimanje petog i posljednjeg nastavka Indiane Jonesa odvija se trenuta\u010dno u Maroku, a nakon niza problema koji su se isprije\u010dili pred nastavkom ove uspje\u0161ne filmske fran\u0161ize, producenti su u \u010detvrtak prona\u0161li i be\u017eivotno tijelo \u010dlana snimateljske ekipe, 54-godi\u0161njeg Nicka Cupaca.<\/p>\n\n\n\n<p>Nesretni Cupac snimao je komplicirane kaskaderske scene i radio na nekolicini velikih projekata kao \u0161to su filmovi o Harryju Potteru, &#8216;Da Vincijev kod&#8217;, &#8216;\u010cuvari galaksije&#8217; i Marvelovom &#8216;Venomu&#8217;.<\/p>\n\n\n\n<p>Iako je nova smrt za vrijeme snimanja sve neizbje\u017eno asocirala na nedavnu tragediju sa snimateljicom Halynom Hutchins koju je slavni holivudski glumac Alec Baldwin slu\u010dajno upucao, rije\u010d je o prirodnoj smrti, prenose brojni inozemni mediji.&nbsp;<\/p>\n\n\n\n<p>\u010clanovi filmske ekipe odali su po\u010dast voljenom kolegi, no snimanje je odmah nastavljeno. Peti dio filmske fran\u0161ize ne mo\u017ee si dopustiti nove odgode nakon \u0161to je film prvo zaustavila pandemija koronavirusa, a onda i ozljeda ramena glavnog glumca Harrisona Forda, zbog koje je sve pauzirano na tri mjeseca.<\/p>\n\n\n\n<p>Izvor:pogled.ba<\/p>\n","protected":false},"excerpt":{"rendered":"<p>Snimanje petog i posljednjeg nastavka Indiane Jonesa odvija se trenuta\u010dno u Maroku, a nakon niza problema koji su se isprije\u010dili pred nastavkom ove uspje\u0161ne filmske fran\u0161ize, producenti su u \u010detvrtak prona\u0161li i be\u017eivotno tijelo \u010dlana snimateljske ekipe, 54-godi\u0161njeg Nicka Cupaca. Nesretni Cupac snimao je komplicirane kaskaderske scene i radio na nekolicini velikih projekata kao \u0161to [&hellip;]<\/p>\n","protected":false},"author":2,"featured_media":85450,"comment_status":"closed","ping_status":"closed","sticky":false,"template":"","format":"standard","meta":{"h5ap_radio_sources":[],"footnotes":""},"categories":[1],"tags":[],"class_list":["post-85449","post","type-post","status-publish","format-standard","has-post-thumbnail","hentry","category-bihiregija"],"yoast_head":"<!-- This site is optimized with the Yoast SEO plugin v27.5 - https:\/\/yoast.com\/product\/yoast-seo-wordpress\/ -->\n<title>Na setu filma &#039;Indiana Jones&#039; iznenada preminuo \u010dlan ekipe - RADIO LJUBU\u0160KI<\/title>\n<meta name=\"robots\" content=\"index, follow, max-snippet:-1, max-image-preview:large, max-video-preview:-1\" \/>\n<link rel=\"canonical\" href=\"https:\/\/radioljubuski.ba\/index.php\/2021\/11\/05\/na-setu-filma-indiana-jones-iznenada-preminuo-clan-ekipe\/\" \/>\n<meta property=\"og:locale\" content=\"hr_HR\" \/>\n<meta property=\"og:type\" content=\"article\" \/>\n<meta property=\"og:title\" content=\"Na setu filma &#039;Indiana Jones&#039; iznenada preminuo \u010dlan ekipe - RADIO LJUBU\u0160KI\" \/>\n<meta property=\"og:description\" content=\"Snimanje petog i posljednjeg nastavka Indiane Jonesa odvija se trenuta\u010dno u Maroku, a nakon niza problema koji su se isprije\u010dili pred nastavkom ove uspje\u0161ne filmske fran\u0161ize, producenti su u \u010detvrtak prona\u0161li i be\u017eivotno tijelo \u010dlana snimateljske ekipe, 54-godi\u0161njeg Nicka Cupaca. Nesretni Cupac snimao je komplicirane kaskaderske scene i radio na nekolicini velikih projekata kao \u0161to [&hellip;]\" \/>\n<meta property=\"og:url\" content=\"https:\/\/radioljubuski.ba\/index.php\/2021\/11\/05\/na-setu-filma-indiana-jones-iznenada-preminuo-clan-ekipe\/\" \/>\n<meta property=\"og:site_name\" content=\"RADIO LJUBU\u0160KI\" \/>\n<meta property=\"article:publisher\" content=\"https:\/\/www.facebook.com\/Radiio-Ljubuski-1490835324566332\" \/>\n<meta property=\"article:published_time\" content=\"2021-11-05T17:40:10+00:00\" \/>\n<meta property=\"article:modified_time\" content=\"2021-11-05T17:43:42+00:00\" \/>\n<meta property=\"og:image\" content=\"https:\/\/radioljubuski.ba\/wp-content\/uploads\/2021\/11\/2-2021-11-05-14-14-21-film.jpg\" \/>\n\t<meta property=\"og:image:width\" content=\"1000\" \/>\n\t<meta property=\"og:image:height\" content=\"625\" \/>\n\t<meta property=\"og:image:type\" content=\"image\/jpeg\" \/>\n<meta name=\"author\" content=\"Radio Ljubu\u0161ki\" \/>\n<meta name=\"twitter:card\" content=\"summary_large_image\" \/>\n<meta name=\"twitter:creator\" content=\"@radioljubuski\" \/>\n<meta name=\"twitter:site\" content=\"@radioljubuski\" \/>\n<meta name=\"twitter:label1\" content=\"Napisao\/la\" \/>\n\t<meta name=\"twitter:data1\" content=\"Radio Ljubu\u0161ki\" \/>\n\t<meta name=\"twitter:label2\" content=\"Procijenjeno vrijeme \u010ditanja\" \/>\n\t<meta name=\"twitter:data2\" content=\"1 minuta\" \/>\n<script type=\"application\/ld+json\" class=\"yoast-schema-graph\">{\"@context\":\"https:\\\/\\\/schema.org\",\"@graph\":[{\"@type\":\"Article\",\"@id\":\"https:\\\/\\\/radioljubuski.ba\\\/index.php\\\/2021\\\/11\\\/05\\\/na-setu-filma-indiana-jones-iznenada-preminuo-clan-ekipe\\\/#article\",\"isPartOf\":{\"@id\":\"https:\\\/\\\/radioljubuski.ba\\\/index.php\\\/2021\\\/11\\\/05\\\/na-setu-filma-indiana-jones-iznenada-preminuo-clan-ekipe\\\/\"},\"author\":{\"name\":\"Radio Ljubu\u0161ki\",\"@id\":\"https:\\\/\\\/radioljubuski.ba\\\/#\\\/schema\\\/person\\\/19fc700381a780f69665d7956c469e3b\"},\"headline\":\"Na setu filma &#8216;Indiana Jones&#8217; iznenada preminuo \u010dlan ekipe\",\"datePublished\":\"2021-11-05T17:40:10+00:00\",\"dateModified\":\"2021-11-05T17:43:42+00:00\",\"mainEntityOfPage\":{\"@id\":\"https:\\\/\\\/radioljubuski.ba\\\/index.php\\\/2021\\\/11\\\/05\\\/na-setu-filma-indiana-jones-iznenada-preminuo-clan-ekipe\\\/\"},\"wordCount\":176,\"publisher\":{\"@id\":\"https:\\\/\\\/radioljubuski.ba\\\/#organization\"},\"image\":{\"@id\":\"https:\\\/\\\/radioljubuski.ba\\\/index.php\\\/2021\\\/11\\\/05\\\/na-setu-filma-indiana-jones-iznenada-preminuo-clan-ekipe\\\/#primaryimage\"},\"thumbnailUrl\":\"https:\\\/\\\/radioljubuski.ba\\\/wp-content\\\/uploads\\\/2021\\\/11\\\/2-2021-11-05-14-14-21-film.jpg\",\"articleSection\":[\"BIH i regija\"],\"inLanguage\":\"hr\"},{\"@type\":\"WebPage\",\"@id\":\"https:\\\/\\\/radioljubuski.ba\\\/index.php\\\/2021\\\/11\\\/05\\\/na-setu-filma-indiana-jones-iznenada-preminuo-clan-ekipe\\\/\",\"url\":\"https:\\\/\\\/radioljubuski.ba\\\/index.php\\\/2021\\\/11\\\/05\\\/na-setu-filma-indiana-jones-iznenada-preminuo-clan-ekipe\\\/\",\"name\":\"Na setu filma 'Indiana Jones' iznenada preminuo \u010dlan ekipe - RADIO LJUBU\u0160KI\",\"isPartOf\":{\"@id\":\"https:\\\/\\\/radioljubuski.ba\\\/#website\"},\"primaryImageOfPage\":{\"@id\":\"https:\\\/\\\/radioljubuski.ba\\\/index.php\\\/2021\\\/11\\\/05\\\/na-setu-filma-indiana-jones-iznenada-preminuo-clan-ekipe\\\/#primaryimage\"},\"image\":{\"@id\":\"https:\\\/\\\/radioljubuski.ba\\\/index.php\\\/2021\\\/11\\\/05\\\/na-setu-filma-indiana-jones-iznenada-preminuo-clan-ekipe\\\/#primaryimage\"},\"thumbnailUrl\":\"https:\\\/\\\/radioljubuski.ba\\\/wp-content\\\/uploads\\\/2021\\\/11\\\/2-2021-11-05-14-14-21-film.jpg\",\"datePublished\":\"2021-11-05T17:40:10+00:00\",\"dateModified\":\"2021-11-05T17:43:42+00:00\",\"breadcrumb\":{\"@id\":\"https:\\\/\\\/radioljubuski.ba\\\/index.php\\\/2021\\\/11\\\/05\\\/na-setu-filma-indiana-jones-iznenada-preminuo-clan-ekipe\\\/#breadcrumb\"},\"inLanguage\":\"hr\",\"potentialAction\":[{\"@type\":\"ReadAction\",\"target\":[\"https:\\\/\\\/radioljubuski.ba\\\/index.php\\\/2021\\\/11\\\/05\\\/na-setu-filma-indiana-jones-iznenada-preminuo-clan-ekipe\\\/\"]}]},{\"@type\":\"ImageObject\",\"inLanguage\":\"hr\",\"@id\":\"https:\\\/\\\/radioljubuski.ba\\\/index.php\\\/2021\\\/11\\\/05\\\/na-setu-filma-indiana-jones-iznenada-preminuo-clan-ekipe\\\/#primaryimage\",\"url\":\"https:\\\/\\\/radioljubuski.ba\\\/wp-content\\\/uploads\\\/2021\\\/11\\\/2-2021-11-05-14-14-21-film.jpg\",\"contentUrl\":\"https:\\\/\\\/radioljubuski.ba\\\/wp-content\\\/uploads\\\/2021\\\/11\\\/2-2021-11-05-14-14-21-film.jpg\",\"width\":1000,\"height\":625},{\"@type\":\"BreadcrumbList\",\"@id\":\"https:\\\/\\\/radioljubuski.ba\\\/index.php\\\/2021\\\/11\\\/05\\\/na-setu-filma-indiana-jones-iznenada-preminuo-clan-ekipe\\\/#breadcrumb\",\"itemListElement\":[{\"@type\":\"ListItem\",\"position\":1,\"name\":\"Po\u010detna stranica\",\"item\":\"https:\\\/\\\/radioljubuski.ba\\\/\"},{\"@type\":\"ListItem\",\"position\":2,\"name\":\"Na setu filma &#8216;Indiana Jones&#8217; iznenada preminuo \u010dlan ekipe\"}]},{\"@type\":\"WebSite\",\"@id\":\"https:\\\/\\\/radioljubuski.ba\\\/#website\",\"url\":\"https:\\\/\\\/radioljubuski.ba\\\/\",\"name\":\"Radio Ljubu\u0161ki\",\"description\":\"Sun\u010dana frekvencija Hercegovine\",\"publisher\":{\"@id\":\"https:\\\/\\\/radioljubuski.ba\\\/#organization\"},\"potentialAction\":[{\"@type\":\"SearchAction\",\"target\":{\"@type\":\"EntryPoint\",\"urlTemplate\":\"https:\\\/\\\/radioljubuski.ba\\\/?s={search_term_string}\"},\"query-input\":{\"@type\":\"PropertyValueSpecification\",\"valueRequired\":true,\"valueName\":\"search_term_string\"}}],\"inLanguage\":\"hr\"},{\"@type\":\"Organization\",\"@id\":\"https:\\\/\\\/radioljubuski.ba\\\/#organization\",\"name\":\"Radio Ljubu\u0161ki\",\"url\":\"https:\\\/\\\/radioljubuski.ba\\\/\",\"logo\":{\"@type\":\"ImageObject\",\"inLanguage\":\"hr\",\"@id\":\"https:\\\/\\\/radioljubuski.ba\\\/#\\\/schema\\\/logo\\\/image\\\/\",\"url\":\"https:\\\/\\\/radioljubuski.ba\\\/wp-content\\\/uploads\\\/2021\\\/02\\\/cropped-Radio_Ljubuski_logo1.jpg\",\"contentUrl\":\"https:\\\/\\\/radioljubuski.ba\\\/wp-content\\\/uploads\\\/2021\\\/02\\\/cropped-Radio_Ljubuski_logo1.jpg\",\"width\":512,\"height\":512,\"caption\":\"Radio Ljubu\u0161ki\"},\"image\":{\"@id\":\"https:\\\/\\\/radioljubuski.ba\\\/#\\\/schema\\\/logo\\\/image\\\/\"},\"sameAs\":[\"https:\\\/\\\/www.facebook.com\\\/Radiio-Ljubuski-1490835324566332\",\"https:\\\/\\\/x.com\\\/radioljubuski\",\"https:\\\/\\\/hr.linkedin.com\\\/company\\\/radio-ljubuski\",\"https:\\\/\\\/www.youtube.com\\\/channel\\\/UCHYaeO_n0Db3tjNGudGpXyw\"]},{\"@type\":\"Person\",\"@id\":\"https:\\\/\\\/radioljubuski.ba\\\/#\\\/schema\\\/person\\\/19fc700381a780f69665d7956c469e3b\",\"name\":\"Radio Ljubu\u0161ki\"}]}<\/script>\n<!-- \/ Yoast SEO plugin. -->","yoast_head_json":{"title":"Na setu filma 'Indiana Jones' iznenada preminuo \u010dlan ekipe - RADIO LJUBU\u0160KI","robots":{"index":"index","follow":"follow","max-snippet":"max-snippet:-1","max-image-preview":"max-image-preview:large","max-video-preview":"max-video-preview:-1"},"canonical":"https:\/\/radioljubuski.ba\/index.php\/2021\/11\/05\/na-setu-filma-indiana-jones-iznenada-preminuo-clan-ekipe\/","og_locale":"hr_HR","og_type":"article","og_title":"Na setu filma 'Indiana Jones' iznenada preminuo \u010dlan ekipe - RADIO LJUBU\u0160KI","og_description":"Snimanje petog i posljednjeg nastavka Indiane Jonesa odvija se trenuta\u010dno u Maroku, a nakon niza problema koji su se isprije\u010dili pred nastavkom ove uspje\u0161ne filmske fran\u0161ize, producenti su u \u010detvrtak prona\u0161li i be\u017eivotno tijelo \u010dlana snimateljske ekipe, 54-godi\u0161njeg Nicka Cupaca. Nesretni Cupac snimao je komplicirane kaskaderske scene i radio na nekolicini velikih projekata kao \u0161to [&hellip;]","og_url":"https:\/\/radioljubuski.ba\/index.php\/2021\/11\/05\/na-setu-filma-indiana-jones-iznenada-preminuo-clan-ekipe\/","og_site_name":"RADIO LJUBU\u0160KI","article_publisher":"https:\/\/www.facebook.com\/Radiio-Ljubuski-1490835324566332","article_published_time":"2021-11-05T17:40:10+00:00","article_modified_time":"2021-11-05T17:43:42+00:00","og_image":[{"width":1000,"height":625,"url":"https:\/\/radioljubuski.ba\/wp-content\/uploads\/2021\/11\/2-2021-11-05-14-14-21-film.jpg","type":"image\/jpeg"}],"author":"Radio Ljubu\u0161ki","twitter_card":"summary_large_image","twitter_creator":"@radioljubuski","twitter_site":"@radioljubuski","twitter_misc":{"Napisao\/la":"Radio Ljubu\u0161ki","Procijenjeno vrijeme \u010ditanja":"1 minuta"},"schema":{"@context":"https:\/\/schema.org","@graph":[{"@type":"Article","@id":"https:\/\/radioljubuski.ba\/index.php\/2021\/11\/05\/na-setu-filma-indiana-jones-iznenada-preminuo-clan-ekipe\/#article","isPartOf":{"@id":"https:\/\/radioljubuski.ba\/index.php\/2021\/11\/05\/na-setu-filma-indiana-jones-iznenada-preminuo-clan-ekipe\/"},"author":{"name":"Radio Ljubu\u0161ki","@id":"https:\/\/radioljubuski.ba\/#\/schema\/person\/19fc700381a780f69665d7956c469e3b"},"headline":"Na setu filma &#8216;Indiana Jones&#8217; iznenada preminuo \u010dlan ekipe","datePublished":"2021-11-05T17:40:10+00:00","dateModified":"2021-11-05T17:43:42+00:00","mainEntityOfPage":{"@id":"https:\/\/radioljubuski.ba\/index.php\/2021\/11\/05\/na-setu-filma-indiana-jones-iznenada-preminuo-clan-ekipe\/"},"wordCount":176,"publisher":{"@id":"https:\/\/radioljubuski.ba\/#organization"},"image":{"@id":"https:\/\/radioljubuski.ba\/index.php\/2021\/11\/05\/na-setu-filma-indiana-jones-iznenada-preminuo-clan-ekipe\/#primaryimage"},"thumbnailUrl":"https:\/\/radioljubuski.ba\/wp-content\/uploads\/2021\/11\/2-2021-11-05-14-14-21-film.jpg","articleSection":["BIH i regija"],"inLanguage":"hr"},{"@type":"WebPage","@id":"https:\/\/radioljubuski.ba\/index.php\/2021\/11\/05\/na-setu-filma-indiana-jones-iznenada-preminuo-clan-ekipe\/","url":"https:\/\/radioljubuski.ba\/index.php\/2021\/11\/05\/na-setu-filma-indiana-jones-iznenada-preminuo-clan-ekipe\/","name":"Na setu filma 'Indiana Jones' iznenada preminuo \u010dlan ekipe - RADIO LJUBU\u0160KI","isPartOf":{"@id":"https:\/\/radioljubuski.ba\/#website"},"primaryImageOfPage":{"@id":"https:\/\/radioljubuski.ba\/index.php\/2021\/11\/05\/na-setu-filma-indiana-jones-iznenada-preminuo-clan-ekipe\/#primaryimage"},"image":{"@id":"https:\/\/radioljubuski.ba\/index.php\/2021\/11\/05\/na-setu-filma-indiana-jones-iznenada-preminuo-clan-ekipe\/#primaryimage"},"thumbnailUrl":"https:\/\/radioljubuski.ba\/wp-content\/uploads\/2021\/11\/2-2021-11-05-14-14-21-film.jpg","datePublished":"2021-11-05T17:40:10+00:00","dateModified":"2021-11-05T17:43:42+00:00","breadcrumb":{"@id":"https:\/\/radioljubuski.ba\/index.php\/2021\/11\/05\/na-setu-filma-indiana-jones-iznenada-preminuo-clan-ekipe\/#breadcrumb"},"inLanguage":"hr","potentialAction":[{"@type":"ReadAction","target":["https:\/\/radioljubuski.ba\/index.php\/2021\/11\/05\/na-setu-filma-indiana-jones-iznenada-preminuo-clan-ekipe\/"]}]},{"@type":"ImageObject","inLanguage":"hr","@id":"https:\/\/radioljubuski.ba\/index.php\/2021\/11\/05\/na-setu-filma-indiana-jones-iznenada-preminuo-clan-ekipe\/#primaryimage","url":"https:\/\/radioljubuski.ba\/wp-content\/uploads\/2021\/11\/2-2021-11-05-14-14-21-film.jpg","contentUrl":"https:\/\/radioljubuski.ba\/wp-content\/uploads\/2021\/11\/2-2021-11-05-14-14-21-film.jpg","width":1000,"height":625},{"@type":"BreadcrumbList","@id":"https:\/\/radioljubuski.ba\/index.php\/2021\/11\/05\/na-setu-filma-indiana-jones-iznenada-preminuo-clan-ekipe\/#breadcrumb","itemListElement":[{"@type":"ListItem","position":1,"name":"Po\u010detna stranica","item":"https:\/\/radioljubuski.ba\/"},{"@type":"ListItem","position":2,"name":"Na setu filma &#8216;Indiana Jones&#8217; iznenada preminuo \u010dlan ekipe"}]},{"@type":"WebSite","@id":"https:\/\/radioljubuski.ba\/#website","url":"https:\/\/radioljubuski.ba\/","name":"Radio Ljubu\u0161ki","description":"Sun\u010dana frekvencija Hercegovine","publisher":{"@id":"https:\/\/radioljubuski.ba\/#organization"},"potentialAction":[{"@type":"SearchAction","target":{"@type":"EntryPoint","urlTemplate":"https:\/\/radioljubuski.ba\/?s={search_term_string}"},"query-input":{"@type":"PropertyValueSpecification","valueRequired":true,"valueName":"search_term_string"}}],"inLanguage":"hr"},{"@type":"Organization","@id":"https:\/\/radioljubuski.ba\/#organization","name":"Radio Ljubu\u0161ki","url":"https:\/\/radioljubuski.ba\/","logo":{"@type":"ImageObject","inLanguage":"hr","@id":"https:\/\/radioljubuski.ba\/#\/schema\/logo\/image\/","url":"https:\/\/radioljubuski.ba\/wp-content\/uploads\/2021\/02\/cropped-Radio_Ljubuski_logo1.jpg","contentUrl":"https:\/\/radioljubuski.ba\/wp-content\/uploads\/2021\/02\/cropped-Radio_Ljubuski_logo1.jpg","width":512,"height":512,"caption":"Radio Ljubu\u0161ki"},"image":{"@id":"https:\/\/radioljubuski.ba\/#\/schema\/logo\/image\/"},"sameAs":["https:\/\/www.facebook.com\/Radiio-Ljubuski-1490835324566332","https:\/\/x.com\/radioljubuski","https:\/\/hr.linkedin.com\/company\/radio-ljubuski","https:\/\/www.youtube.com\/channel\/UCHYaeO_n0Db3tjNGudGpXyw"]},{"@type":"Person","@id":"https:\/\/radioljubuski.ba\/#\/schema\/person\/19fc700381a780f69665d7956c469e3b","name":"Radio Ljubu\u0161ki"}]}},"_links":{"self":[{"href":"https:\/\/radioljubuski.ba\/index.php\/wp-json\/wp\/v2\/posts\/85449","targetHints":{"allow":["GET"]}}],"collection":[{"href":"https:\/\/radioljubuski.ba\/index.php\/wp-json\/wp\/v2\/posts"}],"about":[{"href":"https:\/\/radioljubuski.ba\/index.php\/wp-json\/wp\/v2\/types\/post"}],"author":[{"embeddable":true,"href":"https:\/\/radioljubuski.ba\/index.php\/wp-json\/wp\/v2\/users\/2"}],"replies":[{"embeddable":true,"href":"https:\/\/radioljubuski.ba\/index.php\/wp-json\/wp\/v2\/comments?post=85449"}],"version-history":[{"count":1,"href":"https:\/\/radioljubuski.ba\/index.php\/wp-json\/wp\/v2\/posts\/85449\/revisions"}],"predecessor-version":[{"id":85451,"href":"https:\/\/radioljubuski.ba\/index.php\/wp-json\/wp\/v2\/posts\/85449\/revisions\/85451"}],"wp:featuredmedia":[{"embeddable":true,"href":"https:\/\/radioljubuski.ba\/index.php\/wp-json\/wp\/v2\/media\/85450"}],"wp:attachment":[{"href":"https:\/\/radioljubuski.ba\/index.php\/wp-json\/wp\/v2\/media?parent=85449"}],"wp:term":[{"taxonomy":"category","embeddable":true,"href":"https:\/\/radioljubuski.ba\/index.php\/wp-json\/wp\/v2\/categories?post=85449"},{"taxonomy":"post_tag","embeddable":true,"href":"https:\/\/radioljubuski.ba\/index.php\/wp-json\/wp\/v2\/tags?post=85449"}],"curies":[{"name":"wp","href":"https:\/\/api.w.org\/{rel}","templated":true}]}}