{"id":85467,"date":"2021-11-05T18:48:08","date_gmt":"2021-11-05T17:48:08","guid":{"rendered":"https:\/\/radioljubuski.ba\/?p=85467"},"modified":"2021-11-05T18:48:09","modified_gmt":"2021-11-05T17:48:09","slug":"vucic-nestali-ne-bi-trebali-biti-samo-bilateralno-pitanje-s-hrvatskom","status":"publish","type":"post","link":"https:\/\/radioljubuski.ba\/index.php\/2021\/11\/05\/vucic-nestali-ne-bi-trebali-biti-samo-bilateralno-pitanje-s-hrvatskom\/","title":{"rendered":"Vu\u010di\u0107: Nestali ne bi trebali biti samo bilateralno pitanje s Hrvatskom"},"content":{"rendered":"\n<p>Srbijanski predsjednik Aleksandar Vu\u010di\u0107 izjavio je petak da je problematika nestalih tijekom 90-ih prije svega humanitarno, civilizacijsko pitanje i da ne bi trebala biti samo bilateralno pitanje s Hrvatskom.<\/p>\n\n\n\n<p>Srbija je spremna u\u010diniti sve na rasvjetljavanju tog pitanja, rekao je Vu\u010di\u0107 istaknuv\u0161i da je pritom va\u017eno da &#8220;obje strane u\u010dine sve \u0161to mogu&#8221;. On je ocijenio kako su dosada\u0161nji rezultati i jednih i drugih nedostatni.<\/p>\n\n\n\n<p>&#8220;Pitanje nestalih osoba klju\u010dno je humanitarno pitanje, i \u010dak ne bi smjelo biti pitanje bilateralnih odnosa izme\u0111u dvije zemlje ili dva naroda, to je pitanje civilizacijskog odnosa prema ljudima. Na\u017ealost, koliko god da smo se trudili do sada, rezultati su bili mr\u0161avi, i jednih i drugih&#8221;, rekao je Vu\u010di\u0107.&nbsp;<\/p>\n\n\n\n<p>Vu\u010di\u0107 je, odgovaraju\u0107i u Po\u017earevcu na pitanja novinara o slu\u010daju Ive Radi\u0107 iz Vukovara, koja ve\u0107 28 godina tra\u017ei nestalog oca i zna osobe koje su umije\u0161ane u njegov nestanak, rekao da su nadle\u017ena tijela u Srbiji radila na tom slu\u010daju &#8220;kako bi utvrdili \u0161to se to\u010dno dogodilo&#8221;. Vu\u010di\u0107 je najavio da \u0107e razgovarati s obitelji Radi\u0107 da bi se u\u010dinilo &#8220;sve \u0161to je mogu\u0107e&#8221;.<\/p>\n\n\n\n<p>&#8220;Sve \u0161to bilo tko u Hrvatskoj misli, a da nije u smislu &#8211; &#8216;otkrijte nam, znamo da znate&#8217;, dakle &#8211; ako postoji bilo \u0161to konkretno, a moglo bi nas navesti da bar jedno grobno mjesto na\u0111emo &#8211; bio bi to veliki korak naprijed&#8221;, ocijenio je Vu\u010di\u0107 izraziv\u0161i uvjerenost da se takvi koraci mogu napraviti.<\/p>\n\n\n\n<p>Hrvatska traga za jo\u0161 1.858 nestalih i smrtno stradalih osoba iz razdoblja ratnih sukoba tijekom 90-ih, \u0161to je jedno od otvorenih pitanja u bilateralnim odnosima dviju dr\u017eava. &nbsp;<\/p>\n\n\n\n<p>Izvor:pogled.ba<\/p>\n","protected":false},"excerpt":{"rendered":"<p>Srbijanski predsjednik Aleksandar Vu\u010di\u0107 izjavio je petak da je problematika nestalih tijekom 90-ih prije svega humanitarno, civilizacijsko pitanje i da ne bi trebala biti samo bilateralno pitanje s Hrvatskom. Srbija je spremna u\u010diniti sve na rasvjetljavanju tog pitanja, rekao je Vu\u010di\u0107 istaknuv\u0161i da je pritom va\u017eno da &#8220;obje strane u\u010dine sve \u0161to mogu&#8221;. On je [&hellip;]<\/p>\n","protected":false},"author":2,"featured_media":46977,"comment_status":"closed","ping_status":"closed","sticky":false,"template":"","format":"standard","meta":{"h5ap_radio_sources":[],"footnotes":""},"categories":[1],"tags":[],"class_list":["post-85467","post","type-post","status-publish","format-standard","has-post-thumbnail","hentry","category-bihiregija"],"yoast_head":"<!-- This site is optimized with the Yoast SEO plugin v27.5 - https:\/\/yoast.com\/product\/yoast-seo-wordpress\/ -->\n<title>Vu\u010di\u0107: Nestali ne bi trebali biti samo bilateralno pitanje s Hrvatskom - RADIO LJUBU\u0160KI<\/title>\n<meta name=\"robots\" content=\"index, follow, max-snippet:-1, max-image-preview:large, max-video-preview:-1\" \/>\n<link rel=\"canonical\" href=\"https:\/\/radioljubuski.ba\/index.php\/2021\/11\/05\/vucic-nestali-ne-bi-trebali-biti-samo-bilateralno-pitanje-s-hrvatskom\/\" \/>\n<meta property=\"og:locale\" content=\"hr_HR\" \/>\n<meta property=\"og:type\" content=\"article\" \/>\n<meta property=\"og:title\" content=\"Vu\u010di\u0107: Nestali ne bi trebali biti samo bilateralno pitanje s Hrvatskom - RADIO LJUBU\u0160KI\" \/>\n<meta property=\"og:description\" content=\"Srbijanski predsjednik Aleksandar Vu\u010di\u0107 izjavio je petak da je problematika nestalih tijekom 90-ih prije svega humanitarno, civilizacijsko pitanje i da ne bi trebala biti samo bilateralno pitanje s Hrvatskom. Srbija je spremna u\u010diniti sve na rasvjetljavanju tog pitanja, rekao je Vu\u010di\u0107 istaknuv\u0161i da je pritom va\u017eno da &#8220;obje strane u\u010dine sve \u0161to mogu&#8221;. On je [&hellip;]\" \/>\n<meta property=\"og:url\" content=\"https:\/\/radioljubuski.ba\/index.php\/2021\/11\/05\/vucic-nestali-ne-bi-trebali-biti-samo-bilateralno-pitanje-s-hrvatskom\/\" \/>\n<meta property=\"og:site_name\" content=\"RADIO LJUBU\u0160KI\" \/>\n<meta property=\"article:publisher\" content=\"https:\/\/www.facebook.com\/Radiio-Ljubuski-1490835324566332\" \/>\n<meta property=\"article:published_time\" content=\"2021-11-05T17:48:08+00:00\" \/>\n<meta property=\"article:modified_time\" content=\"2021-11-05T17:48:09+00:00\" \/>\n<meta property=\"og:image\" content=\"https:\/\/radioljubuski.ba\/wp-content\/uploads\/2021\/07\/UnQgAF1e_aleksandar_vucic04.jpg\" \/>\n\t<meta property=\"og:image:width\" content=\"1000\" \/>\n\t<meta property=\"og:image:height\" content=\"625\" \/>\n\t<meta property=\"og:image:type\" content=\"image\/jpeg\" \/>\n<meta name=\"author\" content=\"Radio Ljubu\u0161ki\" \/>\n<meta name=\"twitter:card\" content=\"summary_large_image\" \/>\n<meta name=\"twitter:creator\" content=\"@radioljubuski\" \/>\n<meta name=\"twitter:site\" content=\"@radioljubuski\" \/>\n<meta name=\"twitter:label1\" content=\"Napisao\/la\" \/>\n\t<meta name=\"twitter:data1\" content=\"Radio Ljubu\u0161ki\" \/>\n\t<meta name=\"twitter:label2\" content=\"Procijenjeno vrijeme \u010ditanja\" \/>\n\t<meta name=\"twitter:data2\" content=\"2 minute\" \/>\n<script type=\"application\/ld+json\" class=\"yoast-schema-graph\">{\"@context\":\"https:\\\/\\\/schema.org\",\"@graph\":[{\"@type\":\"Article\",\"@id\":\"https:\\\/\\\/radioljubuski.ba\\\/index.php\\\/2021\\\/11\\\/05\\\/vucic-nestali-ne-bi-trebali-biti-samo-bilateralno-pitanje-s-hrvatskom\\\/#article\",\"isPartOf\":{\"@id\":\"https:\\\/\\\/radioljubuski.ba\\\/index.php\\\/2021\\\/11\\\/05\\\/vucic-nestali-ne-bi-trebali-biti-samo-bilateralno-pitanje-s-hrvatskom\\\/\"},\"author\":{\"name\":\"Radio Ljubu\u0161ki\",\"@id\":\"https:\\\/\\\/radioljubuski.ba\\\/#\\\/schema\\\/person\\\/19fc700381a780f69665d7956c469e3b\"},\"headline\":\"Vu\u010di\u0107: Nestali ne bi trebali biti samo bilateralno pitanje s Hrvatskom\",\"datePublished\":\"2021-11-05T17:48:08+00:00\",\"dateModified\":\"2021-11-05T17:48:09+00:00\",\"mainEntityOfPage\":{\"@id\":\"https:\\\/\\\/radioljubuski.ba\\\/index.php\\\/2021\\\/11\\\/05\\\/vucic-nestali-ne-bi-trebali-biti-samo-bilateralno-pitanje-s-hrvatskom\\\/\"},\"wordCount\":303,\"publisher\":{\"@id\":\"https:\\\/\\\/radioljubuski.ba\\\/#organization\"},\"image\":{\"@id\":\"https:\\\/\\\/radioljubuski.ba\\\/index.php\\\/2021\\\/11\\\/05\\\/vucic-nestali-ne-bi-trebali-biti-samo-bilateralno-pitanje-s-hrvatskom\\\/#primaryimage\"},\"thumbnailUrl\":\"https:\\\/\\\/radioljubuski.ba\\\/wp-content\\\/uploads\\\/2021\\\/07\\\/UnQgAF1e_aleksandar_vucic04.jpg\",\"articleSection\":[\"BIH i regija\"],\"inLanguage\":\"hr\"},{\"@type\":\"WebPage\",\"@id\":\"https:\\\/\\\/radioljubuski.ba\\\/index.php\\\/2021\\\/11\\\/05\\\/vucic-nestali-ne-bi-trebali-biti-samo-bilateralno-pitanje-s-hrvatskom\\\/\",\"url\":\"https:\\\/\\\/radioljubuski.ba\\\/index.php\\\/2021\\\/11\\\/05\\\/vucic-nestali-ne-bi-trebali-biti-samo-bilateralno-pitanje-s-hrvatskom\\\/\",\"name\":\"Vu\u010di\u0107: Nestali ne bi trebali biti samo bilateralno pitanje s Hrvatskom - RADIO LJUBU\u0160KI\",\"isPartOf\":{\"@id\":\"https:\\\/\\\/radioljubuski.ba\\\/#website\"},\"primaryImageOfPage\":{\"@id\":\"https:\\\/\\\/radioljubuski.ba\\\/index.php\\\/2021\\\/11\\\/05\\\/vucic-nestali-ne-bi-trebali-biti-samo-bilateralno-pitanje-s-hrvatskom\\\/#primaryimage\"},\"image\":{\"@id\":\"https:\\\/\\\/radioljubuski.ba\\\/index.php\\\/2021\\\/11\\\/05\\\/vucic-nestali-ne-bi-trebali-biti-samo-bilateralno-pitanje-s-hrvatskom\\\/#primaryimage\"},\"thumbnailUrl\":\"https:\\\/\\\/radioljubuski.ba\\\/wp-content\\\/uploads\\\/2021\\\/07\\\/UnQgAF1e_aleksandar_vucic04.jpg\",\"datePublished\":\"2021-11-05T17:48:08+00:00\",\"dateModified\":\"2021-11-05T17:48:09+00:00\",\"breadcrumb\":{\"@id\":\"https:\\\/\\\/radioljubuski.ba\\\/index.php\\\/2021\\\/11\\\/05\\\/vucic-nestali-ne-bi-trebali-biti-samo-bilateralno-pitanje-s-hrvatskom\\\/#breadcrumb\"},\"inLanguage\":\"hr\",\"potentialAction\":[{\"@type\":\"ReadAction\",\"target\":[\"https:\\\/\\\/radioljubuski.ba\\\/index.php\\\/2021\\\/11\\\/05\\\/vucic-nestali-ne-bi-trebali-biti-samo-bilateralno-pitanje-s-hrvatskom\\\/\"]}]},{\"@type\":\"ImageObject\",\"inLanguage\":\"hr\",\"@id\":\"https:\\\/\\\/radioljubuski.ba\\\/index.php\\\/2021\\\/11\\\/05\\\/vucic-nestali-ne-bi-trebali-biti-samo-bilateralno-pitanje-s-hrvatskom\\\/#primaryimage\",\"url\":\"https:\\\/\\\/radioljubuski.ba\\\/wp-content\\\/uploads\\\/2021\\\/07\\\/UnQgAF1e_aleksandar_vucic04.jpg\",\"contentUrl\":\"https:\\\/\\\/radioljubuski.ba\\\/wp-content\\\/uploads\\\/2021\\\/07\\\/UnQgAF1e_aleksandar_vucic04.jpg\",\"width\":1000,\"height\":625},{\"@type\":\"BreadcrumbList\",\"@id\":\"https:\\\/\\\/radioljubuski.ba\\\/index.php\\\/2021\\\/11\\\/05\\\/vucic-nestali-ne-bi-trebali-biti-samo-bilateralno-pitanje-s-hrvatskom\\\/#breadcrumb\",\"itemListElement\":[{\"@type\":\"ListItem\",\"position\":1,\"name\":\"Po\u010detna stranica\",\"item\":\"https:\\\/\\\/radioljubuski.ba\\\/\"},{\"@type\":\"ListItem\",\"position\":2,\"name\":\"Vu\u010di\u0107: Nestali ne bi trebali biti samo bilateralno pitanje s Hrvatskom\"}]},{\"@type\":\"WebSite\",\"@id\":\"https:\\\/\\\/radioljubuski.ba\\\/#website\",\"url\":\"https:\\\/\\\/radioljubuski.ba\\\/\",\"name\":\"Radio Ljubu\u0161ki\",\"description\":\"Sun\u010dana frekvencija Hercegovine\",\"publisher\":{\"@id\":\"https:\\\/\\\/radioljubuski.ba\\\/#organization\"},\"potentialAction\":[{\"@type\":\"SearchAction\",\"target\":{\"@type\":\"EntryPoint\",\"urlTemplate\":\"https:\\\/\\\/radioljubuski.ba\\\/?s={search_term_string}\"},\"query-input\":{\"@type\":\"PropertyValueSpecification\",\"valueRequired\":true,\"valueName\":\"search_term_string\"}}],\"inLanguage\":\"hr\"},{\"@type\":\"Organization\",\"@id\":\"https:\\\/\\\/radioljubuski.ba\\\/#organization\",\"name\":\"Radio Ljubu\u0161ki\",\"url\":\"https:\\\/\\\/radioljubuski.ba\\\/\",\"logo\":{\"@type\":\"ImageObject\",\"inLanguage\":\"hr\",\"@id\":\"https:\\\/\\\/radioljubuski.ba\\\/#\\\/schema\\\/logo\\\/image\\\/\",\"url\":\"https:\\\/\\\/radioljubuski.ba\\\/wp-content\\\/uploads\\\/2021\\\/02\\\/cropped-Radio_Ljubuski_logo1.jpg\",\"contentUrl\":\"https:\\\/\\\/radioljubuski.ba\\\/wp-content\\\/uploads\\\/2021\\\/02\\\/cropped-Radio_Ljubuski_logo1.jpg\",\"width\":512,\"height\":512,\"caption\":\"Radio Ljubu\u0161ki\"},\"image\":{\"@id\":\"https:\\\/\\\/radioljubuski.ba\\\/#\\\/schema\\\/logo\\\/image\\\/\"},\"sameAs\":[\"https:\\\/\\\/www.facebook.com\\\/Radiio-Ljubuski-1490835324566332\",\"https:\\\/\\\/x.com\\\/radioljubuski\",\"https:\\\/\\\/hr.linkedin.com\\\/company\\\/radio-ljubuski\",\"https:\\\/\\\/www.youtube.com\\\/channel\\\/UCHYaeO_n0Db3tjNGudGpXyw\"]},{\"@type\":\"Person\",\"@id\":\"https:\\\/\\\/radioljubuski.ba\\\/#\\\/schema\\\/person\\\/19fc700381a780f69665d7956c469e3b\",\"name\":\"Radio Ljubu\u0161ki\"}]}<\/script>\n<!-- \/ Yoast SEO plugin. -->","yoast_head_json":{"title":"Vu\u010di\u0107: Nestali ne bi trebali biti samo bilateralno pitanje s Hrvatskom - RADIO LJUBU\u0160KI","robots":{"index":"index","follow":"follow","max-snippet":"max-snippet:-1","max-image-preview":"max-image-preview:large","max-video-preview":"max-video-preview:-1"},"canonical":"https:\/\/radioljubuski.ba\/index.php\/2021\/11\/05\/vucic-nestali-ne-bi-trebali-biti-samo-bilateralno-pitanje-s-hrvatskom\/","og_locale":"hr_HR","og_type":"article","og_title":"Vu\u010di\u0107: Nestali ne bi trebali biti samo bilateralno pitanje s Hrvatskom - RADIO LJUBU\u0160KI","og_description":"Srbijanski predsjednik Aleksandar Vu\u010di\u0107 izjavio je petak da je problematika nestalih tijekom 90-ih prije svega humanitarno, civilizacijsko pitanje i da ne bi trebala biti samo bilateralno pitanje s Hrvatskom. Srbija je spremna u\u010diniti sve na rasvjetljavanju tog pitanja, rekao je Vu\u010di\u0107 istaknuv\u0161i da je pritom va\u017eno da &#8220;obje strane u\u010dine sve \u0161to mogu&#8221;. On je [&hellip;]","og_url":"https:\/\/radioljubuski.ba\/index.php\/2021\/11\/05\/vucic-nestali-ne-bi-trebali-biti-samo-bilateralno-pitanje-s-hrvatskom\/","og_site_name":"RADIO LJUBU\u0160KI","article_publisher":"https:\/\/www.facebook.com\/Radiio-Ljubuski-1490835324566332","article_published_time":"2021-11-05T17:48:08+00:00","article_modified_time":"2021-11-05T17:48:09+00:00","og_image":[{"width":1000,"height":625,"url":"https:\/\/radioljubuski.ba\/wp-content\/uploads\/2021\/07\/UnQgAF1e_aleksandar_vucic04.jpg","type":"image\/jpeg"}],"author":"Radio Ljubu\u0161ki","twitter_card":"summary_large_image","twitter_creator":"@radioljubuski","twitter_site":"@radioljubuski","twitter_misc":{"Napisao\/la":"Radio Ljubu\u0161ki","Procijenjeno vrijeme \u010ditanja":"2 minute"},"schema":{"@context":"https:\/\/schema.org","@graph":[{"@type":"Article","@id":"https:\/\/radioljubuski.ba\/index.php\/2021\/11\/05\/vucic-nestali-ne-bi-trebali-biti-samo-bilateralno-pitanje-s-hrvatskom\/#article","isPartOf":{"@id":"https:\/\/radioljubuski.ba\/index.php\/2021\/11\/05\/vucic-nestali-ne-bi-trebali-biti-samo-bilateralno-pitanje-s-hrvatskom\/"},"author":{"name":"Radio Ljubu\u0161ki","@id":"https:\/\/radioljubuski.ba\/#\/schema\/person\/19fc700381a780f69665d7956c469e3b"},"headline":"Vu\u010di\u0107: Nestali ne bi trebali biti samo bilateralno pitanje s Hrvatskom","datePublished":"2021-11-05T17:48:08+00:00","dateModified":"2021-11-05T17:48:09+00:00","mainEntityOfPage":{"@id":"https:\/\/radioljubuski.ba\/index.php\/2021\/11\/05\/vucic-nestali-ne-bi-trebali-biti-samo-bilateralno-pitanje-s-hrvatskom\/"},"wordCount":303,"publisher":{"@id":"https:\/\/radioljubuski.ba\/#organization"},"image":{"@id":"https:\/\/radioljubuski.ba\/index.php\/2021\/11\/05\/vucic-nestali-ne-bi-trebali-biti-samo-bilateralno-pitanje-s-hrvatskom\/#primaryimage"},"thumbnailUrl":"https:\/\/radioljubuski.ba\/wp-content\/uploads\/2021\/07\/UnQgAF1e_aleksandar_vucic04.jpg","articleSection":["BIH i regija"],"inLanguage":"hr"},{"@type":"WebPage","@id":"https:\/\/radioljubuski.ba\/index.php\/2021\/11\/05\/vucic-nestali-ne-bi-trebali-biti-samo-bilateralno-pitanje-s-hrvatskom\/","url":"https:\/\/radioljubuski.ba\/index.php\/2021\/11\/05\/vucic-nestali-ne-bi-trebali-biti-samo-bilateralno-pitanje-s-hrvatskom\/","name":"Vu\u010di\u0107: Nestali ne bi trebali biti samo bilateralno pitanje s Hrvatskom - RADIO LJUBU\u0160KI","isPartOf":{"@id":"https:\/\/radioljubuski.ba\/#website"},"primaryImageOfPage":{"@id":"https:\/\/radioljubuski.ba\/index.php\/2021\/11\/05\/vucic-nestali-ne-bi-trebali-biti-samo-bilateralno-pitanje-s-hrvatskom\/#primaryimage"},"image":{"@id":"https:\/\/radioljubuski.ba\/index.php\/2021\/11\/05\/vucic-nestali-ne-bi-trebali-biti-samo-bilateralno-pitanje-s-hrvatskom\/#primaryimage"},"thumbnailUrl":"https:\/\/radioljubuski.ba\/wp-content\/uploads\/2021\/07\/UnQgAF1e_aleksandar_vucic04.jpg","datePublished":"2021-11-05T17:48:08+00:00","dateModified":"2021-11-05T17:48:09+00:00","breadcrumb":{"@id":"https:\/\/radioljubuski.ba\/index.php\/2021\/11\/05\/vucic-nestali-ne-bi-trebali-biti-samo-bilateralno-pitanje-s-hrvatskom\/#breadcrumb"},"inLanguage":"hr","potentialAction":[{"@type":"ReadAction","target":["https:\/\/radioljubuski.ba\/index.php\/2021\/11\/05\/vucic-nestali-ne-bi-trebali-biti-samo-bilateralno-pitanje-s-hrvatskom\/"]}]},{"@type":"ImageObject","inLanguage":"hr","@id":"https:\/\/radioljubuski.ba\/index.php\/2021\/11\/05\/vucic-nestali-ne-bi-trebali-biti-samo-bilateralno-pitanje-s-hrvatskom\/#primaryimage","url":"https:\/\/radioljubuski.ba\/wp-content\/uploads\/2021\/07\/UnQgAF1e_aleksandar_vucic04.jpg","contentUrl":"https:\/\/radioljubuski.ba\/wp-content\/uploads\/2021\/07\/UnQgAF1e_aleksandar_vucic04.jpg","width":1000,"height":625},{"@type":"BreadcrumbList","@id":"https:\/\/radioljubuski.ba\/index.php\/2021\/11\/05\/vucic-nestali-ne-bi-trebali-biti-samo-bilateralno-pitanje-s-hrvatskom\/#breadcrumb","itemListElement":[{"@type":"ListItem","position":1,"name":"Po\u010detna stranica","item":"https:\/\/radioljubuski.ba\/"},{"@type":"ListItem","position":2,"name":"Vu\u010di\u0107: Nestali ne bi trebali biti samo bilateralno pitanje s Hrvatskom"}]},{"@type":"WebSite","@id":"https:\/\/radioljubuski.ba\/#website","url":"https:\/\/radioljubuski.ba\/","name":"Radio Ljubu\u0161ki","description":"Sun\u010dana frekvencija Hercegovine","publisher":{"@id":"https:\/\/radioljubuski.ba\/#organization"},"potentialAction":[{"@type":"SearchAction","target":{"@type":"EntryPoint","urlTemplate":"https:\/\/radioljubuski.ba\/?s={search_term_string}"},"query-input":{"@type":"PropertyValueSpecification","valueRequired":true,"valueName":"search_term_string"}}],"inLanguage":"hr"},{"@type":"Organization","@id":"https:\/\/radioljubuski.ba\/#organization","name":"Radio Ljubu\u0161ki","url":"https:\/\/radioljubuski.ba\/","logo":{"@type":"ImageObject","inLanguage":"hr","@id":"https:\/\/radioljubuski.ba\/#\/schema\/logo\/image\/","url":"https:\/\/radioljubuski.ba\/wp-content\/uploads\/2021\/02\/cropped-Radio_Ljubuski_logo1.jpg","contentUrl":"https:\/\/radioljubuski.ba\/wp-content\/uploads\/2021\/02\/cropped-Radio_Ljubuski_logo1.jpg","width":512,"height":512,"caption":"Radio Ljubu\u0161ki"},"image":{"@id":"https:\/\/radioljubuski.ba\/#\/schema\/logo\/image\/"},"sameAs":["https:\/\/www.facebook.com\/Radiio-Ljubuski-1490835324566332","https:\/\/x.com\/radioljubuski","https:\/\/hr.linkedin.com\/company\/radio-ljubuski","https:\/\/www.youtube.com\/channel\/UCHYaeO_n0Db3tjNGudGpXyw"]},{"@type":"Person","@id":"https:\/\/radioljubuski.ba\/#\/schema\/person\/19fc700381a780f69665d7956c469e3b","name":"Radio Ljubu\u0161ki"}]}},"_links":{"self":[{"href":"https:\/\/radioljubuski.ba\/index.php\/wp-json\/wp\/v2\/posts\/85467","targetHints":{"allow":["GET"]}}],"collection":[{"href":"https:\/\/radioljubuski.ba\/index.php\/wp-json\/wp\/v2\/posts"}],"about":[{"href":"https:\/\/radioljubuski.ba\/index.php\/wp-json\/wp\/v2\/types\/post"}],"author":[{"embeddable":true,"href":"https:\/\/radioljubuski.ba\/index.php\/wp-json\/wp\/v2\/users\/2"}],"replies":[{"embeddable":true,"href":"https:\/\/radioljubuski.ba\/index.php\/wp-json\/wp\/v2\/comments?post=85467"}],"version-history":[{"count":1,"href":"https:\/\/radioljubuski.ba\/index.php\/wp-json\/wp\/v2\/posts\/85467\/revisions"}],"predecessor-version":[{"id":85468,"href":"https:\/\/radioljubuski.ba\/index.php\/wp-json\/wp\/v2\/posts\/85467\/revisions\/85468"}],"wp:featuredmedia":[{"embeddable":true,"href":"https:\/\/radioljubuski.ba\/index.php\/wp-json\/wp\/v2\/media\/46977"}],"wp:attachment":[{"href":"https:\/\/radioljubuski.ba\/index.php\/wp-json\/wp\/v2\/media?parent=85467"}],"wp:term":[{"taxonomy":"category","embeddable":true,"href":"https:\/\/radioljubuski.ba\/index.php\/wp-json\/wp\/v2\/categories?post=85467"},{"taxonomy":"post_tag","embeddable":true,"href":"https:\/\/radioljubuski.ba\/index.php\/wp-json\/wp\/v2\/tags?post=85467"}],"curies":[{"name":"wp","href":"https:\/\/api.w.org\/{rel}","templated":true}]}}