{"id":85478,"date":"2021-11-05T18:54:45","date_gmt":"2021-11-05T17:54:45","guid":{"rendered":"https:\/\/radioljubuski.ba\/?p=85478"},"modified":"2021-11-05T18:54:46","modified_gmt":"2021-11-05T17:54:46","slug":"pronadeno-bezivotno-tijelo-nestalog-nevesinjca","status":"publish","type":"post","link":"https:\/\/radioljubuski.ba\/index.php\/2021\/11\/05\/pronadeno-bezivotno-tijelo-nestalog-nevesinjca\/","title":{"rendered":"Prona\u0111eno be\u017eivotno tijelo nestalog Nevesinjca"},"content":{"rendered":"\n<p>Policijski slu\u017ebenici Policijske stanice Nevesinje u suradnji sa Teritorijalnom vatrogasnom jedinicom, Civilom za\u0161titom Nevesinje, kao i mje\u0161tanima op\u0107ine Nevesinje, nakon intenzivne pretrage i pretresa terena, 5.11.2021. godine oko 13.20 sati, na podru\u010dju Udre\u017enja, mjesto Zuba\u010de, op\u0107ina Nevesinje, prona\u0161li su be\u017eivotno tijelo Veselina Mi\u0107evi\u0107a, \u010diji je nestanak prijavljen 4.11.2021. godine.<\/p>\n\n\n\n<p>O\u010devid na licu mjesta izvr\u0161en od strane pripadnika Policijske stanice Nevesinje, uz suglasnost de\u017eurnog tu\u017eitelja Okru\u017enog javnog tu\u017eiteljstva Trebinje, gdje je prisustvovao i de\u017eurni lje\u010dnik Doma zdravlja Nevesinje.<\/p>\n\n\n\n<p>Po zvr\u0161etku o\u010devida, a po nalogu de\u017eurnog tu\u017eitelja, be\u017eivotno tijelo je predato obitelji.<\/p>\n\n\n\n<p>Izvor:trebinjelive.info<\/p>\n","protected":false},"excerpt":{"rendered":"<p>Policijski slu\u017ebenici Policijske stanice Nevesinje u suradnji sa Teritorijalnom vatrogasnom jedinicom, Civilom za\u0161titom Nevesinje, kao i mje\u0161tanima op\u0107ine Nevesinje, nakon intenzivne pretrage i pretresa terena, 5.11.2021. godine oko 13.20 sati, na podru\u010dju Udre\u017enja, mjesto Zuba\u010de, op\u0107ina Nevesinje, prona\u0161li su be\u017eivotno tijelo Veselina Mi\u0107evi\u0107a, \u010diji je nestanak prijavljen 4.11.2021. godine. O\u010devid na licu mjesta izvr\u0161en od [&hellip;]<\/p>\n","protected":false},"author":2,"featured_media":85479,"comment_status":"closed","ping_status":"closed","sticky":false,"template":"","format":"standard","meta":{"h5ap_radio_sources":[],"footnotes":""},"categories":[1],"tags":[],"class_list":["post-85478","post","type-post","status-publish","format-standard","has-post-thumbnail","hentry","category-bihiregija"],"yoast_head":"<!-- This site is optimized with the Yoast SEO plugin v27.5 - https:\/\/yoast.com\/product\/yoast-seo-wordpress\/ -->\n<title>Prona\u0111eno be\u017eivotno tijelo nestalog Nevesinjca - RADIO LJUBU\u0160KI<\/title>\n<meta name=\"robots\" content=\"index, follow, max-snippet:-1, max-image-preview:large, max-video-preview:-1\" \/>\n<link rel=\"canonical\" href=\"https:\/\/radioljubuski.ba\/index.php\/2021\/11\/05\/pronadeno-bezivotno-tijelo-nestalog-nevesinjca\/\" \/>\n<meta property=\"og:locale\" content=\"hr_HR\" \/>\n<meta property=\"og:type\" content=\"article\" \/>\n<meta property=\"og:title\" content=\"Prona\u0111eno be\u017eivotno tijelo nestalog Nevesinjca - RADIO LJUBU\u0160KI\" \/>\n<meta property=\"og:description\" content=\"Policijski slu\u017ebenici Policijske stanice Nevesinje u suradnji sa Teritorijalnom vatrogasnom jedinicom, Civilom za\u0161titom Nevesinje, kao i mje\u0161tanima op\u0107ine Nevesinje, nakon intenzivne pretrage i pretresa terena, 5.11.2021. godine oko 13.20 sati, na podru\u010dju Udre\u017enja, mjesto Zuba\u010de, op\u0107ina Nevesinje, prona\u0161li su be\u017eivotno tijelo Veselina Mi\u0107evi\u0107a, \u010diji je nestanak prijavljen 4.11.2021. godine. O\u010devid na licu mjesta izvr\u0161en od [&hellip;]\" \/>\n<meta property=\"og:url\" content=\"https:\/\/radioljubuski.ba\/index.php\/2021\/11\/05\/pronadeno-bezivotno-tijelo-nestalog-nevesinjca\/\" \/>\n<meta property=\"og:site_name\" content=\"RADIO LJUBU\u0160KI\" \/>\n<meta property=\"article:publisher\" content=\"https:\/\/www.facebook.com\/Radiio-Ljubuski-1490835324566332\" \/>\n<meta property=\"article:published_time\" content=\"2021-11-05T17:54:45+00:00\" \/>\n<meta property=\"article:modified_time\" content=\"2021-11-05T17:54:46+00:00\" \/>\n<meta property=\"og:image\" content=\"https:\/\/radioljubuski.ba\/wp-content\/uploads\/2021\/11\/9-2021-11-05-17-09-21-trebinjepolice.jpg\" \/>\n\t<meta property=\"og:image:width\" content=\"1000\" \/>\n\t<meta property=\"og:image:height\" content=\"625\" \/>\n\t<meta property=\"og:image:type\" content=\"image\/jpeg\" \/>\n<meta name=\"author\" content=\"Radio Ljubu\u0161ki\" \/>\n<meta name=\"twitter:card\" content=\"summary_large_image\" \/>\n<meta name=\"twitter:creator\" content=\"@radioljubuski\" \/>\n<meta name=\"twitter:site\" content=\"@radioljubuski\" \/>\n<meta name=\"twitter:label1\" content=\"Napisao\/la\" \/>\n\t<meta name=\"twitter:data1\" content=\"Radio Ljubu\u0161ki\" \/>\n\t<meta name=\"twitter:label2\" content=\"Procijenjeno vrijeme \u010ditanja\" \/>\n\t<meta name=\"twitter:data2\" content=\"1 minuta\" \/>\n<script type=\"application\/ld+json\" class=\"yoast-schema-graph\">{\"@context\":\"https:\\\/\\\/schema.org\",\"@graph\":[{\"@type\":\"Article\",\"@id\":\"https:\\\/\\\/radioljubuski.ba\\\/index.php\\\/2021\\\/11\\\/05\\\/pronadeno-bezivotno-tijelo-nestalog-nevesinjca\\\/#article\",\"isPartOf\":{\"@id\":\"https:\\\/\\\/radioljubuski.ba\\\/index.php\\\/2021\\\/11\\\/05\\\/pronadeno-bezivotno-tijelo-nestalog-nevesinjca\\\/\"},\"author\":{\"name\":\"Radio Ljubu\u0161ki\",\"@id\":\"https:\\\/\\\/radioljubuski.ba\\\/#\\\/schema\\\/person\\\/19fc700381a780f69665d7956c469e3b\"},\"headline\":\"Prona\u0111eno be\u017eivotno tijelo nestalog Nevesinjca\",\"datePublished\":\"2021-11-05T17:54:45+00:00\",\"dateModified\":\"2021-11-05T17:54:46+00:00\",\"mainEntityOfPage\":{\"@id\":\"https:\\\/\\\/radioljubuski.ba\\\/index.php\\\/2021\\\/11\\\/05\\\/pronadeno-bezivotno-tijelo-nestalog-nevesinjca\\\/\"},\"wordCount\":122,\"publisher\":{\"@id\":\"https:\\\/\\\/radioljubuski.ba\\\/#organization\"},\"image\":{\"@id\":\"https:\\\/\\\/radioljubuski.ba\\\/index.php\\\/2021\\\/11\\\/05\\\/pronadeno-bezivotno-tijelo-nestalog-nevesinjca\\\/#primaryimage\"},\"thumbnailUrl\":\"https:\\\/\\\/radioljubuski.ba\\\/wp-content\\\/uploads\\\/2021\\\/11\\\/9-2021-11-05-17-09-21-trebinjepolice.jpg\",\"articleSection\":[\"BIH i regija\"],\"inLanguage\":\"hr\"},{\"@type\":\"WebPage\",\"@id\":\"https:\\\/\\\/radioljubuski.ba\\\/index.php\\\/2021\\\/11\\\/05\\\/pronadeno-bezivotno-tijelo-nestalog-nevesinjca\\\/\",\"url\":\"https:\\\/\\\/radioljubuski.ba\\\/index.php\\\/2021\\\/11\\\/05\\\/pronadeno-bezivotno-tijelo-nestalog-nevesinjca\\\/\",\"name\":\"Prona\u0111eno be\u017eivotno tijelo nestalog Nevesinjca - RADIO LJUBU\u0160KI\",\"isPartOf\":{\"@id\":\"https:\\\/\\\/radioljubuski.ba\\\/#website\"},\"primaryImageOfPage\":{\"@id\":\"https:\\\/\\\/radioljubuski.ba\\\/index.php\\\/2021\\\/11\\\/05\\\/pronadeno-bezivotno-tijelo-nestalog-nevesinjca\\\/#primaryimage\"},\"image\":{\"@id\":\"https:\\\/\\\/radioljubuski.ba\\\/index.php\\\/2021\\\/11\\\/05\\\/pronadeno-bezivotno-tijelo-nestalog-nevesinjca\\\/#primaryimage\"},\"thumbnailUrl\":\"https:\\\/\\\/radioljubuski.ba\\\/wp-content\\\/uploads\\\/2021\\\/11\\\/9-2021-11-05-17-09-21-trebinjepolice.jpg\",\"datePublished\":\"2021-11-05T17:54:45+00:00\",\"dateModified\":\"2021-11-05T17:54:46+00:00\",\"breadcrumb\":{\"@id\":\"https:\\\/\\\/radioljubuski.ba\\\/index.php\\\/2021\\\/11\\\/05\\\/pronadeno-bezivotno-tijelo-nestalog-nevesinjca\\\/#breadcrumb\"},\"inLanguage\":\"hr\",\"potentialAction\":[{\"@type\":\"ReadAction\",\"target\":[\"https:\\\/\\\/radioljubuski.ba\\\/index.php\\\/2021\\\/11\\\/05\\\/pronadeno-bezivotno-tijelo-nestalog-nevesinjca\\\/\"]}]},{\"@type\":\"ImageObject\",\"inLanguage\":\"hr\",\"@id\":\"https:\\\/\\\/radioljubuski.ba\\\/index.php\\\/2021\\\/11\\\/05\\\/pronadeno-bezivotno-tijelo-nestalog-nevesinjca\\\/#primaryimage\",\"url\":\"https:\\\/\\\/radioljubuski.ba\\\/wp-content\\\/uploads\\\/2021\\\/11\\\/9-2021-11-05-17-09-21-trebinjepolice.jpg\",\"contentUrl\":\"https:\\\/\\\/radioljubuski.ba\\\/wp-content\\\/uploads\\\/2021\\\/11\\\/9-2021-11-05-17-09-21-trebinjepolice.jpg\",\"width\":1000,\"height\":625},{\"@type\":\"BreadcrumbList\",\"@id\":\"https:\\\/\\\/radioljubuski.ba\\\/index.php\\\/2021\\\/11\\\/05\\\/pronadeno-bezivotno-tijelo-nestalog-nevesinjca\\\/#breadcrumb\",\"itemListElement\":[{\"@type\":\"ListItem\",\"position\":1,\"name\":\"Po\u010detna stranica\",\"item\":\"https:\\\/\\\/radioljubuski.ba\\\/\"},{\"@type\":\"ListItem\",\"position\":2,\"name\":\"Prona\u0111eno be\u017eivotno tijelo nestalog Nevesinjca\"}]},{\"@type\":\"WebSite\",\"@id\":\"https:\\\/\\\/radioljubuski.ba\\\/#website\",\"url\":\"https:\\\/\\\/radioljubuski.ba\\\/\",\"name\":\"Radio Ljubu\u0161ki\",\"description\":\"Sun\u010dana frekvencija Hercegovine\",\"publisher\":{\"@id\":\"https:\\\/\\\/radioljubuski.ba\\\/#organization\"},\"potentialAction\":[{\"@type\":\"SearchAction\",\"target\":{\"@type\":\"EntryPoint\",\"urlTemplate\":\"https:\\\/\\\/radioljubuski.ba\\\/?s={search_term_string}\"},\"query-input\":{\"@type\":\"PropertyValueSpecification\",\"valueRequired\":true,\"valueName\":\"search_term_string\"}}],\"inLanguage\":\"hr\"},{\"@type\":\"Organization\",\"@id\":\"https:\\\/\\\/radioljubuski.ba\\\/#organization\",\"name\":\"Radio Ljubu\u0161ki\",\"url\":\"https:\\\/\\\/radioljubuski.ba\\\/\",\"logo\":{\"@type\":\"ImageObject\",\"inLanguage\":\"hr\",\"@id\":\"https:\\\/\\\/radioljubuski.ba\\\/#\\\/schema\\\/logo\\\/image\\\/\",\"url\":\"https:\\\/\\\/radioljubuski.ba\\\/wp-content\\\/uploads\\\/2021\\\/02\\\/cropped-Radio_Ljubuski_logo1.jpg\",\"contentUrl\":\"https:\\\/\\\/radioljubuski.ba\\\/wp-content\\\/uploads\\\/2021\\\/02\\\/cropped-Radio_Ljubuski_logo1.jpg\",\"width\":512,\"height\":512,\"caption\":\"Radio Ljubu\u0161ki\"},\"image\":{\"@id\":\"https:\\\/\\\/radioljubuski.ba\\\/#\\\/schema\\\/logo\\\/image\\\/\"},\"sameAs\":[\"https:\\\/\\\/www.facebook.com\\\/Radiio-Ljubuski-1490835324566332\",\"https:\\\/\\\/x.com\\\/radioljubuski\",\"https:\\\/\\\/hr.linkedin.com\\\/company\\\/radio-ljubuski\",\"https:\\\/\\\/www.youtube.com\\\/channel\\\/UCHYaeO_n0Db3tjNGudGpXyw\"]},{\"@type\":\"Person\",\"@id\":\"https:\\\/\\\/radioljubuski.ba\\\/#\\\/schema\\\/person\\\/19fc700381a780f69665d7956c469e3b\",\"name\":\"Radio Ljubu\u0161ki\"}]}<\/script>\n<!-- \/ Yoast SEO plugin. -->","yoast_head_json":{"title":"Prona\u0111eno be\u017eivotno tijelo nestalog Nevesinjca - RADIO LJUBU\u0160KI","robots":{"index":"index","follow":"follow","max-snippet":"max-snippet:-1","max-image-preview":"max-image-preview:large","max-video-preview":"max-video-preview:-1"},"canonical":"https:\/\/radioljubuski.ba\/index.php\/2021\/11\/05\/pronadeno-bezivotno-tijelo-nestalog-nevesinjca\/","og_locale":"hr_HR","og_type":"article","og_title":"Prona\u0111eno be\u017eivotno tijelo nestalog Nevesinjca - RADIO LJUBU\u0160KI","og_description":"Policijski slu\u017ebenici Policijske stanice Nevesinje u suradnji sa Teritorijalnom vatrogasnom jedinicom, Civilom za\u0161titom Nevesinje, kao i mje\u0161tanima op\u0107ine Nevesinje, nakon intenzivne pretrage i pretresa terena, 5.11.2021. godine oko 13.20 sati, na podru\u010dju Udre\u017enja, mjesto Zuba\u010de, op\u0107ina Nevesinje, prona\u0161li su be\u017eivotno tijelo Veselina Mi\u0107evi\u0107a, \u010diji je nestanak prijavljen 4.11.2021. godine. O\u010devid na licu mjesta izvr\u0161en od [&hellip;]","og_url":"https:\/\/radioljubuski.ba\/index.php\/2021\/11\/05\/pronadeno-bezivotno-tijelo-nestalog-nevesinjca\/","og_site_name":"RADIO LJUBU\u0160KI","article_publisher":"https:\/\/www.facebook.com\/Radiio-Ljubuski-1490835324566332","article_published_time":"2021-11-05T17:54:45+00:00","article_modified_time":"2021-11-05T17:54:46+00:00","og_image":[{"width":1000,"height":625,"url":"https:\/\/radioljubuski.ba\/wp-content\/uploads\/2021\/11\/9-2021-11-05-17-09-21-trebinjepolice.jpg","type":"image\/jpeg"}],"author":"Radio Ljubu\u0161ki","twitter_card":"summary_large_image","twitter_creator":"@radioljubuski","twitter_site":"@radioljubuski","twitter_misc":{"Napisao\/la":"Radio Ljubu\u0161ki","Procijenjeno vrijeme \u010ditanja":"1 minuta"},"schema":{"@context":"https:\/\/schema.org","@graph":[{"@type":"Article","@id":"https:\/\/radioljubuski.ba\/index.php\/2021\/11\/05\/pronadeno-bezivotno-tijelo-nestalog-nevesinjca\/#article","isPartOf":{"@id":"https:\/\/radioljubuski.ba\/index.php\/2021\/11\/05\/pronadeno-bezivotno-tijelo-nestalog-nevesinjca\/"},"author":{"name":"Radio Ljubu\u0161ki","@id":"https:\/\/radioljubuski.ba\/#\/schema\/person\/19fc700381a780f69665d7956c469e3b"},"headline":"Prona\u0111eno be\u017eivotno tijelo nestalog Nevesinjca","datePublished":"2021-11-05T17:54:45+00:00","dateModified":"2021-11-05T17:54:46+00:00","mainEntityOfPage":{"@id":"https:\/\/radioljubuski.ba\/index.php\/2021\/11\/05\/pronadeno-bezivotno-tijelo-nestalog-nevesinjca\/"},"wordCount":122,"publisher":{"@id":"https:\/\/radioljubuski.ba\/#organization"},"image":{"@id":"https:\/\/radioljubuski.ba\/index.php\/2021\/11\/05\/pronadeno-bezivotno-tijelo-nestalog-nevesinjca\/#primaryimage"},"thumbnailUrl":"https:\/\/radioljubuski.ba\/wp-content\/uploads\/2021\/11\/9-2021-11-05-17-09-21-trebinjepolice.jpg","articleSection":["BIH i regija"],"inLanguage":"hr"},{"@type":"WebPage","@id":"https:\/\/radioljubuski.ba\/index.php\/2021\/11\/05\/pronadeno-bezivotno-tijelo-nestalog-nevesinjca\/","url":"https:\/\/radioljubuski.ba\/index.php\/2021\/11\/05\/pronadeno-bezivotno-tijelo-nestalog-nevesinjca\/","name":"Prona\u0111eno be\u017eivotno tijelo nestalog Nevesinjca - RADIO LJUBU\u0160KI","isPartOf":{"@id":"https:\/\/radioljubuski.ba\/#website"},"primaryImageOfPage":{"@id":"https:\/\/radioljubuski.ba\/index.php\/2021\/11\/05\/pronadeno-bezivotno-tijelo-nestalog-nevesinjca\/#primaryimage"},"image":{"@id":"https:\/\/radioljubuski.ba\/index.php\/2021\/11\/05\/pronadeno-bezivotno-tijelo-nestalog-nevesinjca\/#primaryimage"},"thumbnailUrl":"https:\/\/radioljubuski.ba\/wp-content\/uploads\/2021\/11\/9-2021-11-05-17-09-21-trebinjepolice.jpg","datePublished":"2021-11-05T17:54:45+00:00","dateModified":"2021-11-05T17:54:46+00:00","breadcrumb":{"@id":"https:\/\/radioljubuski.ba\/index.php\/2021\/11\/05\/pronadeno-bezivotno-tijelo-nestalog-nevesinjca\/#breadcrumb"},"inLanguage":"hr","potentialAction":[{"@type":"ReadAction","target":["https:\/\/radioljubuski.ba\/index.php\/2021\/11\/05\/pronadeno-bezivotno-tijelo-nestalog-nevesinjca\/"]}]},{"@type":"ImageObject","inLanguage":"hr","@id":"https:\/\/radioljubuski.ba\/index.php\/2021\/11\/05\/pronadeno-bezivotno-tijelo-nestalog-nevesinjca\/#primaryimage","url":"https:\/\/radioljubuski.ba\/wp-content\/uploads\/2021\/11\/9-2021-11-05-17-09-21-trebinjepolice.jpg","contentUrl":"https:\/\/radioljubuski.ba\/wp-content\/uploads\/2021\/11\/9-2021-11-05-17-09-21-trebinjepolice.jpg","width":1000,"height":625},{"@type":"BreadcrumbList","@id":"https:\/\/radioljubuski.ba\/index.php\/2021\/11\/05\/pronadeno-bezivotno-tijelo-nestalog-nevesinjca\/#breadcrumb","itemListElement":[{"@type":"ListItem","position":1,"name":"Po\u010detna stranica","item":"https:\/\/radioljubuski.ba\/"},{"@type":"ListItem","position":2,"name":"Prona\u0111eno be\u017eivotno tijelo nestalog Nevesinjca"}]},{"@type":"WebSite","@id":"https:\/\/radioljubuski.ba\/#website","url":"https:\/\/radioljubuski.ba\/","name":"Radio Ljubu\u0161ki","description":"Sun\u010dana frekvencija Hercegovine","publisher":{"@id":"https:\/\/radioljubuski.ba\/#organization"},"potentialAction":[{"@type":"SearchAction","target":{"@type":"EntryPoint","urlTemplate":"https:\/\/radioljubuski.ba\/?s={search_term_string}"},"query-input":{"@type":"PropertyValueSpecification","valueRequired":true,"valueName":"search_term_string"}}],"inLanguage":"hr"},{"@type":"Organization","@id":"https:\/\/radioljubuski.ba\/#organization","name":"Radio Ljubu\u0161ki","url":"https:\/\/radioljubuski.ba\/","logo":{"@type":"ImageObject","inLanguage":"hr","@id":"https:\/\/radioljubuski.ba\/#\/schema\/logo\/image\/","url":"https:\/\/radioljubuski.ba\/wp-content\/uploads\/2021\/02\/cropped-Radio_Ljubuski_logo1.jpg","contentUrl":"https:\/\/radioljubuski.ba\/wp-content\/uploads\/2021\/02\/cropped-Radio_Ljubuski_logo1.jpg","width":512,"height":512,"caption":"Radio Ljubu\u0161ki"},"image":{"@id":"https:\/\/radioljubuski.ba\/#\/schema\/logo\/image\/"},"sameAs":["https:\/\/www.facebook.com\/Radiio-Ljubuski-1490835324566332","https:\/\/x.com\/radioljubuski","https:\/\/hr.linkedin.com\/company\/radio-ljubuski","https:\/\/www.youtube.com\/channel\/UCHYaeO_n0Db3tjNGudGpXyw"]},{"@type":"Person","@id":"https:\/\/radioljubuski.ba\/#\/schema\/person\/19fc700381a780f69665d7956c469e3b","name":"Radio Ljubu\u0161ki"}]}},"_links":{"self":[{"href":"https:\/\/radioljubuski.ba\/index.php\/wp-json\/wp\/v2\/posts\/85478","targetHints":{"allow":["GET"]}}],"collection":[{"href":"https:\/\/radioljubuski.ba\/index.php\/wp-json\/wp\/v2\/posts"}],"about":[{"href":"https:\/\/radioljubuski.ba\/index.php\/wp-json\/wp\/v2\/types\/post"}],"author":[{"embeddable":true,"href":"https:\/\/radioljubuski.ba\/index.php\/wp-json\/wp\/v2\/users\/2"}],"replies":[{"embeddable":true,"href":"https:\/\/radioljubuski.ba\/index.php\/wp-json\/wp\/v2\/comments?post=85478"}],"version-history":[{"count":1,"href":"https:\/\/radioljubuski.ba\/index.php\/wp-json\/wp\/v2\/posts\/85478\/revisions"}],"predecessor-version":[{"id":85480,"href":"https:\/\/radioljubuski.ba\/index.php\/wp-json\/wp\/v2\/posts\/85478\/revisions\/85480"}],"wp:featuredmedia":[{"embeddable":true,"href":"https:\/\/radioljubuski.ba\/index.php\/wp-json\/wp\/v2\/media\/85479"}],"wp:attachment":[{"href":"https:\/\/radioljubuski.ba\/index.php\/wp-json\/wp\/v2\/media?parent=85478"}],"wp:term":[{"taxonomy":"category","embeddable":true,"href":"https:\/\/radioljubuski.ba\/index.php\/wp-json\/wp\/v2\/categories?post=85478"},{"taxonomy":"post_tag","embeddable":true,"href":"https:\/\/radioljubuski.ba\/index.php\/wp-json\/wp\/v2\/tags?post=85478"}],"curies":[{"name":"wp","href":"https:\/\/api.w.org\/{rel}","templated":true}]}}