{"id":85484,"date":"2021-11-05T18:56:51","date_gmt":"2021-11-05T17:56:51","guid":{"rendered":"https:\/\/radioljubuski.ba\/?p=85484"},"modified":"2021-11-05T18:56:52","modified_gmt":"2021-11-05T17:56:52","slug":"gradsko-vijece-livna-od-vlade-hbz-a-trazi-rjesenje-za-brigu-o-divljim-konjima","status":"publish","type":"post","link":"https:\/\/radioljubuski.ba\/index.php\/2021\/11\/05\/gradsko-vijece-livna-od-vlade-hbz-a-trazi-rjesenje-za-brigu-o-divljim-konjima\/","title":{"rendered":"Gradsko vije\u0107e Livna od Vlade HB\u017d-a tra\u017ei rje\u0161enje za brigu o divljim konjima"},"content":{"rendered":"\n<p>Gradsko vije\u0107e Livna zatra\u017eilo je od Vlade Hercegbosanske \u017eupanije (HB\u017d) mi\u0161ljenje o mogu\u0107im rje\u0161enjima za brigu o divljim konjima koji nastanjuju visoravan Kruzi iznad Livna.<\/p>\n\n\n\n<p>Kako je za Fenu kazala predsjednica Gradskog vije\u0107a Livna Hana Milak, na dana\u0161njoj tematskoj sjednici gradski vije\u0107nici su od \u017eupanijske vlade zatra\u017eili da se o\u010dituje koja opcija bi bila najoptimalnija i najbolja za problematiku livanjskih divljih konja.<\/p>\n\n\n\n<p>&#8211; O\u010dekujemo blagovremenu reakcija Vlade HB\u017d-a zbog prirode ove problematike, budu\u0107i da su neposredno i svakodnevno, u prvom redu, ugro\u017eeni \u017eivoti ljudi koji prometuju dionicama kojima se konji neometano kre\u0107u, a s druge strane, zanemaruju se prava \u017eivotinja, kao i turisti\u010dki potencijal koji oni imaju &#8211; poru\u010dila je Milak.<\/p>\n\n\n\n<p>U me\u0111uvremenu, dodala je Milak, sredstvima koja osiguranim u gradskom prora\u010dunu za 2021. godinu provest \u0107e se privremene mjere zbrinjavanja konja (hrana, voda, sol, elektri\u010dne \u010dobanice, signalizacija), a javnim pozivom bit \u0107e anga\u017eirane udruge i organizacije koje predstave najbolje i najadekvatnije mjere i opcije za privremeno rje\u0161enje ovog problema.<\/p>\n\n\n\n<p>Izvor:pogled.ba<\/p>\n","protected":false},"excerpt":{"rendered":"<p>Gradsko vije\u0107e Livna zatra\u017eilo je od Vlade Hercegbosanske \u017eupanije (HB\u017d) mi\u0161ljenje o mogu\u0107im rje\u0161enjima za brigu o divljim konjima koji nastanjuju visoravan Kruzi iznad Livna. Kako je za Fenu kazala predsjednica Gradskog vije\u0107a Livna Hana Milak, na dana\u0161njoj tematskoj sjednici gradski vije\u0107nici su od \u017eupanijske vlade zatra\u017eili da se o\u010dituje koja opcija bi bila najoptimalnija [&hellip;]<\/p>\n","protected":false},"author":2,"featured_media":85485,"comment_status":"closed","ping_status":"closed","sticky":false,"template":"","format":"standard","meta":{"h5ap_radio_sources":[],"footnotes":""},"categories":[1],"tags":[],"class_list":["post-85484","post","type-post","status-publish","format-standard","has-post-thumbnail","hentry","category-bihiregija"],"yoast_head":"<!-- This site is optimized with the Yoast SEO plugin v27.5 - https:\/\/yoast.com\/product\/yoast-seo-wordpress\/ -->\n<title>Gradsko vije\u0107e Livna od Vlade HB\u017d-a tra\u017ei rje\u0161enje za brigu o divljim konjima - RADIO LJUBU\u0160KI<\/title>\n<meta name=\"robots\" content=\"index, follow, max-snippet:-1, max-image-preview:large, max-video-preview:-1\" \/>\n<link rel=\"canonical\" href=\"https:\/\/radioljubuski.ba\/index.php\/2021\/11\/05\/gradsko-vijece-livna-od-vlade-hbz-a-trazi-rjesenje-za-brigu-o-divljim-konjima\/\" \/>\n<meta property=\"og:locale\" content=\"hr_HR\" \/>\n<meta property=\"og:type\" content=\"article\" \/>\n<meta property=\"og:title\" content=\"Gradsko vije\u0107e Livna od Vlade HB\u017d-a tra\u017ei rje\u0161enje za brigu o divljim konjima - RADIO LJUBU\u0160KI\" \/>\n<meta property=\"og:description\" content=\"Gradsko vije\u0107e Livna zatra\u017eilo je od Vlade Hercegbosanske \u017eupanije (HB\u017d) mi\u0161ljenje o mogu\u0107im rje\u0161enjima za brigu o divljim konjima koji nastanjuju visoravan Kruzi iznad Livna. Kako je za Fenu kazala predsjednica Gradskog vije\u0107a Livna Hana Milak, na dana\u0161njoj tematskoj sjednici gradski vije\u0107nici su od \u017eupanijske vlade zatra\u017eili da se o\u010dituje koja opcija bi bila najoptimalnija [&hellip;]\" \/>\n<meta property=\"og:url\" content=\"https:\/\/radioljubuski.ba\/index.php\/2021\/11\/05\/gradsko-vijece-livna-od-vlade-hbz-a-trazi-rjesenje-za-brigu-o-divljim-konjima\/\" \/>\n<meta property=\"og:site_name\" content=\"RADIO LJUBU\u0160KI\" \/>\n<meta property=\"article:publisher\" content=\"https:\/\/www.facebook.com\/Radiio-Ljubuski-1490835324566332\" \/>\n<meta property=\"article:published_time\" content=\"2021-11-05T17:56:51+00:00\" \/>\n<meta property=\"article:modified_time\" content=\"2021-11-05T17:56:52+00:00\" \/>\n<meta property=\"og:image\" content=\"https:\/\/radioljubuski.ba\/wp-content\/uploads\/2021\/11\/3-2021-11-05-16-25-34-divlji_konji.jpg\" \/>\n\t<meta property=\"og:image:width\" content=\"1000\" \/>\n\t<meta property=\"og:image:height\" content=\"625\" \/>\n\t<meta property=\"og:image:type\" content=\"image\/jpeg\" \/>\n<meta name=\"author\" content=\"Radio Ljubu\u0161ki\" \/>\n<meta name=\"twitter:card\" content=\"summary_large_image\" \/>\n<meta name=\"twitter:creator\" content=\"@radioljubuski\" \/>\n<meta name=\"twitter:site\" content=\"@radioljubuski\" \/>\n<meta name=\"twitter:label1\" content=\"Napisao\/la\" \/>\n\t<meta name=\"twitter:data1\" content=\"Radio Ljubu\u0161ki\" \/>\n\t<meta name=\"twitter:label2\" content=\"Procijenjeno vrijeme \u010ditanja\" \/>\n\t<meta name=\"twitter:data2\" content=\"1 minuta\" \/>\n<script type=\"application\/ld+json\" class=\"yoast-schema-graph\">{\"@context\":\"https:\\\/\\\/schema.org\",\"@graph\":[{\"@type\":\"Article\",\"@id\":\"https:\\\/\\\/radioljubuski.ba\\\/index.php\\\/2021\\\/11\\\/05\\\/gradsko-vijece-livna-od-vlade-hbz-a-trazi-rjesenje-za-brigu-o-divljim-konjima\\\/#article\",\"isPartOf\":{\"@id\":\"https:\\\/\\\/radioljubuski.ba\\\/index.php\\\/2021\\\/11\\\/05\\\/gradsko-vijece-livna-od-vlade-hbz-a-trazi-rjesenje-za-brigu-o-divljim-konjima\\\/\"},\"author\":{\"name\":\"Radio Ljubu\u0161ki\",\"@id\":\"https:\\\/\\\/radioljubuski.ba\\\/#\\\/schema\\\/person\\\/19fc700381a780f69665d7956c469e3b\"},\"headline\":\"Gradsko vije\u0107e Livna od Vlade HB\u017d-a tra\u017ei rje\u0161enje za brigu o divljim konjima\",\"datePublished\":\"2021-11-05T17:56:51+00:00\",\"dateModified\":\"2021-11-05T17:56:52+00:00\",\"mainEntityOfPage\":{\"@id\":\"https:\\\/\\\/radioljubuski.ba\\\/index.php\\\/2021\\\/11\\\/05\\\/gradsko-vijece-livna-od-vlade-hbz-a-trazi-rjesenje-za-brigu-o-divljim-konjima\\\/\"},\"wordCount\":201,\"publisher\":{\"@id\":\"https:\\\/\\\/radioljubuski.ba\\\/#organization\"},\"image\":{\"@id\":\"https:\\\/\\\/radioljubuski.ba\\\/index.php\\\/2021\\\/11\\\/05\\\/gradsko-vijece-livna-od-vlade-hbz-a-trazi-rjesenje-za-brigu-o-divljim-konjima\\\/#primaryimage\"},\"thumbnailUrl\":\"https:\\\/\\\/radioljubuski.ba\\\/wp-content\\\/uploads\\\/2021\\\/11\\\/3-2021-11-05-16-25-34-divlji_konji.jpg\",\"articleSection\":[\"BIH i regija\"],\"inLanguage\":\"hr\"},{\"@type\":\"WebPage\",\"@id\":\"https:\\\/\\\/radioljubuski.ba\\\/index.php\\\/2021\\\/11\\\/05\\\/gradsko-vijece-livna-od-vlade-hbz-a-trazi-rjesenje-za-brigu-o-divljim-konjima\\\/\",\"url\":\"https:\\\/\\\/radioljubuski.ba\\\/index.php\\\/2021\\\/11\\\/05\\\/gradsko-vijece-livna-od-vlade-hbz-a-trazi-rjesenje-za-brigu-o-divljim-konjima\\\/\",\"name\":\"Gradsko vije\u0107e Livna od Vlade HB\u017d-a tra\u017ei rje\u0161enje za brigu o divljim konjima - RADIO LJUBU\u0160KI\",\"isPartOf\":{\"@id\":\"https:\\\/\\\/radioljubuski.ba\\\/#website\"},\"primaryImageOfPage\":{\"@id\":\"https:\\\/\\\/radioljubuski.ba\\\/index.php\\\/2021\\\/11\\\/05\\\/gradsko-vijece-livna-od-vlade-hbz-a-trazi-rjesenje-za-brigu-o-divljim-konjima\\\/#primaryimage\"},\"image\":{\"@id\":\"https:\\\/\\\/radioljubuski.ba\\\/index.php\\\/2021\\\/11\\\/05\\\/gradsko-vijece-livna-od-vlade-hbz-a-trazi-rjesenje-za-brigu-o-divljim-konjima\\\/#primaryimage\"},\"thumbnailUrl\":\"https:\\\/\\\/radioljubuski.ba\\\/wp-content\\\/uploads\\\/2021\\\/11\\\/3-2021-11-05-16-25-34-divlji_konji.jpg\",\"datePublished\":\"2021-11-05T17:56:51+00:00\",\"dateModified\":\"2021-11-05T17:56:52+00:00\",\"breadcrumb\":{\"@id\":\"https:\\\/\\\/radioljubuski.ba\\\/index.php\\\/2021\\\/11\\\/05\\\/gradsko-vijece-livna-od-vlade-hbz-a-trazi-rjesenje-za-brigu-o-divljim-konjima\\\/#breadcrumb\"},\"inLanguage\":\"hr\",\"potentialAction\":[{\"@type\":\"ReadAction\",\"target\":[\"https:\\\/\\\/radioljubuski.ba\\\/index.php\\\/2021\\\/11\\\/05\\\/gradsko-vijece-livna-od-vlade-hbz-a-trazi-rjesenje-za-brigu-o-divljim-konjima\\\/\"]}]},{\"@type\":\"ImageObject\",\"inLanguage\":\"hr\",\"@id\":\"https:\\\/\\\/radioljubuski.ba\\\/index.php\\\/2021\\\/11\\\/05\\\/gradsko-vijece-livna-od-vlade-hbz-a-trazi-rjesenje-za-brigu-o-divljim-konjima\\\/#primaryimage\",\"url\":\"https:\\\/\\\/radioljubuski.ba\\\/wp-content\\\/uploads\\\/2021\\\/11\\\/3-2021-11-05-16-25-34-divlji_konji.jpg\",\"contentUrl\":\"https:\\\/\\\/radioljubuski.ba\\\/wp-content\\\/uploads\\\/2021\\\/11\\\/3-2021-11-05-16-25-34-divlji_konji.jpg\",\"width\":1000,\"height\":625},{\"@type\":\"BreadcrumbList\",\"@id\":\"https:\\\/\\\/radioljubuski.ba\\\/index.php\\\/2021\\\/11\\\/05\\\/gradsko-vijece-livna-od-vlade-hbz-a-trazi-rjesenje-za-brigu-o-divljim-konjima\\\/#breadcrumb\",\"itemListElement\":[{\"@type\":\"ListItem\",\"position\":1,\"name\":\"Po\u010detna stranica\",\"item\":\"https:\\\/\\\/radioljubuski.ba\\\/\"},{\"@type\":\"ListItem\",\"position\":2,\"name\":\"Gradsko vije\u0107e Livna od Vlade HB\u017d-a tra\u017ei rje\u0161enje za brigu o divljim konjima\"}]},{\"@type\":\"WebSite\",\"@id\":\"https:\\\/\\\/radioljubuski.ba\\\/#website\",\"url\":\"https:\\\/\\\/radioljubuski.ba\\\/\",\"name\":\"Radio Ljubu\u0161ki\",\"description\":\"Sun\u010dana frekvencija Hercegovine\",\"publisher\":{\"@id\":\"https:\\\/\\\/radioljubuski.ba\\\/#organization\"},\"potentialAction\":[{\"@type\":\"SearchAction\",\"target\":{\"@type\":\"EntryPoint\",\"urlTemplate\":\"https:\\\/\\\/radioljubuski.ba\\\/?s={search_term_string}\"},\"query-input\":{\"@type\":\"PropertyValueSpecification\",\"valueRequired\":true,\"valueName\":\"search_term_string\"}}],\"inLanguage\":\"hr\"},{\"@type\":\"Organization\",\"@id\":\"https:\\\/\\\/radioljubuski.ba\\\/#organization\",\"name\":\"Radio Ljubu\u0161ki\",\"url\":\"https:\\\/\\\/radioljubuski.ba\\\/\",\"logo\":{\"@type\":\"ImageObject\",\"inLanguage\":\"hr\",\"@id\":\"https:\\\/\\\/radioljubuski.ba\\\/#\\\/schema\\\/logo\\\/image\\\/\",\"url\":\"https:\\\/\\\/radioljubuski.ba\\\/wp-content\\\/uploads\\\/2021\\\/02\\\/cropped-Radio_Ljubuski_logo1.jpg\",\"contentUrl\":\"https:\\\/\\\/radioljubuski.ba\\\/wp-content\\\/uploads\\\/2021\\\/02\\\/cropped-Radio_Ljubuski_logo1.jpg\",\"width\":512,\"height\":512,\"caption\":\"Radio Ljubu\u0161ki\"},\"image\":{\"@id\":\"https:\\\/\\\/radioljubuski.ba\\\/#\\\/schema\\\/logo\\\/image\\\/\"},\"sameAs\":[\"https:\\\/\\\/www.facebook.com\\\/Radiio-Ljubuski-1490835324566332\",\"https:\\\/\\\/x.com\\\/radioljubuski\",\"https:\\\/\\\/hr.linkedin.com\\\/company\\\/radio-ljubuski\",\"https:\\\/\\\/www.youtube.com\\\/channel\\\/UCHYaeO_n0Db3tjNGudGpXyw\"]},{\"@type\":\"Person\",\"@id\":\"https:\\\/\\\/radioljubuski.ba\\\/#\\\/schema\\\/person\\\/19fc700381a780f69665d7956c469e3b\",\"name\":\"Radio Ljubu\u0161ki\"}]}<\/script>\n<!-- \/ Yoast SEO plugin. -->","yoast_head_json":{"title":"Gradsko vije\u0107e Livna od Vlade HB\u017d-a tra\u017ei rje\u0161enje za brigu o divljim konjima - RADIO LJUBU\u0160KI","robots":{"index":"index","follow":"follow","max-snippet":"max-snippet:-1","max-image-preview":"max-image-preview:large","max-video-preview":"max-video-preview:-1"},"canonical":"https:\/\/radioljubuski.ba\/index.php\/2021\/11\/05\/gradsko-vijece-livna-od-vlade-hbz-a-trazi-rjesenje-za-brigu-o-divljim-konjima\/","og_locale":"hr_HR","og_type":"article","og_title":"Gradsko vije\u0107e Livna od Vlade HB\u017d-a tra\u017ei rje\u0161enje za brigu o divljim konjima - RADIO LJUBU\u0160KI","og_description":"Gradsko vije\u0107e Livna zatra\u017eilo je od Vlade Hercegbosanske \u017eupanije (HB\u017d) mi\u0161ljenje o mogu\u0107im rje\u0161enjima za brigu o divljim konjima koji nastanjuju visoravan Kruzi iznad Livna. Kako je za Fenu kazala predsjednica Gradskog vije\u0107a Livna Hana Milak, na dana\u0161njoj tematskoj sjednici gradski vije\u0107nici su od \u017eupanijske vlade zatra\u017eili da se o\u010dituje koja opcija bi bila najoptimalnija [&hellip;]","og_url":"https:\/\/radioljubuski.ba\/index.php\/2021\/11\/05\/gradsko-vijece-livna-od-vlade-hbz-a-trazi-rjesenje-za-brigu-o-divljim-konjima\/","og_site_name":"RADIO LJUBU\u0160KI","article_publisher":"https:\/\/www.facebook.com\/Radiio-Ljubuski-1490835324566332","article_published_time":"2021-11-05T17:56:51+00:00","article_modified_time":"2021-11-05T17:56:52+00:00","og_image":[{"width":1000,"height":625,"url":"https:\/\/radioljubuski.ba\/wp-content\/uploads\/2021\/11\/3-2021-11-05-16-25-34-divlji_konji.jpg","type":"image\/jpeg"}],"author":"Radio Ljubu\u0161ki","twitter_card":"summary_large_image","twitter_creator":"@radioljubuski","twitter_site":"@radioljubuski","twitter_misc":{"Napisao\/la":"Radio Ljubu\u0161ki","Procijenjeno vrijeme \u010ditanja":"1 minuta"},"schema":{"@context":"https:\/\/schema.org","@graph":[{"@type":"Article","@id":"https:\/\/radioljubuski.ba\/index.php\/2021\/11\/05\/gradsko-vijece-livna-od-vlade-hbz-a-trazi-rjesenje-za-brigu-o-divljim-konjima\/#article","isPartOf":{"@id":"https:\/\/radioljubuski.ba\/index.php\/2021\/11\/05\/gradsko-vijece-livna-od-vlade-hbz-a-trazi-rjesenje-za-brigu-o-divljim-konjima\/"},"author":{"name":"Radio Ljubu\u0161ki","@id":"https:\/\/radioljubuski.ba\/#\/schema\/person\/19fc700381a780f69665d7956c469e3b"},"headline":"Gradsko vije\u0107e Livna od Vlade HB\u017d-a tra\u017ei rje\u0161enje za brigu o divljim konjima","datePublished":"2021-11-05T17:56:51+00:00","dateModified":"2021-11-05T17:56:52+00:00","mainEntityOfPage":{"@id":"https:\/\/radioljubuski.ba\/index.php\/2021\/11\/05\/gradsko-vijece-livna-od-vlade-hbz-a-trazi-rjesenje-za-brigu-o-divljim-konjima\/"},"wordCount":201,"publisher":{"@id":"https:\/\/radioljubuski.ba\/#organization"},"image":{"@id":"https:\/\/radioljubuski.ba\/index.php\/2021\/11\/05\/gradsko-vijece-livna-od-vlade-hbz-a-trazi-rjesenje-za-brigu-o-divljim-konjima\/#primaryimage"},"thumbnailUrl":"https:\/\/radioljubuski.ba\/wp-content\/uploads\/2021\/11\/3-2021-11-05-16-25-34-divlji_konji.jpg","articleSection":["BIH i regija"],"inLanguage":"hr"},{"@type":"WebPage","@id":"https:\/\/radioljubuski.ba\/index.php\/2021\/11\/05\/gradsko-vijece-livna-od-vlade-hbz-a-trazi-rjesenje-za-brigu-o-divljim-konjima\/","url":"https:\/\/radioljubuski.ba\/index.php\/2021\/11\/05\/gradsko-vijece-livna-od-vlade-hbz-a-trazi-rjesenje-za-brigu-o-divljim-konjima\/","name":"Gradsko vije\u0107e Livna od Vlade HB\u017d-a tra\u017ei rje\u0161enje za brigu o divljim konjima - RADIO LJUBU\u0160KI","isPartOf":{"@id":"https:\/\/radioljubuski.ba\/#website"},"primaryImageOfPage":{"@id":"https:\/\/radioljubuski.ba\/index.php\/2021\/11\/05\/gradsko-vijece-livna-od-vlade-hbz-a-trazi-rjesenje-za-brigu-o-divljim-konjima\/#primaryimage"},"image":{"@id":"https:\/\/radioljubuski.ba\/index.php\/2021\/11\/05\/gradsko-vijece-livna-od-vlade-hbz-a-trazi-rjesenje-za-brigu-o-divljim-konjima\/#primaryimage"},"thumbnailUrl":"https:\/\/radioljubuski.ba\/wp-content\/uploads\/2021\/11\/3-2021-11-05-16-25-34-divlji_konji.jpg","datePublished":"2021-11-05T17:56:51+00:00","dateModified":"2021-11-05T17:56:52+00:00","breadcrumb":{"@id":"https:\/\/radioljubuski.ba\/index.php\/2021\/11\/05\/gradsko-vijece-livna-od-vlade-hbz-a-trazi-rjesenje-za-brigu-o-divljim-konjima\/#breadcrumb"},"inLanguage":"hr","potentialAction":[{"@type":"ReadAction","target":["https:\/\/radioljubuski.ba\/index.php\/2021\/11\/05\/gradsko-vijece-livna-od-vlade-hbz-a-trazi-rjesenje-za-brigu-o-divljim-konjima\/"]}]},{"@type":"ImageObject","inLanguage":"hr","@id":"https:\/\/radioljubuski.ba\/index.php\/2021\/11\/05\/gradsko-vijece-livna-od-vlade-hbz-a-trazi-rjesenje-za-brigu-o-divljim-konjima\/#primaryimage","url":"https:\/\/radioljubuski.ba\/wp-content\/uploads\/2021\/11\/3-2021-11-05-16-25-34-divlji_konji.jpg","contentUrl":"https:\/\/radioljubuski.ba\/wp-content\/uploads\/2021\/11\/3-2021-11-05-16-25-34-divlji_konji.jpg","width":1000,"height":625},{"@type":"BreadcrumbList","@id":"https:\/\/radioljubuski.ba\/index.php\/2021\/11\/05\/gradsko-vijece-livna-od-vlade-hbz-a-trazi-rjesenje-za-brigu-o-divljim-konjima\/#breadcrumb","itemListElement":[{"@type":"ListItem","position":1,"name":"Po\u010detna stranica","item":"https:\/\/radioljubuski.ba\/"},{"@type":"ListItem","position":2,"name":"Gradsko vije\u0107e Livna od Vlade HB\u017d-a tra\u017ei rje\u0161enje za brigu o divljim konjima"}]},{"@type":"WebSite","@id":"https:\/\/radioljubuski.ba\/#website","url":"https:\/\/radioljubuski.ba\/","name":"Radio Ljubu\u0161ki","description":"Sun\u010dana frekvencija Hercegovine","publisher":{"@id":"https:\/\/radioljubuski.ba\/#organization"},"potentialAction":[{"@type":"SearchAction","target":{"@type":"EntryPoint","urlTemplate":"https:\/\/radioljubuski.ba\/?s={search_term_string}"},"query-input":{"@type":"PropertyValueSpecification","valueRequired":true,"valueName":"search_term_string"}}],"inLanguage":"hr"},{"@type":"Organization","@id":"https:\/\/radioljubuski.ba\/#organization","name":"Radio Ljubu\u0161ki","url":"https:\/\/radioljubuski.ba\/","logo":{"@type":"ImageObject","inLanguage":"hr","@id":"https:\/\/radioljubuski.ba\/#\/schema\/logo\/image\/","url":"https:\/\/radioljubuski.ba\/wp-content\/uploads\/2021\/02\/cropped-Radio_Ljubuski_logo1.jpg","contentUrl":"https:\/\/radioljubuski.ba\/wp-content\/uploads\/2021\/02\/cropped-Radio_Ljubuski_logo1.jpg","width":512,"height":512,"caption":"Radio Ljubu\u0161ki"},"image":{"@id":"https:\/\/radioljubuski.ba\/#\/schema\/logo\/image\/"},"sameAs":["https:\/\/www.facebook.com\/Radiio-Ljubuski-1490835324566332","https:\/\/x.com\/radioljubuski","https:\/\/hr.linkedin.com\/company\/radio-ljubuski","https:\/\/www.youtube.com\/channel\/UCHYaeO_n0Db3tjNGudGpXyw"]},{"@type":"Person","@id":"https:\/\/radioljubuski.ba\/#\/schema\/person\/19fc700381a780f69665d7956c469e3b","name":"Radio Ljubu\u0161ki"}]}},"_links":{"self":[{"href":"https:\/\/radioljubuski.ba\/index.php\/wp-json\/wp\/v2\/posts\/85484","targetHints":{"allow":["GET"]}}],"collection":[{"href":"https:\/\/radioljubuski.ba\/index.php\/wp-json\/wp\/v2\/posts"}],"about":[{"href":"https:\/\/radioljubuski.ba\/index.php\/wp-json\/wp\/v2\/types\/post"}],"author":[{"embeddable":true,"href":"https:\/\/radioljubuski.ba\/index.php\/wp-json\/wp\/v2\/users\/2"}],"replies":[{"embeddable":true,"href":"https:\/\/radioljubuski.ba\/index.php\/wp-json\/wp\/v2\/comments?post=85484"}],"version-history":[{"count":1,"href":"https:\/\/radioljubuski.ba\/index.php\/wp-json\/wp\/v2\/posts\/85484\/revisions"}],"predecessor-version":[{"id":85486,"href":"https:\/\/radioljubuski.ba\/index.php\/wp-json\/wp\/v2\/posts\/85484\/revisions\/85486"}],"wp:featuredmedia":[{"embeddable":true,"href":"https:\/\/radioljubuski.ba\/index.php\/wp-json\/wp\/v2\/media\/85485"}],"wp:attachment":[{"href":"https:\/\/radioljubuski.ba\/index.php\/wp-json\/wp\/v2\/media?parent=85484"}],"wp:term":[{"taxonomy":"category","embeddable":true,"href":"https:\/\/radioljubuski.ba\/index.php\/wp-json\/wp\/v2\/categories?post=85484"},{"taxonomy":"post_tag","embeddable":true,"href":"https:\/\/radioljubuski.ba\/index.php\/wp-json\/wp\/v2\/tags?post=85484"}],"curies":[{"name":"wp","href":"https:\/\/api.w.org\/{rel}","templated":true}]}}