{"id":85495,"date":"2021-11-05T19:33:10","date_gmt":"2021-11-05T18:33:10","guid":{"rendered":"https:\/\/radioljubuski.ba\/?p=85495"},"modified":"2021-11-05T19:33:10","modified_gmt":"2021-11-05T18:33:10","slug":"papa-putuje-na-cipar-i-u-grcku-svi-smo-mi-migranti","status":"publish","type":"post","link":"https:\/\/radioljubuski.ba\/index.php\/2021\/11\/05\/papa-putuje-na-cipar-i-u-grcku-svi-smo-mi-migranti\/","title":{"rendered":"Papa putuje na Cipar i u Gr\u010dku: Svi smo mi migranti!"},"content":{"rendered":"\n<p>apa Franjo \u0107e posjetiti mediteranski otok Cipar a potom otputovati u Gr\u010dku, od 2. do 6. prosinca, priop\u0107ila je u petak Sveta Stolica.<\/p>\n\n\n\n<p>Ovo apostolsko putovanje, 35. Papino putovanje u inozemstvo od njegova izbora 2013., obilje\u017eit \u0107e povratak na gr\u010dki otok Lezbos, simbol krize u prihvatu izbjeglica, koji je ve\u0107 posjetio 2016.<\/p>\n\n\n\n<p>\u201cSveti Otac putuje na Cipar od 2. do 4. prosinca, gdje \u0107e posjetiti Nikoziju, i u Gr\u010dku, od 4. do 6. prosinca, gdje \u0107e boraviti u Ateni i na Lezbosu\u201d, rekao je u priop\u0107enju ravnatelj Tiskovnog ureda Svete Stolice Matteo Bruni.<\/p>\n\n\n\n<p>Papa ro\u0111en u Argentini, koji \u0107e u prosincu navr\u0161iti 85 godina, u srpnju je imao operaciju debelog crijeva i lani je smanjio broj putovanja zbog pandemije covida-19.<\/p>\n\n\n\n<p>Ove godine je boravio u povijesnom posjetu Iraku, a u rujnu je bio u Slova\u010dkoj i u Budimpe\u0161ti, u Ma\u0111arskoj.<\/p>\n\n\n\n<p>Sredinom listopada vatikansko izaslanstvo je posjetilo migrantski kamp Mavrovouni na Lezbosu radi planiranja Papina putovanja.<\/p>\n\n\n\n<p>Zauzimaju\u0107i se za prihvat izbjeglica bez obzira na vjeru i na status izbjeglice ili ekonomskog migranta, papa Franjo je u travnju 2016. uzbunio duhove na Lezbosu, glavnom mjestu ulaska migranata u Europu, gdje je u kampu Moriji nagurano vi\u0161e od 3000 ljudi u lo\u0161im i neljudskim uvjetima.<\/p>\n\n\n\n<p>\u201cSvi smo mi migranti!\u201d, rekao je tada, vode\u0107i sa sobom u zrakoplov kojim se vra\u0107ao u Rim tri sirijske muslimanske obitelji koje su u bombardiranju ostale bez doma.<\/p>\n\n\n\n<p>U razgovoru za argentinsku novinsku agenciju Telam u listopadu Papa je rekao da \u0107e u 2022. prvi put posjetiti Oceaniju, ali nije rekao koju zemlju. Usto je spomenuo putovanja u Papuu Novu Gvineju i u Isto\u010dni Timor, koja su bila planirana u 2020, ali ih je morao odgoditi.<\/p>\n\n\n\n<p>Izvor:p\u0161ogled.ba<\/p>\n","protected":false},"excerpt":{"rendered":"<p>apa Franjo \u0107e posjetiti mediteranski otok Cipar a potom otputovati u Gr\u010dku, od 2. do 6. prosinca, priop\u0107ila je u petak Sveta Stolica. Ovo apostolsko putovanje, 35. Papino putovanje u inozemstvo od njegova izbora 2013., obilje\u017eit \u0107e povratak na gr\u010dki otok Lezbos, simbol krize u prihvatu izbjeglica, koji je ve\u0107 posjetio 2016. \u201cSveti Otac putuje [&hellip;]<\/p>\n","protected":false},"author":2,"featured_media":22206,"comment_status":"closed","ping_status":"closed","sticky":false,"template":"","format":"standard","meta":{"h5ap_radio_sources":[],"footnotes":""},"categories":[1],"tags":[],"class_list":["post-85495","post","type-post","status-publish","format-standard","has-post-thumbnail","hentry","category-bihiregija"],"yoast_head":"<!-- This site is optimized with the Yoast SEO plugin v27.5 - https:\/\/yoast.com\/product\/yoast-seo-wordpress\/ -->\n<title>Papa putuje na Cipar i u Gr\u010dku: Svi smo mi migranti! - RADIO LJUBU\u0160KI<\/title>\n<meta name=\"robots\" content=\"index, follow, max-snippet:-1, max-image-preview:large, max-video-preview:-1\" \/>\n<link rel=\"canonical\" href=\"https:\/\/radioljubuski.ba\/index.php\/2021\/11\/05\/papa-putuje-na-cipar-i-u-grcku-svi-smo-mi-migranti\/\" \/>\n<meta property=\"og:locale\" content=\"hr_HR\" \/>\n<meta property=\"og:type\" content=\"article\" \/>\n<meta property=\"og:title\" content=\"Papa putuje na Cipar i u Gr\u010dku: Svi smo mi migranti! - RADIO LJUBU\u0160KI\" \/>\n<meta property=\"og:description\" content=\"apa Franjo \u0107e posjetiti mediteranski otok Cipar a potom otputovati u Gr\u010dku, od 2. do 6. prosinca, priop\u0107ila je u petak Sveta Stolica. Ovo apostolsko putovanje, 35. Papino putovanje u inozemstvo od njegova izbora 2013., obilje\u017eit \u0107e povratak na gr\u010dki otok Lezbos, simbol krize u prihvatu izbjeglica, koji je ve\u0107 posjetio 2016. \u201cSveti Otac putuje [&hellip;]\" \/>\n<meta property=\"og:url\" content=\"https:\/\/radioljubuski.ba\/index.php\/2021\/11\/05\/papa-putuje-na-cipar-i-u-grcku-svi-smo-mi-migranti\/\" \/>\n<meta property=\"og:site_name\" content=\"RADIO LJUBU\u0160KI\" \/>\n<meta property=\"article:publisher\" content=\"https:\/\/www.facebook.com\/Radiio-Ljubuski-1490835324566332\" \/>\n<meta property=\"article:published_time\" content=\"2021-11-05T18:33:10+00:00\" \/>\n<meta property=\"og:image\" content=\"https:\/\/radioljubuski.ba\/wp-content\/uploads\/2021\/05\/papa_franjo.jpg\" \/>\n\t<meta property=\"og:image:width\" content=\"1200\" \/>\n\t<meta property=\"og:image:height\" content=\"800\" \/>\n\t<meta property=\"og:image:type\" content=\"image\/jpeg\" \/>\n<meta name=\"author\" content=\"Radio Ljubu\u0161ki\" \/>\n<meta name=\"twitter:card\" content=\"summary_large_image\" \/>\n<meta name=\"twitter:creator\" content=\"@radioljubuski\" \/>\n<meta name=\"twitter:site\" content=\"@radioljubuski\" \/>\n<meta name=\"twitter:label1\" content=\"Napisao\/la\" \/>\n\t<meta name=\"twitter:data1\" content=\"Radio Ljubu\u0161ki\" \/>\n\t<meta name=\"twitter:label2\" content=\"Procijenjeno vrijeme \u010ditanja\" \/>\n\t<meta name=\"twitter:data2\" content=\"2 minute\" \/>\n<script type=\"application\/ld+json\" class=\"yoast-schema-graph\">{\"@context\":\"https:\\\/\\\/schema.org\",\"@graph\":[{\"@type\":\"Article\",\"@id\":\"https:\\\/\\\/radioljubuski.ba\\\/index.php\\\/2021\\\/11\\\/05\\\/papa-putuje-na-cipar-i-u-grcku-svi-smo-mi-migranti\\\/#article\",\"isPartOf\":{\"@id\":\"https:\\\/\\\/radioljubuski.ba\\\/index.php\\\/2021\\\/11\\\/05\\\/papa-putuje-na-cipar-i-u-grcku-svi-smo-mi-migranti\\\/\"},\"author\":{\"name\":\"Radio Ljubu\u0161ki\",\"@id\":\"https:\\\/\\\/radioljubuski.ba\\\/#\\\/schema\\\/person\\\/19fc700381a780f69665d7956c469e3b\"},\"headline\":\"Papa putuje na Cipar i u Gr\u010dku: Svi smo mi migranti!\",\"datePublished\":\"2021-11-05T18:33:10+00:00\",\"mainEntityOfPage\":{\"@id\":\"https:\\\/\\\/radioljubuski.ba\\\/index.php\\\/2021\\\/11\\\/05\\\/papa-putuje-na-cipar-i-u-grcku-svi-smo-mi-migranti\\\/\"},\"wordCount\":297,\"publisher\":{\"@id\":\"https:\\\/\\\/radioljubuski.ba\\\/#organization\"},\"image\":{\"@id\":\"https:\\\/\\\/radioljubuski.ba\\\/index.php\\\/2021\\\/11\\\/05\\\/papa-putuje-na-cipar-i-u-grcku-svi-smo-mi-migranti\\\/#primaryimage\"},\"thumbnailUrl\":\"https:\\\/\\\/radioljubuski.ba\\\/wp-content\\\/uploads\\\/2021\\\/05\\\/papa_franjo.jpg\",\"articleSection\":[\"BIH i regija\"],\"inLanguage\":\"hr\"},{\"@type\":\"WebPage\",\"@id\":\"https:\\\/\\\/radioljubuski.ba\\\/index.php\\\/2021\\\/11\\\/05\\\/papa-putuje-na-cipar-i-u-grcku-svi-smo-mi-migranti\\\/\",\"url\":\"https:\\\/\\\/radioljubuski.ba\\\/index.php\\\/2021\\\/11\\\/05\\\/papa-putuje-na-cipar-i-u-grcku-svi-smo-mi-migranti\\\/\",\"name\":\"Papa putuje na Cipar i u Gr\u010dku: Svi smo mi migranti! - RADIO LJUBU\u0160KI\",\"isPartOf\":{\"@id\":\"https:\\\/\\\/radioljubuski.ba\\\/#website\"},\"primaryImageOfPage\":{\"@id\":\"https:\\\/\\\/radioljubuski.ba\\\/index.php\\\/2021\\\/11\\\/05\\\/papa-putuje-na-cipar-i-u-grcku-svi-smo-mi-migranti\\\/#primaryimage\"},\"image\":{\"@id\":\"https:\\\/\\\/radioljubuski.ba\\\/index.php\\\/2021\\\/11\\\/05\\\/papa-putuje-na-cipar-i-u-grcku-svi-smo-mi-migranti\\\/#primaryimage\"},\"thumbnailUrl\":\"https:\\\/\\\/radioljubuski.ba\\\/wp-content\\\/uploads\\\/2021\\\/05\\\/papa_franjo.jpg\",\"datePublished\":\"2021-11-05T18:33:10+00:00\",\"breadcrumb\":{\"@id\":\"https:\\\/\\\/radioljubuski.ba\\\/index.php\\\/2021\\\/11\\\/05\\\/papa-putuje-na-cipar-i-u-grcku-svi-smo-mi-migranti\\\/#breadcrumb\"},\"inLanguage\":\"hr\",\"potentialAction\":[{\"@type\":\"ReadAction\",\"target\":[\"https:\\\/\\\/radioljubuski.ba\\\/index.php\\\/2021\\\/11\\\/05\\\/papa-putuje-na-cipar-i-u-grcku-svi-smo-mi-migranti\\\/\"]}]},{\"@type\":\"ImageObject\",\"inLanguage\":\"hr\",\"@id\":\"https:\\\/\\\/radioljubuski.ba\\\/index.php\\\/2021\\\/11\\\/05\\\/papa-putuje-na-cipar-i-u-grcku-svi-smo-mi-migranti\\\/#primaryimage\",\"url\":\"https:\\\/\\\/radioljubuski.ba\\\/wp-content\\\/uploads\\\/2021\\\/05\\\/papa_franjo.jpg\",\"contentUrl\":\"https:\\\/\\\/radioljubuski.ba\\\/wp-content\\\/uploads\\\/2021\\\/05\\\/papa_franjo.jpg\",\"width\":1200,\"height\":800},{\"@type\":\"BreadcrumbList\",\"@id\":\"https:\\\/\\\/radioljubuski.ba\\\/index.php\\\/2021\\\/11\\\/05\\\/papa-putuje-na-cipar-i-u-grcku-svi-smo-mi-migranti\\\/#breadcrumb\",\"itemListElement\":[{\"@type\":\"ListItem\",\"position\":1,\"name\":\"Po\u010detna stranica\",\"item\":\"https:\\\/\\\/radioljubuski.ba\\\/\"},{\"@type\":\"ListItem\",\"position\":2,\"name\":\"Papa putuje na Cipar i u Gr\u010dku: Svi smo mi migranti!\"}]},{\"@type\":\"WebSite\",\"@id\":\"https:\\\/\\\/radioljubuski.ba\\\/#website\",\"url\":\"https:\\\/\\\/radioljubuski.ba\\\/\",\"name\":\"Radio Ljubu\u0161ki\",\"description\":\"Sun\u010dana frekvencija Hercegovine\",\"publisher\":{\"@id\":\"https:\\\/\\\/radioljubuski.ba\\\/#organization\"},\"potentialAction\":[{\"@type\":\"SearchAction\",\"target\":{\"@type\":\"EntryPoint\",\"urlTemplate\":\"https:\\\/\\\/radioljubuski.ba\\\/?s={search_term_string}\"},\"query-input\":{\"@type\":\"PropertyValueSpecification\",\"valueRequired\":true,\"valueName\":\"search_term_string\"}}],\"inLanguage\":\"hr\"},{\"@type\":\"Organization\",\"@id\":\"https:\\\/\\\/radioljubuski.ba\\\/#organization\",\"name\":\"Radio Ljubu\u0161ki\",\"url\":\"https:\\\/\\\/radioljubuski.ba\\\/\",\"logo\":{\"@type\":\"ImageObject\",\"inLanguage\":\"hr\",\"@id\":\"https:\\\/\\\/radioljubuski.ba\\\/#\\\/schema\\\/logo\\\/image\\\/\",\"url\":\"https:\\\/\\\/radioljubuski.ba\\\/wp-content\\\/uploads\\\/2021\\\/02\\\/cropped-Radio_Ljubuski_logo1.jpg\",\"contentUrl\":\"https:\\\/\\\/radioljubuski.ba\\\/wp-content\\\/uploads\\\/2021\\\/02\\\/cropped-Radio_Ljubuski_logo1.jpg\",\"width\":512,\"height\":512,\"caption\":\"Radio Ljubu\u0161ki\"},\"image\":{\"@id\":\"https:\\\/\\\/radioljubuski.ba\\\/#\\\/schema\\\/logo\\\/image\\\/\"},\"sameAs\":[\"https:\\\/\\\/www.facebook.com\\\/Radiio-Ljubuski-1490835324566332\",\"https:\\\/\\\/x.com\\\/radioljubuski\",\"https:\\\/\\\/hr.linkedin.com\\\/company\\\/radio-ljubuski\",\"https:\\\/\\\/www.youtube.com\\\/channel\\\/UCHYaeO_n0Db3tjNGudGpXyw\"]},{\"@type\":\"Person\",\"@id\":\"https:\\\/\\\/radioljubuski.ba\\\/#\\\/schema\\\/person\\\/19fc700381a780f69665d7956c469e3b\",\"name\":\"Radio Ljubu\u0161ki\"}]}<\/script>\n<!-- \/ Yoast SEO plugin. -->","yoast_head_json":{"title":"Papa putuje na Cipar i u Gr\u010dku: Svi smo mi migranti! - RADIO LJUBU\u0160KI","robots":{"index":"index","follow":"follow","max-snippet":"max-snippet:-1","max-image-preview":"max-image-preview:large","max-video-preview":"max-video-preview:-1"},"canonical":"https:\/\/radioljubuski.ba\/index.php\/2021\/11\/05\/papa-putuje-na-cipar-i-u-grcku-svi-smo-mi-migranti\/","og_locale":"hr_HR","og_type":"article","og_title":"Papa putuje na Cipar i u Gr\u010dku: Svi smo mi migranti! - RADIO LJUBU\u0160KI","og_description":"apa Franjo \u0107e posjetiti mediteranski otok Cipar a potom otputovati u Gr\u010dku, od 2. do 6. prosinca, priop\u0107ila je u petak Sveta Stolica. Ovo apostolsko putovanje, 35. Papino putovanje u inozemstvo od njegova izbora 2013., obilje\u017eit \u0107e povratak na gr\u010dki otok Lezbos, simbol krize u prihvatu izbjeglica, koji je ve\u0107 posjetio 2016. \u201cSveti Otac putuje [&hellip;]","og_url":"https:\/\/radioljubuski.ba\/index.php\/2021\/11\/05\/papa-putuje-na-cipar-i-u-grcku-svi-smo-mi-migranti\/","og_site_name":"RADIO LJUBU\u0160KI","article_publisher":"https:\/\/www.facebook.com\/Radiio-Ljubuski-1490835324566332","article_published_time":"2021-11-05T18:33:10+00:00","og_image":[{"width":1200,"height":800,"url":"https:\/\/radioljubuski.ba\/wp-content\/uploads\/2021\/05\/papa_franjo.jpg","type":"image\/jpeg"}],"author":"Radio Ljubu\u0161ki","twitter_card":"summary_large_image","twitter_creator":"@radioljubuski","twitter_site":"@radioljubuski","twitter_misc":{"Napisao\/la":"Radio Ljubu\u0161ki","Procijenjeno vrijeme \u010ditanja":"2 minute"},"schema":{"@context":"https:\/\/schema.org","@graph":[{"@type":"Article","@id":"https:\/\/radioljubuski.ba\/index.php\/2021\/11\/05\/papa-putuje-na-cipar-i-u-grcku-svi-smo-mi-migranti\/#article","isPartOf":{"@id":"https:\/\/radioljubuski.ba\/index.php\/2021\/11\/05\/papa-putuje-na-cipar-i-u-grcku-svi-smo-mi-migranti\/"},"author":{"name":"Radio Ljubu\u0161ki","@id":"https:\/\/radioljubuski.ba\/#\/schema\/person\/19fc700381a780f69665d7956c469e3b"},"headline":"Papa putuje na Cipar i u Gr\u010dku: Svi smo mi migranti!","datePublished":"2021-11-05T18:33:10+00:00","mainEntityOfPage":{"@id":"https:\/\/radioljubuski.ba\/index.php\/2021\/11\/05\/papa-putuje-na-cipar-i-u-grcku-svi-smo-mi-migranti\/"},"wordCount":297,"publisher":{"@id":"https:\/\/radioljubuski.ba\/#organization"},"image":{"@id":"https:\/\/radioljubuski.ba\/index.php\/2021\/11\/05\/papa-putuje-na-cipar-i-u-grcku-svi-smo-mi-migranti\/#primaryimage"},"thumbnailUrl":"https:\/\/radioljubuski.ba\/wp-content\/uploads\/2021\/05\/papa_franjo.jpg","articleSection":["BIH i regija"],"inLanguage":"hr"},{"@type":"WebPage","@id":"https:\/\/radioljubuski.ba\/index.php\/2021\/11\/05\/papa-putuje-na-cipar-i-u-grcku-svi-smo-mi-migranti\/","url":"https:\/\/radioljubuski.ba\/index.php\/2021\/11\/05\/papa-putuje-na-cipar-i-u-grcku-svi-smo-mi-migranti\/","name":"Papa putuje na Cipar i u Gr\u010dku: Svi smo mi migranti! - RADIO LJUBU\u0160KI","isPartOf":{"@id":"https:\/\/radioljubuski.ba\/#website"},"primaryImageOfPage":{"@id":"https:\/\/radioljubuski.ba\/index.php\/2021\/11\/05\/papa-putuje-na-cipar-i-u-grcku-svi-smo-mi-migranti\/#primaryimage"},"image":{"@id":"https:\/\/radioljubuski.ba\/index.php\/2021\/11\/05\/papa-putuje-na-cipar-i-u-grcku-svi-smo-mi-migranti\/#primaryimage"},"thumbnailUrl":"https:\/\/radioljubuski.ba\/wp-content\/uploads\/2021\/05\/papa_franjo.jpg","datePublished":"2021-11-05T18:33:10+00:00","breadcrumb":{"@id":"https:\/\/radioljubuski.ba\/index.php\/2021\/11\/05\/papa-putuje-na-cipar-i-u-grcku-svi-smo-mi-migranti\/#breadcrumb"},"inLanguage":"hr","potentialAction":[{"@type":"ReadAction","target":["https:\/\/radioljubuski.ba\/index.php\/2021\/11\/05\/papa-putuje-na-cipar-i-u-grcku-svi-smo-mi-migranti\/"]}]},{"@type":"ImageObject","inLanguage":"hr","@id":"https:\/\/radioljubuski.ba\/index.php\/2021\/11\/05\/papa-putuje-na-cipar-i-u-grcku-svi-smo-mi-migranti\/#primaryimage","url":"https:\/\/radioljubuski.ba\/wp-content\/uploads\/2021\/05\/papa_franjo.jpg","contentUrl":"https:\/\/radioljubuski.ba\/wp-content\/uploads\/2021\/05\/papa_franjo.jpg","width":1200,"height":800},{"@type":"BreadcrumbList","@id":"https:\/\/radioljubuski.ba\/index.php\/2021\/11\/05\/papa-putuje-na-cipar-i-u-grcku-svi-smo-mi-migranti\/#breadcrumb","itemListElement":[{"@type":"ListItem","position":1,"name":"Po\u010detna stranica","item":"https:\/\/radioljubuski.ba\/"},{"@type":"ListItem","position":2,"name":"Papa putuje na Cipar i u Gr\u010dku: Svi smo mi migranti!"}]},{"@type":"WebSite","@id":"https:\/\/radioljubuski.ba\/#website","url":"https:\/\/radioljubuski.ba\/","name":"Radio Ljubu\u0161ki","description":"Sun\u010dana frekvencija Hercegovine","publisher":{"@id":"https:\/\/radioljubuski.ba\/#organization"},"potentialAction":[{"@type":"SearchAction","target":{"@type":"EntryPoint","urlTemplate":"https:\/\/radioljubuski.ba\/?s={search_term_string}"},"query-input":{"@type":"PropertyValueSpecification","valueRequired":true,"valueName":"search_term_string"}}],"inLanguage":"hr"},{"@type":"Organization","@id":"https:\/\/radioljubuski.ba\/#organization","name":"Radio Ljubu\u0161ki","url":"https:\/\/radioljubuski.ba\/","logo":{"@type":"ImageObject","inLanguage":"hr","@id":"https:\/\/radioljubuski.ba\/#\/schema\/logo\/image\/","url":"https:\/\/radioljubuski.ba\/wp-content\/uploads\/2021\/02\/cropped-Radio_Ljubuski_logo1.jpg","contentUrl":"https:\/\/radioljubuski.ba\/wp-content\/uploads\/2021\/02\/cropped-Radio_Ljubuski_logo1.jpg","width":512,"height":512,"caption":"Radio Ljubu\u0161ki"},"image":{"@id":"https:\/\/radioljubuski.ba\/#\/schema\/logo\/image\/"},"sameAs":["https:\/\/www.facebook.com\/Radiio-Ljubuski-1490835324566332","https:\/\/x.com\/radioljubuski","https:\/\/hr.linkedin.com\/company\/radio-ljubuski","https:\/\/www.youtube.com\/channel\/UCHYaeO_n0Db3tjNGudGpXyw"]},{"@type":"Person","@id":"https:\/\/radioljubuski.ba\/#\/schema\/person\/19fc700381a780f69665d7956c469e3b","name":"Radio Ljubu\u0161ki"}]}},"_links":{"self":[{"href":"https:\/\/radioljubuski.ba\/index.php\/wp-json\/wp\/v2\/posts\/85495","targetHints":{"allow":["GET"]}}],"collection":[{"href":"https:\/\/radioljubuski.ba\/index.php\/wp-json\/wp\/v2\/posts"}],"about":[{"href":"https:\/\/radioljubuski.ba\/index.php\/wp-json\/wp\/v2\/types\/post"}],"author":[{"embeddable":true,"href":"https:\/\/radioljubuski.ba\/index.php\/wp-json\/wp\/v2\/users\/2"}],"replies":[{"embeddable":true,"href":"https:\/\/radioljubuski.ba\/index.php\/wp-json\/wp\/v2\/comments?post=85495"}],"version-history":[{"count":1,"href":"https:\/\/radioljubuski.ba\/index.php\/wp-json\/wp\/v2\/posts\/85495\/revisions"}],"predecessor-version":[{"id":85496,"href":"https:\/\/radioljubuski.ba\/index.php\/wp-json\/wp\/v2\/posts\/85495\/revisions\/85496"}],"wp:featuredmedia":[{"embeddable":true,"href":"https:\/\/radioljubuski.ba\/index.php\/wp-json\/wp\/v2\/media\/22206"}],"wp:attachment":[{"href":"https:\/\/radioljubuski.ba\/index.php\/wp-json\/wp\/v2\/media?parent=85495"}],"wp:term":[{"taxonomy":"category","embeddable":true,"href":"https:\/\/radioljubuski.ba\/index.php\/wp-json\/wp\/v2\/categories?post=85495"},{"taxonomy":"post_tag","embeddable":true,"href":"https:\/\/radioljubuski.ba\/index.php\/wp-json\/wp\/v2\/tags?post=85495"}],"curies":[{"name":"wp","href":"https:\/\/api.w.org\/{rel}","templated":true}]}}