{"id":85497,"date":"2021-11-05T19:34:22","date_gmt":"2021-11-05T18:34:22","guid":{"rendered":"https:\/\/radioljubuski.ba\/?p=85497"},"modified":"2021-11-05T19:34:23","modified_gmt":"2021-11-05T18:34:23","slug":"tisuce-mladih-na-ulicama-glasgowa-ne-radi-se-o-njihovoj-buducnosti-vec-o-nasoj","status":"publish","type":"post","link":"https:\/\/radioljubuski.ba\/index.php\/2021\/11\/05\/tisuce-mladih-na-ulicama-glasgowa-ne-radi-se-o-njihovoj-buducnosti-vec-o-nasoj\/","title":{"rendered":"Tisu\u0107e mladih na ulicama Glasgowa: Ne radi se o njihovoj budu\u0107nosti, ve\u0107 o na\u0161oj"},"content":{"rendered":"\n<p>Na kraju prvog tjedna svjetske konferencije o klimi (COP26), tisu\u0107e mladih iza\u0161lo je u petak na ulice Glasgowa optu\u017euju\u0107i velesile da nisu ni\u0161ta u\u010dinile po pitanju klimatskih promjena koje prijete njihovoj i budu\u0107im generacijama.<\/p>\n\n\n\n<p>U glavnom gradu \u0160kotske najavljene su dvodnevne manifestacije kako bi se ukazalo na hitnost rje\u0161avanja problema vezanih uz klimu i razorne u\u010dinke diljem planeta zbog pove\u0107anja temperature uslijed emisija stakleni\u010dkih plinova uzrokovanih ljudskom aktivno\u0161\u0107u.<\/p>\n\n\n\n<p>\u201cNadam se da \u0107e ovaj dan promijeniti stvari. Nadam se da \u0107emo mo\u0107i zasaditi vi\u0161e drve\u0107a i imati vi\u0161e \u017eivotinja. Mislim da svaka osoba mo\u017ee dati neki doprinos\u201d, rekla je 9-godi\u0161nja Zara.<\/p>\n\n\n\n<p>Mladi \u0160koti propustili su danas \u0161kolu kako bi \u0161trajkali za klimu, a pridru\u017eili su im se i mladi prido\u0161li iz ostalih zemalja.<\/p>\n\n\n\n<p>Stanovnici su im davali podr\u0161ku s prozora i uzdu\u017e ulica grada uz transparente s natpisima: \u201cNema planeta B\u201d i \u201cAko ne sada, onda kada\u201d.<\/p>\n\n\n\n<p>\u0160esnaestogodi\u0161nja Beth Donaldson do\u0161la je na prosvjed s prijateljima kako bi zamjerila svjetskim \u010delnicima da stalno govore da \u0107e djelovati, ali da nikada ne zna koje \u0107e to akcije poduzeti.<\/p>\n\n\n\n<p>\u201cNe radi se tu o njihovoj budu\u0107nosti, ve\u0107 o na\u0161oj\u201d, rekla je Donaldson.<\/p>\n\n\n\n<p>U Glasgowu su na snazi velike mjere sigurnosti, a konferencija koja se odr\u017eava pod okriljem UN-a i na koju su stigla izaslanstva iz skoro 200 zemalja, traje do 12. &nbsp;studenoga.<\/p>\n\n\n\n<p>Izvor:pogled.ba<\/p>\n","protected":false},"excerpt":{"rendered":"<p>Na kraju prvog tjedna svjetske konferencije o klimi (COP26), tisu\u0107e mladih iza\u0161lo je u petak na ulice Glasgowa optu\u017euju\u0107i velesile da nisu ni\u0161ta u\u010dinile po pitanju klimatskih promjena koje prijete njihovoj i budu\u0107im generacijama. U glavnom gradu \u0160kotske najavljene su dvodnevne manifestacije kako bi se ukazalo na hitnost rje\u0161avanja problema vezanih uz klimu i razorne [&hellip;]<\/p>\n","protected":false},"author":2,"featured_media":85498,"comment_status":"closed","ping_status":"closed","sticky":false,"template":"","format":"standard","meta":{"h5ap_radio_sources":[],"footnotes":""},"categories":[1],"tags":[],"class_list":["post-85497","post","type-post","status-publish","format-standard","has-post-thumbnail","hentry","category-bihiregija"],"yoast_head":"<!-- This site is optimized with the Yoast SEO plugin v27.5 - https:\/\/yoast.com\/product\/yoast-seo-wordpress\/ -->\n<title>Tisu\u0107e mladih na ulicama Glasgowa: Ne radi se o njihovoj budu\u0107nosti, ve\u0107 o na\u0161oj - RADIO LJUBU\u0160KI<\/title>\n<meta name=\"robots\" content=\"index, follow, max-snippet:-1, max-image-preview:large, max-video-preview:-1\" \/>\n<link rel=\"canonical\" href=\"https:\/\/radioljubuski.ba\/index.php\/2021\/11\/05\/tisuce-mladih-na-ulicama-glasgowa-ne-radi-se-o-njihovoj-buducnosti-vec-o-nasoj\/\" \/>\n<meta property=\"og:locale\" content=\"hr_HR\" \/>\n<meta property=\"og:type\" content=\"article\" \/>\n<meta property=\"og:title\" content=\"Tisu\u0107e mladih na ulicama Glasgowa: Ne radi se o njihovoj budu\u0107nosti, ve\u0107 o na\u0161oj - RADIO LJUBU\u0160KI\" \/>\n<meta property=\"og:description\" content=\"Na kraju prvog tjedna svjetske konferencije o klimi (COP26), tisu\u0107e mladih iza\u0161lo je u petak na ulice Glasgowa optu\u017euju\u0107i velesile da nisu ni\u0161ta u\u010dinile po pitanju klimatskih promjena koje prijete njihovoj i budu\u0107im generacijama. U glavnom gradu \u0160kotske najavljene su dvodnevne manifestacije kako bi se ukazalo na hitnost rje\u0161avanja problema vezanih uz klimu i razorne [&hellip;]\" \/>\n<meta property=\"og:url\" content=\"https:\/\/radioljubuski.ba\/index.php\/2021\/11\/05\/tisuce-mladih-na-ulicama-glasgowa-ne-radi-se-o-njihovoj-buducnosti-vec-o-nasoj\/\" \/>\n<meta property=\"og:site_name\" content=\"RADIO LJUBU\u0160KI\" \/>\n<meta property=\"article:publisher\" content=\"https:\/\/www.facebook.com\/Radiio-Ljubuski-1490835324566332\" \/>\n<meta property=\"article:published_time\" content=\"2021-11-05T18:34:22+00:00\" \/>\n<meta property=\"article:modified_time\" content=\"2021-11-05T18:34:23+00:00\" \/>\n<meta property=\"og:image\" content=\"https:\/\/radioljubuski.ba\/wp-content\/uploads\/2021\/11\/9-2021-11-05-17-44-18-stipe.jpg\" \/>\n\t<meta property=\"og:image:width\" content=\"1000\" \/>\n\t<meta property=\"og:image:height\" content=\"625\" \/>\n\t<meta property=\"og:image:type\" content=\"image\/jpeg\" \/>\n<meta name=\"author\" content=\"Radio Ljubu\u0161ki\" \/>\n<meta name=\"twitter:card\" content=\"summary_large_image\" \/>\n<meta name=\"twitter:creator\" content=\"@radioljubuski\" \/>\n<meta name=\"twitter:site\" content=\"@radioljubuski\" \/>\n<meta name=\"twitter:label1\" content=\"Napisao\/la\" \/>\n\t<meta name=\"twitter:data1\" content=\"Radio Ljubu\u0161ki\" \/>\n\t<meta name=\"twitter:label2\" content=\"Procijenjeno vrijeme \u010ditanja\" \/>\n\t<meta name=\"twitter:data2\" content=\"1 minuta\" \/>\n<script type=\"application\/ld+json\" class=\"yoast-schema-graph\">{\"@context\":\"https:\\\/\\\/schema.org\",\"@graph\":[{\"@type\":\"Article\",\"@id\":\"https:\\\/\\\/radioljubuski.ba\\\/index.php\\\/2021\\\/11\\\/05\\\/tisuce-mladih-na-ulicama-glasgowa-ne-radi-se-o-njihovoj-buducnosti-vec-o-nasoj\\\/#article\",\"isPartOf\":{\"@id\":\"https:\\\/\\\/radioljubuski.ba\\\/index.php\\\/2021\\\/11\\\/05\\\/tisuce-mladih-na-ulicama-glasgowa-ne-radi-se-o-njihovoj-buducnosti-vec-o-nasoj\\\/\"},\"author\":{\"name\":\"Radio Ljubu\u0161ki\",\"@id\":\"https:\\\/\\\/radioljubuski.ba\\\/#\\\/schema\\\/person\\\/19fc700381a780f69665d7956c469e3b\"},\"headline\":\"Tisu\u0107e mladih na ulicama Glasgowa: Ne radi se o njihovoj budu\u0107nosti, ve\u0107 o na\u0161oj\",\"datePublished\":\"2021-11-05T18:34:22+00:00\",\"dateModified\":\"2021-11-05T18:34:23+00:00\",\"mainEntityOfPage\":{\"@id\":\"https:\\\/\\\/radioljubuski.ba\\\/index.php\\\/2021\\\/11\\\/05\\\/tisuce-mladih-na-ulicama-glasgowa-ne-radi-se-o-njihovoj-buducnosti-vec-o-nasoj\\\/\"},\"wordCount\":264,\"publisher\":{\"@id\":\"https:\\\/\\\/radioljubuski.ba\\\/#organization\"},\"image\":{\"@id\":\"https:\\\/\\\/radioljubuski.ba\\\/index.php\\\/2021\\\/11\\\/05\\\/tisuce-mladih-na-ulicama-glasgowa-ne-radi-se-o-njihovoj-buducnosti-vec-o-nasoj\\\/#primaryimage\"},\"thumbnailUrl\":\"https:\\\/\\\/radioljubuski.ba\\\/wp-content\\\/uploads\\\/2021\\\/11\\\/9-2021-11-05-17-44-18-stipe.jpg\",\"articleSection\":[\"BIH i regija\"],\"inLanguage\":\"hr\"},{\"@type\":\"WebPage\",\"@id\":\"https:\\\/\\\/radioljubuski.ba\\\/index.php\\\/2021\\\/11\\\/05\\\/tisuce-mladih-na-ulicama-glasgowa-ne-radi-se-o-njihovoj-buducnosti-vec-o-nasoj\\\/\",\"url\":\"https:\\\/\\\/radioljubuski.ba\\\/index.php\\\/2021\\\/11\\\/05\\\/tisuce-mladih-na-ulicama-glasgowa-ne-radi-se-o-njihovoj-buducnosti-vec-o-nasoj\\\/\",\"name\":\"Tisu\u0107e mladih na ulicama Glasgowa: Ne radi se o njihovoj budu\u0107nosti, ve\u0107 o na\u0161oj - RADIO LJUBU\u0160KI\",\"isPartOf\":{\"@id\":\"https:\\\/\\\/radioljubuski.ba\\\/#website\"},\"primaryImageOfPage\":{\"@id\":\"https:\\\/\\\/radioljubuski.ba\\\/index.php\\\/2021\\\/11\\\/05\\\/tisuce-mladih-na-ulicama-glasgowa-ne-radi-se-o-njihovoj-buducnosti-vec-o-nasoj\\\/#primaryimage\"},\"image\":{\"@id\":\"https:\\\/\\\/radioljubuski.ba\\\/index.php\\\/2021\\\/11\\\/05\\\/tisuce-mladih-na-ulicama-glasgowa-ne-radi-se-o-njihovoj-buducnosti-vec-o-nasoj\\\/#primaryimage\"},\"thumbnailUrl\":\"https:\\\/\\\/radioljubuski.ba\\\/wp-content\\\/uploads\\\/2021\\\/11\\\/9-2021-11-05-17-44-18-stipe.jpg\",\"datePublished\":\"2021-11-05T18:34:22+00:00\",\"dateModified\":\"2021-11-05T18:34:23+00:00\",\"breadcrumb\":{\"@id\":\"https:\\\/\\\/radioljubuski.ba\\\/index.php\\\/2021\\\/11\\\/05\\\/tisuce-mladih-na-ulicama-glasgowa-ne-radi-se-o-njihovoj-buducnosti-vec-o-nasoj\\\/#breadcrumb\"},\"inLanguage\":\"hr\",\"potentialAction\":[{\"@type\":\"ReadAction\",\"target\":[\"https:\\\/\\\/radioljubuski.ba\\\/index.php\\\/2021\\\/11\\\/05\\\/tisuce-mladih-na-ulicama-glasgowa-ne-radi-se-o-njihovoj-buducnosti-vec-o-nasoj\\\/\"]}]},{\"@type\":\"ImageObject\",\"inLanguage\":\"hr\",\"@id\":\"https:\\\/\\\/radioljubuski.ba\\\/index.php\\\/2021\\\/11\\\/05\\\/tisuce-mladih-na-ulicama-glasgowa-ne-radi-se-o-njihovoj-buducnosti-vec-o-nasoj\\\/#primaryimage\",\"url\":\"https:\\\/\\\/radioljubuski.ba\\\/wp-content\\\/uploads\\\/2021\\\/11\\\/9-2021-11-05-17-44-18-stipe.jpg\",\"contentUrl\":\"https:\\\/\\\/radioljubuski.ba\\\/wp-content\\\/uploads\\\/2021\\\/11\\\/9-2021-11-05-17-44-18-stipe.jpg\",\"width\":1000,\"height\":625},{\"@type\":\"BreadcrumbList\",\"@id\":\"https:\\\/\\\/radioljubuski.ba\\\/index.php\\\/2021\\\/11\\\/05\\\/tisuce-mladih-na-ulicama-glasgowa-ne-radi-se-o-njihovoj-buducnosti-vec-o-nasoj\\\/#breadcrumb\",\"itemListElement\":[{\"@type\":\"ListItem\",\"position\":1,\"name\":\"Po\u010detna stranica\",\"item\":\"https:\\\/\\\/radioljubuski.ba\\\/\"},{\"@type\":\"ListItem\",\"position\":2,\"name\":\"Tisu\u0107e mladih na ulicama Glasgowa: Ne radi se o njihovoj budu\u0107nosti, ve\u0107 o na\u0161oj\"}]},{\"@type\":\"WebSite\",\"@id\":\"https:\\\/\\\/radioljubuski.ba\\\/#website\",\"url\":\"https:\\\/\\\/radioljubuski.ba\\\/\",\"name\":\"Radio Ljubu\u0161ki\",\"description\":\"Sun\u010dana frekvencija Hercegovine\",\"publisher\":{\"@id\":\"https:\\\/\\\/radioljubuski.ba\\\/#organization\"},\"potentialAction\":[{\"@type\":\"SearchAction\",\"target\":{\"@type\":\"EntryPoint\",\"urlTemplate\":\"https:\\\/\\\/radioljubuski.ba\\\/?s={search_term_string}\"},\"query-input\":{\"@type\":\"PropertyValueSpecification\",\"valueRequired\":true,\"valueName\":\"search_term_string\"}}],\"inLanguage\":\"hr\"},{\"@type\":\"Organization\",\"@id\":\"https:\\\/\\\/radioljubuski.ba\\\/#organization\",\"name\":\"Radio Ljubu\u0161ki\",\"url\":\"https:\\\/\\\/radioljubuski.ba\\\/\",\"logo\":{\"@type\":\"ImageObject\",\"inLanguage\":\"hr\",\"@id\":\"https:\\\/\\\/radioljubuski.ba\\\/#\\\/schema\\\/logo\\\/image\\\/\",\"url\":\"https:\\\/\\\/radioljubuski.ba\\\/wp-content\\\/uploads\\\/2021\\\/02\\\/cropped-Radio_Ljubuski_logo1.jpg\",\"contentUrl\":\"https:\\\/\\\/radioljubuski.ba\\\/wp-content\\\/uploads\\\/2021\\\/02\\\/cropped-Radio_Ljubuski_logo1.jpg\",\"width\":512,\"height\":512,\"caption\":\"Radio Ljubu\u0161ki\"},\"image\":{\"@id\":\"https:\\\/\\\/radioljubuski.ba\\\/#\\\/schema\\\/logo\\\/image\\\/\"},\"sameAs\":[\"https:\\\/\\\/www.facebook.com\\\/Radiio-Ljubuski-1490835324566332\",\"https:\\\/\\\/x.com\\\/radioljubuski\",\"https:\\\/\\\/hr.linkedin.com\\\/company\\\/radio-ljubuski\",\"https:\\\/\\\/www.youtube.com\\\/channel\\\/UCHYaeO_n0Db3tjNGudGpXyw\"]},{\"@type\":\"Person\",\"@id\":\"https:\\\/\\\/radioljubuski.ba\\\/#\\\/schema\\\/person\\\/19fc700381a780f69665d7956c469e3b\",\"name\":\"Radio Ljubu\u0161ki\"}]}<\/script>\n<!-- \/ Yoast SEO plugin. -->","yoast_head_json":{"title":"Tisu\u0107e mladih na ulicama Glasgowa: Ne radi se o njihovoj budu\u0107nosti, ve\u0107 o na\u0161oj - RADIO LJUBU\u0160KI","robots":{"index":"index","follow":"follow","max-snippet":"max-snippet:-1","max-image-preview":"max-image-preview:large","max-video-preview":"max-video-preview:-1"},"canonical":"https:\/\/radioljubuski.ba\/index.php\/2021\/11\/05\/tisuce-mladih-na-ulicama-glasgowa-ne-radi-se-o-njihovoj-buducnosti-vec-o-nasoj\/","og_locale":"hr_HR","og_type":"article","og_title":"Tisu\u0107e mladih na ulicama Glasgowa: Ne radi se o njihovoj budu\u0107nosti, ve\u0107 o na\u0161oj - RADIO LJUBU\u0160KI","og_description":"Na kraju prvog tjedna svjetske konferencije o klimi (COP26), tisu\u0107e mladih iza\u0161lo je u petak na ulice Glasgowa optu\u017euju\u0107i velesile da nisu ni\u0161ta u\u010dinile po pitanju klimatskih promjena koje prijete njihovoj i budu\u0107im generacijama. U glavnom gradu \u0160kotske najavljene su dvodnevne manifestacije kako bi se ukazalo na hitnost rje\u0161avanja problema vezanih uz klimu i razorne [&hellip;]","og_url":"https:\/\/radioljubuski.ba\/index.php\/2021\/11\/05\/tisuce-mladih-na-ulicama-glasgowa-ne-radi-se-o-njihovoj-buducnosti-vec-o-nasoj\/","og_site_name":"RADIO LJUBU\u0160KI","article_publisher":"https:\/\/www.facebook.com\/Radiio-Ljubuski-1490835324566332","article_published_time":"2021-11-05T18:34:22+00:00","article_modified_time":"2021-11-05T18:34:23+00:00","og_image":[{"width":1000,"height":625,"url":"https:\/\/radioljubuski.ba\/wp-content\/uploads\/2021\/11\/9-2021-11-05-17-44-18-stipe.jpg","type":"image\/jpeg"}],"author":"Radio Ljubu\u0161ki","twitter_card":"summary_large_image","twitter_creator":"@radioljubuski","twitter_site":"@radioljubuski","twitter_misc":{"Napisao\/la":"Radio Ljubu\u0161ki","Procijenjeno vrijeme \u010ditanja":"1 minuta"},"schema":{"@context":"https:\/\/schema.org","@graph":[{"@type":"Article","@id":"https:\/\/radioljubuski.ba\/index.php\/2021\/11\/05\/tisuce-mladih-na-ulicama-glasgowa-ne-radi-se-o-njihovoj-buducnosti-vec-o-nasoj\/#article","isPartOf":{"@id":"https:\/\/radioljubuski.ba\/index.php\/2021\/11\/05\/tisuce-mladih-na-ulicama-glasgowa-ne-radi-se-o-njihovoj-buducnosti-vec-o-nasoj\/"},"author":{"name":"Radio Ljubu\u0161ki","@id":"https:\/\/radioljubuski.ba\/#\/schema\/person\/19fc700381a780f69665d7956c469e3b"},"headline":"Tisu\u0107e mladih na ulicama Glasgowa: Ne radi se o njihovoj budu\u0107nosti, ve\u0107 o na\u0161oj","datePublished":"2021-11-05T18:34:22+00:00","dateModified":"2021-11-05T18:34:23+00:00","mainEntityOfPage":{"@id":"https:\/\/radioljubuski.ba\/index.php\/2021\/11\/05\/tisuce-mladih-na-ulicama-glasgowa-ne-radi-se-o-njihovoj-buducnosti-vec-o-nasoj\/"},"wordCount":264,"publisher":{"@id":"https:\/\/radioljubuski.ba\/#organization"},"image":{"@id":"https:\/\/radioljubuski.ba\/index.php\/2021\/11\/05\/tisuce-mladih-na-ulicama-glasgowa-ne-radi-se-o-njihovoj-buducnosti-vec-o-nasoj\/#primaryimage"},"thumbnailUrl":"https:\/\/radioljubuski.ba\/wp-content\/uploads\/2021\/11\/9-2021-11-05-17-44-18-stipe.jpg","articleSection":["BIH i regija"],"inLanguage":"hr"},{"@type":"WebPage","@id":"https:\/\/radioljubuski.ba\/index.php\/2021\/11\/05\/tisuce-mladih-na-ulicama-glasgowa-ne-radi-se-o-njihovoj-buducnosti-vec-o-nasoj\/","url":"https:\/\/radioljubuski.ba\/index.php\/2021\/11\/05\/tisuce-mladih-na-ulicama-glasgowa-ne-radi-se-o-njihovoj-buducnosti-vec-o-nasoj\/","name":"Tisu\u0107e mladih na ulicama Glasgowa: Ne radi se o njihovoj budu\u0107nosti, ve\u0107 o na\u0161oj - RADIO LJUBU\u0160KI","isPartOf":{"@id":"https:\/\/radioljubuski.ba\/#website"},"primaryImageOfPage":{"@id":"https:\/\/radioljubuski.ba\/index.php\/2021\/11\/05\/tisuce-mladih-na-ulicama-glasgowa-ne-radi-se-o-njihovoj-buducnosti-vec-o-nasoj\/#primaryimage"},"image":{"@id":"https:\/\/radioljubuski.ba\/index.php\/2021\/11\/05\/tisuce-mladih-na-ulicama-glasgowa-ne-radi-se-o-njihovoj-buducnosti-vec-o-nasoj\/#primaryimage"},"thumbnailUrl":"https:\/\/radioljubuski.ba\/wp-content\/uploads\/2021\/11\/9-2021-11-05-17-44-18-stipe.jpg","datePublished":"2021-11-05T18:34:22+00:00","dateModified":"2021-11-05T18:34:23+00:00","breadcrumb":{"@id":"https:\/\/radioljubuski.ba\/index.php\/2021\/11\/05\/tisuce-mladih-na-ulicama-glasgowa-ne-radi-se-o-njihovoj-buducnosti-vec-o-nasoj\/#breadcrumb"},"inLanguage":"hr","potentialAction":[{"@type":"ReadAction","target":["https:\/\/radioljubuski.ba\/index.php\/2021\/11\/05\/tisuce-mladih-na-ulicama-glasgowa-ne-radi-se-o-njihovoj-buducnosti-vec-o-nasoj\/"]}]},{"@type":"ImageObject","inLanguage":"hr","@id":"https:\/\/radioljubuski.ba\/index.php\/2021\/11\/05\/tisuce-mladih-na-ulicama-glasgowa-ne-radi-se-o-njihovoj-buducnosti-vec-o-nasoj\/#primaryimage","url":"https:\/\/radioljubuski.ba\/wp-content\/uploads\/2021\/11\/9-2021-11-05-17-44-18-stipe.jpg","contentUrl":"https:\/\/radioljubuski.ba\/wp-content\/uploads\/2021\/11\/9-2021-11-05-17-44-18-stipe.jpg","width":1000,"height":625},{"@type":"BreadcrumbList","@id":"https:\/\/radioljubuski.ba\/index.php\/2021\/11\/05\/tisuce-mladih-na-ulicama-glasgowa-ne-radi-se-o-njihovoj-buducnosti-vec-o-nasoj\/#breadcrumb","itemListElement":[{"@type":"ListItem","position":1,"name":"Po\u010detna stranica","item":"https:\/\/radioljubuski.ba\/"},{"@type":"ListItem","position":2,"name":"Tisu\u0107e mladih na ulicama Glasgowa: Ne radi se o njihovoj budu\u0107nosti, ve\u0107 o na\u0161oj"}]},{"@type":"WebSite","@id":"https:\/\/radioljubuski.ba\/#website","url":"https:\/\/radioljubuski.ba\/","name":"Radio Ljubu\u0161ki","description":"Sun\u010dana frekvencija Hercegovine","publisher":{"@id":"https:\/\/radioljubuski.ba\/#organization"},"potentialAction":[{"@type":"SearchAction","target":{"@type":"EntryPoint","urlTemplate":"https:\/\/radioljubuski.ba\/?s={search_term_string}"},"query-input":{"@type":"PropertyValueSpecification","valueRequired":true,"valueName":"search_term_string"}}],"inLanguage":"hr"},{"@type":"Organization","@id":"https:\/\/radioljubuski.ba\/#organization","name":"Radio Ljubu\u0161ki","url":"https:\/\/radioljubuski.ba\/","logo":{"@type":"ImageObject","inLanguage":"hr","@id":"https:\/\/radioljubuski.ba\/#\/schema\/logo\/image\/","url":"https:\/\/radioljubuski.ba\/wp-content\/uploads\/2021\/02\/cropped-Radio_Ljubuski_logo1.jpg","contentUrl":"https:\/\/radioljubuski.ba\/wp-content\/uploads\/2021\/02\/cropped-Radio_Ljubuski_logo1.jpg","width":512,"height":512,"caption":"Radio Ljubu\u0161ki"},"image":{"@id":"https:\/\/radioljubuski.ba\/#\/schema\/logo\/image\/"},"sameAs":["https:\/\/www.facebook.com\/Radiio-Ljubuski-1490835324566332","https:\/\/x.com\/radioljubuski","https:\/\/hr.linkedin.com\/company\/radio-ljubuski","https:\/\/www.youtube.com\/channel\/UCHYaeO_n0Db3tjNGudGpXyw"]},{"@type":"Person","@id":"https:\/\/radioljubuski.ba\/#\/schema\/person\/19fc700381a780f69665d7956c469e3b","name":"Radio Ljubu\u0161ki"}]}},"_links":{"self":[{"href":"https:\/\/radioljubuski.ba\/index.php\/wp-json\/wp\/v2\/posts\/85497","targetHints":{"allow":["GET"]}}],"collection":[{"href":"https:\/\/radioljubuski.ba\/index.php\/wp-json\/wp\/v2\/posts"}],"about":[{"href":"https:\/\/radioljubuski.ba\/index.php\/wp-json\/wp\/v2\/types\/post"}],"author":[{"embeddable":true,"href":"https:\/\/radioljubuski.ba\/index.php\/wp-json\/wp\/v2\/users\/2"}],"replies":[{"embeddable":true,"href":"https:\/\/radioljubuski.ba\/index.php\/wp-json\/wp\/v2\/comments?post=85497"}],"version-history":[{"count":1,"href":"https:\/\/radioljubuski.ba\/index.php\/wp-json\/wp\/v2\/posts\/85497\/revisions"}],"predecessor-version":[{"id":85499,"href":"https:\/\/radioljubuski.ba\/index.php\/wp-json\/wp\/v2\/posts\/85497\/revisions\/85499"}],"wp:featuredmedia":[{"embeddable":true,"href":"https:\/\/radioljubuski.ba\/index.php\/wp-json\/wp\/v2\/media\/85498"}],"wp:attachment":[{"href":"https:\/\/radioljubuski.ba\/index.php\/wp-json\/wp\/v2\/media?parent=85497"}],"wp:term":[{"taxonomy":"category","embeddable":true,"href":"https:\/\/radioljubuski.ba\/index.php\/wp-json\/wp\/v2\/categories?post=85497"},{"taxonomy":"post_tag","embeddable":true,"href":"https:\/\/radioljubuski.ba\/index.php\/wp-json\/wp\/v2\/tags?post=85497"}],"curies":[{"name":"wp","href":"https:\/\/api.w.org\/{rel}","templated":true}]}}