{"id":85501,"date":"2021-11-05T19:37:58","date_gmt":"2021-11-05T18:37:58","guid":{"rendered":"https:\/\/radioljubuski.ba\/?p=85501"},"modified":"2021-11-05T19:37:59","modified_gmt":"2021-11-05T18:37:59","slug":"poljoprivrednik-zbog-poplava-ostao-bez-130-ovaca-godine-sam-ulozio-u-ovaj-posao-video","status":"publish","type":"post","link":"https:\/\/radioljubuski.ba\/index.php\/2021\/11\/05\/poljoprivrednik-zbog-poplava-ostao-bez-130-ovaca-godine-sam-ulozio-u-ovaj-posao-video\/","title":{"rendered":"Poljoprivrednik zbog poplava ostao bez 130 ovaca: Godine sam ulo\u017eio u ovaj posao &#8211; video"},"content":{"rendered":"\n<p>Situacija u Trnovu s poplavama postaje sve gora. Broje ku\u0107e su poplavljene, stanovnici se evakuiraju, materijalna \u0161teta je velika, a jedan od poljoprivrednika ostao je bez 130 ovaca.<\/p>\n\n\n\n<blockquote class=\"twitter-tweet\"><p lang=\"und\" dir=\"ltr\">U \u0161tali kod poljoprivrednika Gorana Golijanina nakon \u0161to je u poplavama uginulo 130 ovaca <a href=\"https:\/\/t.co\/lKeO6CjgNq\">pic.twitter.com\/lKeO6CjgNq<\/a><\/p>&mdash; TV N1 Sarajevo (@N1infoSA) <a href=\"https:\/\/twitter.com\/N1infoSA\/status\/1456655114010337281?ref_src=twsrc%5Etfw\">November 5, 2021<\/a><\/blockquote> <script async src=\"https:\/\/platform.twitter.com\/widgets.js\" charset=\"utf-8\"><\/script>\n\n\n\n<p>Poljoprivrednik Goran Golijanin sino\u0107 nije na vrijeme zatvorio vrata \u0161tale, a za N1 je ispri\u010dao da se poljoprivredi posvetio intenzivno posljednje \u010detiri godine.<\/p>\n\n\n\n<p>\u201cStradalo je vi\u0161e od 120 elitnih grla koje sam ja godinama izdvajao. Sve vrijeme bavljenja ovim ja sam prodao samo 11 \u017eenskih grla, sve ostalo sam ostavljao za sebe. Sino\u0107 oko 22:00 sata smo ih obilazili, nije izgledalo kao da voda mo\u017ee &nbsp;prodrijeti, jer je korito rijeke bilo veoma udaljeno, ali voda se izlila doslovno na livadu. Nismo to o\u010dekivali\u201d, ispri\u010dao je Golijanin.<\/p>\n\n\n\n<p>Jutros je prije 6:00 sati obi\u0161ao to podru\u010dje koje je, kako ka\u017ee, bilo poplavljeno, a nakon toga je ugledao i stravi\u010dan prizor u \u0161tali.<\/p>\n\n\n\n<p>\u201cKada sam uklju\u010dio lampu vidio sam da kod nekoliko ovaca u tom mraku svijetle o\u010di i kada sam otvorio vrata one su po\u0161le za mnom. Do\u0161le su do jedinog suhog dijela na ovom prostoru i nakon toga smo ih sve skupili. Pre\u017eivjelo je 16 ovaca, a 17. je bila \u017eiva pola sata i nakon toga je uginula. Neizvjesno je i za ove \u0161to su pre\u017eivjele jer su nadojene ledenom vodom\u201d, kazao je.<\/p>\n\n\n\n<p>Ovce su romanovske rase i zna\u010dajne su jer su kvalitetne, Golijanin je vodio ra\u010duna o njihovoj dobrobiti.<\/p>\n\n\n\n<p>\u201cMaterijalno zaista nije bitno, ja sam situiran, ali ovo je bila moja ljubav u posljednje \u010detiri godine. Po zanimanju sam mesar i godi\u0161nje sam klao preko 3.000 grla, ovaca i janjadi, ali ovaj jutro\u0161nji prizor je neopisiv. Najvjerojatnije da \u0107u se nastaviti baviti ovim poslom, jer sam i prije po\u010deo s 12 ovaca, a sada mi ih je ostalo 16\u201d, poru\u010dio je na kraju razgovora Golijanin, pi\u0161e&nbsp;<a href=\"https:\/\/ba.n1info.com\/uncategorized\/poljoprivrednik-zbog-poplava-ostao-bez-130-ovaca-godine-sam-ulozio-u-ovaj-posao\/\">N1<\/a>.<\/p>\n\n\n\n<p>Izvor:N1<\/p>\n","protected":false},"excerpt":{"rendered":"<p>Situacija u Trnovu s poplavama postaje sve gora. Broje ku\u0107e su poplavljene, stanovnici se evakuiraju, materijalna \u0161teta je velika, a jedan od poljoprivrednika ostao je bez 130 ovaca. U \u0161tali kod poljoprivrednika Gorana Golijanina nakon \u0161to je u poplavama uginulo 130 ovaca pic.twitter.com\/lKeO6CjgNq &mdash; TV N1 Sarajevo (@N1infoSA) November 5, 2021 Poljoprivrednik Goran Golijanin sino\u0107 [&hellip;]<\/p>\n","protected":false},"author":2,"featured_media":85502,"comment_status":"closed","ping_status":"closed","sticky":false,"template":"","format":"standard","meta":{"h5ap_radio_sources":[],"footnotes":""},"categories":[1],"tags":[],"class_list":["post-85501","post","type-post","status-publish","format-standard","has-post-thumbnail","hentry","category-bihiregija"],"yoast_head":"<!-- This site is optimized with the Yoast SEO plugin v27.5 - https:\/\/yoast.com\/product\/yoast-seo-wordpress\/ -->\n<title>Poljoprivrednik zbog poplava ostao bez 130 ovaca: Godine sam ulo\u017eio u ovaj posao - video - RADIO LJUBU\u0160KI<\/title>\n<meta name=\"robots\" content=\"index, follow, max-snippet:-1, max-image-preview:large, max-video-preview:-1\" \/>\n<link rel=\"canonical\" href=\"https:\/\/radioljubuski.ba\/index.php\/2021\/11\/05\/poljoprivrednik-zbog-poplava-ostao-bez-130-ovaca-godine-sam-ulozio-u-ovaj-posao-video\/\" \/>\n<meta property=\"og:locale\" content=\"hr_HR\" \/>\n<meta property=\"og:type\" content=\"article\" \/>\n<meta property=\"og:title\" content=\"Poljoprivrednik zbog poplava ostao bez 130 ovaca: Godine sam ulo\u017eio u ovaj posao - video - RADIO LJUBU\u0160KI\" \/>\n<meta property=\"og:description\" content=\"Situacija u Trnovu s poplavama postaje sve gora. Broje ku\u0107e su poplavljene, stanovnici se evakuiraju, materijalna \u0161teta je velika, a jedan od poljoprivrednika ostao je bez 130 ovaca. U \u0161tali kod poljoprivrednika Gorana Golijanina nakon \u0161to je u poplavama uginulo 130 ovaca pic.twitter.com\/lKeO6CjgNq &mdash; TV N1 Sarajevo (@N1infoSA) November 5, 2021 Poljoprivrednik Goran Golijanin sino\u0107 [&hellip;]\" \/>\n<meta property=\"og:url\" content=\"https:\/\/radioljubuski.ba\/index.php\/2021\/11\/05\/poljoprivrednik-zbog-poplava-ostao-bez-130-ovaca-godine-sam-ulozio-u-ovaj-posao-video\/\" \/>\n<meta property=\"og:site_name\" content=\"RADIO LJUBU\u0160KI\" \/>\n<meta property=\"article:publisher\" content=\"https:\/\/www.facebook.com\/Radiio-Ljubuski-1490835324566332\" \/>\n<meta property=\"article:published_time\" content=\"2021-11-05T18:37:58+00:00\" \/>\n<meta property=\"article:modified_time\" content=\"2021-11-05T18:37:59+00:00\" \/>\n<meta property=\"og:image\" content=\"https:\/\/radioljubuski.ba\/wp-content\/uploads\/2021\/11\/3-2021-11-05-18-06-27-POLJOOZ.jpg\" \/>\n\t<meta property=\"og:image:width\" content=\"1000\" \/>\n\t<meta property=\"og:image:height\" content=\"625\" \/>\n\t<meta property=\"og:image:type\" content=\"image\/jpeg\" \/>\n<meta name=\"author\" content=\"Radio Ljubu\u0161ki\" \/>\n<meta name=\"twitter:card\" content=\"summary_large_image\" \/>\n<meta name=\"twitter:creator\" content=\"@radioljubuski\" \/>\n<meta name=\"twitter:site\" content=\"@radioljubuski\" \/>\n<meta name=\"twitter:label1\" content=\"Napisao\/la\" \/>\n\t<meta name=\"twitter:data1\" content=\"Radio Ljubu\u0161ki\" \/>\n\t<meta name=\"twitter:label2\" content=\"Procijenjeno vrijeme \u010ditanja\" \/>\n\t<meta name=\"twitter:data2\" content=\"2 minute\" \/>\n<script type=\"application\/ld+json\" class=\"yoast-schema-graph\">{\"@context\":\"https:\\\/\\\/schema.org\",\"@graph\":[{\"@type\":\"Article\",\"@id\":\"https:\\\/\\\/radioljubuski.ba\\\/index.php\\\/2021\\\/11\\\/05\\\/poljoprivrednik-zbog-poplava-ostao-bez-130-ovaca-godine-sam-ulozio-u-ovaj-posao-video\\\/#article\",\"isPartOf\":{\"@id\":\"https:\\\/\\\/radioljubuski.ba\\\/index.php\\\/2021\\\/11\\\/05\\\/poljoprivrednik-zbog-poplava-ostao-bez-130-ovaca-godine-sam-ulozio-u-ovaj-posao-video\\\/\"},\"author\":{\"name\":\"Radio Ljubu\u0161ki\",\"@id\":\"https:\\\/\\\/radioljubuski.ba\\\/#\\\/schema\\\/person\\\/19fc700381a780f69665d7956c469e3b\"},\"headline\":\"Poljoprivrednik zbog poplava ostao bez 130 ovaca: Godine sam ulo\u017eio u ovaj posao &#8211; video\",\"datePublished\":\"2021-11-05T18:37:58+00:00\",\"dateModified\":\"2021-11-05T18:37:59+00:00\",\"mainEntityOfPage\":{\"@id\":\"https:\\\/\\\/radioljubuski.ba\\\/index.php\\\/2021\\\/11\\\/05\\\/poljoprivrednik-zbog-poplava-ostao-bez-130-ovaca-godine-sam-ulozio-u-ovaj-posao-video\\\/\"},\"wordCount\":352,\"publisher\":{\"@id\":\"https:\\\/\\\/radioljubuski.ba\\\/#organization\"},\"image\":{\"@id\":\"https:\\\/\\\/radioljubuski.ba\\\/index.php\\\/2021\\\/11\\\/05\\\/poljoprivrednik-zbog-poplava-ostao-bez-130-ovaca-godine-sam-ulozio-u-ovaj-posao-video\\\/#primaryimage\"},\"thumbnailUrl\":\"https:\\\/\\\/radioljubuski.ba\\\/wp-content\\\/uploads\\\/2021\\\/11\\\/3-2021-11-05-18-06-27-POLJOOZ.jpg\",\"articleSection\":[\"BIH i regija\"],\"inLanguage\":\"hr\"},{\"@type\":\"WebPage\",\"@id\":\"https:\\\/\\\/radioljubuski.ba\\\/index.php\\\/2021\\\/11\\\/05\\\/poljoprivrednik-zbog-poplava-ostao-bez-130-ovaca-godine-sam-ulozio-u-ovaj-posao-video\\\/\",\"url\":\"https:\\\/\\\/radioljubuski.ba\\\/index.php\\\/2021\\\/11\\\/05\\\/poljoprivrednik-zbog-poplava-ostao-bez-130-ovaca-godine-sam-ulozio-u-ovaj-posao-video\\\/\",\"name\":\"Poljoprivrednik zbog poplava ostao bez 130 ovaca: Godine sam ulo\u017eio u ovaj posao - video - RADIO LJUBU\u0160KI\",\"isPartOf\":{\"@id\":\"https:\\\/\\\/radioljubuski.ba\\\/#website\"},\"primaryImageOfPage\":{\"@id\":\"https:\\\/\\\/radioljubuski.ba\\\/index.php\\\/2021\\\/11\\\/05\\\/poljoprivrednik-zbog-poplava-ostao-bez-130-ovaca-godine-sam-ulozio-u-ovaj-posao-video\\\/#primaryimage\"},\"image\":{\"@id\":\"https:\\\/\\\/radioljubuski.ba\\\/index.php\\\/2021\\\/11\\\/05\\\/poljoprivrednik-zbog-poplava-ostao-bez-130-ovaca-godine-sam-ulozio-u-ovaj-posao-video\\\/#primaryimage\"},\"thumbnailUrl\":\"https:\\\/\\\/radioljubuski.ba\\\/wp-content\\\/uploads\\\/2021\\\/11\\\/3-2021-11-05-18-06-27-POLJOOZ.jpg\",\"datePublished\":\"2021-11-05T18:37:58+00:00\",\"dateModified\":\"2021-11-05T18:37:59+00:00\",\"breadcrumb\":{\"@id\":\"https:\\\/\\\/radioljubuski.ba\\\/index.php\\\/2021\\\/11\\\/05\\\/poljoprivrednik-zbog-poplava-ostao-bez-130-ovaca-godine-sam-ulozio-u-ovaj-posao-video\\\/#breadcrumb\"},\"inLanguage\":\"hr\",\"potentialAction\":[{\"@type\":\"ReadAction\",\"target\":[\"https:\\\/\\\/radioljubuski.ba\\\/index.php\\\/2021\\\/11\\\/05\\\/poljoprivrednik-zbog-poplava-ostao-bez-130-ovaca-godine-sam-ulozio-u-ovaj-posao-video\\\/\"]}]},{\"@type\":\"ImageObject\",\"inLanguage\":\"hr\",\"@id\":\"https:\\\/\\\/radioljubuski.ba\\\/index.php\\\/2021\\\/11\\\/05\\\/poljoprivrednik-zbog-poplava-ostao-bez-130-ovaca-godine-sam-ulozio-u-ovaj-posao-video\\\/#primaryimage\",\"url\":\"https:\\\/\\\/radioljubuski.ba\\\/wp-content\\\/uploads\\\/2021\\\/11\\\/3-2021-11-05-18-06-27-POLJOOZ.jpg\",\"contentUrl\":\"https:\\\/\\\/radioljubuski.ba\\\/wp-content\\\/uploads\\\/2021\\\/11\\\/3-2021-11-05-18-06-27-POLJOOZ.jpg\",\"width\":1000,\"height\":625},{\"@type\":\"BreadcrumbList\",\"@id\":\"https:\\\/\\\/radioljubuski.ba\\\/index.php\\\/2021\\\/11\\\/05\\\/poljoprivrednik-zbog-poplava-ostao-bez-130-ovaca-godine-sam-ulozio-u-ovaj-posao-video\\\/#breadcrumb\",\"itemListElement\":[{\"@type\":\"ListItem\",\"position\":1,\"name\":\"Po\u010detna stranica\",\"item\":\"https:\\\/\\\/radioljubuski.ba\\\/\"},{\"@type\":\"ListItem\",\"position\":2,\"name\":\"Poljoprivrednik zbog poplava ostao bez 130 ovaca: Godine sam ulo\u017eio u ovaj posao &#8211; video\"}]},{\"@type\":\"WebSite\",\"@id\":\"https:\\\/\\\/radioljubuski.ba\\\/#website\",\"url\":\"https:\\\/\\\/radioljubuski.ba\\\/\",\"name\":\"Radio Ljubu\u0161ki\",\"description\":\"Sun\u010dana frekvencija Hercegovine\",\"publisher\":{\"@id\":\"https:\\\/\\\/radioljubuski.ba\\\/#organization\"},\"potentialAction\":[{\"@type\":\"SearchAction\",\"target\":{\"@type\":\"EntryPoint\",\"urlTemplate\":\"https:\\\/\\\/radioljubuski.ba\\\/?s={search_term_string}\"},\"query-input\":{\"@type\":\"PropertyValueSpecification\",\"valueRequired\":true,\"valueName\":\"search_term_string\"}}],\"inLanguage\":\"hr\"},{\"@type\":\"Organization\",\"@id\":\"https:\\\/\\\/radioljubuski.ba\\\/#organization\",\"name\":\"Radio Ljubu\u0161ki\",\"url\":\"https:\\\/\\\/radioljubuski.ba\\\/\",\"logo\":{\"@type\":\"ImageObject\",\"inLanguage\":\"hr\",\"@id\":\"https:\\\/\\\/radioljubuski.ba\\\/#\\\/schema\\\/logo\\\/image\\\/\",\"url\":\"https:\\\/\\\/radioljubuski.ba\\\/wp-content\\\/uploads\\\/2021\\\/02\\\/cropped-Radio_Ljubuski_logo1.jpg\",\"contentUrl\":\"https:\\\/\\\/radioljubuski.ba\\\/wp-content\\\/uploads\\\/2021\\\/02\\\/cropped-Radio_Ljubuski_logo1.jpg\",\"width\":512,\"height\":512,\"caption\":\"Radio Ljubu\u0161ki\"},\"image\":{\"@id\":\"https:\\\/\\\/radioljubuski.ba\\\/#\\\/schema\\\/logo\\\/image\\\/\"},\"sameAs\":[\"https:\\\/\\\/www.facebook.com\\\/Radiio-Ljubuski-1490835324566332\",\"https:\\\/\\\/x.com\\\/radioljubuski\",\"https:\\\/\\\/hr.linkedin.com\\\/company\\\/radio-ljubuski\",\"https:\\\/\\\/www.youtube.com\\\/channel\\\/UCHYaeO_n0Db3tjNGudGpXyw\"]},{\"@type\":\"Person\",\"@id\":\"https:\\\/\\\/radioljubuski.ba\\\/#\\\/schema\\\/person\\\/19fc700381a780f69665d7956c469e3b\",\"name\":\"Radio Ljubu\u0161ki\"}]}<\/script>\n<!-- \/ Yoast SEO plugin. -->","yoast_head_json":{"title":"Poljoprivrednik zbog poplava ostao bez 130 ovaca: Godine sam ulo\u017eio u ovaj posao - video - RADIO LJUBU\u0160KI","robots":{"index":"index","follow":"follow","max-snippet":"max-snippet:-1","max-image-preview":"max-image-preview:large","max-video-preview":"max-video-preview:-1"},"canonical":"https:\/\/radioljubuski.ba\/index.php\/2021\/11\/05\/poljoprivrednik-zbog-poplava-ostao-bez-130-ovaca-godine-sam-ulozio-u-ovaj-posao-video\/","og_locale":"hr_HR","og_type":"article","og_title":"Poljoprivrednik zbog poplava ostao bez 130 ovaca: Godine sam ulo\u017eio u ovaj posao - video - RADIO LJUBU\u0160KI","og_description":"Situacija u Trnovu s poplavama postaje sve gora. Broje ku\u0107e su poplavljene, stanovnici se evakuiraju, materijalna \u0161teta je velika, a jedan od poljoprivrednika ostao je bez 130 ovaca. U \u0161tali kod poljoprivrednika Gorana Golijanina nakon \u0161to je u poplavama uginulo 130 ovaca pic.twitter.com\/lKeO6CjgNq &mdash; TV N1 Sarajevo (@N1infoSA) November 5, 2021 Poljoprivrednik Goran Golijanin sino\u0107 [&hellip;]","og_url":"https:\/\/radioljubuski.ba\/index.php\/2021\/11\/05\/poljoprivrednik-zbog-poplava-ostao-bez-130-ovaca-godine-sam-ulozio-u-ovaj-posao-video\/","og_site_name":"RADIO LJUBU\u0160KI","article_publisher":"https:\/\/www.facebook.com\/Radiio-Ljubuski-1490835324566332","article_published_time":"2021-11-05T18:37:58+00:00","article_modified_time":"2021-11-05T18:37:59+00:00","og_image":[{"width":1000,"height":625,"url":"https:\/\/radioljubuski.ba\/wp-content\/uploads\/2021\/11\/3-2021-11-05-18-06-27-POLJOOZ.jpg","type":"image\/jpeg"}],"author":"Radio Ljubu\u0161ki","twitter_card":"summary_large_image","twitter_creator":"@radioljubuski","twitter_site":"@radioljubuski","twitter_misc":{"Napisao\/la":"Radio Ljubu\u0161ki","Procijenjeno vrijeme \u010ditanja":"2 minute"},"schema":{"@context":"https:\/\/schema.org","@graph":[{"@type":"Article","@id":"https:\/\/radioljubuski.ba\/index.php\/2021\/11\/05\/poljoprivrednik-zbog-poplava-ostao-bez-130-ovaca-godine-sam-ulozio-u-ovaj-posao-video\/#article","isPartOf":{"@id":"https:\/\/radioljubuski.ba\/index.php\/2021\/11\/05\/poljoprivrednik-zbog-poplava-ostao-bez-130-ovaca-godine-sam-ulozio-u-ovaj-posao-video\/"},"author":{"name":"Radio Ljubu\u0161ki","@id":"https:\/\/radioljubuski.ba\/#\/schema\/person\/19fc700381a780f69665d7956c469e3b"},"headline":"Poljoprivrednik zbog poplava ostao bez 130 ovaca: Godine sam ulo\u017eio u ovaj posao &#8211; video","datePublished":"2021-11-05T18:37:58+00:00","dateModified":"2021-11-05T18:37:59+00:00","mainEntityOfPage":{"@id":"https:\/\/radioljubuski.ba\/index.php\/2021\/11\/05\/poljoprivrednik-zbog-poplava-ostao-bez-130-ovaca-godine-sam-ulozio-u-ovaj-posao-video\/"},"wordCount":352,"publisher":{"@id":"https:\/\/radioljubuski.ba\/#organization"},"image":{"@id":"https:\/\/radioljubuski.ba\/index.php\/2021\/11\/05\/poljoprivrednik-zbog-poplava-ostao-bez-130-ovaca-godine-sam-ulozio-u-ovaj-posao-video\/#primaryimage"},"thumbnailUrl":"https:\/\/radioljubuski.ba\/wp-content\/uploads\/2021\/11\/3-2021-11-05-18-06-27-POLJOOZ.jpg","articleSection":["BIH i regija"],"inLanguage":"hr"},{"@type":"WebPage","@id":"https:\/\/radioljubuski.ba\/index.php\/2021\/11\/05\/poljoprivrednik-zbog-poplava-ostao-bez-130-ovaca-godine-sam-ulozio-u-ovaj-posao-video\/","url":"https:\/\/radioljubuski.ba\/index.php\/2021\/11\/05\/poljoprivrednik-zbog-poplava-ostao-bez-130-ovaca-godine-sam-ulozio-u-ovaj-posao-video\/","name":"Poljoprivrednik zbog poplava ostao bez 130 ovaca: Godine sam ulo\u017eio u ovaj posao - video - RADIO LJUBU\u0160KI","isPartOf":{"@id":"https:\/\/radioljubuski.ba\/#website"},"primaryImageOfPage":{"@id":"https:\/\/radioljubuski.ba\/index.php\/2021\/11\/05\/poljoprivrednik-zbog-poplava-ostao-bez-130-ovaca-godine-sam-ulozio-u-ovaj-posao-video\/#primaryimage"},"image":{"@id":"https:\/\/radioljubuski.ba\/index.php\/2021\/11\/05\/poljoprivrednik-zbog-poplava-ostao-bez-130-ovaca-godine-sam-ulozio-u-ovaj-posao-video\/#primaryimage"},"thumbnailUrl":"https:\/\/radioljubuski.ba\/wp-content\/uploads\/2021\/11\/3-2021-11-05-18-06-27-POLJOOZ.jpg","datePublished":"2021-11-05T18:37:58+00:00","dateModified":"2021-11-05T18:37:59+00:00","breadcrumb":{"@id":"https:\/\/radioljubuski.ba\/index.php\/2021\/11\/05\/poljoprivrednik-zbog-poplava-ostao-bez-130-ovaca-godine-sam-ulozio-u-ovaj-posao-video\/#breadcrumb"},"inLanguage":"hr","potentialAction":[{"@type":"ReadAction","target":["https:\/\/radioljubuski.ba\/index.php\/2021\/11\/05\/poljoprivrednik-zbog-poplava-ostao-bez-130-ovaca-godine-sam-ulozio-u-ovaj-posao-video\/"]}]},{"@type":"ImageObject","inLanguage":"hr","@id":"https:\/\/radioljubuski.ba\/index.php\/2021\/11\/05\/poljoprivrednik-zbog-poplava-ostao-bez-130-ovaca-godine-sam-ulozio-u-ovaj-posao-video\/#primaryimage","url":"https:\/\/radioljubuski.ba\/wp-content\/uploads\/2021\/11\/3-2021-11-05-18-06-27-POLJOOZ.jpg","contentUrl":"https:\/\/radioljubuski.ba\/wp-content\/uploads\/2021\/11\/3-2021-11-05-18-06-27-POLJOOZ.jpg","width":1000,"height":625},{"@type":"BreadcrumbList","@id":"https:\/\/radioljubuski.ba\/index.php\/2021\/11\/05\/poljoprivrednik-zbog-poplava-ostao-bez-130-ovaca-godine-sam-ulozio-u-ovaj-posao-video\/#breadcrumb","itemListElement":[{"@type":"ListItem","position":1,"name":"Po\u010detna stranica","item":"https:\/\/radioljubuski.ba\/"},{"@type":"ListItem","position":2,"name":"Poljoprivrednik zbog poplava ostao bez 130 ovaca: Godine sam ulo\u017eio u ovaj posao &#8211; video"}]},{"@type":"WebSite","@id":"https:\/\/radioljubuski.ba\/#website","url":"https:\/\/radioljubuski.ba\/","name":"Radio Ljubu\u0161ki","description":"Sun\u010dana frekvencija Hercegovine","publisher":{"@id":"https:\/\/radioljubuski.ba\/#organization"},"potentialAction":[{"@type":"SearchAction","target":{"@type":"EntryPoint","urlTemplate":"https:\/\/radioljubuski.ba\/?s={search_term_string}"},"query-input":{"@type":"PropertyValueSpecification","valueRequired":true,"valueName":"search_term_string"}}],"inLanguage":"hr"},{"@type":"Organization","@id":"https:\/\/radioljubuski.ba\/#organization","name":"Radio Ljubu\u0161ki","url":"https:\/\/radioljubuski.ba\/","logo":{"@type":"ImageObject","inLanguage":"hr","@id":"https:\/\/radioljubuski.ba\/#\/schema\/logo\/image\/","url":"https:\/\/radioljubuski.ba\/wp-content\/uploads\/2021\/02\/cropped-Radio_Ljubuski_logo1.jpg","contentUrl":"https:\/\/radioljubuski.ba\/wp-content\/uploads\/2021\/02\/cropped-Radio_Ljubuski_logo1.jpg","width":512,"height":512,"caption":"Radio Ljubu\u0161ki"},"image":{"@id":"https:\/\/radioljubuski.ba\/#\/schema\/logo\/image\/"},"sameAs":["https:\/\/www.facebook.com\/Radiio-Ljubuski-1490835324566332","https:\/\/x.com\/radioljubuski","https:\/\/hr.linkedin.com\/company\/radio-ljubuski","https:\/\/www.youtube.com\/channel\/UCHYaeO_n0Db3tjNGudGpXyw"]},{"@type":"Person","@id":"https:\/\/radioljubuski.ba\/#\/schema\/person\/19fc700381a780f69665d7956c469e3b","name":"Radio Ljubu\u0161ki"}]}},"_links":{"self":[{"href":"https:\/\/radioljubuski.ba\/index.php\/wp-json\/wp\/v2\/posts\/85501","targetHints":{"allow":["GET"]}}],"collection":[{"href":"https:\/\/radioljubuski.ba\/index.php\/wp-json\/wp\/v2\/posts"}],"about":[{"href":"https:\/\/radioljubuski.ba\/index.php\/wp-json\/wp\/v2\/types\/post"}],"author":[{"embeddable":true,"href":"https:\/\/radioljubuski.ba\/index.php\/wp-json\/wp\/v2\/users\/2"}],"replies":[{"embeddable":true,"href":"https:\/\/radioljubuski.ba\/index.php\/wp-json\/wp\/v2\/comments?post=85501"}],"version-history":[{"count":1,"href":"https:\/\/radioljubuski.ba\/index.php\/wp-json\/wp\/v2\/posts\/85501\/revisions"}],"predecessor-version":[{"id":85503,"href":"https:\/\/radioljubuski.ba\/index.php\/wp-json\/wp\/v2\/posts\/85501\/revisions\/85503"}],"wp:featuredmedia":[{"embeddable":true,"href":"https:\/\/radioljubuski.ba\/index.php\/wp-json\/wp\/v2\/media\/85502"}],"wp:attachment":[{"href":"https:\/\/radioljubuski.ba\/index.php\/wp-json\/wp\/v2\/media?parent=85501"}],"wp:term":[{"taxonomy":"category","embeddable":true,"href":"https:\/\/radioljubuski.ba\/index.php\/wp-json\/wp\/v2\/categories?post=85501"},{"taxonomy":"post_tag","embeddable":true,"href":"https:\/\/radioljubuski.ba\/index.php\/wp-json\/wp\/v2\/tags?post=85501"}],"curies":[{"name":"wp","href":"https:\/\/api.w.org\/{rel}","templated":true}]}}