{"id":85509,"date":"2021-11-05T19:42:23","date_gmt":"2021-11-05T18:42:23","guid":{"rendered":"https:\/\/radioljubuski.ba\/?p=85509"},"modified":"2021-11-05T19:42:24","modified_gmt":"2021-11-05T18:42:24","slug":"snimci-iz-zraka-pokazuju-razmjere-poplava-u-sarajevskoj-zupaniji-video","status":"publish","type":"post","link":"https:\/\/radioljubuski.ba\/index.php\/2021\/11\/05\/snimci-iz-zraka-pokazuju-razmjere-poplava-u-sarajevskoj-zupaniji-video\/","title":{"rendered":"Snimci iz zraka pokazuju razmjere poplava u Sarajevskoj \u017eupaniji &#8211; video"},"content":{"rendered":"\n<p>Videosnimci iz zraka koje je na\u010dinila ekipa Dron.ba u najboljoj mjeri pokazuju razmjere poplava koje su pogodile Sarajevsku \u017eupaniju uslijed jakih padavina koje su po\u010dele ju\u010der i nastavile se danas.<\/p>\n\n\n\n<p>Snimljena su neka od najkriti\u010dnijih podru\u010dja poput dijela oko autoceste na ulazu u Sarajevo, zatim Ilid\u017ee koja je, kako se vidi iz zraka, potpuno potopljena.<\/p>\n\n\n\n<blockquote class=\"twitter-tweet\"><p lang=\"und\" dir=\"ltr\">Snimci iz zraka poplava na autoputu na ulazu u Sarajevu <a href=\"https:\/\/t.co\/OHOFcjbejV\">pic.twitter.com\/OHOFcjbejV<\/a><\/p>&mdash; TV N1 Sarajevo (@N1infoSA) <a href=\"https:\/\/twitter.com\/N1infoSA\/status\/1456668694059302915?ref_src=twsrc%5Etfw\">November 5, 2021<\/a><\/blockquote> <script async src=\"https:\/\/platform.twitter.com\/widgets.js\" charset=\"utf-8\"><\/script>\n\n\n\n<p>Iako automobili bez problema prometuju autocestom, podru\u010dje oko njega je u potpunosti poplavljeno.<\/p>\n\n\n\n<p>Uslijed vi\u0161esatnih obilnih padavina korita rijeka su nabujala pa se tako \u017deljeznica u op\u0107ini Ilid\u017ea izlila i poplavila sva okolna mjesta.<\/p>\n\n\n\n<p>Najkriti\u010dnije je u Otesu kod Ilid\u017ee gdje su snimljene potopljene ku\u0107e, automobili, velike materijalne \u0161tete, a mje\u0161tani su evakuirani \u010damcima. Taj dio Sarajevske \u017eupanije je i dalje bez struje.<\/p>\n\n\n\n<blockquote class=\"twitter-tweet\"><p lang=\"und\" dir=\"ltr\">Snimci iz zraka poplava na Ilid\u017ei, naselje u potpunosti potopljeno <a href=\"https:\/\/t.co\/MZZSBVQEeb\">pic.twitter.com\/MZZSBVQEeb<\/a><\/p>&mdash; TV N1 Sarajevo (@N1infoSA) <a href=\"https:\/\/twitter.com\/N1infoSA\/status\/1456669339734642691?ref_src=twsrc%5Etfw\">November 5, 2021<\/a><\/blockquote> <script async src=\"https:\/\/platform.twitter.com\/widgets.js\" charset=\"utf-8\"><\/script>\n\n\n\n<p>Do nestanka struje je do\u0161lo uslijed kvara na nekoliko trafostanica u pojedinim dijelovima grada, dok je u drugima ona isklju\u010dena zbog predostro\u017enosti.<\/p>\n\n\n\n<p>Izvor:N1<\/p>\n","protected":false},"excerpt":{"rendered":"<p>Videosnimci iz zraka koje je na\u010dinila ekipa Dron.ba u najboljoj mjeri pokazuju razmjere poplava koje su pogodile Sarajevsku \u017eupaniju uslijed jakih padavina koje su po\u010dele ju\u010der i nastavile se danas. Snimljena su neka od najkriti\u010dnijih podru\u010dja poput dijela oko autoceste na ulazu u Sarajevo, zatim Ilid\u017ee koja je, kako se vidi iz zraka, potpuno potopljena. [&hellip;]<\/p>\n","protected":false},"author":2,"featured_media":85510,"comment_status":"closed","ping_status":"closed","sticky":false,"template":"","format":"standard","meta":{"h5ap_radio_sources":[],"footnotes":""},"categories":[1],"tags":[],"class_list":["post-85509","post","type-post","status-publish","format-standard","has-post-thumbnail","hentry","category-bihiregija"],"yoast_head":"<!-- This site is optimized with the Yoast SEO plugin v27.5 - https:\/\/yoast.com\/product\/yoast-seo-wordpress\/ -->\n<title>Snimci iz zraka pokazuju razmjere poplava u Sarajevskoj \u017eupaniji - video - RADIO LJUBU\u0160KI<\/title>\n<meta name=\"robots\" content=\"index, follow, max-snippet:-1, max-image-preview:large, max-video-preview:-1\" \/>\n<link rel=\"canonical\" href=\"https:\/\/radioljubuski.ba\/index.php\/2021\/11\/05\/snimci-iz-zraka-pokazuju-razmjere-poplava-u-sarajevskoj-zupaniji-video\/\" \/>\n<meta property=\"og:locale\" content=\"hr_HR\" \/>\n<meta property=\"og:type\" content=\"article\" \/>\n<meta property=\"og:title\" content=\"Snimci iz zraka pokazuju razmjere poplava u Sarajevskoj \u017eupaniji - video - RADIO LJUBU\u0160KI\" \/>\n<meta property=\"og:description\" content=\"Videosnimci iz zraka koje je na\u010dinila ekipa Dron.ba u najboljoj mjeri pokazuju razmjere poplava koje su pogodile Sarajevsku \u017eupaniju uslijed jakih padavina koje su po\u010dele ju\u010der i nastavile se danas. Snimljena su neka od najkriti\u010dnijih podru\u010dja poput dijela oko autoceste na ulazu u Sarajevo, zatim Ilid\u017ee koja je, kako se vidi iz zraka, potpuno potopljena. [&hellip;]\" \/>\n<meta property=\"og:url\" content=\"https:\/\/radioljubuski.ba\/index.php\/2021\/11\/05\/snimci-iz-zraka-pokazuju-razmjere-poplava-u-sarajevskoj-zupaniji-video\/\" \/>\n<meta property=\"og:site_name\" content=\"RADIO LJUBU\u0160KI\" \/>\n<meta property=\"article:publisher\" content=\"https:\/\/www.facebook.com\/Radiio-Ljubuski-1490835324566332\" \/>\n<meta property=\"article:published_time\" content=\"2021-11-05T18:42:23+00:00\" \/>\n<meta property=\"article:modified_time\" content=\"2021-11-05T18:42:24+00:00\" \/>\n<meta property=\"og:image\" content=\"https:\/\/radioljubuski.ba\/wp-content\/uploads\/2021\/11\/3-2021-11-05-18-24-25-1636132318-thumbnail_DRON-POPLAVE-750x422-1.jpg\" \/>\n\t<meta property=\"og:image:width\" content=\"1000\" \/>\n\t<meta property=\"og:image:height\" content=\"625\" \/>\n\t<meta property=\"og:image:type\" content=\"image\/jpeg\" \/>\n<meta name=\"author\" content=\"Radio Ljubu\u0161ki\" \/>\n<meta name=\"twitter:card\" content=\"summary_large_image\" \/>\n<meta name=\"twitter:creator\" content=\"@radioljubuski\" \/>\n<meta name=\"twitter:site\" content=\"@radioljubuski\" \/>\n<meta name=\"twitter:label1\" content=\"Napisao\/la\" \/>\n\t<meta name=\"twitter:data1\" content=\"Radio Ljubu\u0161ki\" \/>\n\t<meta name=\"twitter:label2\" content=\"Procijenjeno vrijeme \u010ditanja\" \/>\n\t<meta name=\"twitter:data2\" content=\"1 minuta\" \/>\n<script type=\"application\/ld+json\" class=\"yoast-schema-graph\">{\"@context\":\"https:\\\/\\\/schema.org\",\"@graph\":[{\"@type\":\"Article\",\"@id\":\"https:\\\/\\\/radioljubuski.ba\\\/index.php\\\/2021\\\/11\\\/05\\\/snimci-iz-zraka-pokazuju-razmjere-poplava-u-sarajevskoj-zupaniji-video\\\/#article\",\"isPartOf\":{\"@id\":\"https:\\\/\\\/radioljubuski.ba\\\/index.php\\\/2021\\\/11\\\/05\\\/snimci-iz-zraka-pokazuju-razmjere-poplava-u-sarajevskoj-zupaniji-video\\\/\"},\"author\":{\"name\":\"Radio Ljubu\u0161ki\",\"@id\":\"https:\\\/\\\/radioljubuski.ba\\\/#\\\/schema\\\/person\\\/19fc700381a780f69665d7956c469e3b\"},\"headline\":\"Snimci iz zraka pokazuju razmjere poplava u Sarajevskoj \u017eupaniji &#8211; video\",\"datePublished\":\"2021-11-05T18:42:23+00:00\",\"dateModified\":\"2021-11-05T18:42:24+00:00\",\"mainEntityOfPage\":{\"@id\":\"https:\\\/\\\/radioljubuski.ba\\\/index.php\\\/2021\\\/11\\\/05\\\/snimci-iz-zraka-pokazuju-razmjere-poplava-u-sarajevskoj-zupaniji-video\\\/\"},\"wordCount\":214,\"publisher\":{\"@id\":\"https:\\\/\\\/radioljubuski.ba\\\/#organization\"},\"image\":{\"@id\":\"https:\\\/\\\/radioljubuski.ba\\\/index.php\\\/2021\\\/11\\\/05\\\/snimci-iz-zraka-pokazuju-razmjere-poplava-u-sarajevskoj-zupaniji-video\\\/#primaryimage\"},\"thumbnailUrl\":\"https:\\\/\\\/radioljubuski.ba\\\/wp-content\\\/uploads\\\/2021\\\/11\\\/3-2021-11-05-18-24-25-1636132318-thumbnail_DRON-POPLAVE-750x422-1.jpg\",\"articleSection\":[\"BIH i regija\"],\"inLanguage\":\"hr\"},{\"@type\":\"WebPage\",\"@id\":\"https:\\\/\\\/radioljubuski.ba\\\/index.php\\\/2021\\\/11\\\/05\\\/snimci-iz-zraka-pokazuju-razmjere-poplava-u-sarajevskoj-zupaniji-video\\\/\",\"url\":\"https:\\\/\\\/radioljubuski.ba\\\/index.php\\\/2021\\\/11\\\/05\\\/snimci-iz-zraka-pokazuju-razmjere-poplava-u-sarajevskoj-zupaniji-video\\\/\",\"name\":\"Snimci iz zraka pokazuju razmjere poplava u Sarajevskoj \u017eupaniji - video - RADIO LJUBU\u0160KI\",\"isPartOf\":{\"@id\":\"https:\\\/\\\/radioljubuski.ba\\\/#website\"},\"primaryImageOfPage\":{\"@id\":\"https:\\\/\\\/radioljubuski.ba\\\/index.php\\\/2021\\\/11\\\/05\\\/snimci-iz-zraka-pokazuju-razmjere-poplava-u-sarajevskoj-zupaniji-video\\\/#primaryimage\"},\"image\":{\"@id\":\"https:\\\/\\\/radioljubuski.ba\\\/index.php\\\/2021\\\/11\\\/05\\\/snimci-iz-zraka-pokazuju-razmjere-poplava-u-sarajevskoj-zupaniji-video\\\/#primaryimage\"},\"thumbnailUrl\":\"https:\\\/\\\/radioljubuski.ba\\\/wp-content\\\/uploads\\\/2021\\\/11\\\/3-2021-11-05-18-24-25-1636132318-thumbnail_DRON-POPLAVE-750x422-1.jpg\",\"datePublished\":\"2021-11-05T18:42:23+00:00\",\"dateModified\":\"2021-11-05T18:42:24+00:00\",\"breadcrumb\":{\"@id\":\"https:\\\/\\\/radioljubuski.ba\\\/index.php\\\/2021\\\/11\\\/05\\\/snimci-iz-zraka-pokazuju-razmjere-poplava-u-sarajevskoj-zupaniji-video\\\/#breadcrumb\"},\"inLanguage\":\"hr\",\"potentialAction\":[{\"@type\":\"ReadAction\",\"target\":[\"https:\\\/\\\/radioljubuski.ba\\\/index.php\\\/2021\\\/11\\\/05\\\/snimci-iz-zraka-pokazuju-razmjere-poplava-u-sarajevskoj-zupaniji-video\\\/\"]}]},{\"@type\":\"ImageObject\",\"inLanguage\":\"hr\",\"@id\":\"https:\\\/\\\/radioljubuski.ba\\\/index.php\\\/2021\\\/11\\\/05\\\/snimci-iz-zraka-pokazuju-razmjere-poplava-u-sarajevskoj-zupaniji-video\\\/#primaryimage\",\"url\":\"https:\\\/\\\/radioljubuski.ba\\\/wp-content\\\/uploads\\\/2021\\\/11\\\/3-2021-11-05-18-24-25-1636132318-thumbnail_DRON-POPLAVE-750x422-1.jpg\",\"contentUrl\":\"https:\\\/\\\/radioljubuski.ba\\\/wp-content\\\/uploads\\\/2021\\\/11\\\/3-2021-11-05-18-24-25-1636132318-thumbnail_DRON-POPLAVE-750x422-1.jpg\",\"width\":1000,\"height\":625},{\"@type\":\"BreadcrumbList\",\"@id\":\"https:\\\/\\\/radioljubuski.ba\\\/index.php\\\/2021\\\/11\\\/05\\\/snimci-iz-zraka-pokazuju-razmjere-poplava-u-sarajevskoj-zupaniji-video\\\/#breadcrumb\",\"itemListElement\":[{\"@type\":\"ListItem\",\"position\":1,\"name\":\"Po\u010detna stranica\",\"item\":\"https:\\\/\\\/radioljubuski.ba\\\/\"},{\"@type\":\"ListItem\",\"position\":2,\"name\":\"Snimci iz zraka pokazuju razmjere poplava u Sarajevskoj \u017eupaniji &#8211; video\"}]},{\"@type\":\"WebSite\",\"@id\":\"https:\\\/\\\/radioljubuski.ba\\\/#website\",\"url\":\"https:\\\/\\\/radioljubuski.ba\\\/\",\"name\":\"Radio Ljubu\u0161ki\",\"description\":\"Sun\u010dana frekvencija Hercegovine\",\"publisher\":{\"@id\":\"https:\\\/\\\/radioljubuski.ba\\\/#organization\"},\"potentialAction\":[{\"@type\":\"SearchAction\",\"target\":{\"@type\":\"EntryPoint\",\"urlTemplate\":\"https:\\\/\\\/radioljubuski.ba\\\/?s={search_term_string}\"},\"query-input\":{\"@type\":\"PropertyValueSpecification\",\"valueRequired\":true,\"valueName\":\"search_term_string\"}}],\"inLanguage\":\"hr\"},{\"@type\":\"Organization\",\"@id\":\"https:\\\/\\\/radioljubuski.ba\\\/#organization\",\"name\":\"Radio Ljubu\u0161ki\",\"url\":\"https:\\\/\\\/radioljubuski.ba\\\/\",\"logo\":{\"@type\":\"ImageObject\",\"inLanguage\":\"hr\",\"@id\":\"https:\\\/\\\/radioljubuski.ba\\\/#\\\/schema\\\/logo\\\/image\\\/\",\"url\":\"https:\\\/\\\/radioljubuski.ba\\\/wp-content\\\/uploads\\\/2021\\\/02\\\/cropped-Radio_Ljubuski_logo1.jpg\",\"contentUrl\":\"https:\\\/\\\/radioljubuski.ba\\\/wp-content\\\/uploads\\\/2021\\\/02\\\/cropped-Radio_Ljubuski_logo1.jpg\",\"width\":512,\"height\":512,\"caption\":\"Radio Ljubu\u0161ki\"},\"image\":{\"@id\":\"https:\\\/\\\/radioljubuski.ba\\\/#\\\/schema\\\/logo\\\/image\\\/\"},\"sameAs\":[\"https:\\\/\\\/www.facebook.com\\\/Radiio-Ljubuski-1490835324566332\",\"https:\\\/\\\/x.com\\\/radioljubuski\",\"https:\\\/\\\/hr.linkedin.com\\\/company\\\/radio-ljubuski\",\"https:\\\/\\\/www.youtube.com\\\/channel\\\/UCHYaeO_n0Db3tjNGudGpXyw\"]},{\"@type\":\"Person\",\"@id\":\"https:\\\/\\\/radioljubuski.ba\\\/#\\\/schema\\\/person\\\/19fc700381a780f69665d7956c469e3b\",\"name\":\"Radio Ljubu\u0161ki\"}]}<\/script>\n<!-- \/ Yoast SEO plugin. -->","yoast_head_json":{"title":"Snimci iz zraka pokazuju razmjere poplava u Sarajevskoj \u017eupaniji - video - RADIO LJUBU\u0160KI","robots":{"index":"index","follow":"follow","max-snippet":"max-snippet:-1","max-image-preview":"max-image-preview:large","max-video-preview":"max-video-preview:-1"},"canonical":"https:\/\/radioljubuski.ba\/index.php\/2021\/11\/05\/snimci-iz-zraka-pokazuju-razmjere-poplava-u-sarajevskoj-zupaniji-video\/","og_locale":"hr_HR","og_type":"article","og_title":"Snimci iz zraka pokazuju razmjere poplava u Sarajevskoj \u017eupaniji - video - RADIO LJUBU\u0160KI","og_description":"Videosnimci iz zraka koje je na\u010dinila ekipa Dron.ba u najboljoj mjeri pokazuju razmjere poplava koje su pogodile Sarajevsku \u017eupaniju uslijed jakih padavina koje su po\u010dele ju\u010der i nastavile se danas. Snimljena su neka od najkriti\u010dnijih podru\u010dja poput dijela oko autoceste na ulazu u Sarajevo, zatim Ilid\u017ee koja je, kako se vidi iz zraka, potpuno potopljena. [&hellip;]","og_url":"https:\/\/radioljubuski.ba\/index.php\/2021\/11\/05\/snimci-iz-zraka-pokazuju-razmjere-poplava-u-sarajevskoj-zupaniji-video\/","og_site_name":"RADIO LJUBU\u0160KI","article_publisher":"https:\/\/www.facebook.com\/Radiio-Ljubuski-1490835324566332","article_published_time":"2021-11-05T18:42:23+00:00","article_modified_time":"2021-11-05T18:42:24+00:00","og_image":[{"width":1000,"height":625,"url":"https:\/\/radioljubuski.ba\/wp-content\/uploads\/2021\/11\/3-2021-11-05-18-24-25-1636132318-thumbnail_DRON-POPLAVE-750x422-1.jpg","type":"image\/jpeg"}],"author":"Radio Ljubu\u0161ki","twitter_card":"summary_large_image","twitter_creator":"@radioljubuski","twitter_site":"@radioljubuski","twitter_misc":{"Napisao\/la":"Radio Ljubu\u0161ki","Procijenjeno vrijeme \u010ditanja":"1 minuta"},"schema":{"@context":"https:\/\/schema.org","@graph":[{"@type":"Article","@id":"https:\/\/radioljubuski.ba\/index.php\/2021\/11\/05\/snimci-iz-zraka-pokazuju-razmjere-poplava-u-sarajevskoj-zupaniji-video\/#article","isPartOf":{"@id":"https:\/\/radioljubuski.ba\/index.php\/2021\/11\/05\/snimci-iz-zraka-pokazuju-razmjere-poplava-u-sarajevskoj-zupaniji-video\/"},"author":{"name":"Radio Ljubu\u0161ki","@id":"https:\/\/radioljubuski.ba\/#\/schema\/person\/19fc700381a780f69665d7956c469e3b"},"headline":"Snimci iz zraka pokazuju razmjere poplava u Sarajevskoj \u017eupaniji &#8211; video","datePublished":"2021-11-05T18:42:23+00:00","dateModified":"2021-11-05T18:42:24+00:00","mainEntityOfPage":{"@id":"https:\/\/radioljubuski.ba\/index.php\/2021\/11\/05\/snimci-iz-zraka-pokazuju-razmjere-poplava-u-sarajevskoj-zupaniji-video\/"},"wordCount":214,"publisher":{"@id":"https:\/\/radioljubuski.ba\/#organization"},"image":{"@id":"https:\/\/radioljubuski.ba\/index.php\/2021\/11\/05\/snimci-iz-zraka-pokazuju-razmjere-poplava-u-sarajevskoj-zupaniji-video\/#primaryimage"},"thumbnailUrl":"https:\/\/radioljubuski.ba\/wp-content\/uploads\/2021\/11\/3-2021-11-05-18-24-25-1636132318-thumbnail_DRON-POPLAVE-750x422-1.jpg","articleSection":["BIH i regija"],"inLanguage":"hr"},{"@type":"WebPage","@id":"https:\/\/radioljubuski.ba\/index.php\/2021\/11\/05\/snimci-iz-zraka-pokazuju-razmjere-poplava-u-sarajevskoj-zupaniji-video\/","url":"https:\/\/radioljubuski.ba\/index.php\/2021\/11\/05\/snimci-iz-zraka-pokazuju-razmjere-poplava-u-sarajevskoj-zupaniji-video\/","name":"Snimci iz zraka pokazuju razmjere poplava u Sarajevskoj \u017eupaniji - video - RADIO LJUBU\u0160KI","isPartOf":{"@id":"https:\/\/radioljubuski.ba\/#website"},"primaryImageOfPage":{"@id":"https:\/\/radioljubuski.ba\/index.php\/2021\/11\/05\/snimci-iz-zraka-pokazuju-razmjere-poplava-u-sarajevskoj-zupaniji-video\/#primaryimage"},"image":{"@id":"https:\/\/radioljubuski.ba\/index.php\/2021\/11\/05\/snimci-iz-zraka-pokazuju-razmjere-poplava-u-sarajevskoj-zupaniji-video\/#primaryimage"},"thumbnailUrl":"https:\/\/radioljubuski.ba\/wp-content\/uploads\/2021\/11\/3-2021-11-05-18-24-25-1636132318-thumbnail_DRON-POPLAVE-750x422-1.jpg","datePublished":"2021-11-05T18:42:23+00:00","dateModified":"2021-11-05T18:42:24+00:00","breadcrumb":{"@id":"https:\/\/radioljubuski.ba\/index.php\/2021\/11\/05\/snimci-iz-zraka-pokazuju-razmjere-poplava-u-sarajevskoj-zupaniji-video\/#breadcrumb"},"inLanguage":"hr","potentialAction":[{"@type":"ReadAction","target":["https:\/\/radioljubuski.ba\/index.php\/2021\/11\/05\/snimci-iz-zraka-pokazuju-razmjere-poplava-u-sarajevskoj-zupaniji-video\/"]}]},{"@type":"ImageObject","inLanguage":"hr","@id":"https:\/\/radioljubuski.ba\/index.php\/2021\/11\/05\/snimci-iz-zraka-pokazuju-razmjere-poplava-u-sarajevskoj-zupaniji-video\/#primaryimage","url":"https:\/\/radioljubuski.ba\/wp-content\/uploads\/2021\/11\/3-2021-11-05-18-24-25-1636132318-thumbnail_DRON-POPLAVE-750x422-1.jpg","contentUrl":"https:\/\/radioljubuski.ba\/wp-content\/uploads\/2021\/11\/3-2021-11-05-18-24-25-1636132318-thumbnail_DRON-POPLAVE-750x422-1.jpg","width":1000,"height":625},{"@type":"BreadcrumbList","@id":"https:\/\/radioljubuski.ba\/index.php\/2021\/11\/05\/snimci-iz-zraka-pokazuju-razmjere-poplava-u-sarajevskoj-zupaniji-video\/#breadcrumb","itemListElement":[{"@type":"ListItem","position":1,"name":"Po\u010detna stranica","item":"https:\/\/radioljubuski.ba\/"},{"@type":"ListItem","position":2,"name":"Snimci iz zraka pokazuju razmjere poplava u Sarajevskoj \u017eupaniji &#8211; video"}]},{"@type":"WebSite","@id":"https:\/\/radioljubuski.ba\/#website","url":"https:\/\/radioljubuski.ba\/","name":"Radio Ljubu\u0161ki","description":"Sun\u010dana frekvencija Hercegovine","publisher":{"@id":"https:\/\/radioljubuski.ba\/#organization"},"potentialAction":[{"@type":"SearchAction","target":{"@type":"EntryPoint","urlTemplate":"https:\/\/radioljubuski.ba\/?s={search_term_string}"},"query-input":{"@type":"PropertyValueSpecification","valueRequired":true,"valueName":"search_term_string"}}],"inLanguage":"hr"},{"@type":"Organization","@id":"https:\/\/radioljubuski.ba\/#organization","name":"Radio Ljubu\u0161ki","url":"https:\/\/radioljubuski.ba\/","logo":{"@type":"ImageObject","inLanguage":"hr","@id":"https:\/\/radioljubuski.ba\/#\/schema\/logo\/image\/","url":"https:\/\/radioljubuski.ba\/wp-content\/uploads\/2021\/02\/cropped-Radio_Ljubuski_logo1.jpg","contentUrl":"https:\/\/radioljubuski.ba\/wp-content\/uploads\/2021\/02\/cropped-Radio_Ljubuski_logo1.jpg","width":512,"height":512,"caption":"Radio Ljubu\u0161ki"},"image":{"@id":"https:\/\/radioljubuski.ba\/#\/schema\/logo\/image\/"},"sameAs":["https:\/\/www.facebook.com\/Radiio-Ljubuski-1490835324566332","https:\/\/x.com\/radioljubuski","https:\/\/hr.linkedin.com\/company\/radio-ljubuski","https:\/\/www.youtube.com\/channel\/UCHYaeO_n0Db3tjNGudGpXyw"]},{"@type":"Person","@id":"https:\/\/radioljubuski.ba\/#\/schema\/person\/19fc700381a780f69665d7956c469e3b","name":"Radio Ljubu\u0161ki"}]}},"_links":{"self":[{"href":"https:\/\/radioljubuski.ba\/index.php\/wp-json\/wp\/v2\/posts\/85509","targetHints":{"allow":["GET"]}}],"collection":[{"href":"https:\/\/radioljubuski.ba\/index.php\/wp-json\/wp\/v2\/posts"}],"about":[{"href":"https:\/\/radioljubuski.ba\/index.php\/wp-json\/wp\/v2\/types\/post"}],"author":[{"embeddable":true,"href":"https:\/\/radioljubuski.ba\/index.php\/wp-json\/wp\/v2\/users\/2"}],"replies":[{"embeddable":true,"href":"https:\/\/radioljubuski.ba\/index.php\/wp-json\/wp\/v2\/comments?post=85509"}],"version-history":[{"count":1,"href":"https:\/\/radioljubuski.ba\/index.php\/wp-json\/wp\/v2\/posts\/85509\/revisions"}],"predecessor-version":[{"id":85511,"href":"https:\/\/radioljubuski.ba\/index.php\/wp-json\/wp\/v2\/posts\/85509\/revisions\/85511"}],"wp:featuredmedia":[{"embeddable":true,"href":"https:\/\/radioljubuski.ba\/index.php\/wp-json\/wp\/v2\/media\/85510"}],"wp:attachment":[{"href":"https:\/\/radioljubuski.ba\/index.php\/wp-json\/wp\/v2\/media?parent=85509"}],"wp:term":[{"taxonomy":"category","embeddable":true,"href":"https:\/\/radioljubuski.ba\/index.php\/wp-json\/wp\/v2\/categories?post=85509"},{"taxonomy":"post_tag","embeddable":true,"href":"https:\/\/radioljubuski.ba\/index.php\/wp-json\/wp\/v2\/tags?post=85509"}],"curies":[{"name":"wp","href":"https:\/\/api.w.org\/{rel}","templated":true}]}}