{"id":85512,"date":"2021-11-05T19:45:33","date_gmt":"2021-11-05T18:45:33","guid":{"rendered":"https:\/\/radioljubuski.ba\/?p=85512"},"modified":"2021-11-05T19:45:34","modified_gmt":"2021-11-05T18:45:34","slug":"andric-steta-sto-nisam-zabio-bas-u-35-minuti","status":"publish","type":"post","link":"https:\/\/radioljubuski.ba\/index.php\/2021\/11\/05\/andric-steta-sto-nisam-zabio-bas-u-35-minuti\/","title":{"rendered":"Andri\u0107: \u0160teta \u0161to nisam zabio ba\u0161 u 35. minuti!"},"content":{"rendered":"\n<p><strong>&#8211; Poraz u Be\u010du je bio lo\u0161 dan. Kazao sam kako se moramo koncentrirati na nas. Znamo koliko smo jaki kad smo pravi, rekao je strijelac Komnen Andri\u0107 nakon Dinamove pobjede 3-1 protiv Rapida u susretu 4. kola H skupine Europske lige nakon koje su se Modri vratili na drugu poziciju.<\/strong><\/p>\n\n\n\n<p>Rapid je poveo ve\u0107 u osmoj minuti golom&nbsp;<strong>Christopha Knasm\u00fcllnera<\/strong>, no Modri su do kraja poluvremena okrenuli rezultat golovima<strong>&nbsp;Brune Petkovi\u0107a<\/strong>&nbsp;(13) i&nbsp;<strong>Andri\u0107a&nbsp;<\/strong>(34). Pobjedu Dinama potvrdio je&nbsp;<strong>Josip \u0160utalo<\/strong>&nbsp;(83).<br><br>&#8211; Pokazali smo mom\u010dadsku igru, svi su dali svoj maksimum. To je najve\u0107a snaga. Rani gol nas je mo\u017eda pokrenuo da igramo jo\u0161 odlu\u010dnije. Bili smo pravi, sretan sam zbog gola, ali pobjeda mi mnogo zna\u010di. Najva\u017enija je ekipa, dodao je Andri\u0107 \u010destitav\u0161i navija\u010dima ro\u0111endan: &#8211; \u0160teta \u0161to ga nisam zabio ba\u0161 u 35. minuti.<\/p>\n\n\n\n<p>Andri\u0107 se osvrnuo i na idu\u0107eg suparnika, belgijski Genk.<br><br><\/p>\n\n\n\n<p>&#8211; Malo smo gledali njihovu utakmicu protiv West Hama. Me\u0111utim, moramo se koncentrirati na nas. U dobroj smo poziciji. Ako \u0107emo biti pravi ne\u0107e biti problema.<br><br>Srpski napada\u010d je komentirao i svoju poziciju u klubu, te \u010dinjenicu da je morao \u010dekati na priliku.<br><br>&#8211; Bilo mi je te\u0161ko, ali nisam \u017eelio odustati. Trudio sam se i radio. Strpljivo sam \u010dekao priliku. Dinamo je velika mom\u010dad, ima 30 igra\u010da koji su kvalitetni i pitanje je trenutka kada \u0107e tko isko\u010diti, zaklju\u010dio je Andri\u0107.<\/p>\n\n\n\n<iframe loading=\"lazy\" src=\"https:\/\/www.facebook.com\/plugins\/video.php?height=476&#038;href=https%3A%2F%2Fwww.facebook.com%2FHRTsport%2Fvideos%2F384002396739846%2F&#038;show_text=false&#038;width=476&#038;t=0\" width=\"476\" height=\"476\" style=\"border:none;overflow:hidden\" scrolling=\"no\" frameborder=\"0\" allowfullscreen=\"true\" allow=\"autoplay; clipboard-write; encrypted-media; picture-in-picture; web-share\" allowFullScreen=\"true\"><\/iframe>\n\n\n\n<p>Izvor:hrt.hr<\/p>\n","protected":false},"excerpt":{"rendered":"<p>&#8211; Poraz u Be\u010du je bio lo\u0161 dan. Kazao sam kako se moramo koncentrirati na nas. Znamo koliko smo jaki kad smo pravi, rekao je strijelac Komnen Andri\u0107 nakon Dinamove pobjede 3-1 protiv Rapida u susretu 4. kola H skupine Europske lige nakon koje su se Modri vratili na drugu poziciju. Rapid je poveo ve\u0107 [&hellip;]<\/p>\n","protected":false},"author":2,"featured_media":85513,"comment_status":"closed","ping_status":"closed","sticky":false,"template":"","format":"standard","meta":{"h5ap_radio_sources":[],"footnotes":""},"categories":[7],"tags":[],"class_list":["post-85512","post","type-post","status-publish","format-standard","has-post-thumbnail","hentry","category-sport"],"yoast_head":"<!-- This site is optimized with the Yoast SEO plugin v27.5 - https:\/\/yoast.com\/product\/yoast-seo-wordpress\/ -->\n<title>Andri\u0107: \u0160teta \u0161to nisam zabio ba\u0161 u 35. minuti! - RADIO LJUBU\u0160KI<\/title>\n<meta name=\"robots\" content=\"index, follow, max-snippet:-1, max-image-preview:large, max-video-preview:-1\" \/>\n<link rel=\"canonical\" href=\"https:\/\/radioljubuski.ba\/index.php\/2021\/11\/05\/andric-steta-sto-nisam-zabio-bas-u-35-minuti\/\" \/>\n<meta property=\"og:locale\" content=\"hr_HR\" \/>\n<meta property=\"og:type\" content=\"article\" \/>\n<meta property=\"og:title\" content=\"Andri\u0107: \u0160teta \u0161to nisam zabio ba\u0161 u 35. minuti! - RADIO LJUBU\u0160KI\" \/>\n<meta property=\"og:description\" content=\"&#8211; Poraz u Be\u010du je bio lo\u0161 dan. Kazao sam kako se moramo koncentrirati na nas. Znamo koliko smo jaki kad smo pravi, rekao je strijelac Komnen Andri\u0107 nakon Dinamove pobjede 3-1 protiv Rapida u susretu 4. kola H skupine Europske lige nakon koje su se Modri vratili na drugu poziciju. Rapid je poveo ve\u0107 [&hellip;]\" \/>\n<meta property=\"og:url\" content=\"https:\/\/radioljubuski.ba\/index.php\/2021\/11\/05\/andric-steta-sto-nisam-zabio-bas-u-35-minuti\/\" \/>\n<meta property=\"og:site_name\" content=\"RADIO LJUBU\u0160KI\" \/>\n<meta property=\"article:publisher\" content=\"https:\/\/www.facebook.com\/Radiio-Ljubuski-1490835324566332\" \/>\n<meta property=\"article:published_time\" content=\"2021-11-05T18:45:33+00:00\" \/>\n<meta property=\"article:modified_time\" content=\"2021-11-05T18:45:34+00:00\" \/>\n<meta property=\"og:image\" content=\"https:\/\/radioljubuski.ba\/wp-content\/uploads\/2021\/11\/pxl-041121-90494086-20211105070614.jpg\" \/>\n\t<meta property=\"og:image:width\" content=\"1600\" \/>\n\t<meta property=\"og:image:height\" content=\"1039\" \/>\n\t<meta property=\"og:image:type\" content=\"image\/jpeg\" \/>\n<meta name=\"author\" content=\"Radio Ljubu\u0161ki\" \/>\n<meta name=\"twitter:card\" content=\"summary_large_image\" \/>\n<meta name=\"twitter:creator\" content=\"@radioljubuski\" \/>\n<meta name=\"twitter:site\" content=\"@radioljubuski\" \/>\n<meta name=\"twitter:label1\" content=\"Napisao\/la\" \/>\n\t<meta name=\"twitter:data1\" content=\"Radio Ljubu\u0161ki\" \/>\n\t<meta name=\"twitter:label2\" content=\"Procijenjeno vrijeme \u010ditanja\" \/>\n\t<meta name=\"twitter:data2\" content=\"1 minuta\" \/>\n<script type=\"application\/ld+json\" class=\"yoast-schema-graph\">{\"@context\":\"https:\\\/\\\/schema.org\",\"@graph\":[{\"@type\":\"Article\",\"@id\":\"https:\\\/\\\/radioljubuski.ba\\\/index.php\\\/2021\\\/11\\\/05\\\/andric-steta-sto-nisam-zabio-bas-u-35-minuti\\\/#article\",\"isPartOf\":{\"@id\":\"https:\\\/\\\/radioljubuski.ba\\\/index.php\\\/2021\\\/11\\\/05\\\/andric-steta-sto-nisam-zabio-bas-u-35-minuti\\\/\"},\"author\":{\"name\":\"Radio Ljubu\u0161ki\",\"@id\":\"https:\\\/\\\/radioljubuski.ba\\\/#\\\/schema\\\/person\\\/19fc700381a780f69665d7956c469e3b\"},\"headline\":\"Andri\u0107: \u0160teta \u0161to nisam zabio ba\u0161 u 35. minuti!\",\"datePublished\":\"2021-11-05T18:45:33+00:00\",\"dateModified\":\"2021-11-05T18:45:34+00:00\",\"mainEntityOfPage\":{\"@id\":\"https:\\\/\\\/radioljubuski.ba\\\/index.php\\\/2021\\\/11\\\/05\\\/andric-steta-sto-nisam-zabio-bas-u-35-minuti\\\/\"},\"wordCount\":262,\"publisher\":{\"@id\":\"https:\\\/\\\/radioljubuski.ba\\\/#organization\"},\"image\":{\"@id\":\"https:\\\/\\\/radioljubuski.ba\\\/index.php\\\/2021\\\/11\\\/05\\\/andric-steta-sto-nisam-zabio-bas-u-35-minuti\\\/#primaryimage\"},\"thumbnailUrl\":\"https:\\\/\\\/radioljubuski.ba\\\/wp-content\\\/uploads\\\/2021\\\/11\\\/pxl-041121-90494086-20211105070614.jpg\",\"articleSection\":[\"\u0160port\"],\"inLanguage\":\"hr\"},{\"@type\":\"WebPage\",\"@id\":\"https:\\\/\\\/radioljubuski.ba\\\/index.php\\\/2021\\\/11\\\/05\\\/andric-steta-sto-nisam-zabio-bas-u-35-minuti\\\/\",\"url\":\"https:\\\/\\\/radioljubuski.ba\\\/index.php\\\/2021\\\/11\\\/05\\\/andric-steta-sto-nisam-zabio-bas-u-35-minuti\\\/\",\"name\":\"Andri\u0107: \u0160teta \u0161to nisam zabio ba\u0161 u 35. minuti! - RADIO LJUBU\u0160KI\",\"isPartOf\":{\"@id\":\"https:\\\/\\\/radioljubuski.ba\\\/#website\"},\"primaryImageOfPage\":{\"@id\":\"https:\\\/\\\/radioljubuski.ba\\\/index.php\\\/2021\\\/11\\\/05\\\/andric-steta-sto-nisam-zabio-bas-u-35-minuti\\\/#primaryimage\"},\"image\":{\"@id\":\"https:\\\/\\\/radioljubuski.ba\\\/index.php\\\/2021\\\/11\\\/05\\\/andric-steta-sto-nisam-zabio-bas-u-35-minuti\\\/#primaryimage\"},\"thumbnailUrl\":\"https:\\\/\\\/radioljubuski.ba\\\/wp-content\\\/uploads\\\/2021\\\/11\\\/pxl-041121-90494086-20211105070614.jpg\",\"datePublished\":\"2021-11-05T18:45:33+00:00\",\"dateModified\":\"2021-11-05T18:45:34+00:00\",\"breadcrumb\":{\"@id\":\"https:\\\/\\\/radioljubuski.ba\\\/index.php\\\/2021\\\/11\\\/05\\\/andric-steta-sto-nisam-zabio-bas-u-35-minuti\\\/#breadcrumb\"},\"inLanguage\":\"hr\",\"potentialAction\":[{\"@type\":\"ReadAction\",\"target\":[\"https:\\\/\\\/radioljubuski.ba\\\/index.php\\\/2021\\\/11\\\/05\\\/andric-steta-sto-nisam-zabio-bas-u-35-minuti\\\/\"]}]},{\"@type\":\"ImageObject\",\"inLanguage\":\"hr\",\"@id\":\"https:\\\/\\\/radioljubuski.ba\\\/index.php\\\/2021\\\/11\\\/05\\\/andric-steta-sto-nisam-zabio-bas-u-35-minuti\\\/#primaryimage\",\"url\":\"https:\\\/\\\/radioljubuski.ba\\\/wp-content\\\/uploads\\\/2021\\\/11\\\/pxl-041121-90494086-20211105070614.jpg\",\"contentUrl\":\"https:\\\/\\\/radioljubuski.ba\\\/wp-content\\\/uploads\\\/2021\\\/11\\\/pxl-041121-90494086-20211105070614.jpg\",\"width\":1600,\"height\":1039,\"caption\":\"04.11.2021., stadion Maksimir, Zagreb - UEFA Europska liga, skupina H, 4. kolo, GNK Dinamo - Rapid Wien.\"},{\"@type\":\"BreadcrumbList\",\"@id\":\"https:\\\/\\\/radioljubuski.ba\\\/index.php\\\/2021\\\/11\\\/05\\\/andric-steta-sto-nisam-zabio-bas-u-35-minuti\\\/#breadcrumb\",\"itemListElement\":[{\"@type\":\"ListItem\",\"position\":1,\"name\":\"Po\u010detna stranica\",\"item\":\"https:\\\/\\\/radioljubuski.ba\\\/\"},{\"@type\":\"ListItem\",\"position\":2,\"name\":\"Andri\u0107: \u0160teta \u0161to nisam zabio ba\u0161 u 35. minuti!\"}]},{\"@type\":\"WebSite\",\"@id\":\"https:\\\/\\\/radioljubuski.ba\\\/#website\",\"url\":\"https:\\\/\\\/radioljubuski.ba\\\/\",\"name\":\"Radio Ljubu\u0161ki\",\"description\":\"Sun\u010dana frekvencija Hercegovine\",\"publisher\":{\"@id\":\"https:\\\/\\\/radioljubuski.ba\\\/#organization\"},\"potentialAction\":[{\"@type\":\"SearchAction\",\"target\":{\"@type\":\"EntryPoint\",\"urlTemplate\":\"https:\\\/\\\/radioljubuski.ba\\\/?s={search_term_string}\"},\"query-input\":{\"@type\":\"PropertyValueSpecification\",\"valueRequired\":true,\"valueName\":\"search_term_string\"}}],\"inLanguage\":\"hr\"},{\"@type\":\"Organization\",\"@id\":\"https:\\\/\\\/radioljubuski.ba\\\/#organization\",\"name\":\"Radio Ljubu\u0161ki\",\"url\":\"https:\\\/\\\/radioljubuski.ba\\\/\",\"logo\":{\"@type\":\"ImageObject\",\"inLanguage\":\"hr\",\"@id\":\"https:\\\/\\\/radioljubuski.ba\\\/#\\\/schema\\\/logo\\\/image\\\/\",\"url\":\"https:\\\/\\\/radioljubuski.ba\\\/wp-content\\\/uploads\\\/2021\\\/02\\\/cropped-Radio_Ljubuski_logo1.jpg\",\"contentUrl\":\"https:\\\/\\\/radioljubuski.ba\\\/wp-content\\\/uploads\\\/2021\\\/02\\\/cropped-Radio_Ljubuski_logo1.jpg\",\"width\":512,\"height\":512,\"caption\":\"Radio Ljubu\u0161ki\"},\"image\":{\"@id\":\"https:\\\/\\\/radioljubuski.ba\\\/#\\\/schema\\\/logo\\\/image\\\/\"},\"sameAs\":[\"https:\\\/\\\/www.facebook.com\\\/Radiio-Ljubuski-1490835324566332\",\"https:\\\/\\\/x.com\\\/radioljubuski\",\"https:\\\/\\\/hr.linkedin.com\\\/company\\\/radio-ljubuski\",\"https:\\\/\\\/www.youtube.com\\\/channel\\\/UCHYaeO_n0Db3tjNGudGpXyw\"]},{\"@type\":\"Person\",\"@id\":\"https:\\\/\\\/radioljubuski.ba\\\/#\\\/schema\\\/person\\\/19fc700381a780f69665d7956c469e3b\",\"name\":\"Radio Ljubu\u0161ki\"}]}<\/script>\n<!-- \/ Yoast SEO plugin. -->","yoast_head_json":{"title":"Andri\u0107: \u0160teta \u0161to nisam zabio ba\u0161 u 35. minuti! - RADIO LJUBU\u0160KI","robots":{"index":"index","follow":"follow","max-snippet":"max-snippet:-1","max-image-preview":"max-image-preview:large","max-video-preview":"max-video-preview:-1"},"canonical":"https:\/\/radioljubuski.ba\/index.php\/2021\/11\/05\/andric-steta-sto-nisam-zabio-bas-u-35-minuti\/","og_locale":"hr_HR","og_type":"article","og_title":"Andri\u0107: \u0160teta \u0161to nisam zabio ba\u0161 u 35. minuti! - RADIO LJUBU\u0160KI","og_description":"&#8211; Poraz u Be\u010du je bio lo\u0161 dan. Kazao sam kako se moramo koncentrirati na nas. Znamo koliko smo jaki kad smo pravi, rekao je strijelac Komnen Andri\u0107 nakon Dinamove pobjede 3-1 protiv Rapida u susretu 4. kola H skupine Europske lige nakon koje su se Modri vratili na drugu poziciju. Rapid je poveo ve\u0107 [&hellip;]","og_url":"https:\/\/radioljubuski.ba\/index.php\/2021\/11\/05\/andric-steta-sto-nisam-zabio-bas-u-35-minuti\/","og_site_name":"RADIO LJUBU\u0160KI","article_publisher":"https:\/\/www.facebook.com\/Radiio-Ljubuski-1490835324566332","article_published_time":"2021-11-05T18:45:33+00:00","article_modified_time":"2021-11-05T18:45:34+00:00","og_image":[{"width":1600,"height":1039,"url":"https:\/\/radioljubuski.ba\/wp-content\/uploads\/2021\/11\/pxl-041121-90494086-20211105070614.jpg","type":"image\/jpeg"}],"author":"Radio Ljubu\u0161ki","twitter_card":"summary_large_image","twitter_creator":"@radioljubuski","twitter_site":"@radioljubuski","twitter_misc":{"Napisao\/la":"Radio Ljubu\u0161ki","Procijenjeno vrijeme \u010ditanja":"1 minuta"},"schema":{"@context":"https:\/\/schema.org","@graph":[{"@type":"Article","@id":"https:\/\/radioljubuski.ba\/index.php\/2021\/11\/05\/andric-steta-sto-nisam-zabio-bas-u-35-minuti\/#article","isPartOf":{"@id":"https:\/\/radioljubuski.ba\/index.php\/2021\/11\/05\/andric-steta-sto-nisam-zabio-bas-u-35-minuti\/"},"author":{"name":"Radio Ljubu\u0161ki","@id":"https:\/\/radioljubuski.ba\/#\/schema\/person\/19fc700381a780f69665d7956c469e3b"},"headline":"Andri\u0107: \u0160teta \u0161to nisam zabio ba\u0161 u 35. minuti!","datePublished":"2021-11-05T18:45:33+00:00","dateModified":"2021-11-05T18:45:34+00:00","mainEntityOfPage":{"@id":"https:\/\/radioljubuski.ba\/index.php\/2021\/11\/05\/andric-steta-sto-nisam-zabio-bas-u-35-minuti\/"},"wordCount":262,"publisher":{"@id":"https:\/\/radioljubuski.ba\/#organization"},"image":{"@id":"https:\/\/radioljubuski.ba\/index.php\/2021\/11\/05\/andric-steta-sto-nisam-zabio-bas-u-35-minuti\/#primaryimage"},"thumbnailUrl":"https:\/\/radioljubuski.ba\/wp-content\/uploads\/2021\/11\/pxl-041121-90494086-20211105070614.jpg","articleSection":["\u0160port"],"inLanguage":"hr"},{"@type":"WebPage","@id":"https:\/\/radioljubuski.ba\/index.php\/2021\/11\/05\/andric-steta-sto-nisam-zabio-bas-u-35-minuti\/","url":"https:\/\/radioljubuski.ba\/index.php\/2021\/11\/05\/andric-steta-sto-nisam-zabio-bas-u-35-minuti\/","name":"Andri\u0107: \u0160teta \u0161to nisam zabio ba\u0161 u 35. minuti! - RADIO LJUBU\u0160KI","isPartOf":{"@id":"https:\/\/radioljubuski.ba\/#website"},"primaryImageOfPage":{"@id":"https:\/\/radioljubuski.ba\/index.php\/2021\/11\/05\/andric-steta-sto-nisam-zabio-bas-u-35-minuti\/#primaryimage"},"image":{"@id":"https:\/\/radioljubuski.ba\/index.php\/2021\/11\/05\/andric-steta-sto-nisam-zabio-bas-u-35-minuti\/#primaryimage"},"thumbnailUrl":"https:\/\/radioljubuski.ba\/wp-content\/uploads\/2021\/11\/pxl-041121-90494086-20211105070614.jpg","datePublished":"2021-11-05T18:45:33+00:00","dateModified":"2021-11-05T18:45:34+00:00","breadcrumb":{"@id":"https:\/\/radioljubuski.ba\/index.php\/2021\/11\/05\/andric-steta-sto-nisam-zabio-bas-u-35-minuti\/#breadcrumb"},"inLanguage":"hr","potentialAction":[{"@type":"ReadAction","target":["https:\/\/radioljubuski.ba\/index.php\/2021\/11\/05\/andric-steta-sto-nisam-zabio-bas-u-35-minuti\/"]}]},{"@type":"ImageObject","inLanguage":"hr","@id":"https:\/\/radioljubuski.ba\/index.php\/2021\/11\/05\/andric-steta-sto-nisam-zabio-bas-u-35-minuti\/#primaryimage","url":"https:\/\/radioljubuski.ba\/wp-content\/uploads\/2021\/11\/pxl-041121-90494086-20211105070614.jpg","contentUrl":"https:\/\/radioljubuski.ba\/wp-content\/uploads\/2021\/11\/pxl-041121-90494086-20211105070614.jpg","width":1600,"height":1039,"caption":"04.11.2021., stadion Maksimir, Zagreb - UEFA Europska liga, skupina H, 4. kolo, GNK Dinamo - Rapid Wien."},{"@type":"BreadcrumbList","@id":"https:\/\/radioljubuski.ba\/index.php\/2021\/11\/05\/andric-steta-sto-nisam-zabio-bas-u-35-minuti\/#breadcrumb","itemListElement":[{"@type":"ListItem","position":1,"name":"Po\u010detna stranica","item":"https:\/\/radioljubuski.ba\/"},{"@type":"ListItem","position":2,"name":"Andri\u0107: \u0160teta \u0161to nisam zabio ba\u0161 u 35. minuti!"}]},{"@type":"WebSite","@id":"https:\/\/radioljubuski.ba\/#website","url":"https:\/\/radioljubuski.ba\/","name":"Radio Ljubu\u0161ki","description":"Sun\u010dana frekvencija Hercegovine","publisher":{"@id":"https:\/\/radioljubuski.ba\/#organization"},"potentialAction":[{"@type":"SearchAction","target":{"@type":"EntryPoint","urlTemplate":"https:\/\/radioljubuski.ba\/?s={search_term_string}"},"query-input":{"@type":"PropertyValueSpecification","valueRequired":true,"valueName":"search_term_string"}}],"inLanguage":"hr"},{"@type":"Organization","@id":"https:\/\/radioljubuski.ba\/#organization","name":"Radio Ljubu\u0161ki","url":"https:\/\/radioljubuski.ba\/","logo":{"@type":"ImageObject","inLanguage":"hr","@id":"https:\/\/radioljubuski.ba\/#\/schema\/logo\/image\/","url":"https:\/\/radioljubuski.ba\/wp-content\/uploads\/2021\/02\/cropped-Radio_Ljubuski_logo1.jpg","contentUrl":"https:\/\/radioljubuski.ba\/wp-content\/uploads\/2021\/02\/cropped-Radio_Ljubuski_logo1.jpg","width":512,"height":512,"caption":"Radio Ljubu\u0161ki"},"image":{"@id":"https:\/\/radioljubuski.ba\/#\/schema\/logo\/image\/"},"sameAs":["https:\/\/www.facebook.com\/Radiio-Ljubuski-1490835324566332","https:\/\/x.com\/radioljubuski","https:\/\/hr.linkedin.com\/company\/radio-ljubuski","https:\/\/www.youtube.com\/channel\/UCHYaeO_n0Db3tjNGudGpXyw"]},{"@type":"Person","@id":"https:\/\/radioljubuski.ba\/#\/schema\/person\/19fc700381a780f69665d7956c469e3b","name":"Radio Ljubu\u0161ki"}]}},"_links":{"self":[{"href":"https:\/\/radioljubuski.ba\/index.php\/wp-json\/wp\/v2\/posts\/85512","targetHints":{"allow":["GET"]}}],"collection":[{"href":"https:\/\/radioljubuski.ba\/index.php\/wp-json\/wp\/v2\/posts"}],"about":[{"href":"https:\/\/radioljubuski.ba\/index.php\/wp-json\/wp\/v2\/types\/post"}],"author":[{"embeddable":true,"href":"https:\/\/radioljubuski.ba\/index.php\/wp-json\/wp\/v2\/users\/2"}],"replies":[{"embeddable":true,"href":"https:\/\/radioljubuski.ba\/index.php\/wp-json\/wp\/v2\/comments?post=85512"}],"version-history":[{"count":1,"href":"https:\/\/radioljubuski.ba\/index.php\/wp-json\/wp\/v2\/posts\/85512\/revisions"}],"predecessor-version":[{"id":85514,"href":"https:\/\/radioljubuski.ba\/index.php\/wp-json\/wp\/v2\/posts\/85512\/revisions\/85514"}],"wp:featuredmedia":[{"embeddable":true,"href":"https:\/\/radioljubuski.ba\/index.php\/wp-json\/wp\/v2\/media\/85513"}],"wp:attachment":[{"href":"https:\/\/radioljubuski.ba\/index.php\/wp-json\/wp\/v2\/media?parent=85512"}],"wp:term":[{"taxonomy":"category","embeddable":true,"href":"https:\/\/radioljubuski.ba\/index.php\/wp-json\/wp\/v2\/categories?post=85512"},{"taxonomy":"post_tag","embeddable":true,"href":"https:\/\/radioljubuski.ba\/index.php\/wp-json\/wp\/v2\/tags?post=85512"}],"curies":[{"name":"wp","href":"https:\/\/api.w.org\/{rel}","templated":true}]}}