{"id":85518,"date":"2021-11-05T19:51:51","date_gmt":"2021-11-05T18:51:51","guid":{"rendered":"https:\/\/radioljubuski.ba\/?p=85518"},"modified":"2021-11-05T19:51:52","modified_gmt":"2021-11-05T18:51:52","slug":"pezzi-cestitao-dinamu-lako-vam-je-kad-imate-tri-cetiri-dalmatinca","status":"publish","type":"post","link":"https:\/\/radioljubuski.ba\/index.php\/2021\/11\/05\/pezzi-cestitao-dinamu-lako-vam-je-kad-imate-tri-cetiri-dalmatinca\/","title":{"rendered":"Pezzi \u010destitao Dinamu: Lako vam je kad imate tri-\u010detiri Dalmatinca"},"content":{"rendered":"\n<p><strong>Dinamo nije mogao uputiti bolju, ljep\u0161u i sjajniju \u010destitku od velike pobjede u Europskoj ligi na svom Maksimiru &#8211; Modri su svladali be\u010dki Rapid 3:1. Petkovi\u0107 je doslovno eksplodirao, prvi europski gol postigao je robusni Andri\u0107, a to\u010dku na I stavio je \u0160utalo.<\/strong><\/p>\n\n\n\n<p>U sino\u0107njoj Dinamovoj igri u\u017eivali su i Dalmatinci, Spli\u0107anin&nbsp;<strong>Edo Pezzi&nbsp;<\/strong>i \u0160iben\u010danin<strong>&nbsp;Ivo Mikuli\u010din.<\/strong><br><br><\/p>\n\n\n\n<p>&#8211;\u00a0<strong>Petkovi\u0107\u00a0<\/strong>je samo dokazao da mu mjesto u \u0161pici nije pravo, da je njegovo mjesto u polu\u0161pici, da kad je rije\u010d o Dinamu treba biti zamjena za\u00a0<strong>Olma<\/strong>, a ne klasi\u010dni napada\u010d, rekao je Mikuli\u010din u Studiju 4.<br><br>&#8211; Odigrali su jednu mu\u0161ku utakmicu, bez naboja, bez borbenosti ne mo\u017ee se dobiti nikoga. Lako vam je sad govoriti, mislim na Bad Blue Boyse i dinamovce, kad imate tri-\u010detiri Dalmatinca, pogledajte osovina\u00a0<strong>Livakovi\u0107<\/strong>&#8211;<strong>\u0160utalo<\/strong>&#8211;<strong>Petkovi\u0107<\/strong>. Usto jedan briljantan\u00a0<strong>Or\u0161i\u0107<\/strong>\u00a0u kojeg sam ja naprosto zaljubljen. Mom\u010dad puna morala, puna \u017eelje, ne mo\u017ee druk\u010dije zavr\u0161iti. Meni je drago da su ti prepotentni Austrijanci, koji su uhvatili Dinamo na spavanju u prvoj utakmici, dobili porciju, a bilo mi je \u017eao da nisu u\u0161le one dvije vratnice pa da bude prava predstava. Ovo je dokaz, ovo je \u0161kolski primjer kako je zajedni\u0161tvo najva\u017enija stvar u mom\u010dadskim sportovima. Dinamo je to ju\u010der pokazao. Pogotovo taj Petkovi\u0107. On ima ideju. Vra\u0107am se na one na\u0161e stare igra\u010de iz ovog cijelog regiona dalmatinskog, oni su imali talent, jednu profinjenost i ne\u0161to \u0161to drugi nemaju. To ima Petkovi\u0107. Kad bi bio jo\u0161 korisniji, mogao bi postati svjetski igra\u010d.<\/p>\n\n\n\n<iframe loading=\"lazy\" src=\"https:\/\/www.facebook.com\/plugins\/video.php?height=476&#038;href=https%3A%2F%2Fwww.facebook.com%2FHRTsport%2Fvideos%2F873785363286896%2F&#038;show_text=false&#038;width=476&#038;t=0\" width=\"476\" height=\"476\" style=\"border:none;overflow:hidden\" scrolling=\"no\" frameborder=\"0\" allowfullscreen=\"true\" allow=\"autoplay; clipboard-write; encrypted-media; picture-in-picture; web-share\" allowFullScreen=\"true\"><\/iframe>\n\n\n\n<p>Mikuli\u010din se ne sla\u017ee da je Dinamo igrao sjajno u svim linijama.<br><br>&#8211; Po meni je propusna sredina obrane Dinama i da sam na mjestu&nbsp;<strong>Krznara&nbsp;<\/strong>ja bih tra\u017eio neka druga rje\u0161enja, mo\u017eda i druga\u010diji sustav igre. \u010cak bih razmi\u0161ljao o igri s tri stopera, \u0161to je nekad bilo demode, a danas mnogi koriste u najboljim europskim klubovima jer onakav gol primiti kroz sredinu obrane, to je naiva koju mom\u010dad koja pretendira na europsko prolje\u0107e ne smije sebi dopustiti.<\/p>\n\n\n\n<p>Dinamo do kraja grupne faze ima jo\u0161 dvije utakmice, u prvoj, 25. studenoga, ponovno na Maksimiru igra protiv Genka, koji je sino\u0107 remizirao s West Hamom, i to \u0107e vjerojatno biti odlu\u010duju\u0107a utakmica za drugo mjesto u skupini.<br><br>&#8211; Volio bih da je Genk izgubio i da je Dinamu dovoljan bod na Maksimiru. Zadovoljan sam kao prijatelj hrvatskog nogometa da je Krznar shvatio da to mora biti radna mom\u010dad. Dinamo, ako izuzmemo genijalne poteze Petkovi\u0107a, nema kreacije u sredini travnjaka i ja bih na Krznarovom mjestu razmi\u0161ljao kako uvoditi \u0160iben\u010danina\u00a0<strong>Marka Bulata<\/strong>. On je ju\u010der u malo vremena pokazao da mo\u017ee biti generator pas igre, dodao je Mikuli\u010din.<\/p>\n\n\n\n<div style=\"width: 640px;\" class=\"wp-video\"><video class=\"wp-video-shortcode\" id=\"video-85518-1\" width=\"640\" height=\"360\" preload=\"metadata\" controls=\"controls\"><source type=\"video\/mp4\" src=\"https:\/\/api.hrt.hr\/media\/5c\/8b\/pezzi-mikulicin-web-20211105140501.mp4?_=1\" \/><a href=\"https:\/\/api.hrt.hr\/media\/5c\/8b\/pezzi-mikulicin-web-20211105140501.mp4\">https:\/\/api.hrt.hr\/media\/5c\/8b\/pezzi-mikulicin-web-20211105140501.mp4<\/a><\/video><\/div>\n\n\n\n<figure class=\"wp-block-embed is-type-wp-embed is-provider-radio-ljubuski wp-block-embed-radio-ljubuski\"><div class=\"wp-block-embed__wrapper\">\n<blockquote class=\"wp-embedded-content\" data-secret=\"wtCmDvauCB\"><a href=\"https:\/\/radioljubuski.ba\/index.php\/2021\/11\/05\/razigrani-dinamo-nadigrao-rapid-u-raspjevanom-maksimiru\/\">Razigrani Dinamo nadigrao Rapid u raspjevanom Maksimiru<\/a><\/blockquote><iframe loading=\"lazy\" class=\"wp-embedded-content\" sandbox=\"allow-scripts\" security=\"restricted\" style=\"position: absolute; clip: rect(1px, 1px, 1px, 1px);\" title=\"&#8220;Razigrani Dinamo nadigrao Rapid u raspjevanom Maksimiru&#8221; &#8212;   RADIO LJUBU\u0160KI\" src=\"https:\/\/radioljubuski.ba\/index.php\/2021\/11\/05\/razigrani-dinamo-nadigrao-rapid-u-raspjevanom-maksimiru\/embed\/#?secret=Hxf0uliwHs#?secret=wtCmDvauCB\" data-secret=\"wtCmDvauCB\" width=\"600\" height=\"338\" frameborder=\"0\" marginwidth=\"0\" marginheight=\"0\" scrolling=\"no\"><\/iframe>\n<\/div><\/figure>\n\n\n\n<figure class=\"wp-block-embed is-type-wp-embed is-provider-radio-ljubuski wp-block-embed-radio-ljubuski\"><div class=\"wp-block-embed__wrapper\">\n<blockquote class=\"wp-embedded-content\" data-secret=\"OHLDXOfpDu\"><a href=\"https:\/\/radioljubuski.ba\/index.php\/2021\/11\/05\/rodendanska-koreografija-bad-blue-boysa-35-godina-tradicije-bunta\/\">Ro\u0111endanska koreografija Bad Blue Boysa: &#8220;35 godina tradicije bunta&#8221;<\/a><\/blockquote><iframe loading=\"lazy\" class=\"wp-embedded-content\" sandbox=\"allow-scripts\" security=\"restricted\" style=\"position: absolute; clip: rect(1px, 1px, 1px, 1px);\" title=\"&#8220;Ro\u0111endanska koreografija Bad Blue Boysa: &#8220;35 godina tradicije bunta&#8221;&#8221; &#8212;   RADIO LJUBU\u0160KI\" src=\"https:\/\/radioljubuski.ba\/index.php\/2021\/11\/05\/rodendanska-koreografija-bad-blue-boysa-35-godina-tradicije-bunta\/embed\/#?secret=fjuDIGaP2f#?secret=OHLDXOfpDu\" data-secret=\"OHLDXOfpDu\" width=\"600\" height=\"338\" frameborder=\"0\" marginwidth=\"0\" marginheight=\"0\" scrolling=\"no\"><\/iframe>\n<\/div><\/figure>\n\n\n\n<figure class=\"wp-block-embed is-type-wp-embed is-provider-radio-ljubuski wp-block-embed-radio-ljubuski\"><div class=\"wp-block-embed__wrapper\">\n<blockquote class=\"wp-embedded-content\" data-secret=\"RpIv1cvu2y\"><a href=\"https:\/\/radioljubuski.ba\/index.php\/2021\/11\/05\/dinamo-skoro-osigurao-proljece-u-europi-evo-sto-mu-dalje-slijedi\/\">Dinamo skoro osigurao prolje\u0107e u Europi, evo \u0161to mu dalje slijedi<\/a><\/blockquote><iframe loading=\"lazy\" class=\"wp-embedded-content\" sandbox=\"allow-scripts\" security=\"restricted\" style=\"position: absolute; clip: rect(1px, 1px, 1px, 1px);\" title=\"&#8220;Dinamo skoro osigurao prolje\u0107e u Europi, evo \u0161to mu dalje slijedi&#8221; &#8212;   RADIO LJUBU\u0160KI\" src=\"https:\/\/radioljubuski.ba\/index.php\/2021\/11\/05\/dinamo-skoro-osigurao-proljece-u-europi-evo-sto-mu-dalje-slijedi\/embed\/#?secret=xwuSlU2nTQ#?secret=RpIv1cvu2y\" data-secret=\"RpIv1cvu2y\" width=\"600\" height=\"338\" frameborder=\"0\" marginwidth=\"0\" marginheight=\"0\" scrolling=\"no\"><\/iframe>\n<\/div><\/figure>\n\n\n\n<p>Izvor:hrt.hr<\/p>\n","protected":false},"excerpt":{"rendered":"<p>Dinamo nije mogao uputiti bolju, ljep\u0161u i sjajniju \u010destitku od velike pobjede u Europskoj ligi na svom Maksimiru &#8211; Modri su svladali be\u010dki Rapid 3:1. Petkovi\u0107 je doslovno eksplodirao, prvi europski gol postigao je robusni Andri\u0107, a to\u010dku na I stavio je \u0160utalo. U sino\u0107njoj Dinamovoj igri u\u017eivali su i Dalmatinci, Spli\u0107anin&nbsp;Edo Pezzi&nbsp;i \u0160iben\u010danin&nbsp;Ivo Mikuli\u010din. [&hellip;]<\/p>\n","protected":false},"author":2,"featured_media":85519,"comment_status":"closed","ping_status":"closed","sticky":false,"template":"","format":"standard","meta":{"h5ap_radio_sources":[],"footnotes":""},"categories":[7],"tags":[],"class_list":["post-85518","post","type-post","status-publish","format-standard","has-post-thumbnail","hentry","category-sport"],"yoast_head":"<!-- This site is optimized with the Yoast SEO plugin v27.5 - https:\/\/yoast.com\/product\/yoast-seo-wordpress\/ -->\n<title>Pezzi \u010destitao Dinamu: Lako vam je kad imate tri-\u010detiri Dalmatinca - RADIO LJUBU\u0160KI<\/title>\n<meta name=\"robots\" content=\"index, follow, max-snippet:-1, max-image-preview:large, max-video-preview:-1\" \/>\n<link rel=\"canonical\" href=\"https:\/\/radioljubuski.ba\/index.php\/2021\/11\/05\/pezzi-cestitao-dinamu-lako-vam-je-kad-imate-tri-cetiri-dalmatinca\/\" \/>\n<meta property=\"og:locale\" content=\"hr_HR\" \/>\n<meta property=\"og:type\" content=\"article\" \/>\n<meta property=\"og:title\" content=\"Pezzi \u010destitao Dinamu: Lako vam je kad imate tri-\u010detiri Dalmatinca - RADIO LJUBU\u0160KI\" \/>\n<meta property=\"og:description\" content=\"Dinamo nije mogao uputiti bolju, ljep\u0161u i sjajniju \u010destitku od velike pobjede u Europskoj ligi na svom Maksimiru &#8211; Modri su svladali be\u010dki Rapid 3:1. Petkovi\u0107 je doslovno eksplodirao, prvi europski gol postigao je robusni Andri\u0107, a to\u010dku na I stavio je \u0160utalo. U sino\u0107njoj Dinamovoj igri u\u017eivali su i Dalmatinci, Spli\u0107anin&nbsp;Edo Pezzi&nbsp;i \u0160iben\u010danin&nbsp;Ivo Mikuli\u010din. [&hellip;]\" \/>\n<meta property=\"og:url\" content=\"https:\/\/radioljubuski.ba\/index.php\/2021\/11\/05\/pezzi-cestitao-dinamu-lako-vam-je-kad-imate-tri-cetiri-dalmatinca\/\" \/>\n<meta property=\"og:site_name\" content=\"RADIO LJUBU\u0160KI\" \/>\n<meta property=\"article:publisher\" content=\"https:\/\/www.facebook.com\/Radiio-Ljubuski-1490835324566332\" \/>\n<meta property=\"article:published_time\" content=\"2021-11-05T18:51:51+00:00\" \/>\n<meta property=\"article:modified_time\" content=\"2021-11-05T18:51:52+00:00\" \/>\n<meta property=\"og:image\" content=\"https:\/\/radioljubuski.ba\/wp-content\/uploads\/2021\/11\/pezzi.jpg\" \/>\n\t<meta property=\"og:image:width\" content=\"300\" \/>\n\t<meta property=\"og:image:height\" content=\"168\" \/>\n\t<meta property=\"og:image:type\" content=\"image\/jpeg\" \/>\n<meta name=\"author\" content=\"Radio Ljubu\u0161ki\" \/>\n<meta name=\"twitter:card\" content=\"summary_large_image\" \/>\n<meta name=\"twitter:creator\" content=\"@radioljubuski\" \/>\n<meta name=\"twitter:site\" content=\"@radioljubuski\" \/>\n<meta name=\"twitter:label1\" content=\"Napisao\/la\" \/>\n\t<meta name=\"twitter:data1\" content=\"Radio Ljubu\u0161ki\" \/>\n\t<meta name=\"twitter:label2\" content=\"Procijenjeno vrijeme \u010ditanja\" \/>\n\t<meta name=\"twitter:data2\" content=\"2 minute\" \/>\n<script type=\"application\/ld+json\" class=\"yoast-schema-graph\">{\"@context\":\"https:\\\/\\\/schema.org\",\"@graph\":[{\"@type\":\"Article\",\"@id\":\"https:\\\/\\\/radioljubuski.ba\\\/index.php\\\/2021\\\/11\\\/05\\\/pezzi-cestitao-dinamu-lako-vam-je-kad-imate-tri-cetiri-dalmatinca\\\/#article\",\"isPartOf\":{\"@id\":\"https:\\\/\\\/radioljubuski.ba\\\/index.php\\\/2021\\\/11\\\/05\\\/pezzi-cestitao-dinamu-lako-vam-je-kad-imate-tri-cetiri-dalmatinca\\\/\"},\"author\":{\"name\":\"Radio Ljubu\u0161ki\",\"@id\":\"https:\\\/\\\/radioljubuski.ba\\\/#\\\/schema\\\/person\\\/19fc700381a780f69665d7956c469e3b\"},\"headline\":\"Pezzi \u010destitao Dinamu: Lako vam je kad imate tri-\u010detiri Dalmatinca\",\"datePublished\":\"2021-11-05T18:51:51+00:00\",\"dateModified\":\"2021-11-05T18:51:52+00:00\",\"mainEntityOfPage\":{\"@id\":\"https:\\\/\\\/radioljubuski.ba\\\/index.php\\\/2021\\\/11\\\/05\\\/pezzi-cestitao-dinamu-lako-vam-je-kad-imate-tri-cetiri-dalmatinca\\\/\"},\"wordCount\":526,\"publisher\":{\"@id\":\"https:\\\/\\\/radioljubuski.ba\\\/#organization\"},\"image\":{\"@id\":\"https:\\\/\\\/radioljubuski.ba\\\/index.php\\\/2021\\\/11\\\/05\\\/pezzi-cestitao-dinamu-lako-vam-je-kad-imate-tri-cetiri-dalmatinca\\\/#primaryimage\"},\"thumbnailUrl\":\"https:\\\/\\\/radioljubuski.ba\\\/wp-content\\\/uploads\\\/2021\\\/11\\\/pezzi.jpg\",\"articleSection\":[\"\u0160port\"],\"inLanguage\":\"hr\"},{\"@type\":\"WebPage\",\"@id\":\"https:\\\/\\\/radioljubuski.ba\\\/index.php\\\/2021\\\/11\\\/05\\\/pezzi-cestitao-dinamu-lako-vam-je-kad-imate-tri-cetiri-dalmatinca\\\/\",\"url\":\"https:\\\/\\\/radioljubuski.ba\\\/index.php\\\/2021\\\/11\\\/05\\\/pezzi-cestitao-dinamu-lako-vam-je-kad-imate-tri-cetiri-dalmatinca\\\/\",\"name\":\"Pezzi \u010destitao Dinamu: Lako vam je kad imate tri-\u010detiri Dalmatinca - RADIO LJUBU\u0160KI\",\"isPartOf\":{\"@id\":\"https:\\\/\\\/radioljubuski.ba\\\/#website\"},\"primaryImageOfPage\":{\"@id\":\"https:\\\/\\\/radioljubuski.ba\\\/index.php\\\/2021\\\/11\\\/05\\\/pezzi-cestitao-dinamu-lako-vam-je-kad-imate-tri-cetiri-dalmatinca\\\/#primaryimage\"},\"image\":{\"@id\":\"https:\\\/\\\/radioljubuski.ba\\\/index.php\\\/2021\\\/11\\\/05\\\/pezzi-cestitao-dinamu-lako-vam-je-kad-imate-tri-cetiri-dalmatinca\\\/#primaryimage\"},\"thumbnailUrl\":\"https:\\\/\\\/radioljubuski.ba\\\/wp-content\\\/uploads\\\/2021\\\/11\\\/pezzi.jpg\",\"datePublished\":\"2021-11-05T18:51:51+00:00\",\"dateModified\":\"2021-11-05T18:51:52+00:00\",\"breadcrumb\":{\"@id\":\"https:\\\/\\\/radioljubuski.ba\\\/index.php\\\/2021\\\/11\\\/05\\\/pezzi-cestitao-dinamu-lako-vam-je-kad-imate-tri-cetiri-dalmatinca\\\/#breadcrumb\"},\"inLanguage\":\"hr\",\"potentialAction\":[{\"@type\":\"ReadAction\",\"target\":[\"https:\\\/\\\/radioljubuski.ba\\\/index.php\\\/2021\\\/11\\\/05\\\/pezzi-cestitao-dinamu-lako-vam-je-kad-imate-tri-cetiri-dalmatinca\\\/\"]}]},{\"@type\":\"ImageObject\",\"inLanguage\":\"hr\",\"@id\":\"https:\\\/\\\/radioljubuski.ba\\\/index.php\\\/2021\\\/11\\\/05\\\/pezzi-cestitao-dinamu-lako-vam-je-kad-imate-tri-cetiri-dalmatinca\\\/#primaryimage\",\"url\":\"https:\\\/\\\/radioljubuski.ba\\\/wp-content\\\/uploads\\\/2021\\\/11\\\/pezzi.jpg\",\"contentUrl\":\"https:\\\/\\\/radioljubuski.ba\\\/wp-content\\\/uploads\\\/2021\\\/11\\\/pezzi.jpg\",\"width\":300,\"height\":168},{\"@type\":\"BreadcrumbList\",\"@id\":\"https:\\\/\\\/radioljubuski.ba\\\/index.php\\\/2021\\\/11\\\/05\\\/pezzi-cestitao-dinamu-lako-vam-je-kad-imate-tri-cetiri-dalmatinca\\\/#breadcrumb\",\"itemListElement\":[{\"@type\":\"ListItem\",\"position\":1,\"name\":\"Po\u010detna stranica\",\"item\":\"https:\\\/\\\/radioljubuski.ba\\\/\"},{\"@type\":\"ListItem\",\"position\":2,\"name\":\"Pezzi \u010destitao Dinamu: Lako vam je kad imate tri-\u010detiri Dalmatinca\"}]},{\"@type\":\"WebSite\",\"@id\":\"https:\\\/\\\/radioljubuski.ba\\\/#website\",\"url\":\"https:\\\/\\\/radioljubuski.ba\\\/\",\"name\":\"Radio Ljubu\u0161ki\",\"description\":\"Sun\u010dana frekvencija Hercegovine\",\"publisher\":{\"@id\":\"https:\\\/\\\/radioljubuski.ba\\\/#organization\"},\"potentialAction\":[{\"@type\":\"SearchAction\",\"target\":{\"@type\":\"EntryPoint\",\"urlTemplate\":\"https:\\\/\\\/radioljubuski.ba\\\/?s={search_term_string}\"},\"query-input\":{\"@type\":\"PropertyValueSpecification\",\"valueRequired\":true,\"valueName\":\"search_term_string\"}}],\"inLanguage\":\"hr\"},{\"@type\":\"Organization\",\"@id\":\"https:\\\/\\\/radioljubuski.ba\\\/#organization\",\"name\":\"Radio Ljubu\u0161ki\",\"url\":\"https:\\\/\\\/radioljubuski.ba\\\/\",\"logo\":{\"@type\":\"ImageObject\",\"inLanguage\":\"hr\",\"@id\":\"https:\\\/\\\/radioljubuski.ba\\\/#\\\/schema\\\/logo\\\/image\\\/\",\"url\":\"https:\\\/\\\/radioljubuski.ba\\\/wp-content\\\/uploads\\\/2021\\\/02\\\/cropped-Radio_Ljubuski_logo1.jpg\",\"contentUrl\":\"https:\\\/\\\/radioljubuski.ba\\\/wp-content\\\/uploads\\\/2021\\\/02\\\/cropped-Radio_Ljubuski_logo1.jpg\",\"width\":512,\"height\":512,\"caption\":\"Radio Ljubu\u0161ki\"},\"image\":{\"@id\":\"https:\\\/\\\/radioljubuski.ba\\\/#\\\/schema\\\/logo\\\/image\\\/\"},\"sameAs\":[\"https:\\\/\\\/www.facebook.com\\\/Radiio-Ljubuski-1490835324566332\",\"https:\\\/\\\/x.com\\\/radioljubuski\",\"https:\\\/\\\/hr.linkedin.com\\\/company\\\/radio-ljubuski\",\"https:\\\/\\\/www.youtube.com\\\/channel\\\/UCHYaeO_n0Db3tjNGudGpXyw\"]},{\"@type\":\"Person\",\"@id\":\"https:\\\/\\\/radioljubuski.ba\\\/#\\\/schema\\\/person\\\/19fc700381a780f69665d7956c469e3b\",\"name\":\"Radio Ljubu\u0161ki\"}]}<\/script>\n<!-- \/ Yoast SEO plugin. -->","yoast_head_json":{"title":"Pezzi \u010destitao Dinamu: Lako vam je kad imate tri-\u010detiri Dalmatinca - RADIO LJUBU\u0160KI","robots":{"index":"index","follow":"follow","max-snippet":"max-snippet:-1","max-image-preview":"max-image-preview:large","max-video-preview":"max-video-preview:-1"},"canonical":"https:\/\/radioljubuski.ba\/index.php\/2021\/11\/05\/pezzi-cestitao-dinamu-lako-vam-je-kad-imate-tri-cetiri-dalmatinca\/","og_locale":"hr_HR","og_type":"article","og_title":"Pezzi \u010destitao Dinamu: Lako vam je kad imate tri-\u010detiri Dalmatinca - RADIO LJUBU\u0160KI","og_description":"Dinamo nije mogao uputiti bolju, ljep\u0161u i sjajniju \u010destitku od velike pobjede u Europskoj ligi na svom Maksimiru &#8211; Modri su svladali be\u010dki Rapid 3:1. Petkovi\u0107 je doslovno eksplodirao, prvi europski gol postigao je robusni Andri\u0107, a to\u010dku na I stavio je \u0160utalo. U sino\u0107njoj Dinamovoj igri u\u017eivali su i Dalmatinci, Spli\u0107anin&nbsp;Edo Pezzi&nbsp;i \u0160iben\u010danin&nbsp;Ivo Mikuli\u010din. [&hellip;]","og_url":"https:\/\/radioljubuski.ba\/index.php\/2021\/11\/05\/pezzi-cestitao-dinamu-lako-vam-je-kad-imate-tri-cetiri-dalmatinca\/","og_site_name":"RADIO LJUBU\u0160KI","article_publisher":"https:\/\/www.facebook.com\/Radiio-Ljubuski-1490835324566332","article_published_time":"2021-11-05T18:51:51+00:00","article_modified_time":"2021-11-05T18:51:52+00:00","og_image":[{"width":300,"height":168,"url":"https:\/\/radioljubuski.ba\/wp-content\/uploads\/2021\/11\/pezzi.jpg","type":"image\/jpeg"}],"author":"Radio Ljubu\u0161ki","twitter_card":"summary_large_image","twitter_creator":"@radioljubuski","twitter_site":"@radioljubuski","twitter_misc":{"Napisao\/la":"Radio Ljubu\u0161ki","Procijenjeno vrijeme \u010ditanja":"2 minute"},"schema":{"@context":"https:\/\/schema.org","@graph":[{"@type":"Article","@id":"https:\/\/radioljubuski.ba\/index.php\/2021\/11\/05\/pezzi-cestitao-dinamu-lako-vam-je-kad-imate-tri-cetiri-dalmatinca\/#article","isPartOf":{"@id":"https:\/\/radioljubuski.ba\/index.php\/2021\/11\/05\/pezzi-cestitao-dinamu-lako-vam-je-kad-imate-tri-cetiri-dalmatinca\/"},"author":{"name":"Radio Ljubu\u0161ki","@id":"https:\/\/radioljubuski.ba\/#\/schema\/person\/19fc700381a780f69665d7956c469e3b"},"headline":"Pezzi \u010destitao Dinamu: Lako vam je kad imate tri-\u010detiri Dalmatinca","datePublished":"2021-11-05T18:51:51+00:00","dateModified":"2021-11-05T18:51:52+00:00","mainEntityOfPage":{"@id":"https:\/\/radioljubuski.ba\/index.php\/2021\/11\/05\/pezzi-cestitao-dinamu-lako-vam-je-kad-imate-tri-cetiri-dalmatinca\/"},"wordCount":526,"publisher":{"@id":"https:\/\/radioljubuski.ba\/#organization"},"image":{"@id":"https:\/\/radioljubuski.ba\/index.php\/2021\/11\/05\/pezzi-cestitao-dinamu-lako-vam-je-kad-imate-tri-cetiri-dalmatinca\/#primaryimage"},"thumbnailUrl":"https:\/\/radioljubuski.ba\/wp-content\/uploads\/2021\/11\/pezzi.jpg","articleSection":["\u0160port"],"inLanguage":"hr"},{"@type":"WebPage","@id":"https:\/\/radioljubuski.ba\/index.php\/2021\/11\/05\/pezzi-cestitao-dinamu-lako-vam-je-kad-imate-tri-cetiri-dalmatinca\/","url":"https:\/\/radioljubuski.ba\/index.php\/2021\/11\/05\/pezzi-cestitao-dinamu-lako-vam-je-kad-imate-tri-cetiri-dalmatinca\/","name":"Pezzi \u010destitao Dinamu: Lako vam je kad imate tri-\u010detiri Dalmatinca - RADIO LJUBU\u0160KI","isPartOf":{"@id":"https:\/\/radioljubuski.ba\/#website"},"primaryImageOfPage":{"@id":"https:\/\/radioljubuski.ba\/index.php\/2021\/11\/05\/pezzi-cestitao-dinamu-lako-vam-je-kad-imate-tri-cetiri-dalmatinca\/#primaryimage"},"image":{"@id":"https:\/\/radioljubuski.ba\/index.php\/2021\/11\/05\/pezzi-cestitao-dinamu-lako-vam-je-kad-imate-tri-cetiri-dalmatinca\/#primaryimage"},"thumbnailUrl":"https:\/\/radioljubuski.ba\/wp-content\/uploads\/2021\/11\/pezzi.jpg","datePublished":"2021-11-05T18:51:51+00:00","dateModified":"2021-11-05T18:51:52+00:00","breadcrumb":{"@id":"https:\/\/radioljubuski.ba\/index.php\/2021\/11\/05\/pezzi-cestitao-dinamu-lako-vam-je-kad-imate-tri-cetiri-dalmatinca\/#breadcrumb"},"inLanguage":"hr","potentialAction":[{"@type":"ReadAction","target":["https:\/\/radioljubuski.ba\/index.php\/2021\/11\/05\/pezzi-cestitao-dinamu-lako-vam-je-kad-imate-tri-cetiri-dalmatinca\/"]}]},{"@type":"ImageObject","inLanguage":"hr","@id":"https:\/\/radioljubuski.ba\/index.php\/2021\/11\/05\/pezzi-cestitao-dinamu-lako-vam-je-kad-imate-tri-cetiri-dalmatinca\/#primaryimage","url":"https:\/\/radioljubuski.ba\/wp-content\/uploads\/2021\/11\/pezzi.jpg","contentUrl":"https:\/\/radioljubuski.ba\/wp-content\/uploads\/2021\/11\/pezzi.jpg","width":300,"height":168},{"@type":"BreadcrumbList","@id":"https:\/\/radioljubuski.ba\/index.php\/2021\/11\/05\/pezzi-cestitao-dinamu-lako-vam-je-kad-imate-tri-cetiri-dalmatinca\/#breadcrumb","itemListElement":[{"@type":"ListItem","position":1,"name":"Po\u010detna stranica","item":"https:\/\/radioljubuski.ba\/"},{"@type":"ListItem","position":2,"name":"Pezzi \u010destitao Dinamu: Lako vam je kad imate tri-\u010detiri Dalmatinca"}]},{"@type":"WebSite","@id":"https:\/\/radioljubuski.ba\/#website","url":"https:\/\/radioljubuski.ba\/","name":"Radio Ljubu\u0161ki","description":"Sun\u010dana frekvencija Hercegovine","publisher":{"@id":"https:\/\/radioljubuski.ba\/#organization"},"potentialAction":[{"@type":"SearchAction","target":{"@type":"EntryPoint","urlTemplate":"https:\/\/radioljubuski.ba\/?s={search_term_string}"},"query-input":{"@type":"PropertyValueSpecification","valueRequired":true,"valueName":"search_term_string"}}],"inLanguage":"hr"},{"@type":"Organization","@id":"https:\/\/radioljubuski.ba\/#organization","name":"Radio Ljubu\u0161ki","url":"https:\/\/radioljubuski.ba\/","logo":{"@type":"ImageObject","inLanguage":"hr","@id":"https:\/\/radioljubuski.ba\/#\/schema\/logo\/image\/","url":"https:\/\/radioljubuski.ba\/wp-content\/uploads\/2021\/02\/cropped-Radio_Ljubuski_logo1.jpg","contentUrl":"https:\/\/radioljubuski.ba\/wp-content\/uploads\/2021\/02\/cropped-Radio_Ljubuski_logo1.jpg","width":512,"height":512,"caption":"Radio Ljubu\u0161ki"},"image":{"@id":"https:\/\/radioljubuski.ba\/#\/schema\/logo\/image\/"},"sameAs":["https:\/\/www.facebook.com\/Radiio-Ljubuski-1490835324566332","https:\/\/x.com\/radioljubuski","https:\/\/hr.linkedin.com\/company\/radio-ljubuski","https:\/\/www.youtube.com\/channel\/UCHYaeO_n0Db3tjNGudGpXyw"]},{"@type":"Person","@id":"https:\/\/radioljubuski.ba\/#\/schema\/person\/19fc700381a780f69665d7956c469e3b","name":"Radio Ljubu\u0161ki"}]}},"_links":{"self":[{"href":"https:\/\/radioljubuski.ba\/index.php\/wp-json\/wp\/v2\/posts\/85518","targetHints":{"allow":["GET"]}}],"collection":[{"href":"https:\/\/radioljubuski.ba\/index.php\/wp-json\/wp\/v2\/posts"}],"about":[{"href":"https:\/\/radioljubuski.ba\/index.php\/wp-json\/wp\/v2\/types\/post"}],"author":[{"embeddable":true,"href":"https:\/\/radioljubuski.ba\/index.php\/wp-json\/wp\/v2\/users\/2"}],"replies":[{"embeddable":true,"href":"https:\/\/radioljubuski.ba\/index.php\/wp-json\/wp\/v2\/comments?post=85518"}],"version-history":[{"count":1,"href":"https:\/\/radioljubuski.ba\/index.php\/wp-json\/wp\/v2\/posts\/85518\/revisions"}],"predecessor-version":[{"id":85520,"href":"https:\/\/radioljubuski.ba\/index.php\/wp-json\/wp\/v2\/posts\/85518\/revisions\/85520"}],"wp:featuredmedia":[{"embeddable":true,"href":"https:\/\/radioljubuski.ba\/index.php\/wp-json\/wp\/v2\/media\/85519"}],"wp:attachment":[{"href":"https:\/\/radioljubuski.ba\/index.php\/wp-json\/wp\/v2\/media?parent=85518"}],"wp:term":[{"taxonomy":"category","embeddable":true,"href":"https:\/\/radioljubuski.ba\/index.php\/wp-json\/wp\/v2\/categories?post=85518"},{"taxonomy":"post_tag","embeddable":true,"href":"https:\/\/radioljubuski.ba\/index.php\/wp-json\/wp\/v2\/tags?post=85518"}],"curies":[{"name":"wp","href":"https:\/\/api.w.org\/{rel}","templated":true}]}}