{"id":85530,"date":"2021-11-05T19:58:09","date_gmt":"2021-11-05T18:58:09","guid":{"rendered":"https:\/\/radioljubuski.ba\/?p=85530"},"modified":"2021-11-05T19:58:11","modified_gmt":"2021-11-05T18:58:11","slug":"draxler-ponovno-u-njemackoj-reprezentaciji","status":"publish","type":"post","link":"https:\/\/radioljubuski.ba\/index.php\/2021\/11\/05\/draxler-ponovno-u-njemackoj-reprezentaciji\/","title":{"rendered":"Draxler ponovno u njema\u010dkoj reprezentaciji"},"content":{"rendered":"\n<p><strong>Nogometa\u0161a Paris Saint-Germaina&nbsp;Juliana Draxlera&nbsp;(28), koji je godinu dana bio odsutan iz njema\u010dke selekcije, izbornik&nbsp;Hansi Flick&nbsp;pozvao je u petak kako bi odigrao dvije posljednje kvalifikacijske utakmice za Svjetsko prvenstvo 2022. godine.<\/strong><\/p>\n\n\n\n<p>Njema\u010dka se ve\u0107 kvalificirala na Svjetsko prvenstvo 2022. Elf \u0107e pretposljednji dvoboj u kvalifikacijama odigrati 11. studenoga protiv Lihten\u0161tajna, a tri dana kasnije putuje u Armeniju s kojom \u0107e zaklju\u010diti kvalifikacijski ciklus.<br><br>Osim Draxlera, Flick je tako\u0111er odlu\u010dio pozvati krilnog igra\u010da Borussije Dortmund\u00a0<strong>Juliana Brandta<\/strong>, koji je posljednji put za njema\u010dku reprezentaciju nastupio u studenom 2020.<br><br>Flick je pozvao i brani\u010da PSG-a\u00a0<strong>Thila Kehrera,<\/strong>\u00a0kao i veznjaka Manchester Cityja\u00a0<strong>Ilkaya Gundogana<\/strong>.<\/p>\n\n\n\n<blockquote class=\"twitter-tweet\"><p lang=\"en\" dir=\"ltr\">Hansi Flick&#39;s squad for our upcoming <a href=\"https:\/\/twitter.com\/FIFAWorldCup?ref_src=twsrc%5Etfw\">@FIFAWorldCup<\/a> qualifiers \ud83c\udde9\ud83c\uddea\ud83d\udccb<a href=\"https:\/\/twitter.com\/hashtag\/DieMannschaft?src=hash&amp;ref_src=twsrc%5Etfw\">#DieMannschaft<\/a> <a href=\"https:\/\/twitter.com\/hashtag\/GERLIE?src=hash&amp;ref_src=twsrc%5Etfw\">#GERLIE<\/a> <a href=\"https:\/\/twitter.com\/hashtag\/ARMGER?src=hash&amp;ref_src=twsrc%5Etfw\">#ARMGER<\/a> <a href=\"https:\/\/t.co\/lHORmKs6M8\">pic.twitter.com\/lHORmKs6M8<\/a><\/p>&mdash; Germany (@DFB_Team_EN) <a href=\"https:\/\/twitter.com\/DFB_Team_EN\/status\/1456603666509668352?ref_src=twsrc%5Etfw\">November 5, 2021<\/a><\/blockquote> <script async src=\"https:\/\/platform.twitter.com\/widgets.js\" charset=\"utf-8\"><\/script>\n\n\n\n<p>VRATARI: Manuel Neuer (Bayern M\u00fcnchen), Bernd Leno (Arsenal \/ ENG), Marc-Andre ter Stegen (Barcelona), Kevin Trapp (Eintracht Frankfurt)<br><br>BRANI\u010cI: Matthias Ginter (Borussia Moenchengladbach), Christian Guenter (Freiburg), Jonas Hofmann (Borussia Moenchengladbach), Thilo Kehrer (Paris St. Germain \/ FRA), David Raum (Hoffenheim), Antonio Ruediger (Chelsea \/ ENG), Nico Schlotterbeck ( Freiburg), Niklas Suele (Bayern M\u00fcnchen)<br><br>VEZNJACI\/NAPADA\u010cI: Karim Adeyemi (Red Bull Salzburg \/ AUT), Julian Brandt (Borussia Dortmund), Julian Draxler (Paris St. Germain \/ FRA), Serge Gnabry (Bayern M\u00fcnchen), Leon Goretzka (Bayern M\u00fcnchen), Ilkay Guendogan (Manchester City \/ ENG), Kai Havertz (Chelsea \/ ENG), Joshua Kimmich (Bayern M\u00fcnchen), Lukas Nmecha (VfL Wolfsburg), Thomas Mueller (Bayern M\u00fcnchen), Jamal Musiala (Bayern M\u00fcnchen), Florian Neuhaus (Borussia Moenchengladbach), Marco Reus (Borussia Dortmund), Leroy Sane (Bayern M\u00fcnchen), Florian Wirtz (Bayer Leverkusen)<\/p>\n\n\n\n<p>Izvor:hrt.hr<\/p>\n","protected":false},"excerpt":{"rendered":"<p>Nogometa\u0161a Paris Saint-Germaina&nbsp;Juliana Draxlera&nbsp;(28), koji je godinu dana bio odsutan iz njema\u010dke selekcije, izbornik&nbsp;Hansi Flick&nbsp;pozvao je u petak kako bi odigrao dvije posljednje kvalifikacijske utakmice za Svjetsko prvenstvo 2022. godine. Njema\u010dka se ve\u0107 kvalificirala na Svjetsko prvenstvo 2022. Elf \u0107e pretposljednji dvoboj u kvalifikacijama odigrati 11. studenoga protiv Lihten\u0161tajna, a tri dana kasnije putuje u [&hellip;]<\/p>\n","protected":false},"author":2,"featured_media":85531,"comment_status":"closed","ping_status":"closed","sticky":false,"template":"","format":"standard","meta":{"h5ap_radio_sources":[],"footnotes":""},"categories":[7],"tags":[],"class_list":["post-85530","post","type-post","status-publish","format-standard","has-post-thumbnail","hentry","category-sport"],"yoast_head":"<!-- This site is optimized with the Yoast SEO plugin v27.5 - https:\/\/yoast.com\/product\/yoast-seo-wordpress\/ -->\n<title>Draxler ponovno u njema\u010dkoj reprezentaciji - RADIO LJUBU\u0160KI<\/title>\n<meta name=\"robots\" content=\"index, follow, max-snippet:-1, max-image-preview:large, max-video-preview:-1\" \/>\n<link rel=\"canonical\" href=\"https:\/\/radioljubuski.ba\/index.php\/2021\/11\/05\/draxler-ponovno-u-njemackoj-reprezentaciji\/\" \/>\n<meta property=\"og:locale\" content=\"hr_HR\" \/>\n<meta property=\"og:type\" content=\"article\" \/>\n<meta property=\"og:title\" content=\"Draxler ponovno u njema\u010dkoj reprezentaciji - RADIO LJUBU\u0160KI\" \/>\n<meta property=\"og:description\" content=\"Nogometa\u0161a Paris Saint-Germaina&nbsp;Juliana Draxlera&nbsp;(28), koji je godinu dana bio odsutan iz njema\u010dke selekcije, izbornik&nbsp;Hansi Flick&nbsp;pozvao je u petak kako bi odigrao dvije posljednje kvalifikacijske utakmice za Svjetsko prvenstvo 2022. godine. Njema\u010dka se ve\u0107 kvalificirala na Svjetsko prvenstvo 2022. Elf \u0107e pretposljednji dvoboj u kvalifikacijama odigrati 11. studenoga protiv Lihten\u0161tajna, a tri dana kasnije putuje u [&hellip;]\" \/>\n<meta property=\"og:url\" content=\"https:\/\/radioljubuski.ba\/index.php\/2021\/11\/05\/draxler-ponovno-u-njemackoj-reprezentaciji\/\" \/>\n<meta property=\"og:site_name\" content=\"RADIO LJUBU\u0160KI\" \/>\n<meta property=\"article:publisher\" content=\"https:\/\/www.facebook.com\/Radiio-Ljubuski-1490835324566332\" \/>\n<meta property=\"article:published_time\" content=\"2021-11-05T18:58:09+00:00\" \/>\n<meta property=\"article:modified_time\" content=\"2021-11-05T18:58:11+00:00\" \/>\n<meta property=\"og:image\" content=\"https:\/\/radioljubuski.ba\/wp-content\/uploads\/2021\/11\/preuzmi-1-5.jpg\" \/>\n\t<meta property=\"og:image:width\" content=\"274\" \/>\n\t<meta property=\"og:image:height\" content=\"184\" \/>\n\t<meta property=\"og:image:type\" content=\"image\/jpeg\" \/>\n<meta name=\"author\" content=\"Radio Ljubu\u0161ki\" \/>\n<meta name=\"twitter:card\" content=\"summary_large_image\" \/>\n<meta name=\"twitter:creator\" content=\"@radioljubuski\" \/>\n<meta name=\"twitter:site\" content=\"@radioljubuski\" \/>\n<meta name=\"twitter:label1\" content=\"Napisao\/la\" \/>\n\t<meta name=\"twitter:data1\" content=\"Radio Ljubu\u0161ki\" \/>\n\t<meta name=\"twitter:label2\" content=\"Procijenjeno vrijeme \u010ditanja\" \/>\n\t<meta name=\"twitter:data2\" content=\"2 minute\" \/>\n<script type=\"application\/ld+json\" class=\"yoast-schema-graph\">{\"@context\":\"https:\\\/\\\/schema.org\",\"@graph\":[{\"@type\":\"Article\",\"@id\":\"https:\\\/\\\/radioljubuski.ba\\\/index.php\\\/2021\\\/11\\\/05\\\/draxler-ponovno-u-njemackoj-reprezentaciji\\\/#article\",\"isPartOf\":{\"@id\":\"https:\\\/\\\/radioljubuski.ba\\\/index.php\\\/2021\\\/11\\\/05\\\/draxler-ponovno-u-njemackoj-reprezentaciji\\\/\"},\"author\":{\"name\":\"Radio Ljubu\u0161ki\",\"@id\":\"https:\\\/\\\/radioljubuski.ba\\\/#\\\/schema\\\/person\\\/19fc700381a780f69665d7956c469e3b\"},\"headline\":\"Draxler ponovno u njema\u010dkoj reprezentaciji\",\"datePublished\":\"2021-11-05T18:58:09+00:00\",\"dateModified\":\"2021-11-05T18:58:11+00:00\",\"mainEntityOfPage\":{\"@id\":\"https:\\\/\\\/radioljubuski.ba\\\/index.php\\\/2021\\\/11\\\/05\\\/draxler-ponovno-u-njemackoj-reprezentaciji\\\/\"},\"wordCount\":272,\"publisher\":{\"@id\":\"https:\\\/\\\/radioljubuski.ba\\\/#organization\"},\"image\":{\"@id\":\"https:\\\/\\\/radioljubuski.ba\\\/index.php\\\/2021\\\/11\\\/05\\\/draxler-ponovno-u-njemackoj-reprezentaciji\\\/#primaryimage\"},\"thumbnailUrl\":\"https:\\\/\\\/radioljubuski.ba\\\/wp-content\\\/uploads\\\/2021\\\/11\\\/preuzmi-1-5.jpg\",\"articleSection\":[\"\u0160port\"],\"inLanguage\":\"hr\"},{\"@type\":\"WebPage\",\"@id\":\"https:\\\/\\\/radioljubuski.ba\\\/index.php\\\/2021\\\/11\\\/05\\\/draxler-ponovno-u-njemackoj-reprezentaciji\\\/\",\"url\":\"https:\\\/\\\/radioljubuski.ba\\\/index.php\\\/2021\\\/11\\\/05\\\/draxler-ponovno-u-njemackoj-reprezentaciji\\\/\",\"name\":\"Draxler ponovno u njema\u010dkoj reprezentaciji - RADIO LJUBU\u0160KI\",\"isPartOf\":{\"@id\":\"https:\\\/\\\/radioljubuski.ba\\\/#website\"},\"primaryImageOfPage\":{\"@id\":\"https:\\\/\\\/radioljubuski.ba\\\/index.php\\\/2021\\\/11\\\/05\\\/draxler-ponovno-u-njemackoj-reprezentaciji\\\/#primaryimage\"},\"image\":{\"@id\":\"https:\\\/\\\/radioljubuski.ba\\\/index.php\\\/2021\\\/11\\\/05\\\/draxler-ponovno-u-njemackoj-reprezentaciji\\\/#primaryimage\"},\"thumbnailUrl\":\"https:\\\/\\\/radioljubuski.ba\\\/wp-content\\\/uploads\\\/2021\\\/11\\\/preuzmi-1-5.jpg\",\"datePublished\":\"2021-11-05T18:58:09+00:00\",\"dateModified\":\"2021-11-05T18:58:11+00:00\",\"breadcrumb\":{\"@id\":\"https:\\\/\\\/radioljubuski.ba\\\/index.php\\\/2021\\\/11\\\/05\\\/draxler-ponovno-u-njemackoj-reprezentaciji\\\/#breadcrumb\"},\"inLanguage\":\"hr\",\"potentialAction\":[{\"@type\":\"ReadAction\",\"target\":[\"https:\\\/\\\/radioljubuski.ba\\\/index.php\\\/2021\\\/11\\\/05\\\/draxler-ponovno-u-njemackoj-reprezentaciji\\\/\"]}]},{\"@type\":\"ImageObject\",\"inLanguage\":\"hr\",\"@id\":\"https:\\\/\\\/radioljubuski.ba\\\/index.php\\\/2021\\\/11\\\/05\\\/draxler-ponovno-u-njemackoj-reprezentaciji\\\/#primaryimage\",\"url\":\"https:\\\/\\\/radioljubuski.ba\\\/wp-content\\\/uploads\\\/2021\\\/11\\\/preuzmi-1-5.jpg\",\"contentUrl\":\"https:\\\/\\\/radioljubuski.ba\\\/wp-content\\\/uploads\\\/2021\\\/11\\\/preuzmi-1-5.jpg\",\"width\":274,\"height\":184},{\"@type\":\"BreadcrumbList\",\"@id\":\"https:\\\/\\\/radioljubuski.ba\\\/index.php\\\/2021\\\/11\\\/05\\\/draxler-ponovno-u-njemackoj-reprezentaciji\\\/#breadcrumb\",\"itemListElement\":[{\"@type\":\"ListItem\",\"position\":1,\"name\":\"Po\u010detna stranica\",\"item\":\"https:\\\/\\\/radioljubuski.ba\\\/\"},{\"@type\":\"ListItem\",\"position\":2,\"name\":\"Draxler ponovno u njema\u010dkoj reprezentaciji\"}]},{\"@type\":\"WebSite\",\"@id\":\"https:\\\/\\\/radioljubuski.ba\\\/#website\",\"url\":\"https:\\\/\\\/radioljubuski.ba\\\/\",\"name\":\"Radio Ljubu\u0161ki\",\"description\":\"Sun\u010dana frekvencija Hercegovine\",\"publisher\":{\"@id\":\"https:\\\/\\\/radioljubuski.ba\\\/#organization\"},\"potentialAction\":[{\"@type\":\"SearchAction\",\"target\":{\"@type\":\"EntryPoint\",\"urlTemplate\":\"https:\\\/\\\/radioljubuski.ba\\\/?s={search_term_string}\"},\"query-input\":{\"@type\":\"PropertyValueSpecification\",\"valueRequired\":true,\"valueName\":\"search_term_string\"}}],\"inLanguage\":\"hr\"},{\"@type\":\"Organization\",\"@id\":\"https:\\\/\\\/radioljubuski.ba\\\/#organization\",\"name\":\"Radio Ljubu\u0161ki\",\"url\":\"https:\\\/\\\/radioljubuski.ba\\\/\",\"logo\":{\"@type\":\"ImageObject\",\"inLanguage\":\"hr\",\"@id\":\"https:\\\/\\\/radioljubuski.ba\\\/#\\\/schema\\\/logo\\\/image\\\/\",\"url\":\"https:\\\/\\\/radioljubuski.ba\\\/wp-content\\\/uploads\\\/2021\\\/02\\\/cropped-Radio_Ljubuski_logo1.jpg\",\"contentUrl\":\"https:\\\/\\\/radioljubuski.ba\\\/wp-content\\\/uploads\\\/2021\\\/02\\\/cropped-Radio_Ljubuski_logo1.jpg\",\"width\":512,\"height\":512,\"caption\":\"Radio Ljubu\u0161ki\"},\"image\":{\"@id\":\"https:\\\/\\\/radioljubuski.ba\\\/#\\\/schema\\\/logo\\\/image\\\/\"},\"sameAs\":[\"https:\\\/\\\/www.facebook.com\\\/Radiio-Ljubuski-1490835324566332\",\"https:\\\/\\\/x.com\\\/radioljubuski\",\"https:\\\/\\\/hr.linkedin.com\\\/company\\\/radio-ljubuski\",\"https:\\\/\\\/www.youtube.com\\\/channel\\\/UCHYaeO_n0Db3tjNGudGpXyw\"]},{\"@type\":\"Person\",\"@id\":\"https:\\\/\\\/radioljubuski.ba\\\/#\\\/schema\\\/person\\\/19fc700381a780f69665d7956c469e3b\",\"name\":\"Radio Ljubu\u0161ki\"}]}<\/script>\n<!-- \/ Yoast SEO plugin. -->","yoast_head_json":{"title":"Draxler ponovno u njema\u010dkoj reprezentaciji - RADIO LJUBU\u0160KI","robots":{"index":"index","follow":"follow","max-snippet":"max-snippet:-1","max-image-preview":"max-image-preview:large","max-video-preview":"max-video-preview:-1"},"canonical":"https:\/\/radioljubuski.ba\/index.php\/2021\/11\/05\/draxler-ponovno-u-njemackoj-reprezentaciji\/","og_locale":"hr_HR","og_type":"article","og_title":"Draxler ponovno u njema\u010dkoj reprezentaciji - RADIO LJUBU\u0160KI","og_description":"Nogometa\u0161a Paris Saint-Germaina&nbsp;Juliana Draxlera&nbsp;(28), koji je godinu dana bio odsutan iz njema\u010dke selekcije, izbornik&nbsp;Hansi Flick&nbsp;pozvao je u petak kako bi odigrao dvije posljednje kvalifikacijske utakmice za Svjetsko prvenstvo 2022. godine. Njema\u010dka se ve\u0107 kvalificirala na Svjetsko prvenstvo 2022. Elf \u0107e pretposljednji dvoboj u kvalifikacijama odigrati 11. studenoga protiv Lihten\u0161tajna, a tri dana kasnije putuje u [&hellip;]","og_url":"https:\/\/radioljubuski.ba\/index.php\/2021\/11\/05\/draxler-ponovno-u-njemackoj-reprezentaciji\/","og_site_name":"RADIO LJUBU\u0160KI","article_publisher":"https:\/\/www.facebook.com\/Radiio-Ljubuski-1490835324566332","article_published_time":"2021-11-05T18:58:09+00:00","article_modified_time":"2021-11-05T18:58:11+00:00","og_image":[{"width":274,"height":184,"url":"https:\/\/radioljubuski.ba\/wp-content\/uploads\/2021\/11\/preuzmi-1-5.jpg","type":"image\/jpeg"}],"author":"Radio Ljubu\u0161ki","twitter_card":"summary_large_image","twitter_creator":"@radioljubuski","twitter_site":"@radioljubuski","twitter_misc":{"Napisao\/la":"Radio Ljubu\u0161ki","Procijenjeno vrijeme \u010ditanja":"2 minute"},"schema":{"@context":"https:\/\/schema.org","@graph":[{"@type":"Article","@id":"https:\/\/radioljubuski.ba\/index.php\/2021\/11\/05\/draxler-ponovno-u-njemackoj-reprezentaciji\/#article","isPartOf":{"@id":"https:\/\/radioljubuski.ba\/index.php\/2021\/11\/05\/draxler-ponovno-u-njemackoj-reprezentaciji\/"},"author":{"name":"Radio Ljubu\u0161ki","@id":"https:\/\/radioljubuski.ba\/#\/schema\/person\/19fc700381a780f69665d7956c469e3b"},"headline":"Draxler ponovno u njema\u010dkoj reprezentaciji","datePublished":"2021-11-05T18:58:09+00:00","dateModified":"2021-11-05T18:58:11+00:00","mainEntityOfPage":{"@id":"https:\/\/radioljubuski.ba\/index.php\/2021\/11\/05\/draxler-ponovno-u-njemackoj-reprezentaciji\/"},"wordCount":272,"publisher":{"@id":"https:\/\/radioljubuski.ba\/#organization"},"image":{"@id":"https:\/\/radioljubuski.ba\/index.php\/2021\/11\/05\/draxler-ponovno-u-njemackoj-reprezentaciji\/#primaryimage"},"thumbnailUrl":"https:\/\/radioljubuski.ba\/wp-content\/uploads\/2021\/11\/preuzmi-1-5.jpg","articleSection":["\u0160port"],"inLanguage":"hr"},{"@type":"WebPage","@id":"https:\/\/radioljubuski.ba\/index.php\/2021\/11\/05\/draxler-ponovno-u-njemackoj-reprezentaciji\/","url":"https:\/\/radioljubuski.ba\/index.php\/2021\/11\/05\/draxler-ponovno-u-njemackoj-reprezentaciji\/","name":"Draxler ponovno u njema\u010dkoj reprezentaciji - RADIO LJUBU\u0160KI","isPartOf":{"@id":"https:\/\/radioljubuski.ba\/#website"},"primaryImageOfPage":{"@id":"https:\/\/radioljubuski.ba\/index.php\/2021\/11\/05\/draxler-ponovno-u-njemackoj-reprezentaciji\/#primaryimage"},"image":{"@id":"https:\/\/radioljubuski.ba\/index.php\/2021\/11\/05\/draxler-ponovno-u-njemackoj-reprezentaciji\/#primaryimage"},"thumbnailUrl":"https:\/\/radioljubuski.ba\/wp-content\/uploads\/2021\/11\/preuzmi-1-5.jpg","datePublished":"2021-11-05T18:58:09+00:00","dateModified":"2021-11-05T18:58:11+00:00","breadcrumb":{"@id":"https:\/\/radioljubuski.ba\/index.php\/2021\/11\/05\/draxler-ponovno-u-njemackoj-reprezentaciji\/#breadcrumb"},"inLanguage":"hr","potentialAction":[{"@type":"ReadAction","target":["https:\/\/radioljubuski.ba\/index.php\/2021\/11\/05\/draxler-ponovno-u-njemackoj-reprezentaciji\/"]}]},{"@type":"ImageObject","inLanguage":"hr","@id":"https:\/\/radioljubuski.ba\/index.php\/2021\/11\/05\/draxler-ponovno-u-njemackoj-reprezentaciji\/#primaryimage","url":"https:\/\/radioljubuski.ba\/wp-content\/uploads\/2021\/11\/preuzmi-1-5.jpg","contentUrl":"https:\/\/radioljubuski.ba\/wp-content\/uploads\/2021\/11\/preuzmi-1-5.jpg","width":274,"height":184},{"@type":"BreadcrumbList","@id":"https:\/\/radioljubuski.ba\/index.php\/2021\/11\/05\/draxler-ponovno-u-njemackoj-reprezentaciji\/#breadcrumb","itemListElement":[{"@type":"ListItem","position":1,"name":"Po\u010detna stranica","item":"https:\/\/radioljubuski.ba\/"},{"@type":"ListItem","position":2,"name":"Draxler ponovno u njema\u010dkoj reprezentaciji"}]},{"@type":"WebSite","@id":"https:\/\/radioljubuski.ba\/#website","url":"https:\/\/radioljubuski.ba\/","name":"Radio Ljubu\u0161ki","description":"Sun\u010dana frekvencija Hercegovine","publisher":{"@id":"https:\/\/radioljubuski.ba\/#organization"},"potentialAction":[{"@type":"SearchAction","target":{"@type":"EntryPoint","urlTemplate":"https:\/\/radioljubuski.ba\/?s={search_term_string}"},"query-input":{"@type":"PropertyValueSpecification","valueRequired":true,"valueName":"search_term_string"}}],"inLanguage":"hr"},{"@type":"Organization","@id":"https:\/\/radioljubuski.ba\/#organization","name":"Radio Ljubu\u0161ki","url":"https:\/\/radioljubuski.ba\/","logo":{"@type":"ImageObject","inLanguage":"hr","@id":"https:\/\/radioljubuski.ba\/#\/schema\/logo\/image\/","url":"https:\/\/radioljubuski.ba\/wp-content\/uploads\/2021\/02\/cropped-Radio_Ljubuski_logo1.jpg","contentUrl":"https:\/\/radioljubuski.ba\/wp-content\/uploads\/2021\/02\/cropped-Radio_Ljubuski_logo1.jpg","width":512,"height":512,"caption":"Radio Ljubu\u0161ki"},"image":{"@id":"https:\/\/radioljubuski.ba\/#\/schema\/logo\/image\/"},"sameAs":["https:\/\/www.facebook.com\/Radiio-Ljubuski-1490835324566332","https:\/\/x.com\/radioljubuski","https:\/\/hr.linkedin.com\/company\/radio-ljubuski","https:\/\/www.youtube.com\/channel\/UCHYaeO_n0Db3tjNGudGpXyw"]},{"@type":"Person","@id":"https:\/\/radioljubuski.ba\/#\/schema\/person\/19fc700381a780f69665d7956c469e3b","name":"Radio Ljubu\u0161ki"}]}},"_links":{"self":[{"href":"https:\/\/radioljubuski.ba\/index.php\/wp-json\/wp\/v2\/posts\/85530","targetHints":{"allow":["GET"]}}],"collection":[{"href":"https:\/\/radioljubuski.ba\/index.php\/wp-json\/wp\/v2\/posts"}],"about":[{"href":"https:\/\/radioljubuski.ba\/index.php\/wp-json\/wp\/v2\/types\/post"}],"author":[{"embeddable":true,"href":"https:\/\/radioljubuski.ba\/index.php\/wp-json\/wp\/v2\/users\/2"}],"replies":[{"embeddable":true,"href":"https:\/\/radioljubuski.ba\/index.php\/wp-json\/wp\/v2\/comments?post=85530"}],"version-history":[{"count":1,"href":"https:\/\/radioljubuski.ba\/index.php\/wp-json\/wp\/v2\/posts\/85530\/revisions"}],"predecessor-version":[{"id":85532,"href":"https:\/\/radioljubuski.ba\/index.php\/wp-json\/wp\/v2\/posts\/85530\/revisions\/85532"}],"wp:featuredmedia":[{"embeddable":true,"href":"https:\/\/radioljubuski.ba\/index.php\/wp-json\/wp\/v2\/media\/85531"}],"wp:attachment":[{"href":"https:\/\/radioljubuski.ba\/index.php\/wp-json\/wp\/v2\/media?parent=85530"}],"wp:term":[{"taxonomy":"category","embeddable":true,"href":"https:\/\/radioljubuski.ba\/index.php\/wp-json\/wp\/v2\/categories?post=85530"},{"taxonomy":"post_tag","embeddable":true,"href":"https:\/\/radioljubuski.ba\/index.php\/wp-json\/wp\/v2\/tags?post=85530"}],"curies":[{"name":"wp","href":"https:\/\/api.w.org\/{rel}","templated":true}]}}