{"id":85549,"date":"2021-11-05T20:23:38","date_gmt":"2021-11-05T19:23:38","guid":{"rendered":"https:\/\/radioljubuski.ba\/?p=85549"},"modified":"2021-11-05T20:23:39","modified_gmt":"2021-11-05T19:23:39","slug":"haski-sud-stari-most-bio-je-legitimni-vojni-cilj-nije-dokazano-da-ga-je-srusio-hvo","status":"publish","type":"post","link":"https:\/\/radioljubuski.ba\/index.php\/2021\/11\/05\/haski-sud-stari-most-bio-je-legitimni-vojni-cilj-nije-dokazano-da-ga-je-srusio-hvo\/","title":{"rendered":"Ha\u0161ki sud: Stari most bio je legitimni vojni cilj, nije dokazano da ga je sru\u0161io HVO"},"content":{"rendered":"\n<p><strong>Koordinacijski tim u\u010denika, profesora, roditelja i direktora\/ica osnovnih i srednjih \u0161kola Mostara, do sada javnosti nepoznata organizacija, poslao je priop\u0107enje za javnost u kojemu navode kako \u0107e u\u010denici, roditelji, profesori, direktori i gra\u0111anstvo 9.11.2021. godine u 10:16 sati biti na Starom mostu povodom obilje\u017eavanja dvadeset osme godi\u0161njice od ru\u0161enja simbola arhitekture i civilizacije.<\/strong><\/p>\n\n\n\n<p>-U manifestaciji obilje\u017eavanja godi\u0161njice od ru\u0161enja Starog mosta \u0107e sudjelovati oko 800 osnovaca i srednjo\u0161kolaca. Prisustvovat \u0107emo tradicionalnom skoku skaka\u010da u Neretvu bez aplauza u organizaciji \u2018Skaka\u010da sa Starog mosta, navode iz \u201cKoordinacije\u201d.<\/p>\n\n\n\n<p>Stari most sagra\u0111en je u vrijeme osmanske okupacije Bosne i Hercegovine 1566 god. Tijekom rata u Bosni i Hercegovini (1992\u20131995), most je djelomi\u010dno o\u0161tetila Vojska Republike Srpske (VRS) i Jugoslavenska narodna armija (JNA), koja je sru\u0161ila i sve druge mostove u Mostaru.<\/p>\n\n\n\n<p>\u201cKoordinacijski tim u\u010denika, profesora, roditelja i direktora\/ica osnovnih i srednjih \u0161kola Mostara\u201d u priop\u0107enju za javnost navodi kako su \u201c9. studenog 1993. pripadnici Hrvatskog vije\u0107a obrane(HVO) sru\u0161ili Stari most kao dio kampanje granatiranja i teroriziranja Mostara \u0161to je potvrdio Me\u0111unarodni sud u Hagu -postojanje udru\u017eenog zlo\u010dina\u010dkog pothvata HVO i HZHB s ciljem etni\u010dkog \u010di\u0161\u0107enja Mostara\u201d, \u0161to je neto\u010dno.<\/p>\n\n\n\n<p>Naime, Sudsko vije\u0107e Ha\u0161kog suda, u parvosna\u017enoj presudi predsjedniku Vlade HR Herceg Bosne dr. Jadranku Prli\u0107u, ministru obrane Bruni Stoji\u0107u, dvojici na\u010delnika sto\u017eera HVO-a Slobodanu Praljku i Milivoju Petkovi\u0107u, zapovjedniku Vojne policije HVO-a Valentinu \u0106ori\u0107u i predstojniku Odjela za zato\u010dene Berislavu Pu\u0161i\u0107u skinulo je s optu\u017eenih krivnju za ru\u0161enje Starog mosta ustvrdiv\u0161i kako je granatiranje mosta bilo legitiman vojni cilj, podsje\u0107a Hrvatski Medijski Servis.<\/p>\n\n\n\n<p>\u017dalbeno vije\u0107e Ha\u0161kog suda (ICTY) zaklju\u010dilo je da nije dokazan element kaznenog djela i ukinulo osu\u0111uju\u0107i dio prvostupanjske presude za zlo\u010din \u2018bezobzirnog razaranja gradova i sela\u2019 koji se odnosi na Stari most u Mostaru.<\/p>\n\n\n\n<p>\u017dalbeno vije\u0107e, kako je tijekom izricanja presude \u2018Prli\u0107u i drugima\u2019 naveo Carmel Agius, predsjednik ICTY-ja, zaklju\u010duje da ni jedan razuman procjenitelj ne mo\u017ee do\u0107i do zaklju\u010dka da je cilj HVO-a bilo teroriziranje civila prilikom ru\u0161enja mosta.<\/p>\n\n\n\n<p>Uz suprotno mi\u0161ljenje talijanskog suca Fausta Pocara, \u017dalbeno vije\u0107e zaklju\u010dilo je da, kako je Stari most bio vojni cilj, onda se njegovim razaranjem ostvaruje sigurni vojni dobitak i ne mo\u017ee se smatrati kako je to \u2018bezobzirno razaranje\u2019, istaknuo je Agius. Naveo je da se radilo o legitimnom vojnom cilju jer je ru\u0161enje mosta zna\u010dilo prekid opskrbe Armije BiH.<\/p>\n\n\n\n<p>\u017dalbeno vije\u0107e zaklju\u010dilo je da nije dokazan element ovog kaznenog djela pa preina\u010duje zaklju\u010dak u ovom slu\u010daju da je to bilo bezobzirno razaranje ili razaranje neopravdano vojnom nu\u017eno\u0161\u0107u. Zaklju\u010dci poni\u0161tavaju i daljnje zaklju\u010dke da je Jadranko Prli\u0107 znao za uni\u0161tavanje Starog mosta.<\/p>\n\n\n\n<p>Most je sru\u0161en 9. studenog 1993. godine, tijekom sukoba HVO-a i Armije BiH, a glede njegova ru\u0161enja postojale su razli\u010dite teorije. Jedni su tvrdili da je za razaranje odgovoran izravno general HVO-a Slobodan Praljak, a drugi da ga je sru\u0161ila Armija BiH.<\/p>\n\n\n\n<p>General Praljak je poku\u0161avao dokazati da most nije sru\u0161ila granata HVO-a, ve\u0107 postavljeni eksploziv, a u lipnju 2008. godine trojica zagreba\u010dkih stru\u010dnjaka, svjedoka obrane, pred sudom su ocijenila da, u trenutku kada je most sru\u0161en, s polo\u017eaja HVO-a na njega nisu ispaljivani projektili. Tako\u0111er, Praljak je tvrdio kako je most sru\u0161en aktiviranjem eksplozivnog naboja postavljenog na lijevoj obali Neretve, koja je bila pod izravnom kontrolom Armije BiH.<\/p>\n\n\n\n<p>U priop\u0107enju \u201cKordinacijskog tima\u201d dalje se navodi kako je most rekonstruiran i potpuno obnovljen 2004.<\/p>\n\n\n\n<p>U srpnju 2005. most je uvr\u0161ten na listu UNESCO-vih za\u0161ti\u0107enih spomenika kulture. Od turisti\u010dkog zna\u010daja je i tradicionalno natjecanje \u201dSkokovi sa Starog mosta\u201c koji imaju dugu povijest.<\/p>\n\n\n\n<p>Od 15. kolovoza 2015. Stari most postaje i doma\u0107in natjecanja iz Red Bull Svjetske serije u ekstremnim skokovima u vodu, \u0161to se odr\u017eava tradicionalno i ima turisti\u010dki zna\u010daj u svijetu.<\/p>\n\n\n\n<p>\/HMS\/<\/p>\n","protected":false},"excerpt":{"rendered":"<p>Koordinacijski tim u\u010denika, profesora, roditelja i direktora\/ica osnovnih i srednjih \u0161kola Mostara, do sada javnosti nepoznata organizacija, poslao je priop\u0107enje za javnost u kojemu navode kako \u0107e u\u010denici, roditelji, profesori, direktori i gra\u0111anstvo 9.11.2021. godine u 10:16 sati biti na Starom mostu povodom obilje\u017eavanja dvadeset osme godi\u0161njice od ru\u0161enja simbola arhitekture i civilizacije. -U manifestaciji [&hellip;]<\/p>\n","protected":false},"author":2,"featured_media":85550,"comment_status":"closed","ping_status":"closed","sticky":false,"template":"","format":"standard","meta":{"h5ap_radio_sources":[],"footnotes":""},"categories":[1],"tags":[],"class_list":["post-85549","post","type-post","status-publish","format-standard","has-post-thumbnail","hentry","category-bihiregija"],"yoast_head":"<!-- This site is optimized with the Yoast SEO plugin v27.5 - https:\/\/yoast.com\/product\/yoast-seo-wordpress\/ -->\n<title>Ha\u0161ki sud: Stari most bio je legitimni vojni cilj, nije dokazano da ga je sru\u0161io HVO - RADIO LJUBU\u0160KI<\/title>\n<meta name=\"robots\" content=\"index, follow, max-snippet:-1, max-image-preview:large, max-video-preview:-1\" \/>\n<link rel=\"canonical\" href=\"https:\/\/radioljubuski.ba\/index.php\/2021\/11\/05\/haski-sud-stari-most-bio-je-legitimni-vojni-cilj-nije-dokazano-da-ga-je-srusio-hvo\/\" \/>\n<meta property=\"og:locale\" content=\"hr_HR\" \/>\n<meta property=\"og:type\" content=\"article\" \/>\n<meta property=\"og:title\" content=\"Ha\u0161ki sud: Stari most bio je legitimni vojni cilj, nije dokazano da ga je sru\u0161io HVO - RADIO LJUBU\u0160KI\" \/>\n<meta property=\"og:description\" content=\"Koordinacijski tim u\u010denika, profesora, roditelja i direktora\/ica osnovnih i srednjih \u0161kola Mostara, do sada javnosti nepoznata organizacija, poslao je priop\u0107enje za javnost u kojemu navode kako \u0107e u\u010denici, roditelji, profesori, direktori i gra\u0111anstvo 9.11.2021. godine u 10:16 sati biti na Starom mostu povodom obilje\u017eavanja dvadeset osme godi\u0161njice od ru\u0161enja simbola arhitekture i civilizacije. -U manifestaciji [&hellip;]\" \/>\n<meta property=\"og:url\" content=\"https:\/\/radioljubuski.ba\/index.php\/2021\/11\/05\/haski-sud-stari-most-bio-je-legitimni-vojni-cilj-nije-dokazano-da-ga-je-srusio-hvo\/\" \/>\n<meta property=\"og:site_name\" content=\"RADIO LJUBU\u0160KI\" \/>\n<meta property=\"article:publisher\" content=\"https:\/\/www.facebook.com\/Radiio-Ljubuski-1490835324566332\" \/>\n<meta property=\"article:published_time\" content=\"2021-11-05T19:23:38+00:00\" \/>\n<meta property=\"article:modified_time\" content=\"2021-11-05T19:23:39+00:00\" \/>\n<meta property=\"og:image\" content=\"https:\/\/radioljubuski.ba\/wp-content\/uploads\/2021\/11\/stari_most_mostar_noc_AA5-1068x663-1.jpg\" \/>\n\t<meta property=\"og:image:width\" content=\"1068\" \/>\n\t<meta property=\"og:image:height\" content=\"663\" \/>\n\t<meta property=\"og:image:type\" content=\"image\/jpeg\" \/>\n<meta name=\"author\" content=\"Radio Ljubu\u0161ki\" \/>\n<meta name=\"twitter:card\" content=\"summary_large_image\" \/>\n<meta name=\"twitter:creator\" content=\"@radioljubuski\" \/>\n<meta name=\"twitter:site\" content=\"@radioljubuski\" \/>\n<meta name=\"twitter:label1\" content=\"Napisao\/la\" \/>\n\t<meta name=\"twitter:data1\" content=\"Radio Ljubu\u0161ki\" \/>\n\t<meta name=\"twitter:label2\" content=\"Procijenjeno vrijeme \u010ditanja\" \/>\n\t<meta name=\"twitter:data2\" content=\"3 minute\" \/>\n<script type=\"application\/ld+json\" class=\"yoast-schema-graph\">{\"@context\":\"https:\\\/\\\/schema.org\",\"@graph\":[{\"@type\":\"Article\",\"@id\":\"https:\\\/\\\/radioljubuski.ba\\\/index.php\\\/2021\\\/11\\\/05\\\/haski-sud-stari-most-bio-je-legitimni-vojni-cilj-nije-dokazano-da-ga-je-srusio-hvo\\\/#article\",\"isPartOf\":{\"@id\":\"https:\\\/\\\/radioljubuski.ba\\\/index.php\\\/2021\\\/11\\\/05\\\/haski-sud-stari-most-bio-je-legitimni-vojni-cilj-nije-dokazano-da-ga-je-srusio-hvo\\\/\"},\"author\":{\"name\":\"Radio Ljubu\u0161ki\",\"@id\":\"https:\\\/\\\/radioljubuski.ba\\\/#\\\/schema\\\/person\\\/19fc700381a780f69665d7956c469e3b\"},\"headline\":\"Ha\u0161ki sud: Stari most bio je legitimni vojni cilj, nije dokazano da ga je sru\u0161io HVO\",\"datePublished\":\"2021-11-05T19:23:38+00:00\",\"dateModified\":\"2021-11-05T19:23:39+00:00\",\"mainEntityOfPage\":{\"@id\":\"https:\\\/\\\/radioljubuski.ba\\\/index.php\\\/2021\\\/11\\\/05\\\/haski-sud-stari-most-bio-je-legitimni-vojni-cilj-nije-dokazano-da-ga-je-srusio-hvo\\\/\"},\"wordCount\":705,\"publisher\":{\"@id\":\"https:\\\/\\\/radioljubuski.ba\\\/#organization\"},\"image\":{\"@id\":\"https:\\\/\\\/radioljubuski.ba\\\/index.php\\\/2021\\\/11\\\/05\\\/haski-sud-stari-most-bio-je-legitimni-vojni-cilj-nije-dokazano-da-ga-je-srusio-hvo\\\/#primaryimage\"},\"thumbnailUrl\":\"https:\\\/\\\/radioljubuski.ba\\\/wp-content\\\/uploads\\\/2021\\\/11\\\/stari_most_mostar_noc_AA5-1068x663-1.jpg\",\"articleSection\":[\"BIH i regija\"],\"inLanguage\":\"hr\"},{\"@type\":\"WebPage\",\"@id\":\"https:\\\/\\\/radioljubuski.ba\\\/index.php\\\/2021\\\/11\\\/05\\\/haski-sud-stari-most-bio-je-legitimni-vojni-cilj-nije-dokazano-da-ga-je-srusio-hvo\\\/\",\"url\":\"https:\\\/\\\/radioljubuski.ba\\\/index.php\\\/2021\\\/11\\\/05\\\/haski-sud-stari-most-bio-je-legitimni-vojni-cilj-nije-dokazano-da-ga-je-srusio-hvo\\\/\",\"name\":\"Ha\u0161ki sud: Stari most bio je legitimni vojni cilj, nije dokazano da ga je sru\u0161io HVO - RADIO LJUBU\u0160KI\",\"isPartOf\":{\"@id\":\"https:\\\/\\\/radioljubuski.ba\\\/#website\"},\"primaryImageOfPage\":{\"@id\":\"https:\\\/\\\/radioljubuski.ba\\\/index.php\\\/2021\\\/11\\\/05\\\/haski-sud-stari-most-bio-je-legitimni-vojni-cilj-nije-dokazano-da-ga-je-srusio-hvo\\\/#primaryimage\"},\"image\":{\"@id\":\"https:\\\/\\\/radioljubuski.ba\\\/index.php\\\/2021\\\/11\\\/05\\\/haski-sud-stari-most-bio-je-legitimni-vojni-cilj-nije-dokazano-da-ga-je-srusio-hvo\\\/#primaryimage\"},\"thumbnailUrl\":\"https:\\\/\\\/radioljubuski.ba\\\/wp-content\\\/uploads\\\/2021\\\/11\\\/stari_most_mostar_noc_AA5-1068x663-1.jpg\",\"datePublished\":\"2021-11-05T19:23:38+00:00\",\"dateModified\":\"2021-11-05T19:23:39+00:00\",\"breadcrumb\":{\"@id\":\"https:\\\/\\\/radioljubuski.ba\\\/index.php\\\/2021\\\/11\\\/05\\\/haski-sud-stari-most-bio-je-legitimni-vojni-cilj-nije-dokazano-da-ga-je-srusio-hvo\\\/#breadcrumb\"},\"inLanguage\":\"hr\",\"potentialAction\":[{\"@type\":\"ReadAction\",\"target\":[\"https:\\\/\\\/radioljubuski.ba\\\/index.php\\\/2021\\\/11\\\/05\\\/haski-sud-stari-most-bio-je-legitimni-vojni-cilj-nije-dokazano-da-ga-je-srusio-hvo\\\/\"]}]},{\"@type\":\"ImageObject\",\"inLanguage\":\"hr\",\"@id\":\"https:\\\/\\\/radioljubuski.ba\\\/index.php\\\/2021\\\/11\\\/05\\\/haski-sud-stari-most-bio-je-legitimni-vojni-cilj-nije-dokazano-da-ga-je-srusio-hvo\\\/#primaryimage\",\"url\":\"https:\\\/\\\/radioljubuski.ba\\\/wp-content\\\/uploads\\\/2021\\\/11\\\/stari_most_mostar_noc_AA5-1068x663-1.jpg\",\"contentUrl\":\"https:\\\/\\\/radioljubuski.ba\\\/wp-content\\\/uploads\\\/2021\\\/11\\\/stari_most_mostar_noc_AA5-1068x663-1.jpg\",\"width\":1068,\"height\":663},{\"@type\":\"BreadcrumbList\",\"@id\":\"https:\\\/\\\/radioljubuski.ba\\\/index.php\\\/2021\\\/11\\\/05\\\/haski-sud-stari-most-bio-je-legitimni-vojni-cilj-nije-dokazano-da-ga-je-srusio-hvo\\\/#breadcrumb\",\"itemListElement\":[{\"@type\":\"ListItem\",\"position\":1,\"name\":\"Po\u010detna stranica\",\"item\":\"https:\\\/\\\/radioljubuski.ba\\\/\"},{\"@type\":\"ListItem\",\"position\":2,\"name\":\"Ha\u0161ki sud: Stari most bio je legitimni vojni cilj, nije dokazano da ga je sru\u0161io HVO\"}]},{\"@type\":\"WebSite\",\"@id\":\"https:\\\/\\\/radioljubuski.ba\\\/#website\",\"url\":\"https:\\\/\\\/radioljubuski.ba\\\/\",\"name\":\"Radio Ljubu\u0161ki\",\"description\":\"Sun\u010dana frekvencija Hercegovine\",\"publisher\":{\"@id\":\"https:\\\/\\\/radioljubuski.ba\\\/#organization\"},\"potentialAction\":[{\"@type\":\"SearchAction\",\"target\":{\"@type\":\"EntryPoint\",\"urlTemplate\":\"https:\\\/\\\/radioljubuski.ba\\\/?s={search_term_string}\"},\"query-input\":{\"@type\":\"PropertyValueSpecification\",\"valueRequired\":true,\"valueName\":\"search_term_string\"}}],\"inLanguage\":\"hr\"},{\"@type\":\"Organization\",\"@id\":\"https:\\\/\\\/radioljubuski.ba\\\/#organization\",\"name\":\"Radio Ljubu\u0161ki\",\"url\":\"https:\\\/\\\/radioljubuski.ba\\\/\",\"logo\":{\"@type\":\"ImageObject\",\"inLanguage\":\"hr\",\"@id\":\"https:\\\/\\\/radioljubuski.ba\\\/#\\\/schema\\\/logo\\\/image\\\/\",\"url\":\"https:\\\/\\\/radioljubuski.ba\\\/wp-content\\\/uploads\\\/2021\\\/02\\\/cropped-Radio_Ljubuski_logo1.jpg\",\"contentUrl\":\"https:\\\/\\\/radioljubuski.ba\\\/wp-content\\\/uploads\\\/2021\\\/02\\\/cropped-Radio_Ljubuski_logo1.jpg\",\"width\":512,\"height\":512,\"caption\":\"Radio Ljubu\u0161ki\"},\"image\":{\"@id\":\"https:\\\/\\\/radioljubuski.ba\\\/#\\\/schema\\\/logo\\\/image\\\/\"},\"sameAs\":[\"https:\\\/\\\/www.facebook.com\\\/Radiio-Ljubuski-1490835324566332\",\"https:\\\/\\\/x.com\\\/radioljubuski\",\"https:\\\/\\\/hr.linkedin.com\\\/company\\\/radio-ljubuski\",\"https:\\\/\\\/www.youtube.com\\\/channel\\\/UCHYaeO_n0Db3tjNGudGpXyw\"]},{\"@type\":\"Person\",\"@id\":\"https:\\\/\\\/radioljubuski.ba\\\/#\\\/schema\\\/person\\\/19fc700381a780f69665d7956c469e3b\",\"name\":\"Radio Ljubu\u0161ki\"}]}<\/script>\n<!-- \/ Yoast SEO plugin. -->","yoast_head_json":{"title":"Ha\u0161ki sud: Stari most bio je legitimni vojni cilj, nije dokazano da ga je sru\u0161io HVO - RADIO LJUBU\u0160KI","robots":{"index":"index","follow":"follow","max-snippet":"max-snippet:-1","max-image-preview":"max-image-preview:large","max-video-preview":"max-video-preview:-1"},"canonical":"https:\/\/radioljubuski.ba\/index.php\/2021\/11\/05\/haski-sud-stari-most-bio-je-legitimni-vojni-cilj-nije-dokazano-da-ga-je-srusio-hvo\/","og_locale":"hr_HR","og_type":"article","og_title":"Ha\u0161ki sud: Stari most bio je legitimni vojni cilj, nije dokazano da ga je sru\u0161io HVO - RADIO LJUBU\u0160KI","og_description":"Koordinacijski tim u\u010denika, profesora, roditelja i direktora\/ica osnovnih i srednjih \u0161kola Mostara, do sada javnosti nepoznata organizacija, poslao je priop\u0107enje za javnost u kojemu navode kako \u0107e u\u010denici, roditelji, profesori, direktori i gra\u0111anstvo 9.11.2021. godine u 10:16 sati biti na Starom mostu povodom obilje\u017eavanja dvadeset osme godi\u0161njice od ru\u0161enja simbola arhitekture i civilizacije. -U manifestaciji [&hellip;]","og_url":"https:\/\/radioljubuski.ba\/index.php\/2021\/11\/05\/haski-sud-stari-most-bio-je-legitimni-vojni-cilj-nije-dokazano-da-ga-je-srusio-hvo\/","og_site_name":"RADIO LJUBU\u0160KI","article_publisher":"https:\/\/www.facebook.com\/Radiio-Ljubuski-1490835324566332","article_published_time":"2021-11-05T19:23:38+00:00","article_modified_time":"2021-11-05T19:23:39+00:00","og_image":[{"width":1068,"height":663,"url":"https:\/\/radioljubuski.ba\/wp-content\/uploads\/2021\/11\/stari_most_mostar_noc_AA5-1068x663-1.jpg","type":"image\/jpeg"}],"author":"Radio Ljubu\u0161ki","twitter_card":"summary_large_image","twitter_creator":"@radioljubuski","twitter_site":"@radioljubuski","twitter_misc":{"Napisao\/la":"Radio Ljubu\u0161ki","Procijenjeno vrijeme \u010ditanja":"3 minute"},"schema":{"@context":"https:\/\/schema.org","@graph":[{"@type":"Article","@id":"https:\/\/radioljubuski.ba\/index.php\/2021\/11\/05\/haski-sud-stari-most-bio-je-legitimni-vojni-cilj-nije-dokazano-da-ga-je-srusio-hvo\/#article","isPartOf":{"@id":"https:\/\/radioljubuski.ba\/index.php\/2021\/11\/05\/haski-sud-stari-most-bio-je-legitimni-vojni-cilj-nije-dokazano-da-ga-je-srusio-hvo\/"},"author":{"name":"Radio Ljubu\u0161ki","@id":"https:\/\/radioljubuski.ba\/#\/schema\/person\/19fc700381a780f69665d7956c469e3b"},"headline":"Ha\u0161ki sud: Stari most bio je legitimni vojni cilj, nije dokazano da ga je sru\u0161io HVO","datePublished":"2021-11-05T19:23:38+00:00","dateModified":"2021-11-05T19:23:39+00:00","mainEntityOfPage":{"@id":"https:\/\/radioljubuski.ba\/index.php\/2021\/11\/05\/haski-sud-stari-most-bio-je-legitimni-vojni-cilj-nije-dokazano-da-ga-je-srusio-hvo\/"},"wordCount":705,"publisher":{"@id":"https:\/\/radioljubuski.ba\/#organization"},"image":{"@id":"https:\/\/radioljubuski.ba\/index.php\/2021\/11\/05\/haski-sud-stari-most-bio-je-legitimni-vojni-cilj-nije-dokazano-da-ga-je-srusio-hvo\/#primaryimage"},"thumbnailUrl":"https:\/\/radioljubuski.ba\/wp-content\/uploads\/2021\/11\/stari_most_mostar_noc_AA5-1068x663-1.jpg","articleSection":["BIH i regija"],"inLanguage":"hr"},{"@type":"WebPage","@id":"https:\/\/radioljubuski.ba\/index.php\/2021\/11\/05\/haski-sud-stari-most-bio-je-legitimni-vojni-cilj-nije-dokazano-da-ga-je-srusio-hvo\/","url":"https:\/\/radioljubuski.ba\/index.php\/2021\/11\/05\/haski-sud-stari-most-bio-je-legitimni-vojni-cilj-nije-dokazano-da-ga-je-srusio-hvo\/","name":"Ha\u0161ki sud: Stari most bio je legitimni vojni cilj, nije dokazano da ga je sru\u0161io HVO - RADIO LJUBU\u0160KI","isPartOf":{"@id":"https:\/\/radioljubuski.ba\/#website"},"primaryImageOfPage":{"@id":"https:\/\/radioljubuski.ba\/index.php\/2021\/11\/05\/haski-sud-stari-most-bio-je-legitimni-vojni-cilj-nije-dokazano-da-ga-je-srusio-hvo\/#primaryimage"},"image":{"@id":"https:\/\/radioljubuski.ba\/index.php\/2021\/11\/05\/haski-sud-stari-most-bio-je-legitimni-vojni-cilj-nije-dokazano-da-ga-je-srusio-hvo\/#primaryimage"},"thumbnailUrl":"https:\/\/radioljubuski.ba\/wp-content\/uploads\/2021\/11\/stari_most_mostar_noc_AA5-1068x663-1.jpg","datePublished":"2021-11-05T19:23:38+00:00","dateModified":"2021-11-05T19:23:39+00:00","breadcrumb":{"@id":"https:\/\/radioljubuski.ba\/index.php\/2021\/11\/05\/haski-sud-stari-most-bio-je-legitimni-vojni-cilj-nije-dokazano-da-ga-je-srusio-hvo\/#breadcrumb"},"inLanguage":"hr","potentialAction":[{"@type":"ReadAction","target":["https:\/\/radioljubuski.ba\/index.php\/2021\/11\/05\/haski-sud-stari-most-bio-je-legitimni-vojni-cilj-nije-dokazano-da-ga-je-srusio-hvo\/"]}]},{"@type":"ImageObject","inLanguage":"hr","@id":"https:\/\/radioljubuski.ba\/index.php\/2021\/11\/05\/haski-sud-stari-most-bio-je-legitimni-vojni-cilj-nije-dokazano-da-ga-je-srusio-hvo\/#primaryimage","url":"https:\/\/radioljubuski.ba\/wp-content\/uploads\/2021\/11\/stari_most_mostar_noc_AA5-1068x663-1.jpg","contentUrl":"https:\/\/radioljubuski.ba\/wp-content\/uploads\/2021\/11\/stari_most_mostar_noc_AA5-1068x663-1.jpg","width":1068,"height":663},{"@type":"BreadcrumbList","@id":"https:\/\/radioljubuski.ba\/index.php\/2021\/11\/05\/haski-sud-stari-most-bio-je-legitimni-vojni-cilj-nije-dokazano-da-ga-je-srusio-hvo\/#breadcrumb","itemListElement":[{"@type":"ListItem","position":1,"name":"Po\u010detna stranica","item":"https:\/\/radioljubuski.ba\/"},{"@type":"ListItem","position":2,"name":"Ha\u0161ki sud: Stari most bio je legitimni vojni cilj, nije dokazano da ga je sru\u0161io HVO"}]},{"@type":"WebSite","@id":"https:\/\/radioljubuski.ba\/#website","url":"https:\/\/radioljubuski.ba\/","name":"Radio Ljubu\u0161ki","description":"Sun\u010dana frekvencija Hercegovine","publisher":{"@id":"https:\/\/radioljubuski.ba\/#organization"},"potentialAction":[{"@type":"SearchAction","target":{"@type":"EntryPoint","urlTemplate":"https:\/\/radioljubuski.ba\/?s={search_term_string}"},"query-input":{"@type":"PropertyValueSpecification","valueRequired":true,"valueName":"search_term_string"}}],"inLanguage":"hr"},{"@type":"Organization","@id":"https:\/\/radioljubuski.ba\/#organization","name":"Radio Ljubu\u0161ki","url":"https:\/\/radioljubuski.ba\/","logo":{"@type":"ImageObject","inLanguage":"hr","@id":"https:\/\/radioljubuski.ba\/#\/schema\/logo\/image\/","url":"https:\/\/radioljubuski.ba\/wp-content\/uploads\/2021\/02\/cropped-Radio_Ljubuski_logo1.jpg","contentUrl":"https:\/\/radioljubuski.ba\/wp-content\/uploads\/2021\/02\/cropped-Radio_Ljubuski_logo1.jpg","width":512,"height":512,"caption":"Radio Ljubu\u0161ki"},"image":{"@id":"https:\/\/radioljubuski.ba\/#\/schema\/logo\/image\/"},"sameAs":["https:\/\/www.facebook.com\/Radiio-Ljubuski-1490835324566332","https:\/\/x.com\/radioljubuski","https:\/\/hr.linkedin.com\/company\/radio-ljubuski","https:\/\/www.youtube.com\/channel\/UCHYaeO_n0Db3tjNGudGpXyw"]},{"@type":"Person","@id":"https:\/\/radioljubuski.ba\/#\/schema\/person\/19fc700381a780f69665d7956c469e3b","name":"Radio Ljubu\u0161ki"}]}},"_links":{"self":[{"href":"https:\/\/radioljubuski.ba\/index.php\/wp-json\/wp\/v2\/posts\/85549","targetHints":{"allow":["GET"]}}],"collection":[{"href":"https:\/\/radioljubuski.ba\/index.php\/wp-json\/wp\/v2\/posts"}],"about":[{"href":"https:\/\/radioljubuski.ba\/index.php\/wp-json\/wp\/v2\/types\/post"}],"author":[{"embeddable":true,"href":"https:\/\/radioljubuski.ba\/index.php\/wp-json\/wp\/v2\/users\/2"}],"replies":[{"embeddable":true,"href":"https:\/\/radioljubuski.ba\/index.php\/wp-json\/wp\/v2\/comments?post=85549"}],"version-history":[{"count":1,"href":"https:\/\/radioljubuski.ba\/index.php\/wp-json\/wp\/v2\/posts\/85549\/revisions"}],"predecessor-version":[{"id":85551,"href":"https:\/\/radioljubuski.ba\/index.php\/wp-json\/wp\/v2\/posts\/85549\/revisions\/85551"}],"wp:featuredmedia":[{"embeddable":true,"href":"https:\/\/radioljubuski.ba\/index.php\/wp-json\/wp\/v2\/media\/85550"}],"wp:attachment":[{"href":"https:\/\/radioljubuski.ba\/index.php\/wp-json\/wp\/v2\/media?parent=85549"}],"wp:term":[{"taxonomy":"category","embeddable":true,"href":"https:\/\/radioljubuski.ba\/index.php\/wp-json\/wp\/v2\/categories?post=85549"},{"taxonomy":"post_tag","embeddable":true,"href":"https:\/\/radioljubuski.ba\/index.php\/wp-json\/wp\/v2\/tags?post=85549"}],"curies":[{"name":"wp","href":"https:\/\/api.w.org\/{rel}","templated":true}]}}