{"id":85554,"date":"2021-11-05T20:26:24","date_gmt":"2021-11-05T19:26:24","guid":{"rendered":"https:\/\/radioljubuski.ba\/?p=85554"},"modified":"2021-11-05T20:26:25","modified_gmt":"2021-11-05T19:26:25","slug":"novi-zaokret-oko-smrti-baldwinove-snimateljice-netko-je-podmetnuo-prave-metke","status":"publish","type":"post","link":"https:\/\/radioljubuski.ba\/index.php\/2021\/11\/05\/novi-zaokret-oko-smrti-baldwinove-snimateljice-netko-je-podmetnuo-prave-metke\/","title":{"rendered":"Novi zaokret oko smrti Baldwinove snimateljice: Netko je podmetnuo prave metke?"},"content":{"rendered":"\n<p><strong>Tragi\u010dni slu\u010daj smrti snimateljice na filmskom setu u Americi, koju je 21. listopada nehotice ustrijelio slavni glumac Alec Baldwin, dobila je novi zaokret.<\/strong><\/p>\n\n\n\n<p>Naime, odvjetnik oru\u017earke Hannah Gutierrez, koja je nadzirala oru\u017eje kori\u0161teno na setu filma Rust, sugerirao je u srijedu da je netko namjerno stavio metak u pi\u0161tolj koji je koristio Alec Baldwin kada je slu\u010dajno ubio snimateljicu, odnosno direktoricu fotografije i ranio redatelja Joela Souzu. Direktorica fotografije, 42-godi\u0161nja Halyna Hutchins, umrla je nakon \u0161to ju je metak pogodio u prsa.<\/p>\n\n\n\n<p>Baldwin, koji je bio glavni glumac i jedan od producenata kobnog filma, bio je uvjeren da u ruci dr\u017ei pi\u0161tolj s la\u017enim mecima, a to mu je rekao i pomo\u0107nik redatelja Dave Halls koji mu je i predao pi\u0161tolj prije probe za scenu. To\u010dnije, rekao mu je da je oru\u017eje \u201chladno\u201d, \u0161to je u ovoj bran\u0161i izraz za oru\u017eje koje je sigurno za kori\u0161tenje jer ne sadr\u017ei prave metke. Ni Halls \u201cnije znao da je pi\u0161tolj napunjen pravim streljivom\u201d, kako se navodi u policijskom izvje\u0161\u0107u.<\/p>\n\n\n\n<p>Odvjetnik Jason Bowles naveo je da je njegova klijentica, 24-godi\u0161nja Hannah Gutierrez, izvukla streljivo iz kutije za koju je vjerovala da je sadr\u017eavala samo la\u017ene metke koji nisu bili sposobni za ispaljivanje. Naglasio je da misli da je mogu\u0107e da je netko namjerno stavio prave metke, koji izgledaju poput la\u017enih, u tu kutiju.<\/p>\n\n\n\n<p><strong>Odvjetnik Gutierrez: Bojimo se da je netko namjeravao sabotirati ovaj set pravim mecima<\/strong><\/p>\n\n\n\n<p>\u201cBojimo se da se to moglo dogoditi ovdje, da je netko namjeravao sabotirati ovaj set pravim mecima namjerno stavljenim u kutiju s la\u017enima\u201d, rekao je Bowles u emisiji Dobro jutro, Ameriko na televiziji ABC.<\/p>\n\n\n\n<p>\u201cNe ka\u017eemo da je itko imao namjeru da se dogodi tragedija ubojstva, ali da su htjeli u\u010diniti ne\u0161to da izazovu sigurnosni incident na snimanju. Vjerujemo da se to dogodilo\u201d, naglasio je Bowles.<\/p>\n\n\n\n<p>\u201cNikad u milijun godina Hannah nije pomislila da bi pravi meci mogli biti u kutiji za la\u017ene metke\u201d, rekao je Bowles u izjavi u srijedu.<\/p>\n\n\n\n<p>Bowles je tako\u0111er rekao da je njegova klijentica Gutierrez provjerila pi\u0161tolj prije nego \u0161to ga je predala Hallsu \u2013 \u0161tovi\u0161e, da je okrenula cilindar revolvera i pokazala Hallu svaki od \u0161est metaka, za koje je vjerovala da su svi la\u017eni, rekao je. Halls je tada odnio pi\u0161tolj u crkvu gdje je Baldwin uvje\u017ebavao scenu pucnjave u ovom vesternu.<\/p>\n\n\n\n<p>Dodao je da je Gutierrez ozbiljno shva\u0107ala svoj posao, dala je Baldwinu i drugim glumcima na filmu obuku o vatrenom oru\u017eju i \u201cu\u010dinila sve \u0161to je u njenoj mo\u0107i da osigura siguran set\u201d.<\/p>\n\n\n\n<p><strong>Odvjetnik: Metke je mogao podmetnuti netko tko je htio poru\u010diti da je nezadovoljan radnim uvjetima<\/strong><\/p>\n\n\n\n<p>Na pitanje tko bi namjerno podmetnuo bojevo streljivo me\u0111u la\u017ene metke, Bowles je u emisiji Today na NBC-u rekao da vjeruje da bi to mogla biti osoba koja \u017eeli \u201cdokazati svoju poantu, poru\u010diti da je nezadovoljna, da je nesretna\u201d.<\/p>\n\n\n\n<p>\u201cA znamo da su ljudi ve\u0107 oti\u0161li sa seta dan prije\u201d, dodao je odvjetnik.<\/p>\n\n\n\n<p>\u201cMislim da\u2026 u ovom trenutku ne mo\u017eete nikoga isklju\u010diti, jer znamo nekoliko \u010dinjenica: znamo da je pravi metak bio u kutiji la\u017enih metaka koji nije trebao biti tamo, barem jedan pravi metak. Imali smo ljude koji su napustili set, koji su iza\u0161li jer su bili nezadovoljni. Imamo vremenski okvir izme\u0111u 11 i 13, otprilike, tog dana u kojem je vatreno oru\u017eje povremeno bilo bez nadzora. Tako da je postojala prilika za podmetanje\u201d, objasnio je Bowles.<\/p>\n\n\n\n<p>Podsjetimo, snimanje filma Rust bilo je pra\u0107eno problemima i tenzijama i prije kobnog incidenta. Snimatelji su dan prije tragi\u010dne nesre\u0107e napustili film u znak protesta protiv predugog radnog vremena i drugih lo\u0161ih radnih uvjeta, uklju\u010duju\u0107i nedovoljne mjere za\u0161tite od covida-19, priop\u0107ile su vlasti u Santa Feu. Osim toga, Los Angeles Times je izvijestio da se barem jedna osoba na snimanju, koje se odvijalo na ran\u010du u Novom Meksiku, po\u017ealila produkciji oko sigurnosnih problema s oru\u017ejem.<\/p>\n\n\n\n<p>Dva djelatnika su za LA Times rekli i da je Baldwinov dvojnik (osoba koja ga mijenja u pojedinim opasnim scenama) slu\u010dajno pro\u0161lu subotu ispalio dva metka i to nakon \u0161to mu je re\u010deno da je pi\u0161tolj \u201chladan\u201d. Hladan je, naime, termin koji se koristi kao oznaka da u pi\u0161tolju nema pravih metaka.<\/p>\n\n\n\n<p>\u201cTada se trebala provesti istraga\u201d, rekao je anonimni izvor sa seta.<\/p>\n\n\n\n<p><strong>Pomo\u0107nik redatelja otpu\u0161ten sa snimanja 2019. zbog incidenta s oru\u017ejem<\/strong><\/p>\n\n\n\n<p>I Halls, koji je predao pi\u0161tolj Baldwinu, 2019. je otpu\u0161ten iz jedne filmske produkcije nakon \u0161to je u incidentu s oru\u017ejem ozlije\u0111en \u010dlan filmske ekipe. Halls je te godine, tako\u0111er kao pomo\u0107nik redatelja, radio na filmu Freedom\u2019s Path kad je pi\u0161tolj neo\u010dekivano opalio tijekom snimanja i od siline pucnja odbacio \u010dlana tonske ekipe te ga ozlijedio. Snimanje je prekinuto, objavila je produkcijska ku\u0107a Rocket Soul Studios za CNN.<\/p>\n\n\n\n<p>\u201cHalls je uklonjen sa seta odmah nakon \u0161to je pi\u0161tolj rekvizit okinuo. Produkcija nije nastavila sa snimanjem sve dok Dave nije oti\u0161ao s mjesta. Tada je podnesena prijava o incidentu\u201d, naveli su iz te produkcijske ku\u0107e.<\/p>\n\n\n\n<p>Gutierrez se pak oglasila preko svojih odvjetnika i pro\u0161log tjedna i poru\u010dila da nije kriva za smrt Hutchins i da ne zna kako su se pravi meci na\u0161li u pi\u0161tolju, prozivaju\u0107i producente zbog nesigurnih uvjeta snimanja.<\/p>\n\n\n\n<p>\u201cSigurnost je Hannin prioritet na snimanju. U kona\u010dnici, ovaj set nikada ne bi bio ugro\u017een da nije bilo pravog streljiva. Hannah nema pojma odakle su do\u0161li pravi meci. Borila se da (od producenata) dobije odgovaraju\u0107e vrijeme za obuku i za pripremu pucnjave. No sve je postalo nesigurno zbog razli\u010ditih \u010dimbenika, uklju\u010duju\u0107i nedostatak sigurnosnih sastanaka\u201d, navodi se u tom priop\u0107enju.<\/p>\n\n\n\n<p><strong>Baldwin: Halyna mi je bila prijateljica, sumnjam da \u0107e se snimanje nastaviti<\/strong><\/p>\n\n\n\n<p>Me\u0111utim, upravo je Baldwin bio jedan od \u0161est producenata filma. On je prethodno poru\u010dio da je slomljenog srca i da sura\u0111uje s vlastima, a na dru\u0161tvenim mre\u017eama je podijelio i poruku \u010dlana ekipe koji osporava optu\u017ebe o kaosu i opu\u0161tenom odnosu prema sigurnosti na snimanju.<\/p>\n\n\n\n<p>Baldwin je pro\u0161log tjedna prvi put stao pred novinare i odgovorio na pitanja oko tragi\u010dnog slu\u010daja. Rekao je da zbog istrage koja je u tijeku ne smije govoriti o detaljima pucnjave, ali da mu je Hutchins bila prijateljica i da se susreo s njenim suprugom i obitelji.<\/p>\n\n\n\n<p>\u201cNe smije se koristiti pravo oru\u017eje. Ja nisam stru\u010dnjak za te stvari, neki drugi ljudi jesu. \u0160to oni odlu\u010de, tako treba raditi da se za\u0161tite ljudi na setu. Ja \u0107u sura\u0111ivati u tome kako god budem mogao\u201d, naglasio je i dodao kako \u201csumnja da \u0107e se snimanje ovog filma nastaviti\u201d.<\/p>\n\n\n\n<p>Glasnogovornica producenta Rust Movie Productions nije komentirala ozbiljne optu\u017ebe koje je iznio odvjetnik oru\u017earke Gutierrez. Tvrtka je priop\u0107ila da istra\u017euje incident i da nije primila slu\u017ebene pritu\u017ebe na sigurnost na snimanju u Santa Feu u Novom Meksiku. Policija jo\u0161 uvijek provodi istragu i zasad ni protiv koga nije podignuta optu\u017enica.<\/p>\n\n\n\n<p>\/HMS\/<\/p>\n","protected":false},"excerpt":{"rendered":"<p>Tragi\u010dni slu\u010daj smrti snimateljice na filmskom setu u Americi, koju je 21. listopada nehotice ustrijelio slavni glumac Alec Baldwin, dobila je novi zaokret. Naime, odvjetnik oru\u017earke Hannah Gutierrez, koja je nadzirala oru\u017eje kori\u0161teno na setu filma Rust, sugerirao je u srijedu da je netko namjerno stavio metak u pi\u0161tolj koji je koristio Alec Baldwin kada [&hellip;]<\/p>\n","protected":false},"author":2,"featured_media":85555,"comment_status":"closed","ping_status":"closed","sticky":false,"template":"","format":"standard","meta":{"h5ap_radio_sources":[],"footnotes":""},"categories":[1],"tags":[],"class_list":["post-85554","post","type-post","status-publish","format-standard","has-post-thumbnail","hentry","category-bihiregija"],"yoast_head":"<!-- This site is optimized with the Yoast SEO plugin v27.5 - https:\/\/yoast.com\/product\/yoast-seo-wordpress\/ -->\n<title>Novi zaokret oko smrti Baldwinove snimateljice: Netko je podmetnuo prave metke? - RADIO LJUBU\u0160KI<\/title>\n<meta name=\"robots\" content=\"index, follow, max-snippet:-1, max-image-preview:large, max-video-preview:-1\" \/>\n<link rel=\"canonical\" href=\"https:\/\/radioljubuski.ba\/index.php\/2021\/11\/05\/novi-zaokret-oko-smrti-baldwinove-snimateljice-netko-je-podmetnuo-prave-metke\/\" \/>\n<meta property=\"og:locale\" content=\"hr_HR\" \/>\n<meta property=\"og:type\" content=\"article\" \/>\n<meta property=\"og:title\" content=\"Novi zaokret oko smrti Baldwinove snimateljice: Netko je podmetnuo prave metke? - RADIO LJUBU\u0160KI\" \/>\n<meta property=\"og:description\" content=\"Tragi\u010dni slu\u010daj smrti snimateljice na filmskom setu u Americi, koju je 21. listopada nehotice ustrijelio slavni glumac Alec Baldwin, dobila je novi zaokret. Naime, odvjetnik oru\u017earke Hannah Gutierrez, koja je nadzirala oru\u017eje kori\u0161teno na setu filma Rust, sugerirao je u srijedu da je netko namjerno stavio metak u pi\u0161tolj koji je koristio Alec Baldwin kada [&hellip;]\" \/>\n<meta property=\"og:url\" content=\"https:\/\/radioljubuski.ba\/index.php\/2021\/11\/05\/novi-zaokret-oko-smrti-baldwinove-snimateljice-netko-je-podmetnuo-prave-metke\/\" \/>\n<meta property=\"og:site_name\" content=\"RADIO LJUBU\u0160KI\" \/>\n<meta property=\"article:publisher\" content=\"https:\/\/www.facebook.com\/Radiio-Ljubuski-1490835324566332\" \/>\n<meta property=\"article:published_time\" content=\"2021-11-05T19:26:24+00:00\" \/>\n<meta property=\"article:modified_time\" content=\"2021-11-05T19:26:25+00:00\" \/>\n<meta property=\"og:image\" content=\"https:\/\/radioljubuski.ba\/wp-content\/uploads\/2021\/11\/687ec995-50ef-4564-9b9d-ffa73dce0898.jpg\" \/>\n\t<meta property=\"og:image:width\" content=\"765\" \/>\n\t<meta property=\"og:image:height\" content=\"402\" \/>\n\t<meta property=\"og:image:type\" content=\"image\/jpeg\" \/>\n<meta name=\"author\" content=\"Radio Ljubu\u0161ki\" \/>\n<meta name=\"twitter:card\" content=\"summary_large_image\" \/>\n<meta name=\"twitter:creator\" content=\"@radioljubuski\" \/>\n<meta name=\"twitter:site\" content=\"@radioljubuski\" \/>\n<meta name=\"twitter:label1\" content=\"Napisao\/la\" \/>\n\t<meta name=\"twitter:data1\" content=\"Radio Ljubu\u0161ki\" \/>\n\t<meta name=\"twitter:label2\" content=\"Procijenjeno vrijeme \u010ditanja\" \/>\n\t<meta name=\"twitter:data2\" content=\"5 minuta\" \/>\n<script type=\"application\/ld+json\" class=\"yoast-schema-graph\">{\"@context\":\"https:\\\/\\\/schema.org\",\"@graph\":[{\"@type\":\"Article\",\"@id\":\"https:\\\/\\\/radioljubuski.ba\\\/index.php\\\/2021\\\/11\\\/05\\\/novi-zaokret-oko-smrti-baldwinove-snimateljice-netko-je-podmetnuo-prave-metke\\\/#article\",\"isPartOf\":{\"@id\":\"https:\\\/\\\/radioljubuski.ba\\\/index.php\\\/2021\\\/11\\\/05\\\/novi-zaokret-oko-smrti-baldwinove-snimateljice-netko-je-podmetnuo-prave-metke\\\/\"},\"author\":{\"name\":\"Radio Ljubu\u0161ki\",\"@id\":\"https:\\\/\\\/radioljubuski.ba\\\/#\\\/schema\\\/person\\\/19fc700381a780f69665d7956c469e3b\"},\"headline\":\"Novi zaokret oko smrti Baldwinove snimateljice: Netko je podmetnuo prave metke?\",\"datePublished\":\"2021-11-05T19:26:24+00:00\",\"dateModified\":\"2021-11-05T19:26:25+00:00\",\"mainEntityOfPage\":{\"@id\":\"https:\\\/\\\/radioljubuski.ba\\\/index.php\\\/2021\\\/11\\\/05\\\/novi-zaokret-oko-smrti-baldwinove-snimateljice-netko-je-podmetnuo-prave-metke\\\/\"},\"wordCount\":1234,\"publisher\":{\"@id\":\"https:\\\/\\\/radioljubuski.ba\\\/#organization\"},\"image\":{\"@id\":\"https:\\\/\\\/radioljubuski.ba\\\/index.php\\\/2021\\\/11\\\/05\\\/novi-zaokret-oko-smrti-baldwinove-snimateljice-netko-je-podmetnuo-prave-metke\\\/#primaryimage\"},\"thumbnailUrl\":\"https:\\\/\\\/radioljubuski.ba\\\/wp-content\\\/uploads\\\/2021\\\/11\\\/687ec995-50ef-4564-9b9d-ffa73dce0898.jpg\",\"articleSection\":[\"BIH i regija\"],\"inLanguage\":\"hr\"},{\"@type\":\"WebPage\",\"@id\":\"https:\\\/\\\/radioljubuski.ba\\\/index.php\\\/2021\\\/11\\\/05\\\/novi-zaokret-oko-smrti-baldwinove-snimateljice-netko-je-podmetnuo-prave-metke\\\/\",\"url\":\"https:\\\/\\\/radioljubuski.ba\\\/index.php\\\/2021\\\/11\\\/05\\\/novi-zaokret-oko-smrti-baldwinove-snimateljice-netko-je-podmetnuo-prave-metke\\\/\",\"name\":\"Novi zaokret oko smrti Baldwinove snimateljice: Netko je podmetnuo prave metke? - RADIO LJUBU\u0160KI\",\"isPartOf\":{\"@id\":\"https:\\\/\\\/radioljubuski.ba\\\/#website\"},\"primaryImageOfPage\":{\"@id\":\"https:\\\/\\\/radioljubuski.ba\\\/index.php\\\/2021\\\/11\\\/05\\\/novi-zaokret-oko-smrti-baldwinove-snimateljice-netko-je-podmetnuo-prave-metke\\\/#primaryimage\"},\"image\":{\"@id\":\"https:\\\/\\\/radioljubuski.ba\\\/index.php\\\/2021\\\/11\\\/05\\\/novi-zaokret-oko-smrti-baldwinove-snimateljice-netko-je-podmetnuo-prave-metke\\\/#primaryimage\"},\"thumbnailUrl\":\"https:\\\/\\\/radioljubuski.ba\\\/wp-content\\\/uploads\\\/2021\\\/11\\\/687ec995-50ef-4564-9b9d-ffa73dce0898.jpg\",\"datePublished\":\"2021-11-05T19:26:24+00:00\",\"dateModified\":\"2021-11-05T19:26:25+00:00\",\"breadcrumb\":{\"@id\":\"https:\\\/\\\/radioljubuski.ba\\\/index.php\\\/2021\\\/11\\\/05\\\/novi-zaokret-oko-smrti-baldwinove-snimateljice-netko-je-podmetnuo-prave-metke\\\/#breadcrumb\"},\"inLanguage\":\"hr\",\"potentialAction\":[{\"@type\":\"ReadAction\",\"target\":[\"https:\\\/\\\/radioljubuski.ba\\\/index.php\\\/2021\\\/11\\\/05\\\/novi-zaokret-oko-smrti-baldwinove-snimateljice-netko-je-podmetnuo-prave-metke\\\/\"]}]},{\"@type\":\"ImageObject\",\"inLanguage\":\"hr\",\"@id\":\"https:\\\/\\\/radioljubuski.ba\\\/index.php\\\/2021\\\/11\\\/05\\\/novi-zaokret-oko-smrti-baldwinove-snimateljice-netko-je-podmetnuo-prave-metke\\\/#primaryimage\",\"url\":\"https:\\\/\\\/radioljubuski.ba\\\/wp-content\\\/uploads\\\/2021\\\/11\\\/687ec995-50ef-4564-9b9d-ffa73dce0898.jpg\",\"contentUrl\":\"https:\\\/\\\/radioljubuski.ba\\\/wp-content\\\/uploads\\\/2021\\\/11\\\/687ec995-50ef-4564-9b9d-ffa73dce0898.jpg\",\"width\":765,\"height\":402},{\"@type\":\"BreadcrumbList\",\"@id\":\"https:\\\/\\\/radioljubuski.ba\\\/index.php\\\/2021\\\/11\\\/05\\\/novi-zaokret-oko-smrti-baldwinove-snimateljice-netko-je-podmetnuo-prave-metke\\\/#breadcrumb\",\"itemListElement\":[{\"@type\":\"ListItem\",\"position\":1,\"name\":\"Po\u010detna stranica\",\"item\":\"https:\\\/\\\/radioljubuski.ba\\\/\"},{\"@type\":\"ListItem\",\"position\":2,\"name\":\"Novi zaokret oko smrti Baldwinove snimateljice: Netko je podmetnuo prave metke?\"}]},{\"@type\":\"WebSite\",\"@id\":\"https:\\\/\\\/radioljubuski.ba\\\/#website\",\"url\":\"https:\\\/\\\/radioljubuski.ba\\\/\",\"name\":\"Radio Ljubu\u0161ki\",\"description\":\"Sun\u010dana frekvencija Hercegovine\",\"publisher\":{\"@id\":\"https:\\\/\\\/radioljubuski.ba\\\/#organization\"},\"potentialAction\":[{\"@type\":\"SearchAction\",\"target\":{\"@type\":\"EntryPoint\",\"urlTemplate\":\"https:\\\/\\\/radioljubuski.ba\\\/?s={search_term_string}\"},\"query-input\":{\"@type\":\"PropertyValueSpecification\",\"valueRequired\":true,\"valueName\":\"search_term_string\"}}],\"inLanguage\":\"hr\"},{\"@type\":\"Organization\",\"@id\":\"https:\\\/\\\/radioljubuski.ba\\\/#organization\",\"name\":\"Radio Ljubu\u0161ki\",\"url\":\"https:\\\/\\\/radioljubuski.ba\\\/\",\"logo\":{\"@type\":\"ImageObject\",\"inLanguage\":\"hr\",\"@id\":\"https:\\\/\\\/radioljubuski.ba\\\/#\\\/schema\\\/logo\\\/image\\\/\",\"url\":\"https:\\\/\\\/radioljubuski.ba\\\/wp-content\\\/uploads\\\/2021\\\/02\\\/cropped-Radio_Ljubuski_logo1.jpg\",\"contentUrl\":\"https:\\\/\\\/radioljubuski.ba\\\/wp-content\\\/uploads\\\/2021\\\/02\\\/cropped-Radio_Ljubuski_logo1.jpg\",\"width\":512,\"height\":512,\"caption\":\"Radio Ljubu\u0161ki\"},\"image\":{\"@id\":\"https:\\\/\\\/radioljubuski.ba\\\/#\\\/schema\\\/logo\\\/image\\\/\"},\"sameAs\":[\"https:\\\/\\\/www.facebook.com\\\/Radiio-Ljubuski-1490835324566332\",\"https:\\\/\\\/x.com\\\/radioljubuski\",\"https:\\\/\\\/hr.linkedin.com\\\/company\\\/radio-ljubuski\",\"https:\\\/\\\/www.youtube.com\\\/channel\\\/UCHYaeO_n0Db3tjNGudGpXyw\"]},{\"@type\":\"Person\",\"@id\":\"https:\\\/\\\/radioljubuski.ba\\\/#\\\/schema\\\/person\\\/19fc700381a780f69665d7956c469e3b\",\"name\":\"Radio Ljubu\u0161ki\"}]}<\/script>\n<!-- \/ Yoast SEO plugin. -->","yoast_head_json":{"title":"Novi zaokret oko smrti Baldwinove snimateljice: Netko je podmetnuo prave metke? - RADIO LJUBU\u0160KI","robots":{"index":"index","follow":"follow","max-snippet":"max-snippet:-1","max-image-preview":"max-image-preview:large","max-video-preview":"max-video-preview:-1"},"canonical":"https:\/\/radioljubuski.ba\/index.php\/2021\/11\/05\/novi-zaokret-oko-smrti-baldwinove-snimateljice-netko-je-podmetnuo-prave-metke\/","og_locale":"hr_HR","og_type":"article","og_title":"Novi zaokret oko smrti Baldwinove snimateljice: Netko je podmetnuo prave metke? - RADIO LJUBU\u0160KI","og_description":"Tragi\u010dni slu\u010daj smrti snimateljice na filmskom setu u Americi, koju je 21. listopada nehotice ustrijelio slavni glumac Alec Baldwin, dobila je novi zaokret. Naime, odvjetnik oru\u017earke Hannah Gutierrez, koja je nadzirala oru\u017eje kori\u0161teno na setu filma Rust, sugerirao je u srijedu da je netko namjerno stavio metak u pi\u0161tolj koji je koristio Alec Baldwin kada [&hellip;]","og_url":"https:\/\/radioljubuski.ba\/index.php\/2021\/11\/05\/novi-zaokret-oko-smrti-baldwinove-snimateljice-netko-je-podmetnuo-prave-metke\/","og_site_name":"RADIO LJUBU\u0160KI","article_publisher":"https:\/\/www.facebook.com\/Radiio-Ljubuski-1490835324566332","article_published_time":"2021-11-05T19:26:24+00:00","article_modified_time":"2021-11-05T19:26:25+00:00","og_image":[{"width":765,"height":402,"url":"https:\/\/radioljubuski.ba\/wp-content\/uploads\/2021\/11\/687ec995-50ef-4564-9b9d-ffa73dce0898.jpg","type":"image\/jpeg"}],"author":"Radio Ljubu\u0161ki","twitter_card":"summary_large_image","twitter_creator":"@radioljubuski","twitter_site":"@radioljubuski","twitter_misc":{"Napisao\/la":"Radio Ljubu\u0161ki","Procijenjeno vrijeme \u010ditanja":"5 minuta"},"schema":{"@context":"https:\/\/schema.org","@graph":[{"@type":"Article","@id":"https:\/\/radioljubuski.ba\/index.php\/2021\/11\/05\/novi-zaokret-oko-smrti-baldwinove-snimateljice-netko-je-podmetnuo-prave-metke\/#article","isPartOf":{"@id":"https:\/\/radioljubuski.ba\/index.php\/2021\/11\/05\/novi-zaokret-oko-smrti-baldwinove-snimateljice-netko-je-podmetnuo-prave-metke\/"},"author":{"name":"Radio Ljubu\u0161ki","@id":"https:\/\/radioljubuski.ba\/#\/schema\/person\/19fc700381a780f69665d7956c469e3b"},"headline":"Novi zaokret oko smrti Baldwinove snimateljice: Netko je podmetnuo prave metke?","datePublished":"2021-11-05T19:26:24+00:00","dateModified":"2021-11-05T19:26:25+00:00","mainEntityOfPage":{"@id":"https:\/\/radioljubuski.ba\/index.php\/2021\/11\/05\/novi-zaokret-oko-smrti-baldwinove-snimateljice-netko-je-podmetnuo-prave-metke\/"},"wordCount":1234,"publisher":{"@id":"https:\/\/radioljubuski.ba\/#organization"},"image":{"@id":"https:\/\/radioljubuski.ba\/index.php\/2021\/11\/05\/novi-zaokret-oko-smrti-baldwinove-snimateljice-netko-je-podmetnuo-prave-metke\/#primaryimage"},"thumbnailUrl":"https:\/\/radioljubuski.ba\/wp-content\/uploads\/2021\/11\/687ec995-50ef-4564-9b9d-ffa73dce0898.jpg","articleSection":["BIH i regija"],"inLanguage":"hr"},{"@type":"WebPage","@id":"https:\/\/radioljubuski.ba\/index.php\/2021\/11\/05\/novi-zaokret-oko-smrti-baldwinove-snimateljice-netko-je-podmetnuo-prave-metke\/","url":"https:\/\/radioljubuski.ba\/index.php\/2021\/11\/05\/novi-zaokret-oko-smrti-baldwinove-snimateljice-netko-je-podmetnuo-prave-metke\/","name":"Novi zaokret oko smrti Baldwinove snimateljice: Netko je podmetnuo prave metke? - RADIO LJUBU\u0160KI","isPartOf":{"@id":"https:\/\/radioljubuski.ba\/#website"},"primaryImageOfPage":{"@id":"https:\/\/radioljubuski.ba\/index.php\/2021\/11\/05\/novi-zaokret-oko-smrti-baldwinove-snimateljice-netko-je-podmetnuo-prave-metke\/#primaryimage"},"image":{"@id":"https:\/\/radioljubuski.ba\/index.php\/2021\/11\/05\/novi-zaokret-oko-smrti-baldwinove-snimateljice-netko-je-podmetnuo-prave-metke\/#primaryimage"},"thumbnailUrl":"https:\/\/radioljubuski.ba\/wp-content\/uploads\/2021\/11\/687ec995-50ef-4564-9b9d-ffa73dce0898.jpg","datePublished":"2021-11-05T19:26:24+00:00","dateModified":"2021-11-05T19:26:25+00:00","breadcrumb":{"@id":"https:\/\/radioljubuski.ba\/index.php\/2021\/11\/05\/novi-zaokret-oko-smrti-baldwinove-snimateljice-netko-je-podmetnuo-prave-metke\/#breadcrumb"},"inLanguage":"hr","potentialAction":[{"@type":"ReadAction","target":["https:\/\/radioljubuski.ba\/index.php\/2021\/11\/05\/novi-zaokret-oko-smrti-baldwinove-snimateljice-netko-je-podmetnuo-prave-metke\/"]}]},{"@type":"ImageObject","inLanguage":"hr","@id":"https:\/\/radioljubuski.ba\/index.php\/2021\/11\/05\/novi-zaokret-oko-smrti-baldwinove-snimateljice-netko-je-podmetnuo-prave-metke\/#primaryimage","url":"https:\/\/radioljubuski.ba\/wp-content\/uploads\/2021\/11\/687ec995-50ef-4564-9b9d-ffa73dce0898.jpg","contentUrl":"https:\/\/radioljubuski.ba\/wp-content\/uploads\/2021\/11\/687ec995-50ef-4564-9b9d-ffa73dce0898.jpg","width":765,"height":402},{"@type":"BreadcrumbList","@id":"https:\/\/radioljubuski.ba\/index.php\/2021\/11\/05\/novi-zaokret-oko-smrti-baldwinove-snimateljice-netko-je-podmetnuo-prave-metke\/#breadcrumb","itemListElement":[{"@type":"ListItem","position":1,"name":"Po\u010detna stranica","item":"https:\/\/radioljubuski.ba\/"},{"@type":"ListItem","position":2,"name":"Novi zaokret oko smrti Baldwinove snimateljice: Netko je podmetnuo prave metke?"}]},{"@type":"WebSite","@id":"https:\/\/radioljubuski.ba\/#website","url":"https:\/\/radioljubuski.ba\/","name":"Radio Ljubu\u0161ki","description":"Sun\u010dana frekvencija Hercegovine","publisher":{"@id":"https:\/\/radioljubuski.ba\/#organization"},"potentialAction":[{"@type":"SearchAction","target":{"@type":"EntryPoint","urlTemplate":"https:\/\/radioljubuski.ba\/?s={search_term_string}"},"query-input":{"@type":"PropertyValueSpecification","valueRequired":true,"valueName":"search_term_string"}}],"inLanguage":"hr"},{"@type":"Organization","@id":"https:\/\/radioljubuski.ba\/#organization","name":"Radio Ljubu\u0161ki","url":"https:\/\/radioljubuski.ba\/","logo":{"@type":"ImageObject","inLanguage":"hr","@id":"https:\/\/radioljubuski.ba\/#\/schema\/logo\/image\/","url":"https:\/\/radioljubuski.ba\/wp-content\/uploads\/2021\/02\/cropped-Radio_Ljubuski_logo1.jpg","contentUrl":"https:\/\/radioljubuski.ba\/wp-content\/uploads\/2021\/02\/cropped-Radio_Ljubuski_logo1.jpg","width":512,"height":512,"caption":"Radio Ljubu\u0161ki"},"image":{"@id":"https:\/\/radioljubuski.ba\/#\/schema\/logo\/image\/"},"sameAs":["https:\/\/www.facebook.com\/Radiio-Ljubuski-1490835324566332","https:\/\/x.com\/radioljubuski","https:\/\/hr.linkedin.com\/company\/radio-ljubuski","https:\/\/www.youtube.com\/channel\/UCHYaeO_n0Db3tjNGudGpXyw"]},{"@type":"Person","@id":"https:\/\/radioljubuski.ba\/#\/schema\/person\/19fc700381a780f69665d7956c469e3b","name":"Radio Ljubu\u0161ki"}]}},"_links":{"self":[{"href":"https:\/\/radioljubuski.ba\/index.php\/wp-json\/wp\/v2\/posts\/85554","targetHints":{"allow":["GET"]}}],"collection":[{"href":"https:\/\/radioljubuski.ba\/index.php\/wp-json\/wp\/v2\/posts"}],"about":[{"href":"https:\/\/radioljubuski.ba\/index.php\/wp-json\/wp\/v2\/types\/post"}],"author":[{"embeddable":true,"href":"https:\/\/radioljubuski.ba\/index.php\/wp-json\/wp\/v2\/users\/2"}],"replies":[{"embeddable":true,"href":"https:\/\/radioljubuski.ba\/index.php\/wp-json\/wp\/v2\/comments?post=85554"}],"version-history":[{"count":1,"href":"https:\/\/radioljubuski.ba\/index.php\/wp-json\/wp\/v2\/posts\/85554\/revisions"}],"predecessor-version":[{"id":85556,"href":"https:\/\/radioljubuski.ba\/index.php\/wp-json\/wp\/v2\/posts\/85554\/revisions\/85556"}],"wp:featuredmedia":[{"embeddable":true,"href":"https:\/\/radioljubuski.ba\/index.php\/wp-json\/wp\/v2\/media\/85555"}],"wp:attachment":[{"href":"https:\/\/radioljubuski.ba\/index.php\/wp-json\/wp\/v2\/media?parent=85554"}],"wp:term":[{"taxonomy":"category","embeddable":true,"href":"https:\/\/radioljubuski.ba\/index.php\/wp-json\/wp\/v2\/categories?post=85554"},{"taxonomy":"post_tag","embeddable":true,"href":"https:\/\/radioljubuski.ba\/index.php\/wp-json\/wp\/v2\/tags?post=85554"}],"curies":[{"name":"wp","href":"https:\/\/api.w.org\/{rel}","templated":true}]}}