{"id":85584,"date":"2021-11-05T20:57:27","date_gmt":"2021-11-05T19:57:27","guid":{"rendered":"https:\/\/radioljubuski.ba\/?p=85584"},"modified":"2021-11-05T20:57:29","modified_gmt":"2021-11-05T19:57:29","slug":"nikolina-babic-nova-dopredsjednica-tennis-europe","status":"publish","type":"post","link":"https:\/\/radioljubuski.ba\/index.php\/2021\/11\/05\/nikolina-babic-nova-dopredsjednica-tennis-europe\/","title":{"rendered":"Nikolina Babi\u0107 nova dopredsjednica Tennis Europe"},"content":{"rendered":"\n<p><strong>Predsjednica Hrvatskog teniskog saveza&nbsp;Nikolina&nbsp;Babi\u0107&nbsp;izabrana je za novu dopredsjednicu organizacije Tennis Europe.<\/strong><\/p>\n\n\n\n<p>Ovim imenovanjem Babi\u0107 je postala i prva Hrvatica na ovoj visokoj poziciji.<\/p>\n\n\n\n<p>&#8211; Ovo je jedan izuzetno veliki trenutak za Hrvatski teniski savez i mene osobno jer po prvi put u povijesti imamo ovako bitnu poziciju u organizaciji Tennis Europe, a to je dopredsjedni\u010dko mjesto i ured s velikim federacijama Njema\u010dkom i Italijom, kazala je Nikolina Babi\u0107 koja je proteklog rujna po drugi put izabrana i za \u010dlanicu Upravnog odbora organizacije Tennis Europe.<\/p>\n\n\n\n<blockquote class=\"twitter-tweet\"><p lang=\"und\" dir=\"ltr\">Predsjednica HTS-a Nikolina Babi\u0107 nova je potpredsjednica <a href=\"https:\/\/twitter.com\/TennisEurope?ref_src=twsrc%5Etfw\">@TennisEurope<\/a>. \ud83c\udfbe\ud83c\udded\ud83c\uddf7 <a href=\"https:\/\/twitter.com\/hashtag\/NikolinaBabic?src=hash&amp;ref_src=twsrc%5Etfw\">#NikolinaBabic<\/a> <a href=\"https:\/\/twitter.com\/hashtag\/HTS?src=hash&amp;ref_src=twsrc%5Etfw\">#HTS<\/a> <a href=\"https:\/\/twitter.com\/hashtag\/TennisEurope?src=hash&amp;ref_src=twsrc%5Etfw\">#TennisEurope<\/a><a href=\"https:\/\/t.co\/NMkdbXm4hT\">https:\/\/t.co\/NMkdbXm4hT<\/a><\/p>&mdash; Hrvatski teniski savez (@hts_sluzbeni) <a href=\"https:\/\/twitter.com\/hts_sluzbeni\/status\/1456613081677803520?ref_src=twsrc%5Etfw\">November 5, 2021<\/a><\/blockquote> <script async src=\"https:\/\/platform.twitter.com\/widgets.js\" charset=\"utf-8\"><\/script>\n\n\n\n<p>&#8211; Cilj je ujediniti Europu kako bi \u0161to bolje mogli zastupati interese federacija prema ITF-u ali i razvoj strategije juniorskog programa mladih igra\u010da. Znamo da 60 % igra\u010da dolazi iz Europe pa samim time Tennis Europe mora imati puno zna\u010dajniju ulogu u kreiranju svih strategija i politika tenisa u svijetu, dodala je.<\/p>\n\n\n\n<p>U organizaciji Tennis Europe, hrvatska potpredsjednica zalagat \u0107e se za popularizaciju tenisa koji \u0107e tenis u\u010diniti pristupa\u010dnijim svima, \u0161to nas mo\u017ee dovesti do jo\u0161 sjajnih igra\u010da u budu\u0107nosti.<\/p>\n\n\n\n<p>Svjetska kampanja s teniskim legendama i najboljim ATP i WTA igra\u010dima bit \u0107e izvrsna promocija na\u0161ih tenisa\u010da koji \u0107e uz druge nacije biti uklju\u010deni u promociju na globalnoj razini kroz Tennis Europe. Tu su i potrebna ve\u0107a financijska ulaganja u trenerske programe, obrazovanje i status koja mogu pomo\u0107i trenerima u radu i donijeti vi\u0161e rezultata s igra\u010dima u budu\u0107nosti.<\/p>\n\n\n\n<p>U svom mandatu isticat \u0107e ja\u010danje suradnje nacionalnih saveza i Tennis Europe koja je vrlo va\u017ena za zajedni\u010dki rast ovog sporta.<\/p>\n\n\n\n<p>Izvor:hrt.hr<\/p>\n","protected":false},"excerpt":{"rendered":"<p>Predsjednica Hrvatskog teniskog saveza&nbsp;Nikolina&nbsp;Babi\u0107&nbsp;izabrana je za novu dopredsjednicu organizacije Tennis Europe. Ovim imenovanjem Babi\u0107 je postala i prva Hrvatica na ovoj visokoj poziciji. &#8211; Ovo je jedan izuzetno veliki trenutak za Hrvatski teniski savez i mene osobno jer po prvi put u povijesti imamo ovako bitnu poziciju u organizaciji Tennis Europe, a to je dopredsjedni\u010dko [&hellip;]<\/p>\n","protected":false},"author":2,"featured_media":85585,"comment_status":"closed","ping_status":"closed","sticky":false,"template":"","format":"standard","meta":{"h5ap_radio_sources":[],"footnotes":""},"categories":[7],"tags":[],"class_list":["post-85584","post","type-post","status-publish","format-standard","has-post-thumbnail","hentry","category-sport"],"yoast_head":"<!-- This site is optimized with the Yoast SEO plugin v27.5 - https:\/\/yoast.com\/product\/yoast-seo-wordpress\/ -->\n<title>Nikolina Babi\u0107 nova dopredsjednica Tennis Europe - RADIO LJUBU\u0160KI<\/title>\n<meta name=\"robots\" content=\"index, follow, max-snippet:-1, max-image-preview:large, max-video-preview:-1\" \/>\n<link rel=\"canonical\" href=\"https:\/\/radioljubuski.ba\/index.php\/2021\/11\/05\/nikolina-babic-nova-dopredsjednica-tennis-europe\/\" \/>\n<meta property=\"og:locale\" content=\"hr_HR\" \/>\n<meta property=\"og:type\" content=\"article\" \/>\n<meta property=\"og:title\" content=\"Nikolina Babi\u0107 nova dopredsjednica Tennis Europe - RADIO LJUBU\u0160KI\" \/>\n<meta property=\"og:description\" content=\"Predsjednica Hrvatskog teniskog saveza&nbsp;Nikolina&nbsp;Babi\u0107&nbsp;izabrana je za novu dopredsjednicu organizacije Tennis Europe. Ovim imenovanjem Babi\u0107 je postala i prva Hrvatica na ovoj visokoj poziciji. &#8211; Ovo je jedan izuzetno veliki trenutak za Hrvatski teniski savez i mene osobno jer po prvi put u povijesti imamo ovako bitnu poziciju u organizaciji Tennis Europe, a to je dopredsjedni\u010dko [&hellip;]\" \/>\n<meta property=\"og:url\" content=\"https:\/\/radioljubuski.ba\/index.php\/2021\/11\/05\/nikolina-babic-nova-dopredsjednica-tennis-europe\/\" \/>\n<meta property=\"og:site_name\" content=\"RADIO LJUBU\u0160KI\" \/>\n<meta property=\"article:publisher\" content=\"https:\/\/www.facebook.com\/Radiio-Ljubuski-1490835324566332\" \/>\n<meta property=\"article:published_time\" content=\"2021-11-05T19:57:27+00:00\" \/>\n<meta property=\"article:modified_time\" content=\"2021-11-05T19:57:29+00:00\" \/>\n<meta property=\"og:image\" content=\"https:\/\/radioljubuski.ba\/wp-content\/uploads\/2021\/11\/pxl-050320-28292521.jpg\" \/>\n\t<meta property=\"og:image:width\" content=\"1200\" \/>\n\t<meta property=\"og:image:height\" content=\"800\" \/>\n\t<meta property=\"og:image:type\" content=\"image\/jpeg\" \/>\n<meta name=\"author\" content=\"Radio Ljubu\u0161ki\" \/>\n<meta name=\"twitter:card\" content=\"summary_large_image\" \/>\n<meta name=\"twitter:creator\" content=\"@radioljubuski\" \/>\n<meta name=\"twitter:site\" content=\"@radioljubuski\" \/>\n<meta name=\"twitter:label1\" content=\"Napisao\/la\" \/>\n\t<meta name=\"twitter:data1\" content=\"Radio Ljubu\u0161ki\" \/>\n\t<meta name=\"twitter:label2\" content=\"Procijenjeno vrijeme \u010ditanja\" \/>\n\t<meta name=\"twitter:data2\" content=\"2 minute\" \/>\n<script type=\"application\/ld+json\" class=\"yoast-schema-graph\">{\"@context\":\"https:\\\/\\\/schema.org\",\"@graph\":[{\"@type\":\"Article\",\"@id\":\"https:\\\/\\\/radioljubuski.ba\\\/index.php\\\/2021\\\/11\\\/05\\\/nikolina-babic-nova-dopredsjednica-tennis-europe\\\/#article\",\"isPartOf\":{\"@id\":\"https:\\\/\\\/radioljubuski.ba\\\/index.php\\\/2021\\\/11\\\/05\\\/nikolina-babic-nova-dopredsjednica-tennis-europe\\\/\"},\"author\":{\"name\":\"Radio Ljubu\u0161ki\",\"@id\":\"https:\\\/\\\/radioljubuski.ba\\\/#\\\/schema\\\/person\\\/19fc700381a780f69665d7956c469e3b\"},\"headline\":\"Nikolina Babi\u0107 nova dopredsjednica Tennis Europe\",\"datePublished\":\"2021-11-05T19:57:27+00:00\",\"dateModified\":\"2021-11-05T19:57:29+00:00\",\"mainEntityOfPage\":{\"@id\":\"https:\\\/\\\/radioljubuski.ba\\\/index.php\\\/2021\\\/11\\\/05\\\/nikolina-babic-nova-dopredsjednica-tennis-europe\\\/\"},\"wordCount\":302,\"publisher\":{\"@id\":\"https:\\\/\\\/radioljubuski.ba\\\/#organization\"},\"image\":{\"@id\":\"https:\\\/\\\/radioljubuski.ba\\\/index.php\\\/2021\\\/11\\\/05\\\/nikolina-babic-nova-dopredsjednica-tennis-europe\\\/#primaryimage\"},\"thumbnailUrl\":\"https:\\\/\\\/radioljubuski.ba\\\/wp-content\\\/uploads\\\/2021\\\/11\\\/pxl-050320-28292521.jpg\",\"articleSection\":[\"\u0160port\"],\"inLanguage\":\"hr\"},{\"@type\":\"WebPage\",\"@id\":\"https:\\\/\\\/radioljubuski.ba\\\/index.php\\\/2021\\\/11\\\/05\\\/nikolina-babic-nova-dopredsjednica-tennis-europe\\\/\",\"url\":\"https:\\\/\\\/radioljubuski.ba\\\/index.php\\\/2021\\\/11\\\/05\\\/nikolina-babic-nova-dopredsjednica-tennis-europe\\\/\",\"name\":\"Nikolina Babi\u0107 nova dopredsjednica Tennis Europe - RADIO LJUBU\u0160KI\",\"isPartOf\":{\"@id\":\"https:\\\/\\\/radioljubuski.ba\\\/#website\"},\"primaryImageOfPage\":{\"@id\":\"https:\\\/\\\/radioljubuski.ba\\\/index.php\\\/2021\\\/11\\\/05\\\/nikolina-babic-nova-dopredsjednica-tennis-europe\\\/#primaryimage\"},\"image\":{\"@id\":\"https:\\\/\\\/radioljubuski.ba\\\/index.php\\\/2021\\\/11\\\/05\\\/nikolina-babic-nova-dopredsjednica-tennis-europe\\\/#primaryimage\"},\"thumbnailUrl\":\"https:\\\/\\\/radioljubuski.ba\\\/wp-content\\\/uploads\\\/2021\\\/11\\\/pxl-050320-28292521.jpg\",\"datePublished\":\"2021-11-05T19:57:27+00:00\",\"dateModified\":\"2021-11-05T19:57:29+00:00\",\"breadcrumb\":{\"@id\":\"https:\\\/\\\/radioljubuski.ba\\\/index.php\\\/2021\\\/11\\\/05\\\/nikolina-babic-nova-dopredsjednica-tennis-europe\\\/#breadcrumb\"},\"inLanguage\":\"hr\",\"potentialAction\":[{\"@type\":\"ReadAction\",\"target\":[\"https:\\\/\\\/radioljubuski.ba\\\/index.php\\\/2021\\\/11\\\/05\\\/nikolina-babic-nova-dopredsjednica-tennis-europe\\\/\"]}]},{\"@type\":\"ImageObject\",\"inLanguage\":\"hr\",\"@id\":\"https:\\\/\\\/radioljubuski.ba\\\/index.php\\\/2021\\\/11\\\/05\\\/nikolina-babic-nova-dopredsjednica-tennis-europe\\\/#primaryimage\",\"url\":\"https:\\\/\\\/radioljubuski.ba\\\/wp-content\\\/uploads\\\/2021\\\/11\\\/pxl-050320-28292521.jpg\",\"contentUrl\":\"https:\\\/\\\/radioljubuski.ba\\\/wp-content\\\/uploads\\\/2021\\\/11\\\/pxl-050320-28292521.jpg\",\"width\":1200,\"height\":800},{\"@type\":\"BreadcrumbList\",\"@id\":\"https:\\\/\\\/radioljubuski.ba\\\/index.php\\\/2021\\\/11\\\/05\\\/nikolina-babic-nova-dopredsjednica-tennis-europe\\\/#breadcrumb\",\"itemListElement\":[{\"@type\":\"ListItem\",\"position\":1,\"name\":\"Po\u010detna stranica\",\"item\":\"https:\\\/\\\/radioljubuski.ba\\\/\"},{\"@type\":\"ListItem\",\"position\":2,\"name\":\"Nikolina Babi\u0107 nova dopredsjednica Tennis Europe\"}]},{\"@type\":\"WebSite\",\"@id\":\"https:\\\/\\\/radioljubuski.ba\\\/#website\",\"url\":\"https:\\\/\\\/radioljubuski.ba\\\/\",\"name\":\"Radio Ljubu\u0161ki\",\"description\":\"Sun\u010dana frekvencija Hercegovine\",\"publisher\":{\"@id\":\"https:\\\/\\\/radioljubuski.ba\\\/#organization\"},\"potentialAction\":[{\"@type\":\"SearchAction\",\"target\":{\"@type\":\"EntryPoint\",\"urlTemplate\":\"https:\\\/\\\/radioljubuski.ba\\\/?s={search_term_string}\"},\"query-input\":{\"@type\":\"PropertyValueSpecification\",\"valueRequired\":true,\"valueName\":\"search_term_string\"}}],\"inLanguage\":\"hr\"},{\"@type\":\"Organization\",\"@id\":\"https:\\\/\\\/radioljubuski.ba\\\/#organization\",\"name\":\"Radio Ljubu\u0161ki\",\"url\":\"https:\\\/\\\/radioljubuski.ba\\\/\",\"logo\":{\"@type\":\"ImageObject\",\"inLanguage\":\"hr\",\"@id\":\"https:\\\/\\\/radioljubuski.ba\\\/#\\\/schema\\\/logo\\\/image\\\/\",\"url\":\"https:\\\/\\\/radioljubuski.ba\\\/wp-content\\\/uploads\\\/2021\\\/02\\\/cropped-Radio_Ljubuski_logo1.jpg\",\"contentUrl\":\"https:\\\/\\\/radioljubuski.ba\\\/wp-content\\\/uploads\\\/2021\\\/02\\\/cropped-Radio_Ljubuski_logo1.jpg\",\"width\":512,\"height\":512,\"caption\":\"Radio Ljubu\u0161ki\"},\"image\":{\"@id\":\"https:\\\/\\\/radioljubuski.ba\\\/#\\\/schema\\\/logo\\\/image\\\/\"},\"sameAs\":[\"https:\\\/\\\/www.facebook.com\\\/Radiio-Ljubuski-1490835324566332\",\"https:\\\/\\\/x.com\\\/radioljubuski\",\"https:\\\/\\\/hr.linkedin.com\\\/company\\\/radio-ljubuski\",\"https:\\\/\\\/www.youtube.com\\\/channel\\\/UCHYaeO_n0Db3tjNGudGpXyw\"]},{\"@type\":\"Person\",\"@id\":\"https:\\\/\\\/radioljubuski.ba\\\/#\\\/schema\\\/person\\\/19fc700381a780f69665d7956c469e3b\",\"name\":\"Radio Ljubu\u0161ki\"}]}<\/script>\n<!-- \/ Yoast SEO plugin. -->","yoast_head_json":{"title":"Nikolina Babi\u0107 nova dopredsjednica Tennis Europe - RADIO LJUBU\u0160KI","robots":{"index":"index","follow":"follow","max-snippet":"max-snippet:-1","max-image-preview":"max-image-preview:large","max-video-preview":"max-video-preview:-1"},"canonical":"https:\/\/radioljubuski.ba\/index.php\/2021\/11\/05\/nikolina-babic-nova-dopredsjednica-tennis-europe\/","og_locale":"hr_HR","og_type":"article","og_title":"Nikolina Babi\u0107 nova dopredsjednica Tennis Europe - RADIO LJUBU\u0160KI","og_description":"Predsjednica Hrvatskog teniskog saveza&nbsp;Nikolina&nbsp;Babi\u0107&nbsp;izabrana je za novu dopredsjednicu organizacije Tennis Europe. Ovim imenovanjem Babi\u0107 je postala i prva Hrvatica na ovoj visokoj poziciji. &#8211; Ovo je jedan izuzetno veliki trenutak za Hrvatski teniski savez i mene osobno jer po prvi put u povijesti imamo ovako bitnu poziciju u organizaciji Tennis Europe, a to je dopredsjedni\u010dko [&hellip;]","og_url":"https:\/\/radioljubuski.ba\/index.php\/2021\/11\/05\/nikolina-babic-nova-dopredsjednica-tennis-europe\/","og_site_name":"RADIO LJUBU\u0160KI","article_publisher":"https:\/\/www.facebook.com\/Radiio-Ljubuski-1490835324566332","article_published_time":"2021-11-05T19:57:27+00:00","article_modified_time":"2021-11-05T19:57:29+00:00","og_image":[{"width":1200,"height":800,"url":"https:\/\/radioljubuski.ba\/wp-content\/uploads\/2021\/11\/pxl-050320-28292521.jpg","type":"image\/jpeg"}],"author":"Radio Ljubu\u0161ki","twitter_card":"summary_large_image","twitter_creator":"@radioljubuski","twitter_site":"@radioljubuski","twitter_misc":{"Napisao\/la":"Radio Ljubu\u0161ki","Procijenjeno vrijeme \u010ditanja":"2 minute"},"schema":{"@context":"https:\/\/schema.org","@graph":[{"@type":"Article","@id":"https:\/\/radioljubuski.ba\/index.php\/2021\/11\/05\/nikolina-babic-nova-dopredsjednica-tennis-europe\/#article","isPartOf":{"@id":"https:\/\/radioljubuski.ba\/index.php\/2021\/11\/05\/nikolina-babic-nova-dopredsjednica-tennis-europe\/"},"author":{"name":"Radio Ljubu\u0161ki","@id":"https:\/\/radioljubuski.ba\/#\/schema\/person\/19fc700381a780f69665d7956c469e3b"},"headline":"Nikolina Babi\u0107 nova dopredsjednica Tennis Europe","datePublished":"2021-11-05T19:57:27+00:00","dateModified":"2021-11-05T19:57:29+00:00","mainEntityOfPage":{"@id":"https:\/\/radioljubuski.ba\/index.php\/2021\/11\/05\/nikolina-babic-nova-dopredsjednica-tennis-europe\/"},"wordCount":302,"publisher":{"@id":"https:\/\/radioljubuski.ba\/#organization"},"image":{"@id":"https:\/\/radioljubuski.ba\/index.php\/2021\/11\/05\/nikolina-babic-nova-dopredsjednica-tennis-europe\/#primaryimage"},"thumbnailUrl":"https:\/\/radioljubuski.ba\/wp-content\/uploads\/2021\/11\/pxl-050320-28292521.jpg","articleSection":["\u0160port"],"inLanguage":"hr"},{"@type":"WebPage","@id":"https:\/\/radioljubuski.ba\/index.php\/2021\/11\/05\/nikolina-babic-nova-dopredsjednica-tennis-europe\/","url":"https:\/\/radioljubuski.ba\/index.php\/2021\/11\/05\/nikolina-babic-nova-dopredsjednica-tennis-europe\/","name":"Nikolina Babi\u0107 nova dopredsjednica Tennis Europe - RADIO LJUBU\u0160KI","isPartOf":{"@id":"https:\/\/radioljubuski.ba\/#website"},"primaryImageOfPage":{"@id":"https:\/\/radioljubuski.ba\/index.php\/2021\/11\/05\/nikolina-babic-nova-dopredsjednica-tennis-europe\/#primaryimage"},"image":{"@id":"https:\/\/radioljubuski.ba\/index.php\/2021\/11\/05\/nikolina-babic-nova-dopredsjednica-tennis-europe\/#primaryimage"},"thumbnailUrl":"https:\/\/radioljubuski.ba\/wp-content\/uploads\/2021\/11\/pxl-050320-28292521.jpg","datePublished":"2021-11-05T19:57:27+00:00","dateModified":"2021-11-05T19:57:29+00:00","breadcrumb":{"@id":"https:\/\/radioljubuski.ba\/index.php\/2021\/11\/05\/nikolina-babic-nova-dopredsjednica-tennis-europe\/#breadcrumb"},"inLanguage":"hr","potentialAction":[{"@type":"ReadAction","target":["https:\/\/radioljubuski.ba\/index.php\/2021\/11\/05\/nikolina-babic-nova-dopredsjednica-tennis-europe\/"]}]},{"@type":"ImageObject","inLanguage":"hr","@id":"https:\/\/radioljubuski.ba\/index.php\/2021\/11\/05\/nikolina-babic-nova-dopredsjednica-tennis-europe\/#primaryimage","url":"https:\/\/radioljubuski.ba\/wp-content\/uploads\/2021\/11\/pxl-050320-28292521.jpg","contentUrl":"https:\/\/radioljubuski.ba\/wp-content\/uploads\/2021\/11\/pxl-050320-28292521.jpg","width":1200,"height":800},{"@type":"BreadcrumbList","@id":"https:\/\/radioljubuski.ba\/index.php\/2021\/11\/05\/nikolina-babic-nova-dopredsjednica-tennis-europe\/#breadcrumb","itemListElement":[{"@type":"ListItem","position":1,"name":"Po\u010detna stranica","item":"https:\/\/radioljubuski.ba\/"},{"@type":"ListItem","position":2,"name":"Nikolina Babi\u0107 nova dopredsjednica Tennis Europe"}]},{"@type":"WebSite","@id":"https:\/\/radioljubuski.ba\/#website","url":"https:\/\/radioljubuski.ba\/","name":"Radio Ljubu\u0161ki","description":"Sun\u010dana frekvencija Hercegovine","publisher":{"@id":"https:\/\/radioljubuski.ba\/#organization"},"potentialAction":[{"@type":"SearchAction","target":{"@type":"EntryPoint","urlTemplate":"https:\/\/radioljubuski.ba\/?s={search_term_string}"},"query-input":{"@type":"PropertyValueSpecification","valueRequired":true,"valueName":"search_term_string"}}],"inLanguage":"hr"},{"@type":"Organization","@id":"https:\/\/radioljubuski.ba\/#organization","name":"Radio Ljubu\u0161ki","url":"https:\/\/radioljubuski.ba\/","logo":{"@type":"ImageObject","inLanguage":"hr","@id":"https:\/\/radioljubuski.ba\/#\/schema\/logo\/image\/","url":"https:\/\/radioljubuski.ba\/wp-content\/uploads\/2021\/02\/cropped-Radio_Ljubuski_logo1.jpg","contentUrl":"https:\/\/radioljubuski.ba\/wp-content\/uploads\/2021\/02\/cropped-Radio_Ljubuski_logo1.jpg","width":512,"height":512,"caption":"Radio Ljubu\u0161ki"},"image":{"@id":"https:\/\/radioljubuski.ba\/#\/schema\/logo\/image\/"},"sameAs":["https:\/\/www.facebook.com\/Radiio-Ljubuski-1490835324566332","https:\/\/x.com\/radioljubuski","https:\/\/hr.linkedin.com\/company\/radio-ljubuski","https:\/\/www.youtube.com\/channel\/UCHYaeO_n0Db3tjNGudGpXyw"]},{"@type":"Person","@id":"https:\/\/radioljubuski.ba\/#\/schema\/person\/19fc700381a780f69665d7956c469e3b","name":"Radio Ljubu\u0161ki"}]}},"_links":{"self":[{"href":"https:\/\/radioljubuski.ba\/index.php\/wp-json\/wp\/v2\/posts\/85584","targetHints":{"allow":["GET"]}}],"collection":[{"href":"https:\/\/radioljubuski.ba\/index.php\/wp-json\/wp\/v2\/posts"}],"about":[{"href":"https:\/\/radioljubuski.ba\/index.php\/wp-json\/wp\/v2\/types\/post"}],"author":[{"embeddable":true,"href":"https:\/\/radioljubuski.ba\/index.php\/wp-json\/wp\/v2\/users\/2"}],"replies":[{"embeddable":true,"href":"https:\/\/radioljubuski.ba\/index.php\/wp-json\/wp\/v2\/comments?post=85584"}],"version-history":[{"count":1,"href":"https:\/\/radioljubuski.ba\/index.php\/wp-json\/wp\/v2\/posts\/85584\/revisions"}],"predecessor-version":[{"id":85586,"href":"https:\/\/radioljubuski.ba\/index.php\/wp-json\/wp\/v2\/posts\/85584\/revisions\/85586"}],"wp:featuredmedia":[{"embeddable":true,"href":"https:\/\/radioljubuski.ba\/index.php\/wp-json\/wp\/v2\/media\/85585"}],"wp:attachment":[{"href":"https:\/\/radioljubuski.ba\/index.php\/wp-json\/wp\/v2\/media?parent=85584"}],"wp:term":[{"taxonomy":"category","embeddable":true,"href":"https:\/\/radioljubuski.ba\/index.php\/wp-json\/wp\/v2\/categories?post=85584"},{"taxonomy":"post_tag","embeddable":true,"href":"https:\/\/radioljubuski.ba\/index.php\/wp-json\/wp\/v2\/tags?post=85584"}],"curies":[{"name":"wp","href":"https:\/\/api.w.org\/{rel}","templated":true}]}}