{"id":85587,"date":"2021-11-05T20:59:11","date_gmt":"2021-11-05T19:59:11","guid":{"rendered":"https:\/\/radioljubuski.ba\/?p=85587"},"modified":"2021-11-05T20:59:12","modified_gmt":"2021-11-05T19:59:12","slug":"hurkacz-kompletirao-listu-igraca-za-atp-zavrsnicu","status":"publish","type":"post","link":"https:\/\/radioljubuski.ba\/index.php\/2021\/11\/05\/hurkacz-kompletirao-listu-igraca-za-atp-zavrsnicu\/","title":{"rendered":"Hurkacz kompletirao listu igra\u010da za ATP zavr\u0161nicu"},"content":{"rendered":"\n<p><strong>Poljak&nbsp;Hubert Hurkacz&nbsp;plasirao se u polufinale ATP turnira iz serije Masters 1000 u Parizu svladav\u0161i Australca&nbsp;Jamesa Duckwortha&nbsp;sa 6-2, 6-7 (4), 7-5.<\/strong><\/p>\n\n\n\n<p>Ovom pobjedom poljski tenisa\u010d osigurao je i plasman\u00a0na zavr\u0161ni turnir koji \u0107e se odr\u017eati u Torinu od 14. do 21. studenoga.<\/p>\n\n\n\n<blockquote class=\"twitter-tweet\"><p lang=\"en\" dir=\"ltr\">Here comes, HUBI \ud83d\ude4c<br><br>\ud83c\uddf5\ud83c\uddf1 <a href=\"https:\/\/twitter.com\/HubertHurkacz?ref_src=twsrc%5Etfw\">@HubertHurkacz<\/a> is the eighth &amp; final singles qualifier for the <a href=\"https:\/\/twitter.com\/hashtag\/NittoATPFinals?src=hash&amp;ref_src=twsrc%5Etfw\">#NittoATPFinals<\/a> in Turin. <a href=\"https:\/\/t.co\/rE34n9iVC9\">pic.twitter.com\/rE34n9iVC9<\/a><\/p>&mdash; ATP Tour (@atptour) <a href=\"https:\/\/twitter.com\/atptour\/status\/1456643708183453700?ref_src=twsrc%5Etfw\">November 5, 2021<\/a><\/blockquote> <script async src=\"https:\/\/platform.twitter.com\/widgets.js\" charset=\"utf-8\"><\/script>\n\n\n\n<p>Hurkacz je tako kompletirao listu od osam sudionika ovogodi\u0161njeg zavr\u0161nog ATP Finalsa. Ranije su plasman u Torino osigurali Srbin&nbsp;<strong>Novak \u0110okovi\u0107,<\/strong>&nbsp;Rusi&nbsp;<strong>Daniil Medvedev<\/strong>&nbsp;i&nbsp;<strong>Andrej Rubljov<\/strong>, Grk&nbsp;<strong>Stefanos Tsitsipas<\/strong>, Nijemac&nbsp;<strong>Alexander Zverev<\/strong>, Talijan&nbsp;<strong>Matteo Berrettini<\/strong>&nbsp;i Norve\u017eanin&nbsp;<strong>Casper Ruud<\/strong>.<br><br>U polufinalu Pariza Hurkacz \u0107e igrati protiv pobjedika susreta izme\u0111u \u0110okovi\u0107a i Amerikanca&nbsp;<strong>Taylora Fritza<\/strong>.<\/p>\n\n\n\n<p>Izvor:hrt.hr<\/p>\n","protected":false},"excerpt":{"rendered":"<p>Poljak&nbsp;Hubert Hurkacz&nbsp;plasirao se u polufinale ATP turnira iz serije Masters 1000 u Parizu svladav\u0161i Australca&nbsp;Jamesa Duckwortha&nbsp;sa 6-2, 6-7 (4), 7-5. Ovom pobjedom poljski tenisa\u010d osigurao je i plasman\u00a0na zavr\u0161ni turnir koji \u0107e se odr\u017eati u Torinu od 14. do 21. studenoga. Here comes, HUBI \ud83d\ude4c \ud83c\uddf5\ud83c\uddf1 @HubertHurkacz is the eighth &amp; final singles qualifier for [&hellip;]<\/p>\n","protected":false},"author":2,"featured_media":85588,"comment_status":"closed","ping_status":"closed","sticky":false,"template":"","format":"standard","meta":{"h5ap_radio_sources":[],"footnotes":""},"categories":[7],"tags":[],"class_list":["post-85587","post","type-post","status-publish","format-standard","has-post-thumbnail","hentry","category-sport"],"yoast_head":"<!-- This site is optimized with the Yoast SEO plugin v27.5 - https:\/\/yoast.com\/product\/yoast-seo-wordpress\/ -->\n<title>Hurkacz kompletirao listu igra\u010da za ATP zavr\u0161nicu - RADIO LJUBU\u0160KI<\/title>\n<meta name=\"robots\" content=\"index, follow, max-snippet:-1, max-image-preview:large, max-video-preview:-1\" \/>\n<link rel=\"canonical\" href=\"https:\/\/radioljubuski.ba\/index.php\/2021\/11\/05\/hurkacz-kompletirao-listu-igraca-za-atp-zavrsnicu\/\" \/>\n<meta property=\"og:locale\" content=\"hr_HR\" \/>\n<meta property=\"og:type\" content=\"article\" \/>\n<meta property=\"og:title\" content=\"Hurkacz kompletirao listu igra\u010da za ATP zavr\u0161nicu - RADIO LJUBU\u0160KI\" \/>\n<meta property=\"og:description\" content=\"Poljak&nbsp;Hubert Hurkacz&nbsp;plasirao se u polufinale ATP turnira iz serije Masters 1000 u Parizu svladav\u0161i Australca&nbsp;Jamesa Duckwortha&nbsp;sa 6-2, 6-7 (4), 7-5. Ovom pobjedom poljski tenisa\u010d osigurao je i plasman\u00a0na zavr\u0161ni turnir koji \u0107e se odr\u017eati u Torinu od 14. do 21. studenoga. Here comes, HUBI \ud83d\ude4c \ud83c\uddf5\ud83c\uddf1 @HubertHurkacz is the eighth &amp; final singles qualifier for [&hellip;]\" \/>\n<meta property=\"og:url\" content=\"https:\/\/radioljubuski.ba\/index.php\/2021\/11\/05\/hurkacz-kompletirao-listu-igraca-za-atp-zavrsnicu\/\" \/>\n<meta property=\"og:site_name\" content=\"RADIO LJUBU\u0160KI\" \/>\n<meta property=\"article:publisher\" content=\"https:\/\/www.facebook.com\/Radiio-Ljubuski-1490835324566332\" \/>\n<meta property=\"article:published_time\" content=\"2021-11-05T19:59:11+00:00\" \/>\n<meta property=\"article:modified_time\" content=\"2021-11-05T19:59:12+00:00\" \/>\n<meta property=\"og:image\" content=\"https:\/\/radioljubuski.ba\/wp-content\/uploads\/2021\/11\/hurkascz.jpg\" \/>\n\t<meta property=\"og:image:width\" content=\"275\" \/>\n\t<meta property=\"og:image:height\" content=\"183\" \/>\n\t<meta property=\"og:image:type\" content=\"image\/jpeg\" \/>\n<meta name=\"author\" content=\"Radio Ljubu\u0161ki\" \/>\n<meta name=\"twitter:card\" content=\"summary_large_image\" \/>\n<meta name=\"twitter:creator\" content=\"@radioljubuski\" \/>\n<meta name=\"twitter:site\" content=\"@radioljubuski\" \/>\n<meta name=\"twitter:label1\" content=\"Napisao\/la\" \/>\n\t<meta name=\"twitter:data1\" content=\"Radio Ljubu\u0161ki\" \/>\n\t<meta name=\"twitter:label2\" content=\"Procijenjeno vrijeme \u010ditanja\" \/>\n\t<meta name=\"twitter:data2\" content=\"1 minuta\" \/>\n<script type=\"application\/ld+json\" class=\"yoast-schema-graph\">{\"@context\":\"https:\\\/\\\/schema.org\",\"@graph\":[{\"@type\":\"Article\",\"@id\":\"https:\\\/\\\/radioljubuski.ba\\\/index.php\\\/2021\\\/11\\\/05\\\/hurkacz-kompletirao-listu-igraca-za-atp-zavrsnicu\\\/#article\",\"isPartOf\":{\"@id\":\"https:\\\/\\\/radioljubuski.ba\\\/index.php\\\/2021\\\/11\\\/05\\\/hurkacz-kompletirao-listu-igraca-za-atp-zavrsnicu\\\/\"},\"author\":{\"name\":\"Radio Ljubu\u0161ki\",\"@id\":\"https:\\\/\\\/radioljubuski.ba\\\/#\\\/schema\\\/person\\\/19fc700381a780f69665d7956c469e3b\"},\"headline\":\"Hurkacz kompletirao listu igra\u010da za ATP zavr\u0161nicu\",\"datePublished\":\"2021-11-05T19:59:11+00:00\",\"dateModified\":\"2021-11-05T19:59:12+00:00\",\"mainEntityOfPage\":{\"@id\":\"https:\\\/\\\/radioljubuski.ba\\\/index.php\\\/2021\\\/11\\\/05\\\/hurkacz-kompletirao-listu-igraca-za-atp-zavrsnicu\\\/\"},\"wordCount\":159,\"publisher\":{\"@id\":\"https:\\\/\\\/radioljubuski.ba\\\/#organization\"},\"image\":{\"@id\":\"https:\\\/\\\/radioljubuski.ba\\\/index.php\\\/2021\\\/11\\\/05\\\/hurkacz-kompletirao-listu-igraca-za-atp-zavrsnicu\\\/#primaryimage\"},\"thumbnailUrl\":\"https:\\\/\\\/radioljubuski.ba\\\/wp-content\\\/uploads\\\/2021\\\/11\\\/hurkascz.jpg\",\"articleSection\":[\"\u0160port\"],\"inLanguage\":\"hr\"},{\"@type\":\"WebPage\",\"@id\":\"https:\\\/\\\/radioljubuski.ba\\\/index.php\\\/2021\\\/11\\\/05\\\/hurkacz-kompletirao-listu-igraca-za-atp-zavrsnicu\\\/\",\"url\":\"https:\\\/\\\/radioljubuski.ba\\\/index.php\\\/2021\\\/11\\\/05\\\/hurkacz-kompletirao-listu-igraca-za-atp-zavrsnicu\\\/\",\"name\":\"Hurkacz kompletirao listu igra\u010da za ATP zavr\u0161nicu - RADIO LJUBU\u0160KI\",\"isPartOf\":{\"@id\":\"https:\\\/\\\/radioljubuski.ba\\\/#website\"},\"primaryImageOfPage\":{\"@id\":\"https:\\\/\\\/radioljubuski.ba\\\/index.php\\\/2021\\\/11\\\/05\\\/hurkacz-kompletirao-listu-igraca-za-atp-zavrsnicu\\\/#primaryimage\"},\"image\":{\"@id\":\"https:\\\/\\\/radioljubuski.ba\\\/index.php\\\/2021\\\/11\\\/05\\\/hurkacz-kompletirao-listu-igraca-za-atp-zavrsnicu\\\/#primaryimage\"},\"thumbnailUrl\":\"https:\\\/\\\/radioljubuski.ba\\\/wp-content\\\/uploads\\\/2021\\\/11\\\/hurkascz.jpg\",\"datePublished\":\"2021-11-05T19:59:11+00:00\",\"dateModified\":\"2021-11-05T19:59:12+00:00\",\"breadcrumb\":{\"@id\":\"https:\\\/\\\/radioljubuski.ba\\\/index.php\\\/2021\\\/11\\\/05\\\/hurkacz-kompletirao-listu-igraca-za-atp-zavrsnicu\\\/#breadcrumb\"},\"inLanguage\":\"hr\",\"potentialAction\":[{\"@type\":\"ReadAction\",\"target\":[\"https:\\\/\\\/radioljubuski.ba\\\/index.php\\\/2021\\\/11\\\/05\\\/hurkacz-kompletirao-listu-igraca-za-atp-zavrsnicu\\\/\"]}]},{\"@type\":\"ImageObject\",\"inLanguage\":\"hr\",\"@id\":\"https:\\\/\\\/radioljubuski.ba\\\/index.php\\\/2021\\\/11\\\/05\\\/hurkacz-kompletirao-listu-igraca-za-atp-zavrsnicu\\\/#primaryimage\",\"url\":\"https:\\\/\\\/radioljubuski.ba\\\/wp-content\\\/uploads\\\/2021\\\/11\\\/hurkascz.jpg\",\"contentUrl\":\"https:\\\/\\\/radioljubuski.ba\\\/wp-content\\\/uploads\\\/2021\\\/11\\\/hurkascz.jpg\",\"width\":275,\"height\":183},{\"@type\":\"BreadcrumbList\",\"@id\":\"https:\\\/\\\/radioljubuski.ba\\\/index.php\\\/2021\\\/11\\\/05\\\/hurkacz-kompletirao-listu-igraca-za-atp-zavrsnicu\\\/#breadcrumb\",\"itemListElement\":[{\"@type\":\"ListItem\",\"position\":1,\"name\":\"Po\u010detna stranica\",\"item\":\"https:\\\/\\\/radioljubuski.ba\\\/\"},{\"@type\":\"ListItem\",\"position\":2,\"name\":\"Hurkacz kompletirao listu igra\u010da za ATP zavr\u0161nicu\"}]},{\"@type\":\"WebSite\",\"@id\":\"https:\\\/\\\/radioljubuski.ba\\\/#website\",\"url\":\"https:\\\/\\\/radioljubuski.ba\\\/\",\"name\":\"Radio Ljubu\u0161ki\",\"description\":\"Sun\u010dana frekvencija Hercegovine\",\"publisher\":{\"@id\":\"https:\\\/\\\/radioljubuski.ba\\\/#organization\"},\"potentialAction\":[{\"@type\":\"SearchAction\",\"target\":{\"@type\":\"EntryPoint\",\"urlTemplate\":\"https:\\\/\\\/radioljubuski.ba\\\/?s={search_term_string}\"},\"query-input\":{\"@type\":\"PropertyValueSpecification\",\"valueRequired\":true,\"valueName\":\"search_term_string\"}}],\"inLanguage\":\"hr\"},{\"@type\":\"Organization\",\"@id\":\"https:\\\/\\\/radioljubuski.ba\\\/#organization\",\"name\":\"Radio Ljubu\u0161ki\",\"url\":\"https:\\\/\\\/radioljubuski.ba\\\/\",\"logo\":{\"@type\":\"ImageObject\",\"inLanguage\":\"hr\",\"@id\":\"https:\\\/\\\/radioljubuski.ba\\\/#\\\/schema\\\/logo\\\/image\\\/\",\"url\":\"https:\\\/\\\/radioljubuski.ba\\\/wp-content\\\/uploads\\\/2021\\\/02\\\/cropped-Radio_Ljubuski_logo1.jpg\",\"contentUrl\":\"https:\\\/\\\/radioljubuski.ba\\\/wp-content\\\/uploads\\\/2021\\\/02\\\/cropped-Radio_Ljubuski_logo1.jpg\",\"width\":512,\"height\":512,\"caption\":\"Radio Ljubu\u0161ki\"},\"image\":{\"@id\":\"https:\\\/\\\/radioljubuski.ba\\\/#\\\/schema\\\/logo\\\/image\\\/\"},\"sameAs\":[\"https:\\\/\\\/www.facebook.com\\\/Radiio-Ljubuski-1490835324566332\",\"https:\\\/\\\/x.com\\\/radioljubuski\",\"https:\\\/\\\/hr.linkedin.com\\\/company\\\/radio-ljubuski\",\"https:\\\/\\\/www.youtube.com\\\/channel\\\/UCHYaeO_n0Db3tjNGudGpXyw\"]},{\"@type\":\"Person\",\"@id\":\"https:\\\/\\\/radioljubuski.ba\\\/#\\\/schema\\\/person\\\/19fc700381a780f69665d7956c469e3b\",\"name\":\"Radio Ljubu\u0161ki\"}]}<\/script>\n<!-- \/ Yoast SEO plugin. -->","yoast_head_json":{"title":"Hurkacz kompletirao listu igra\u010da za ATP zavr\u0161nicu - RADIO LJUBU\u0160KI","robots":{"index":"index","follow":"follow","max-snippet":"max-snippet:-1","max-image-preview":"max-image-preview:large","max-video-preview":"max-video-preview:-1"},"canonical":"https:\/\/radioljubuski.ba\/index.php\/2021\/11\/05\/hurkacz-kompletirao-listu-igraca-za-atp-zavrsnicu\/","og_locale":"hr_HR","og_type":"article","og_title":"Hurkacz kompletirao listu igra\u010da za ATP zavr\u0161nicu - RADIO LJUBU\u0160KI","og_description":"Poljak&nbsp;Hubert Hurkacz&nbsp;plasirao se u polufinale ATP turnira iz serije Masters 1000 u Parizu svladav\u0161i Australca&nbsp;Jamesa Duckwortha&nbsp;sa 6-2, 6-7 (4), 7-5. Ovom pobjedom poljski tenisa\u010d osigurao je i plasman\u00a0na zavr\u0161ni turnir koji \u0107e se odr\u017eati u Torinu od 14. do 21. studenoga. Here comes, HUBI \ud83d\ude4c \ud83c\uddf5\ud83c\uddf1 @HubertHurkacz is the eighth &amp; final singles qualifier for [&hellip;]","og_url":"https:\/\/radioljubuski.ba\/index.php\/2021\/11\/05\/hurkacz-kompletirao-listu-igraca-za-atp-zavrsnicu\/","og_site_name":"RADIO LJUBU\u0160KI","article_publisher":"https:\/\/www.facebook.com\/Radiio-Ljubuski-1490835324566332","article_published_time":"2021-11-05T19:59:11+00:00","article_modified_time":"2021-11-05T19:59:12+00:00","og_image":[{"width":275,"height":183,"url":"https:\/\/radioljubuski.ba\/wp-content\/uploads\/2021\/11\/hurkascz.jpg","type":"image\/jpeg"}],"author":"Radio Ljubu\u0161ki","twitter_card":"summary_large_image","twitter_creator":"@radioljubuski","twitter_site":"@radioljubuski","twitter_misc":{"Napisao\/la":"Radio Ljubu\u0161ki","Procijenjeno vrijeme \u010ditanja":"1 minuta"},"schema":{"@context":"https:\/\/schema.org","@graph":[{"@type":"Article","@id":"https:\/\/radioljubuski.ba\/index.php\/2021\/11\/05\/hurkacz-kompletirao-listu-igraca-za-atp-zavrsnicu\/#article","isPartOf":{"@id":"https:\/\/radioljubuski.ba\/index.php\/2021\/11\/05\/hurkacz-kompletirao-listu-igraca-za-atp-zavrsnicu\/"},"author":{"name":"Radio Ljubu\u0161ki","@id":"https:\/\/radioljubuski.ba\/#\/schema\/person\/19fc700381a780f69665d7956c469e3b"},"headline":"Hurkacz kompletirao listu igra\u010da za ATP zavr\u0161nicu","datePublished":"2021-11-05T19:59:11+00:00","dateModified":"2021-11-05T19:59:12+00:00","mainEntityOfPage":{"@id":"https:\/\/radioljubuski.ba\/index.php\/2021\/11\/05\/hurkacz-kompletirao-listu-igraca-za-atp-zavrsnicu\/"},"wordCount":159,"publisher":{"@id":"https:\/\/radioljubuski.ba\/#organization"},"image":{"@id":"https:\/\/radioljubuski.ba\/index.php\/2021\/11\/05\/hurkacz-kompletirao-listu-igraca-za-atp-zavrsnicu\/#primaryimage"},"thumbnailUrl":"https:\/\/radioljubuski.ba\/wp-content\/uploads\/2021\/11\/hurkascz.jpg","articleSection":["\u0160port"],"inLanguage":"hr"},{"@type":"WebPage","@id":"https:\/\/radioljubuski.ba\/index.php\/2021\/11\/05\/hurkacz-kompletirao-listu-igraca-za-atp-zavrsnicu\/","url":"https:\/\/radioljubuski.ba\/index.php\/2021\/11\/05\/hurkacz-kompletirao-listu-igraca-za-atp-zavrsnicu\/","name":"Hurkacz kompletirao listu igra\u010da za ATP zavr\u0161nicu - RADIO LJUBU\u0160KI","isPartOf":{"@id":"https:\/\/radioljubuski.ba\/#website"},"primaryImageOfPage":{"@id":"https:\/\/radioljubuski.ba\/index.php\/2021\/11\/05\/hurkacz-kompletirao-listu-igraca-za-atp-zavrsnicu\/#primaryimage"},"image":{"@id":"https:\/\/radioljubuski.ba\/index.php\/2021\/11\/05\/hurkacz-kompletirao-listu-igraca-za-atp-zavrsnicu\/#primaryimage"},"thumbnailUrl":"https:\/\/radioljubuski.ba\/wp-content\/uploads\/2021\/11\/hurkascz.jpg","datePublished":"2021-11-05T19:59:11+00:00","dateModified":"2021-11-05T19:59:12+00:00","breadcrumb":{"@id":"https:\/\/radioljubuski.ba\/index.php\/2021\/11\/05\/hurkacz-kompletirao-listu-igraca-za-atp-zavrsnicu\/#breadcrumb"},"inLanguage":"hr","potentialAction":[{"@type":"ReadAction","target":["https:\/\/radioljubuski.ba\/index.php\/2021\/11\/05\/hurkacz-kompletirao-listu-igraca-za-atp-zavrsnicu\/"]}]},{"@type":"ImageObject","inLanguage":"hr","@id":"https:\/\/radioljubuski.ba\/index.php\/2021\/11\/05\/hurkacz-kompletirao-listu-igraca-za-atp-zavrsnicu\/#primaryimage","url":"https:\/\/radioljubuski.ba\/wp-content\/uploads\/2021\/11\/hurkascz.jpg","contentUrl":"https:\/\/radioljubuski.ba\/wp-content\/uploads\/2021\/11\/hurkascz.jpg","width":275,"height":183},{"@type":"BreadcrumbList","@id":"https:\/\/radioljubuski.ba\/index.php\/2021\/11\/05\/hurkacz-kompletirao-listu-igraca-za-atp-zavrsnicu\/#breadcrumb","itemListElement":[{"@type":"ListItem","position":1,"name":"Po\u010detna stranica","item":"https:\/\/radioljubuski.ba\/"},{"@type":"ListItem","position":2,"name":"Hurkacz kompletirao listu igra\u010da za ATP zavr\u0161nicu"}]},{"@type":"WebSite","@id":"https:\/\/radioljubuski.ba\/#website","url":"https:\/\/radioljubuski.ba\/","name":"Radio Ljubu\u0161ki","description":"Sun\u010dana frekvencija Hercegovine","publisher":{"@id":"https:\/\/radioljubuski.ba\/#organization"},"potentialAction":[{"@type":"SearchAction","target":{"@type":"EntryPoint","urlTemplate":"https:\/\/radioljubuski.ba\/?s={search_term_string}"},"query-input":{"@type":"PropertyValueSpecification","valueRequired":true,"valueName":"search_term_string"}}],"inLanguage":"hr"},{"@type":"Organization","@id":"https:\/\/radioljubuski.ba\/#organization","name":"Radio Ljubu\u0161ki","url":"https:\/\/radioljubuski.ba\/","logo":{"@type":"ImageObject","inLanguage":"hr","@id":"https:\/\/radioljubuski.ba\/#\/schema\/logo\/image\/","url":"https:\/\/radioljubuski.ba\/wp-content\/uploads\/2021\/02\/cropped-Radio_Ljubuski_logo1.jpg","contentUrl":"https:\/\/radioljubuski.ba\/wp-content\/uploads\/2021\/02\/cropped-Radio_Ljubuski_logo1.jpg","width":512,"height":512,"caption":"Radio Ljubu\u0161ki"},"image":{"@id":"https:\/\/radioljubuski.ba\/#\/schema\/logo\/image\/"},"sameAs":["https:\/\/www.facebook.com\/Radiio-Ljubuski-1490835324566332","https:\/\/x.com\/radioljubuski","https:\/\/hr.linkedin.com\/company\/radio-ljubuski","https:\/\/www.youtube.com\/channel\/UCHYaeO_n0Db3tjNGudGpXyw"]},{"@type":"Person","@id":"https:\/\/radioljubuski.ba\/#\/schema\/person\/19fc700381a780f69665d7956c469e3b","name":"Radio Ljubu\u0161ki"}]}},"_links":{"self":[{"href":"https:\/\/radioljubuski.ba\/index.php\/wp-json\/wp\/v2\/posts\/85587","targetHints":{"allow":["GET"]}}],"collection":[{"href":"https:\/\/radioljubuski.ba\/index.php\/wp-json\/wp\/v2\/posts"}],"about":[{"href":"https:\/\/radioljubuski.ba\/index.php\/wp-json\/wp\/v2\/types\/post"}],"author":[{"embeddable":true,"href":"https:\/\/radioljubuski.ba\/index.php\/wp-json\/wp\/v2\/users\/2"}],"replies":[{"embeddable":true,"href":"https:\/\/radioljubuski.ba\/index.php\/wp-json\/wp\/v2\/comments?post=85587"}],"version-history":[{"count":1,"href":"https:\/\/radioljubuski.ba\/index.php\/wp-json\/wp\/v2\/posts\/85587\/revisions"}],"predecessor-version":[{"id":85589,"href":"https:\/\/radioljubuski.ba\/index.php\/wp-json\/wp\/v2\/posts\/85587\/revisions\/85589"}],"wp:featuredmedia":[{"embeddable":true,"href":"https:\/\/radioljubuski.ba\/index.php\/wp-json\/wp\/v2\/media\/85588"}],"wp:attachment":[{"href":"https:\/\/radioljubuski.ba\/index.php\/wp-json\/wp\/v2\/media?parent=85587"}],"wp:term":[{"taxonomy":"category","embeddable":true,"href":"https:\/\/radioljubuski.ba\/index.php\/wp-json\/wp\/v2\/categories?post=85587"},{"taxonomy":"post_tag","embeddable":true,"href":"https:\/\/radioljubuski.ba\/index.php\/wp-json\/wp\/v2\/tags?post=85587"}],"curies":[{"name":"wp","href":"https:\/\/api.w.org\/{rel}","templated":true}]}}