{"id":85613,"date":"2021-11-05T22:42:54","date_gmt":"2021-11-05T21:42:54","guid":{"rendered":"https:\/\/radioljubuski.ba\/?p=85613"},"modified":"2021-11-05T22:42:56","modified_gmt":"2021-11-05T21:42:56","slug":"kalik-s-dva-gola-donio-gorici-pobjedu-u-koprivnici","status":"publish","type":"post","link":"https:\/\/radioljubuski.ba\/index.php\/2021\/11\/05\/kalik-s-dva-gola-donio-gorici-pobjedu-u-koprivnici\/","title":{"rendered":"Kalik s dva gola donio Gorici pobjedu u Koprivnici"},"content":{"rendered":"\n<p><strong>U prvoj utakmici 15. kola Prve HNL Gorica je kao gost svladala Slaven Belupo sa 2:1 (1:1).<\/strong><\/p>\n\n\n\n<p>Doma\u0107e je u vodstvo doveo&nbsp;<strong>Marin Lau\u0161i\u0107<\/strong>&nbsp;(43), no gosti su preokrenuli s dva pogotka glavom<strong>&nbsp;Anthonyja Kalika<\/strong>&nbsp;(45, 62).<br><br>Slaven je do prednosti stigao uz veliku dozu sre\u0107e, Lau\u0161i\u0107 je u 43. minuti prihvatio loptu na rubu kaznenog prostora, u\u0161ao u gostuju\u0107i 16-erac i zatim okru\u017een trojicom igra\u010da Gorice uputio udarac. Lopta se odbila od jednog igra\u010da u bloku i zavr\u0161ila u mre\u017ei.<br><br>No, samo dvije minute potom slavljenik Kalik, koji je u petak napunio 24 godine, izjedna\u010dio je na 1:1 preusmjeriv\u0161i glavom s pet metara uba\u010daj&nbsp;<strong>Fruka&nbsp;<\/strong>iz kuta u mre\u017eu.<\/p>\n\n\n\n<p>Potpuni preokret dogodio se u 62. minuti,&nbsp;<strong>Keita&nbsp;<\/strong>je pobjegao doma\u0107oj obrani po lijevom krilu i uputio uba\u010daj na koji je u punom trku natr\u010dao Kalik i jo\u0161 jednom se upisao u strijelce.<br><br>Peta Gorica sada ima 21 bod, kao i \u010detvrti Hajduk koji je odigrao dvije utakmice manje, dok je Slaven Belupo pretposljednji deveti sa deset bodova, tri vi\u0161e od posljednjeg Hrvatskog dragovoljca.<br><br>Na vrhu su Dinamo, Rijeka i Osijek sa po 27 bodova.<\/p>\n\n\n\n<p><strong>REZULTATI 15. KOLA:<br><br><\/strong>Petak:<br>Slaven Belupo &#8211; Gorica 1-2 (Lau\u0161i\u0107 43 \/ Kalik 45, 62)<br><br>Subota:<br>Osijek &#8211; Istra 1961 (15 sati)<br>Hajduk &#8211; Hrvatski dragovoljac (17.05 sati)<br><br>Nedjelja:<br>Lokomotiva &#8211; Dinamo (15 sati)<br>\u0160ibenik &#8211; Rijeka (17.30 sati)<br><br>TABLICA:<br><br>1. Dinamo 12 8 3 1 31-10 27<br>2. Rijeka 13 8 3 2 31-20 27<br>3. Osijek 13 8 3 2 18-10 27<br>4. Hajduk 13 6 3 4 18-14 21<br>5. Gorica 15 6 3 6 19-21 21<br>6. Lokomotiva 14 5 3 6 21-18 18<br>7. \u0160ibenik 14 4 3 7 19-22 15<br>8. Istra 1961 13 4 3 6 17-25 15<br>9. Slaven B. 15 2 4 9 12-24 10<br>10. H. dragovoljac 14 1 4 9 13-35 7<\/p>\n\n\n\n<p>Izvor:hrt.hr<\/p>\n","protected":false},"excerpt":{"rendered":"<p>U prvoj utakmici 15. kola Prve HNL Gorica je kao gost svladala Slaven Belupo sa 2:1 (1:1). Doma\u0107e je u vodstvo doveo&nbsp;Marin Lau\u0161i\u0107&nbsp;(43), no gosti su preokrenuli s dva pogotka glavom&nbsp;Anthonyja Kalika&nbsp;(45, 62). Slaven je do prednosti stigao uz veliku dozu sre\u0107e, Lau\u0161i\u0107 je u 43. minuti prihvatio loptu na rubu kaznenog prostora, u\u0161ao u [&hellip;]<\/p>\n","protected":false},"author":2,"featured_media":0,"comment_status":"closed","ping_status":"closed","sticky":false,"template":"","format":"standard","meta":{"h5ap_radio_sources":[],"footnotes":""},"categories":[7],"tags":[],"class_list":["post-85613","post","type-post","status-publish","format-standard","hentry","category-sport"],"yoast_head":"<!-- This site is optimized with the Yoast SEO plugin v27.5 - https:\/\/yoast.com\/product\/yoast-seo-wordpress\/ -->\n<title>Kalik s dva gola donio Gorici pobjedu u Koprivnici - RADIO LJUBU\u0160KI<\/title>\n<meta name=\"robots\" content=\"index, follow, max-snippet:-1, max-image-preview:large, max-video-preview:-1\" \/>\n<link rel=\"canonical\" href=\"https:\/\/radioljubuski.ba\/index.php\/2021\/11\/05\/kalik-s-dva-gola-donio-gorici-pobjedu-u-koprivnici\/\" \/>\n<meta property=\"og:locale\" content=\"hr_HR\" \/>\n<meta property=\"og:type\" content=\"article\" \/>\n<meta property=\"og:title\" content=\"Kalik s dva gola donio Gorici pobjedu u Koprivnici - RADIO LJUBU\u0160KI\" \/>\n<meta property=\"og:description\" content=\"U prvoj utakmici 15. kola Prve HNL Gorica je kao gost svladala Slaven Belupo sa 2:1 (1:1). Doma\u0107e je u vodstvo doveo&nbsp;Marin Lau\u0161i\u0107&nbsp;(43), no gosti su preokrenuli s dva pogotka glavom&nbsp;Anthonyja Kalika&nbsp;(45, 62). Slaven je do prednosti stigao uz veliku dozu sre\u0107e, Lau\u0161i\u0107 je u 43. minuti prihvatio loptu na rubu kaznenog prostora, u\u0161ao u [&hellip;]\" \/>\n<meta property=\"og:url\" content=\"https:\/\/radioljubuski.ba\/index.php\/2021\/11\/05\/kalik-s-dva-gola-donio-gorici-pobjedu-u-koprivnici\/\" \/>\n<meta property=\"og:site_name\" content=\"RADIO LJUBU\u0160KI\" \/>\n<meta property=\"article:publisher\" content=\"https:\/\/www.facebook.com\/Radiio-Ljubuski-1490835324566332\" \/>\n<meta property=\"article:published_time\" content=\"2021-11-05T21:42:54+00:00\" \/>\n<meta property=\"article:modified_time\" content=\"2021-11-05T21:42:56+00:00\" \/>\n<meta property=\"og:image\" content=\"https:\/\/radioljubuski.ba\/wp-content\/uploads\/2021\/11\/hnl-gorica-kalik-20211105185125.jpg\" \/>\n\t<meta property=\"og:image:width\" content=\"1600\" \/>\n\t<meta property=\"og:image:height\" content=\"959\" \/>\n\t<meta property=\"og:image:type\" content=\"image\/jpeg\" \/>\n<meta name=\"author\" content=\"Radio Ljubu\u0161ki\" \/>\n<meta name=\"twitter:card\" content=\"summary_large_image\" \/>\n<meta name=\"twitter:creator\" content=\"@radioljubuski\" \/>\n<meta name=\"twitter:site\" content=\"@radioljubuski\" \/>\n<meta name=\"twitter:label1\" content=\"Napisao\/la\" \/>\n\t<meta name=\"twitter:data1\" content=\"Radio Ljubu\u0161ki\" \/>\n\t<meta name=\"twitter:label2\" content=\"Procijenjeno vrijeme \u010ditanja\" \/>\n\t<meta name=\"twitter:data2\" content=\"2 minute\" \/>\n<script type=\"application\/ld+json\" class=\"yoast-schema-graph\">{\"@context\":\"https:\\\/\\\/schema.org\",\"@graph\":[{\"@type\":\"Article\",\"@id\":\"https:\\\/\\\/radioljubuski.ba\\\/index.php\\\/2021\\\/11\\\/05\\\/kalik-s-dva-gola-donio-gorici-pobjedu-u-koprivnici\\\/#article\",\"isPartOf\":{\"@id\":\"https:\\\/\\\/radioljubuski.ba\\\/index.php\\\/2021\\\/11\\\/05\\\/kalik-s-dva-gola-donio-gorici-pobjedu-u-koprivnici\\\/\"},\"author\":{\"name\":\"Radio Ljubu\u0161ki\",\"@id\":\"https:\\\/\\\/radioljubuski.ba\\\/#\\\/schema\\\/person\\\/19fc700381a780f69665d7956c469e3b\"},\"headline\":\"Kalik s dva gola donio Gorici pobjedu u Koprivnici\",\"datePublished\":\"2021-11-05T21:42:54+00:00\",\"dateModified\":\"2021-11-05T21:42:56+00:00\",\"mainEntityOfPage\":{\"@id\":\"https:\\\/\\\/radioljubuski.ba\\\/index.php\\\/2021\\\/11\\\/05\\\/kalik-s-dva-gola-donio-gorici-pobjedu-u-koprivnici\\\/\"},\"wordCount\":265,\"publisher\":{\"@id\":\"https:\\\/\\\/radioljubuski.ba\\\/#organization\"},\"articleSection\":[\"\u0160port\"],\"inLanguage\":\"hr\"},{\"@type\":\"WebPage\",\"@id\":\"https:\\\/\\\/radioljubuski.ba\\\/index.php\\\/2021\\\/11\\\/05\\\/kalik-s-dva-gola-donio-gorici-pobjedu-u-koprivnici\\\/\",\"url\":\"https:\\\/\\\/radioljubuski.ba\\\/index.php\\\/2021\\\/11\\\/05\\\/kalik-s-dva-gola-donio-gorici-pobjedu-u-koprivnici\\\/\",\"name\":\"Kalik s dva gola donio Gorici pobjedu u Koprivnici - RADIO LJUBU\u0160KI\",\"isPartOf\":{\"@id\":\"https:\\\/\\\/radioljubuski.ba\\\/#website\"},\"datePublished\":\"2021-11-05T21:42:54+00:00\",\"dateModified\":\"2021-11-05T21:42:56+00:00\",\"breadcrumb\":{\"@id\":\"https:\\\/\\\/radioljubuski.ba\\\/index.php\\\/2021\\\/11\\\/05\\\/kalik-s-dva-gola-donio-gorici-pobjedu-u-koprivnici\\\/#breadcrumb\"},\"inLanguage\":\"hr\",\"potentialAction\":[{\"@type\":\"ReadAction\",\"target\":[\"https:\\\/\\\/radioljubuski.ba\\\/index.php\\\/2021\\\/11\\\/05\\\/kalik-s-dva-gola-donio-gorici-pobjedu-u-koprivnici\\\/\"]}]},{\"@type\":\"BreadcrumbList\",\"@id\":\"https:\\\/\\\/radioljubuski.ba\\\/index.php\\\/2021\\\/11\\\/05\\\/kalik-s-dva-gola-donio-gorici-pobjedu-u-koprivnici\\\/#breadcrumb\",\"itemListElement\":[{\"@type\":\"ListItem\",\"position\":1,\"name\":\"Po\u010detna stranica\",\"item\":\"https:\\\/\\\/radioljubuski.ba\\\/\"},{\"@type\":\"ListItem\",\"position\":2,\"name\":\"Kalik s dva gola donio Gorici pobjedu u Koprivnici\"}]},{\"@type\":\"WebSite\",\"@id\":\"https:\\\/\\\/radioljubuski.ba\\\/#website\",\"url\":\"https:\\\/\\\/radioljubuski.ba\\\/\",\"name\":\"Radio Ljubu\u0161ki\",\"description\":\"Sun\u010dana frekvencija Hercegovine\",\"publisher\":{\"@id\":\"https:\\\/\\\/radioljubuski.ba\\\/#organization\"},\"potentialAction\":[{\"@type\":\"SearchAction\",\"target\":{\"@type\":\"EntryPoint\",\"urlTemplate\":\"https:\\\/\\\/radioljubuski.ba\\\/?s={search_term_string}\"},\"query-input\":{\"@type\":\"PropertyValueSpecification\",\"valueRequired\":true,\"valueName\":\"search_term_string\"}}],\"inLanguage\":\"hr\"},{\"@type\":\"Organization\",\"@id\":\"https:\\\/\\\/radioljubuski.ba\\\/#organization\",\"name\":\"Radio Ljubu\u0161ki\",\"url\":\"https:\\\/\\\/radioljubuski.ba\\\/\",\"logo\":{\"@type\":\"ImageObject\",\"inLanguage\":\"hr\",\"@id\":\"https:\\\/\\\/radioljubuski.ba\\\/#\\\/schema\\\/logo\\\/image\\\/\",\"url\":\"https:\\\/\\\/radioljubuski.ba\\\/wp-content\\\/uploads\\\/2021\\\/02\\\/cropped-Radio_Ljubuski_logo1.jpg\",\"contentUrl\":\"https:\\\/\\\/radioljubuski.ba\\\/wp-content\\\/uploads\\\/2021\\\/02\\\/cropped-Radio_Ljubuski_logo1.jpg\",\"width\":512,\"height\":512,\"caption\":\"Radio Ljubu\u0161ki\"},\"image\":{\"@id\":\"https:\\\/\\\/radioljubuski.ba\\\/#\\\/schema\\\/logo\\\/image\\\/\"},\"sameAs\":[\"https:\\\/\\\/www.facebook.com\\\/Radiio-Ljubuski-1490835324566332\",\"https:\\\/\\\/x.com\\\/radioljubuski\",\"https:\\\/\\\/hr.linkedin.com\\\/company\\\/radio-ljubuski\",\"https:\\\/\\\/www.youtube.com\\\/channel\\\/UCHYaeO_n0Db3tjNGudGpXyw\"]},{\"@type\":\"Person\",\"@id\":\"https:\\\/\\\/radioljubuski.ba\\\/#\\\/schema\\\/person\\\/19fc700381a780f69665d7956c469e3b\",\"name\":\"Radio Ljubu\u0161ki\"}]}<\/script>\n<!-- \/ Yoast SEO plugin. -->","yoast_head_json":{"title":"Kalik s dva gola donio Gorici pobjedu u Koprivnici - RADIO LJUBU\u0160KI","robots":{"index":"index","follow":"follow","max-snippet":"max-snippet:-1","max-image-preview":"max-image-preview:large","max-video-preview":"max-video-preview:-1"},"canonical":"https:\/\/radioljubuski.ba\/index.php\/2021\/11\/05\/kalik-s-dva-gola-donio-gorici-pobjedu-u-koprivnici\/","og_locale":"hr_HR","og_type":"article","og_title":"Kalik s dva gola donio Gorici pobjedu u Koprivnici - RADIO LJUBU\u0160KI","og_description":"U prvoj utakmici 15. kola Prve HNL Gorica je kao gost svladala Slaven Belupo sa 2:1 (1:1). Doma\u0107e je u vodstvo doveo&nbsp;Marin Lau\u0161i\u0107&nbsp;(43), no gosti su preokrenuli s dva pogotka glavom&nbsp;Anthonyja Kalika&nbsp;(45, 62). Slaven je do prednosti stigao uz veliku dozu sre\u0107e, Lau\u0161i\u0107 je u 43. minuti prihvatio loptu na rubu kaznenog prostora, u\u0161ao u [&hellip;]","og_url":"https:\/\/radioljubuski.ba\/index.php\/2021\/11\/05\/kalik-s-dva-gola-donio-gorici-pobjedu-u-koprivnici\/","og_site_name":"RADIO LJUBU\u0160KI","article_publisher":"https:\/\/www.facebook.com\/Radiio-Ljubuski-1490835324566332","article_published_time":"2021-11-05T21:42:54+00:00","article_modified_time":"2021-11-05T21:42:56+00:00","og_image":[{"width":1600,"height":959,"url":"https:\/\/radioljubuski.ba\/wp-content\/uploads\/2021\/11\/hnl-gorica-kalik-20211105185125.jpg","type":"image\/jpeg"}],"author":"Radio Ljubu\u0161ki","twitter_card":"summary_large_image","twitter_creator":"@radioljubuski","twitter_site":"@radioljubuski","twitter_misc":{"Napisao\/la":"Radio Ljubu\u0161ki","Procijenjeno vrijeme \u010ditanja":"2 minute"},"schema":{"@context":"https:\/\/schema.org","@graph":[{"@type":"Article","@id":"https:\/\/radioljubuski.ba\/index.php\/2021\/11\/05\/kalik-s-dva-gola-donio-gorici-pobjedu-u-koprivnici\/#article","isPartOf":{"@id":"https:\/\/radioljubuski.ba\/index.php\/2021\/11\/05\/kalik-s-dva-gola-donio-gorici-pobjedu-u-koprivnici\/"},"author":{"name":"Radio Ljubu\u0161ki","@id":"https:\/\/radioljubuski.ba\/#\/schema\/person\/19fc700381a780f69665d7956c469e3b"},"headline":"Kalik s dva gola donio Gorici pobjedu u Koprivnici","datePublished":"2021-11-05T21:42:54+00:00","dateModified":"2021-11-05T21:42:56+00:00","mainEntityOfPage":{"@id":"https:\/\/radioljubuski.ba\/index.php\/2021\/11\/05\/kalik-s-dva-gola-donio-gorici-pobjedu-u-koprivnici\/"},"wordCount":265,"publisher":{"@id":"https:\/\/radioljubuski.ba\/#organization"},"articleSection":["\u0160port"],"inLanguage":"hr"},{"@type":"WebPage","@id":"https:\/\/radioljubuski.ba\/index.php\/2021\/11\/05\/kalik-s-dva-gola-donio-gorici-pobjedu-u-koprivnici\/","url":"https:\/\/radioljubuski.ba\/index.php\/2021\/11\/05\/kalik-s-dva-gola-donio-gorici-pobjedu-u-koprivnici\/","name":"Kalik s dva gola donio Gorici pobjedu u Koprivnici - RADIO LJUBU\u0160KI","isPartOf":{"@id":"https:\/\/radioljubuski.ba\/#website"},"datePublished":"2021-11-05T21:42:54+00:00","dateModified":"2021-11-05T21:42:56+00:00","breadcrumb":{"@id":"https:\/\/radioljubuski.ba\/index.php\/2021\/11\/05\/kalik-s-dva-gola-donio-gorici-pobjedu-u-koprivnici\/#breadcrumb"},"inLanguage":"hr","potentialAction":[{"@type":"ReadAction","target":["https:\/\/radioljubuski.ba\/index.php\/2021\/11\/05\/kalik-s-dva-gola-donio-gorici-pobjedu-u-koprivnici\/"]}]},{"@type":"BreadcrumbList","@id":"https:\/\/radioljubuski.ba\/index.php\/2021\/11\/05\/kalik-s-dva-gola-donio-gorici-pobjedu-u-koprivnici\/#breadcrumb","itemListElement":[{"@type":"ListItem","position":1,"name":"Po\u010detna stranica","item":"https:\/\/radioljubuski.ba\/"},{"@type":"ListItem","position":2,"name":"Kalik s dva gola donio Gorici pobjedu u Koprivnici"}]},{"@type":"WebSite","@id":"https:\/\/radioljubuski.ba\/#website","url":"https:\/\/radioljubuski.ba\/","name":"Radio Ljubu\u0161ki","description":"Sun\u010dana frekvencija Hercegovine","publisher":{"@id":"https:\/\/radioljubuski.ba\/#organization"},"potentialAction":[{"@type":"SearchAction","target":{"@type":"EntryPoint","urlTemplate":"https:\/\/radioljubuski.ba\/?s={search_term_string}"},"query-input":{"@type":"PropertyValueSpecification","valueRequired":true,"valueName":"search_term_string"}}],"inLanguage":"hr"},{"@type":"Organization","@id":"https:\/\/radioljubuski.ba\/#organization","name":"Radio Ljubu\u0161ki","url":"https:\/\/radioljubuski.ba\/","logo":{"@type":"ImageObject","inLanguage":"hr","@id":"https:\/\/radioljubuski.ba\/#\/schema\/logo\/image\/","url":"https:\/\/radioljubuski.ba\/wp-content\/uploads\/2021\/02\/cropped-Radio_Ljubuski_logo1.jpg","contentUrl":"https:\/\/radioljubuski.ba\/wp-content\/uploads\/2021\/02\/cropped-Radio_Ljubuski_logo1.jpg","width":512,"height":512,"caption":"Radio Ljubu\u0161ki"},"image":{"@id":"https:\/\/radioljubuski.ba\/#\/schema\/logo\/image\/"},"sameAs":["https:\/\/www.facebook.com\/Radiio-Ljubuski-1490835324566332","https:\/\/x.com\/radioljubuski","https:\/\/hr.linkedin.com\/company\/radio-ljubuski","https:\/\/www.youtube.com\/channel\/UCHYaeO_n0Db3tjNGudGpXyw"]},{"@type":"Person","@id":"https:\/\/radioljubuski.ba\/#\/schema\/person\/19fc700381a780f69665d7956c469e3b","name":"Radio Ljubu\u0161ki"}]}},"_links":{"self":[{"href":"https:\/\/radioljubuski.ba\/index.php\/wp-json\/wp\/v2\/posts\/85613","targetHints":{"allow":["GET"]}}],"collection":[{"href":"https:\/\/radioljubuski.ba\/index.php\/wp-json\/wp\/v2\/posts"}],"about":[{"href":"https:\/\/radioljubuski.ba\/index.php\/wp-json\/wp\/v2\/types\/post"}],"author":[{"embeddable":true,"href":"https:\/\/radioljubuski.ba\/index.php\/wp-json\/wp\/v2\/users\/2"}],"replies":[{"embeddable":true,"href":"https:\/\/radioljubuski.ba\/index.php\/wp-json\/wp\/v2\/comments?post=85613"}],"version-history":[{"count":1,"href":"https:\/\/radioljubuski.ba\/index.php\/wp-json\/wp\/v2\/posts\/85613\/revisions"}],"predecessor-version":[{"id":85615,"href":"https:\/\/radioljubuski.ba\/index.php\/wp-json\/wp\/v2\/posts\/85613\/revisions\/85615"}],"wp:attachment":[{"href":"https:\/\/radioljubuski.ba\/index.php\/wp-json\/wp\/v2\/media?parent=85613"}],"wp:term":[{"taxonomy":"category","embeddable":true,"href":"https:\/\/radioljubuski.ba\/index.php\/wp-json\/wp\/v2\/categories?post=85613"},{"taxonomy":"post_tag","embeddable":true,"href":"https:\/\/radioljubuski.ba\/index.php\/wp-json\/wp\/v2\/tags?post=85613"}],"curies":[{"name":"wp","href":"https:\/\/api.w.org\/{rel}","templated":true}]}}