{"id":85624,"date":"2021-11-06T00:29:05","date_gmt":"2021-11-05T23:29:05","guid":{"rendered":"https:\/\/radioljubuski.ba\/?p=85624"},"modified":"2021-11-06T00:29:06","modified_gmt":"2021-11-05T23:29:06","slug":"svicarke-i-ruskinje-u-finalu-billie-jean-king-cupa","status":"publish","type":"post","link":"https:\/\/radioljubuski.ba\/index.php\/2021\/11\/06\/svicarke-i-ruskinje-u-finalu-billie-jean-king-cupa\/","title":{"rendered":"\u0160vicarke i Ruskinje u finalu Billie Jean King Cupa"},"content":{"rendered":"\n<p><strong>U finalu inauguralnog izdanja &#8220;Billie Jean King Cupa&#8221; tenisa\u010dica u Pragu igrat \u0107e Rusija i \u0160vicarska.<\/strong><\/p>\n\n\n\n<p>Nakon \u0161to su Ruskinje u prvom polufinalu nakon velike borbe svladale Amerikanke sa 2-1, u drugom su \u0160vicarke bez problema bile bolje od Australki sa 2-0.<\/p>\n\n\n\n<blockquote class=\"twitter-tweet\"><p lang=\"es\" dir=\"ltr\">\ud83e\udd47 <a href=\"https:\/\/twitter.com\/BelindaBencic?ref_src=twsrc%5Etfw\">@BelindaBencic<\/a>, la medallista ol\u00edmpica en Tokio 2020, super\u00f3 a la australiana <a href=\"https:\/\/twitter.com\/Ajlatom?ref_src=twsrc%5Etfw\">@Ajlatom<\/a> por 63 62 y logr\u00f3 el pase a la final para Suiza\ud83c\udde8\ud83c\udded<a href=\"https:\/\/twitter.com\/hashtag\/BJKCupFinals?src=hash&amp;ref_src=twsrc%5Etfw\">#BJKCupFinals<\/a> I <a href=\"https:\/\/twitter.com\/swiss_tennis?ref_src=twsrc%5Etfw\">@swiss_tennis<\/a> <a href=\"https:\/\/t.co\/F7gKw1Prcz\">pic.twitter.com\/F7gKw1Prcz<\/a><\/p>&mdash; Billie Jean King Cup (@BJKCup_es) <a href=\"https:\/\/twitter.com\/BJKCup_es\/status\/1456727912875536392?ref_src=twsrc%5Etfw\">November 5, 2021<\/a><\/blockquote> <script async src=\"https:\/\/platform.twitter.com\/widgets.js\" charset=\"utf-8\"><\/script>\n\n\n\n<p>Prvi bod Rusiji osigurala je&nbsp;<strong>Ljudmila Samsonova<\/strong>&nbsp;svladav\u0161i&nbsp;<strong>Sloane Stephens<\/strong>&nbsp;sa 1-6, 6-4, 6-3, da bi na 1-1 izjedna\u010dila&nbsp;<strong>Danielle Collins<\/strong>&nbsp;koja je nadigrala&nbsp;<strong>Anastaziju Pavlju\u010denkovu<\/strong>&nbsp;sa 6-7 (9), 7-6 (2), 6-2, pa je o prolasku u finale odlu\u010divala igra parova u kojoj su Samsonova i<strong>&nbsp;Veronika Kudermetova<\/strong>&nbsp;bile bolje od&nbsp;<strong>Coco Vandeweghe<\/strong>&nbsp;i&nbsp;<strong>Shelby Rogers<\/strong>&nbsp;sa 6-3, 6-3.<br><br>\u0160vicarsku su do finala povele&nbsp;<strong>Jill Teichmann<\/strong>&nbsp;6-0, 6-3 pobjedom protiv&nbsp;<strong>Storm Sanders<\/strong>&nbsp;te&nbsp;<strong>Belinda Bencic<\/strong>&nbsp;koja je sa 6-3, 6-2 svladala&nbsp;<strong>Ajlu Tomljanovi\u0107<\/strong>.<\/p>\n\n\n\n<p>Izvor:hrt.hr<\/p>\n","protected":false},"excerpt":{"rendered":"<p>U finalu inauguralnog izdanja &#8220;Billie Jean King Cupa&#8221; tenisa\u010dica u Pragu igrat \u0107e Rusija i \u0160vicarska. Nakon \u0161to su Ruskinje u prvom polufinalu nakon velike borbe svladale Amerikanke sa 2-1, u drugom su \u0160vicarke bez problema bile bolje od Australki sa 2-0. \ud83e\udd47 @BelindaBencic, la medallista ol\u00edmpica en Tokio 2020, super\u00f3 a la australiana @Ajlatom [&hellip;]<\/p>\n","protected":false},"author":2,"featured_media":85625,"comment_status":"closed","ping_status":"closed","sticky":false,"template":"","format":"standard","meta":{"h5ap_radio_sources":[],"footnotes":""},"categories":[7],"tags":[],"class_list":["post-85624","post","type-post","status-publish","format-standard","has-post-thumbnail","hentry","category-sport"],"yoast_head":"<!-- This site is optimized with the Yoast SEO plugin v27.5 - https:\/\/yoast.com\/product\/yoast-seo-wordpress\/ -->\n<title>\u0160vicarke i Ruskinje u finalu Billie Jean King Cupa - RADIO LJUBU\u0160KI<\/title>\n<meta name=\"robots\" content=\"index, follow, max-snippet:-1, max-image-preview:large, max-video-preview:-1\" \/>\n<link rel=\"canonical\" href=\"https:\/\/radioljubuski.ba\/index.php\/2021\/11\/06\/svicarke-i-ruskinje-u-finalu-billie-jean-king-cupa\/\" \/>\n<meta property=\"og:locale\" content=\"hr_HR\" \/>\n<meta property=\"og:type\" content=\"article\" \/>\n<meta property=\"og:title\" content=\"\u0160vicarke i Ruskinje u finalu Billie Jean King Cupa - RADIO LJUBU\u0160KI\" \/>\n<meta property=\"og:description\" content=\"U finalu inauguralnog izdanja &#8220;Billie Jean King Cupa&#8221; tenisa\u010dica u Pragu igrat \u0107e Rusija i \u0160vicarska. Nakon \u0161to su Ruskinje u prvom polufinalu nakon velike borbe svladale Amerikanke sa 2-1, u drugom su \u0160vicarke bez problema bile bolje od Australki sa 2-0. \ud83e\udd47 @BelindaBencic, la medallista ol\u00edmpica en Tokio 2020, super\u00f3 a la australiana @Ajlatom [&hellip;]\" \/>\n<meta property=\"og:url\" content=\"https:\/\/radioljubuski.ba\/index.php\/2021\/11\/06\/svicarke-i-ruskinje-u-finalu-billie-jean-king-cupa\/\" \/>\n<meta property=\"og:site_name\" content=\"RADIO LJUBU\u0160KI\" \/>\n<meta property=\"article:publisher\" content=\"https:\/\/www.facebook.com\/Radiio-Ljubuski-1490835324566332\" \/>\n<meta property=\"article:published_time\" content=\"2021-11-05T23:29:05+00:00\" \/>\n<meta property=\"article:modified_time\" content=\"2021-11-05T23:29:06+00:00\" \/>\n<meta property=\"og:image\" content=\"https:\/\/radioljubuski.ba\/wp-content\/uploads\/2021\/11\/preuzmi-3-2.jpg\" \/>\n\t<meta property=\"og:image:width\" content=\"272\" \/>\n\t<meta property=\"og:image:height\" content=\"185\" \/>\n\t<meta property=\"og:image:type\" content=\"image\/jpeg\" \/>\n<meta name=\"author\" content=\"Radio Ljubu\u0161ki\" \/>\n<meta name=\"twitter:card\" content=\"summary_large_image\" \/>\n<meta name=\"twitter:creator\" content=\"@radioljubuski\" \/>\n<meta name=\"twitter:site\" content=\"@radioljubuski\" \/>\n<meta name=\"twitter:label1\" content=\"Napisao\/la\" \/>\n\t<meta name=\"twitter:data1\" content=\"Radio Ljubu\u0161ki\" \/>\n\t<meta name=\"twitter:label2\" content=\"Procijenjeno vrijeme \u010ditanja\" \/>\n\t<meta name=\"twitter:data2\" content=\"1 minuta\" \/>\n<script type=\"application\/ld+json\" class=\"yoast-schema-graph\">{\"@context\":\"https:\\\/\\\/schema.org\",\"@graph\":[{\"@type\":\"Article\",\"@id\":\"https:\\\/\\\/radioljubuski.ba\\\/index.php\\\/2021\\\/11\\\/06\\\/svicarke-i-ruskinje-u-finalu-billie-jean-king-cupa\\\/#article\",\"isPartOf\":{\"@id\":\"https:\\\/\\\/radioljubuski.ba\\\/index.php\\\/2021\\\/11\\\/06\\\/svicarke-i-ruskinje-u-finalu-billie-jean-king-cupa\\\/\"},\"author\":{\"name\":\"Radio Ljubu\u0161ki\",\"@id\":\"https:\\\/\\\/radioljubuski.ba\\\/#\\\/schema\\\/person\\\/19fc700381a780f69665d7956c469e3b\"},\"headline\":\"\u0160vicarke i Ruskinje u finalu Billie Jean King Cupa\",\"datePublished\":\"2021-11-05T23:29:05+00:00\",\"dateModified\":\"2021-11-05T23:29:06+00:00\",\"mainEntityOfPage\":{\"@id\":\"https:\\\/\\\/radioljubuski.ba\\\/index.php\\\/2021\\\/11\\\/06\\\/svicarke-i-ruskinje-u-finalu-billie-jean-king-cupa\\\/\"},\"wordCount\":201,\"publisher\":{\"@id\":\"https:\\\/\\\/radioljubuski.ba\\\/#organization\"},\"image\":{\"@id\":\"https:\\\/\\\/radioljubuski.ba\\\/index.php\\\/2021\\\/11\\\/06\\\/svicarke-i-ruskinje-u-finalu-billie-jean-king-cupa\\\/#primaryimage\"},\"thumbnailUrl\":\"https:\\\/\\\/radioljubuski.ba\\\/wp-content\\\/uploads\\\/2021\\\/11\\\/preuzmi-3-2.jpg\",\"articleSection\":[\"\u0160port\"],\"inLanguage\":\"hr\"},{\"@type\":\"WebPage\",\"@id\":\"https:\\\/\\\/radioljubuski.ba\\\/index.php\\\/2021\\\/11\\\/06\\\/svicarke-i-ruskinje-u-finalu-billie-jean-king-cupa\\\/\",\"url\":\"https:\\\/\\\/radioljubuski.ba\\\/index.php\\\/2021\\\/11\\\/06\\\/svicarke-i-ruskinje-u-finalu-billie-jean-king-cupa\\\/\",\"name\":\"\u0160vicarke i Ruskinje u finalu Billie Jean King Cupa - RADIO LJUBU\u0160KI\",\"isPartOf\":{\"@id\":\"https:\\\/\\\/radioljubuski.ba\\\/#website\"},\"primaryImageOfPage\":{\"@id\":\"https:\\\/\\\/radioljubuski.ba\\\/index.php\\\/2021\\\/11\\\/06\\\/svicarke-i-ruskinje-u-finalu-billie-jean-king-cupa\\\/#primaryimage\"},\"image\":{\"@id\":\"https:\\\/\\\/radioljubuski.ba\\\/index.php\\\/2021\\\/11\\\/06\\\/svicarke-i-ruskinje-u-finalu-billie-jean-king-cupa\\\/#primaryimage\"},\"thumbnailUrl\":\"https:\\\/\\\/radioljubuski.ba\\\/wp-content\\\/uploads\\\/2021\\\/11\\\/preuzmi-3-2.jpg\",\"datePublished\":\"2021-11-05T23:29:05+00:00\",\"dateModified\":\"2021-11-05T23:29:06+00:00\",\"breadcrumb\":{\"@id\":\"https:\\\/\\\/radioljubuski.ba\\\/index.php\\\/2021\\\/11\\\/06\\\/svicarke-i-ruskinje-u-finalu-billie-jean-king-cupa\\\/#breadcrumb\"},\"inLanguage\":\"hr\",\"potentialAction\":[{\"@type\":\"ReadAction\",\"target\":[\"https:\\\/\\\/radioljubuski.ba\\\/index.php\\\/2021\\\/11\\\/06\\\/svicarke-i-ruskinje-u-finalu-billie-jean-king-cupa\\\/\"]}]},{\"@type\":\"ImageObject\",\"inLanguage\":\"hr\",\"@id\":\"https:\\\/\\\/radioljubuski.ba\\\/index.php\\\/2021\\\/11\\\/06\\\/svicarke-i-ruskinje-u-finalu-billie-jean-king-cupa\\\/#primaryimage\",\"url\":\"https:\\\/\\\/radioljubuski.ba\\\/wp-content\\\/uploads\\\/2021\\\/11\\\/preuzmi-3-2.jpg\",\"contentUrl\":\"https:\\\/\\\/radioljubuski.ba\\\/wp-content\\\/uploads\\\/2021\\\/11\\\/preuzmi-3-2.jpg\",\"width\":272,\"height\":185},{\"@type\":\"BreadcrumbList\",\"@id\":\"https:\\\/\\\/radioljubuski.ba\\\/index.php\\\/2021\\\/11\\\/06\\\/svicarke-i-ruskinje-u-finalu-billie-jean-king-cupa\\\/#breadcrumb\",\"itemListElement\":[{\"@type\":\"ListItem\",\"position\":1,\"name\":\"Po\u010detna stranica\",\"item\":\"https:\\\/\\\/radioljubuski.ba\\\/\"},{\"@type\":\"ListItem\",\"position\":2,\"name\":\"\u0160vicarke i Ruskinje u finalu Billie Jean King Cupa\"}]},{\"@type\":\"WebSite\",\"@id\":\"https:\\\/\\\/radioljubuski.ba\\\/#website\",\"url\":\"https:\\\/\\\/radioljubuski.ba\\\/\",\"name\":\"Radio Ljubu\u0161ki\",\"description\":\"Sun\u010dana frekvencija Hercegovine\",\"publisher\":{\"@id\":\"https:\\\/\\\/radioljubuski.ba\\\/#organization\"},\"potentialAction\":[{\"@type\":\"SearchAction\",\"target\":{\"@type\":\"EntryPoint\",\"urlTemplate\":\"https:\\\/\\\/radioljubuski.ba\\\/?s={search_term_string}\"},\"query-input\":{\"@type\":\"PropertyValueSpecification\",\"valueRequired\":true,\"valueName\":\"search_term_string\"}}],\"inLanguage\":\"hr\"},{\"@type\":\"Organization\",\"@id\":\"https:\\\/\\\/radioljubuski.ba\\\/#organization\",\"name\":\"Radio Ljubu\u0161ki\",\"url\":\"https:\\\/\\\/radioljubuski.ba\\\/\",\"logo\":{\"@type\":\"ImageObject\",\"inLanguage\":\"hr\",\"@id\":\"https:\\\/\\\/radioljubuski.ba\\\/#\\\/schema\\\/logo\\\/image\\\/\",\"url\":\"https:\\\/\\\/radioljubuski.ba\\\/wp-content\\\/uploads\\\/2021\\\/02\\\/cropped-Radio_Ljubuski_logo1.jpg\",\"contentUrl\":\"https:\\\/\\\/radioljubuski.ba\\\/wp-content\\\/uploads\\\/2021\\\/02\\\/cropped-Radio_Ljubuski_logo1.jpg\",\"width\":512,\"height\":512,\"caption\":\"Radio Ljubu\u0161ki\"},\"image\":{\"@id\":\"https:\\\/\\\/radioljubuski.ba\\\/#\\\/schema\\\/logo\\\/image\\\/\"},\"sameAs\":[\"https:\\\/\\\/www.facebook.com\\\/Radiio-Ljubuski-1490835324566332\",\"https:\\\/\\\/x.com\\\/radioljubuski\",\"https:\\\/\\\/hr.linkedin.com\\\/company\\\/radio-ljubuski\",\"https:\\\/\\\/www.youtube.com\\\/channel\\\/UCHYaeO_n0Db3tjNGudGpXyw\"]},{\"@type\":\"Person\",\"@id\":\"https:\\\/\\\/radioljubuski.ba\\\/#\\\/schema\\\/person\\\/19fc700381a780f69665d7956c469e3b\",\"name\":\"Radio Ljubu\u0161ki\"}]}<\/script>\n<!-- \/ Yoast SEO plugin. -->","yoast_head_json":{"title":"\u0160vicarke i Ruskinje u finalu Billie Jean King Cupa - RADIO LJUBU\u0160KI","robots":{"index":"index","follow":"follow","max-snippet":"max-snippet:-1","max-image-preview":"max-image-preview:large","max-video-preview":"max-video-preview:-1"},"canonical":"https:\/\/radioljubuski.ba\/index.php\/2021\/11\/06\/svicarke-i-ruskinje-u-finalu-billie-jean-king-cupa\/","og_locale":"hr_HR","og_type":"article","og_title":"\u0160vicarke i Ruskinje u finalu Billie Jean King Cupa - RADIO LJUBU\u0160KI","og_description":"U finalu inauguralnog izdanja &#8220;Billie Jean King Cupa&#8221; tenisa\u010dica u Pragu igrat \u0107e Rusija i \u0160vicarska. Nakon \u0161to su Ruskinje u prvom polufinalu nakon velike borbe svladale Amerikanke sa 2-1, u drugom su \u0160vicarke bez problema bile bolje od Australki sa 2-0. \ud83e\udd47 @BelindaBencic, la medallista ol\u00edmpica en Tokio 2020, super\u00f3 a la australiana @Ajlatom [&hellip;]","og_url":"https:\/\/radioljubuski.ba\/index.php\/2021\/11\/06\/svicarke-i-ruskinje-u-finalu-billie-jean-king-cupa\/","og_site_name":"RADIO LJUBU\u0160KI","article_publisher":"https:\/\/www.facebook.com\/Radiio-Ljubuski-1490835324566332","article_published_time":"2021-11-05T23:29:05+00:00","article_modified_time":"2021-11-05T23:29:06+00:00","og_image":[{"width":272,"height":185,"url":"https:\/\/radioljubuski.ba\/wp-content\/uploads\/2021\/11\/preuzmi-3-2.jpg","type":"image\/jpeg"}],"author":"Radio Ljubu\u0161ki","twitter_card":"summary_large_image","twitter_creator":"@radioljubuski","twitter_site":"@radioljubuski","twitter_misc":{"Napisao\/la":"Radio Ljubu\u0161ki","Procijenjeno vrijeme \u010ditanja":"1 minuta"},"schema":{"@context":"https:\/\/schema.org","@graph":[{"@type":"Article","@id":"https:\/\/radioljubuski.ba\/index.php\/2021\/11\/06\/svicarke-i-ruskinje-u-finalu-billie-jean-king-cupa\/#article","isPartOf":{"@id":"https:\/\/radioljubuski.ba\/index.php\/2021\/11\/06\/svicarke-i-ruskinje-u-finalu-billie-jean-king-cupa\/"},"author":{"name":"Radio Ljubu\u0161ki","@id":"https:\/\/radioljubuski.ba\/#\/schema\/person\/19fc700381a780f69665d7956c469e3b"},"headline":"\u0160vicarke i Ruskinje u finalu Billie Jean King Cupa","datePublished":"2021-11-05T23:29:05+00:00","dateModified":"2021-11-05T23:29:06+00:00","mainEntityOfPage":{"@id":"https:\/\/radioljubuski.ba\/index.php\/2021\/11\/06\/svicarke-i-ruskinje-u-finalu-billie-jean-king-cupa\/"},"wordCount":201,"publisher":{"@id":"https:\/\/radioljubuski.ba\/#organization"},"image":{"@id":"https:\/\/radioljubuski.ba\/index.php\/2021\/11\/06\/svicarke-i-ruskinje-u-finalu-billie-jean-king-cupa\/#primaryimage"},"thumbnailUrl":"https:\/\/radioljubuski.ba\/wp-content\/uploads\/2021\/11\/preuzmi-3-2.jpg","articleSection":["\u0160port"],"inLanguage":"hr"},{"@type":"WebPage","@id":"https:\/\/radioljubuski.ba\/index.php\/2021\/11\/06\/svicarke-i-ruskinje-u-finalu-billie-jean-king-cupa\/","url":"https:\/\/radioljubuski.ba\/index.php\/2021\/11\/06\/svicarke-i-ruskinje-u-finalu-billie-jean-king-cupa\/","name":"\u0160vicarke i Ruskinje u finalu Billie Jean King Cupa - RADIO LJUBU\u0160KI","isPartOf":{"@id":"https:\/\/radioljubuski.ba\/#website"},"primaryImageOfPage":{"@id":"https:\/\/radioljubuski.ba\/index.php\/2021\/11\/06\/svicarke-i-ruskinje-u-finalu-billie-jean-king-cupa\/#primaryimage"},"image":{"@id":"https:\/\/radioljubuski.ba\/index.php\/2021\/11\/06\/svicarke-i-ruskinje-u-finalu-billie-jean-king-cupa\/#primaryimage"},"thumbnailUrl":"https:\/\/radioljubuski.ba\/wp-content\/uploads\/2021\/11\/preuzmi-3-2.jpg","datePublished":"2021-11-05T23:29:05+00:00","dateModified":"2021-11-05T23:29:06+00:00","breadcrumb":{"@id":"https:\/\/radioljubuski.ba\/index.php\/2021\/11\/06\/svicarke-i-ruskinje-u-finalu-billie-jean-king-cupa\/#breadcrumb"},"inLanguage":"hr","potentialAction":[{"@type":"ReadAction","target":["https:\/\/radioljubuski.ba\/index.php\/2021\/11\/06\/svicarke-i-ruskinje-u-finalu-billie-jean-king-cupa\/"]}]},{"@type":"ImageObject","inLanguage":"hr","@id":"https:\/\/radioljubuski.ba\/index.php\/2021\/11\/06\/svicarke-i-ruskinje-u-finalu-billie-jean-king-cupa\/#primaryimage","url":"https:\/\/radioljubuski.ba\/wp-content\/uploads\/2021\/11\/preuzmi-3-2.jpg","contentUrl":"https:\/\/radioljubuski.ba\/wp-content\/uploads\/2021\/11\/preuzmi-3-2.jpg","width":272,"height":185},{"@type":"BreadcrumbList","@id":"https:\/\/radioljubuski.ba\/index.php\/2021\/11\/06\/svicarke-i-ruskinje-u-finalu-billie-jean-king-cupa\/#breadcrumb","itemListElement":[{"@type":"ListItem","position":1,"name":"Po\u010detna stranica","item":"https:\/\/radioljubuski.ba\/"},{"@type":"ListItem","position":2,"name":"\u0160vicarke i Ruskinje u finalu Billie Jean King Cupa"}]},{"@type":"WebSite","@id":"https:\/\/radioljubuski.ba\/#website","url":"https:\/\/radioljubuski.ba\/","name":"Radio Ljubu\u0161ki","description":"Sun\u010dana frekvencija Hercegovine","publisher":{"@id":"https:\/\/radioljubuski.ba\/#organization"},"potentialAction":[{"@type":"SearchAction","target":{"@type":"EntryPoint","urlTemplate":"https:\/\/radioljubuski.ba\/?s={search_term_string}"},"query-input":{"@type":"PropertyValueSpecification","valueRequired":true,"valueName":"search_term_string"}}],"inLanguage":"hr"},{"@type":"Organization","@id":"https:\/\/radioljubuski.ba\/#organization","name":"Radio Ljubu\u0161ki","url":"https:\/\/radioljubuski.ba\/","logo":{"@type":"ImageObject","inLanguage":"hr","@id":"https:\/\/radioljubuski.ba\/#\/schema\/logo\/image\/","url":"https:\/\/radioljubuski.ba\/wp-content\/uploads\/2021\/02\/cropped-Radio_Ljubuski_logo1.jpg","contentUrl":"https:\/\/radioljubuski.ba\/wp-content\/uploads\/2021\/02\/cropped-Radio_Ljubuski_logo1.jpg","width":512,"height":512,"caption":"Radio Ljubu\u0161ki"},"image":{"@id":"https:\/\/radioljubuski.ba\/#\/schema\/logo\/image\/"},"sameAs":["https:\/\/www.facebook.com\/Radiio-Ljubuski-1490835324566332","https:\/\/x.com\/radioljubuski","https:\/\/hr.linkedin.com\/company\/radio-ljubuski","https:\/\/www.youtube.com\/channel\/UCHYaeO_n0Db3tjNGudGpXyw"]},{"@type":"Person","@id":"https:\/\/radioljubuski.ba\/#\/schema\/person\/19fc700381a780f69665d7956c469e3b","name":"Radio Ljubu\u0161ki"}]}},"_links":{"self":[{"href":"https:\/\/radioljubuski.ba\/index.php\/wp-json\/wp\/v2\/posts\/85624","targetHints":{"allow":["GET"]}}],"collection":[{"href":"https:\/\/radioljubuski.ba\/index.php\/wp-json\/wp\/v2\/posts"}],"about":[{"href":"https:\/\/radioljubuski.ba\/index.php\/wp-json\/wp\/v2\/types\/post"}],"author":[{"embeddable":true,"href":"https:\/\/radioljubuski.ba\/index.php\/wp-json\/wp\/v2\/users\/2"}],"replies":[{"embeddable":true,"href":"https:\/\/radioljubuski.ba\/index.php\/wp-json\/wp\/v2\/comments?post=85624"}],"version-history":[{"count":1,"href":"https:\/\/radioljubuski.ba\/index.php\/wp-json\/wp\/v2\/posts\/85624\/revisions"}],"predecessor-version":[{"id":85626,"href":"https:\/\/radioljubuski.ba\/index.php\/wp-json\/wp\/v2\/posts\/85624\/revisions\/85626"}],"wp:featuredmedia":[{"embeddable":true,"href":"https:\/\/radioljubuski.ba\/index.php\/wp-json\/wp\/v2\/media\/85625"}],"wp:attachment":[{"href":"https:\/\/radioljubuski.ba\/index.php\/wp-json\/wp\/v2\/media?parent=85624"}],"wp:term":[{"taxonomy":"category","embeddable":true,"href":"https:\/\/radioljubuski.ba\/index.php\/wp-json\/wp\/v2\/categories?post=85624"},{"taxonomy":"post_tag","embeddable":true,"href":"https:\/\/radioljubuski.ba\/index.php\/wp-json\/wp\/v2\/tags?post=85624"}],"curies":[{"name":"wp","href":"https:\/\/api.w.org\/{rel}","templated":true}]}}