{"id":85645,"date":"2021-11-06T00:43:21","date_gmt":"2021-11-05T23:43:21","guid":{"rendered":"https:\/\/radioljubuski.ba\/?p=85645"},"modified":"2021-11-06T00:43:21","modified_gmt":"2021-11-05T23:43:21","slug":"cvitanovic-za-sda-kontinuirano-postoji-jedna-opcija-pregovora-razvlacenje","status":"publish","type":"post","link":"https:\/\/radioljubuski.ba\/index.php\/2021\/11\/06\/cvitanovic-za-sda-kontinuirano-postoji-jedna-opcija-pregovora-razvlacenje\/","title":{"rendered":"Cvitanovi\u0107: Za SDA kontinuirano postoji jedna opcija pregovora \u2013 razvla\u010denje"},"content":{"rendered":"\n<p><strong>Konstitutivnost naroda i legitimno politi\u010dko predstavljanje temeljna su ustavna kategorija s kojom se ne mo\u017ee trgovati, tako glasi naslov priop\u0107enja HNS BiH koji je danas zasjedao. Gost Dana u\u017eivo N1 bio je Ilija Cvitanovi\u0107, \u010dlan Predsjedni\u0161tva HNS-a i predsjednik HDZ-a 1990, gdje je ponovio da nema brisanja nacionalnih imenica iz Ustava BiH. Otkrio je i u kome vidi najve\u0107eg krivca u ko\u010denju izmjena Izbornog zakona: \u201cZa SDA kontinuirano postoji jedna opcija pregovora \u2013 razvla\u010denje\u201d, rekao je, te podcrtao da u njima vidi vi\u0161e krivice za trenutno stanje nego u Dodiku.<\/strong><\/p>\n\n\n\n<p>\u201cMi smo spremni za djelomi\u010dnu izmjenu Ustava, za dio diskriminacije iz Strasbourga. Ali, bojim se da sa strane SDA i stranaka sa sjedi\u0161tem u Sarajevu postoji kontinuirano jedna opcija pregovora, a to je bje\u017eanje od dogovora i razvla\u010denje da \u0161to du\u017ee vremena pro\u0111e da se ne do\u0111e do dogovora. No, ja sam siguran da ameri\u010dka administracija kada uzme jedan posao, kao \u0161to je uzela promjenu Izbornog zakona u BiH, da \u0107e to oni dovesti do kraja \u2013 nisam siguran da postoje politi\u010dari u BiH koji \u0107e se smjeti suprotstaviti onomu \u0161to ameri\u010dka administracija bude predlagala\u201d, odgovorio je Cvitanovi\u0107 na pitanje kako vidi posjetu Palmera i Eichorst.<\/p>\n\n\n\n<p>\u201cPo onom \u0161to smo vidjeli, oni \u0107e ponuditi neku vrstu kompromisnog rje\u0161enja, koje \u0107e biti na bazi legitimnog predstavljanja i koje \u0107e zadovoljiti i presudu Ustavnog suda BiH, a zadovoljit \u0107e i mogu\u0107nost kandidiranja onih koji su bili sprije\u010deni kandidirati se. Oni za deset dana opet dolaze u BiH i vjerujem da \u0107e to ponavljati dok ne do\u0111e do dogovora\u201d, rekao je i ponovio da za HNS ne\u0107e biti prihvatljiva bilo kakva vrsta parcijalnog dogovora, te da \u0107e on podr\u017eavati \u010covi\u0107a sve dok se dr\u017ei njihovog sveobuhvatnog dogovora.<\/p>\n\n\n\n<p>Upitan tko nosi najve\u0107u odgovornost za trenutnu situaciju, Cvitanovi\u0107 navodi da odgovornom smatra Stranku demokratske akcije.<\/p>\n\n\n\n<p>\u201cKada govorimo o izmjenama Izbornog zakona BiH, najve\u0107a odgovornost je na SDA i njihovim partnerima, tzv. \u2018ni\u010dijim legitimiranim pro-bosanskim strankama. Ogromnu odgovornost za stvari u BiH oni nose, usudio bih se re\u0107i i ve\u0107u odgovornost od samog Dodika\u201d, naveo je.<\/p>\n\n\n\n<p>Imao je i poseban komentar o pozicioniranju razli\u010ditih strana u BiH.<\/p>\n\n\n\n<p>\u201cKada vidite opciju iz Banjaluke koja je donedavno govorila o odcjepljenju, drugu u Sarajevu \u2013 koja je apsolutno unitaristi\u010dka, i kada uzmete tre\u0107u stranu, a to je hrvatska politika, onda vidite da ona povezuje ove dvije strane i dr\u017ei ovu dr\u017eavu jo\u0161 uvijek jedinstvenom i u\u010dinit \u0107e sve da tako i ostane\u201d, stav je lidera HDZ-a 1990.<\/p>\n\n\n\n<p>Tri razli\u010dite strane spomenuo je i u odgovoru na pitanje da li Christian Schmidt objektivno informira me\u0111unarodnu zajednicu.<\/p>\n\n\n\n<p>\u201c\u010cini se kako Schmidt nije sam pisao posljednji izvje\u0161taj, nego administracija koja za Visokog predstavnika radi ve\u0107 godinama. Selektivno je napisan izvje\u0161taj, jer se u njemu ne spominje \u2018tre\u0107a strana\u2019 \u201c, rekao je, a to su za njega politi\u010dki predstavnici bo\u0161nja\u010dkog naroda, za koju je izostala kritika, kazao je.<\/p>\n\n\n\n<p>\/HMS\/<\/p>\n","protected":false},"excerpt":{"rendered":"<p>Konstitutivnost naroda i legitimno politi\u010dko predstavljanje temeljna su ustavna kategorija s kojom se ne mo\u017ee trgovati, tako glasi naslov priop\u0107enja HNS BiH koji je danas zasjedao. Gost Dana u\u017eivo N1 bio je Ilija Cvitanovi\u0107, \u010dlan Predsjedni\u0161tva HNS-a i predsjednik HDZ-a 1990, gdje je ponovio da nema brisanja nacionalnih imenica iz Ustava BiH. Otkrio je i [&hellip;]<\/p>\n","protected":false},"author":2,"featured_media":55513,"comment_status":"closed","ping_status":"closed","sticky":false,"template":"","format":"standard","meta":{"h5ap_radio_sources":[],"footnotes":""},"categories":[1],"tags":[],"class_list":["post-85645","post","type-post","status-publish","format-standard","has-post-thumbnail","hentry","category-bihiregija"],"yoast_head":"<!-- This site is optimized with the Yoast SEO plugin v27.5 - https:\/\/yoast.com\/product\/yoast-seo-wordpress\/ -->\n<title>Cvitanovi\u0107: Za SDA kontinuirano postoji jedna opcija pregovora \u2013 razvla\u010denje - RADIO LJUBU\u0160KI<\/title>\n<meta name=\"robots\" content=\"index, follow, max-snippet:-1, max-image-preview:large, max-video-preview:-1\" \/>\n<link rel=\"canonical\" href=\"https:\/\/radioljubuski.ba\/index.php\/2021\/11\/06\/cvitanovic-za-sda-kontinuirano-postoji-jedna-opcija-pregovora-razvlacenje\/\" \/>\n<meta property=\"og:locale\" content=\"hr_HR\" \/>\n<meta property=\"og:type\" content=\"article\" \/>\n<meta property=\"og:title\" content=\"Cvitanovi\u0107: Za SDA kontinuirano postoji jedna opcija pregovora \u2013 razvla\u010denje - RADIO LJUBU\u0160KI\" \/>\n<meta property=\"og:description\" content=\"Konstitutivnost naroda i legitimno politi\u010dko predstavljanje temeljna su ustavna kategorija s kojom se ne mo\u017ee trgovati, tako glasi naslov priop\u0107enja HNS BiH koji je danas zasjedao. Gost Dana u\u017eivo N1 bio je Ilija Cvitanovi\u0107, \u010dlan Predsjedni\u0161tva HNS-a i predsjednik HDZ-a 1990, gdje je ponovio da nema brisanja nacionalnih imenica iz Ustava BiH. Otkrio je i [&hellip;]\" \/>\n<meta property=\"og:url\" content=\"https:\/\/radioljubuski.ba\/index.php\/2021\/11\/06\/cvitanovic-za-sda-kontinuirano-postoji-jedna-opcija-pregovora-razvlacenje\/\" \/>\n<meta property=\"og:site_name\" content=\"RADIO LJUBU\u0160KI\" \/>\n<meta property=\"article:publisher\" content=\"https:\/\/www.facebook.com\/Radiio-Ljubuski-1490835324566332\" \/>\n<meta property=\"article:published_time\" content=\"2021-11-05T23:43:21+00:00\" \/>\n<meta property=\"og:image\" content=\"https:\/\/radioljubuski.ba\/wp-content\/uploads\/2021\/08\/cvitanovic-n1.jpg\" \/>\n\t<meta property=\"og:image:width\" content=\"939\" \/>\n\t<meta property=\"og:image:height\" content=\"529\" \/>\n\t<meta property=\"og:image:type\" content=\"image\/jpeg\" \/>\n<meta name=\"author\" content=\"Radio Ljubu\u0161ki\" \/>\n<meta name=\"twitter:card\" content=\"summary_large_image\" \/>\n<meta name=\"twitter:creator\" content=\"@radioljubuski\" \/>\n<meta name=\"twitter:site\" content=\"@radioljubuski\" \/>\n<meta name=\"twitter:label1\" content=\"Napisao\/la\" \/>\n\t<meta name=\"twitter:data1\" content=\"Radio Ljubu\u0161ki\" \/>\n\t<meta name=\"twitter:label2\" content=\"Procijenjeno vrijeme \u010ditanja\" \/>\n\t<meta name=\"twitter:data2\" content=\"3 minute\" \/>\n<script type=\"application\/ld+json\" class=\"yoast-schema-graph\">{\"@context\":\"https:\\\/\\\/schema.org\",\"@graph\":[{\"@type\":\"Article\",\"@id\":\"https:\\\/\\\/radioljubuski.ba\\\/index.php\\\/2021\\\/11\\\/06\\\/cvitanovic-za-sda-kontinuirano-postoji-jedna-opcija-pregovora-razvlacenje\\\/#article\",\"isPartOf\":{\"@id\":\"https:\\\/\\\/radioljubuski.ba\\\/index.php\\\/2021\\\/11\\\/06\\\/cvitanovic-za-sda-kontinuirano-postoji-jedna-opcija-pregovora-razvlacenje\\\/\"},\"author\":{\"name\":\"Radio Ljubu\u0161ki\",\"@id\":\"https:\\\/\\\/radioljubuski.ba\\\/#\\\/schema\\\/person\\\/19fc700381a780f69665d7956c469e3b\"},\"headline\":\"Cvitanovi\u0107: Za SDA kontinuirano postoji jedna opcija pregovora \u2013 razvla\u010denje\",\"datePublished\":\"2021-11-05T23:43:21+00:00\",\"mainEntityOfPage\":{\"@id\":\"https:\\\/\\\/radioljubuski.ba\\\/index.php\\\/2021\\\/11\\\/06\\\/cvitanovic-za-sda-kontinuirano-postoji-jedna-opcija-pregovora-razvlacenje\\\/\"},\"wordCount\":526,\"publisher\":{\"@id\":\"https:\\\/\\\/radioljubuski.ba\\\/#organization\"},\"image\":{\"@id\":\"https:\\\/\\\/radioljubuski.ba\\\/index.php\\\/2021\\\/11\\\/06\\\/cvitanovic-za-sda-kontinuirano-postoji-jedna-opcija-pregovora-razvlacenje\\\/#primaryimage\"},\"thumbnailUrl\":\"https:\\\/\\\/radioljubuski.ba\\\/wp-content\\\/uploads\\\/2021\\\/08\\\/cvitanovic-n1.jpg\",\"articleSection\":[\"BIH i regija\"],\"inLanguage\":\"hr\"},{\"@type\":\"WebPage\",\"@id\":\"https:\\\/\\\/radioljubuski.ba\\\/index.php\\\/2021\\\/11\\\/06\\\/cvitanovic-za-sda-kontinuirano-postoji-jedna-opcija-pregovora-razvlacenje\\\/\",\"url\":\"https:\\\/\\\/radioljubuski.ba\\\/index.php\\\/2021\\\/11\\\/06\\\/cvitanovic-za-sda-kontinuirano-postoji-jedna-opcija-pregovora-razvlacenje\\\/\",\"name\":\"Cvitanovi\u0107: Za SDA kontinuirano postoji jedna opcija pregovora \u2013 razvla\u010denje - RADIO LJUBU\u0160KI\",\"isPartOf\":{\"@id\":\"https:\\\/\\\/radioljubuski.ba\\\/#website\"},\"primaryImageOfPage\":{\"@id\":\"https:\\\/\\\/radioljubuski.ba\\\/index.php\\\/2021\\\/11\\\/06\\\/cvitanovic-za-sda-kontinuirano-postoji-jedna-opcija-pregovora-razvlacenje\\\/#primaryimage\"},\"image\":{\"@id\":\"https:\\\/\\\/radioljubuski.ba\\\/index.php\\\/2021\\\/11\\\/06\\\/cvitanovic-za-sda-kontinuirano-postoji-jedna-opcija-pregovora-razvlacenje\\\/#primaryimage\"},\"thumbnailUrl\":\"https:\\\/\\\/radioljubuski.ba\\\/wp-content\\\/uploads\\\/2021\\\/08\\\/cvitanovic-n1.jpg\",\"datePublished\":\"2021-11-05T23:43:21+00:00\",\"breadcrumb\":{\"@id\":\"https:\\\/\\\/radioljubuski.ba\\\/index.php\\\/2021\\\/11\\\/06\\\/cvitanovic-za-sda-kontinuirano-postoji-jedna-opcija-pregovora-razvlacenje\\\/#breadcrumb\"},\"inLanguage\":\"hr\",\"potentialAction\":[{\"@type\":\"ReadAction\",\"target\":[\"https:\\\/\\\/radioljubuski.ba\\\/index.php\\\/2021\\\/11\\\/06\\\/cvitanovic-za-sda-kontinuirano-postoji-jedna-opcija-pregovora-razvlacenje\\\/\"]}]},{\"@type\":\"ImageObject\",\"inLanguage\":\"hr\",\"@id\":\"https:\\\/\\\/radioljubuski.ba\\\/index.php\\\/2021\\\/11\\\/06\\\/cvitanovic-za-sda-kontinuirano-postoji-jedna-opcija-pregovora-razvlacenje\\\/#primaryimage\",\"url\":\"https:\\\/\\\/radioljubuski.ba\\\/wp-content\\\/uploads\\\/2021\\\/08\\\/cvitanovic-n1.jpg\",\"contentUrl\":\"https:\\\/\\\/radioljubuski.ba\\\/wp-content\\\/uploads\\\/2021\\\/08\\\/cvitanovic-n1.jpg\",\"width\":939,\"height\":529},{\"@type\":\"BreadcrumbList\",\"@id\":\"https:\\\/\\\/radioljubuski.ba\\\/index.php\\\/2021\\\/11\\\/06\\\/cvitanovic-za-sda-kontinuirano-postoji-jedna-opcija-pregovora-razvlacenje\\\/#breadcrumb\",\"itemListElement\":[{\"@type\":\"ListItem\",\"position\":1,\"name\":\"Po\u010detna stranica\",\"item\":\"https:\\\/\\\/radioljubuski.ba\\\/\"},{\"@type\":\"ListItem\",\"position\":2,\"name\":\"Cvitanovi\u0107: Za SDA kontinuirano postoji jedna opcija pregovora \u2013 razvla\u010denje\"}]},{\"@type\":\"WebSite\",\"@id\":\"https:\\\/\\\/radioljubuski.ba\\\/#website\",\"url\":\"https:\\\/\\\/radioljubuski.ba\\\/\",\"name\":\"Radio Ljubu\u0161ki\",\"description\":\"Sun\u010dana frekvencija Hercegovine\",\"publisher\":{\"@id\":\"https:\\\/\\\/radioljubuski.ba\\\/#organization\"},\"potentialAction\":[{\"@type\":\"SearchAction\",\"target\":{\"@type\":\"EntryPoint\",\"urlTemplate\":\"https:\\\/\\\/radioljubuski.ba\\\/?s={search_term_string}\"},\"query-input\":{\"@type\":\"PropertyValueSpecification\",\"valueRequired\":true,\"valueName\":\"search_term_string\"}}],\"inLanguage\":\"hr\"},{\"@type\":\"Organization\",\"@id\":\"https:\\\/\\\/radioljubuski.ba\\\/#organization\",\"name\":\"Radio Ljubu\u0161ki\",\"url\":\"https:\\\/\\\/radioljubuski.ba\\\/\",\"logo\":{\"@type\":\"ImageObject\",\"inLanguage\":\"hr\",\"@id\":\"https:\\\/\\\/radioljubuski.ba\\\/#\\\/schema\\\/logo\\\/image\\\/\",\"url\":\"https:\\\/\\\/radioljubuski.ba\\\/wp-content\\\/uploads\\\/2021\\\/02\\\/cropped-Radio_Ljubuski_logo1.jpg\",\"contentUrl\":\"https:\\\/\\\/radioljubuski.ba\\\/wp-content\\\/uploads\\\/2021\\\/02\\\/cropped-Radio_Ljubuski_logo1.jpg\",\"width\":512,\"height\":512,\"caption\":\"Radio Ljubu\u0161ki\"},\"image\":{\"@id\":\"https:\\\/\\\/radioljubuski.ba\\\/#\\\/schema\\\/logo\\\/image\\\/\"},\"sameAs\":[\"https:\\\/\\\/www.facebook.com\\\/Radiio-Ljubuski-1490835324566332\",\"https:\\\/\\\/x.com\\\/radioljubuski\",\"https:\\\/\\\/hr.linkedin.com\\\/company\\\/radio-ljubuski\",\"https:\\\/\\\/www.youtube.com\\\/channel\\\/UCHYaeO_n0Db3tjNGudGpXyw\"]},{\"@type\":\"Person\",\"@id\":\"https:\\\/\\\/radioljubuski.ba\\\/#\\\/schema\\\/person\\\/19fc700381a780f69665d7956c469e3b\",\"name\":\"Radio Ljubu\u0161ki\"}]}<\/script>\n<!-- \/ Yoast SEO plugin. -->","yoast_head_json":{"title":"Cvitanovi\u0107: Za SDA kontinuirano postoji jedna opcija pregovora \u2013 razvla\u010denje - RADIO LJUBU\u0160KI","robots":{"index":"index","follow":"follow","max-snippet":"max-snippet:-1","max-image-preview":"max-image-preview:large","max-video-preview":"max-video-preview:-1"},"canonical":"https:\/\/radioljubuski.ba\/index.php\/2021\/11\/06\/cvitanovic-za-sda-kontinuirano-postoji-jedna-opcija-pregovora-razvlacenje\/","og_locale":"hr_HR","og_type":"article","og_title":"Cvitanovi\u0107: Za SDA kontinuirano postoji jedna opcija pregovora \u2013 razvla\u010denje - RADIO LJUBU\u0160KI","og_description":"Konstitutivnost naroda i legitimno politi\u010dko predstavljanje temeljna su ustavna kategorija s kojom se ne mo\u017ee trgovati, tako glasi naslov priop\u0107enja HNS BiH koji je danas zasjedao. Gost Dana u\u017eivo N1 bio je Ilija Cvitanovi\u0107, \u010dlan Predsjedni\u0161tva HNS-a i predsjednik HDZ-a 1990, gdje je ponovio da nema brisanja nacionalnih imenica iz Ustava BiH. Otkrio je i [&hellip;]","og_url":"https:\/\/radioljubuski.ba\/index.php\/2021\/11\/06\/cvitanovic-za-sda-kontinuirano-postoji-jedna-opcija-pregovora-razvlacenje\/","og_site_name":"RADIO LJUBU\u0160KI","article_publisher":"https:\/\/www.facebook.com\/Radiio-Ljubuski-1490835324566332","article_published_time":"2021-11-05T23:43:21+00:00","og_image":[{"width":939,"height":529,"url":"https:\/\/radioljubuski.ba\/wp-content\/uploads\/2021\/08\/cvitanovic-n1.jpg","type":"image\/jpeg"}],"author":"Radio Ljubu\u0161ki","twitter_card":"summary_large_image","twitter_creator":"@radioljubuski","twitter_site":"@radioljubuski","twitter_misc":{"Napisao\/la":"Radio Ljubu\u0161ki","Procijenjeno vrijeme \u010ditanja":"3 minute"},"schema":{"@context":"https:\/\/schema.org","@graph":[{"@type":"Article","@id":"https:\/\/radioljubuski.ba\/index.php\/2021\/11\/06\/cvitanovic-za-sda-kontinuirano-postoji-jedna-opcija-pregovora-razvlacenje\/#article","isPartOf":{"@id":"https:\/\/radioljubuski.ba\/index.php\/2021\/11\/06\/cvitanovic-za-sda-kontinuirano-postoji-jedna-opcija-pregovora-razvlacenje\/"},"author":{"name":"Radio Ljubu\u0161ki","@id":"https:\/\/radioljubuski.ba\/#\/schema\/person\/19fc700381a780f69665d7956c469e3b"},"headline":"Cvitanovi\u0107: Za SDA kontinuirano postoji jedna opcija pregovora \u2013 razvla\u010denje","datePublished":"2021-11-05T23:43:21+00:00","mainEntityOfPage":{"@id":"https:\/\/radioljubuski.ba\/index.php\/2021\/11\/06\/cvitanovic-za-sda-kontinuirano-postoji-jedna-opcija-pregovora-razvlacenje\/"},"wordCount":526,"publisher":{"@id":"https:\/\/radioljubuski.ba\/#organization"},"image":{"@id":"https:\/\/radioljubuski.ba\/index.php\/2021\/11\/06\/cvitanovic-za-sda-kontinuirano-postoji-jedna-opcija-pregovora-razvlacenje\/#primaryimage"},"thumbnailUrl":"https:\/\/radioljubuski.ba\/wp-content\/uploads\/2021\/08\/cvitanovic-n1.jpg","articleSection":["BIH i regija"],"inLanguage":"hr"},{"@type":"WebPage","@id":"https:\/\/radioljubuski.ba\/index.php\/2021\/11\/06\/cvitanovic-za-sda-kontinuirano-postoji-jedna-opcija-pregovora-razvlacenje\/","url":"https:\/\/radioljubuski.ba\/index.php\/2021\/11\/06\/cvitanovic-za-sda-kontinuirano-postoji-jedna-opcija-pregovora-razvlacenje\/","name":"Cvitanovi\u0107: Za SDA kontinuirano postoji jedna opcija pregovora \u2013 razvla\u010denje - RADIO LJUBU\u0160KI","isPartOf":{"@id":"https:\/\/radioljubuski.ba\/#website"},"primaryImageOfPage":{"@id":"https:\/\/radioljubuski.ba\/index.php\/2021\/11\/06\/cvitanovic-za-sda-kontinuirano-postoji-jedna-opcija-pregovora-razvlacenje\/#primaryimage"},"image":{"@id":"https:\/\/radioljubuski.ba\/index.php\/2021\/11\/06\/cvitanovic-za-sda-kontinuirano-postoji-jedna-opcija-pregovora-razvlacenje\/#primaryimage"},"thumbnailUrl":"https:\/\/radioljubuski.ba\/wp-content\/uploads\/2021\/08\/cvitanovic-n1.jpg","datePublished":"2021-11-05T23:43:21+00:00","breadcrumb":{"@id":"https:\/\/radioljubuski.ba\/index.php\/2021\/11\/06\/cvitanovic-za-sda-kontinuirano-postoji-jedna-opcija-pregovora-razvlacenje\/#breadcrumb"},"inLanguage":"hr","potentialAction":[{"@type":"ReadAction","target":["https:\/\/radioljubuski.ba\/index.php\/2021\/11\/06\/cvitanovic-za-sda-kontinuirano-postoji-jedna-opcija-pregovora-razvlacenje\/"]}]},{"@type":"ImageObject","inLanguage":"hr","@id":"https:\/\/radioljubuski.ba\/index.php\/2021\/11\/06\/cvitanovic-za-sda-kontinuirano-postoji-jedna-opcija-pregovora-razvlacenje\/#primaryimage","url":"https:\/\/radioljubuski.ba\/wp-content\/uploads\/2021\/08\/cvitanovic-n1.jpg","contentUrl":"https:\/\/radioljubuski.ba\/wp-content\/uploads\/2021\/08\/cvitanovic-n1.jpg","width":939,"height":529},{"@type":"BreadcrumbList","@id":"https:\/\/radioljubuski.ba\/index.php\/2021\/11\/06\/cvitanovic-za-sda-kontinuirano-postoji-jedna-opcija-pregovora-razvlacenje\/#breadcrumb","itemListElement":[{"@type":"ListItem","position":1,"name":"Po\u010detna stranica","item":"https:\/\/radioljubuski.ba\/"},{"@type":"ListItem","position":2,"name":"Cvitanovi\u0107: Za SDA kontinuirano postoji jedna opcija pregovora \u2013 razvla\u010denje"}]},{"@type":"WebSite","@id":"https:\/\/radioljubuski.ba\/#website","url":"https:\/\/radioljubuski.ba\/","name":"Radio Ljubu\u0161ki","description":"Sun\u010dana frekvencija Hercegovine","publisher":{"@id":"https:\/\/radioljubuski.ba\/#organization"},"potentialAction":[{"@type":"SearchAction","target":{"@type":"EntryPoint","urlTemplate":"https:\/\/radioljubuski.ba\/?s={search_term_string}"},"query-input":{"@type":"PropertyValueSpecification","valueRequired":true,"valueName":"search_term_string"}}],"inLanguage":"hr"},{"@type":"Organization","@id":"https:\/\/radioljubuski.ba\/#organization","name":"Radio Ljubu\u0161ki","url":"https:\/\/radioljubuski.ba\/","logo":{"@type":"ImageObject","inLanguage":"hr","@id":"https:\/\/radioljubuski.ba\/#\/schema\/logo\/image\/","url":"https:\/\/radioljubuski.ba\/wp-content\/uploads\/2021\/02\/cropped-Radio_Ljubuski_logo1.jpg","contentUrl":"https:\/\/radioljubuski.ba\/wp-content\/uploads\/2021\/02\/cropped-Radio_Ljubuski_logo1.jpg","width":512,"height":512,"caption":"Radio Ljubu\u0161ki"},"image":{"@id":"https:\/\/radioljubuski.ba\/#\/schema\/logo\/image\/"},"sameAs":["https:\/\/www.facebook.com\/Radiio-Ljubuski-1490835324566332","https:\/\/x.com\/radioljubuski","https:\/\/hr.linkedin.com\/company\/radio-ljubuski","https:\/\/www.youtube.com\/channel\/UCHYaeO_n0Db3tjNGudGpXyw"]},{"@type":"Person","@id":"https:\/\/radioljubuski.ba\/#\/schema\/person\/19fc700381a780f69665d7956c469e3b","name":"Radio Ljubu\u0161ki"}]}},"_links":{"self":[{"href":"https:\/\/radioljubuski.ba\/index.php\/wp-json\/wp\/v2\/posts\/85645","targetHints":{"allow":["GET"]}}],"collection":[{"href":"https:\/\/radioljubuski.ba\/index.php\/wp-json\/wp\/v2\/posts"}],"about":[{"href":"https:\/\/radioljubuski.ba\/index.php\/wp-json\/wp\/v2\/types\/post"}],"author":[{"embeddable":true,"href":"https:\/\/radioljubuski.ba\/index.php\/wp-json\/wp\/v2\/users\/2"}],"replies":[{"embeddable":true,"href":"https:\/\/radioljubuski.ba\/index.php\/wp-json\/wp\/v2\/comments?post=85645"}],"version-history":[{"count":1,"href":"https:\/\/radioljubuski.ba\/index.php\/wp-json\/wp\/v2\/posts\/85645\/revisions"}],"predecessor-version":[{"id":85646,"href":"https:\/\/radioljubuski.ba\/index.php\/wp-json\/wp\/v2\/posts\/85645\/revisions\/85646"}],"wp:featuredmedia":[{"embeddable":true,"href":"https:\/\/radioljubuski.ba\/index.php\/wp-json\/wp\/v2\/media\/55513"}],"wp:attachment":[{"href":"https:\/\/radioljubuski.ba\/index.php\/wp-json\/wp\/v2\/media?parent=85645"}],"wp:term":[{"taxonomy":"category","embeddable":true,"href":"https:\/\/radioljubuski.ba\/index.php\/wp-json\/wp\/v2\/categories?post=85645"},{"taxonomy":"post_tag","embeddable":true,"href":"https:\/\/radioljubuski.ba\/index.php\/wp-json\/wp\/v2\/tags?post=85645"}],"curies":[{"name":"wp","href":"https:\/\/api.w.org\/{rel}","templated":true}]}}