{"id":85652,"date":"2021-11-06T00:47:55","date_gmt":"2021-11-05T23:47:55","guid":{"rendered":"https:\/\/radioljubuski.ba\/?p=85652"},"modified":"2021-11-06T00:47:56","modified_gmt":"2021-11-05T23:47:56","slug":"stize-serija-toma-temeljitije-ce-obuhvatiti-zivot-jugoslavenskog-boema","status":"publish","type":"post","link":"https:\/\/radioljubuski.ba\/index.php\/2021\/11\/06\/stize-serija-toma-temeljitije-ce-obuhvatiti-zivot-jugoslavenskog-boema\/","title":{"rendered":"Sti\u017ee serija Toma, temeljitije \u0107e obuhvatiti \u017eivot jugoslavenskog boema"},"content":{"rendered":"\n<p><strong>Nakon filma Toma&nbsp;uskoro \u0107e biti emitirana i istoimena serija.&nbsp;Scenarist i redatelj Zoran Lisinac za srpski Hello rekao&nbsp;je da \u0107e serija biti razli\u010dita od filma.<\/strong><\/p>\n\n\n\n<p>\u201cSerija ima osam epizoda, obuhva\u0107a sve Tomine \u017eene. Prati njegov \u017eivot mnogo temeljitije, 400 minuta materijala \u0107e biti u tome. Emitiranje \u0107e po\u010deti sredinom jeseni\u201d, ispri\u010dao je Zoran za srpske medije i osvrnuo se na film.<\/p>\n\n\n\n<p>\u201cKada&nbsp;smo po\u010deli promovirati film, skovao sam frazu da je ovo \u2018impresionisti\u010dki portret Tome Zdravkovi\u0107a\u2019. Kao pisac i redatelj ovog filma mogu re\u0107i da je to jedna fotografija \u017eivota. Nazire se ideja koju smo mi imali i ti\u010de se Tome. Samim tim, morali smo napraviti film koji funkcionira po dramskim zapletima\u201d, dodao je.<\/p>\n\n\n\n<p>\u201cU isto vrijeme ispo\u0161tovali smo odgovornost u \u017eivotu \u010dovjeka koji je imao obitelj i ljude koji su ga poznavali. Pa\u017eljivo smo pri\u010dali sa Tominim bratom, rodbinom, ali u nekim dijelovima morali smo biti filma\u0161i. Toma je volio filmove i mislim da bi mu se ovaj projekt svidio, smijao bi se i sam cijelom filmu\u201d, objasnio je redatelj.<\/p>\n\n\n\n<p>Ina\u010de, film Toma&nbsp;sru\u0161io je rekord star deset godina i postao&nbsp;srpski film s najboljim otvaranjem u povijesti Hrvatske. Rekord je do sada dr\u017eala komedija Parada iz 2011. godine.&nbsp;Film je i u Srbiji oborio sve rekorde gledanosti, pi\u0161e Index.hr.<\/p>\n\n\n\n<p>Podsjetimo, rije\u010d je o biografskom filmu o Tomi Zdravkovi\u0107u. Bjelogrli\u0107 je prikazao po\u010detke karijere legendarnog pjeva\u010da, kao i vrhunac njegove slave, ali i dno&nbsp;koje je u to vrijeme dosegnuo u privatnom \u017eivotu.<\/p>\n\n\n\n<p>Tomu Zdravkovi\u0107a je utjelovio mladi srpski glumac Milan Mari\u0107.<\/p>\n\n\n\n<p>\/HMS\/<\/p>\n","protected":false},"excerpt":{"rendered":"<p>Nakon filma Toma&nbsp;uskoro \u0107e biti emitirana i istoimena serija.&nbsp;Scenarist i redatelj Zoran Lisinac za srpski Hello rekao&nbsp;je da \u0107e serija biti razli\u010dita od filma. \u201cSerija ima osam epizoda, obuhva\u0107a sve Tomine \u017eene. Prati njegov \u017eivot mnogo temeljitije, 400 minuta materijala \u0107e biti u tome. Emitiranje \u0107e po\u010deti sredinom jeseni\u201d, ispri\u010dao je Zoran za srpske medije [&hellip;]<\/p>\n","protected":false},"author":2,"featured_media":85653,"comment_status":"closed","ping_status":"closed","sticky":false,"template":"","format":"standard","meta":{"h5ap_radio_sources":[],"footnotes":""},"categories":[1],"tags":[],"class_list":["post-85652","post","type-post","status-publish","format-standard","has-post-thumbnail","hentry","category-bihiregija"],"yoast_head":"<!-- This site is optimized with the Yoast SEO plugin v27.5 - https:\/\/yoast.com\/product\/yoast-seo-wordpress\/ -->\n<title>Sti\u017ee serija Toma, temeljitije \u0107e obuhvatiti \u017eivot jugoslavenskog boema - RADIO LJUBU\u0160KI<\/title>\n<meta name=\"robots\" content=\"index, follow, max-snippet:-1, max-image-preview:large, max-video-preview:-1\" \/>\n<link rel=\"canonical\" href=\"https:\/\/radioljubuski.ba\/index.php\/2021\/11\/06\/stize-serija-toma-temeljitije-ce-obuhvatiti-zivot-jugoslavenskog-boema\/\" \/>\n<meta property=\"og:locale\" content=\"hr_HR\" \/>\n<meta property=\"og:type\" content=\"article\" \/>\n<meta property=\"og:title\" content=\"Sti\u017ee serija Toma, temeljitije \u0107e obuhvatiti \u017eivot jugoslavenskog boema - RADIO LJUBU\u0160KI\" \/>\n<meta property=\"og:description\" content=\"Nakon filma Toma&nbsp;uskoro \u0107e biti emitirana i istoimena serija.&nbsp;Scenarist i redatelj Zoran Lisinac za srpski Hello rekao&nbsp;je da \u0107e serija biti razli\u010dita od filma. \u201cSerija ima osam epizoda, obuhva\u0107a sve Tomine \u017eene. Prati njegov \u017eivot mnogo temeljitije, 400 minuta materijala \u0107e biti u tome. Emitiranje \u0107e po\u010deti sredinom jeseni\u201d, ispri\u010dao je Zoran za srpske medije [&hellip;]\" \/>\n<meta property=\"og:url\" content=\"https:\/\/radioljubuski.ba\/index.php\/2021\/11\/06\/stize-serija-toma-temeljitije-ce-obuhvatiti-zivot-jugoslavenskog-boema\/\" \/>\n<meta property=\"og:site_name\" content=\"RADIO LJUBU\u0160KI\" \/>\n<meta property=\"article:publisher\" content=\"https:\/\/www.facebook.com\/Radiio-Ljubuski-1490835324566332\" \/>\n<meta property=\"article:published_time\" content=\"2021-11-05T23:47:55+00:00\" \/>\n<meta property=\"article:modified_time\" content=\"2021-11-05T23:47:56+00:00\" \/>\n<meta property=\"og:image\" content=\"https:\/\/radioljubuski.ba\/wp-content\/uploads\/2021\/11\/88cf2971-2759-4662-a805-ddc5d1756b9c.jpg\" \/>\n\t<meta property=\"og:image:width\" content=\"765\" \/>\n\t<meta property=\"og:image:height\" content=\"402\" \/>\n\t<meta property=\"og:image:type\" content=\"image\/jpeg\" \/>\n<meta name=\"author\" content=\"Radio Ljubu\u0161ki\" \/>\n<meta name=\"twitter:card\" content=\"summary_large_image\" \/>\n<meta name=\"twitter:creator\" content=\"@radioljubuski\" \/>\n<meta name=\"twitter:site\" content=\"@radioljubuski\" \/>\n<meta name=\"twitter:label1\" content=\"Napisao\/la\" \/>\n\t<meta name=\"twitter:data1\" content=\"Radio Ljubu\u0161ki\" \/>\n\t<meta name=\"twitter:label2\" content=\"Procijenjeno vrijeme \u010ditanja\" \/>\n\t<meta name=\"twitter:data2\" content=\"2 minute\" \/>\n<script type=\"application\/ld+json\" class=\"yoast-schema-graph\">{\"@context\":\"https:\\\/\\\/schema.org\",\"@graph\":[{\"@type\":\"Article\",\"@id\":\"https:\\\/\\\/radioljubuski.ba\\\/index.php\\\/2021\\\/11\\\/06\\\/stize-serija-toma-temeljitije-ce-obuhvatiti-zivot-jugoslavenskog-boema\\\/#article\",\"isPartOf\":{\"@id\":\"https:\\\/\\\/radioljubuski.ba\\\/index.php\\\/2021\\\/11\\\/06\\\/stize-serija-toma-temeljitije-ce-obuhvatiti-zivot-jugoslavenskog-boema\\\/\"},\"author\":{\"name\":\"Radio Ljubu\u0161ki\",\"@id\":\"https:\\\/\\\/radioljubuski.ba\\\/#\\\/schema\\\/person\\\/19fc700381a780f69665d7956c469e3b\"},\"headline\":\"Sti\u017ee serija Toma, temeljitije \u0107e obuhvatiti \u017eivot jugoslavenskog boema\",\"datePublished\":\"2021-11-05T23:47:55+00:00\",\"dateModified\":\"2021-11-05T23:47:56+00:00\",\"mainEntityOfPage\":{\"@id\":\"https:\\\/\\\/radioljubuski.ba\\\/index.php\\\/2021\\\/11\\\/06\\\/stize-serija-toma-temeljitije-ce-obuhvatiti-zivot-jugoslavenskog-boema\\\/\"},\"wordCount\":294,\"publisher\":{\"@id\":\"https:\\\/\\\/radioljubuski.ba\\\/#organization\"},\"image\":{\"@id\":\"https:\\\/\\\/radioljubuski.ba\\\/index.php\\\/2021\\\/11\\\/06\\\/stize-serija-toma-temeljitije-ce-obuhvatiti-zivot-jugoslavenskog-boema\\\/#primaryimage\"},\"thumbnailUrl\":\"https:\\\/\\\/radioljubuski.ba\\\/wp-content\\\/uploads\\\/2021\\\/11\\\/88cf2971-2759-4662-a805-ddc5d1756b9c.jpg\",\"articleSection\":[\"BIH i regija\"],\"inLanguage\":\"hr\"},{\"@type\":\"WebPage\",\"@id\":\"https:\\\/\\\/radioljubuski.ba\\\/index.php\\\/2021\\\/11\\\/06\\\/stize-serija-toma-temeljitije-ce-obuhvatiti-zivot-jugoslavenskog-boema\\\/\",\"url\":\"https:\\\/\\\/radioljubuski.ba\\\/index.php\\\/2021\\\/11\\\/06\\\/stize-serija-toma-temeljitije-ce-obuhvatiti-zivot-jugoslavenskog-boema\\\/\",\"name\":\"Sti\u017ee serija Toma, temeljitije \u0107e obuhvatiti \u017eivot jugoslavenskog boema - RADIO LJUBU\u0160KI\",\"isPartOf\":{\"@id\":\"https:\\\/\\\/radioljubuski.ba\\\/#website\"},\"primaryImageOfPage\":{\"@id\":\"https:\\\/\\\/radioljubuski.ba\\\/index.php\\\/2021\\\/11\\\/06\\\/stize-serija-toma-temeljitije-ce-obuhvatiti-zivot-jugoslavenskog-boema\\\/#primaryimage\"},\"image\":{\"@id\":\"https:\\\/\\\/radioljubuski.ba\\\/index.php\\\/2021\\\/11\\\/06\\\/stize-serija-toma-temeljitije-ce-obuhvatiti-zivot-jugoslavenskog-boema\\\/#primaryimage\"},\"thumbnailUrl\":\"https:\\\/\\\/radioljubuski.ba\\\/wp-content\\\/uploads\\\/2021\\\/11\\\/88cf2971-2759-4662-a805-ddc5d1756b9c.jpg\",\"datePublished\":\"2021-11-05T23:47:55+00:00\",\"dateModified\":\"2021-11-05T23:47:56+00:00\",\"breadcrumb\":{\"@id\":\"https:\\\/\\\/radioljubuski.ba\\\/index.php\\\/2021\\\/11\\\/06\\\/stize-serija-toma-temeljitije-ce-obuhvatiti-zivot-jugoslavenskog-boema\\\/#breadcrumb\"},\"inLanguage\":\"hr\",\"potentialAction\":[{\"@type\":\"ReadAction\",\"target\":[\"https:\\\/\\\/radioljubuski.ba\\\/index.php\\\/2021\\\/11\\\/06\\\/stize-serija-toma-temeljitije-ce-obuhvatiti-zivot-jugoslavenskog-boema\\\/\"]}]},{\"@type\":\"ImageObject\",\"inLanguage\":\"hr\",\"@id\":\"https:\\\/\\\/radioljubuski.ba\\\/index.php\\\/2021\\\/11\\\/06\\\/stize-serija-toma-temeljitije-ce-obuhvatiti-zivot-jugoslavenskog-boema\\\/#primaryimage\",\"url\":\"https:\\\/\\\/radioljubuski.ba\\\/wp-content\\\/uploads\\\/2021\\\/11\\\/88cf2971-2759-4662-a805-ddc5d1756b9c.jpg\",\"contentUrl\":\"https:\\\/\\\/radioljubuski.ba\\\/wp-content\\\/uploads\\\/2021\\\/11\\\/88cf2971-2759-4662-a805-ddc5d1756b9c.jpg\",\"width\":765,\"height\":402},{\"@type\":\"BreadcrumbList\",\"@id\":\"https:\\\/\\\/radioljubuski.ba\\\/index.php\\\/2021\\\/11\\\/06\\\/stize-serija-toma-temeljitije-ce-obuhvatiti-zivot-jugoslavenskog-boema\\\/#breadcrumb\",\"itemListElement\":[{\"@type\":\"ListItem\",\"position\":1,\"name\":\"Po\u010detna stranica\",\"item\":\"https:\\\/\\\/radioljubuski.ba\\\/\"},{\"@type\":\"ListItem\",\"position\":2,\"name\":\"Sti\u017ee serija Toma, temeljitije \u0107e obuhvatiti \u017eivot jugoslavenskog boema\"}]},{\"@type\":\"WebSite\",\"@id\":\"https:\\\/\\\/radioljubuski.ba\\\/#website\",\"url\":\"https:\\\/\\\/radioljubuski.ba\\\/\",\"name\":\"Radio Ljubu\u0161ki\",\"description\":\"Sun\u010dana frekvencija Hercegovine\",\"publisher\":{\"@id\":\"https:\\\/\\\/radioljubuski.ba\\\/#organization\"},\"potentialAction\":[{\"@type\":\"SearchAction\",\"target\":{\"@type\":\"EntryPoint\",\"urlTemplate\":\"https:\\\/\\\/radioljubuski.ba\\\/?s={search_term_string}\"},\"query-input\":{\"@type\":\"PropertyValueSpecification\",\"valueRequired\":true,\"valueName\":\"search_term_string\"}}],\"inLanguage\":\"hr\"},{\"@type\":\"Organization\",\"@id\":\"https:\\\/\\\/radioljubuski.ba\\\/#organization\",\"name\":\"Radio Ljubu\u0161ki\",\"url\":\"https:\\\/\\\/radioljubuski.ba\\\/\",\"logo\":{\"@type\":\"ImageObject\",\"inLanguage\":\"hr\",\"@id\":\"https:\\\/\\\/radioljubuski.ba\\\/#\\\/schema\\\/logo\\\/image\\\/\",\"url\":\"https:\\\/\\\/radioljubuski.ba\\\/wp-content\\\/uploads\\\/2021\\\/02\\\/cropped-Radio_Ljubuski_logo1.jpg\",\"contentUrl\":\"https:\\\/\\\/radioljubuski.ba\\\/wp-content\\\/uploads\\\/2021\\\/02\\\/cropped-Radio_Ljubuski_logo1.jpg\",\"width\":512,\"height\":512,\"caption\":\"Radio Ljubu\u0161ki\"},\"image\":{\"@id\":\"https:\\\/\\\/radioljubuski.ba\\\/#\\\/schema\\\/logo\\\/image\\\/\"},\"sameAs\":[\"https:\\\/\\\/www.facebook.com\\\/Radiio-Ljubuski-1490835324566332\",\"https:\\\/\\\/x.com\\\/radioljubuski\",\"https:\\\/\\\/hr.linkedin.com\\\/company\\\/radio-ljubuski\",\"https:\\\/\\\/www.youtube.com\\\/channel\\\/UCHYaeO_n0Db3tjNGudGpXyw\"]},{\"@type\":\"Person\",\"@id\":\"https:\\\/\\\/radioljubuski.ba\\\/#\\\/schema\\\/person\\\/19fc700381a780f69665d7956c469e3b\",\"name\":\"Radio Ljubu\u0161ki\"}]}<\/script>\n<!-- \/ Yoast SEO plugin. -->","yoast_head_json":{"title":"Sti\u017ee serija Toma, temeljitije \u0107e obuhvatiti \u017eivot jugoslavenskog boema - RADIO LJUBU\u0160KI","robots":{"index":"index","follow":"follow","max-snippet":"max-snippet:-1","max-image-preview":"max-image-preview:large","max-video-preview":"max-video-preview:-1"},"canonical":"https:\/\/radioljubuski.ba\/index.php\/2021\/11\/06\/stize-serija-toma-temeljitije-ce-obuhvatiti-zivot-jugoslavenskog-boema\/","og_locale":"hr_HR","og_type":"article","og_title":"Sti\u017ee serija Toma, temeljitije \u0107e obuhvatiti \u017eivot jugoslavenskog boema - RADIO LJUBU\u0160KI","og_description":"Nakon filma Toma&nbsp;uskoro \u0107e biti emitirana i istoimena serija.&nbsp;Scenarist i redatelj Zoran Lisinac za srpski Hello rekao&nbsp;je da \u0107e serija biti razli\u010dita od filma. \u201cSerija ima osam epizoda, obuhva\u0107a sve Tomine \u017eene. Prati njegov \u017eivot mnogo temeljitije, 400 minuta materijala \u0107e biti u tome. Emitiranje \u0107e po\u010deti sredinom jeseni\u201d, ispri\u010dao je Zoran za srpske medije [&hellip;]","og_url":"https:\/\/radioljubuski.ba\/index.php\/2021\/11\/06\/stize-serija-toma-temeljitije-ce-obuhvatiti-zivot-jugoslavenskog-boema\/","og_site_name":"RADIO LJUBU\u0160KI","article_publisher":"https:\/\/www.facebook.com\/Radiio-Ljubuski-1490835324566332","article_published_time":"2021-11-05T23:47:55+00:00","article_modified_time":"2021-11-05T23:47:56+00:00","og_image":[{"width":765,"height":402,"url":"https:\/\/radioljubuski.ba\/wp-content\/uploads\/2021\/11\/88cf2971-2759-4662-a805-ddc5d1756b9c.jpg","type":"image\/jpeg"}],"author":"Radio Ljubu\u0161ki","twitter_card":"summary_large_image","twitter_creator":"@radioljubuski","twitter_site":"@radioljubuski","twitter_misc":{"Napisao\/la":"Radio Ljubu\u0161ki","Procijenjeno vrijeme \u010ditanja":"2 minute"},"schema":{"@context":"https:\/\/schema.org","@graph":[{"@type":"Article","@id":"https:\/\/radioljubuski.ba\/index.php\/2021\/11\/06\/stize-serija-toma-temeljitije-ce-obuhvatiti-zivot-jugoslavenskog-boema\/#article","isPartOf":{"@id":"https:\/\/radioljubuski.ba\/index.php\/2021\/11\/06\/stize-serija-toma-temeljitije-ce-obuhvatiti-zivot-jugoslavenskog-boema\/"},"author":{"name":"Radio Ljubu\u0161ki","@id":"https:\/\/radioljubuski.ba\/#\/schema\/person\/19fc700381a780f69665d7956c469e3b"},"headline":"Sti\u017ee serija Toma, temeljitije \u0107e obuhvatiti \u017eivot jugoslavenskog boema","datePublished":"2021-11-05T23:47:55+00:00","dateModified":"2021-11-05T23:47:56+00:00","mainEntityOfPage":{"@id":"https:\/\/radioljubuski.ba\/index.php\/2021\/11\/06\/stize-serija-toma-temeljitije-ce-obuhvatiti-zivot-jugoslavenskog-boema\/"},"wordCount":294,"publisher":{"@id":"https:\/\/radioljubuski.ba\/#organization"},"image":{"@id":"https:\/\/radioljubuski.ba\/index.php\/2021\/11\/06\/stize-serija-toma-temeljitije-ce-obuhvatiti-zivot-jugoslavenskog-boema\/#primaryimage"},"thumbnailUrl":"https:\/\/radioljubuski.ba\/wp-content\/uploads\/2021\/11\/88cf2971-2759-4662-a805-ddc5d1756b9c.jpg","articleSection":["BIH i regija"],"inLanguage":"hr"},{"@type":"WebPage","@id":"https:\/\/radioljubuski.ba\/index.php\/2021\/11\/06\/stize-serija-toma-temeljitije-ce-obuhvatiti-zivot-jugoslavenskog-boema\/","url":"https:\/\/radioljubuski.ba\/index.php\/2021\/11\/06\/stize-serija-toma-temeljitije-ce-obuhvatiti-zivot-jugoslavenskog-boema\/","name":"Sti\u017ee serija Toma, temeljitije \u0107e obuhvatiti \u017eivot jugoslavenskog boema - RADIO LJUBU\u0160KI","isPartOf":{"@id":"https:\/\/radioljubuski.ba\/#website"},"primaryImageOfPage":{"@id":"https:\/\/radioljubuski.ba\/index.php\/2021\/11\/06\/stize-serija-toma-temeljitije-ce-obuhvatiti-zivot-jugoslavenskog-boema\/#primaryimage"},"image":{"@id":"https:\/\/radioljubuski.ba\/index.php\/2021\/11\/06\/stize-serija-toma-temeljitije-ce-obuhvatiti-zivot-jugoslavenskog-boema\/#primaryimage"},"thumbnailUrl":"https:\/\/radioljubuski.ba\/wp-content\/uploads\/2021\/11\/88cf2971-2759-4662-a805-ddc5d1756b9c.jpg","datePublished":"2021-11-05T23:47:55+00:00","dateModified":"2021-11-05T23:47:56+00:00","breadcrumb":{"@id":"https:\/\/radioljubuski.ba\/index.php\/2021\/11\/06\/stize-serija-toma-temeljitije-ce-obuhvatiti-zivot-jugoslavenskog-boema\/#breadcrumb"},"inLanguage":"hr","potentialAction":[{"@type":"ReadAction","target":["https:\/\/radioljubuski.ba\/index.php\/2021\/11\/06\/stize-serija-toma-temeljitije-ce-obuhvatiti-zivot-jugoslavenskog-boema\/"]}]},{"@type":"ImageObject","inLanguage":"hr","@id":"https:\/\/radioljubuski.ba\/index.php\/2021\/11\/06\/stize-serija-toma-temeljitije-ce-obuhvatiti-zivot-jugoslavenskog-boema\/#primaryimage","url":"https:\/\/radioljubuski.ba\/wp-content\/uploads\/2021\/11\/88cf2971-2759-4662-a805-ddc5d1756b9c.jpg","contentUrl":"https:\/\/radioljubuski.ba\/wp-content\/uploads\/2021\/11\/88cf2971-2759-4662-a805-ddc5d1756b9c.jpg","width":765,"height":402},{"@type":"BreadcrumbList","@id":"https:\/\/radioljubuski.ba\/index.php\/2021\/11\/06\/stize-serija-toma-temeljitije-ce-obuhvatiti-zivot-jugoslavenskog-boema\/#breadcrumb","itemListElement":[{"@type":"ListItem","position":1,"name":"Po\u010detna stranica","item":"https:\/\/radioljubuski.ba\/"},{"@type":"ListItem","position":2,"name":"Sti\u017ee serija Toma, temeljitije \u0107e obuhvatiti \u017eivot jugoslavenskog boema"}]},{"@type":"WebSite","@id":"https:\/\/radioljubuski.ba\/#website","url":"https:\/\/radioljubuski.ba\/","name":"Radio Ljubu\u0161ki","description":"Sun\u010dana frekvencija Hercegovine","publisher":{"@id":"https:\/\/radioljubuski.ba\/#organization"},"potentialAction":[{"@type":"SearchAction","target":{"@type":"EntryPoint","urlTemplate":"https:\/\/radioljubuski.ba\/?s={search_term_string}"},"query-input":{"@type":"PropertyValueSpecification","valueRequired":true,"valueName":"search_term_string"}}],"inLanguage":"hr"},{"@type":"Organization","@id":"https:\/\/radioljubuski.ba\/#organization","name":"Radio Ljubu\u0161ki","url":"https:\/\/radioljubuski.ba\/","logo":{"@type":"ImageObject","inLanguage":"hr","@id":"https:\/\/radioljubuski.ba\/#\/schema\/logo\/image\/","url":"https:\/\/radioljubuski.ba\/wp-content\/uploads\/2021\/02\/cropped-Radio_Ljubuski_logo1.jpg","contentUrl":"https:\/\/radioljubuski.ba\/wp-content\/uploads\/2021\/02\/cropped-Radio_Ljubuski_logo1.jpg","width":512,"height":512,"caption":"Radio Ljubu\u0161ki"},"image":{"@id":"https:\/\/radioljubuski.ba\/#\/schema\/logo\/image\/"},"sameAs":["https:\/\/www.facebook.com\/Radiio-Ljubuski-1490835324566332","https:\/\/x.com\/radioljubuski","https:\/\/hr.linkedin.com\/company\/radio-ljubuski","https:\/\/www.youtube.com\/channel\/UCHYaeO_n0Db3tjNGudGpXyw"]},{"@type":"Person","@id":"https:\/\/radioljubuski.ba\/#\/schema\/person\/19fc700381a780f69665d7956c469e3b","name":"Radio Ljubu\u0161ki"}]}},"_links":{"self":[{"href":"https:\/\/radioljubuski.ba\/index.php\/wp-json\/wp\/v2\/posts\/85652","targetHints":{"allow":["GET"]}}],"collection":[{"href":"https:\/\/radioljubuski.ba\/index.php\/wp-json\/wp\/v2\/posts"}],"about":[{"href":"https:\/\/radioljubuski.ba\/index.php\/wp-json\/wp\/v2\/types\/post"}],"author":[{"embeddable":true,"href":"https:\/\/radioljubuski.ba\/index.php\/wp-json\/wp\/v2\/users\/2"}],"replies":[{"embeddable":true,"href":"https:\/\/radioljubuski.ba\/index.php\/wp-json\/wp\/v2\/comments?post=85652"}],"version-history":[{"count":1,"href":"https:\/\/radioljubuski.ba\/index.php\/wp-json\/wp\/v2\/posts\/85652\/revisions"}],"predecessor-version":[{"id":85654,"href":"https:\/\/radioljubuski.ba\/index.php\/wp-json\/wp\/v2\/posts\/85652\/revisions\/85654"}],"wp:featuredmedia":[{"embeddable":true,"href":"https:\/\/radioljubuski.ba\/index.php\/wp-json\/wp\/v2\/media\/85653"}],"wp:attachment":[{"href":"https:\/\/radioljubuski.ba\/index.php\/wp-json\/wp\/v2\/media?parent=85652"}],"wp:term":[{"taxonomy":"category","embeddable":true,"href":"https:\/\/radioljubuski.ba\/index.php\/wp-json\/wp\/v2\/categories?post=85652"},{"taxonomy":"post_tag","embeddable":true,"href":"https:\/\/radioljubuski.ba\/index.php\/wp-json\/wp\/v2\/tags?post=85652"}],"curies":[{"name":"wp","href":"https:\/\/api.w.org\/{rel}","templated":true}]}}