{"id":85655,"date":"2021-11-06T00:49:54","date_gmt":"2021-11-05T23:49:54","guid":{"rendered":"https:\/\/radioljubuski.ba\/?p=85655"},"modified":"2021-11-06T00:49:55","modified_gmt":"2021-11-05T23:49:55","slug":"sve-sto-trebate-znati-o-gastritisu","status":"publish","type":"post","link":"https:\/\/radioljubuski.ba\/index.php\/2021\/11\/06\/sve-sto-trebate-znati-o-gastritisu\/","title":{"rendered":"Sve \u0161to trebate znati o gastritisu"},"content":{"rendered":"\n<p><strong>Gastritis je upala, iritacija ili erozija \u017eelu\u010dane sluznice. Mo\u017ee se dogoditi iznenada (akutno) ili postupno (kroni\u010dno).<\/strong><\/p>\n\n\n\n<h2 class=\"wp-block-heading\">Uzrok gastritisa<\/h2>\n\n\n\n<p>Gastritis mo\u017ee biti uzrokovan prekomjernom upotrebom alkohola, kroni\u010dnim povra\u0107anjem, stresom ili upotrebom odre\u0111enih lijekova kao \u0161to su aspirin ili drugi protuupalni lijekovi, pi\u0161e Centarzdravlja.hr.<\/p>\n\n\n\n<p>Tako\u0111er mo\u017ee biti uzrokovan sljede\u0107im \u010dimbenicima:<\/p>\n\n\n\n<ul class=\"wp-block-list\"><li><strong>Helicobacter pylori (H. pylori):<\/strong>&nbsp;bakterija koja \u017eivi u mukoznoj podlozi \u017eeluca. Bez lije\u010denja, infekcija mo\u017ee dovesti do ulkusa (\u010dira) ili raka \u017eeluca.<\/li><li><strong>Refluks \u017eelu\u010dane kiseline:<\/strong>&nbsp;povrat \u017eelu\u010dane kiseline (GERB) mo\u017ee izazvati i iritacije i upale grla ili jednjaka.<\/li><li><strong>Infekcije uzrokovane bakterijama i virusima.<\/strong><\/li><\/ul>\n\n\n\n<p>Ako se gastritis ne lije\u010di, mo\u017ee dovesti do ozbiljnog gubitka krvi i mo\u017ee pove\u0107ati rizik od razvoja raka \u017eeluca.<\/p>\n\n\n\n<h2 class=\"wp-block-heading\">Simptomi gastritisa<\/h2>\n\n\n\n<p>Simptomi gastritisa variraju od osobe do osobe a, u mnogim slu\u010dajevima, mogu u potpunosti izostati.<\/p>\n\n\n\n<p>Naj\u010de\u0161\u0107i simptomi uklju\u010duju:<\/p>\n\n\n\n<ul class=\"wp-block-list\"><li>mu\u010dninu ili nemirna crijeva,<\/li><li>nadutost,<\/li><li>bol u trbuhu,<\/li><li>povra\u0107anje,<\/li><li>neredovitu probavu,<\/li><li>osje\u0107aj pe\u010denja u \u017eelucu izme\u0111u obroka ili no\u0107u,<\/li><li>\u0161tucanje,<\/li><li>gubitak apetita,<\/li><li>povra\u0107anje krvi ili sadr\u017eaja nalik kavi,<\/li><li>crnu stolicu<\/li><\/ul>\n\n\n\n<h2 class=\"wp-block-heading\">Dijagnoza gastritisa<\/h2>\n\n\n\n<p>Kako bi dijagnosticirao gastritis, lije\u010dnik mora pregledati va\u0161u i obiteljsku povijest bolesti, obaviti fizi\u010dki pregled i preporu\u010diti neku od sljede\u0107ih pretraga:<\/p>\n\n\n\n<p><strong>Gornja endoskopija ili gastroskopija koja uklju\u010duje detaljan pregled \u017eeluca<\/strong><\/p>\n\n\n\n<p>Tijekom pregleda, pacijent le\u017ei na boku. Lije\u010dnik kroz grlo pacijenta provla\u010di tanku, savitljivu i glatku opti\u010dku cijev sve do \u017eeluca i po\u010detnog dijela tankog crijeva i dvanaesnika. Na taj na\u010din provjerava stanje \u017eeluca i mo\u017ee izvr\u0161iti biopsiju.<\/p>\n\n\n\n<p><strong>Testiranje putem krvi<\/strong><\/p>\n\n\n\n<p>Lije\u010dnik putem krvi mo\u017ee obaviti razne krvne pretrage, kao \u0161to je provjera broja crvenih krvnih stanica ne bi li utvrdio imate li anemiju. Ovako testiranje mo\u017ee otkriti i prisutnost bakterije Helicobacter Pylori i pernicioznu anemiju.<\/p>\n\n\n\n<p><strong>Test na okultno krvarenje (test stolice)<\/strong><\/p>\n\n\n\n<p>Ovim testom lije\u010dnik provjerava prisutnost krvi u stolici, \u0161to je mogu\u0107i znak gastritisa.<\/p>\n\n\n\n<h2 class=\"wp-block-heading\">Lije\u010denje gastritisa<\/h2>\n\n\n\n<p>Lije\u010denje gastritisa obi\u010dno uklju\u010duje:<\/p>\n\n\n\n<ul class=\"wp-block-list\"><li>uzimanje antacida i drugih lijekova za suzbijanje \u017eelu\u010dane kiseline,<\/li><li>izbjegavanje vru\u0107e (ili prehladne) i za\u010dinjene hrane.<\/li><\/ul>\n\n\n\n<p>Za gastritis uzrokovan H. Pylori infekcijom, lije\u010dnik \u0107e propisati antibiotike i lijekove za suzbijanje \u017egaravice.<\/p>\n\n\n\n<p>Ako je gastritis uzrokovan pernicioznom anemijom, lije\u010dnik uglavnom propisuje vitamin B12.<\/p>\n\n\n\n<p>U slu\u010daju gastritisa, iz redovite prehrane je potrebno izbaciti mlije\u010dne proizvode koji sadr\u017ee laktozu ili p\u0161eni\u010dne proizvode koji sadr\u017ee gluten.<\/p>\n\n\n\n<p>Jednom kad nestane temeljni problem, obi\u010dno nestane i gastritis.<\/p>\n\n\n\n<p>Gastritis se uspje\u0161no i brzo lije\u010di, stoga nema razloga za odugovla\u010denje jer biste tako mogli zakomplicirati stanje. Prije uzimanja ili prekida terapije svakako se posavjetujte s lije\u010dnikom.<\/p>\n\n\n\n<p>\/HMS\/<\/p>\n","protected":false},"excerpt":{"rendered":"<p>Gastritis je upala, iritacija ili erozija \u017eelu\u010dane sluznice. Mo\u017ee se dogoditi iznenada (akutno) ili postupno (kroni\u010dno). Uzrok gastritisa Gastritis mo\u017ee biti uzrokovan prekomjernom upotrebom alkohola, kroni\u010dnim povra\u0107anjem, stresom ili upotrebom odre\u0111enih lijekova kao \u0161to su aspirin ili drugi protuupalni lijekovi, pi\u0161e Centarzdravlja.hr. Tako\u0111er mo\u017ee biti uzrokovan sljede\u0107im \u010dimbenicima: Helicobacter pylori (H. pylori):&nbsp;bakterija koja \u017eivi u [&hellip;]<\/p>\n","protected":false},"author":2,"featured_media":85656,"comment_status":"closed","ping_status":"closed","sticky":false,"template":"","format":"standard","meta":{"h5ap_radio_sources":[],"footnotes":""},"categories":[1],"tags":[],"class_list":["post-85655","post","type-post","status-publish","format-standard","has-post-thumbnail","hentry","category-bihiregija"],"yoast_head":"<!-- This site is optimized with the Yoast SEO plugin v27.5 - https:\/\/yoast.com\/product\/yoast-seo-wordpress\/ -->\n<title>Sve \u0161to trebate znati o gastritisu - RADIO LJUBU\u0160KI<\/title>\n<meta name=\"robots\" content=\"index, follow, max-snippet:-1, max-image-preview:large, max-video-preview:-1\" \/>\n<link rel=\"canonical\" href=\"https:\/\/radioljubuski.ba\/index.php\/2021\/11\/06\/sve-sto-trebate-znati-o-gastritisu\/\" \/>\n<meta property=\"og:locale\" content=\"hr_HR\" \/>\n<meta property=\"og:type\" content=\"article\" \/>\n<meta property=\"og:title\" content=\"Sve \u0161to trebate znati o gastritisu - RADIO LJUBU\u0160KI\" \/>\n<meta property=\"og:description\" content=\"Gastritis je upala, iritacija ili erozija \u017eelu\u010dane sluznice. Mo\u017ee se dogoditi iznenada (akutno) ili postupno (kroni\u010dno). Uzrok gastritisa Gastritis mo\u017ee biti uzrokovan prekomjernom upotrebom alkohola, kroni\u010dnim povra\u0107anjem, stresom ili upotrebom odre\u0111enih lijekova kao \u0161to su aspirin ili drugi protuupalni lijekovi, pi\u0161e Centarzdravlja.hr. Tako\u0111er mo\u017ee biti uzrokovan sljede\u0107im \u010dimbenicima: Helicobacter pylori (H. pylori):&nbsp;bakterija koja \u017eivi u [&hellip;]\" \/>\n<meta property=\"og:url\" content=\"https:\/\/radioljubuski.ba\/index.php\/2021\/11\/06\/sve-sto-trebate-znati-o-gastritisu\/\" \/>\n<meta property=\"og:site_name\" content=\"RADIO LJUBU\u0160KI\" \/>\n<meta property=\"article:publisher\" content=\"https:\/\/www.facebook.com\/Radiio-Ljubuski-1490835324566332\" \/>\n<meta property=\"article:published_time\" content=\"2021-11-05T23:49:54+00:00\" \/>\n<meta property=\"article:modified_time\" content=\"2021-11-05T23:49:55+00:00\" \/>\n<meta property=\"og:image\" content=\"https:\/\/radioljubuski.ba\/wp-content\/uploads\/2021\/11\/gastritis-1.875x480.jpg\" \/>\n\t<meta property=\"og:image:width\" content=\"875\" \/>\n\t<meta property=\"og:image:height\" content=\"480\" \/>\n\t<meta property=\"og:image:type\" content=\"image\/jpeg\" \/>\n<meta name=\"author\" content=\"Radio Ljubu\u0161ki\" \/>\n<meta name=\"twitter:card\" content=\"summary_large_image\" \/>\n<meta name=\"twitter:creator\" content=\"@radioljubuski\" \/>\n<meta name=\"twitter:site\" content=\"@radioljubuski\" \/>\n<meta name=\"twitter:label1\" content=\"Napisao\/la\" \/>\n\t<meta name=\"twitter:data1\" content=\"Radio Ljubu\u0161ki\" \/>\n\t<meta name=\"twitter:label2\" content=\"Procijenjeno vrijeme \u010ditanja\" \/>\n\t<meta name=\"twitter:data2\" content=\"2 minute\" \/>\n<script type=\"application\/ld+json\" class=\"yoast-schema-graph\">{\"@context\":\"https:\\\/\\\/schema.org\",\"@graph\":[{\"@type\":\"Article\",\"@id\":\"https:\\\/\\\/radioljubuski.ba\\\/index.php\\\/2021\\\/11\\\/06\\\/sve-sto-trebate-znati-o-gastritisu\\\/#article\",\"isPartOf\":{\"@id\":\"https:\\\/\\\/radioljubuski.ba\\\/index.php\\\/2021\\\/11\\\/06\\\/sve-sto-trebate-znati-o-gastritisu\\\/\"},\"author\":{\"name\":\"Radio Ljubu\u0161ki\",\"@id\":\"https:\\\/\\\/radioljubuski.ba\\\/#\\\/schema\\\/person\\\/19fc700381a780f69665d7956c469e3b\"},\"headline\":\"Sve \u0161to trebate znati o gastritisu\",\"datePublished\":\"2021-11-05T23:49:54+00:00\",\"dateModified\":\"2021-11-05T23:49:55+00:00\",\"mainEntityOfPage\":{\"@id\":\"https:\\\/\\\/radioljubuski.ba\\\/index.php\\\/2021\\\/11\\\/06\\\/sve-sto-trebate-znati-o-gastritisu\\\/\"},\"wordCount\":471,\"publisher\":{\"@id\":\"https:\\\/\\\/radioljubuski.ba\\\/#organization\"},\"image\":{\"@id\":\"https:\\\/\\\/radioljubuski.ba\\\/index.php\\\/2021\\\/11\\\/06\\\/sve-sto-trebate-znati-o-gastritisu\\\/#primaryimage\"},\"thumbnailUrl\":\"https:\\\/\\\/radioljubuski.ba\\\/wp-content\\\/uploads\\\/2021\\\/11\\\/gastritis-1.875x480.jpg\",\"articleSection\":[\"BIH i regija\"],\"inLanguage\":\"hr\"},{\"@type\":\"WebPage\",\"@id\":\"https:\\\/\\\/radioljubuski.ba\\\/index.php\\\/2021\\\/11\\\/06\\\/sve-sto-trebate-znati-o-gastritisu\\\/\",\"url\":\"https:\\\/\\\/radioljubuski.ba\\\/index.php\\\/2021\\\/11\\\/06\\\/sve-sto-trebate-znati-o-gastritisu\\\/\",\"name\":\"Sve \u0161to trebate znati o gastritisu - RADIO LJUBU\u0160KI\",\"isPartOf\":{\"@id\":\"https:\\\/\\\/radioljubuski.ba\\\/#website\"},\"primaryImageOfPage\":{\"@id\":\"https:\\\/\\\/radioljubuski.ba\\\/index.php\\\/2021\\\/11\\\/06\\\/sve-sto-trebate-znati-o-gastritisu\\\/#primaryimage\"},\"image\":{\"@id\":\"https:\\\/\\\/radioljubuski.ba\\\/index.php\\\/2021\\\/11\\\/06\\\/sve-sto-trebate-znati-o-gastritisu\\\/#primaryimage\"},\"thumbnailUrl\":\"https:\\\/\\\/radioljubuski.ba\\\/wp-content\\\/uploads\\\/2021\\\/11\\\/gastritis-1.875x480.jpg\",\"datePublished\":\"2021-11-05T23:49:54+00:00\",\"dateModified\":\"2021-11-05T23:49:55+00:00\",\"breadcrumb\":{\"@id\":\"https:\\\/\\\/radioljubuski.ba\\\/index.php\\\/2021\\\/11\\\/06\\\/sve-sto-trebate-znati-o-gastritisu\\\/#breadcrumb\"},\"inLanguage\":\"hr\",\"potentialAction\":[{\"@type\":\"ReadAction\",\"target\":[\"https:\\\/\\\/radioljubuski.ba\\\/index.php\\\/2021\\\/11\\\/06\\\/sve-sto-trebate-znati-o-gastritisu\\\/\"]}]},{\"@type\":\"ImageObject\",\"inLanguage\":\"hr\",\"@id\":\"https:\\\/\\\/radioljubuski.ba\\\/index.php\\\/2021\\\/11\\\/06\\\/sve-sto-trebate-znati-o-gastritisu\\\/#primaryimage\",\"url\":\"https:\\\/\\\/radioljubuski.ba\\\/wp-content\\\/uploads\\\/2021\\\/11\\\/gastritis-1.875x480.jpg\",\"contentUrl\":\"https:\\\/\\\/radioljubuski.ba\\\/wp-content\\\/uploads\\\/2021\\\/11\\\/gastritis-1.875x480.jpg\",\"width\":875,\"height\":480},{\"@type\":\"BreadcrumbList\",\"@id\":\"https:\\\/\\\/radioljubuski.ba\\\/index.php\\\/2021\\\/11\\\/06\\\/sve-sto-trebate-znati-o-gastritisu\\\/#breadcrumb\",\"itemListElement\":[{\"@type\":\"ListItem\",\"position\":1,\"name\":\"Po\u010detna stranica\",\"item\":\"https:\\\/\\\/radioljubuski.ba\\\/\"},{\"@type\":\"ListItem\",\"position\":2,\"name\":\"Sve \u0161to trebate znati o gastritisu\"}]},{\"@type\":\"WebSite\",\"@id\":\"https:\\\/\\\/radioljubuski.ba\\\/#website\",\"url\":\"https:\\\/\\\/radioljubuski.ba\\\/\",\"name\":\"Radio Ljubu\u0161ki\",\"description\":\"Sun\u010dana frekvencija Hercegovine\",\"publisher\":{\"@id\":\"https:\\\/\\\/radioljubuski.ba\\\/#organization\"},\"potentialAction\":[{\"@type\":\"SearchAction\",\"target\":{\"@type\":\"EntryPoint\",\"urlTemplate\":\"https:\\\/\\\/radioljubuski.ba\\\/?s={search_term_string}\"},\"query-input\":{\"@type\":\"PropertyValueSpecification\",\"valueRequired\":true,\"valueName\":\"search_term_string\"}}],\"inLanguage\":\"hr\"},{\"@type\":\"Organization\",\"@id\":\"https:\\\/\\\/radioljubuski.ba\\\/#organization\",\"name\":\"Radio Ljubu\u0161ki\",\"url\":\"https:\\\/\\\/radioljubuski.ba\\\/\",\"logo\":{\"@type\":\"ImageObject\",\"inLanguage\":\"hr\",\"@id\":\"https:\\\/\\\/radioljubuski.ba\\\/#\\\/schema\\\/logo\\\/image\\\/\",\"url\":\"https:\\\/\\\/radioljubuski.ba\\\/wp-content\\\/uploads\\\/2021\\\/02\\\/cropped-Radio_Ljubuski_logo1.jpg\",\"contentUrl\":\"https:\\\/\\\/radioljubuski.ba\\\/wp-content\\\/uploads\\\/2021\\\/02\\\/cropped-Radio_Ljubuski_logo1.jpg\",\"width\":512,\"height\":512,\"caption\":\"Radio Ljubu\u0161ki\"},\"image\":{\"@id\":\"https:\\\/\\\/radioljubuski.ba\\\/#\\\/schema\\\/logo\\\/image\\\/\"},\"sameAs\":[\"https:\\\/\\\/www.facebook.com\\\/Radiio-Ljubuski-1490835324566332\",\"https:\\\/\\\/x.com\\\/radioljubuski\",\"https:\\\/\\\/hr.linkedin.com\\\/company\\\/radio-ljubuski\",\"https:\\\/\\\/www.youtube.com\\\/channel\\\/UCHYaeO_n0Db3tjNGudGpXyw\"]},{\"@type\":\"Person\",\"@id\":\"https:\\\/\\\/radioljubuski.ba\\\/#\\\/schema\\\/person\\\/19fc700381a780f69665d7956c469e3b\",\"name\":\"Radio Ljubu\u0161ki\"}]}<\/script>\n<!-- \/ Yoast SEO plugin. -->","yoast_head_json":{"title":"Sve \u0161to trebate znati o gastritisu - RADIO LJUBU\u0160KI","robots":{"index":"index","follow":"follow","max-snippet":"max-snippet:-1","max-image-preview":"max-image-preview:large","max-video-preview":"max-video-preview:-1"},"canonical":"https:\/\/radioljubuski.ba\/index.php\/2021\/11\/06\/sve-sto-trebate-znati-o-gastritisu\/","og_locale":"hr_HR","og_type":"article","og_title":"Sve \u0161to trebate znati o gastritisu - RADIO LJUBU\u0160KI","og_description":"Gastritis je upala, iritacija ili erozija \u017eelu\u010dane sluznice. Mo\u017ee se dogoditi iznenada (akutno) ili postupno (kroni\u010dno). Uzrok gastritisa Gastritis mo\u017ee biti uzrokovan prekomjernom upotrebom alkohola, kroni\u010dnim povra\u0107anjem, stresom ili upotrebom odre\u0111enih lijekova kao \u0161to su aspirin ili drugi protuupalni lijekovi, pi\u0161e Centarzdravlja.hr. Tako\u0111er mo\u017ee biti uzrokovan sljede\u0107im \u010dimbenicima: Helicobacter pylori (H. pylori):&nbsp;bakterija koja \u017eivi u [&hellip;]","og_url":"https:\/\/radioljubuski.ba\/index.php\/2021\/11\/06\/sve-sto-trebate-znati-o-gastritisu\/","og_site_name":"RADIO LJUBU\u0160KI","article_publisher":"https:\/\/www.facebook.com\/Radiio-Ljubuski-1490835324566332","article_published_time":"2021-11-05T23:49:54+00:00","article_modified_time":"2021-11-05T23:49:55+00:00","og_image":[{"width":875,"height":480,"url":"https:\/\/radioljubuski.ba\/wp-content\/uploads\/2021\/11\/gastritis-1.875x480.jpg","type":"image\/jpeg"}],"author":"Radio Ljubu\u0161ki","twitter_card":"summary_large_image","twitter_creator":"@radioljubuski","twitter_site":"@radioljubuski","twitter_misc":{"Napisao\/la":"Radio Ljubu\u0161ki","Procijenjeno vrijeme \u010ditanja":"2 minute"},"schema":{"@context":"https:\/\/schema.org","@graph":[{"@type":"Article","@id":"https:\/\/radioljubuski.ba\/index.php\/2021\/11\/06\/sve-sto-trebate-znati-o-gastritisu\/#article","isPartOf":{"@id":"https:\/\/radioljubuski.ba\/index.php\/2021\/11\/06\/sve-sto-trebate-znati-o-gastritisu\/"},"author":{"name":"Radio Ljubu\u0161ki","@id":"https:\/\/radioljubuski.ba\/#\/schema\/person\/19fc700381a780f69665d7956c469e3b"},"headline":"Sve \u0161to trebate znati o gastritisu","datePublished":"2021-11-05T23:49:54+00:00","dateModified":"2021-11-05T23:49:55+00:00","mainEntityOfPage":{"@id":"https:\/\/radioljubuski.ba\/index.php\/2021\/11\/06\/sve-sto-trebate-znati-o-gastritisu\/"},"wordCount":471,"publisher":{"@id":"https:\/\/radioljubuski.ba\/#organization"},"image":{"@id":"https:\/\/radioljubuski.ba\/index.php\/2021\/11\/06\/sve-sto-trebate-znati-o-gastritisu\/#primaryimage"},"thumbnailUrl":"https:\/\/radioljubuski.ba\/wp-content\/uploads\/2021\/11\/gastritis-1.875x480.jpg","articleSection":["BIH i regija"],"inLanguage":"hr"},{"@type":"WebPage","@id":"https:\/\/radioljubuski.ba\/index.php\/2021\/11\/06\/sve-sto-trebate-znati-o-gastritisu\/","url":"https:\/\/radioljubuski.ba\/index.php\/2021\/11\/06\/sve-sto-trebate-znati-o-gastritisu\/","name":"Sve \u0161to trebate znati o gastritisu - RADIO LJUBU\u0160KI","isPartOf":{"@id":"https:\/\/radioljubuski.ba\/#website"},"primaryImageOfPage":{"@id":"https:\/\/radioljubuski.ba\/index.php\/2021\/11\/06\/sve-sto-trebate-znati-o-gastritisu\/#primaryimage"},"image":{"@id":"https:\/\/radioljubuski.ba\/index.php\/2021\/11\/06\/sve-sto-trebate-znati-o-gastritisu\/#primaryimage"},"thumbnailUrl":"https:\/\/radioljubuski.ba\/wp-content\/uploads\/2021\/11\/gastritis-1.875x480.jpg","datePublished":"2021-11-05T23:49:54+00:00","dateModified":"2021-11-05T23:49:55+00:00","breadcrumb":{"@id":"https:\/\/radioljubuski.ba\/index.php\/2021\/11\/06\/sve-sto-trebate-znati-o-gastritisu\/#breadcrumb"},"inLanguage":"hr","potentialAction":[{"@type":"ReadAction","target":["https:\/\/radioljubuski.ba\/index.php\/2021\/11\/06\/sve-sto-trebate-znati-o-gastritisu\/"]}]},{"@type":"ImageObject","inLanguage":"hr","@id":"https:\/\/radioljubuski.ba\/index.php\/2021\/11\/06\/sve-sto-trebate-znati-o-gastritisu\/#primaryimage","url":"https:\/\/radioljubuski.ba\/wp-content\/uploads\/2021\/11\/gastritis-1.875x480.jpg","contentUrl":"https:\/\/radioljubuski.ba\/wp-content\/uploads\/2021\/11\/gastritis-1.875x480.jpg","width":875,"height":480},{"@type":"BreadcrumbList","@id":"https:\/\/radioljubuski.ba\/index.php\/2021\/11\/06\/sve-sto-trebate-znati-o-gastritisu\/#breadcrumb","itemListElement":[{"@type":"ListItem","position":1,"name":"Po\u010detna stranica","item":"https:\/\/radioljubuski.ba\/"},{"@type":"ListItem","position":2,"name":"Sve \u0161to trebate znati o gastritisu"}]},{"@type":"WebSite","@id":"https:\/\/radioljubuski.ba\/#website","url":"https:\/\/radioljubuski.ba\/","name":"Radio Ljubu\u0161ki","description":"Sun\u010dana frekvencija Hercegovine","publisher":{"@id":"https:\/\/radioljubuski.ba\/#organization"},"potentialAction":[{"@type":"SearchAction","target":{"@type":"EntryPoint","urlTemplate":"https:\/\/radioljubuski.ba\/?s={search_term_string}"},"query-input":{"@type":"PropertyValueSpecification","valueRequired":true,"valueName":"search_term_string"}}],"inLanguage":"hr"},{"@type":"Organization","@id":"https:\/\/radioljubuski.ba\/#organization","name":"Radio Ljubu\u0161ki","url":"https:\/\/radioljubuski.ba\/","logo":{"@type":"ImageObject","inLanguage":"hr","@id":"https:\/\/radioljubuski.ba\/#\/schema\/logo\/image\/","url":"https:\/\/radioljubuski.ba\/wp-content\/uploads\/2021\/02\/cropped-Radio_Ljubuski_logo1.jpg","contentUrl":"https:\/\/radioljubuski.ba\/wp-content\/uploads\/2021\/02\/cropped-Radio_Ljubuski_logo1.jpg","width":512,"height":512,"caption":"Radio Ljubu\u0161ki"},"image":{"@id":"https:\/\/radioljubuski.ba\/#\/schema\/logo\/image\/"},"sameAs":["https:\/\/www.facebook.com\/Radiio-Ljubuski-1490835324566332","https:\/\/x.com\/radioljubuski","https:\/\/hr.linkedin.com\/company\/radio-ljubuski","https:\/\/www.youtube.com\/channel\/UCHYaeO_n0Db3tjNGudGpXyw"]},{"@type":"Person","@id":"https:\/\/radioljubuski.ba\/#\/schema\/person\/19fc700381a780f69665d7956c469e3b","name":"Radio Ljubu\u0161ki"}]}},"_links":{"self":[{"href":"https:\/\/radioljubuski.ba\/index.php\/wp-json\/wp\/v2\/posts\/85655","targetHints":{"allow":["GET"]}}],"collection":[{"href":"https:\/\/radioljubuski.ba\/index.php\/wp-json\/wp\/v2\/posts"}],"about":[{"href":"https:\/\/radioljubuski.ba\/index.php\/wp-json\/wp\/v2\/types\/post"}],"author":[{"embeddable":true,"href":"https:\/\/radioljubuski.ba\/index.php\/wp-json\/wp\/v2\/users\/2"}],"replies":[{"embeddable":true,"href":"https:\/\/radioljubuski.ba\/index.php\/wp-json\/wp\/v2\/comments?post=85655"}],"version-history":[{"count":1,"href":"https:\/\/radioljubuski.ba\/index.php\/wp-json\/wp\/v2\/posts\/85655\/revisions"}],"predecessor-version":[{"id":85657,"href":"https:\/\/radioljubuski.ba\/index.php\/wp-json\/wp\/v2\/posts\/85655\/revisions\/85657"}],"wp:featuredmedia":[{"embeddable":true,"href":"https:\/\/radioljubuski.ba\/index.php\/wp-json\/wp\/v2\/media\/85656"}],"wp:attachment":[{"href":"https:\/\/radioljubuski.ba\/index.php\/wp-json\/wp\/v2\/media?parent=85655"}],"wp:term":[{"taxonomy":"category","embeddable":true,"href":"https:\/\/radioljubuski.ba\/index.php\/wp-json\/wp\/v2\/categories?post=85655"},{"taxonomy":"post_tag","embeddable":true,"href":"https:\/\/radioljubuski.ba\/index.php\/wp-json\/wp\/v2\/tags?post=85655"}],"curies":[{"name":"wp","href":"https:\/\/api.w.org\/{rel}","templated":true}]}}