{"id":85658,"date":"2021-11-06T00:52:36","date_gmt":"2021-11-05T23:52:36","guid":{"rendered":"https:\/\/radioljubuski.ba\/?p=85658"},"modified":"2021-11-06T00:52:37","modified_gmt":"2021-11-05T23:52:37","slug":"policajac-krenuo-na-vjezbu-pa-ranjen-dok-je-branio-bijeljinca","status":"publish","type":"post","link":"https:\/\/radioljubuski.ba\/index.php\/2021\/11\/06\/policajac-krenuo-na-vjezbu-pa-ranjen-dok-je-branio-bijeljinca\/","title":{"rendered":"Policajac krenuo na vje\u017ebu pa ranjen dok je branio Bijeljinca"},"content":{"rendered":"\n<p>U op\u0107em kaosu, u petak u sitne sate, kod kafi\u0107a u Bijeljini ranjeni su dvadeset\u010detverogodi\u0161nji Br\u010dak O.P., te \u0161est godina stariji policajac P.K. iz Gradi\u0161ke, pripadnik Specijalne antiteroristi\u010dke jedinice (SAJ), koji se tu na\u0161ao stjecajem okolnosti, jer je s kolegama po\u0161ao na operativno-takti\u010dku vje\u017ebu u Loznicu.<\/p>\n\n\n\n<p>Naime, u Bijeljini je grupa policajaca pravila predah. Namjeravali su i da preno\u0107e, ne slute\u0107i da \u0107e te no\u0107i nedaleko od kafi\u0107a u kojoj su bili do\u0107i do pucnjave, nakon koje su istr\u010dali iz objekta, te je jedan od njih ranjen.<\/p>\n\n\n\n<p>&#8220;Prema dosad prikupljenim saznanjima, sve se to odigralo nakon \u0161to je Bijeljinac Slavi\u0161a G. prvo primijetio da nepoznati mu\u0161karac u vozilu Audi 5 tu\u010de djevojku. On je pri\u0161ao i upozorio ga da to ne radi&#8221;, isti\u010du izvori &#8220;Nezavisnih&#8221;.<\/p>\n\n\n\n<p>Kako dodaju na\u0161i sugovornici, prema prikupljenim informacijama, Slavi\u0161a je pritom sjeo u taksi koji je prethodno zvao, ali mu je nasilnik iz Audija pri\u0161ao i po\u010deo da ga udara.<\/p>\n\n\n\n<p>&#8220;Zatim je pri\u0161la grupa Br\u010daka, te su i oni po\u010deli napadati Slavi\u0161u, koji je bio u taksi vozilu. Taksista je krenuo, ali su oni pucali u taksi vozilo&#8221;, ka\u017eu na\u0161i izvori.<\/p>\n\n\n\n<p>U me\u0111uvremenu, kako dodaju na\u0161i sugovornici, iz kafi\u0107a su istr\u010dali pripadnici SAJ-a, te govorili Br\u010dacima da prestanu pucati.<\/p>\n\n\n\n<p>&#8220;Ali oni su se okrenuli i po\u010deli da pucaju u policiju. Tako je ranjen P.K. iz Gradi\u0161ke. Br\u010daci su u me\u0111uvremenu pobjegli, te se za dvojicom traga, a jedan je tu ostao, po\u0161to je i on ranjen u tom kaosu. U pitanju je O.P. i utvr\u0111uje se kako je on ranjen&#8221;, napominju na\u0161i sugovornici.<\/p>\n\n\n\n<p>Prema priop\u0107enju iz policije, de\u017eurni lije\u010dnik izjasnio se da su \u017eivotno ugro\u017eeni. Lije\u010dnici su im ipak uspjeli pomo\u0107i, te u petak popodne nisu bili ugro\u017eeni.<\/p>\n\n\n\n<p>Primarijus doktor \u017deljko Pejovi\u0107, kirurg iz bijeljinske bolnice &#8220;Sveti vra\u010devi&#8221;, naveo je da su im oko 2.20 dovezena dva mla\u0111a mu\u0161karca s prostrelnim ranama ekstremiteta.<\/p>\n\n\n\n<p>&#8220;Jedna osoba ima prostrelnu ranu butine lijeve noge bez povrede kosti, dok je druga osoba imala prostrel potkoljenice, mekih tkiva s povredom kosti. Momak koji je rodom iz Br\u010dkog, nakon ukazane pomo\u0107i, izrazio je \u017eelju da bude premje\u0161ten u Bolnicu Br\u010dko. Jedna osoba ostala je na lije\u010denju do daljeg&#8221;, naveo je Pejovi\u0107.<\/p>\n\n\n\n<p>Za Br\u010dacima je, priop\u0107eno je iz bijeljinske policije, raspisana potraga s ciljem da budu uhi\u0107eni. Da se za njima traga, potvrdio je i ministar unutarnjih poslova Srpske Dragan Luka\u010d, koji je rekao da su incidentnu situaciju napravile osobe koja su odranije poznata policiji kao sigurnosno interesantna.<\/p>\n\n\n\n<p>&#8220;Na\u0161i policajci koji su bili u civilu su se umije\u0161ali, jer je jedna osoba maltretiralo \u017eensku osobu, tukao je i poku\u0161avao da u\u0111e u auto. Do\u0161lo je i do upotrebe oru\u017eja od tih osoba i na\u0161i pripadnici su odgovorili&#8221;, rekao je Luka\u010d.<\/p>\n\n\n\n<p>Prema Luka\u010devim rije\u010dima, dvije osobe su u bjekstvu, a jedna osoba koja je upotrebila oru\u017eje je ranjena.<\/p>\n\n\n\n<p>Izvor:nezavisne.com<\/p>\n","protected":false},"excerpt":{"rendered":"<p>U op\u0107em kaosu, u petak u sitne sate, kod kafi\u0107a u Bijeljini ranjeni su dvadeset\u010detverogodi\u0161nji Br\u010dak O.P., te \u0161est godina stariji policajac P.K. iz Gradi\u0161ke, pripadnik Specijalne antiteroristi\u010dke jedinice (SAJ), koji se tu na\u0161ao stjecajem okolnosti, jer je s kolegama po\u0161ao na operativno-takti\u010dku vje\u017ebu u Loznicu. Naime, u Bijeljini je grupa policajaca pravila predah. Namjeravali [&hellip;]<\/p>\n","protected":false},"author":2,"featured_media":85330,"comment_status":"closed","ping_status":"closed","sticky":false,"template":"","format":"standard","meta":{"h5ap_radio_sources":[],"footnotes":""},"categories":[1],"tags":[],"class_list":["post-85658","post","type-post","status-publish","format-standard","has-post-thumbnail","hentry","category-bihiregija"],"yoast_head":"<!-- This site is optimized with the Yoast SEO plugin v27.5 - https:\/\/yoast.com\/product\/yoast-seo-wordpress\/ -->\n<title>Policajac krenuo na vje\u017ebu pa ranjen dok je branio Bijeljinca - RADIO LJUBU\u0160KI<\/title>\n<meta name=\"robots\" content=\"index, follow, max-snippet:-1, max-image-preview:large, max-video-preview:-1\" \/>\n<link rel=\"canonical\" href=\"https:\/\/radioljubuski.ba\/index.php\/2021\/11\/06\/policajac-krenuo-na-vjezbu-pa-ranjen-dok-je-branio-bijeljinca\/\" \/>\n<meta property=\"og:locale\" content=\"hr_HR\" \/>\n<meta property=\"og:type\" content=\"article\" \/>\n<meta property=\"og:title\" content=\"Policajac krenuo na vje\u017ebu pa ranjen dok je branio Bijeljinca - RADIO LJUBU\u0160KI\" \/>\n<meta property=\"og:description\" content=\"U op\u0107em kaosu, u petak u sitne sate, kod kafi\u0107a u Bijeljini ranjeni su dvadeset\u010detverogodi\u0161nji Br\u010dak O.P., te \u0161est godina stariji policajac P.K. iz Gradi\u0161ke, pripadnik Specijalne antiteroristi\u010dke jedinice (SAJ), koji se tu na\u0161ao stjecajem okolnosti, jer je s kolegama po\u0161ao na operativno-takti\u010dku vje\u017ebu u Loznicu. Naime, u Bijeljini je grupa policajaca pravila predah. Namjeravali [&hellip;]\" \/>\n<meta property=\"og:url\" content=\"https:\/\/radioljubuski.ba\/index.php\/2021\/11\/06\/policajac-krenuo-na-vjezbu-pa-ranjen-dok-je-branio-bijeljinca\/\" \/>\n<meta property=\"og:site_name\" content=\"RADIO LJUBU\u0160KI\" \/>\n<meta property=\"article:publisher\" content=\"https:\/\/www.facebook.com\/Radiio-Ljubuski-1490835324566332\" \/>\n<meta property=\"article:published_time\" content=\"2021-11-05T23:52:36+00:00\" \/>\n<meta property=\"article:modified_time\" content=\"2021-11-05T23:52:37+00:00\" \/>\n<meta property=\"og:image\" content=\"https:\/\/radioljubuski.ba\/wp-content\/uploads\/2021\/11\/policija-rs.jpg\" \/>\n\t<meta property=\"og:image:width\" content=\"750\" \/>\n\t<meta property=\"og:image:height\" content=\"500\" \/>\n\t<meta property=\"og:image:type\" content=\"image\/jpeg\" \/>\n<meta name=\"author\" content=\"Radio Ljubu\u0161ki\" \/>\n<meta name=\"twitter:card\" content=\"summary_large_image\" \/>\n<meta name=\"twitter:creator\" content=\"@radioljubuski\" \/>\n<meta name=\"twitter:site\" content=\"@radioljubuski\" \/>\n<meta name=\"twitter:label1\" content=\"Napisao\/la\" \/>\n\t<meta name=\"twitter:data1\" content=\"Radio Ljubu\u0161ki\" \/>\n\t<meta name=\"twitter:label2\" content=\"Procijenjeno vrijeme \u010ditanja\" \/>\n\t<meta name=\"twitter:data2\" content=\"3 minute\" \/>\n<script type=\"application\/ld+json\" class=\"yoast-schema-graph\">{\"@context\":\"https:\\\/\\\/schema.org\",\"@graph\":[{\"@type\":\"Article\",\"@id\":\"https:\\\/\\\/radioljubuski.ba\\\/index.php\\\/2021\\\/11\\\/06\\\/policajac-krenuo-na-vjezbu-pa-ranjen-dok-je-branio-bijeljinca\\\/#article\",\"isPartOf\":{\"@id\":\"https:\\\/\\\/radioljubuski.ba\\\/index.php\\\/2021\\\/11\\\/06\\\/policajac-krenuo-na-vjezbu-pa-ranjen-dok-je-branio-bijeljinca\\\/\"},\"author\":{\"name\":\"Radio Ljubu\u0161ki\",\"@id\":\"https:\\\/\\\/radioljubuski.ba\\\/#\\\/schema\\\/person\\\/19fc700381a780f69665d7956c469e3b\"},\"headline\":\"Policajac krenuo na vje\u017ebu pa ranjen dok je branio Bijeljinca\",\"datePublished\":\"2021-11-05T23:52:36+00:00\",\"dateModified\":\"2021-11-05T23:52:37+00:00\",\"mainEntityOfPage\":{\"@id\":\"https:\\\/\\\/radioljubuski.ba\\\/index.php\\\/2021\\\/11\\\/06\\\/policajac-krenuo-na-vjezbu-pa-ranjen-dok-je-branio-bijeljinca\\\/\"},\"wordCount\":552,\"publisher\":{\"@id\":\"https:\\\/\\\/radioljubuski.ba\\\/#organization\"},\"image\":{\"@id\":\"https:\\\/\\\/radioljubuski.ba\\\/index.php\\\/2021\\\/11\\\/06\\\/policajac-krenuo-na-vjezbu-pa-ranjen-dok-je-branio-bijeljinca\\\/#primaryimage\"},\"thumbnailUrl\":\"https:\\\/\\\/radioljubuski.ba\\\/wp-content\\\/uploads\\\/2021\\\/11\\\/policija-rs.jpg\",\"articleSection\":[\"BIH i regija\"],\"inLanguage\":\"hr\"},{\"@type\":\"WebPage\",\"@id\":\"https:\\\/\\\/radioljubuski.ba\\\/index.php\\\/2021\\\/11\\\/06\\\/policajac-krenuo-na-vjezbu-pa-ranjen-dok-je-branio-bijeljinca\\\/\",\"url\":\"https:\\\/\\\/radioljubuski.ba\\\/index.php\\\/2021\\\/11\\\/06\\\/policajac-krenuo-na-vjezbu-pa-ranjen-dok-je-branio-bijeljinca\\\/\",\"name\":\"Policajac krenuo na vje\u017ebu pa ranjen dok je branio Bijeljinca - RADIO LJUBU\u0160KI\",\"isPartOf\":{\"@id\":\"https:\\\/\\\/radioljubuski.ba\\\/#website\"},\"primaryImageOfPage\":{\"@id\":\"https:\\\/\\\/radioljubuski.ba\\\/index.php\\\/2021\\\/11\\\/06\\\/policajac-krenuo-na-vjezbu-pa-ranjen-dok-je-branio-bijeljinca\\\/#primaryimage\"},\"image\":{\"@id\":\"https:\\\/\\\/radioljubuski.ba\\\/index.php\\\/2021\\\/11\\\/06\\\/policajac-krenuo-na-vjezbu-pa-ranjen-dok-je-branio-bijeljinca\\\/#primaryimage\"},\"thumbnailUrl\":\"https:\\\/\\\/radioljubuski.ba\\\/wp-content\\\/uploads\\\/2021\\\/11\\\/policija-rs.jpg\",\"datePublished\":\"2021-11-05T23:52:36+00:00\",\"dateModified\":\"2021-11-05T23:52:37+00:00\",\"breadcrumb\":{\"@id\":\"https:\\\/\\\/radioljubuski.ba\\\/index.php\\\/2021\\\/11\\\/06\\\/policajac-krenuo-na-vjezbu-pa-ranjen-dok-je-branio-bijeljinca\\\/#breadcrumb\"},\"inLanguage\":\"hr\",\"potentialAction\":[{\"@type\":\"ReadAction\",\"target\":[\"https:\\\/\\\/radioljubuski.ba\\\/index.php\\\/2021\\\/11\\\/06\\\/policajac-krenuo-na-vjezbu-pa-ranjen-dok-je-branio-bijeljinca\\\/\"]}]},{\"@type\":\"ImageObject\",\"inLanguage\":\"hr\",\"@id\":\"https:\\\/\\\/radioljubuski.ba\\\/index.php\\\/2021\\\/11\\\/06\\\/policajac-krenuo-na-vjezbu-pa-ranjen-dok-je-branio-bijeljinca\\\/#primaryimage\",\"url\":\"https:\\\/\\\/radioljubuski.ba\\\/wp-content\\\/uploads\\\/2021\\\/11\\\/policija-rs.jpg\",\"contentUrl\":\"https:\\\/\\\/radioljubuski.ba\\\/wp-content\\\/uploads\\\/2021\\\/11\\\/policija-rs.jpg\",\"width\":750,\"height\":500},{\"@type\":\"BreadcrumbList\",\"@id\":\"https:\\\/\\\/radioljubuski.ba\\\/index.php\\\/2021\\\/11\\\/06\\\/policajac-krenuo-na-vjezbu-pa-ranjen-dok-je-branio-bijeljinca\\\/#breadcrumb\",\"itemListElement\":[{\"@type\":\"ListItem\",\"position\":1,\"name\":\"Po\u010detna stranica\",\"item\":\"https:\\\/\\\/radioljubuski.ba\\\/\"},{\"@type\":\"ListItem\",\"position\":2,\"name\":\"Policajac krenuo na vje\u017ebu pa ranjen dok je branio Bijeljinca\"}]},{\"@type\":\"WebSite\",\"@id\":\"https:\\\/\\\/radioljubuski.ba\\\/#website\",\"url\":\"https:\\\/\\\/radioljubuski.ba\\\/\",\"name\":\"Radio Ljubu\u0161ki\",\"description\":\"Sun\u010dana frekvencija Hercegovine\",\"publisher\":{\"@id\":\"https:\\\/\\\/radioljubuski.ba\\\/#organization\"},\"potentialAction\":[{\"@type\":\"SearchAction\",\"target\":{\"@type\":\"EntryPoint\",\"urlTemplate\":\"https:\\\/\\\/radioljubuski.ba\\\/?s={search_term_string}\"},\"query-input\":{\"@type\":\"PropertyValueSpecification\",\"valueRequired\":true,\"valueName\":\"search_term_string\"}}],\"inLanguage\":\"hr\"},{\"@type\":\"Organization\",\"@id\":\"https:\\\/\\\/radioljubuski.ba\\\/#organization\",\"name\":\"Radio Ljubu\u0161ki\",\"url\":\"https:\\\/\\\/radioljubuski.ba\\\/\",\"logo\":{\"@type\":\"ImageObject\",\"inLanguage\":\"hr\",\"@id\":\"https:\\\/\\\/radioljubuski.ba\\\/#\\\/schema\\\/logo\\\/image\\\/\",\"url\":\"https:\\\/\\\/radioljubuski.ba\\\/wp-content\\\/uploads\\\/2021\\\/02\\\/cropped-Radio_Ljubuski_logo1.jpg\",\"contentUrl\":\"https:\\\/\\\/radioljubuski.ba\\\/wp-content\\\/uploads\\\/2021\\\/02\\\/cropped-Radio_Ljubuski_logo1.jpg\",\"width\":512,\"height\":512,\"caption\":\"Radio Ljubu\u0161ki\"},\"image\":{\"@id\":\"https:\\\/\\\/radioljubuski.ba\\\/#\\\/schema\\\/logo\\\/image\\\/\"},\"sameAs\":[\"https:\\\/\\\/www.facebook.com\\\/Radiio-Ljubuski-1490835324566332\",\"https:\\\/\\\/x.com\\\/radioljubuski\",\"https:\\\/\\\/hr.linkedin.com\\\/company\\\/radio-ljubuski\",\"https:\\\/\\\/www.youtube.com\\\/channel\\\/UCHYaeO_n0Db3tjNGudGpXyw\"]},{\"@type\":\"Person\",\"@id\":\"https:\\\/\\\/radioljubuski.ba\\\/#\\\/schema\\\/person\\\/19fc700381a780f69665d7956c469e3b\",\"name\":\"Radio Ljubu\u0161ki\"}]}<\/script>\n<!-- \/ Yoast SEO plugin. -->","yoast_head_json":{"title":"Policajac krenuo na vje\u017ebu pa ranjen dok je branio Bijeljinca - RADIO LJUBU\u0160KI","robots":{"index":"index","follow":"follow","max-snippet":"max-snippet:-1","max-image-preview":"max-image-preview:large","max-video-preview":"max-video-preview:-1"},"canonical":"https:\/\/radioljubuski.ba\/index.php\/2021\/11\/06\/policajac-krenuo-na-vjezbu-pa-ranjen-dok-je-branio-bijeljinca\/","og_locale":"hr_HR","og_type":"article","og_title":"Policajac krenuo na vje\u017ebu pa ranjen dok je branio Bijeljinca - RADIO LJUBU\u0160KI","og_description":"U op\u0107em kaosu, u petak u sitne sate, kod kafi\u0107a u Bijeljini ranjeni su dvadeset\u010detverogodi\u0161nji Br\u010dak O.P., te \u0161est godina stariji policajac P.K. iz Gradi\u0161ke, pripadnik Specijalne antiteroristi\u010dke jedinice (SAJ), koji se tu na\u0161ao stjecajem okolnosti, jer je s kolegama po\u0161ao na operativno-takti\u010dku vje\u017ebu u Loznicu. Naime, u Bijeljini je grupa policajaca pravila predah. Namjeravali [&hellip;]","og_url":"https:\/\/radioljubuski.ba\/index.php\/2021\/11\/06\/policajac-krenuo-na-vjezbu-pa-ranjen-dok-je-branio-bijeljinca\/","og_site_name":"RADIO LJUBU\u0160KI","article_publisher":"https:\/\/www.facebook.com\/Radiio-Ljubuski-1490835324566332","article_published_time":"2021-11-05T23:52:36+00:00","article_modified_time":"2021-11-05T23:52:37+00:00","og_image":[{"width":750,"height":500,"url":"https:\/\/radioljubuski.ba\/wp-content\/uploads\/2021\/11\/policija-rs.jpg","type":"image\/jpeg"}],"author":"Radio Ljubu\u0161ki","twitter_card":"summary_large_image","twitter_creator":"@radioljubuski","twitter_site":"@radioljubuski","twitter_misc":{"Napisao\/la":"Radio Ljubu\u0161ki","Procijenjeno vrijeme \u010ditanja":"3 minute"},"schema":{"@context":"https:\/\/schema.org","@graph":[{"@type":"Article","@id":"https:\/\/radioljubuski.ba\/index.php\/2021\/11\/06\/policajac-krenuo-na-vjezbu-pa-ranjen-dok-je-branio-bijeljinca\/#article","isPartOf":{"@id":"https:\/\/radioljubuski.ba\/index.php\/2021\/11\/06\/policajac-krenuo-na-vjezbu-pa-ranjen-dok-je-branio-bijeljinca\/"},"author":{"name":"Radio Ljubu\u0161ki","@id":"https:\/\/radioljubuski.ba\/#\/schema\/person\/19fc700381a780f69665d7956c469e3b"},"headline":"Policajac krenuo na vje\u017ebu pa ranjen dok je branio Bijeljinca","datePublished":"2021-11-05T23:52:36+00:00","dateModified":"2021-11-05T23:52:37+00:00","mainEntityOfPage":{"@id":"https:\/\/radioljubuski.ba\/index.php\/2021\/11\/06\/policajac-krenuo-na-vjezbu-pa-ranjen-dok-je-branio-bijeljinca\/"},"wordCount":552,"publisher":{"@id":"https:\/\/radioljubuski.ba\/#organization"},"image":{"@id":"https:\/\/radioljubuski.ba\/index.php\/2021\/11\/06\/policajac-krenuo-na-vjezbu-pa-ranjen-dok-je-branio-bijeljinca\/#primaryimage"},"thumbnailUrl":"https:\/\/radioljubuski.ba\/wp-content\/uploads\/2021\/11\/policija-rs.jpg","articleSection":["BIH i regija"],"inLanguage":"hr"},{"@type":"WebPage","@id":"https:\/\/radioljubuski.ba\/index.php\/2021\/11\/06\/policajac-krenuo-na-vjezbu-pa-ranjen-dok-je-branio-bijeljinca\/","url":"https:\/\/radioljubuski.ba\/index.php\/2021\/11\/06\/policajac-krenuo-na-vjezbu-pa-ranjen-dok-je-branio-bijeljinca\/","name":"Policajac krenuo na vje\u017ebu pa ranjen dok je branio Bijeljinca - RADIO LJUBU\u0160KI","isPartOf":{"@id":"https:\/\/radioljubuski.ba\/#website"},"primaryImageOfPage":{"@id":"https:\/\/radioljubuski.ba\/index.php\/2021\/11\/06\/policajac-krenuo-na-vjezbu-pa-ranjen-dok-je-branio-bijeljinca\/#primaryimage"},"image":{"@id":"https:\/\/radioljubuski.ba\/index.php\/2021\/11\/06\/policajac-krenuo-na-vjezbu-pa-ranjen-dok-je-branio-bijeljinca\/#primaryimage"},"thumbnailUrl":"https:\/\/radioljubuski.ba\/wp-content\/uploads\/2021\/11\/policija-rs.jpg","datePublished":"2021-11-05T23:52:36+00:00","dateModified":"2021-11-05T23:52:37+00:00","breadcrumb":{"@id":"https:\/\/radioljubuski.ba\/index.php\/2021\/11\/06\/policajac-krenuo-na-vjezbu-pa-ranjen-dok-je-branio-bijeljinca\/#breadcrumb"},"inLanguage":"hr","potentialAction":[{"@type":"ReadAction","target":["https:\/\/radioljubuski.ba\/index.php\/2021\/11\/06\/policajac-krenuo-na-vjezbu-pa-ranjen-dok-je-branio-bijeljinca\/"]}]},{"@type":"ImageObject","inLanguage":"hr","@id":"https:\/\/radioljubuski.ba\/index.php\/2021\/11\/06\/policajac-krenuo-na-vjezbu-pa-ranjen-dok-je-branio-bijeljinca\/#primaryimage","url":"https:\/\/radioljubuski.ba\/wp-content\/uploads\/2021\/11\/policija-rs.jpg","contentUrl":"https:\/\/radioljubuski.ba\/wp-content\/uploads\/2021\/11\/policija-rs.jpg","width":750,"height":500},{"@type":"BreadcrumbList","@id":"https:\/\/radioljubuski.ba\/index.php\/2021\/11\/06\/policajac-krenuo-na-vjezbu-pa-ranjen-dok-je-branio-bijeljinca\/#breadcrumb","itemListElement":[{"@type":"ListItem","position":1,"name":"Po\u010detna stranica","item":"https:\/\/radioljubuski.ba\/"},{"@type":"ListItem","position":2,"name":"Policajac krenuo na vje\u017ebu pa ranjen dok je branio Bijeljinca"}]},{"@type":"WebSite","@id":"https:\/\/radioljubuski.ba\/#website","url":"https:\/\/radioljubuski.ba\/","name":"Radio Ljubu\u0161ki","description":"Sun\u010dana frekvencija Hercegovine","publisher":{"@id":"https:\/\/radioljubuski.ba\/#organization"},"potentialAction":[{"@type":"SearchAction","target":{"@type":"EntryPoint","urlTemplate":"https:\/\/radioljubuski.ba\/?s={search_term_string}"},"query-input":{"@type":"PropertyValueSpecification","valueRequired":true,"valueName":"search_term_string"}}],"inLanguage":"hr"},{"@type":"Organization","@id":"https:\/\/radioljubuski.ba\/#organization","name":"Radio Ljubu\u0161ki","url":"https:\/\/radioljubuski.ba\/","logo":{"@type":"ImageObject","inLanguage":"hr","@id":"https:\/\/radioljubuski.ba\/#\/schema\/logo\/image\/","url":"https:\/\/radioljubuski.ba\/wp-content\/uploads\/2021\/02\/cropped-Radio_Ljubuski_logo1.jpg","contentUrl":"https:\/\/radioljubuski.ba\/wp-content\/uploads\/2021\/02\/cropped-Radio_Ljubuski_logo1.jpg","width":512,"height":512,"caption":"Radio Ljubu\u0161ki"},"image":{"@id":"https:\/\/radioljubuski.ba\/#\/schema\/logo\/image\/"},"sameAs":["https:\/\/www.facebook.com\/Radiio-Ljubuski-1490835324566332","https:\/\/x.com\/radioljubuski","https:\/\/hr.linkedin.com\/company\/radio-ljubuski","https:\/\/www.youtube.com\/channel\/UCHYaeO_n0Db3tjNGudGpXyw"]},{"@type":"Person","@id":"https:\/\/radioljubuski.ba\/#\/schema\/person\/19fc700381a780f69665d7956c469e3b","name":"Radio Ljubu\u0161ki"}]}},"_links":{"self":[{"href":"https:\/\/radioljubuski.ba\/index.php\/wp-json\/wp\/v2\/posts\/85658","targetHints":{"allow":["GET"]}}],"collection":[{"href":"https:\/\/radioljubuski.ba\/index.php\/wp-json\/wp\/v2\/posts"}],"about":[{"href":"https:\/\/radioljubuski.ba\/index.php\/wp-json\/wp\/v2\/types\/post"}],"author":[{"embeddable":true,"href":"https:\/\/radioljubuski.ba\/index.php\/wp-json\/wp\/v2\/users\/2"}],"replies":[{"embeddable":true,"href":"https:\/\/radioljubuski.ba\/index.php\/wp-json\/wp\/v2\/comments?post=85658"}],"version-history":[{"count":1,"href":"https:\/\/radioljubuski.ba\/index.php\/wp-json\/wp\/v2\/posts\/85658\/revisions"}],"predecessor-version":[{"id":85659,"href":"https:\/\/radioljubuski.ba\/index.php\/wp-json\/wp\/v2\/posts\/85658\/revisions\/85659"}],"wp:featuredmedia":[{"embeddable":true,"href":"https:\/\/radioljubuski.ba\/index.php\/wp-json\/wp\/v2\/media\/85330"}],"wp:attachment":[{"href":"https:\/\/radioljubuski.ba\/index.php\/wp-json\/wp\/v2\/media?parent=85658"}],"wp:term":[{"taxonomy":"category","embeddable":true,"href":"https:\/\/radioljubuski.ba\/index.php\/wp-json\/wp\/v2\/categories?post=85658"},{"taxonomy":"post_tag","embeddable":true,"href":"https:\/\/radioljubuski.ba\/index.php\/wp-json\/wp\/v2\/tags?post=85658"}],"curies":[{"name":"wp","href":"https:\/\/api.w.org\/{rel}","templated":true}]}}