{"id":85660,"date":"2021-11-06T00:54:20","date_gmt":"2021-11-05T23:54:20","guid":{"rendered":"https:\/\/radioljubuski.ba\/?p=85660"},"modified":"2021-11-06T00:54:21","modified_gmt":"2021-11-05T23:54:21","slug":"novalic-obisao-poplavljena-podrucja-opcine-konjic","status":"publish","type":"post","link":"https:\/\/radioljubuski.ba\/index.php\/2021\/11\/06\/novalic-obisao-poplavljena-podrucja-opcine-konjic\/","title":{"rendered":"Novali\u0107 obi\u0161ao poplavljena podru\u010dja op\u0107ine Konjic"},"content":{"rendered":"\n<p>Premijer Federacije Bosne i Hercegovine Fadil Novali\u0107 obi\u0161ao je ve\u010deras poplavom najugro\u017eenija podru\u010dja op\u0107ine Konjic, \u010celebi\u0107e i selo Ribi\u0107i, gdje je situacija najozbiljnija.<\/p>\n\n\n\n<p>Novali\u0107 je u izjavi za medije kazao da se situacija od jutros smiruje, vodostaj je u padanju, a sanaciji \u0107e se pristupiti tek kada se voda povu\u010de.<\/p>\n\n\n\n<p>Situacija nije kao 2014.godine, jer, kako je kazao, samo vodostaj gornjih tokova rijeka Bosne i Neretve ve\u0107i, stoga je kapacitet za pru\u017eanje pomo\u0107i time uve\u0107an.<\/p>\n\n\n\n<p>&#8211; Mi smo na raspolaganju. Ukoliko i dalje budu padavine, a nadamo se da ne\u0107e. Dovest \u0107emo svu mehanizaciju, tehniku, pumpe, ali najprije vodimo ra\u010duna da \u017eivoti ljudi ne budu ugro\u017eeni, a potom da imovina ne strada i kona\u010dno da odr\u017eimo nivo sigurnosti i funkcionalnost \u017eivota na tom podru\u010dju koliko god je to mogu\u0107e \u2013 rekao je Novali\u0107.<\/p>\n\n\n\n<p>Naglasio je da je izdana naredba Civilnoj za\u0161titi Federacije BiH da poma\u017ee svuda gdje treba i gdje je najkriti\u010dnije, a kriti\u010dno je, kako je naveo, i u \u017eupaniji Sarajevo.<\/p>\n\n\n\n<p>S omjerom obima poplava premijera Novali\u0107a su upoznali i na\u010delnik Op\u0107ine Konjic Osman \u0106ati\u0107 i predsjednica Savjeta Mjesne zajednice \u010celebi\u0107 Emira Me\u0161uki\u0107.<\/p>\n\n\n\n<p>&#8211; Ljudi su \u010ditavu no\u0107 branili svoje domove. Aktivnosti su bile koordinirane s Civilnom za\u0161titom i Upravom policije Konjic. Stariji mje\u0161tani jo\u0161 nisu do\u017eivjeli da se u dva dana spusti toliko vode, to su, ka\u017eu &#8216;stogodi\u0161nje vode&#8217; \u2013 rekao je na\u010delnik \u0106ati\u0107.<\/p>\n\n\n\n<p>Izvijestio je da su tako\u0111er i podru\u010dja mjesnih zajednica Bjelimi\u0107i i Buturovi\u0107 polje poplavljena.<\/p>\n\n\n\n<p>Predsjednica Mjesne zajednice \u010celebi\u0107i Emira Ne\u0161ki\u0107 je zahvalila premijeru Novali\u0107u, \u0161to je posjetio naselje Ribi\u0107i kako bi vidio situaciju koja je sino\u0107 bila vrlo zabrinjavaju\u0107a.<\/p>\n\n\n\n<p>Ka\u017ee da su \u010ditavu no\u0107 pratili situaciju kako bi na vrijeme reagirali i spasili \u017eivote i imovinu, te navela kako je stradala i putna komunikacija.<\/p>\n\n\n\n<p>Premijer Novali\u0107 i na\u010delnik \u0106ati\u0107 su poru\u010dili da je nivo vode u opadanju, \u0161to ohrabruje da \u0107e ve\u010deras gra\u0111ani op\u0107ine Konjic i okolnih mjesta imati mirnu no\u0107.<\/p>\n\n\n\n<iframe loading=\"lazy\" title=\"Premijer Novali\u0107 obi\u0161ao poplavljena podru\u010dja op\u0107ine Konjic\" width=\"640\" height=\"360\" src=\"https:\/\/www.youtube.com\/embed\/fSvYDO1PmFw?feature=oembed\" frameborder=\"0\" allow=\"accelerometer; autoplay; clipboard-write; encrypted-media; gyroscope; picture-in-picture; web-share\" referrerpolicy=\"strict-origin-when-cross-origin\" allowfullscreen><\/iframe>\n\n\n\n<p>Izvor:pogled.ba<\/p>\n","protected":false},"excerpt":{"rendered":"<p>Premijer Federacije Bosne i Hercegovine Fadil Novali\u0107 obi\u0161ao je ve\u010deras poplavom najugro\u017eenija podru\u010dja op\u0107ine Konjic, \u010celebi\u0107e i selo Ribi\u0107i, gdje je situacija najozbiljnija. Novali\u0107 je u izjavi za medije kazao da se situacija od jutros smiruje, vodostaj je u padanju, a sanaciji \u0107e se pristupiti tek kada se voda povu\u010de. Situacija nije kao 2014.godine, jer, [&hellip;]<\/p>\n","protected":false},"author":2,"featured_media":85661,"comment_status":"closed","ping_status":"closed","sticky":false,"template":"","format":"standard","meta":{"h5ap_radio_sources":[],"footnotes":""},"categories":[1],"tags":[],"class_list":["post-85660","post","type-post","status-publish","format-standard","has-post-thumbnail","hentry","category-bihiregija"],"yoast_head":"<!-- This site is optimized with the Yoast SEO plugin v27.5 - https:\/\/yoast.com\/product\/yoast-seo-wordpress\/ -->\n<title>Novali\u0107 obi\u0161ao poplavljena podru\u010dja op\u0107ine Konjic - RADIO LJUBU\u0160KI<\/title>\n<meta name=\"robots\" content=\"index, follow, max-snippet:-1, max-image-preview:large, max-video-preview:-1\" \/>\n<link rel=\"canonical\" href=\"https:\/\/radioljubuski.ba\/index.php\/2021\/11\/06\/novalic-obisao-poplavljena-podrucja-opcine-konjic\/\" \/>\n<meta property=\"og:locale\" content=\"hr_HR\" \/>\n<meta property=\"og:type\" content=\"article\" \/>\n<meta property=\"og:title\" content=\"Novali\u0107 obi\u0161ao poplavljena podru\u010dja op\u0107ine Konjic - RADIO LJUBU\u0160KI\" \/>\n<meta property=\"og:description\" content=\"Premijer Federacije Bosne i Hercegovine Fadil Novali\u0107 obi\u0161ao je ve\u010deras poplavom najugro\u017eenija podru\u010dja op\u0107ine Konjic, \u010celebi\u0107e i selo Ribi\u0107i, gdje je situacija najozbiljnija. Novali\u0107 je u izjavi za medije kazao da se situacija od jutros smiruje, vodostaj je u padanju, a sanaciji \u0107e se pristupiti tek kada se voda povu\u010de. Situacija nije kao 2014.godine, jer, [&hellip;]\" \/>\n<meta property=\"og:url\" content=\"https:\/\/radioljubuski.ba\/index.php\/2021\/11\/06\/novalic-obisao-poplavljena-podrucja-opcine-konjic\/\" \/>\n<meta property=\"og:site_name\" content=\"RADIO LJUBU\u0160KI\" \/>\n<meta property=\"article:publisher\" content=\"https:\/\/www.facebook.com\/Radiio-Ljubuski-1490835324566332\" \/>\n<meta property=\"article:published_time\" content=\"2021-11-05T23:54:20+00:00\" \/>\n<meta property=\"article:modified_time\" content=\"2021-11-05T23:54:21+00:00\" \/>\n<meta property=\"og:image\" content=\"https:\/\/radioljubuski.ba\/wp-content\/uploads\/2021\/11\/3-2021-11-05-19-43-50-novalic-konjic.jpg\" \/>\n\t<meta property=\"og:image:width\" content=\"1000\" \/>\n\t<meta property=\"og:image:height\" content=\"625\" \/>\n\t<meta property=\"og:image:type\" content=\"image\/jpeg\" \/>\n<meta name=\"author\" content=\"Radio Ljubu\u0161ki\" \/>\n<meta name=\"twitter:card\" content=\"summary_large_image\" \/>\n<meta name=\"twitter:creator\" content=\"@radioljubuski\" \/>\n<meta name=\"twitter:site\" content=\"@radioljubuski\" \/>\n<meta name=\"twitter:label1\" content=\"Napisao\/la\" \/>\n\t<meta name=\"twitter:data1\" content=\"Radio Ljubu\u0161ki\" \/>\n\t<meta name=\"twitter:label2\" content=\"Procijenjeno vrijeme \u010ditanja\" \/>\n\t<meta name=\"twitter:data2\" content=\"2 minute\" \/>\n<script type=\"application\/ld+json\" class=\"yoast-schema-graph\">{\"@context\":\"https:\\\/\\\/schema.org\",\"@graph\":[{\"@type\":\"Article\",\"@id\":\"https:\\\/\\\/radioljubuski.ba\\\/index.php\\\/2021\\\/11\\\/06\\\/novalic-obisao-poplavljena-podrucja-opcine-konjic\\\/#article\",\"isPartOf\":{\"@id\":\"https:\\\/\\\/radioljubuski.ba\\\/index.php\\\/2021\\\/11\\\/06\\\/novalic-obisao-poplavljena-podrucja-opcine-konjic\\\/\"},\"author\":{\"name\":\"Radio Ljubu\u0161ki\",\"@id\":\"https:\\\/\\\/radioljubuski.ba\\\/#\\\/schema\\\/person\\\/19fc700381a780f69665d7956c469e3b\"},\"headline\":\"Novali\u0107 obi\u0161ao poplavljena podru\u010dja op\u0107ine Konjic\",\"datePublished\":\"2021-11-05T23:54:20+00:00\",\"dateModified\":\"2021-11-05T23:54:21+00:00\",\"mainEntityOfPage\":{\"@id\":\"https:\\\/\\\/radioljubuski.ba\\\/index.php\\\/2021\\\/11\\\/06\\\/novalic-obisao-poplavljena-podrucja-opcine-konjic\\\/\"},\"wordCount\":382,\"publisher\":{\"@id\":\"https:\\\/\\\/radioljubuski.ba\\\/#organization\"},\"image\":{\"@id\":\"https:\\\/\\\/radioljubuski.ba\\\/index.php\\\/2021\\\/11\\\/06\\\/novalic-obisao-poplavljena-podrucja-opcine-konjic\\\/#primaryimage\"},\"thumbnailUrl\":\"https:\\\/\\\/radioljubuski.ba\\\/wp-content\\\/uploads\\\/2021\\\/11\\\/3-2021-11-05-19-43-50-novalic-konjic.jpg\",\"articleSection\":[\"BIH i regija\"],\"inLanguage\":\"hr\"},{\"@type\":\"WebPage\",\"@id\":\"https:\\\/\\\/radioljubuski.ba\\\/index.php\\\/2021\\\/11\\\/06\\\/novalic-obisao-poplavljena-podrucja-opcine-konjic\\\/\",\"url\":\"https:\\\/\\\/radioljubuski.ba\\\/index.php\\\/2021\\\/11\\\/06\\\/novalic-obisao-poplavljena-podrucja-opcine-konjic\\\/\",\"name\":\"Novali\u0107 obi\u0161ao poplavljena podru\u010dja op\u0107ine Konjic - RADIO LJUBU\u0160KI\",\"isPartOf\":{\"@id\":\"https:\\\/\\\/radioljubuski.ba\\\/#website\"},\"primaryImageOfPage\":{\"@id\":\"https:\\\/\\\/radioljubuski.ba\\\/index.php\\\/2021\\\/11\\\/06\\\/novalic-obisao-poplavljena-podrucja-opcine-konjic\\\/#primaryimage\"},\"image\":{\"@id\":\"https:\\\/\\\/radioljubuski.ba\\\/index.php\\\/2021\\\/11\\\/06\\\/novalic-obisao-poplavljena-podrucja-opcine-konjic\\\/#primaryimage\"},\"thumbnailUrl\":\"https:\\\/\\\/radioljubuski.ba\\\/wp-content\\\/uploads\\\/2021\\\/11\\\/3-2021-11-05-19-43-50-novalic-konjic.jpg\",\"datePublished\":\"2021-11-05T23:54:20+00:00\",\"dateModified\":\"2021-11-05T23:54:21+00:00\",\"breadcrumb\":{\"@id\":\"https:\\\/\\\/radioljubuski.ba\\\/index.php\\\/2021\\\/11\\\/06\\\/novalic-obisao-poplavljena-podrucja-opcine-konjic\\\/#breadcrumb\"},\"inLanguage\":\"hr\",\"potentialAction\":[{\"@type\":\"ReadAction\",\"target\":[\"https:\\\/\\\/radioljubuski.ba\\\/index.php\\\/2021\\\/11\\\/06\\\/novalic-obisao-poplavljena-podrucja-opcine-konjic\\\/\"]}]},{\"@type\":\"ImageObject\",\"inLanguage\":\"hr\",\"@id\":\"https:\\\/\\\/radioljubuski.ba\\\/index.php\\\/2021\\\/11\\\/06\\\/novalic-obisao-poplavljena-podrucja-opcine-konjic\\\/#primaryimage\",\"url\":\"https:\\\/\\\/radioljubuski.ba\\\/wp-content\\\/uploads\\\/2021\\\/11\\\/3-2021-11-05-19-43-50-novalic-konjic.jpg\",\"contentUrl\":\"https:\\\/\\\/radioljubuski.ba\\\/wp-content\\\/uploads\\\/2021\\\/11\\\/3-2021-11-05-19-43-50-novalic-konjic.jpg\",\"width\":1000,\"height\":625},{\"@type\":\"BreadcrumbList\",\"@id\":\"https:\\\/\\\/radioljubuski.ba\\\/index.php\\\/2021\\\/11\\\/06\\\/novalic-obisao-poplavljena-podrucja-opcine-konjic\\\/#breadcrumb\",\"itemListElement\":[{\"@type\":\"ListItem\",\"position\":1,\"name\":\"Po\u010detna stranica\",\"item\":\"https:\\\/\\\/radioljubuski.ba\\\/\"},{\"@type\":\"ListItem\",\"position\":2,\"name\":\"Novali\u0107 obi\u0161ao poplavljena podru\u010dja op\u0107ine Konjic\"}]},{\"@type\":\"WebSite\",\"@id\":\"https:\\\/\\\/radioljubuski.ba\\\/#website\",\"url\":\"https:\\\/\\\/radioljubuski.ba\\\/\",\"name\":\"Radio Ljubu\u0161ki\",\"description\":\"Sun\u010dana frekvencija Hercegovine\",\"publisher\":{\"@id\":\"https:\\\/\\\/radioljubuski.ba\\\/#organization\"},\"potentialAction\":[{\"@type\":\"SearchAction\",\"target\":{\"@type\":\"EntryPoint\",\"urlTemplate\":\"https:\\\/\\\/radioljubuski.ba\\\/?s={search_term_string}\"},\"query-input\":{\"@type\":\"PropertyValueSpecification\",\"valueRequired\":true,\"valueName\":\"search_term_string\"}}],\"inLanguage\":\"hr\"},{\"@type\":\"Organization\",\"@id\":\"https:\\\/\\\/radioljubuski.ba\\\/#organization\",\"name\":\"Radio Ljubu\u0161ki\",\"url\":\"https:\\\/\\\/radioljubuski.ba\\\/\",\"logo\":{\"@type\":\"ImageObject\",\"inLanguage\":\"hr\",\"@id\":\"https:\\\/\\\/radioljubuski.ba\\\/#\\\/schema\\\/logo\\\/image\\\/\",\"url\":\"https:\\\/\\\/radioljubuski.ba\\\/wp-content\\\/uploads\\\/2021\\\/02\\\/cropped-Radio_Ljubuski_logo1.jpg\",\"contentUrl\":\"https:\\\/\\\/radioljubuski.ba\\\/wp-content\\\/uploads\\\/2021\\\/02\\\/cropped-Radio_Ljubuski_logo1.jpg\",\"width\":512,\"height\":512,\"caption\":\"Radio Ljubu\u0161ki\"},\"image\":{\"@id\":\"https:\\\/\\\/radioljubuski.ba\\\/#\\\/schema\\\/logo\\\/image\\\/\"},\"sameAs\":[\"https:\\\/\\\/www.facebook.com\\\/Radiio-Ljubuski-1490835324566332\",\"https:\\\/\\\/x.com\\\/radioljubuski\",\"https:\\\/\\\/hr.linkedin.com\\\/company\\\/radio-ljubuski\",\"https:\\\/\\\/www.youtube.com\\\/channel\\\/UCHYaeO_n0Db3tjNGudGpXyw\"]},{\"@type\":\"Person\",\"@id\":\"https:\\\/\\\/radioljubuski.ba\\\/#\\\/schema\\\/person\\\/19fc700381a780f69665d7956c469e3b\",\"name\":\"Radio Ljubu\u0161ki\"}]}<\/script>\n<!-- \/ Yoast SEO plugin. -->","yoast_head_json":{"title":"Novali\u0107 obi\u0161ao poplavljena podru\u010dja op\u0107ine Konjic - RADIO LJUBU\u0160KI","robots":{"index":"index","follow":"follow","max-snippet":"max-snippet:-1","max-image-preview":"max-image-preview:large","max-video-preview":"max-video-preview:-1"},"canonical":"https:\/\/radioljubuski.ba\/index.php\/2021\/11\/06\/novalic-obisao-poplavljena-podrucja-opcine-konjic\/","og_locale":"hr_HR","og_type":"article","og_title":"Novali\u0107 obi\u0161ao poplavljena podru\u010dja op\u0107ine Konjic - RADIO LJUBU\u0160KI","og_description":"Premijer Federacije Bosne i Hercegovine Fadil Novali\u0107 obi\u0161ao je ve\u010deras poplavom najugro\u017eenija podru\u010dja op\u0107ine Konjic, \u010celebi\u0107e i selo Ribi\u0107i, gdje je situacija najozbiljnija. Novali\u0107 je u izjavi za medije kazao da se situacija od jutros smiruje, vodostaj je u padanju, a sanaciji \u0107e se pristupiti tek kada se voda povu\u010de. Situacija nije kao 2014.godine, jer, [&hellip;]","og_url":"https:\/\/radioljubuski.ba\/index.php\/2021\/11\/06\/novalic-obisao-poplavljena-podrucja-opcine-konjic\/","og_site_name":"RADIO LJUBU\u0160KI","article_publisher":"https:\/\/www.facebook.com\/Radiio-Ljubuski-1490835324566332","article_published_time":"2021-11-05T23:54:20+00:00","article_modified_time":"2021-11-05T23:54:21+00:00","og_image":[{"width":1000,"height":625,"url":"https:\/\/radioljubuski.ba\/wp-content\/uploads\/2021\/11\/3-2021-11-05-19-43-50-novalic-konjic.jpg","type":"image\/jpeg"}],"author":"Radio Ljubu\u0161ki","twitter_card":"summary_large_image","twitter_creator":"@radioljubuski","twitter_site":"@radioljubuski","twitter_misc":{"Napisao\/la":"Radio Ljubu\u0161ki","Procijenjeno vrijeme \u010ditanja":"2 minute"},"schema":{"@context":"https:\/\/schema.org","@graph":[{"@type":"Article","@id":"https:\/\/radioljubuski.ba\/index.php\/2021\/11\/06\/novalic-obisao-poplavljena-podrucja-opcine-konjic\/#article","isPartOf":{"@id":"https:\/\/radioljubuski.ba\/index.php\/2021\/11\/06\/novalic-obisao-poplavljena-podrucja-opcine-konjic\/"},"author":{"name":"Radio Ljubu\u0161ki","@id":"https:\/\/radioljubuski.ba\/#\/schema\/person\/19fc700381a780f69665d7956c469e3b"},"headline":"Novali\u0107 obi\u0161ao poplavljena podru\u010dja op\u0107ine Konjic","datePublished":"2021-11-05T23:54:20+00:00","dateModified":"2021-11-05T23:54:21+00:00","mainEntityOfPage":{"@id":"https:\/\/radioljubuski.ba\/index.php\/2021\/11\/06\/novalic-obisao-poplavljena-podrucja-opcine-konjic\/"},"wordCount":382,"publisher":{"@id":"https:\/\/radioljubuski.ba\/#organization"},"image":{"@id":"https:\/\/radioljubuski.ba\/index.php\/2021\/11\/06\/novalic-obisao-poplavljena-podrucja-opcine-konjic\/#primaryimage"},"thumbnailUrl":"https:\/\/radioljubuski.ba\/wp-content\/uploads\/2021\/11\/3-2021-11-05-19-43-50-novalic-konjic.jpg","articleSection":["BIH i regija"],"inLanguage":"hr"},{"@type":"WebPage","@id":"https:\/\/radioljubuski.ba\/index.php\/2021\/11\/06\/novalic-obisao-poplavljena-podrucja-opcine-konjic\/","url":"https:\/\/radioljubuski.ba\/index.php\/2021\/11\/06\/novalic-obisao-poplavljena-podrucja-opcine-konjic\/","name":"Novali\u0107 obi\u0161ao poplavljena podru\u010dja op\u0107ine Konjic - RADIO LJUBU\u0160KI","isPartOf":{"@id":"https:\/\/radioljubuski.ba\/#website"},"primaryImageOfPage":{"@id":"https:\/\/radioljubuski.ba\/index.php\/2021\/11\/06\/novalic-obisao-poplavljena-podrucja-opcine-konjic\/#primaryimage"},"image":{"@id":"https:\/\/radioljubuski.ba\/index.php\/2021\/11\/06\/novalic-obisao-poplavljena-podrucja-opcine-konjic\/#primaryimage"},"thumbnailUrl":"https:\/\/radioljubuski.ba\/wp-content\/uploads\/2021\/11\/3-2021-11-05-19-43-50-novalic-konjic.jpg","datePublished":"2021-11-05T23:54:20+00:00","dateModified":"2021-11-05T23:54:21+00:00","breadcrumb":{"@id":"https:\/\/radioljubuski.ba\/index.php\/2021\/11\/06\/novalic-obisao-poplavljena-podrucja-opcine-konjic\/#breadcrumb"},"inLanguage":"hr","potentialAction":[{"@type":"ReadAction","target":["https:\/\/radioljubuski.ba\/index.php\/2021\/11\/06\/novalic-obisao-poplavljena-podrucja-opcine-konjic\/"]}]},{"@type":"ImageObject","inLanguage":"hr","@id":"https:\/\/radioljubuski.ba\/index.php\/2021\/11\/06\/novalic-obisao-poplavljena-podrucja-opcine-konjic\/#primaryimage","url":"https:\/\/radioljubuski.ba\/wp-content\/uploads\/2021\/11\/3-2021-11-05-19-43-50-novalic-konjic.jpg","contentUrl":"https:\/\/radioljubuski.ba\/wp-content\/uploads\/2021\/11\/3-2021-11-05-19-43-50-novalic-konjic.jpg","width":1000,"height":625},{"@type":"BreadcrumbList","@id":"https:\/\/radioljubuski.ba\/index.php\/2021\/11\/06\/novalic-obisao-poplavljena-podrucja-opcine-konjic\/#breadcrumb","itemListElement":[{"@type":"ListItem","position":1,"name":"Po\u010detna stranica","item":"https:\/\/radioljubuski.ba\/"},{"@type":"ListItem","position":2,"name":"Novali\u0107 obi\u0161ao poplavljena podru\u010dja op\u0107ine Konjic"}]},{"@type":"WebSite","@id":"https:\/\/radioljubuski.ba\/#website","url":"https:\/\/radioljubuski.ba\/","name":"Radio Ljubu\u0161ki","description":"Sun\u010dana frekvencija Hercegovine","publisher":{"@id":"https:\/\/radioljubuski.ba\/#organization"},"potentialAction":[{"@type":"SearchAction","target":{"@type":"EntryPoint","urlTemplate":"https:\/\/radioljubuski.ba\/?s={search_term_string}"},"query-input":{"@type":"PropertyValueSpecification","valueRequired":true,"valueName":"search_term_string"}}],"inLanguage":"hr"},{"@type":"Organization","@id":"https:\/\/radioljubuski.ba\/#organization","name":"Radio Ljubu\u0161ki","url":"https:\/\/radioljubuski.ba\/","logo":{"@type":"ImageObject","inLanguage":"hr","@id":"https:\/\/radioljubuski.ba\/#\/schema\/logo\/image\/","url":"https:\/\/radioljubuski.ba\/wp-content\/uploads\/2021\/02\/cropped-Radio_Ljubuski_logo1.jpg","contentUrl":"https:\/\/radioljubuski.ba\/wp-content\/uploads\/2021\/02\/cropped-Radio_Ljubuski_logo1.jpg","width":512,"height":512,"caption":"Radio Ljubu\u0161ki"},"image":{"@id":"https:\/\/radioljubuski.ba\/#\/schema\/logo\/image\/"},"sameAs":["https:\/\/www.facebook.com\/Radiio-Ljubuski-1490835324566332","https:\/\/x.com\/radioljubuski","https:\/\/hr.linkedin.com\/company\/radio-ljubuski","https:\/\/www.youtube.com\/channel\/UCHYaeO_n0Db3tjNGudGpXyw"]},{"@type":"Person","@id":"https:\/\/radioljubuski.ba\/#\/schema\/person\/19fc700381a780f69665d7956c469e3b","name":"Radio Ljubu\u0161ki"}]}},"_links":{"self":[{"href":"https:\/\/radioljubuski.ba\/index.php\/wp-json\/wp\/v2\/posts\/85660","targetHints":{"allow":["GET"]}}],"collection":[{"href":"https:\/\/radioljubuski.ba\/index.php\/wp-json\/wp\/v2\/posts"}],"about":[{"href":"https:\/\/radioljubuski.ba\/index.php\/wp-json\/wp\/v2\/types\/post"}],"author":[{"embeddable":true,"href":"https:\/\/radioljubuski.ba\/index.php\/wp-json\/wp\/v2\/users\/2"}],"replies":[{"embeddable":true,"href":"https:\/\/radioljubuski.ba\/index.php\/wp-json\/wp\/v2\/comments?post=85660"}],"version-history":[{"count":1,"href":"https:\/\/radioljubuski.ba\/index.php\/wp-json\/wp\/v2\/posts\/85660\/revisions"}],"predecessor-version":[{"id":85662,"href":"https:\/\/radioljubuski.ba\/index.php\/wp-json\/wp\/v2\/posts\/85660\/revisions\/85662"}],"wp:featuredmedia":[{"embeddable":true,"href":"https:\/\/radioljubuski.ba\/index.php\/wp-json\/wp\/v2\/media\/85661"}],"wp:attachment":[{"href":"https:\/\/radioljubuski.ba\/index.php\/wp-json\/wp\/v2\/media?parent=85660"}],"wp:term":[{"taxonomy":"category","embeddable":true,"href":"https:\/\/radioljubuski.ba\/index.php\/wp-json\/wp\/v2\/categories?post=85660"},{"taxonomy":"post_tag","embeddable":true,"href":"https:\/\/radioljubuski.ba\/index.php\/wp-json\/wp\/v2\/tags?post=85660"}],"curies":[{"name":"wp","href":"https:\/\/api.w.org\/{rel}","templated":true}]}}