{"id":85663,"date":"2021-11-06T00:56:10","date_gmt":"2021-11-05T23:56:10","guid":{"rendered":"https:\/\/radioljubuski.ba\/?p=85663"},"modified":"2021-11-06T00:56:12","modified_gmt":"2021-11-05T23:56:12","slug":"od-posljedica-korone-u-beogradu-preminuo-djecak-od-17-godina","status":"publish","type":"post","link":"https:\/\/radioljubuski.ba\/index.php\/2021\/11\/06\/od-posljedica-korone-u-beogradu-preminuo-djecak-od-17-godina\/","title":{"rendered":"Od posljedica korone u Beogradu preminuo dje\u010dak od 17 godina"},"content":{"rendered":"\n<p>Dje\u010dak star 17 godina, koji je zbog kovida bio na respiratoru u Institutu za majku i dijete &#8220;Dr Vukan \u010cupi\u0107&#8221; u Beogradu preminuo je od posljedica infekcije virusom korona, a kako je rekao prof. dr Predrag Mini\u0107, na\u010delnik pulmologije iz ovog instituta, medicinski radnici uradili su sve da ga spase.<\/p>\n\n\n\n<p>Dje\u010dak se na vje\u0161ta\u010dkoj ventilaciji nalazio skoro \u010detiri tjedna, ubrzo po\u0161to je primljen na lije\u010denje u ovu ustanovu.<\/p>\n\n\n\n<p>&#8220;On je stigao kod nas iz unutra\u0161njosti, po\u0161to su ga u lokalnoj bolnici poslije pozitivnog testa na virus korona hitno uputili za Beograd&#8221;, rekao je za &#8220;Ve\u010dernje novosti&#8221; profesor Mini\u0107.<\/p>\n\n\n\n<p>On je dodao da je dje\u010dak bio malo gojazan, ali nije imao nikakvih pridru\u017eenih bolesti.<\/p>\n\n\n\n<p>&#8220;Virus korona koji je njega zahvatio bio je iste ja\u010dine kao onaj kod odraslih ljudi. Ubrzo po primanju u na\u0161u bolnicu, gdje je proveo \u010detiri tjedna, morali smo da ga priklju\u010dimo na respirator. Na\u017ealost, poslije herojske borbe svih zaposlenih, tinejd\u017eer je ju\u010der izgubio najbitniju \u017eivotnu bitku&#8221;, rekao je Mini\u0107.<\/p>\n\n\n\n<p>On je dodao da, ipak, ima i neke dobre vijesti o lije\u010denju malih covid pacijenata.<\/p>\n\n\n\n<p>&#8220;Pre nekoliko dana uspeli smo da skinemo bebu od \u0161est mjeseci s respiratora, a ju\u010der i sedmogodi\u0161nje dijete&#8221;, kazao je prof. Mini\u0107, dodaju\u0107i da je to fantasti\u010dan uspjeh, po\u0161to su prognoze za njih dvoje bile izuzetno lo\u0161e.<\/p>\n\n\n\n<p>&#8220;U na\u0161oj ustanovi imamo jo\u0161 jedno dijete na respiratoru, ali mogu da ka\u017eem da smo umjereni optimisti posljednjih nekoliko dana da \u0107e se sve sretno zavr\u0161iti&#8221;, zaklju\u010dio je on.<\/p>\n\n\n\n<p>Izvor:nezavisne.com<\/p>\n","protected":false},"excerpt":{"rendered":"<p>Dje\u010dak star 17 godina, koji je zbog kovida bio na respiratoru u Institutu za majku i dijete &#8220;Dr Vukan \u010cupi\u0107&#8221; u Beogradu preminuo je od posljedica infekcije virusom korona, a kako je rekao prof. dr Predrag Mini\u0107, na\u010delnik pulmologije iz ovog instituta, medicinski radnici uradili su sve da ga spase. Dje\u010dak se na vje\u0161ta\u010dkoj ventilaciji [&hellip;]<\/p>\n","protected":false},"author":2,"featured_media":6568,"comment_status":"closed","ping_status":"closed","sticky":false,"template":"","format":"standard","meta":{"h5ap_radio_sources":[],"footnotes":""},"categories":[1],"tags":[],"class_list":["post-85663","post","type-post","status-publish","format-standard","has-post-thumbnail","hentry","category-bihiregija"],"yoast_head":"<!-- This site is optimized with the Yoast SEO plugin v27.5 - https:\/\/yoast.com\/product\/yoast-seo-wordpress\/ -->\n<title>Od posljedica korone u Beogradu preminuo dje\u010dak od 17 godina - RADIO LJUBU\u0160KI<\/title>\n<meta name=\"robots\" content=\"index, follow, max-snippet:-1, max-image-preview:large, max-video-preview:-1\" \/>\n<link rel=\"canonical\" href=\"https:\/\/radioljubuski.ba\/index.php\/2021\/11\/06\/od-posljedica-korone-u-beogradu-preminuo-djecak-od-17-godina\/\" \/>\n<meta property=\"og:locale\" content=\"hr_HR\" \/>\n<meta property=\"og:type\" content=\"article\" \/>\n<meta property=\"og:title\" content=\"Od posljedica korone u Beogradu preminuo dje\u010dak od 17 godina - RADIO LJUBU\u0160KI\" \/>\n<meta property=\"og:description\" content=\"Dje\u010dak star 17 godina, koji je zbog kovida bio na respiratoru u Institutu za majku i dijete &#8220;Dr Vukan \u010cupi\u0107&#8221; u Beogradu preminuo je od posljedica infekcije virusom korona, a kako je rekao prof. dr Predrag Mini\u0107, na\u010delnik pulmologije iz ovog instituta, medicinski radnici uradili su sve da ga spase. Dje\u010dak se na vje\u0161ta\u010dkoj ventilaciji [&hellip;]\" \/>\n<meta property=\"og:url\" content=\"https:\/\/radioljubuski.ba\/index.php\/2021\/11\/06\/od-posljedica-korone-u-beogradu-preminuo-djecak-od-17-godina\/\" \/>\n<meta property=\"og:site_name\" content=\"RADIO LJUBU\u0160KI\" \/>\n<meta property=\"article:publisher\" content=\"https:\/\/www.facebook.com\/Radiio-Ljubuski-1490835324566332\" \/>\n<meta property=\"article:published_time\" content=\"2021-11-05T23:56:10+00:00\" \/>\n<meta property=\"article:modified_time\" content=\"2021-11-05T23:56:12+00:00\" \/>\n<meta property=\"og:image\" content=\"https:\/\/radioljubuski.ba\/wp-content\/uploads\/2021\/03\/korona-hr-1068x801-1.jpg\" \/>\n\t<meta property=\"og:image:width\" content=\"1068\" \/>\n\t<meta property=\"og:image:height\" content=\"801\" \/>\n\t<meta property=\"og:image:type\" content=\"image\/jpeg\" \/>\n<meta name=\"author\" content=\"Radio Ljubu\u0161ki\" \/>\n<meta name=\"twitter:card\" content=\"summary_large_image\" \/>\n<meta name=\"twitter:creator\" content=\"@radioljubuski\" \/>\n<meta name=\"twitter:site\" content=\"@radioljubuski\" \/>\n<meta name=\"twitter:label1\" content=\"Napisao\/la\" \/>\n\t<meta name=\"twitter:data1\" content=\"Radio Ljubu\u0161ki\" \/>\n\t<meta name=\"twitter:label2\" content=\"Procijenjeno vrijeme \u010ditanja\" \/>\n\t<meta name=\"twitter:data2\" content=\"2 minute\" \/>\n<script type=\"application\/ld+json\" class=\"yoast-schema-graph\">{\"@context\":\"https:\\\/\\\/schema.org\",\"@graph\":[{\"@type\":\"Article\",\"@id\":\"https:\\\/\\\/radioljubuski.ba\\\/index.php\\\/2021\\\/11\\\/06\\\/od-posljedica-korone-u-beogradu-preminuo-djecak-od-17-godina\\\/#article\",\"isPartOf\":{\"@id\":\"https:\\\/\\\/radioljubuski.ba\\\/index.php\\\/2021\\\/11\\\/06\\\/od-posljedica-korone-u-beogradu-preminuo-djecak-od-17-godina\\\/\"},\"author\":{\"name\":\"Radio Ljubu\u0161ki\",\"@id\":\"https:\\\/\\\/radioljubuski.ba\\\/#\\\/schema\\\/person\\\/19fc700381a780f69665d7956c469e3b\"},\"headline\":\"Od posljedica korone u Beogradu preminuo dje\u010dak od 17 godina\",\"datePublished\":\"2021-11-05T23:56:10+00:00\",\"dateModified\":\"2021-11-05T23:56:12+00:00\",\"mainEntityOfPage\":{\"@id\":\"https:\\\/\\\/radioljubuski.ba\\\/index.php\\\/2021\\\/11\\\/06\\\/od-posljedica-korone-u-beogradu-preminuo-djecak-od-17-godina\\\/\"},\"wordCount\":284,\"publisher\":{\"@id\":\"https:\\\/\\\/radioljubuski.ba\\\/#organization\"},\"image\":{\"@id\":\"https:\\\/\\\/radioljubuski.ba\\\/index.php\\\/2021\\\/11\\\/06\\\/od-posljedica-korone-u-beogradu-preminuo-djecak-od-17-godina\\\/#primaryimage\"},\"thumbnailUrl\":\"https:\\\/\\\/radioljubuski.ba\\\/wp-content\\\/uploads\\\/2021\\\/03\\\/korona-hr-1068x801-1.jpg\",\"articleSection\":[\"BIH i regija\"],\"inLanguage\":\"hr\"},{\"@type\":\"WebPage\",\"@id\":\"https:\\\/\\\/radioljubuski.ba\\\/index.php\\\/2021\\\/11\\\/06\\\/od-posljedica-korone-u-beogradu-preminuo-djecak-od-17-godina\\\/\",\"url\":\"https:\\\/\\\/radioljubuski.ba\\\/index.php\\\/2021\\\/11\\\/06\\\/od-posljedica-korone-u-beogradu-preminuo-djecak-od-17-godina\\\/\",\"name\":\"Od posljedica korone u Beogradu preminuo dje\u010dak od 17 godina - RADIO LJUBU\u0160KI\",\"isPartOf\":{\"@id\":\"https:\\\/\\\/radioljubuski.ba\\\/#website\"},\"primaryImageOfPage\":{\"@id\":\"https:\\\/\\\/radioljubuski.ba\\\/index.php\\\/2021\\\/11\\\/06\\\/od-posljedica-korone-u-beogradu-preminuo-djecak-od-17-godina\\\/#primaryimage\"},\"image\":{\"@id\":\"https:\\\/\\\/radioljubuski.ba\\\/index.php\\\/2021\\\/11\\\/06\\\/od-posljedica-korone-u-beogradu-preminuo-djecak-od-17-godina\\\/#primaryimage\"},\"thumbnailUrl\":\"https:\\\/\\\/radioljubuski.ba\\\/wp-content\\\/uploads\\\/2021\\\/03\\\/korona-hr-1068x801-1.jpg\",\"datePublished\":\"2021-11-05T23:56:10+00:00\",\"dateModified\":\"2021-11-05T23:56:12+00:00\",\"breadcrumb\":{\"@id\":\"https:\\\/\\\/radioljubuski.ba\\\/index.php\\\/2021\\\/11\\\/06\\\/od-posljedica-korone-u-beogradu-preminuo-djecak-od-17-godina\\\/#breadcrumb\"},\"inLanguage\":\"hr\",\"potentialAction\":[{\"@type\":\"ReadAction\",\"target\":[\"https:\\\/\\\/radioljubuski.ba\\\/index.php\\\/2021\\\/11\\\/06\\\/od-posljedica-korone-u-beogradu-preminuo-djecak-od-17-godina\\\/\"]}]},{\"@type\":\"ImageObject\",\"inLanguage\":\"hr\",\"@id\":\"https:\\\/\\\/radioljubuski.ba\\\/index.php\\\/2021\\\/11\\\/06\\\/od-posljedica-korone-u-beogradu-preminuo-djecak-od-17-godina\\\/#primaryimage\",\"url\":\"https:\\\/\\\/radioljubuski.ba\\\/wp-content\\\/uploads\\\/2021\\\/03\\\/korona-hr-1068x801-1.jpg\",\"contentUrl\":\"https:\\\/\\\/radioljubuski.ba\\\/wp-content\\\/uploads\\\/2021\\\/03\\\/korona-hr-1068x801-1.jpg\",\"width\":1068,\"height\":801,\"caption\":\"23.07.2020., Zagreb - U Nastavnom zavodu za javno zdravstvo \\\"Dr. Andrija Stampar\\\" djelatnici uzimaju briseve za dijagnostiku koronavirusa. Od danas je smanjena cijena testova sa 1506 kn na cijenu PCR testa, 501,49 kuna za dvije ciljane sekvence genoma virusa i 698,21 za tri sekvence. Photo: Zeljko Lukunic\\\/PIXSELL\"},{\"@type\":\"BreadcrumbList\",\"@id\":\"https:\\\/\\\/radioljubuski.ba\\\/index.php\\\/2021\\\/11\\\/06\\\/od-posljedica-korone-u-beogradu-preminuo-djecak-od-17-godina\\\/#breadcrumb\",\"itemListElement\":[{\"@type\":\"ListItem\",\"position\":1,\"name\":\"Po\u010detna stranica\",\"item\":\"https:\\\/\\\/radioljubuski.ba\\\/\"},{\"@type\":\"ListItem\",\"position\":2,\"name\":\"Od posljedica korone u Beogradu preminuo dje\u010dak od 17 godina\"}]},{\"@type\":\"WebSite\",\"@id\":\"https:\\\/\\\/radioljubuski.ba\\\/#website\",\"url\":\"https:\\\/\\\/radioljubuski.ba\\\/\",\"name\":\"Radio Ljubu\u0161ki\",\"description\":\"Sun\u010dana frekvencija Hercegovine\",\"publisher\":{\"@id\":\"https:\\\/\\\/radioljubuski.ba\\\/#organization\"},\"potentialAction\":[{\"@type\":\"SearchAction\",\"target\":{\"@type\":\"EntryPoint\",\"urlTemplate\":\"https:\\\/\\\/radioljubuski.ba\\\/?s={search_term_string}\"},\"query-input\":{\"@type\":\"PropertyValueSpecification\",\"valueRequired\":true,\"valueName\":\"search_term_string\"}}],\"inLanguage\":\"hr\"},{\"@type\":\"Organization\",\"@id\":\"https:\\\/\\\/radioljubuski.ba\\\/#organization\",\"name\":\"Radio Ljubu\u0161ki\",\"url\":\"https:\\\/\\\/radioljubuski.ba\\\/\",\"logo\":{\"@type\":\"ImageObject\",\"inLanguage\":\"hr\",\"@id\":\"https:\\\/\\\/radioljubuski.ba\\\/#\\\/schema\\\/logo\\\/image\\\/\",\"url\":\"https:\\\/\\\/radioljubuski.ba\\\/wp-content\\\/uploads\\\/2021\\\/02\\\/cropped-Radio_Ljubuski_logo1.jpg\",\"contentUrl\":\"https:\\\/\\\/radioljubuski.ba\\\/wp-content\\\/uploads\\\/2021\\\/02\\\/cropped-Radio_Ljubuski_logo1.jpg\",\"width\":512,\"height\":512,\"caption\":\"Radio Ljubu\u0161ki\"},\"image\":{\"@id\":\"https:\\\/\\\/radioljubuski.ba\\\/#\\\/schema\\\/logo\\\/image\\\/\"},\"sameAs\":[\"https:\\\/\\\/www.facebook.com\\\/Radiio-Ljubuski-1490835324566332\",\"https:\\\/\\\/x.com\\\/radioljubuski\",\"https:\\\/\\\/hr.linkedin.com\\\/company\\\/radio-ljubuski\",\"https:\\\/\\\/www.youtube.com\\\/channel\\\/UCHYaeO_n0Db3tjNGudGpXyw\"]},{\"@type\":\"Person\",\"@id\":\"https:\\\/\\\/radioljubuski.ba\\\/#\\\/schema\\\/person\\\/19fc700381a780f69665d7956c469e3b\",\"name\":\"Radio Ljubu\u0161ki\"}]}<\/script>\n<!-- \/ Yoast SEO plugin. -->","yoast_head_json":{"title":"Od posljedica korone u Beogradu preminuo dje\u010dak od 17 godina - RADIO LJUBU\u0160KI","robots":{"index":"index","follow":"follow","max-snippet":"max-snippet:-1","max-image-preview":"max-image-preview:large","max-video-preview":"max-video-preview:-1"},"canonical":"https:\/\/radioljubuski.ba\/index.php\/2021\/11\/06\/od-posljedica-korone-u-beogradu-preminuo-djecak-od-17-godina\/","og_locale":"hr_HR","og_type":"article","og_title":"Od posljedica korone u Beogradu preminuo dje\u010dak od 17 godina - RADIO LJUBU\u0160KI","og_description":"Dje\u010dak star 17 godina, koji je zbog kovida bio na respiratoru u Institutu za majku i dijete &#8220;Dr Vukan \u010cupi\u0107&#8221; u Beogradu preminuo je od posljedica infekcije virusom korona, a kako je rekao prof. dr Predrag Mini\u0107, na\u010delnik pulmologije iz ovog instituta, medicinski radnici uradili su sve da ga spase. Dje\u010dak se na vje\u0161ta\u010dkoj ventilaciji [&hellip;]","og_url":"https:\/\/radioljubuski.ba\/index.php\/2021\/11\/06\/od-posljedica-korone-u-beogradu-preminuo-djecak-od-17-godina\/","og_site_name":"RADIO LJUBU\u0160KI","article_publisher":"https:\/\/www.facebook.com\/Radiio-Ljubuski-1490835324566332","article_published_time":"2021-11-05T23:56:10+00:00","article_modified_time":"2021-11-05T23:56:12+00:00","og_image":[{"width":1068,"height":801,"url":"https:\/\/radioljubuski.ba\/wp-content\/uploads\/2021\/03\/korona-hr-1068x801-1.jpg","type":"image\/jpeg"}],"author":"Radio Ljubu\u0161ki","twitter_card":"summary_large_image","twitter_creator":"@radioljubuski","twitter_site":"@radioljubuski","twitter_misc":{"Napisao\/la":"Radio Ljubu\u0161ki","Procijenjeno vrijeme \u010ditanja":"2 minute"},"schema":{"@context":"https:\/\/schema.org","@graph":[{"@type":"Article","@id":"https:\/\/radioljubuski.ba\/index.php\/2021\/11\/06\/od-posljedica-korone-u-beogradu-preminuo-djecak-od-17-godina\/#article","isPartOf":{"@id":"https:\/\/radioljubuski.ba\/index.php\/2021\/11\/06\/od-posljedica-korone-u-beogradu-preminuo-djecak-od-17-godina\/"},"author":{"name":"Radio Ljubu\u0161ki","@id":"https:\/\/radioljubuski.ba\/#\/schema\/person\/19fc700381a780f69665d7956c469e3b"},"headline":"Od posljedica korone u Beogradu preminuo dje\u010dak od 17 godina","datePublished":"2021-11-05T23:56:10+00:00","dateModified":"2021-11-05T23:56:12+00:00","mainEntityOfPage":{"@id":"https:\/\/radioljubuski.ba\/index.php\/2021\/11\/06\/od-posljedica-korone-u-beogradu-preminuo-djecak-od-17-godina\/"},"wordCount":284,"publisher":{"@id":"https:\/\/radioljubuski.ba\/#organization"},"image":{"@id":"https:\/\/radioljubuski.ba\/index.php\/2021\/11\/06\/od-posljedica-korone-u-beogradu-preminuo-djecak-od-17-godina\/#primaryimage"},"thumbnailUrl":"https:\/\/radioljubuski.ba\/wp-content\/uploads\/2021\/03\/korona-hr-1068x801-1.jpg","articleSection":["BIH i regija"],"inLanguage":"hr"},{"@type":"WebPage","@id":"https:\/\/radioljubuski.ba\/index.php\/2021\/11\/06\/od-posljedica-korone-u-beogradu-preminuo-djecak-od-17-godina\/","url":"https:\/\/radioljubuski.ba\/index.php\/2021\/11\/06\/od-posljedica-korone-u-beogradu-preminuo-djecak-od-17-godina\/","name":"Od posljedica korone u Beogradu preminuo dje\u010dak od 17 godina - RADIO LJUBU\u0160KI","isPartOf":{"@id":"https:\/\/radioljubuski.ba\/#website"},"primaryImageOfPage":{"@id":"https:\/\/radioljubuski.ba\/index.php\/2021\/11\/06\/od-posljedica-korone-u-beogradu-preminuo-djecak-od-17-godina\/#primaryimage"},"image":{"@id":"https:\/\/radioljubuski.ba\/index.php\/2021\/11\/06\/od-posljedica-korone-u-beogradu-preminuo-djecak-od-17-godina\/#primaryimage"},"thumbnailUrl":"https:\/\/radioljubuski.ba\/wp-content\/uploads\/2021\/03\/korona-hr-1068x801-1.jpg","datePublished":"2021-11-05T23:56:10+00:00","dateModified":"2021-11-05T23:56:12+00:00","breadcrumb":{"@id":"https:\/\/radioljubuski.ba\/index.php\/2021\/11\/06\/od-posljedica-korone-u-beogradu-preminuo-djecak-od-17-godina\/#breadcrumb"},"inLanguage":"hr","potentialAction":[{"@type":"ReadAction","target":["https:\/\/radioljubuski.ba\/index.php\/2021\/11\/06\/od-posljedica-korone-u-beogradu-preminuo-djecak-od-17-godina\/"]}]},{"@type":"ImageObject","inLanguage":"hr","@id":"https:\/\/radioljubuski.ba\/index.php\/2021\/11\/06\/od-posljedica-korone-u-beogradu-preminuo-djecak-od-17-godina\/#primaryimage","url":"https:\/\/radioljubuski.ba\/wp-content\/uploads\/2021\/03\/korona-hr-1068x801-1.jpg","contentUrl":"https:\/\/radioljubuski.ba\/wp-content\/uploads\/2021\/03\/korona-hr-1068x801-1.jpg","width":1068,"height":801,"caption":"23.07.2020., Zagreb - U Nastavnom zavodu za javno zdravstvo \"Dr. Andrija Stampar\" djelatnici uzimaju briseve za dijagnostiku koronavirusa. Od danas je smanjena cijena testova sa 1506 kn na cijenu PCR testa, 501,49 kuna za dvije ciljane sekvence genoma virusa i 698,21 za tri sekvence. Photo: Zeljko Lukunic\/PIXSELL"},{"@type":"BreadcrumbList","@id":"https:\/\/radioljubuski.ba\/index.php\/2021\/11\/06\/od-posljedica-korone-u-beogradu-preminuo-djecak-od-17-godina\/#breadcrumb","itemListElement":[{"@type":"ListItem","position":1,"name":"Po\u010detna stranica","item":"https:\/\/radioljubuski.ba\/"},{"@type":"ListItem","position":2,"name":"Od posljedica korone u Beogradu preminuo dje\u010dak od 17 godina"}]},{"@type":"WebSite","@id":"https:\/\/radioljubuski.ba\/#website","url":"https:\/\/radioljubuski.ba\/","name":"Radio Ljubu\u0161ki","description":"Sun\u010dana frekvencija Hercegovine","publisher":{"@id":"https:\/\/radioljubuski.ba\/#organization"},"potentialAction":[{"@type":"SearchAction","target":{"@type":"EntryPoint","urlTemplate":"https:\/\/radioljubuski.ba\/?s={search_term_string}"},"query-input":{"@type":"PropertyValueSpecification","valueRequired":true,"valueName":"search_term_string"}}],"inLanguage":"hr"},{"@type":"Organization","@id":"https:\/\/radioljubuski.ba\/#organization","name":"Radio Ljubu\u0161ki","url":"https:\/\/radioljubuski.ba\/","logo":{"@type":"ImageObject","inLanguage":"hr","@id":"https:\/\/radioljubuski.ba\/#\/schema\/logo\/image\/","url":"https:\/\/radioljubuski.ba\/wp-content\/uploads\/2021\/02\/cropped-Radio_Ljubuski_logo1.jpg","contentUrl":"https:\/\/radioljubuski.ba\/wp-content\/uploads\/2021\/02\/cropped-Radio_Ljubuski_logo1.jpg","width":512,"height":512,"caption":"Radio Ljubu\u0161ki"},"image":{"@id":"https:\/\/radioljubuski.ba\/#\/schema\/logo\/image\/"},"sameAs":["https:\/\/www.facebook.com\/Radiio-Ljubuski-1490835324566332","https:\/\/x.com\/radioljubuski","https:\/\/hr.linkedin.com\/company\/radio-ljubuski","https:\/\/www.youtube.com\/channel\/UCHYaeO_n0Db3tjNGudGpXyw"]},{"@type":"Person","@id":"https:\/\/radioljubuski.ba\/#\/schema\/person\/19fc700381a780f69665d7956c469e3b","name":"Radio Ljubu\u0161ki"}]}},"_links":{"self":[{"href":"https:\/\/radioljubuski.ba\/index.php\/wp-json\/wp\/v2\/posts\/85663","targetHints":{"allow":["GET"]}}],"collection":[{"href":"https:\/\/radioljubuski.ba\/index.php\/wp-json\/wp\/v2\/posts"}],"about":[{"href":"https:\/\/radioljubuski.ba\/index.php\/wp-json\/wp\/v2\/types\/post"}],"author":[{"embeddable":true,"href":"https:\/\/radioljubuski.ba\/index.php\/wp-json\/wp\/v2\/users\/2"}],"replies":[{"embeddable":true,"href":"https:\/\/radioljubuski.ba\/index.php\/wp-json\/wp\/v2\/comments?post=85663"}],"version-history":[{"count":1,"href":"https:\/\/radioljubuski.ba\/index.php\/wp-json\/wp\/v2\/posts\/85663\/revisions"}],"predecessor-version":[{"id":85664,"href":"https:\/\/radioljubuski.ba\/index.php\/wp-json\/wp\/v2\/posts\/85663\/revisions\/85664"}],"wp:featuredmedia":[{"embeddable":true,"href":"https:\/\/radioljubuski.ba\/index.php\/wp-json\/wp\/v2\/media\/6568"}],"wp:attachment":[{"href":"https:\/\/radioljubuski.ba\/index.php\/wp-json\/wp\/v2\/media?parent=85663"}],"wp:term":[{"taxonomy":"category","embeddable":true,"href":"https:\/\/radioljubuski.ba\/index.php\/wp-json\/wp\/v2\/categories?post=85663"},{"taxonomy":"post_tag","embeddable":true,"href":"https:\/\/radioljubuski.ba\/index.php\/wp-json\/wp\/v2\/tags?post=85663"}],"curies":[{"name":"wp","href":"https:\/\/api.w.org\/{rel}","templated":true}]}}