{"id":85665,"date":"2021-11-06T00:57:30","date_gmt":"2021-11-05T23:57:30","guid":{"rendered":"https:\/\/radioljubuski.ba\/?p=85665"},"modified":"2021-11-06T00:57:30","modified_gmt":"2021-11-05T23:57:30","slug":"zbog-obljube-nad-djevojcicom-uhicen-predsjednik-boksackog-saveza-rs","status":"publish","type":"post","link":"https:\/\/radioljubuski.ba\/index.php\/2021\/11\/06\/zbog-obljube-nad-djevojcicom-uhicen-predsjednik-boksackog-saveza-rs\/","title":{"rendered":"Zbog obljube nad djevoj\u010dicom uhi\u0107en predsjednik Boksa\u010dkog saveza RS"},"content":{"rendered":"\n<p>Bijeljinska policija uhitila je Milenka Tomi\u0107a, predsjednika Boksa\u010dkog saveza RS i generalnog tajnika Bokserskog saveza BiH zbog sumnje da je obljubio \u010detrnaestogodi\u0161nju djevoj\u010dicu.<\/p>\n\n\n\n<p>&nbsp;Za Tomi\u0107a je Okru\u017eno javno tu\u017eiteljstvo u Bijeljini zatra\u017eilo jednomjese\u010dni pritvor, a Okru\u017eni sud u Bijeljini je taj prijedlog prihvatio i odredio mu pritvor.<\/p>\n\n\n\n<p>Nakon \u0161to je uhi\u0107en \u010detvrti studenog, zbog sumnje da je nad maloljetnom \u010detrnaestogodi\u0161njom djevoj\u010dicom izvr\u0161io obljubu, Tomi\u0107 je saslu\u0161an u svojstvu osumnji\u010denog, nakon \u010dega je Okru\u017eno javno tu\u017eiteljstvo u Bijeljini predlo\u017eilo odre\u0111ivanje pritvora zbog bojazni da bi njegovim pu\u0161tanjem na slobodu mogao utjecati na svjedoke i da bi moglo do\u0107i do naru\u0161avanja javnog reda i mira.<\/p>\n\n\n\n<p>Izvor:avaz.ba<\/p>\n","protected":false},"excerpt":{"rendered":"<p>Bijeljinska policija uhitila je Milenka Tomi\u0107a, predsjednika Boksa\u010dkog saveza RS i generalnog tajnika Bokserskog saveza BiH zbog sumnje da je obljubio \u010detrnaestogodi\u0161nju djevoj\u010dicu. &nbsp;Za Tomi\u0107a je Okru\u017eno javno tu\u017eiteljstvo u Bijeljini zatra\u017eilo jednomjese\u010dni pritvor, a Okru\u017eni sud u Bijeljini je taj prijedlog prihvatio i odredio mu pritvor. Nakon \u0161to je uhi\u0107en \u010detvrti studenog, zbog sumnje [&hellip;]<\/p>\n","protected":false},"author":2,"featured_media":85666,"comment_status":"closed","ping_status":"closed","sticky":false,"template":"","format":"standard","meta":{"h5ap_radio_sources":[],"footnotes":""},"categories":[1],"tags":[],"class_list":["post-85665","post","type-post","status-publish","format-standard","has-post-thumbnail","hentry","category-bihiregija"],"yoast_head":"<!-- This site is optimized with the Yoast SEO plugin v27.5 - https:\/\/yoast.com\/product\/yoast-seo-wordpress\/ -->\n<title>Zbog obljube nad djevoj\u010dicom uhi\u0107en predsjednik Boksa\u010dkog saveza RS - RADIO LJUBU\u0160KI<\/title>\n<meta name=\"robots\" content=\"index, follow, max-snippet:-1, max-image-preview:large, max-video-preview:-1\" \/>\n<link rel=\"canonical\" href=\"https:\/\/radioljubuski.ba\/index.php\/2021\/11\/06\/zbog-obljube-nad-djevojcicom-uhicen-predsjednik-boksackog-saveza-rs\/\" \/>\n<meta property=\"og:locale\" content=\"hr_HR\" \/>\n<meta property=\"og:type\" content=\"article\" \/>\n<meta property=\"og:title\" content=\"Zbog obljube nad djevoj\u010dicom uhi\u0107en predsjednik Boksa\u010dkog saveza RS - RADIO LJUBU\u0160KI\" \/>\n<meta property=\"og:description\" content=\"Bijeljinska policija uhitila je Milenka Tomi\u0107a, predsjednika Boksa\u010dkog saveza RS i generalnog tajnika Bokserskog saveza BiH zbog sumnje da je obljubio \u010detrnaestogodi\u0161nju djevoj\u010dicu. &nbsp;Za Tomi\u0107a je Okru\u017eno javno tu\u017eiteljstvo u Bijeljini zatra\u017eilo jednomjese\u010dni pritvor, a Okru\u017eni sud u Bijeljini je taj prijedlog prihvatio i odredio mu pritvor. Nakon \u0161to je uhi\u0107en \u010detvrti studenog, zbog sumnje [&hellip;]\" \/>\n<meta property=\"og:url\" content=\"https:\/\/radioljubuski.ba\/index.php\/2021\/11\/06\/zbog-obljube-nad-djevojcicom-uhicen-predsjednik-boksackog-saveza-rs\/\" \/>\n<meta property=\"og:site_name\" content=\"RADIO LJUBU\u0160KI\" \/>\n<meta property=\"article:publisher\" content=\"https:\/\/www.facebook.com\/Radiio-Ljubuski-1490835324566332\" \/>\n<meta property=\"article:published_time\" content=\"2021-11-05T23:57:30+00:00\" \/>\n<meta property=\"og:image\" content=\"https:\/\/radioljubuski.ba\/wp-content\/uploads\/2021\/11\/3-2021-11-05-20-16-24-sz.jpg\" \/>\n\t<meta property=\"og:image:width\" content=\"1000\" \/>\n\t<meta property=\"og:image:height\" content=\"625\" \/>\n\t<meta property=\"og:image:type\" content=\"image\/jpeg\" \/>\n<meta name=\"author\" content=\"Radio Ljubu\u0161ki\" \/>\n<meta name=\"twitter:card\" content=\"summary_large_image\" \/>\n<meta name=\"twitter:creator\" content=\"@radioljubuski\" \/>\n<meta name=\"twitter:site\" content=\"@radioljubuski\" \/>\n<meta name=\"twitter:label1\" content=\"Napisao\/la\" \/>\n\t<meta name=\"twitter:data1\" content=\"Radio Ljubu\u0161ki\" \/>\n\t<meta name=\"twitter:label2\" content=\"Procijenjeno vrijeme \u010ditanja\" \/>\n\t<meta name=\"twitter:data2\" content=\"1 minuta\" \/>\n<script type=\"application\/ld+json\" class=\"yoast-schema-graph\">{\"@context\":\"https:\\\/\\\/schema.org\",\"@graph\":[{\"@type\":\"Article\",\"@id\":\"https:\\\/\\\/radioljubuski.ba\\\/index.php\\\/2021\\\/11\\\/06\\\/zbog-obljube-nad-djevojcicom-uhicen-predsjednik-boksackog-saveza-rs\\\/#article\",\"isPartOf\":{\"@id\":\"https:\\\/\\\/radioljubuski.ba\\\/index.php\\\/2021\\\/11\\\/06\\\/zbog-obljube-nad-djevojcicom-uhicen-predsjednik-boksackog-saveza-rs\\\/\"},\"author\":{\"name\":\"Radio Ljubu\u0161ki\",\"@id\":\"https:\\\/\\\/radioljubuski.ba\\\/#\\\/schema\\\/person\\\/19fc700381a780f69665d7956c469e3b\"},\"headline\":\"Zbog obljube nad djevoj\u010dicom uhi\u0107en predsjednik Boksa\u010dkog saveza RS\",\"datePublished\":\"2021-11-05T23:57:30+00:00\",\"mainEntityOfPage\":{\"@id\":\"https:\\\/\\\/radioljubuski.ba\\\/index.php\\\/2021\\\/11\\\/06\\\/zbog-obljube-nad-djevojcicom-uhicen-predsjednik-boksackog-saveza-rs\\\/\"},\"wordCount\":142,\"publisher\":{\"@id\":\"https:\\\/\\\/radioljubuski.ba\\\/#organization\"},\"image\":{\"@id\":\"https:\\\/\\\/radioljubuski.ba\\\/index.php\\\/2021\\\/11\\\/06\\\/zbog-obljube-nad-djevojcicom-uhicen-predsjednik-boksackog-saveza-rs\\\/#primaryimage\"},\"thumbnailUrl\":\"https:\\\/\\\/radioljubuski.ba\\\/wp-content\\\/uploads\\\/2021\\\/11\\\/3-2021-11-05-20-16-24-sz.jpg\",\"articleSection\":[\"BIH i regija\"],\"inLanguage\":\"hr\"},{\"@type\":\"WebPage\",\"@id\":\"https:\\\/\\\/radioljubuski.ba\\\/index.php\\\/2021\\\/11\\\/06\\\/zbog-obljube-nad-djevojcicom-uhicen-predsjednik-boksackog-saveza-rs\\\/\",\"url\":\"https:\\\/\\\/radioljubuski.ba\\\/index.php\\\/2021\\\/11\\\/06\\\/zbog-obljube-nad-djevojcicom-uhicen-predsjednik-boksackog-saveza-rs\\\/\",\"name\":\"Zbog obljube nad djevoj\u010dicom uhi\u0107en predsjednik Boksa\u010dkog saveza RS - RADIO LJUBU\u0160KI\",\"isPartOf\":{\"@id\":\"https:\\\/\\\/radioljubuski.ba\\\/#website\"},\"primaryImageOfPage\":{\"@id\":\"https:\\\/\\\/radioljubuski.ba\\\/index.php\\\/2021\\\/11\\\/06\\\/zbog-obljube-nad-djevojcicom-uhicen-predsjednik-boksackog-saveza-rs\\\/#primaryimage\"},\"image\":{\"@id\":\"https:\\\/\\\/radioljubuski.ba\\\/index.php\\\/2021\\\/11\\\/06\\\/zbog-obljube-nad-djevojcicom-uhicen-predsjednik-boksackog-saveza-rs\\\/#primaryimage\"},\"thumbnailUrl\":\"https:\\\/\\\/radioljubuski.ba\\\/wp-content\\\/uploads\\\/2021\\\/11\\\/3-2021-11-05-20-16-24-sz.jpg\",\"datePublished\":\"2021-11-05T23:57:30+00:00\",\"breadcrumb\":{\"@id\":\"https:\\\/\\\/radioljubuski.ba\\\/index.php\\\/2021\\\/11\\\/06\\\/zbog-obljube-nad-djevojcicom-uhicen-predsjednik-boksackog-saveza-rs\\\/#breadcrumb\"},\"inLanguage\":\"hr\",\"potentialAction\":[{\"@type\":\"ReadAction\",\"target\":[\"https:\\\/\\\/radioljubuski.ba\\\/index.php\\\/2021\\\/11\\\/06\\\/zbog-obljube-nad-djevojcicom-uhicen-predsjednik-boksackog-saveza-rs\\\/\"]}]},{\"@type\":\"ImageObject\",\"inLanguage\":\"hr\",\"@id\":\"https:\\\/\\\/radioljubuski.ba\\\/index.php\\\/2021\\\/11\\\/06\\\/zbog-obljube-nad-djevojcicom-uhicen-predsjednik-boksackog-saveza-rs\\\/#primaryimage\",\"url\":\"https:\\\/\\\/radioljubuski.ba\\\/wp-content\\\/uploads\\\/2021\\\/11\\\/3-2021-11-05-20-16-24-sz.jpg\",\"contentUrl\":\"https:\\\/\\\/radioljubuski.ba\\\/wp-content\\\/uploads\\\/2021\\\/11\\\/3-2021-11-05-20-16-24-sz.jpg\",\"width\":1000,\"height\":625},{\"@type\":\"BreadcrumbList\",\"@id\":\"https:\\\/\\\/radioljubuski.ba\\\/index.php\\\/2021\\\/11\\\/06\\\/zbog-obljube-nad-djevojcicom-uhicen-predsjednik-boksackog-saveza-rs\\\/#breadcrumb\",\"itemListElement\":[{\"@type\":\"ListItem\",\"position\":1,\"name\":\"Po\u010detna stranica\",\"item\":\"https:\\\/\\\/radioljubuski.ba\\\/\"},{\"@type\":\"ListItem\",\"position\":2,\"name\":\"Zbog obljube nad djevoj\u010dicom uhi\u0107en predsjednik Boksa\u010dkog saveza RS\"}]},{\"@type\":\"WebSite\",\"@id\":\"https:\\\/\\\/radioljubuski.ba\\\/#website\",\"url\":\"https:\\\/\\\/radioljubuski.ba\\\/\",\"name\":\"Radio Ljubu\u0161ki\",\"description\":\"Sun\u010dana frekvencija Hercegovine\",\"publisher\":{\"@id\":\"https:\\\/\\\/radioljubuski.ba\\\/#organization\"},\"potentialAction\":[{\"@type\":\"SearchAction\",\"target\":{\"@type\":\"EntryPoint\",\"urlTemplate\":\"https:\\\/\\\/radioljubuski.ba\\\/?s={search_term_string}\"},\"query-input\":{\"@type\":\"PropertyValueSpecification\",\"valueRequired\":true,\"valueName\":\"search_term_string\"}}],\"inLanguage\":\"hr\"},{\"@type\":\"Organization\",\"@id\":\"https:\\\/\\\/radioljubuski.ba\\\/#organization\",\"name\":\"Radio Ljubu\u0161ki\",\"url\":\"https:\\\/\\\/radioljubuski.ba\\\/\",\"logo\":{\"@type\":\"ImageObject\",\"inLanguage\":\"hr\",\"@id\":\"https:\\\/\\\/radioljubuski.ba\\\/#\\\/schema\\\/logo\\\/image\\\/\",\"url\":\"https:\\\/\\\/radioljubuski.ba\\\/wp-content\\\/uploads\\\/2021\\\/02\\\/cropped-Radio_Ljubuski_logo1.jpg\",\"contentUrl\":\"https:\\\/\\\/radioljubuski.ba\\\/wp-content\\\/uploads\\\/2021\\\/02\\\/cropped-Radio_Ljubuski_logo1.jpg\",\"width\":512,\"height\":512,\"caption\":\"Radio Ljubu\u0161ki\"},\"image\":{\"@id\":\"https:\\\/\\\/radioljubuski.ba\\\/#\\\/schema\\\/logo\\\/image\\\/\"},\"sameAs\":[\"https:\\\/\\\/www.facebook.com\\\/Radiio-Ljubuski-1490835324566332\",\"https:\\\/\\\/x.com\\\/radioljubuski\",\"https:\\\/\\\/hr.linkedin.com\\\/company\\\/radio-ljubuski\",\"https:\\\/\\\/www.youtube.com\\\/channel\\\/UCHYaeO_n0Db3tjNGudGpXyw\"]},{\"@type\":\"Person\",\"@id\":\"https:\\\/\\\/radioljubuski.ba\\\/#\\\/schema\\\/person\\\/19fc700381a780f69665d7956c469e3b\",\"name\":\"Radio Ljubu\u0161ki\"}]}<\/script>\n<!-- \/ Yoast SEO plugin. -->","yoast_head_json":{"title":"Zbog obljube nad djevoj\u010dicom uhi\u0107en predsjednik Boksa\u010dkog saveza RS - RADIO LJUBU\u0160KI","robots":{"index":"index","follow":"follow","max-snippet":"max-snippet:-1","max-image-preview":"max-image-preview:large","max-video-preview":"max-video-preview:-1"},"canonical":"https:\/\/radioljubuski.ba\/index.php\/2021\/11\/06\/zbog-obljube-nad-djevojcicom-uhicen-predsjednik-boksackog-saveza-rs\/","og_locale":"hr_HR","og_type":"article","og_title":"Zbog obljube nad djevoj\u010dicom uhi\u0107en predsjednik Boksa\u010dkog saveza RS - RADIO LJUBU\u0160KI","og_description":"Bijeljinska policija uhitila je Milenka Tomi\u0107a, predsjednika Boksa\u010dkog saveza RS i generalnog tajnika Bokserskog saveza BiH zbog sumnje da je obljubio \u010detrnaestogodi\u0161nju djevoj\u010dicu. &nbsp;Za Tomi\u0107a je Okru\u017eno javno tu\u017eiteljstvo u Bijeljini zatra\u017eilo jednomjese\u010dni pritvor, a Okru\u017eni sud u Bijeljini je taj prijedlog prihvatio i odredio mu pritvor. Nakon \u0161to je uhi\u0107en \u010detvrti studenog, zbog sumnje [&hellip;]","og_url":"https:\/\/radioljubuski.ba\/index.php\/2021\/11\/06\/zbog-obljube-nad-djevojcicom-uhicen-predsjednik-boksackog-saveza-rs\/","og_site_name":"RADIO LJUBU\u0160KI","article_publisher":"https:\/\/www.facebook.com\/Radiio-Ljubuski-1490835324566332","article_published_time":"2021-11-05T23:57:30+00:00","og_image":[{"width":1000,"height":625,"url":"https:\/\/radioljubuski.ba\/wp-content\/uploads\/2021\/11\/3-2021-11-05-20-16-24-sz.jpg","type":"image\/jpeg"}],"author":"Radio Ljubu\u0161ki","twitter_card":"summary_large_image","twitter_creator":"@radioljubuski","twitter_site":"@radioljubuski","twitter_misc":{"Napisao\/la":"Radio Ljubu\u0161ki","Procijenjeno vrijeme \u010ditanja":"1 minuta"},"schema":{"@context":"https:\/\/schema.org","@graph":[{"@type":"Article","@id":"https:\/\/radioljubuski.ba\/index.php\/2021\/11\/06\/zbog-obljube-nad-djevojcicom-uhicen-predsjednik-boksackog-saveza-rs\/#article","isPartOf":{"@id":"https:\/\/radioljubuski.ba\/index.php\/2021\/11\/06\/zbog-obljube-nad-djevojcicom-uhicen-predsjednik-boksackog-saveza-rs\/"},"author":{"name":"Radio Ljubu\u0161ki","@id":"https:\/\/radioljubuski.ba\/#\/schema\/person\/19fc700381a780f69665d7956c469e3b"},"headline":"Zbog obljube nad djevoj\u010dicom uhi\u0107en predsjednik Boksa\u010dkog saveza RS","datePublished":"2021-11-05T23:57:30+00:00","mainEntityOfPage":{"@id":"https:\/\/radioljubuski.ba\/index.php\/2021\/11\/06\/zbog-obljube-nad-djevojcicom-uhicen-predsjednik-boksackog-saveza-rs\/"},"wordCount":142,"publisher":{"@id":"https:\/\/radioljubuski.ba\/#organization"},"image":{"@id":"https:\/\/radioljubuski.ba\/index.php\/2021\/11\/06\/zbog-obljube-nad-djevojcicom-uhicen-predsjednik-boksackog-saveza-rs\/#primaryimage"},"thumbnailUrl":"https:\/\/radioljubuski.ba\/wp-content\/uploads\/2021\/11\/3-2021-11-05-20-16-24-sz.jpg","articleSection":["BIH i regija"],"inLanguage":"hr"},{"@type":"WebPage","@id":"https:\/\/radioljubuski.ba\/index.php\/2021\/11\/06\/zbog-obljube-nad-djevojcicom-uhicen-predsjednik-boksackog-saveza-rs\/","url":"https:\/\/radioljubuski.ba\/index.php\/2021\/11\/06\/zbog-obljube-nad-djevojcicom-uhicen-predsjednik-boksackog-saveza-rs\/","name":"Zbog obljube nad djevoj\u010dicom uhi\u0107en predsjednik Boksa\u010dkog saveza RS - RADIO LJUBU\u0160KI","isPartOf":{"@id":"https:\/\/radioljubuski.ba\/#website"},"primaryImageOfPage":{"@id":"https:\/\/radioljubuski.ba\/index.php\/2021\/11\/06\/zbog-obljube-nad-djevojcicom-uhicen-predsjednik-boksackog-saveza-rs\/#primaryimage"},"image":{"@id":"https:\/\/radioljubuski.ba\/index.php\/2021\/11\/06\/zbog-obljube-nad-djevojcicom-uhicen-predsjednik-boksackog-saveza-rs\/#primaryimage"},"thumbnailUrl":"https:\/\/radioljubuski.ba\/wp-content\/uploads\/2021\/11\/3-2021-11-05-20-16-24-sz.jpg","datePublished":"2021-11-05T23:57:30+00:00","breadcrumb":{"@id":"https:\/\/radioljubuski.ba\/index.php\/2021\/11\/06\/zbog-obljube-nad-djevojcicom-uhicen-predsjednik-boksackog-saveza-rs\/#breadcrumb"},"inLanguage":"hr","potentialAction":[{"@type":"ReadAction","target":["https:\/\/radioljubuski.ba\/index.php\/2021\/11\/06\/zbog-obljube-nad-djevojcicom-uhicen-predsjednik-boksackog-saveza-rs\/"]}]},{"@type":"ImageObject","inLanguage":"hr","@id":"https:\/\/radioljubuski.ba\/index.php\/2021\/11\/06\/zbog-obljube-nad-djevojcicom-uhicen-predsjednik-boksackog-saveza-rs\/#primaryimage","url":"https:\/\/radioljubuski.ba\/wp-content\/uploads\/2021\/11\/3-2021-11-05-20-16-24-sz.jpg","contentUrl":"https:\/\/radioljubuski.ba\/wp-content\/uploads\/2021\/11\/3-2021-11-05-20-16-24-sz.jpg","width":1000,"height":625},{"@type":"BreadcrumbList","@id":"https:\/\/radioljubuski.ba\/index.php\/2021\/11\/06\/zbog-obljube-nad-djevojcicom-uhicen-predsjednik-boksackog-saveza-rs\/#breadcrumb","itemListElement":[{"@type":"ListItem","position":1,"name":"Po\u010detna stranica","item":"https:\/\/radioljubuski.ba\/"},{"@type":"ListItem","position":2,"name":"Zbog obljube nad djevoj\u010dicom uhi\u0107en predsjednik Boksa\u010dkog saveza RS"}]},{"@type":"WebSite","@id":"https:\/\/radioljubuski.ba\/#website","url":"https:\/\/radioljubuski.ba\/","name":"Radio Ljubu\u0161ki","description":"Sun\u010dana frekvencija Hercegovine","publisher":{"@id":"https:\/\/radioljubuski.ba\/#organization"},"potentialAction":[{"@type":"SearchAction","target":{"@type":"EntryPoint","urlTemplate":"https:\/\/radioljubuski.ba\/?s={search_term_string}"},"query-input":{"@type":"PropertyValueSpecification","valueRequired":true,"valueName":"search_term_string"}}],"inLanguage":"hr"},{"@type":"Organization","@id":"https:\/\/radioljubuski.ba\/#organization","name":"Radio Ljubu\u0161ki","url":"https:\/\/radioljubuski.ba\/","logo":{"@type":"ImageObject","inLanguage":"hr","@id":"https:\/\/radioljubuski.ba\/#\/schema\/logo\/image\/","url":"https:\/\/radioljubuski.ba\/wp-content\/uploads\/2021\/02\/cropped-Radio_Ljubuski_logo1.jpg","contentUrl":"https:\/\/radioljubuski.ba\/wp-content\/uploads\/2021\/02\/cropped-Radio_Ljubuski_logo1.jpg","width":512,"height":512,"caption":"Radio Ljubu\u0161ki"},"image":{"@id":"https:\/\/radioljubuski.ba\/#\/schema\/logo\/image\/"},"sameAs":["https:\/\/www.facebook.com\/Radiio-Ljubuski-1490835324566332","https:\/\/x.com\/radioljubuski","https:\/\/hr.linkedin.com\/company\/radio-ljubuski","https:\/\/www.youtube.com\/channel\/UCHYaeO_n0Db3tjNGudGpXyw"]},{"@type":"Person","@id":"https:\/\/radioljubuski.ba\/#\/schema\/person\/19fc700381a780f69665d7956c469e3b","name":"Radio Ljubu\u0161ki"}]}},"_links":{"self":[{"href":"https:\/\/radioljubuski.ba\/index.php\/wp-json\/wp\/v2\/posts\/85665","targetHints":{"allow":["GET"]}}],"collection":[{"href":"https:\/\/radioljubuski.ba\/index.php\/wp-json\/wp\/v2\/posts"}],"about":[{"href":"https:\/\/radioljubuski.ba\/index.php\/wp-json\/wp\/v2\/types\/post"}],"author":[{"embeddable":true,"href":"https:\/\/radioljubuski.ba\/index.php\/wp-json\/wp\/v2\/users\/2"}],"replies":[{"embeddable":true,"href":"https:\/\/radioljubuski.ba\/index.php\/wp-json\/wp\/v2\/comments?post=85665"}],"version-history":[{"count":1,"href":"https:\/\/radioljubuski.ba\/index.php\/wp-json\/wp\/v2\/posts\/85665\/revisions"}],"predecessor-version":[{"id":85667,"href":"https:\/\/radioljubuski.ba\/index.php\/wp-json\/wp\/v2\/posts\/85665\/revisions\/85667"}],"wp:featuredmedia":[{"embeddable":true,"href":"https:\/\/radioljubuski.ba\/index.php\/wp-json\/wp\/v2\/media\/85666"}],"wp:attachment":[{"href":"https:\/\/radioljubuski.ba\/index.php\/wp-json\/wp\/v2\/media?parent=85665"}],"wp:term":[{"taxonomy":"category","embeddable":true,"href":"https:\/\/radioljubuski.ba\/index.php\/wp-json\/wp\/v2\/categories?post=85665"},{"taxonomy":"post_tag","embeddable":true,"href":"https:\/\/radioljubuski.ba\/index.php\/wp-json\/wp\/v2\/tags?post=85665"}],"curies":[{"name":"wp","href":"https:\/\/api.w.org\/{rel}","templated":true}]}}