{"id":85674,"date":"2021-11-06T01:00:50","date_gmt":"2021-11-06T00:00:50","guid":{"rendered":"https:\/\/radioljubuski.ba\/?p=85674"},"modified":"2021-11-06T01:00:51","modified_gmt":"2021-11-06T00:00:51","slug":"necijepljeni-austrijanci-nece-moci-u-ugostiteljske-objekte-i-frizerske-salone","status":"publish","type":"post","link":"https:\/\/radioljubuski.ba\/index.php\/2021\/11\/06\/necijepljeni-austrijanci-nece-moci-u-ugostiteljske-objekte-i-frizerske-salone\/","title":{"rendered":"Necijepljeni Austrijanci ne\u0107e mo\u0107i u ugostiteljske objekte i frizerske salone"},"content":{"rendered":"\n<p>Austrija je u petak objavila da gra\u0111anima koji nisu cijepljeni protiv covid-19 ne\u0107e biti dopu\u0161ten ulazak u ugostiteljske objekte i frizerske salone jer se broj zara\u017eenih bli\u017ei rekordu prije godinu dana, a vlada ne uspijeva posti\u0107i visoku procijepljenost-.<\/p>\n\n\n\n<p>Oko 64 posto austrijske populacije potpuno je cijepljeno protiv covid-19 \u0161to je u prosjeku Europske unije, ali je i jedna od najni\u017eih stopa u zapadnoj Europi.<\/p>\n\n\n\n<p>Mnogi Austrijanci su skepti\u010dni prema cjepivu kao i Slobodarska stranka (krajnja desnica), tre\u0107a najve\u0107a u parlamentu.<\/p>\n\n\n\n<p>U petak je broj novozara\u017eenih iznosio 9.388, blizu rekorda od 9.586 prije godinu dana kada je bilo uvedeno drugo od tri nacionalnih zatvaranja.<\/p>\n\n\n\n<p>&#8220;Popunjavanje bolni\u010dkih kreveta na odjelima intenzivne skrbi br\u017ee je od o\u010dekivanog&#8221;, rekao je kancelar Alexander Schallenberg na konferenciji za novinare o mjerama koje stupaju na snagu u ponedjeljak.<\/p>\n\n\n\n<p>Nove mjere odnose se i na hotele te doga\u0111aje na kojima se okuplja vi\u0161e od 25 osoba, stupa na snagu u ponedjeljak.<\/p>\n\n\n\n<p>Uvest \u0107e se \u010detverotjedno prijelazno razdoblje u kojem \u0107e ulazak u re\u010dene objekte biti mogu\u0107 uz predo\u010denje potvrde o primitku prve doze i PCR-a testa, objavila je vlada.<\/p>\n\n\n\n<p>Nakon toga samo potpuno cijepljene osobe i oni koji su nedavno preboljeli covid-19 mo\u0107i \u0107e u ugostiteljske objekte.<\/p>\n\n\n\n<p>Nove mjere koje je u petak objavila konzervativna vlada slijedila je dan po\u0161to su sli\u010dne mjere objavile gradske vlasti Be\u010da kojim vladaju socijaldemokrati.<\/p>\n\n\n\n<p>Be\u010dko podru\u010dje ima najni\u017eu stopu zaraze me\u0111u devet austrijskih saveznih pokrajina, ali i najve\u0107i postotak oboljelih na intenzivnim odjelima, 20 posto.<\/p>\n\n\n\n<p>Izvor:pogled.ba<\/p>\n","protected":false},"excerpt":{"rendered":"<p>Austrija je u petak objavila da gra\u0111anima koji nisu cijepljeni protiv covid-19 ne\u0107e biti dopu\u0161ten ulazak u ugostiteljske objekte i frizerske salone jer se broj zara\u017eenih bli\u017ei rekordu prije godinu dana, a vlada ne uspijeva posti\u0107i visoku procijepljenost-. Oko 64 posto austrijske populacije potpuno je cijepljeno protiv covid-19 \u0161to je u prosjeku Europske unije, ali [&hellip;]<\/p>\n","protected":false},"author":2,"featured_media":85675,"comment_status":"closed","ping_status":"closed","sticky":false,"template":"","format":"standard","meta":{"h5ap_radio_sources":[],"footnotes":""},"categories":[1],"tags":[],"class_list":["post-85674","post","type-post","status-publish","format-standard","has-post-thumbnail","hentry","category-bihiregija"],"yoast_head":"<!-- This site is optimized with the Yoast SEO plugin v27.5 - https:\/\/yoast.com\/product\/yoast-seo-wordpress\/ -->\n<title>Necijepljeni Austrijanci ne\u0107e mo\u0107i u ugostiteljske objekte i frizerske salone - RADIO LJUBU\u0160KI<\/title>\n<meta name=\"robots\" content=\"index, follow, max-snippet:-1, max-image-preview:large, max-video-preview:-1\" \/>\n<link rel=\"canonical\" href=\"https:\/\/radioljubuski.ba\/index.php\/2021\/11\/06\/necijepljeni-austrijanci-nece-moci-u-ugostiteljske-objekte-i-frizerske-salone\/\" \/>\n<meta property=\"og:locale\" content=\"hr_HR\" \/>\n<meta property=\"og:type\" content=\"article\" \/>\n<meta property=\"og:title\" content=\"Necijepljeni Austrijanci ne\u0107e mo\u0107i u ugostiteljske objekte i frizerske salone - RADIO LJUBU\u0160KI\" \/>\n<meta property=\"og:description\" content=\"Austrija je u petak objavila da gra\u0111anima koji nisu cijepljeni protiv covid-19 ne\u0107e biti dopu\u0161ten ulazak u ugostiteljske objekte i frizerske salone jer se broj zara\u017eenih bli\u017ei rekordu prije godinu dana, a vlada ne uspijeva posti\u0107i visoku procijepljenost-. Oko 64 posto austrijske populacije potpuno je cijepljeno protiv covid-19 \u0161to je u prosjeku Europske unije, ali [&hellip;]\" \/>\n<meta property=\"og:url\" content=\"https:\/\/radioljubuski.ba\/index.php\/2021\/11\/06\/necijepljeni-austrijanci-nece-moci-u-ugostiteljske-objekte-i-frizerske-salone\/\" \/>\n<meta property=\"og:site_name\" content=\"RADIO LJUBU\u0160KI\" \/>\n<meta property=\"article:publisher\" content=\"https:\/\/www.facebook.com\/Radiio-Ljubuski-1490835324566332\" \/>\n<meta property=\"article:published_time\" content=\"2021-11-06T00:00:50+00:00\" \/>\n<meta property=\"article:modified_time\" content=\"2021-11-06T00:00:51+00:00\" \/>\n<meta property=\"og:image\" content=\"https:\/\/radioljubuski.ba\/wp-content\/uploads\/2021\/11\/2-2021-05-15-15-30-25-bec-grad.jpg\" \/>\n\t<meta property=\"og:image:width\" content=\"1000\" \/>\n\t<meta property=\"og:image:height\" content=\"625\" \/>\n\t<meta property=\"og:image:type\" content=\"image\/jpeg\" \/>\n<meta name=\"author\" content=\"Radio Ljubu\u0161ki\" \/>\n<meta name=\"twitter:card\" content=\"summary_large_image\" \/>\n<meta name=\"twitter:creator\" content=\"@radioljubuski\" \/>\n<meta name=\"twitter:site\" content=\"@radioljubuski\" \/>\n<meta name=\"twitter:label1\" content=\"Napisao\/la\" \/>\n\t<meta name=\"twitter:data1\" content=\"Radio Ljubu\u0161ki\" \/>\n\t<meta name=\"twitter:label2\" content=\"Procijenjeno vrijeme \u010ditanja\" \/>\n\t<meta name=\"twitter:data2\" content=\"2 minute\" \/>\n<script type=\"application\/ld+json\" class=\"yoast-schema-graph\">{\"@context\":\"https:\\\/\\\/schema.org\",\"@graph\":[{\"@type\":\"Article\",\"@id\":\"https:\\\/\\\/radioljubuski.ba\\\/index.php\\\/2021\\\/11\\\/06\\\/necijepljeni-austrijanci-nece-moci-u-ugostiteljske-objekte-i-frizerske-salone\\\/#article\",\"isPartOf\":{\"@id\":\"https:\\\/\\\/radioljubuski.ba\\\/index.php\\\/2021\\\/11\\\/06\\\/necijepljeni-austrijanci-nece-moci-u-ugostiteljske-objekte-i-frizerske-salone\\\/\"},\"author\":{\"name\":\"Radio Ljubu\u0161ki\",\"@id\":\"https:\\\/\\\/radioljubuski.ba\\\/#\\\/schema\\\/person\\\/19fc700381a780f69665d7956c469e3b\"},\"headline\":\"Necijepljeni Austrijanci ne\u0107e mo\u0107i u ugostiteljske objekte i frizerske salone\",\"datePublished\":\"2021-11-06T00:00:50+00:00\",\"dateModified\":\"2021-11-06T00:00:51+00:00\",\"mainEntityOfPage\":{\"@id\":\"https:\\\/\\\/radioljubuski.ba\\\/index.php\\\/2021\\\/11\\\/06\\\/necijepljeni-austrijanci-nece-moci-u-ugostiteljske-objekte-i-frizerske-salone\\\/\"},\"wordCount\":280,\"publisher\":{\"@id\":\"https:\\\/\\\/radioljubuski.ba\\\/#organization\"},\"image\":{\"@id\":\"https:\\\/\\\/radioljubuski.ba\\\/index.php\\\/2021\\\/11\\\/06\\\/necijepljeni-austrijanci-nece-moci-u-ugostiteljske-objekte-i-frizerske-salone\\\/#primaryimage\"},\"thumbnailUrl\":\"https:\\\/\\\/radioljubuski.ba\\\/wp-content\\\/uploads\\\/2021\\\/11\\\/2-2021-05-15-15-30-25-bec-grad.jpg\",\"articleSection\":[\"BIH i regija\"],\"inLanguage\":\"hr\"},{\"@type\":\"WebPage\",\"@id\":\"https:\\\/\\\/radioljubuski.ba\\\/index.php\\\/2021\\\/11\\\/06\\\/necijepljeni-austrijanci-nece-moci-u-ugostiteljske-objekte-i-frizerske-salone\\\/\",\"url\":\"https:\\\/\\\/radioljubuski.ba\\\/index.php\\\/2021\\\/11\\\/06\\\/necijepljeni-austrijanci-nece-moci-u-ugostiteljske-objekte-i-frizerske-salone\\\/\",\"name\":\"Necijepljeni Austrijanci ne\u0107e mo\u0107i u ugostiteljske objekte i frizerske salone - RADIO LJUBU\u0160KI\",\"isPartOf\":{\"@id\":\"https:\\\/\\\/radioljubuski.ba\\\/#website\"},\"primaryImageOfPage\":{\"@id\":\"https:\\\/\\\/radioljubuski.ba\\\/index.php\\\/2021\\\/11\\\/06\\\/necijepljeni-austrijanci-nece-moci-u-ugostiteljske-objekte-i-frizerske-salone\\\/#primaryimage\"},\"image\":{\"@id\":\"https:\\\/\\\/radioljubuski.ba\\\/index.php\\\/2021\\\/11\\\/06\\\/necijepljeni-austrijanci-nece-moci-u-ugostiteljske-objekte-i-frizerske-salone\\\/#primaryimage\"},\"thumbnailUrl\":\"https:\\\/\\\/radioljubuski.ba\\\/wp-content\\\/uploads\\\/2021\\\/11\\\/2-2021-05-15-15-30-25-bec-grad.jpg\",\"datePublished\":\"2021-11-06T00:00:50+00:00\",\"dateModified\":\"2021-11-06T00:00:51+00:00\",\"breadcrumb\":{\"@id\":\"https:\\\/\\\/radioljubuski.ba\\\/index.php\\\/2021\\\/11\\\/06\\\/necijepljeni-austrijanci-nece-moci-u-ugostiteljske-objekte-i-frizerske-salone\\\/#breadcrumb\"},\"inLanguage\":\"hr\",\"potentialAction\":[{\"@type\":\"ReadAction\",\"target\":[\"https:\\\/\\\/radioljubuski.ba\\\/index.php\\\/2021\\\/11\\\/06\\\/necijepljeni-austrijanci-nece-moci-u-ugostiteljske-objekte-i-frizerske-salone\\\/\"]}]},{\"@type\":\"ImageObject\",\"inLanguage\":\"hr\",\"@id\":\"https:\\\/\\\/radioljubuski.ba\\\/index.php\\\/2021\\\/11\\\/06\\\/necijepljeni-austrijanci-nece-moci-u-ugostiteljske-objekte-i-frizerske-salone\\\/#primaryimage\",\"url\":\"https:\\\/\\\/radioljubuski.ba\\\/wp-content\\\/uploads\\\/2021\\\/11\\\/2-2021-05-15-15-30-25-bec-grad.jpg\",\"contentUrl\":\"https:\\\/\\\/radioljubuski.ba\\\/wp-content\\\/uploads\\\/2021\\\/11\\\/2-2021-05-15-15-30-25-bec-grad.jpg\",\"width\":1000,\"height\":625},{\"@type\":\"BreadcrumbList\",\"@id\":\"https:\\\/\\\/radioljubuski.ba\\\/index.php\\\/2021\\\/11\\\/06\\\/necijepljeni-austrijanci-nece-moci-u-ugostiteljske-objekte-i-frizerske-salone\\\/#breadcrumb\",\"itemListElement\":[{\"@type\":\"ListItem\",\"position\":1,\"name\":\"Po\u010detna stranica\",\"item\":\"https:\\\/\\\/radioljubuski.ba\\\/\"},{\"@type\":\"ListItem\",\"position\":2,\"name\":\"Necijepljeni Austrijanci ne\u0107e mo\u0107i u ugostiteljske objekte i frizerske salone\"}]},{\"@type\":\"WebSite\",\"@id\":\"https:\\\/\\\/radioljubuski.ba\\\/#website\",\"url\":\"https:\\\/\\\/radioljubuski.ba\\\/\",\"name\":\"Radio Ljubu\u0161ki\",\"description\":\"Sun\u010dana frekvencija Hercegovine\",\"publisher\":{\"@id\":\"https:\\\/\\\/radioljubuski.ba\\\/#organization\"},\"potentialAction\":[{\"@type\":\"SearchAction\",\"target\":{\"@type\":\"EntryPoint\",\"urlTemplate\":\"https:\\\/\\\/radioljubuski.ba\\\/?s={search_term_string}\"},\"query-input\":{\"@type\":\"PropertyValueSpecification\",\"valueRequired\":true,\"valueName\":\"search_term_string\"}}],\"inLanguage\":\"hr\"},{\"@type\":\"Organization\",\"@id\":\"https:\\\/\\\/radioljubuski.ba\\\/#organization\",\"name\":\"Radio Ljubu\u0161ki\",\"url\":\"https:\\\/\\\/radioljubuski.ba\\\/\",\"logo\":{\"@type\":\"ImageObject\",\"inLanguage\":\"hr\",\"@id\":\"https:\\\/\\\/radioljubuski.ba\\\/#\\\/schema\\\/logo\\\/image\\\/\",\"url\":\"https:\\\/\\\/radioljubuski.ba\\\/wp-content\\\/uploads\\\/2021\\\/02\\\/cropped-Radio_Ljubuski_logo1.jpg\",\"contentUrl\":\"https:\\\/\\\/radioljubuski.ba\\\/wp-content\\\/uploads\\\/2021\\\/02\\\/cropped-Radio_Ljubuski_logo1.jpg\",\"width\":512,\"height\":512,\"caption\":\"Radio Ljubu\u0161ki\"},\"image\":{\"@id\":\"https:\\\/\\\/radioljubuski.ba\\\/#\\\/schema\\\/logo\\\/image\\\/\"},\"sameAs\":[\"https:\\\/\\\/www.facebook.com\\\/Radiio-Ljubuski-1490835324566332\",\"https:\\\/\\\/x.com\\\/radioljubuski\",\"https:\\\/\\\/hr.linkedin.com\\\/company\\\/radio-ljubuski\",\"https:\\\/\\\/www.youtube.com\\\/channel\\\/UCHYaeO_n0Db3tjNGudGpXyw\"]},{\"@type\":\"Person\",\"@id\":\"https:\\\/\\\/radioljubuski.ba\\\/#\\\/schema\\\/person\\\/19fc700381a780f69665d7956c469e3b\",\"name\":\"Radio Ljubu\u0161ki\"}]}<\/script>\n<!-- \/ Yoast SEO plugin. -->","yoast_head_json":{"title":"Necijepljeni Austrijanci ne\u0107e mo\u0107i u ugostiteljske objekte i frizerske salone - RADIO LJUBU\u0160KI","robots":{"index":"index","follow":"follow","max-snippet":"max-snippet:-1","max-image-preview":"max-image-preview:large","max-video-preview":"max-video-preview:-1"},"canonical":"https:\/\/radioljubuski.ba\/index.php\/2021\/11\/06\/necijepljeni-austrijanci-nece-moci-u-ugostiteljske-objekte-i-frizerske-salone\/","og_locale":"hr_HR","og_type":"article","og_title":"Necijepljeni Austrijanci ne\u0107e mo\u0107i u ugostiteljske objekte i frizerske salone - RADIO LJUBU\u0160KI","og_description":"Austrija je u petak objavila da gra\u0111anima koji nisu cijepljeni protiv covid-19 ne\u0107e biti dopu\u0161ten ulazak u ugostiteljske objekte i frizerske salone jer se broj zara\u017eenih bli\u017ei rekordu prije godinu dana, a vlada ne uspijeva posti\u0107i visoku procijepljenost-. Oko 64 posto austrijske populacije potpuno je cijepljeno protiv covid-19 \u0161to je u prosjeku Europske unije, ali [&hellip;]","og_url":"https:\/\/radioljubuski.ba\/index.php\/2021\/11\/06\/necijepljeni-austrijanci-nece-moci-u-ugostiteljske-objekte-i-frizerske-salone\/","og_site_name":"RADIO LJUBU\u0160KI","article_publisher":"https:\/\/www.facebook.com\/Radiio-Ljubuski-1490835324566332","article_published_time":"2021-11-06T00:00:50+00:00","article_modified_time":"2021-11-06T00:00:51+00:00","og_image":[{"width":1000,"height":625,"url":"https:\/\/radioljubuski.ba\/wp-content\/uploads\/2021\/11\/2-2021-05-15-15-30-25-bec-grad.jpg","type":"image\/jpeg"}],"author":"Radio Ljubu\u0161ki","twitter_card":"summary_large_image","twitter_creator":"@radioljubuski","twitter_site":"@radioljubuski","twitter_misc":{"Napisao\/la":"Radio Ljubu\u0161ki","Procijenjeno vrijeme \u010ditanja":"2 minute"},"schema":{"@context":"https:\/\/schema.org","@graph":[{"@type":"Article","@id":"https:\/\/radioljubuski.ba\/index.php\/2021\/11\/06\/necijepljeni-austrijanci-nece-moci-u-ugostiteljske-objekte-i-frizerske-salone\/#article","isPartOf":{"@id":"https:\/\/radioljubuski.ba\/index.php\/2021\/11\/06\/necijepljeni-austrijanci-nece-moci-u-ugostiteljske-objekte-i-frizerske-salone\/"},"author":{"name":"Radio Ljubu\u0161ki","@id":"https:\/\/radioljubuski.ba\/#\/schema\/person\/19fc700381a780f69665d7956c469e3b"},"headline":"Necijepljeni Austrijanci ne\u0107e mo\u0107i u ugostiteljske objekte i frizerske salone","datePublished":"2021-11-06T00:00:50+00:00","dateModified":"2021-11-06T00:00:51+00:00","mainEntityOfPage":{"@id":"https:\/\/radioljubuski.ba\/index.php\/2021\/11\/06\/necijepljeni-austrijanci-nece-moci-u-ugostiteljske-objekte-i-frizerske-salone\/"},"wordCount":280,"publisher":{"@id":"https:\/\/radioljubuski.ba\/#organization"},"image":{"@id":"https:\/\/radioljubuski.ba\/index.php\/2021\/11\/06\/necijepljeni-austrijanci-nece-moci-u-ugostiteljske-objekte-i-frizerske-salone\/#primaryimage"},"thumbnailUrl":"https:\/\/radioljubuski.ba\/wp-content\/uploads\/2021\/11\/2-2021-05-15-15-30-25-bec-grad.jpg","articleSection":["BIH i regija"],"inLanguage":"hr"},{"@type":"WebPage","@id":"https:\/\/radioljubuski.ba\/index.php\/2021\/11\/06\/necijepljeni-austrijanci-nece-moci-u-ugostiteljske-objekte-i-frizerske-salone\/","url":"https:\/\/radioljubuski.ba\/index.php\/2021\/11\/06\/necijepljeni-austrijanci-nece-moci-u-ugostiteljske-objekte-i-frizerske-salone\/","name":"Necijepljeni Austrijanci ne\u0107e mo\u0107i u ugostiteljske objekte i frizerske salone - RADIO LJUBU\u0160KI","isPartOf":{"@id":"https:\/\/radioljubuski.ba\/#website"},"primaryImageOfPage":{"@id":"https:\/\/radioljubuski.ba\/index.php\/2021\/11\/06\/necijepljeni-austrijanci-nece-moci-u-ugostiteljske-objekte-i-frizerske-salone\/#primaryimage"},"image":{"@id":"https:\/\/radioljubuski.ba\/index.php\/2021\/11\/06\/necijepljeni-austrijanci-nece-moci-u-ugostiteljske-objekte-i-frizerske-salone\/#primaryimage"},"thumbnailUrl":"https:\/\/radioljubuski.ba\/wp-content\/uploads\/2021\/11\/2-2021-05-15-15-30-25-bec-grad.jpg","datePublished":"2021-11-06T00:00:50+00:00","dateModified":"2021-11-06T00:00:51+00:00","breadcrumb":{"@id":"https:\/\/radioljubuski.ba\/index.php\/2021\/11\/06\/necijepljeni-austrijanci-nece-moci-u-ugostiteljske-objekte-i-frizerske-salone\/#breadcrumb"},"inLanguage":"hr","potentialAction":[{"@type":"ReadAction","target":["https:\/\/radioljubuski.ba\/index.php\/2021\/11\/06\/necijepljeni-austrijanci-nece-moci-u-ugostiteljske-objekte-i-frizerske-salone\/"]}]},{"@type":"ImageObject","inLanguage":"hr","@id":"https:\/\/radioljubuski.ba\/index.php\/2021\/11\/06\/necijepljeni-austrijanci-nece-moci-u-ugostiteljske-objekte-i-frizerske-salone\/#primaryimage","url":"https:\/\/radioljubuski.ba\/wp-content\/uploads\/2021\/11\/2-2021-05-15-15-30-25-bec-grad.jpg","contentUrl":"https:\/\/radioljubuski.ba\/wp-content\/uploads\/2021\/11\/2-2021-05-15-15-30-25-bec-grad.jpg","width":1000,"height":625},{"@type":"BreadcrumbList","@id":"https:\/\/radioljubuski.ba\/index.php\/2021\/11\/06\/necijepljeni-austrijanci-nece-moci-u-ugostiteljske-objekte-i-frizerske-salone\/#breadcrumb","itemListElement":[{"@type":"ListItem","position":1,"name":"Po\u010detna stranica","item":"https:\/\/radioljubuski.ba\/"},{"@type":"ListItem","position":2,"name":"Necijepljeni Austrijanci ne\u0107e mo\u0107i u ugostiteljske objekte i frizerske salone"}]},{"@type":"WebSite","@id":"https:\/\/radioljubuski.ba\/#website","url":"https:\/\/radioljubuski.ba\/","name":"Radio Ljubu\u0161ki","description":"Sun\u010dana frekvencija Hercegovine","publisher":{"@id":"https:\/\/radioljubuski.ba\/#organization"},"potentialAction":[{"@type":"SearchAction","target":{"@type":"EntryPoint","urlTemplate":"https:\/\/radioljubuski.ba\/?s={search_term_string}"},"query-input":{"@type":"PropertyValueSpecification","valueRequired":true,"valueName":"search_term_string"}}],"inLanguage":"hr"},{"@type":"Organization","@id":"https:\/\/radioljubuski.ba\/#organization","name":"Radio Ljubu\u0161ki","url":"https:\/\/radioljubuski.ba\/","logo":{"@type":"ImageObject","inLanguage":"hr","@id":"https:\/\/radioljubuski.ba\/#\/schema\/logo\/image\/","url":"https:\/\/radioljubuski.ba\/wp-content\/uploads\/2021\/02\/cropped-Radio_Ljubuski_logo1.jpg","contentUrl":"https:\/\/radioljubuski.ba\/wp-content\/uploads\/2021\/02\/cropped-Radio_Ljubuski_logo1.jpg","width":512,"height":512,"caption":"Radio Ljubu\u0161ki"},"image":{"@id":"https:\/\/radioljubuski.ba\/#\/schema\/logo\/image\/"},"sameAs":["https:\/\/www.facebook.com\/Radiio-Ljubuski-1490835324566332","https:\/\/x.com\/radioljubuski","https:\/\/hr.linkedin.com\/company\/radio-ljubuski","https:\/\/www.youtube.com\/channel\/UCHYaeO_n0Db3tjNGudGpXyw"]},{"@type":"Person","@id":"https:\/\/radioljubuski.ba\/#\/schema\/person\/19fc700381a780f69665d7956c469e3b","name":"Radio Ljubu\u0161ki"}]}},"_links":{"self":[{"href":"https:\/\/radioljubuski.ba\/index.php\/wp-json\/wp\/v2\/posts\/85674","targetHints":{"allow":["GET"]}}],"collection":[{"href":"https:\/\/radioljubuski.ba\/index.php\/wp-json\/wp\/v2\/posts"}],"about":[{"href":"https:\/\/radioljubuski.ba\/index.php\/wp-json\/wp\/v2\/types\/post"}],"author":[{"embeddable":true,"href":"https:\/\/radioljubuski.ba\/index.php\/wp-json\/wp\/v2\/users\/2"}],"replies":[{"embeddable":true,"href":"https:\/\/radioljubuski.ba\/index.php\/wp-json\/wp\/v2\/comments?post=85674"}],"version-history":[{"count":1,"href":"https:\/\/radioljubuski.ba\/index.php\/wp-json\/wp\/v2\/posts\/85674\/revisions"}],"predecessor-version":[{"id":85676,"href":"https:\/\/radioljubuski.ba\/index.php\/wp-json\/wp\/v2\/posts\/85674\/revisions\/85676"}],"wp:featuredmedia":[{"embeddable":true,"href":"https:\/\/radioljubuski.ba\/index.php\/wp-json\/wp\/v2\/media\/85675"}],"wp:attachment":[{"href":"https:\/\/radioljubuski.ba\/index.php\/wp-json\/wp\/v2\/media?parent=85674"}],"wp:term":[{"taxonomy":"category","embeddable":true,"href":"https:\/\/radioljubuski.ba\/index.php\/wp-json\/wp\/v2\/categories?post=85674"},{"taxonomy":"post_tag","embeddable":true,"href":"https:\/\/radioljubuski.ba\/index.php\/wp-json\/wp\/v2\/tags?post=85674"}],"curies":[{"name":"wp","href":"https:\/\/api.w.org\/{rel}","templated":true}]}}