{"id":85680,"date":"2021-11-06T01:04:49","date_gmt":"2021-11-06T00:04:49","guid":{"rendered":"https:\/\/radioljubuski.ba\/?p=85680"},"modified":"2021-11-06T01:04:51","modified_gmt":"2021-11-06T00:04:51","slug":"zbog-napada-na-prosvjednike-osuden-bivsi-tjelohranitelj-francuskog-predsjednika-iza-resetaka-ce-provesti-nekoliko-godina","status":"publish","type":"post","link":"https:\/\/radioljubuski.ba\/index.php\/2021\/11\/06\/zbog-napada-na-prosvjednike-osuden-bivsi-tjelohranitelj-francuskog-predsjednika-iza-resetaka-ce-provesti-nekoliko-godina\/","title":{"rendered":"Zbog napada na prosvjednike osu\u0111en biv\u0161i tjelohranitelj francuskog predsjednika, iza re\u0161etaka \u0107e provesti nekoliko godina"},"content":{"rendered":"\n<p>Alexandre Benalla, biv\u0161i tjelohranitelj francuskog predsjednika Emmanuela Macrona, osu\u0111en je na tri godine zatvora, od kojih dvije uvjetno,&nbsp;zbog napada na prosvjednika 2018., i&nbsp;drugih&nbsp; kaznenih djela.<\/p>\n\n\n\n<p>Presudom koju je sud u Parizu izrekao u petak zavr\u0161en je proces koji je bio velik pritisak za francusku vladu.<\/p>\n\n\n\n<p>Benalla je smijenjen po\u0161to su mediji razotkrili njegovo&nbsp;brutalno postupanje prema prosvjednicima&nbsp;1. svibnja 2018., kada on uop\u0107e nije bio na du\u017enosti, ali je nosio policijske oznake.&nbsp;<\/p>\n\n\n\n<p>Progla\u0161en je krivim jer je hotimice primijenio silu protiv \u010detiri osobe i utjecao na njihovo uhi\u0107enje iako za to nije imao ovlasti.<\/p>\n\n\n\n<p>Sud je tako\u0111er presudio da se&nbsp;Benalla protuzakonito koristio diplomatskom putovnicom i kada je ve\u0107 bio smijenjen.&nbsp;<\/p>\n\n\n\n<p>Progla\u0161en je krivim i za protuzakonito no\u0161enje oru\u017eja u travnju 2017.<\/p>\n\n\n\n<p>Presuda se temelji na ozbiljnosti kaznenih djela i \u010dinjenici da je biv\u0161i Macronov za\u0161titar odbijao priznati krivnju.<\/p>\n\n\n\n<p>Godinu dana zatvora mora provesti u ku\u0107nom pritvoru s elektroni\u010dkom narukvicom.<\/p>\n\n\n\n<p><strong>PI\u0160E&nbsp;<\/strong>HINA\/PSD<\/p>\n","protected":false},"excerpt":{"rendered":"<p>Alexandre Benalla, biv\u0161i tjelohranitelj francuskog predsjednika Emmanuela Macrona, osu\u0111en je na tri godine zatvora, od kojih dvije uvjetno,&nbsp;zbog napada na prosvjednika 2018., i&nbsp;drugih&nbsp; kaznenih djela. Presudom koju je sud u Parizu izrekao u petak zavr\u0161en je proces koji je bio velik pritisak za francusku vladu. Benalla je smijenjen po\u0161to su mediji razotkrili njegovo&nbsp;brutalno postupanje prema [&hellip;]<\/p>\n","protected":false},"author":2,"featured_media":85681,"comment_status":"closed","ping_status":"closed","sticky":false,"template":"","format":"standard","meta":{"h5ap_radio_sources":[],"footnotes":""},"categories":[1],"tags":[],"class_list":["post-85680","post","type-post","status-publish","format-standard","has-post-thumbnail","hentry","category-bihiregija"],"yoast_head":"<!-- This site is optimized with the Yoast SEO plugin v27.5 - https:\/\/yoast.com\/product\/yoast-seo-wordpress\/ -->\n<title>Zbog napada na prosvjednike osu\u0111en biv\u0161i tjelohranitelj francuskog predsjednika, iza re\u0161etaka \u0107e provesti nekoliko godina - RADIO LJUBU\u0160KI<\/title>\n<meta name=\"robots\" content=\"index, follow, max-snippet:-1, max-image-preview:large, max-video-preview:-1\" \/>\n<link rel=\"canonical\" href=\"https:\/\/radioljubuski.ba\/index.php\/2021\/11\/06\/zbog-napada-na-prosvjednike-osuden-bivsi-tjelohranitelj-francuskog-predsjednika-iza-resetaka-ce-provesti-nekoliko-godina\/\" \/>\n<meta property=\"og:locale\" content=\"hr_HR\" \/>\n<meta property=\"og:type\" content=\"article\" \/>\n<meta property=\"og:title\" content=\"Zbog napada na prosvjednike osu\u0111en biv\u0161i tjelohranitelj francuskog predsjednika, iza re\u0161etaka \u0107e provesti nekoliko godina - RADIO LJUBU\u0160KI\" \/>\n<meta property=\"og:description\" content=\"Alexandre Benalla, biv\u0161i tjelohranitelj francuskog predsjednika Emmanuela Macrona, osu\u0111en je na tri godine zatvora, od kojih dvije uvjetno,&nbsp;zbog napada na prosvjednika 2018., i&nbsp;drugih&nbsp; kaznenih djela. Presudom koju je sud u Parizu izrekao u petak zavr\u0161en je proces koji je bio velik pritisak za francusku vladu. Benalla je smijenjen po\u0161to su mediji razotkrili njegovo&nbsp;brutalno postupanje prema [&hellip;]\" \/>\n<meta property=\"og:url\" content=\"https:\/\/radioljubuski.ba\/index.php\/2021\/11\/06\/zbog-napada-na-prosvjednike-osuden-bivsi-tjelohranitelj-francuskog-predsjednika-iza-resetaka-ce-provesti-nekoliko-godina\/\" \/>\n<meta property=\"og:site_name\" content=\"RADIO LJUBU\u0160KI\" \/>\n<meta property=\"article:publisher\" content=\"https:\/\/www.facebook.com\/Radiio-Ljubuski-1490835324566332\" \/>\n<meta property=\"article:published_time\" content=\"2021-11-06T00:04:49+00:00\" \/>\n<meta property=\"article:modified_time\" content=\"2021-11-06T00:04:51+00:00\" \/>\n<meta property=\"og:image\" content=\"https:\/\/radioljubuski.ba\/wp-content\/uploads\/2021\/11\/o_19904198_1024.jpg\" \/>\n\t<meta property=\"og:image:width\" content=\"1024\" \/>\n\t<meta property=\"og:image:height\" content=\"676\" \/>\n\t<meta property=\"og:image:type\" content=\"image\/jpeg\" \/>\n<meta name=\"author\" content=\"Radio Ljubu\u0161ki\" \/>\n<meta name=\"twitter:card\" content=\"summary_large_image\" \/>\n<meta name=\"twitter:creator\" content=\"@radioljubuski\" \/>\n<meta name=\"twitter:site\" content=\"@radioljubuski\" \/>\n<meta name=\"twitter:label1\" content=\"Napisao\/la\" \/>\n\t<meta name=\"twitter:data1\" content=\"Radio Ljubu\u0161ki\" \/>\n\t<meta name=\"twitter:label2\" content=\"Procijenjeno vrijeme \u010ditanja\" \/>\n\t<meta name=\"twitter:data2\" content=\"1 minuta\" \/>\n<script type=\"application\/ld+json\" class=\"yoast-schema-graph\">{\"@context\":\"https:\\\/\\\/schema.org\",\"@graph\":[{\"@type\":\"Article\",\"@id\":\"https:\\\/\\\/radioljubuski.ba\\\/index.php\\\/2021\\\/11\\\/06\\\/zbog-napada-na-prosvjednike-osuden-bivsi-tjelohranitelj-francuskog-predsjednika-iza-resetaka-ce-provesti-nekoliko-godina\\\/#article\",\"isPartOf\":{\"@id\":\"https:\\\/\\\/radioljubuski.ba\\\/index.php\\\/2021\\\/11\\\/06\\\/zbog-napada-na-prosvjednike-osuden-bivsi-tjelohranitelj-francuskog-predsjednika-iza-resetaka-ce-provesti-nekoliko-godina\\\/\"},\"author\":{\"name\":\"Radio Ljubu\u0161ki\",\"@id\":\"https:\\\/\\\/radioljubuski.ba\\\/#\\\/schema\\\/person\\\/19fc700381a780f69665d7956c469e3b\"},\"headline\":\"Zbog napada na prosvjednike osu\u0111en biv\u0161i tjelohranitelj francuskog predsjednika, iza re\u0161etaka \u0107e provesti nekoliko godina\",\"datePublished\":\"2021-11-06T00:04:49+00:00\",\"dateModified\":\"2021-11-06T00:04:51+00:00\",\"mainEntityOfPage\":{\"@id\":\"https:\\\/\\\/radioljubuski.ba\\\/index.php\\\/2021\\\/11\\\/06\\\/zbog-napada-na-prosvjednike-osuden-bivsi-tjelohranitelj-francuskog-predsjednika-iza-resetaka-ce-provesti-nekoliko-godina\\\/\"},\"wordCount\":195,\"publisher\":{\"@id\":\"https:\\\/\\\/radioljubuski.ba\\\/#organization\"},\"image\":{\"@id\":\"https:\\\/\\\/radioljubuski.ba\\\/index.php\\\/2021\\\/11\\\/06\\\/zbog-napada-na-prosvjednike-osuden-bivsi-tjelohranitelj-francuskog-predsjednika-iza-resetaka-ce-provesti-nekoliko-godina\\\/#primaryimage\"},\"thumbnailUrl\":\"https:\\\/\\\/radioljubuski.ba\\\/wp-content\\\/uploads\\\/2021\\\/11\\\/o_19904198_1024.jpg\",\"articleSection\":[\"BIH i regija\"],\"inLanguage\":\"hr\"},{\"@type\":\"WebPage\",\"@id\":\"https:\\\/\\\/radioljubuski.ba\\\/index.php\\\/2021\\\/11\\\/06\\\/zbog-napada-na-prosvjednike-osuden-bivsi-tjelohranitelj-francuskog-predsjednika-iza-resetaka-ce-provesti-nekoliko-godina\\\/\",\"url\":\"https:\\\/\\\/radioljubuski.ba\\\/index.php\\\/2021\\\/11\\\/06\\\/zbog-napada-na-prosvjednike-osuden-bivsi-tjelohranitelj-francuskog-predsjednika-iza-resetaka-ce-provesti-nekoliko-godina\\\/\",\"name\":\"Zbog napada na prosvjednike osu\u0111en biv\u0161i tjelohranitelj francuskog predsjednika, iza re\u0161etaka \u0107e provesti nekoliko godina - RADIO LJUBU\u0160KI\",\"isPartOf\":{\"@id\":\"https:\\\/\\\/radioljubuski.ba\\\/#website\"},\"primaryImageOfPage\":{\"@id\":\"https:\\\/\\\/radioljubuski.ba\\\/index.php\\\/2021\\\/11\\\/06\\\/zbog-napada-na-prosvjednike-osuden-bivsi-tjelohranitelj-francuskog-predsjednika-iza-resetaka-ce-provesti-nekoliko-godina\\\/#primaryimage\"},\"image\":{\"@id\":\"https:\\\/\\\/radioljubuski.ba\\\/index.php\\\/2021\\\/11\\\/06\\\/zbog-napada-na-prosvjednike-osuden-bivsi-tjelohranitelj-francuskog-predsjednika-iza-resetaka-ce-provesti-nekoliko-godina\\\/#primaryimage\"},\"thumbnailUrl\":\"https:\\\/\\\/radioljubuski.ba\\\/wp-content\\\/uploads\\\/2021\\\/11\\\/o_19904198_1024.jpg\",\"datePublished\":\"2021-11-06T00:04:49+00:00\",\"dateModified\":\"2021-11-06T00:04:51+00:00\",\"breadcrumb\":{\"@id\":\"https:\\\/\\\/radioljubuski.ba\\\/index.php\\\/2021\\\/11\\\/06\\\/zbog-napada-na-prosvjednike-osuden-bivsi-tjelohranitelj-francuskog-predsjednika-iza-resetaka-ce-provesti-nekoliko-godina\\\/#breadcrumb\"},\"inLanguage\":\"hr\",\"potentialAction\":[{\"@type\":\"ReadAction\",\"target\":[\"https:\\\/\\\/radioljubuski.ba\\\/index.php\\\/2021\\\/11\\\/06\\\/zbog-napada-na-prosvjednike-osuden-bivsi-tjelohranitelj-francuskog-predsjednika-iza-resetaka-ce-provesti-nekoliko-godina\\\/\"]}]},{\"@type\":\"ImageObject\",\"inLanguage\":\"hr\",\"@id\":\"https:\\\/\\\/radioljubuski.ba\\\/index.php\\\/2021\\\/11\\\/06\\\/zbog-napada-na-prosvjednike-osuden-bivsi-tjelohranitelj-francuskog-predsjednika-iza-resetaka-ce-provesti-nekoliko-godina\\\/#primaryimage\",\"url\":\"https:\\\/\\\/radioljubuski.ba\\\/wp-content\\\/uploads\\\/2021\\\/11\\\/o_19904198_1024.jpg\",\"contentUrl\":\"https:\\\/\\\/radioljubuski.ba\\\/wp-content\\\/uploads\\\/2021\\\/11\\\/o_19904198_1024.jpg\",\"width\":1024,\"height\":676},{\"@type\":\"BreadcrumbList\",\"@id\":\"https:\\\/\\\/radioljubuski.ba\\\/index.php\\\/2021\\\/11\\\/06\\\/zbog-napada-na-prosvjednike-osuden-bivsi-tjelohranitelj-francuskog-predsjednika-iza-resetaka-ce-provesti-nekoliko-godina\\\/#breadcrumb\",\"itemListElement\":[{\"@type\":\"ListItem\",\"position\":1,\"name\":\"Po\u010detna stranica\",\"item\":\"https:\\\/\\\/radioljubuski.ba\\\/\"},{\"@type\":\"ListItem\",\"position\":2,\"name\":\"Zbog napada na prosvjednike osu\u0111en biv\u0161i tjelohranitelj francuskog predsjednika, iza re\u0161etaka \u0107e provesti nekoliko godina\"}]},{\"@type\":\"WebSite\",\"@id\":\"https:\\\/\\\/radioljubuski.ba\\\/#website\",\"url\":\"https:\\\/\\\/radioljubuski.ba\\\/\",\"name\":\"Radio Ljubu\u0161ki\",\"description\":\"Sun\u010dana frekvencija Hercegovine\",\"publisher\":{\"@id\":\"https:\\\/\\\/radioljubuski.ba\\\/#organization\"},\"potentialAction\":[{\"@type\":\"SearchAction\",\"target\":{\"@type\":\"EntryPoint\",\"urlTemplate\":\"https:\\\/\\\/radioljubuski.ba\\\/?s={search_term_string}\"},\"query-input\":{\"@type\":\"PropertyValueSpecification\",\"valueRequired\":true,\"valueName\":\"search_term_string\"}}],\"inLanguage\":\"hr\"},{\"@type\":\"Organization\",\"@id\":\"https:\\\/\\\/radioljubuski.ba\\\/#organization\",\"name\":\"Radio Ljubu\u0161ki\",\"url\":\"https:\\\/\\\/radioljubuski.ba\\\/\",\"logo\":{\"@type\":\"ImageObject\",\"inLanguage\":\"hr\",\"@id\":\"https:\\\/\\\/radioljubuski.ba\\\/#\\\/schema\\\/logo\\\/image\\\/\",\"url\":\"https:\\\/\\\/radioljubuski.ba\\\/wp-content\\\/uploads\\\/2021\\\/02\\\/cropped-Radio_Ljubuski_logo1.jpg\",\"contentUrl\":\"https:\\\/\\\/radioljubuski.ba\\\/wp-content\\\/uploads\\\/2021\\\/02\\\/cropped-Radio_Ljubuski_logo1.jpg\",\"width\":512,\"height\":512,\"caption\":\"Radio Ljubu\u0161ki\"},\"image\":{\"@id\":\"https:\\\/\\\/radioljubuski.ba\\\/#\\\/schema\\\/logo\\\/image\\\/\"},\"sameAs\":[\"https:\\\/\\\/www.facebook.com\\\/Radiio-Ljubuski-1490835324566332\",\"https:\\\/\\\/x.com\\\/radioljubuski\",\"https:\\\/\\\/hr.linkedin.com\\\/company\\\/radio-ljubuski\",\"https:\\\/\\\/www.youtube.com\\\/channel\\\/UCHYaeO_n0Db3tjNGudGpXyw\"]},{\"@type\":\"Person\",\"@id\":\"https:\\\/\\\/radioljubuski.ba\\\/#\\\/schema\\\/person\\\/19fc700381a780f69665d7956c469e3b\",\"name\":\"Radio Ljubu\u0161ki\"}]}<\/script>\n<!-- \/ Yoast SEO plugin. -->","yoast_head_json":{"title":"Zbog napada na prosvjednike osu\u0111en biv\u0161i tjelohranitelj francuskog predsjednika, iza re\u0161etaka \u0107e provesti nekoliko godina - RADIO LJUBU\u0160KI","robots":{"index":"index","follow":"follow","max-snippet":"max-snippet:-1","max-image-preview":"max-image-preview:large","max-video-preview":"max-video-preview:-1"},"canonical":"https:\/\/radioljubuski.ba\/index.php\/2021\/11\/06\/zbog-napada-na-prosvjednike-osuden-bivsi-tjelohranitelj-francuskog-predsjednika-iza-resetaka-ce-provesti-nekoliko-godina\/","og_locale":"hr_HR","og_type":"article","og_title":"Zbog napada na prosvjednike osu\u0111en biv\u0161i tjelohranitelj francuskog predsjednika, iza re\u0161etaka \u0107e provesti nekoliko godina - RADIO LJUBU\u0160KI","og_description":"Alexandre Benalla, biv\u0161i tjelohranitelj francuskog predsjednika Emmanuela Macrona, osu\u0111en je na tri godine zatvora, od kojih dvije uvjetno,&nbsp;zbog napada na prosvjednika 2018., i&nbsp;drugih&nbsp; kaznenih djela. Presudom koju je sud u Parizu izrekao u petak zavr\u0161en je proces koji je bio velik pritisak za francusku vladu. Benalla je smijenjen po\u0161to su mediji razotkrili njegovo&nbsp;brutalno postupanje prema [&hellip;]","og_url":"https:\/\/radioljubuski.ba\/index.php\/2021\/11\/06\/zbog-napada-na-prosvjednike-osuden-bivsi-tjelohranitelj-francuskog-predsjednika-iza-resetaka-ce-provesti-nekoliko-godina\/","og_site_name":"RADIO LJUBU\u0160KI","article_publisher":"https:\/\/www.facebook.com\/Radiio-Ljubuski-1490835324566332","article_published_time":"2021-11-06T00:04:49+00:00","article_modified_time":"2021-11-06T00:04:51+00:00","og_image":[{"width":1024,"height":676,"url":"https:\/\/radioljubuski.ba\/wp-content\/uploads\/2021\/11\/o_19904198_1024.jpg","type":"image\/jpeg"}],"author":"Radio Ljubu\u0161ki","twitter_card":"summary_large_image","twitter_creator":"@radioljubuski","twitter_site":"@radioljubuski","twitter_misc":{"Napisao\/la":"Radio Ljubu\u0161ki","Procijenjeno vrijeme \u010ditanja":"1 minuta"},"schema":{"@context":"https:\/\/schema.org","@graph":[{"@type":"Article","@id":"https:\/\/radioljubuski.ba\/index.php\/2021\/11\/06\/zbog-napada-na-prosvjednike-osuden-bivsi-tjelohranitelj-francuskog-predsjednika-iza-resetaka-ce-provesti-nekoliko-godina\/#article","isPartOf":{"@id":"https:\/\/radioljubuski.ba\/index.php\/2021\/11\/06\/zbog-napada-na-prosvjednike-osuden-bivsi-tjelohranitelj-francuskog-predsjednika-iza-resetaka-ce-provesti-nekoliko-godina\/"},"author":{"name":"Radio Ljubu\u0161ki","@id":"https:\/\/radioljubuski.ba\/#\/schema\/person\/19fc700381a780f69665d7956c469e3b"},"headline":"Zbog napada na prosvjednike osu\u0111en biv\u0161i tjelohranitelj francuskog predsjednika, iza re\u0161etaka \u0107e provesti nekoliko godina","datePublished":"2021-11-06T00:04:49+00:00","dateModified":"2021-11-06T00:04:51+00:00","mainEntityOfPage":{"@id":"https:\/\/radioljubuski.ba\/index.php\/2021\/11\/06\/zbog-napada-na-prosvjednike-osuden-bivsi-tjelohranitelj-francuskog-predsjednika-iza-resetaka-ce-provesti-nekoliko-godina\/"},"wordCount":195,"publisher":{"@id":"https:\/\/radioljubuski.ba\/#organization"},"image":{"@id":"https:\/\/radioljubuski.ba\/index.php\/2021\/11\/06\/zbog-napada-na-prosvjednike-osuden-bivsi-tjelohranitelj-francuskog-predsjednika-iza-resetaka-ce-provesti-nekoliko-godina\/#primaryimage"},"thumbnailUrl":"https:\/\/radioljubuski.ba\/wp-content\/uploads\/2021\/11\/o_19904198_1024.jpg","articleSection":["BIH i regija"],"inLanguage":"hr"},{"@type":"WebPage","@id":"https:\/\/radioljubuski.ba\/index.php\/2021\/11\/06\/zbog-napada-na-prosvjednike-osuden-bivsi-tjelohranitelj-francuskog-predsjednika-iza-resetaka-ce-provesti-nekoliko-godina\/","url":"https:\/\/radioljubuski.ba\/index.php\/2021\/11\/06\/zbog-napada-na-prosvjednike-osuden-bivsi-tjelohranitelj-francuskog-predsjednika-iza-resetaka-ce-provesti-nekoliko-godina\/","name":"Zbog napada na prosvjednike osu\u0111en biv\u0161i tjelohranitelj francuskog predsjednika, iza re\u0161etaka \u0107e provesti nekoliko godina - RADIO LJUBU\u0160KI","isPartOf":{"@id":"https:\/\/radioljubuski.ba\/#website"},"primaryImageOfPage":{"@id":"https:\/\/radioljubuski.ba\/index.php\/2021\/11\/06\/zbog-napada-na-prosvjednike-osuden-bivsi-tjelohranitelj-francuskog-predsjednika-iza-resetaka-ce-provesti-nekoliko-godina\/#primaryimage"},"image":{"@id":"https:\/\/radioljubuski.ba\/index.php\/2021\/11\/06\/zbog-napada-na-prosvjednike-osuden-bivsi-tjelohranitelj-francuskog-predsjednika-iza-resetaka-ce-provesti-nekoliko-godina\/#primaryimage"},"thumbnailUrl":"https:\/\/radioljubuski.ba\/wp-content\/uploads\/2021\/11\/o_19904198_1024.jpg","datePublished":"2021-11-06T00:04:49+00:00","dateModified":"2021-11-06T00:04:51+00:00","breadcrumb":{"@id":"https:\/\/radioljubuski.ba\/index.php\/2021\/11\/06\/zbog-napada-na-prosvjednike-osuden-bivsi-tjelohranitelj-francuskog-predsjednika-iza-resetaka-ce-provesti-nekoliko-godina\/#breadcrumb"},"inLanguage":"hr","potentialAction":[{"@type":"ReadAction","target":["https:\/\/radioljubuski.ba\/index.php\/2021\/11\/06\/zbog-napada-na-prosvjednike-osuden-bivsi-tjelohranitelj-francuskog-predsjednika-iza-resetaka-ce-provesti-nekoliko-godina\/"]}]},{"@type":"ImageObject","inLanguage":"hr","@id":"https:\/\/radioljubuski.ba\/index.php\/2021\/11\/06\/zbog-napada-na-prosvjednike-osuden-bivsi-tjelohranitelj-francuskog-predsjednika-iza-resetaka-ce-provesti-nekoliko-godina\/#primaryimage","url":"https:\/\/radioljubuski.ba\/wp-content\/uploads\/2021\/11\/o_19904198_1024.jpg","contentUrl":"https:\/\/radioljubuski.ba\/wp-content\/uploads\/2021\/11\/o_19904198_1024.jpg","width":1024,"height":676},{"@type":"BreadcrumbList","@id":"https:\/\/radioljubuski.ba\/index.php\/2021\/11\/06\/zbog-napada-na-prosvjednike-osuden-bivsi-tjelohranitelj-francuskog-predsjednika-iza-resetaka-ce-provesti-nekoliko-godina\/#breadcrumb","itemListElement":[{"@type":"ListItem","position":1,"name":"Po\u010detna stranica","item":"https:\/\/radioljubuski.ba\/"},{"@type":"ListItem","position":2,"name":"Zbog napada na prosvjednike osu\u0111en biv\u0161i tjelohranitelj francuskog predsjednika, iza re\u0161etaka \u0107e provesti nekoliko godina"}]},{"@type":"WebSite","@id":"https:\/\/radioljubuski.ba\/#website","url":"https:\/\/radioljubuski.ba\/","name":"Radio Ljubu\u0161ki","description":"Sun\u010dana frekvencija Hercegovine","publisher":{"@id":"https:\/\/radioljubuski.ba\/#organization"},"potentialAction":[{"@type":"SearchAction","target":{"@type":"EntryPoint","urlTemplate":"https:\/\/radioljubuski.ba\/?s={search_term_string}"},"query-input":{"@type":"PropertyValueSpecification","valueRequired":true,"valueName":"search_term_string"}}],"inLanguage":"hr"},{"@type":"Organization","@id":"https:\/\/radioljubuski.ba\/#organization","name":"Radio Ljubu\u0161ki","url":"https:\/\/radioljubuski.ba\/","logo":{"@type":"ImageObject","inLanguage":"hr","@id":"https:\/\/radioljubuski.ba\/#\/schema\/logo\/image\/","url":"https:\/\/radioljubuski.ba\/wp-content\/uploads\/2021\/02\/cropped-Radio_Ljubuski_logo1.jpg","contentUrl":"https:\/\/radioljubuski.ba\/wp-content\/uploads\/2021\/02\/cropped-Radio_Ljubuski_logo1.jpg","width":512,"height":512,"caption":"Radio Ljubu\u0161ki"},"image":{"@id":"https:\/\/radioljubuski.ba\/#\/schema\/logo\/image\/"},"sameAs":["https:\/\/www.facebook.com\/Radiio-Ljubuski-1490835324566332","https:\/\/x.com\/radioljubuski","https:\/\/hr.linkedin.com\/company\/radio-ljubuski","https:\/\/www.youtube.com\/channel\/UCHYaeO_n0Db3tjNGudGpXyw"]},{"@type":"Person","@id":"https:\/\/radioljubuski.ba\/#\/schema\/person\/19fc700381a780f69665d7956c469e3b","name":"Radio Ljubu\u0161ki"}]}},"_links":{"self":[{"href":"https:\/\/radioljubuski.ba\/index.php\/wp-json\/wp\/v2\/posts\/85680","targetHints":{"allow":["GET"]}}],"collection":[{"href":"https:\/\/radioljubuski.ba\/index.php\/wp-json\/wp\/v2\/posts"}],"about":[{"href":"https:\/\/radioljubuski.ba\/index.php\/wp-json\/wp\/v2\/types\/post"}],"author":[{"embeddable":true,"href":"https:\/\/radioljubuski.ba\/index.php\/wp-json\/wp\/v2\/users\/2"}],"replies":[{"embeddable":true,"href":"https:\/\/radioljubuski.ba\/index.php\/wp-json\/wp\/v2\/comments?post=85680"}],"version-history":[{"count":1,"href":"https:\/\/radioljubuski.ba\/index.php\/wp-json\/wp\/v2\/posts\/85680\/revisions"}],"predecessor-version":[{"id":85682,"href":"https:\/\/radioljubuski.ba\/index.php\/wp-json\/wp\/v2\/posts\/85680\/revisions\/85682"}],"wp:featuredmedia":[{"embeddable":true,"href":"https:\/\/radioljubuski.ba\/index.php\/wp-json\/wp\/v2\/media\/85681"}],"wp:attachment":[{"href":"https:\/\/radioljubuski.ba\/index.php\/wp-json\/wp\/v2\/media?parent=85680"}],"wp:term":[{"taxonomy":"category","embeddable":true,"href":"https:\/\/radioljubuski.ba\/index.php\/wp-json\/wp\/v2\/categories?post=85680"},{"taxonomy":"post_tag","embeddable":true,"href":"https:\/\/radioljubuski.ba\/index.php\/wp-json\/wp\/v2\/tags?post=85680"}],"curies":[{"name":"wp","href":"https:\/\/api.w.org\/{rel}","templated":true}]}}