{"id":8569,"date":"2021-04-01T11:03:54","date_gmt":"2021-04-01T10:03:54","guid":{"rendered":"https:\/\/radioljubuski.ba\/?p=8569"},"modified":"2021-04-01T11:03:55","modified_gmt":"2021-04-01T10:03:55","slug":"koronavirus-2422-nova-slucaja-zaraze-udio-zarazenih-veci-od-2526","status":"publish","type":"post","link":"https:\/\/radioljubuski.ba\/index.php\/2021\/04\/01\/koronavirus-2422-nova-slucaja-zaraze-udio-zarazenih-veci-od-2526\/","title":{"rendered":"Koronavirus &#8211; 2422 nova slu\u010daja zaraze, udio zara\u017eenih ve\u0107i od 25,26%"},"content":{"rendered":"\n<p>U Hrvatskoj su u protekla 24 sata zabilje\u017eene 2422 nove osobe zara\u017eene koronavirusom, a udio zara\u017eenih me\u0111u testiranima iznosio je 25,56 posto, izvijestio je na sjednici Vlade u \u010detvrtak ministar zdravstva Vili Bero\u0161. Broj aktivnih slu\u010dajeva danas je ukupno 12448, dok je 1390 pacijenata na bolni\u010dkom lije\u010denju, od kojih 155 na respiratoru. Preminulo je 20 osoba. Do ju\u010der su na sekvencioniranje poslana 2632 uzorka, a podaci pokazuju da je kod 67 posto uzoraka zabilje\u017eena britanska varijanta koronavirusa. Hrvatskoj je dosad isporu\u010deno 540.845 doza cjepiva, a do 31. o\u017eujka utro\u0161eno je 476.499 doza.<\/p>\n\n\n\n<p><strong>Korona u Hrvatskoj:<\/strong><br><br>&#8211; Rast brojeva kod nas, rast brojeva u zemljama u okru\u017eenju. Mjere koje je donio Sto\u017eer bi trebale doprinijeti smanjenju broja oboljelih. Najva\u017enije je da svi poka\u017eu visok stupanj osobne odgovornosti. Jedna smo od rijetkih zemalja koje nisu imale policijski sat, a poma\u017eemo i poslovnim subjektima. \u0160to se ti\u010de cijepljenja, postoje globalne pote\u0161ko\u0107e, vezano uz AstraZenecu, nastojimo kompenzirati to s narud\u017ebama drugih cjepiva, poru\u010dio je na sjednici Vlade premijer Andrej Plenkovi\u0107. <a href=\"https:\/\/vijesti.hrt.hr\/hrvatska\/vlada-o-koronavirusu-i-nacionalnom-planu-oporavka-1299587\" target=\"_blank\" rel=\"noreferrer noopener\"><strong>Op\u0161irnije<\/strong><\/a><br><br>&#8211; Nacionalni Sto\u017eer uveo je nove, stro\u017ee mjere, koje su na snagu stupile u pono\u0107. Ponovno je zabranjeno treniranje u zatvorenome, osim za profesionalne sporta\u0161e, a teretane zasad ostaju otvorene, kao i terase kafi\u0107a.<br><br>Ograni\u010dava se rad dje\u010djih igraonica. Zbog turizma, mijenja se dosada\u0161nji model prelaska granice. Za ulazak u Hrvatsku priznavat \u0107e se i brzi antigenski testovi, potvrda o cijepljenju, uklju\u010duju\u0107i rusko i kinesko cjepivo, te potvrda da je osoba preboljela bolest u proteklih 6 mjeseci.<br><br>&#8211; Danas u pono\u0107 na snagu su stupile nove mjere za Splitsko-dalmatinsku i \u0160ibensko-kninsku \u017eupaniju. Obvezno je kori\u0161tenje maski na otvorenom, zabranjena je prodaja alkohola od 20 do 6 sati ujutro, ograni\u010den je rad ugostiteljskim objektima od 6 do 20 sati, radno vrijeme kasina je od 8 do 20 sati, obustavljen je rad dje\u010djih igraonica, \u0161kole stranih jezika nastavu mogu imati samo online.<br><br>U Splitsko-dalmatinskoj \u017eupaniji svaki tre\u0107i testirani pozitivan je na koronavirus, vi\u0161e nego prije godinu dana za vrijeme lockdowna.<br><br>Podaci jo\u0161 nisu do kraja obra\u0111eni, ali danas imamo preko 1200 testiranih osoba i od toga izme\u0111u 35 i 36 posto pozitivno na covid-19, izjavila je \u017deljka Karin,&nbsp; ravnateljica NZJZ-a Splitsko-dalmatinske \u017eupanije. <a href=\"https:\/\/vijesti.hrt.hr\/hrvatska\/karin-u-splitsko-dalmatinskoj-zupaniji-svaki-treci-testirani-pozitivan-je-na-covid-19-1299426\" target=\"_blank\" rel=\"noreferrer noopener\"><strong>Op\u0161irnije<\/strong><\/a><br><br>&#8211; Sto\u017eer Primorsko-goranske \u017eupanije predlo\u017eio je poo\u0161travanje mjera: da terase i ugostiteljski objekti rade do 19 sati, da se zatvore teretane te da se dopusti okupljanje najvi\u0161e osam osoba iz dva ku\u0107anstva.<\/p>\n\n\n\n<p><strong>Podaci \u017eupanijskih sto\u017eera<\/strong><br><br>\u25cf U <strong>Me\u0111imurskoj \u017eupaniji<\/strong>&nbsp;evidentirano 39 pozitivnih nalaza na SARS-CoV-2 virus. Jedna osoba je preminula, a hospitalizirano je 28 pozitivnih pacijenata.<br><br>\u25cf U <strong>Karlova\u010dkoj \u017eupaniji<\/strong> 136 novih slu\u010dajeva zaraze.<br><br>\u25cf U <strong>Gradu Zagrebu<\/strong> su u protekla 24 sata zabilje\u017eene 462 novooboljele osobe od covida-19.<br><br>\u25cf U <strong>Zadarskoj \u017eupaniji<\/strong> je 117 novozara\u017eenih osoba. Hospitalizirana su 73 bolesnika, od kojih je jedan na respiratoru.<br><br>\u25cf U <strong>Dubrova\u010dko-neretvanskoj \u017eupaniji<\/strong> 111 novozara\u017eenih, dvoje je umrlo. U bolnici se lije\u010di 60 osoba, a \u0161est pacijenata zahtijeva intenzivnu skrb.<br><br>\u25cf U <strong>\u0160ibensko-kninskoj \u017eupaniji<\/strong> 180 osoba je oboljelo od COVID-19 infekcije. U bolnici se lije\u010di 58 osoba, od kojih je pet osoba na respiratoru.<br><br>\u25cf U <strong>Zagreba\u010dkoj \u017eupaniji<\/strong> 196 novih slu\u010dajeva koronavirusa.&nbsp;<br><br>\u25cf U <strong>Vukovarsko-srijemskoj \u017eupaniji<\/strong>&nbsp;je 81 novih pozitivnih osoba na COVID-19. 32 osobe hospitalizirane zbog bolesti.<br><br>\u25cf U <strong>Koprivni\u010dko-kri\u017eeva\u010dkoj \u017eupaniji<\/strong> 44 nova slu\u010daja zaraze.<br><br>\u25cf U <strong>Istarskoj&nbsp;\u017eupaniji<\/strong> potvr\u0111eno je 17 novozara\u017eenih osoba. Na bolni\u010dkom lije\u010denju je 77 osoba, a osam ih je na respiratorima.<br><br>\u25cf U <strong>Primorsko-goranskoj \u017eupaniji <\/strong>275 novooboljelih, a preminula je jedna osoba. Na bolni\u010dkom lije\u010denju nalazi 139 pacijenata, od toga je na respiratoru 13 osoba.&nbsp;<br><br>\u25cf U <strong>Li\u010dko-senjskoj \u017eupaniji <\/strong>covid-19 potvr\u0111en kod 53 osobe. Bolni\u010dki se lije\u010di 29 pacijenata.&nbsp;<br><br>\u25cf U <strong>Bjelovarsko-bilogorskoj \u017eupaniji<\/strong> u posljednja 24 sata potvr\u0111eno je 40 novih slu\u010daja zaraze koronavirusom. Na bolni\u010dkom lije\u010denju je 26 pacijenta.<br><br>\u25cf U <strong>Sisa\u010dko-moslava\u010dkoj \u017eupaniji<\/strong> 25 novozara\u017eenih.<br><br>\u25cf U <strong>Splitsko-dalmatinskoj \u017eupaniji<\/strong> 4 osobe su preminule. Od 156 hospitaliziranih, 23 osobe su na respiratoru.<br><br>\u25cf U <strong>Po\u017ee\u0161ko-slavonskoj \u017eupaniji<\/strong> 36 novih slu\u010dajeva zaraze. Hospitalizirano je 10 osoba.<\/p>\n\n\n\n<p><strong>Korona u svijetu:<\/strong><br><br>&#8211; Zbog naglog rasta broja novozara\u017eenih u pandemiji koronavirusa veliki dijelovi Austrije od \u010detvrtka ponovo uvode stroge mjere zatvaranja.<br><br>U saveznim pokrajinama Be\u010d, Gradi\u0161\u0107e i Donja Austrija se ponovno uvodi mjera zatvaranja najve\u0107eg dijela maloprodaje. Isto tako se ponovno zatvaraju i kulturne ustanove poput muzeja i galerija.<br><br>Mise su preko Uskrsa dozvoljene uz stroga pravila higijene.&nbsp;Izlazak iz vlastitog stana je dozvoljen samo uz opravdani razlog. Susreti su ograni\u010deni na samo jednu osobu iz nekog drugog doma\u0107instva.<\/p>\n\n\n\n<p>&#8211; Poljaci su u \u010detvrtak ujutro po\u017eurili prijaviti se za cijepljenje protiv covida-19 nakon \u0161to je vlada iznenada preko no\u0107i omogu\u0107ila registraciju za osobe starije od 40 godina, a zbog velikog broja prijava sve je rezultiralo padom sustava.<br><br>Vi\u0161e od dva milijuna Poljaka dosad je primilo obje doze cjepiva.<\/p>\n\n\n\n<p>&#8211; Nova varijanta koronavirusa prona\u0111ena je u Brazilu, objavile su u srijedu tamo\u0161nje zdravstvene vlasti.<br><br>Nova varijanta sli\u010dna je onoj prona\u0111enoj u Ju\u017enoafri\u010dkoj Republici, napisao je na Twitteru brazilski biomedicinski institut Butantan.<br><br>&#8211; Svjetska zdravstvena organizacija (WHO) u \u010detvrtak je kritizirala neprihvatljivu sporost cijepljenja protiv covida-19 u Europi koja je suo\u010dena sa zabrinjavaju\u0107om epidemiolo\u0161kom situacijom.<br><br>&#8211; Tvrtka Johnson&amp;Johnson objavila je u srijedu da je prona\u0111en problem sa serijom djelatne tvari za njezino cjepivo protiv covida-19 koje proizvodi Emergent Biosolutions te da serija nije do\u0161la do kona\u010dne faze punjenja i zavr\u0161etka.<\/p>\n\n\n\n<p>J&amp;J nije rekao koliko bi se proizvelo doza cjepiva u seriji. New York Times izvijestio je da je propalo oko 15 milijuna doza, ne navode\u0107i izvor. <a href=\"https:\/\/vijesti.hrt.hr\/svijet\/problem-sa-serijom-cjepiva-johnson-johnson-mozda-propalo-15-milijuna-doza-1300548\" target=\"_blank\" rel=\"noreferrer noopener\"><strong>Op\u0161irnije<\/strong><\/a><br><br>&#8211; O\u017eujak je u Brazilu bio mjesec s najvi\u0161e smrtnih slu\u010dajeva od po\u010detka pandemije koronavirusa, s vi\u0161e od 66.000 umrlih.<br><br>Nikad u povijesti Brazila nije se dogodilo da jedan doga\u0111aj ubije toliko ljudi u 30 dana, rekao je <strong>Miguel Nicolelis<\/strong>, koordinator Znanstvenog odbora protiv pandemije koji su formirale sjeveroisto\u010dne dr\u017eave Brazila.<br><br>Brazilske bolnice su prenapu\u010dene, a u nekoliko dr\u017eava osoblje je ve\u0107 po\u010delo birati kome \u0107e dati krevete u intenzivnoj njezi.<\/p>\n\n\n\n<p>Izvor:hrt.hr<\/p>\n","protected":false},"excerpt":{"rendered":"<p>U Hrvatskoj su u protekla 24 sata zabilje\u017eene 2422 nove osobe zara\u017eene koronavirusom, a udio zara\u017eenih me\u0111u testiranima iznosio je 25,56 posto, izvijestio je na sjednici Vlade u \u010detvrtak ministar zdravstva Vili Bero\u0161. Broj aktivnih slu\u010dajeva danas je ukupno 12448, dok je 1390 pacijenata na bolni\u010dkom lije\u010denju, od kojih 155 na respiratoru. Preminulo je 20 [&hellip;]<\/p>\n","protected":false},"author":2,"featured_media":8570,"comment_status":"closed","ping_status":"closed","sticky":false,"template":"","format":"standard","meta":{"h5ap_radio_sources":[],"footnotes":""},"categories":[1],"tags":[],"class_list":["post-8569","post","type-post","status-publish","format-standard","has-post-thumbnail","hentry","category-bihiregija"],"yoast_head":"<!-- This site is optimized with the Yoast SEO plugin v27.5 - https:\/\/yoast.com\/product\/yoast-seo-wordpress\/ -->\n<title>Koronavirus - 2422 nova slu\u010daja zaraze, udio zara\u017eenih ve\u0107i od 25,26% - RADIO LJUBU\u0160KI<\/title>\n<meta name=\"robots\" content=\"index, follow, max-snippet:-1, max-image-preview:large, max-video-preview:-1\" \/>\n<link rel=\"canonical\" href=\"https:\/\/radioljubuski.ba\/index.php\/2021\/04\/01\/koronavirus-2422-nova-slucaja-zaraze-udio-zarazenih-veci-od-2526\/\" \/>\n<meta property=\"og:locale\" content=\"hr_HR\" \/>\n<meta property=\"og:type\" content=\"article\" \/>\n<meta property=\"og:title\" content=\"Koronavirus - 2422 nova slu\u010daja zaraze, udio zara\u017eenih ve\u0107i od 25,26% - RADIO LJUBU\u0160KI\" \/>\n<meta property=\"og:description\" content=\"U Hrvatskoj su u protekla 24 sata zabilje\u017eene 2422 nove osobe zara\u017eene koronavirusom, a udio zara\u017eenih me\u0111u testiranima iznosio je 25,56 posto, izvijestio je na sjednici Vlade u \u010detvrtak ministar zdravstva Vili Bero\u0161. Broj aktivnih slu\u010dajeva danas je ukupno 12448, dok je 1390 pacijenata na bolni\u010dkom lije\u010denju, od kojih 155 na respiratoru. Preminulo je 20 [&hellip;]\" \/>\n<meta property=\"og:url\" content=\"https:\/\/radioljubuski.ba\/index.php\/2021\/04\/01\/koronavirus-2422-nova-slucaja-zaraze-udio-zarazenih-veci-od-2526\/\" \/>\n<meta property=\"og:site_name\" content=\"RADIO LJUBU\u0160KI\" \/>\n<meta property=\"article:publisher\" content=\"https:\/\/www.facebook.com\/Radiio-Ljubuski-1490835324566332\" \/>\n<meta property=\"article:published_time\" content=\"2021-04-01T10:03:54+00:00\" \/>\n<meta property=\"article:modified_time\" content=\"2021-04-01T10:03:55+00:00\" \/>\n<meta property=\"og:image\" content=\"https:\/\/radioljubuski.ba\/wp-content\/uploads\/2021\/04\/1.png\" \/>\n\t<meta property=\"og:image:width\" content=\"646\" \/>\n\t<meta property=\"og:image:height\" content=\"358\" \/>\n\t<meta property=\"og:image:type\" content=\"image\/png\" \/>\n<meta name=\"author\" content=\"Radio Ljubu\u0161ki\" \/>\n<meta name=\"twitter:card\" content=\"summary_large_image\" \/>\n<meta name=\"twitter:creator\" content=\"@radioljubuski\" \/>\n<meta name=\"twitter:site\" content=\"@radioljubuski\" \/>\n<meta name=\"twitter:label1\" content=\"Napisao\/la\" \/>\n\t<meta name=\"twitter:data1\" content=\"Radio Ljubu\u0161ki\" \/>\n\t<meta name=\"twitter:label2\" content=\"Procijenjeno vrijeme \u010ditanja\" \/>\n\t<meta name=\"twitter:data2\" content=\"5 minuta\" \/>\n<script type=\"application\/ld+json\" class=\"yoast-schema-graph\">{\"@context\":\"https:\\\/\\\/schema.org\",\"@graph\":[{\"@type\":\"Article\",\"@id\":\"https:\\\/\\\/radioljubuski.ba\\\/index.php\\\/2021\\\/04\\\/01\\\/koronavirus-2422-nova-slucaja-zaraze-udio-zarazenih-veci-od-2526\\\/#article\",\"isPartOf\":{\"@id\":\"https:\\\/\\\/radioljubuski.ba\\\/index.php\\\/2021\\\/04\\\/01\\\/koronavirus-2422-nova-slucaja-zaraze-udio-zarazenih-veci-od-2526\\\/\"},\"author\":{\"name\":\"Radio Ljubu\u0161ki\",\"@id\":\"https:\\\/\\\/radioljubuski.ba\\\/#\\\/schema\\\/person\\\/19fc700381a780f69665d7956c469e3b\"},\"headline\":\"Koronavirus &#8211; 2422 nova slu\u010daja zaraze, udio zara\u017eenih ve\u0107i od 25,26%\",\"datePublished\":\"2021-04-01T10:03:54+00:00\",\"dateModified\":\"2021-04-01T10:03:55+00:00\",\"mainEntityOfPage\":{\"@id\":\"https:\\\/\\\/radioljubuski.ba\\\/index.php\\\/2021\\\/04\\\/01\\\/koronavirus-2422-nova-slucaja-zaraze-udio-zarazenih-veci-od-2526\\\/\"},\"wordCount\":1032,\"publisher\":{\"@id\":\"https:\\\/\\\/radioljubuski.ba\\\/#organization\"},\"image\":{\"@id\":\"https:\\\/\\\/radioljubuski.ba\\\/index.php\\\/2021\\\/04\\\/01\\\/koronavirus-2422-nova-slucaja-zaraze-udio-zarazenih-veci-od-2526\\\/#primaryimage\"},\"thumbnailUrl\":\"https:\\\/\\\/radioljubuski.ba\\\/wp-content\\\/uploads\\\/2021\\\/04\\\/1.png\",\"articleSection\":[\"BIH i regija\"],\"inLanguage\":\"hr\"},{\"@type\":\"WebPage\",\"@id\":\"https:\\\/\\\/radioljubuski.ba\\\/index.php\\\/2021\\\/04\\\/01\\\/koronavirus-2422-nova-slucaja-zaraze-udio-zarazenih-veci-od-2526\\\/\",\"url\":\"https:\\\/\\\/radioljubuski.ba\\\/index.php\\\/2021\\\/04\\\/01\\\/koronavirus-2422-nova-slucaja-zaraze-udio-zarazenih-veci-od-2526\\\/\",\"name\":\"Koronavirus - 2422 nova slu\u010daja zaraze, udio zara\u017eenih ve\u0107i od 25,26% - RADIO LJUBU\u0160KI\",\"isPartOf\":{\"@id\":\"https:\\\/\\\/radioljubuski.ba\\\/#website\"},\"primaryImageOfPage\":{\"@id\":\"https:\\\/\\\/radioljubuski.ba\\\/index.php\\\/2021\\\/04\\\/01\\\/koronavirus-2422-nova-slucaja-zaraze-udio-zarazenih-veci-od-2526\\\/#primaryimage\"},\"image\":{\"@id\":\"https:\\\/\\\/radioljubuski.ba\\\/index.php\\\/2021\\\/04\\\/01\\\/koronavirus-2422-nova-slucaja-zaraze-udio-zarazenih-veci-od-2526\\\/#primaryimage\"},\"thumbnailUrl\":\"https:\\\/\\\/radioljubuski.ba\\\/wp-content\\\/uploads\\\/2021\\\/04\\\/1.png\",\"datePublished\":\"2021-04-01T10:03:54+00:00\",\"dateModified\":\"2021-04-01T10:03:55+00:00\",\"breadcrumb\":{\"@id\":\"https:\\\/\\\/radioljubuski.ba\\\/index.php\\\/2021\\\/04\\\/01\\\/koronavirus-2422-nova-slucaja-zaraze-udio-zarazenih-veci-od-2526\\\/#breadcrumb\"},\"inLanguage\":\"hr\",\"potentialAction\":[{\"@type\":\"ReadAction\",\"target\":[\"https:\\\/\\\/radioljubuski.ba\\\/index.php\\\/2021\\\/04\\\/01\\\/koronavirus-2422-nova-slucaja-zaraze-udio-zarazenih-veci-od-2526\\\/\"]}]},{\"@type\":\"ImageObject\",\"inLanguage\":\"hr\",\"@id\":\"https:\\\/\\\/radioljubuski.ba\\\/index.php\\\/2021\\\/04\\\/01\\\/koronavirus-2422-nova-slucaja-zaraze-udio-zarazenih-veci-od-2526\\\/#primaryimage\",\"url\":\"https:\\\/\\\/radioljubuski.ba\\\/wp-content\\\/uploads\\\/2021\\\/04\\\/1.png\",\"contentUrl\":\"https:\\\/\\\/radioljubuski.ba\\\/wp-content\\\/uploads\\\/2021\\\/04\\\/1.png\",\"width\":646,\"height\":358},{\"@type\":\"BreadcrumbList\",\"@id\":\"https:\\\/\\\/radioljubuski.ba\\\/index.php\\\/2021\\\/04\\\/01\\\/koronavirus-2422-nova-slucaja-zaraze-udio-zarazenih-veci-od-2526\\\/#breadcrumb\",\"itemListElement\":[{\"@type\":\"ListItem\",\"position\":1,\"name\":\"Po\u010detna stranica\",\"item\":\"https:\\\/\\\/radioljubuski.ba\\\/\"},{\"@type\":\"ListItem\",\"position\":2,\"name\":\"Koronavirus &#8211; 2422 nova slu\u010daja zaraze, udio zara\u017eenih ve\u0107i od 25,26%\"}]},{\"@type\":\"WebSite\",\"@id\":\"https:\\\/\\\/radioljubuski.ba\\\/#website\",\"url\":\"https:\\\/\\\/radioljubuski.ba\\\/\",\"name\":\"Radio Ljubu\u0161ki\",\"description\":\"Sun\u010dana frekvencija Hercegovine\",\"publisher\":{\"@id\":\"https:\\\/\\\/radioljubuski.ba\\\/#organization\"},\"potentialAction\":[{\"@type\":\"SearchAction\",\"target\":{\"@type\":\"EntryPoint\",\"urlTemplate\":\"https:\\\/\\\/radioljubuski.ba\\\/?s={search_term_string}\"},\"query-input\":{\"@type\":\"PropertyValueSpecification\",\"valueRequired\":true,\"valueName\":\"search_term_string\"}}],\"inLanguage\":\"hr\"},{\"@type\":\"Organization\",\"@id\":\"https:\\\/\\\/radioljubuski.ba\\\/#organization\",\"name\":\"Radio Ljubu\u0161ki\",\"url\":\"https:\\\/\\\/radioljubuski.ba\\\/\",\"logo\":{\"@type\":\"ImageObject\",\"inLanguage\":\"hr\",\"@id\":\"https:\\\/\\\/radioljubuski.ba\\\/#\\\/schema\\\/logo\\\/image\\\/\",\"url\":\"https:\\\/\\\/radioljubuski.ba\\\/wp-content\\\/uploads\\\/2021\\\/02\\\/cropped-Radio_Ljubuski_logo1.jpg\",\"contentUrl\":\"https:\\\/\\\/radioljubuski.ba\\\/wp-content\\\/uploads\\\/2021\\\/02\\\/cropped-Radio_Ljubuski_logo1.jpg\",\"width\":512,\"height\":512,\"caption\":\"Radio Ljubu\u0161ki\"},\"image\":{\"@id\":\"https:\\\/\\\/radioljubuski.ba\\\/#\\\/schema\\\/logo\\\/image\\\/\"},\"sameAs\":[\"https:\\\/\\\/www.facebook.com\\\/Radiio-Ljubuski-1490835324566332\",\"https:\\\/\\\/x.com\\\/radioljubuski\",\"https:\\\/\\\/hr.linkedin.com\\\/company\\\/radio-ljubuski\",\"https:\\\/\\\/www.youtube.com\\\/channel\\\/UCHYaeO_n0Db3tjNGudGpXyw\"]},{\"@type\":\"Person\",\"@id\":\"https:\\\/\\\/radioljubuski.ba\\\/#\\\/schema\\\/person\\\/19fc700381a780f69665d7956c469e3b\",\"name\":\"Radio Ljubu\u0161ki\"}]}<\/script>\n<!-- \/ Yoast SEO plugin. -->","yoast_head_json":{"title":"Koronavirus - 2422 nova slu\u010daja zaraze, udio zara\u017eenih ve\u0107i od 25,26% - RADIO LJUBU\u0160KI","robots":{"index":"index","follow":"follow","max-snippet":"max-snippet:-1","max-image-preview":"max-image-preview:large","max-video-preview":"max-video-preview:-1"},"canonical":"https:\/\/radioljubuski.ba\/index.php\/2021\/04\/01\/koronavirus-2422-nova-slucaja-zaraze-udio-zarazenih-veci-od-2526\/","og_locale":"hr_HR","og_type":"article","og_title":"Koronavirus - 2422 nova slu\u010daja zaraze, udio zara\u017eenih ve\u0107i od 25,26% - RADIO LJUBU\u0160KI","og_description":"U Hrvatskoj su u protekla 24 sata zabilje\u017eene 2422 nove osobe zara\u017eene koronavirusom, a udio zara\u017eenih me\u0111u testiranima iznosio je 25,56 posto, izvijestio je na sjednici Vlade u \u010detvrtak ministar zdravstva Vili Bero\u0161. Broj aktivnih slu\u010dajeva danas je ukupno 12448, dok je 1390 pacijenata na bolni\u010dkom lije\u010denju, od kojih 155 na respiratoru. Preminulo je 20 [&hellip;]","og_url":"https:\/\/radioljubuski.ba\/index.php\/2021\/04\/01\/koronavirus-2422-nova-slucaja-zaraze-udio-zarazenih-veci-od-2526\/","og_site_name":"RADIO LJUBU\u0160KI","article_publisher":"https:\/\/www.facebook.com\/Radiio-Ljubuski-1490835324566332","article_published_time":"2021-04-01T10:03:54+00:00","article_modified_time":"2021-04-01T10:03:55+00:00","og_image":[{"width":646,"height":358,"url":"https:\/\/radioljubuski.ba\/wp-content\/uploads\/2021\/04\/1.png","type":"image\/png"}],"author":"Radio Ljubu\u0161ki","twitter_card":"summary_large_image","twitter_creator":"@radioljubuski","twitter_site":"@radioljubuski","twitter_misc":{"Napisao\/la":"Radio Ljubu\u0161ki","Procijenjeno vrijeme \u010ditanja":"5 minuta"},"schema":{"@context":"https:\/\/schema.org","@graph":[{"@type":"Article","@id":"https:\/\/radioljubuski.ba\/index.php\/2021\/04\/01\/koronavirus-2422-nova-slucaja-zaraze-udio-zarazenih-veci-od-2526\/#article","isPartOf":{"@id":"https:\/\/radioljubuski.ba\/index.php\/2021\/04\/01\/koronavirus-2422-nova-slucaja-zaraze-udio-zarazenih-veci-od-2526\/"},"author":{"name":"Radio Ljubu\u0161ki","@id":"https:\/\/radioljubuski.ba\/#\/schema\/person\/19fc700381a780f69665d7956c469e3b"},"headline":"Koronavirus &#8211; 2422 nova slu\u010daja zaraze, udio zara\u017eenih ve\u0107i od 25,26%","datePublished":"2021-04-01T10:03:54+00:00","dateModified":"2021-04-01T10:03:55+00:00","mainEntityOfPage":{"@id":"https:\/\/radioljubuski.ba\/index.php\/2021\/04\/01\/koronavirus-2422-nova-slucaja-zaraze-udio-zarazenih-veci-od-2526\/"},"wordCount":1032,"publisher":{"@id":"https:\/\/radioljubuski.ba\/#organization"},"image":{"@id":"https:\/\/radioljubuski.ba\/index.php\/2021\/04\/01\/koronavirus-2422-nova-slucaja-zaraze-udio-zarazenih-veci-od-2526\/#primaryimage"},"thumbnailUrl":"https:\/\/radioljubuski.ba\/wp-content\/uploads\/2021\/04\/1.png","articleSection":["BIH i regija"],"inLanguage":"hr"},{"@type":"WebPage","@id":"https:\/\/radioljubuski.ba\/index.php\/2021\/04\/01\/koronavirus-2422-nova-slucaja-zaraze-udio-zarazenih-veci-od-2526\/","url":"https:\/\/radioljubuski.ba\/index.php\/2021\/04\/01\/koronavirus-2422-nova-slucaja-zaraze-udio-zarazenih-veci-od-2526\/","name":"Koronavirus - 2422 nova slu\u010daja zaraze, udio zara\u017eenih ve\u0107i od 25,26% - RADIO LJUBU\u0160KI","isPartOf":{"@id":"https:\/\/radioljubuski.ba\/#website"},"primaryImageOfPage":{"@id":"https:\/\/radioljubuski.ba\/index.php\/2021\/04\/01\/koronavirus-2422-nova-slucaja-zaraze-udio-zarazenih-veci-od-2526\/#primaryimage"},"image":{"@id":"https:\/\/radioljubuski.ba\/index.php\/2021\/04\/01\/koronavirus-2422-nova-slucaja-zaraze-udio-zarazenih-veci-od-2526\/#primaryimage"},"thumbnailUrl":"https:\/\/radioljubuski.ba\/wp-content\/uploads\/2021\/04\/1.png","datePublished":"2021-04-01T10:03:54+00:00","dateModified":"2021-04-01T10:03:55+00:00","breadcrumb":{"@id":"https:\/\/radioljubuski.ba\/index.php\/2021\/04\/01\/koronavirus-2422-nova-slucaja-zaraze-udio-zarazenih-veci-od-2526\/#breadcrumb"},"inLanguage":"hr","potentialAction":[{"@type":"ReadAction","target":["https:\/\/radioljubuski.ba\/index.php\/2021\/04\/01\/koronavirus-2422-nova-slucaja-zaraze-udio-zarazenih-veci-od-2526\/"]}]},{"@type":"ImageObject","inLanguage":"hr","@id":"https:\/\/radioljubuski.ba\/index.php\/2021\/04\/01\/koronavirus-2422-nova-slucaja-zaraze-udio-zarazenih-veci-od-2526\/#primaryimage","url":"https:\/\/radioljubuski.ba\/wp-content\/uploads\/2021\/04\/1.png","contentUrl":"https:\/\/radioljubuski.ba\/wp-content\/uploads\/2021\/04\/1.png","width":646,"height":358},{"@type":"BreadcrumbList","@id":"https:\/\/radioljubuski.ba\/index.php\/2021\/04\/01\/koronavirus-2422-nova-slucaja-zaraze-udio-zarazenih-veci-od-2526\/#breadcrumb","itemListElement":[{"@type":"ListItem","position":1,"name":"Po\u010detna stranica","item":"https:\/\/radioljubuski.ba\/"},{"@type":"ListItem","position":2,"name":"Koronavirus &#8211; 2422 nova slu\u010daja zaraze, udio zara\u017eenih ve\u0107i od 25,26%"}]},{"@type":"WebSite","@id":"https:\/\/radioljubuski.ba\/#website","url":"https:\/\/radioljubuski.ba\/","name":"Radio Ljubu\u0161ki","description":"Sun\u010dana frekvencija Hercegovine","publisher":{"@id":"https:\/\/radioljubuski.ba\/#organization"},"potentialAction":[{"@type":"SearchAction","target":{"@type":"EntryPoint","urlTemplate":"https:\/\/radioljubuski.ba\/?s={search_term_string}"},"query-input":{"@type":"PropertyValueSpecification","valueRequired":true,"valueName":"search_term_string"}}],"inLanguage":"hr"},{"@type":"Organization","@id":"https:\/\/radioljubuski.ba\/#organization","name":"Radio Ljubu\u0161ki","url":"https:\/\/radioljubuski.ba\/","logo":{"@type":"ImageObject","inLanguage":"hr","@id":"https:\/\/radioljubuski.ba\/#\/schema\/logo\/image\/","url":"https:\/\/radioljubuski.ba\/wp-content\/uploads\/2021\/02\/cropped-Radio_Ljubuski_logo1.jpg","contentUrl":"https:\/\/radioljubuski.ba\/wp-content\/uploads\/2021\/02\/cropped-Radio_Ljubuski_logo1.jpg","width":512,"height":512,"caption":"Radio Ljubu\u0161ki"},"image":{"@id":"https:\/\/radioljubuski.ba\/#\/schema\/logo\/image\/"},"sameAs":["https:\/\/www.facebook.com\/Radiio-Ljubuski-1490835324566332","https:\/\/x.com\/radioljubuski","https:\/\/hr.linkedin.com\/company\/radio-ljubuski","https:\/\/www.youtube.com\/channel\/UCHYaeO_n0Db3tjNGudGpXyw"]},{"@type":"Person","@id":"https:\/\/radioljubuski.ba\/#\/schema\/person\/19fc700381a780f69665d7956c469e3b","name":"Radio Ljubu\u0161ki"}]}},"_links":{"self":[{"href":"https:\/\/radioljubuski.ba\/index.php\/wp-json\/wp\/v2\/posts\/8569","targetHints":{"allow":["GET"]}}],"collection":[{"href":"https:\/\/radioljubuski.ba\/index.php\/wp-json\/wp\/v2\/posts"}],"about":[{"href":"https:\/\/radioljubuski.ba\/index.php\/wp-json\/wp\/v2\/types\/post"}],"author":[{"embeddable":true,"href":"https:\/\/radioljubuski.ba\/index.php\/wp-json\/wp\/v2\/users\/2"}],"replies":[{"embeddable":true,"href":"https:\/\/radioljubuski.ba\/index.php\/wp-json\/wp\/v2\/comments?post=8569"}],"version-history":[{"count":1,"href":"https:\/\/radioljubuski.ba\/index.php\/wp-json\/wp\/v2\/posts\/8569\/revisions"}],"predecessor-version":[{"id":8571,"href":"https:\/\/radioljubuski.ba\/index.php\/wp-json\/wp\/v2\/posts\/8569\/revisions\/8571"}],"wp:featuredmedia":[{"embeddable":true,"href":"https:\/\/radioljubuski.ba\/index.php\/wp-json\/wp\/v2\/media\/8570"}],"wp:attachment":[{"href":"https:\/\/radioljubuski.ba\/index.php\/wp-json\/wp\/v2\/media?parent=8569"}],"wp:term":[{"taxonomy":"category","embeddable":true,"href":"https:\/\/radioljubuski.ba\/index.php\/wp-json\/wp\/v2\/categories?post=8569"},{"taxonomy":"post_tag","embeddable":true,"href":"https:\/\/radioljubuski.ba\/index.php\/wp-json\/wp\/v2\/tags?post=8569"}],"curies":[{"name":"wp","href":"https:\/\/api.w.org\/{rel}","templated":true}]}}