{"id":85710,"date":"2021-11-06T01:26:17","date_gmt":"2021-11-06T00:26:17","guid":{"rendered":"https:\/\/radioljubuski.ba\/?p=85710"},"modified":"2021-11-06T01:26:19","modified_gmt":"2021-11-06T00:26:19","slug":"hoce-li-se-bez-covid-potvrde-moci-u-javni-prijevoz-na-trajekte-sto-je-sa-skolarcima-mozete-li-bez-potvrde-otici-u-finu-ili-produziti-osobnu-u-policiju","status":"publish","type":"post","link":"https:\/\/radioljubuski.ba\/index.php\/2021\/11\/06\/hoce-li-se-bez-covid-potvrde-moci-u-javni-prijevoz-na-trajekte-sto-je-sa-skolarcima-mozete-li-bez-potvrde-otici-u-finu-ili-produziti-osobnu-u-policiju\/","title":{"rendered":"Ho\u0107e li se bez covid potvrde mo\u0107i u javni prijevoz, na trajekte? \u0160to je sa \u0161kolarcima? Mo\u017eete li bez potvrde oti\u0107i u Finu ili produ\u017eiti osobnu u policiju?"},"content":{"rendered":"\n<p>EU digitalna potvrda od 15. studenog kre\u0107e u \u0161iru upotrebu. U ovom trenu ona je obavezna za sve zaposlene u sustavuEmbeddings zdravstva i socijalne skrbi, te nitko tko ne posjeduje dokaz o preboljenju, pozitivnom cijepnom statusu ili negativnom testu ne mo\u017ee do\u0107i na posao, pi\u0161e&nbsp;<a href=\"https:\/\/www.jutarnji.hr\/vijesti\/hrvatska\/donosimo-sva-kljucna-pitanja-i-odgovore-na-nove-mjere-ostaje-jos-jedna-velika-nepoznanica-15116808\" target=\"_blank\" rel=\"noreferrer noopener\">Jutarnji list.<\/a><\/p>\n\n\n\n<p>\u0160tovi\u0161e, desetak djelatnika iz tih sustava, koji imaju obvezu potvrde, a odbijali su testiranje,dobili su izvanredne otkaze Ugovora o radu. Potvrda se koristi i \u0161ire, na svadbama, i drugim doga\u0111ajima koji podrazumijevaju vi\u0161e od sto osoba (po novom pravilu vi\u0161e od 50).<\/p>\n\n\n\n<p>Za deset dana ona postaje obveza za sve zaposlene, kao i posjetitelje u svim dr\u017eavnim i javnim slu\u017ebama, konkretno, uvodi se za sve dr\u017eavne slu\u017ebenike i namje\u0161tenike, lokalne, regionalne, podru\u010dne samouprave, kao i za trgova\u010dka dru\u0161tva kojima je osniva\u010d dr\u017eava ili navedene samouprave.<\/p>\n\n\n\n<p>No, tu nije kraj, jer ako do uvo\u0111enja ove obveze brojevi I dalje budu lo\u0161i, EU digitalne covid potvrde trebat \u0107emo I za odlazak na kavu, u restoran, \u0161oping centar ili na vje\u017ebanje u teretanu.<\/p>\n\n\n\n<p>Da bi se sve jasno znalo, ostavljen je prostor od 10 dana za prilagodbu, ali oko same procedure otvorena su brojna pitanja:<\/p>\n\n\n\n<p><strong>Gdje \u0107e se I o \u010dijem tro\u0161ku testirati zaposlenici koji trebaju potvrdu za odlazak na posao?<\/strong><\/p>\n\n\n\n<p>Testirat \u0107e se u jednom od gotovo 500 ovla\u0161tenih laboratorija. Ra\u010dun \u0107e podmiriti sami, ali tvrtka \u0107e im novac refundirati.<\/p>\n\n\n\n<p><strong>Gdje \u0107e se testirati posjetitelji I tko podmiruje njihov tro\u0161ak testa?<\/strong><\/p>\n\n\n\n<p>Tako\u0111er u ovla\u0161tenim laboratorijima, ali o vlastitom tro\u0161ku.<\/p>\n\n\n\n<p><strong>\u0160to ako zaposlenici, poput nekolicine u zdravstvu I socijale odbiju test, a nisu cijepljeni Ili preboljeli covid, odbiju test?<\/strong><\/p>\n\n\n\n<p>Tretirat \u0107e se kao I zdravstveni radnici, taj dan \u0107e im se podrazumijevati kao nedolazak na posao, za njega ne\u0107e biti pla\u0107eni, a ako uzastopce odbijaju testiranje postoji mogu\u0107nost otkaza. Testiranje su du\u017eni obaviti dva puta tjedno.<\/p>\n\n\n\n<figure class=\"wp-block-image\"><img decoding=\"async\" src=\"https:\/\/static.slobodnadalmacija.hr\/images\/slike\/2021\/11\/05\/19792712.jpg?1636129525\" alt=\"image\"\/><\/figure>\n\n\n\n<p><strong>\u0160to je s posjetiteljima? Na koje dobne skupine se odnosi ova odluka. Naime, svi stariji od 12 godina imaju odobrenje EMA-e I HALMED-a za cijepljenje.<\/strong><\/p>\n\n\n\n<p>Kako doznajemo, ovaj detalj jo\u0161 nije u potpunosti rije\u0161en. Naime, postoji mogu\u0107nost da se ne\u0107e odnositi na maloljetnike, ali naravno uz strogo pridr\u017eavanje epidemiolo\u0161kih mjera, maski, distance I higijene.<\/p>\n\n\n\n<p><strong>Obveza covid potvrde uvodi se I u sustav obrazovanja. Ti\u010de li se I djece starije od 12 godina, koji poha\u0111aju osnovne I srednje \u0161kole?<\/strong><\/p>\n\n\n\n<p>Ne, covid potvrdu moraju imati svi zaposleni u sustavu \u0161kola I vrti\u0107a, no covid potvrdu \u0161kolarci, neovisno o dobi ne moraju posjedovati.<\/p>\n\n\n\n<p><strong>Je li potvrda nu\u017ena za sve posjetitelje, stanke, primjerice raznih ministarstava, FINE, prostorija policije u kojima se podi\u017eu ili prave dokumenti?<\/strong><\/p>\n\n\n\n<p>Da, bez nje ne\u0107e mo\u0107i u\u0107i u takve ustanove.<\/p>\n\n\n\n<figure class=\"wp-block-image\"><img decoding=\"async\" src=\"https:\/\/static.slobodnadalmacija.hr\/images\/slike\/2021\/11\/05\/19892304.jpg?1636129525\" alt=\"image\"\/><\/figure>\n\n\n\n<p><strong>\u0160to s pritvorenicima, zatvorenicima koji dolaze na primjerice Kazneni sud, a odbijaju testiranje. Ho\u0107e li tako mo\u0107i odga\u0111ati odlazak na su\u0111enja?<\/strong><\/p>\n\n\n\n<p>Kako doznajemo &#8211; ne\u0107e. Ako odbiju, s maskom I uz sve druge mjere razmaka I maske bit \u0107e du\u017eni odraditi su\u0111enje.<\/p>\n\n\n\n<p><strong>Ho\u0107e li covid digitalna potvrda biti obveza na javnoj televiziji?<\/strong><\/p>\n\n\n\n<p>Ho\u0107e. HRT je javna televizija I samim time spada pod ustanove s tom obavezom.<\/p>\n\n\n\n<p><strong>Ho\u0107e li putnici Jadrolinije trebati imati covid potvrdu?<\/strong><\/p>\n\n\n\n<p>Za sada ne.<\/p>\n\n\n\n<p><strong>Trebaju li nam potvrde u javnom prijevozu?<\/strong><\/p>\n\n\n\n<p>Za sada ne.<\/p>\n\n\n\n<p><strong>Jesu li covid potvrde obavezne u Saboru?<\/strong><\/p>\n\n\n\n<p>Da. Za sve du\u017enosnike, zaposlenike i posjetitelje.<\/p>\n\n\n\n<figure class=\"wp-block-image\"><img decoding=\"async\" src=\"https:\/\/static.slobodnadalmacija.hr\/images\/slike\/2021\/11\/05\/19901846.jpg?1636129525\" alt=\"image\"\/><\/figure>\n\n\n\n<p><strong>PI\u0160E&nbsp;<\/strong>IVANA KRNI\u0106\/JL<\/p>\n","protected":false},"excerpt":{"rendered":"<p>EU digitalna potvrda od 15. studenog kre\u0107e u \u0161iru upotrebu. U ovom trenu ona je obavezna za sve zaposlene u sustavuEmbeddings zdravstva i socijalne skrbi, te nitko tko ne posjeduje dokaz o preboljenju, pozitivnom cijepnom statusu ili negativnom testu ne mo\u017ee do\u0107i na posao, pi\u0161e&nbsp;Jutarnji list. \u0160tovi\u0161e, desetak djelatnika iz tih sustava, koji imaju obvezu [&hellip;]<\/p>\n","protected":false},"author":2,"featured_media":85711,"comment_status":"closed","ping_status":"closed","sticky":false,"template":"","format":"standard","meta":{"h5ap_radio_sources":[],"footnotes":""},"categories":[1],"tags":[],"class_list":["post-85710","post","type-post","status-publish","format-standard","has-post-thumbnail","hentry","category-bihiregija"],"yoast_head":"<!-- This site is optimized with the Yoast SEO plugin v27.5 - https:\/\/yoast.com\/product\/yoast-seo-wordpress\/ -->\n<title>Ho\u0107e li se bez covid potvrde mo\u0107i u javni prijevoz, na trajekte? \u0160to je sa \u0161kolarcima? Mo\u017eete li bez potvrde oti\u0107i u Finu ili produ\u017eiti osobnu u policiju? - RADIO LJUBU\u0160KI<\/title>\n<meta name=\"robots\" content=\"index, follow, max-snippet:-1, max-image-preview:large, max-video-preview:-1\" \/>\n<link rel=\"canonical\" href=\"https:\/\/radioljubuski.ba\/index.php\/2021\/11\/06\/hoce-li-se-bez-covid-potvrde-moci-u-javni-prijevoz-na-trajekte-sto-je-sa-skolarcima-mozete-li-bez-potvrde-otici-u-finu-ili-produziti-osobnu-u-policiju\/\" \/>\n<meta property=\"og:locale\" content=\"hr_HR\" \/>\n<meta property=\"og:type\" content=\"article\" \/>\n<meta property=\"og:title\" content=\"Ho\u0107e li se bez covid potvrde mo\u0107i u javni prijevoz, na trajekte? \u0160to je sa \u0161kolarcima? Mo\u017eete li bez potvrde oti\u0107i u Finu ili produ\u017eiti osobnu u policiju? - RADIO LJUBU\u0160KI\" \/>\n<meta property=\"og:description\" content=\"EU digitalna potvrda od 15. studenog kre\u0107e u \u0161iru upotrebu. U ovom trenu ona je obavezna za sve zaposlene u sustavuEmbeddings zdravstva i socijalne skrbi, te nitko tko ne posjeduje dokaz o preboljenju, pozitivnom cijepnom statusu ili negativnom testu ne mo\u017ee do\u0107i na posao, pi\u0161e&nbsp;Jutarnji list. \u0160tovi\u0161e, desetak djelatnika iz tih sustava, koji imaju obvezu [&hellip;]\" \/>\n<meta property=\"og:url\" content=\"https:\/\/radioljubuski.ba\/index.php\/2021\/11\/06\/hoce-li-se-bez-covid-potvrde-moci-u-javni-prijevoz-na-trajekte-sto-je-sa-skolarcima-mozete-li-bez-potvrde-otici-u-finu-ili-produziti-osobnu-u-policiju\/\" \/>\n<meta property=\"og:site_name\" content=\"RADIO LJUBU\u0160KI\" \/>\n<meta property=\"article:publisher\" content=\"https:\/\/www.facebook.com\/Radiio-Ljubuski-1490835324566332\" \/>\n<meta property=\"article:published_time\" content=\"2021-11-06T00:26:17+00:00\" \/>\n<meta property=\"article:modified_time\" content=\"2021-11-06T00:26:19+00:00\" \/>\n<meta property=\"og:image\" content=\"https:\/\/radioljubuski.ba\/wp-content\/uploads\/2021\/11\/o_19903004_1024.jpg\" \/>\n\t<meta property=\"og:image:width\" content=\"1024\" \/>\n\t<meta property=\"og:image:height\" content=\"682\" \/>\n\t<meta property=\"og:image:type\" content=\"image\/jpeg\" \/>\n<meta name=\"author\" content=\"Radio Ljubu\u0161ki\" \/>\n<meta name=\"twitter:card\" content=\"summary_large_image\" \/>\n<meta name=\"twitter:creator\" content=\"@radioljubuski\" \/>\n<meta name=\"twitter:site\" content=\"@radioljubuski\" \/>\n<meta name=\"twitter:label1\" content=\"Napisao\/la\" \/>\n\t<meta name=\"twitter:data1\" content=\"Radio Ljubu\u0161ki\" \/>\n\t<meta name=\"twitter:label2\" content=\"Procijenjeno vrijeme \u010ditanja\" \/>\n\t<meta name=\"twitter:data2\" content=\"3 minute\" \/>\n<script type=\"application\/ld+json\" class=\"yoast-schema-graph\">{\"@context\":\"https:\\\/\\\/schema.org\",\"@graph\":[{\"@type\":\"Article\",\"@id\":\"https:\\\/\\\/radioljubuski.ba\\\/index.php\\\/2021\\\/11\\\/06\\\/hoce-li-se-bez-covid-potvrde-moci-u-javni-prijevoz-na-trajekte-sto-je-sa-skolarcima-mozete-li-bez-potvrde-otici-u-finu-ili-produziti-osobnu-u-policiju\\\/#article\",\"isPartOf\":{\"@id\":\"https:\\\/\\\/radioljubuski.ba\\\/index.php\\\/2021\\\/11\\\/06\\\/hoce-li-se-bez-covid-potvrde-moci-u-javni-prijevoz-na-trajekte-sto-je-sa-skolarcima-mozete-li-bez-potvrde-otici-u-finu-ili-produziti-osobnu-u-policiju\\\/\"},\"author\":{\"name\":\"Radio Ljubu\u0161ki\",\"@id\":\"https:\\\/\\\/radioljubuski.ba\\\/#\\\/schema\\\/person\\\/19fc700381a780f69665d7956c469e3b\"},\"headline\":\"Ho\u0107e li se bez covid potvrde mo\u0107i u javni prijevoz, na trajekte? \u0160to je sa \u0161kolarcima? Mo\u017eete li bez potvrde oti\u0107i u Finu ili produ\u017eiti osobnu u policiju?\",\"datePublished\":\"2021-11-06T00:26:17+00:00\",\"dateModified\":\"2021-11-06T00:26:19+00:00\",\"mainEntityOfPage\":{\"@id\":\"https:\\\/\\\/radioljubuski.ba\\\/index.php\\\/2021\\\/11\\\/06\\\/hoce-li-se-bez-covid-potvrde-moci-u-javni-prijevoz-na-trajekte-sto-je-sa-skolarcima-mozete-li-bez-potvrde-otici-u-finu-ili-produziti-osobnu-u-policiju\\\/\"},\"wordCount\":621,\"publisher\":{\"@id\":\"https:\\\/\\\/radioljubuski.ba\\\/#organization\"},\"image\":{\"@id\":\"https:\\\/\\\/radioljubuski.ba\\\/index.php\\\/2021\\\/11\\\/06\\\/hoce-li-se-bez-covid-potvrde-moci-u-javni-prijevoz-na-trajekte-sto-je-sa-skolarcima-mozete-li-bez-potvrde-otici-u-finu-ili-produziti-osobnu-u-policiju\\\/#primaryimage\"},\"thumbnailUrl\":\"https:\\\/\\\/radioljubuski.ba\\\/wp-content\\\/uploads\\\/2021\\\/11\\\/o_19903004_1024.jpg\",\"articleSection\":[\"BIH i regija\"],\"inLanguage\":\"hr\"},{\"@type\":\"WebPage\",\"@id\":\"https:\\\/\\\/radioljubuski.ba\\\/index.php\\\/2021\\\/11\\\/06\\\/hoce-li-se-bez-covid-potvrde-moci-u-javni-prijevoz-na-trajekte-sto-je-sa-skolarcima-mozete-li-bez-potvrde-otici-u-finu-ili-produziti-osobnu-u-policiju\\\/\",\"url\":\"https:\\\/\\\/radioljubuski.ba\\\/index.php\\\/2021\\\/11\\\/06\\\/hoce-li-se-bez-covid-potvrde-moci-u-javni-prijevoz-na-trajekte-sto-je-sa-skolarcima-mozete-li-bez-potvrde-otici-u-finu-ili-produziti-osobnu-u-policiju\\\/\",\"name\":\"Ho\u0107e li se bez covid potvrde mo\u0107i u javni prijevoz, na trajekte? \u0160to je sa \u0161kolarcima? Mo\u017eete li bez potvrde oti\u0107i u Finu ili produ\u017eiti osobnu u policiju? - RADIO LJUBU\u0160KI\",\"isPartOf\":{\"@id\":\"https:\\\/\\\/radioljubuski.ba\\\/#website\"},\"primaryImageOfPage\":{\"@id\":\"https:\\\/\\\/radioljubuski.ba\\\/index.php\\\/2021\\\/11\\\/06\\\/hoce-li-se-bez-covid-potvrde-moci-u-javni-prijevoz-na-trajekte-sto-je-sa-skolarcima-mozete-li-bez-potvrde-otici-u-finu-ili-produziti-osobnu-u-policiju\\\/#primaryimage\"},\"image\":{\"@id\":\"https:\\\/\\\/radioljubuski.ba\\\/index.php\\\/2021\\\/11\\\/06\\\/hoce-li-se-bez-covid-potvrde-moci-u-javni-prijevoz-na-trajekte-sto-je-sa-skolarcima-mozete-li-bez-potvrde-otici-u-finu-ili-produziti-osobnu-u-policiju\\\/#primaryimage\"},\"thumbnailUrl\":\"https:\\\/\\\/radioljubuski.ba\\\/wp-content\\\/uploads\\\/2021\\\/11\\\/o_19903004_1024.jpg\",\"datePublished\":\"2021-11-06T00:26:17+00:00\",\"dateModified\":\"2021-11-06T00:26:19+00:00\",\"breadcrumb\":{\"@id\":\"https:\\\/\\\/radioljubuski.ba\\\/index.php\\\/2021\\\/11\\\/06\\\/hoce-li-se-bez-covid-potvrde-moci-u-javni-prijevoz-na-trajekte-sto-je-sa-skolarcima-mozete-li-bez-potvrde-otici-u-finu-ili-produziti-osobnu-u-policiju\\\/#breadcrumb\"},\"inLanguage\":\"hr\",\"potentialAction\":[{\"@type\":\"ReadAction\",\"target\":[\"https:\\\/\\\/radioljubuski.ba\\\/index.php\\\/2021\\\/11\\\/06\\\/hoce-li-se-bez-covid-potvrde-moci-u-javni-prijevoz-na-trajekte-sto-je-sa-skolarcima-mozete-li-bez-potvrde-otici-u-finu-ili-produziti-osobnu-u-policiju\\\/\"]}]},{\"@type\":\"ImageObject\",\"inLanguage\":\"hr\",\"@id\":\"https:\\\/\\\/radioljubuski.ba\\\/index.php\\\/2021\\\/11\\\/06\\\/hoce-li-se-bez-covid-potvrde-moci-u-javni-prijevoz-na-trajekte-sto-je-sa-skolarcima-mozete-li-bez-potvrde-otici-u-finu-ili-produziti-osobnu-u-policiju\\\/#primaryimage\",\"url\":\"https:\\\/\\\/radioljubuski.ba\\\/wp-content\\\/uploads\\\/2021\\\/11\\\/o_19903004_1024.jpg\",\"contentUrl\":\"https:\\\/\\\/radioljubuski.ba\\\/wp-content\\\/uploads\\\/2021\\\/11\\\/o_19903004_1024.jpg\",\"width\":1024,\"height\":682},{\"@type\":\"BreadcrumbList\",\"@id\":\"https:\\\/\\\/radioljubuski.ba\\\/index.php\\\/2021\\\/11\\\/06\\\/hoce-li-se-bez-covid-potvrde-moci-u-javni-prijevoz-na-trajekte-sto-je-sa-skolarcima-mozete-li-bez-potvrde-otici-u-finu-ili-produziti-osobnu-u-policiju\\\/#breadcrumb\",\"itemListElement\":[{\"@type\":\"ListItem\",\"position\":1,\"name\":\"Po\u010detna stranica\",\"item\":\"https:\\\/\\\/radioljubuski.ba\\\/\"},{\"@type\":\"ListItem\",\"position\":2,\"name\":\"Ho\u0107e li se bez covid potvrde mo\u0107i u javni prijevoz, na trajekte? \u0160to je sa \u0161kolarcima? Mo\u017eete li bez potvrde oti\u0107i u Finu ili produ\u017eiti osobnu u policiju?\"}]},{\"@type\":\"WebSite\",\"@id\":\"https:\\\/\\\/radioljubuski.ba\\\/#website\",\"url\":\"https:\\\/\\\/radioljubuski.ba\\\/\",\"name\":\"Radio Ljubu\u0161ki\",\"description\":\"Sun\u010dana frekvencija Hercegovine\",\"publisher\":{\"@id\":\"https:\\\/\\\/radioljubuski.ba\\\/#organization\"},\"potentialAction\":[{\"@type\":\"SearchAction\",\"target\":{\"@type\":\"EntryPoint\",\"urlTemplate\":\"https:\\\/\\\/radioljubuski.ba\\\/?s={search_term_string}\"},\"query-input\":{\"@type\":\"PropertyValueSpecification\",\"valueRequired\":true,\"valueName\":\"search_term_string\"}}],\"inLanguage\":\"hr\"},{\"@type\":\"Organization\",\"@id\":\"https:\\\/\\\/radioljubuski.ba\\\/#organization\",\"name\":\"Radio Ljubu\u0161ki\",\"url\":\"https:\\\/\\\/radioljubuski.ba\\\/\",\"logo\":{\"@type\":\"ImageObject\",\"inLanguage\":\"hr\",\"@id\":\"https:\\\/\\\/radioljubuski.ba\\\/#\\\/schema\\\/logo\\\/image\\\/\",\"url\":\"https:\\\/\\\/radioljubuski.ba\\\/wp-content\\\/uploads\\\/2021\\\/02\\\/cropped-Radio_Ljubuski_logo1.jpg\",\"contentUrl\":\"https:\\\/\\\/radioljubuski.ba\\\/wp-content\\\/uploads\\\/2021\\\/02\\\/cropped-Radio_Ljubuski_logo1.jpg\",\"width\":512,\"height\":512,\"caption\":\"Radio Ljubu\u0161ki\"},\"image\":{\"@id\":\"https:\\\/\\\/radioljubuski.ba\\\/#\\\/schema\\\/logo\\\/image\\\/\"},\"sameAs\":[\"https:\\\/\\\/www.facebook.com\\\/Radiio-Ljubuski-1490835324566332\",\"https:\\\/\\\/x.com\\\/radioljubuski\",\"https:\\\/\\\/hr.linkedin.com\\\/company\\\/radio-ljubuski\",\"https:\\\/\\\/www.youtube.com\\\/channel\\\/UCHYaeO_n0Db3tjNGudGpXyw\"]},{\"@type\":\"Person\",\"@id\":\"https:\\\/\\\/radioljubuski.ba\\\/#\\\/schema\\\/person\\\/19fc700381a780f69665d7956c469e3b\",\"name\":\"Radio Ljubu\u0161ki\"}]}<\/script>\n<!-- \/ Yoast SEO plugin. -->","yoast_head_json":{"title":"Ho\u0107e li se bez covid potvrde mo\u0107i u javni prijevoz, na trajekte? \u0160to je sa \u0161kolarcima? Mo\u017eete li bez potvrde oti\u0107i u Finu ili produ\u017eiti osobnu u policiju? - RADIO LJUBU\u0160KI","robots":{"index":"index","follow":"follow","max-snippet":"max-snippet:-1","max-image-preview":"max-image-preview:large","max-video-preview":"max-video-preview:-1"},"canonical":"https:\/\/radioljubuski.ba\/index.php\/2021\/11\/06\/hoce-li-se-bez-covid-potvrde-moci-u-javni-prijevoz-na-trajekte-sto-je-sa-skolarcima-mozete-li-bez-potvrde-otici-u-finu-ili-produziti-osobnu-u-policiju\/","og_locale":"hr_HR","og_type":"article","og_title":"Ho\u0107e li se bez covid potvrde mo\u0107i u javni prijevoz, na trajekte? \u0160to je sa \u0161kolarcima? Mo\u017eete li bez potvrde oti\u0107i u Finu ili produ\u017eiti osobnu u policiju? - RADIO LJUBU\u0160KI","og_description":"EU digitalna potvrda od 15. studenog kre\u0107e u \u0161iru upotrebu. U ovom trenu ona je obavezna za sve zaposlene u sustavuEmbeddings zdravstva i socijalne skrbi, te nitko tko ne posjeduje dokaz o preboljenju, pozitivnom cijepnom statusu ili negativnom testu ne mo\u017ee do\u0107i na posao, pi\u0161e&nbsp;Jutarnji list. \u0160tovi\u0161e, desetak djelatnika iz tih sustava, koji imaju obvezu [&hellip;]","og_url":"https:\/\/radioljubuski.ba\/index.php\/2021\/11\/06\/hoce-li-se-bez-covid-potvrde-moci-u-javni-prijevoz-na-trajekte-sto-je-sa-skolarcima-mozete-li-bez-potvrde-otici-u-finu-ili-produziti-osobnu-u-policiju\/","og_site_name":"RADIO LJUBU\u0160KI","article_publisher":"https:\/\/www.facebook.com\/Radiio-Ljubuski-1490835324566332","article_published_time":"2021-11-06T00:26:17+00:00","article_modified_time":"2021-11-06T00:26:19+00:00","og_image":[{"width":1024,"height":682,"url":"https:\/\/radioljubuski.ba\/wp-content\/uploads\/2021\/11\/o_19903004_1024.jpg","type":"image\/jpeg"}],"author":"Radio Ljubu\u0161ki","twitter_card":"summary_large_image","twitter_creator":"@radioljubuski","twitter_site":"@radioljubuski","twitter_misc":{"Napisao\/la":"Radio Ljubu\u0161ki","Procijenjeno vrijeme \u010ditanja":"3 minute"},"schema":{"@context":"https:\/\/schema.org","@graph":[{"@type":"Article","@id":"https:\/\/radioljubuski.ba\/index.php\/2021\/11\/06\/hoce-li-se-bez-covid-potvrde-moci-u-javni-prijevoz-na-trajekte-sto-je-sa-skolarcima-mozete-li-bez-potvrde-otici-u-finu-ili-produziti-osobnu-u-policiju\/#article","isPartOf":{"@id":"https:\/\/radioljubuski.ba\/index.php\/2021\/11\/06\/hoce-li-se-bez-covid-potvrde-moci-u-javni-prijevoz-na-trajekte-sto-je-sa-skolarcima-mozete-li-bez-potvrde-otici-u-finu-ili-produziti-osobnu-u-policiju\/"},"author":{"name":"Radio Ljubu\u0161ki","@id":"https:\/\/radioljubuski.ba\/#\/schema\/person\/19fc700381a780f69665d7956c469e3b"},"headline":"Ho\u0107e li se bez covid potvrde mo\u0107i u javni prijevoz, na trajekte? \u0160to je sa \u0161kolarcima? Mo\u017eete li bez potvrde oti\u0107i u Finu ili produ\u017eiti osobnu u policiju?","datePublished":"2021-11-06T00:26:17+00:00","dateModified":"2021-11-06T00:26:19+00:00","mainEntityOfPage":{"@id":"https:\/\/radioljubuski.ba\/index.php\/2021\/11\/06\/hoce-li-se-bez-covid-potvrde-moci-u-javni-prijevoz-na-trajekte-sto-je-sa-skolarcima-mozete-li-bez-potvrde-otici-u-finu-ili-produziti-osobnu-u-policiju\/"},"wordCount":621,"publisher":{"@id":"https:\/\/radioljubuski.ba\/#organization"},"image":{"@id":"https:\/\/radioljubuski.ba\/index.php\/2021\/11\/06\/hoce-li-se-bez-covid-potvrde-moci-u-javni-prijevoz-na-trajekte-sto-je-sa-skolarcima-mozete-li-bez-potvrde-otici-u-finu-ili-produziti-osobnu-u-policiju\/#primaryimage"},"thumbnailUrl":"https:\/\/radioljubuski.ba\/wp-content\/uploads\/2021\/11\/o_19903004_1024.jpg","articleSection":["BIH i regija"],"inLanguage":"hr"},{"@type":"WebPage","@id":"https:\/\/radioljubuski.ba\/index.php\/2021\/11\/06\/hoce-li-se-bez-covid-potvrde-moci-u-javni-prijevoz-na-trajekte-sto-je-sa-skolarcima-mozete-li-bez-potvrde-otici-u-finu-ili-produziti-osobnu-u-policiju\/","url":"https:\/\/radioljubuski.ba\/index.php\/2021\/11\/06\/hoce-li-se-bez-covid-potvrde-moci-u-javni-prijevoz-na-trajekte-sto-je-sa-skolarcima-mozete-li-bez-potvrde-otici-u-finu-ili-produziti-osobnu-u-policiju\/","name":"Ho\u0107e li se bez covid potvrde mo\u0107i u javni prijevoz, na trajekte? \u0160to je sa \u0161kolarcima? Mo\u017eete li bez potvrde oti\u0107i u Finu ili produ\u017eiti osobnu u policiju? - RADIO LJUBU\u0160KI","isPartOf":{"@id":"https:\/\/radioljubuski.ba\/#website"},"primaryImageOfPage":{"@id":"https:\/\/radioljubuski.ba\/index.php\/2021\/11\/06\/hoce-li-se-bez-covid-potvrde-moci-u-javni-prijevoz-na-trajekte-sto-je-sa-skolarcima-mozete-li-bez-potvrde-otici-u-finu-ili-produziti-osobnu-u-policiju\/#primaryimage"},"image":{"@id":"https:\/\/radioljubuski.ba\/index.php\/2021\/11\/06\/hoce-li-se-bez-covid-potvrde-moci-u-javni-prijevoz-na-trajekte-sto-je-sa-skolarcima-mozete-li-bez-potvrde-otici-u-finu-ili-produziti-osobnu-u-policiju\/#primaryimage"},"thumbnailUrl":"https:\/\/radioljubuski.ba\/wp-content\/uploads\/2021\/11\/o_19903004_1024.jpg","datePublished":"2021-11-06T00:26:17+00:00","dateModified":"2021-11-06T00:26:19+00:00","breadcrumb":{"@id":"https:\/\/radioljubuski.ba\/index.php\/2021\/11\/06\/hoce-li-se-bez-covid-potvrde-moci-u-javni-prijevoz-na-trajekte-sto-je-sa-skolarcima-mozete-li-bez-potvrde-otici-u-finu-ili-produziti-osobnu-u-policiju\/#breadcrumb"},"inLanguage":"hr","potentialAction":[{"@type":"ReadAction","target":["https:\/\/radioljubuski.ba\/index.php\/2021\/11\/06\/hoce-li-se-bez-covid-potvrde-moci-u-javni-prijevoz-na-trajekte-sto-je-sa-skolarcima-mozete-li-bez-potvrde-otici-u-finu-ili-produziti-osobnu-u-policiju\/"]}]},{"@type":"ImageObject","inLanguage":"hr","@id":"https:\/\/radioljubuski.ba\/index.php\/2021\/11\/06\/hoce-li-se-bez-covid-potvrde-moci-u-javni-prijevoz-na-trajekte-sto-je-sa-skolarcima-mozete-li-bez-potvrde-otici-u-finu-ili-produziti-osobnu-u-policiju\/#primaryimage","url":"https:\/\/radioljubuski.ba\/wp-content\/uploads\/2021\/11\/o_19903004_1024.jpg","contentUrl":"https:\/\/radioljubuski.ba\/wp-content\/uploads\/2021\/11\/o_19903004_1024.jpg","width":1024,"height":682},{"@type":"BreadcrumbList","@id":"https:\/\/radioljubuski.ba\/index.php\/2021\/11\/06\/hoce-li-se-bez-covid-potvrde-moci-u-javni-prijevoz-na-trajekte-sto-je-sa-skolarcima-mozete-li-bez-potvrde-otici-u-finu-ili-produziti-osobnu-u-policiju\/#breadcrumb","itemListElement":[{"@type":"ListItem","position":1,"name":"Po\u010detna stranica","item":"https:\/\/radioljubuski.ba\/"},{"@type":"ListItem","position":2,"name":"Ho\u0107e li se bez covid potvrde mo\u0107i u javni prijevoz, na trajekte? \u0160to je sa \u0161kolarcima? Mo\u017eete li bez potvrde oti\u0107i u Finu ili produ\u017eiti osobnu u policiju?"}]},{"@type":"WebSite","@id":"https:\/\/radioljubuski.ba\/#website","url":"https:\/\/radioljubuski.ba\/","name":"Radio Ljubu\u0161ki","description":"Sun\u010dana frekvencija Hercegovine","publisher":{"@id":"https:\/\/radioljubuski.ba\/#organization"},"potentialAction":[{"@type":"SearchAction","target":{"@type":"EntryPoint","urlTemplate":"https:\/\/radioljubuski.ba\/?s={search_term_string}"},"query-input":{"@type":"PropertyValueSpecification","valueRequired":true,"valueName":"search_term_string"}}],"inLanguage":"hr"},{"@type":"Organization","@id":"https:\/\/radioljubuski.ba\/#organization","name":"Radio Ljubu\u0161ki","url":"https:\/\/radioljubuski.ba\/","logo":{"@type":"ImageObject","inLanguage":"hr","@id":"https:\/\/radioljubuski.ba\/#\/schema\/logo\/image\/","url":"https:\/\/radioljubuski.ba\/wp-content\/uploads\/2021\/02\/cropped-Radio_Ljubuski_logo1.jpg","contentUrl":"https:\/\/radioljubuski.ba\/wp-content\/uploads\/2021\/02\/cropped-Radio_Ljubuski_logo1.jpg","width":512,"height":512,"caption":"Radio Ljubu\u0161ki"},"image":{"@id":"https:\/\/radioljubuski.ba\/#\/schema\/logo\/image\/"},"sameAs":["https:\/\/www.facebook.com\/Radiio-Ljubuski-1490835324566332","https:\/\/x.com\/radioljubuski","https:\/\/hr.linkedin.com\/company\/radio-ljubuski","https:\/\/www.youtube.com\/channel\/UCHYaeO_n0Db3tjNGudGpXyw"]},{"@type":"Person","@id":"https:\/\/radioljubuski.ba\/#\/schema\/person\/19fc700381a780f69665d7956c469e3b","name":"Radio Ljubu\u0161ki"}]}},"_links":{"self":[{"href":"https:\/\/radioljubuski.ba\/index.php\/wp-json\/wp\/v2\/posts\/85710","targetHints":{"allow":["GET"]}}],"collection":[{"href":"https:\/\/radioljubuski.ba\/index.php\/wp-json\/wp\/v2\/posts"}],"about":[{"href":"https:\/\/radioljubuski.ba\/index.php\/wp-json\/wp\/v2\/types\/post"}],"author":[{"embeddable":true,"href":"https:\/\/radioljubuski.ba\/index.php\/wp-json\/wp\/v2\/users\/2"}],"replies":[{"embeddable":true,"href":"https:\/\/radioljubuski.ba\/index.php\/wp-json\/wp\/v2\/comments?post=85710"}],"version-history":[{"count":1,"href":"https:\/\/radioljubuski.ba\/index.php\/wp-json\/wp\/v2\/posts\/85710\/revisions"}],"predecessor-version":[{"id":85712,"href":"https:\/\/radioljubuski.ba\/index.php\/wp-json\/wp\/v2\/posts\/85710\/revisions\/85712"}],"wp:featuredmedia":[{"embeddable":true,"href":"https:\/\/radioljubuski.ba\/index.php\/wp-json\/wp\/v2\/media\/85711"}],"wp:attachment":[{"href":"https:\/\/radioljubuski.ba\/index.php\/wp-json\/wp\/v2\/media?parent=85710"}],"wp:term":[{"taxonomy":"category","embeddable":true,"href":"https:\/\/radioljubuski.ba\/index.php\/wp-json\/wp\/v2\/categories?post=85710"},{"taxonomy":"post_tag","embeddable":true,"href":"https:\/\/radioljubuski.ba\/index.php\/wp-json\/wp\/v2\/tags?post=85710"}],"curies":[{"name":"wp","href":"https:\/\/api.w.org\/{rel}","templated":true}]}}