{"id":85716,"date":"2021-11-06T01:31:27","date_gmt":"2021-11-06T00:31:27","guid":{"rendered":"https:\/\/radioljubuski.ba\/?p=85716"},"modified":"2021-11-06T01:31:29","modified_gmt":"2021-11-06T00:31:29","slug":"peruanski-kriminalac-koji-stoji-iza-nekih-od-najvecih-pljacki-u-europi-pa-i-one-tamare-ecclestone-ima-19-identiteta-a-sumnja-se-da-se-krije-u-srbiji","status":"publish","type":"post","link":"https:\/\/radioljubuski.ba\/index.php\/2021\/11\/06\/peruanski-kriminalac-koji-stoji-iza-nekih-od-najvecih-pljacki-u-europi-pa-i-one-tamare-ecclestone-ima-19-identiteta-a-sumnja-se-da-se-krije-u-srbiji\/","title":{"rendered":"Peruanski kriminalac koji stoji iza nekih od najve\u0107ih plja\u010dki u Europi, pa i one Tamare Ecclestone, ima 19 identiteta, a sumnja se da se krije u Srbiji"},"content":{"rendered":"\n<p><strong>Alfredo Lindley&nbsp;<\/strong>ili&nbsp;<strong>Dejan Vu\u010dkovi\u0107<\/strong>&nbsp;ili&nbsp;<strong>Ljubomir Romanov<\/strong>, sva ta i jo\u0161 16 drugih imena ozna\u010davaju jednog \u010dovjeka &#8211; peruanskog bjegunca, mahera za kra\u0111e, koji je izveo neke od najve\u0107ih plja\u010dki u Europi, a za kojim sada traga i Velika Britanija. Lindley, tj. Romanov se, prema neslu\u017ebenim informacijama, nalazi u Srbiji, a Vi\u0161i sud u Beogradu u srpnju ove godine odbio je njegovo izru\u010denje.<\/p>\n\n\n\n<p>Peruanac slovenskog podrijetla poznat je \u0161irom svijeta po spektakularnim milijunskim plja\u010dkama najbogatijih ljudi koje izvodi godinama, a zbog kojih ima 19 identiteta. Dokumenti otkrivaju da identiteti imaju veze s raznim europskim gradovima, i da se tijekom godina skrivao u Beogradu, Sarajevu, Milanu i Zagrebu, pi\u0161e&nbsp;<a href=\"https:\/\/www.blic.rs\/vesti\/hronika\/najpoznatiji-pljackas-na-svetu-zivi-u-beogradu-i-ima-19-identiteta-osumnjiceni-za\/pl7rg46?ref=fbblic&amp;fbclid=IwAR2XvcS50kM6xmKFpjniJRuVub2CyOOSFG0Yr4oIHBnz9qgs_7xxnTQ3oc8\" target=\"_blank\" rel=\"noreferrer noopener\">Blic<\/a>.<\/p>\n\n\n\n<h2 class=\"wp-block-heading\">U SRBIJI MU JE SIGURNO<\/h2>\n\n\n\n<p>Pod imenom Ljubomir Romanov ovaj plja\u010dka\u0161, o kojem ovih dana ponovo bruji cio svijet nakon \u0161to je BBC objavio nove detalje istrage, pojavio se pred sudom u Beogradu u srpnju ove godine, sa srpskom legitimacijom i adresom u Obrenovcu, kada je slu\u010daj pokrenuo Odjel za organizirani kriminal Republike Srbije. Tada je zbog jedne od plja\u010dki trebao biti izru\u010den Velikoj Britaniji, ali su srpske vlasti odbile ekstradiciju. Zbog toga se sumnja da se on i dalje nalazi na teritoriju Srbije.<\/p>\n\n\n\n<figure class=\"wp-block-image\"><img decoding=\"async\" src=\"https:\/\/static.slobodnadalmacija.hr\/images\/slike\/2021\/11\/05\/19902968.jpg?1636120510\" alt=\"image\"\/><figcaption>Tamara Ecclestone o\u0161te\u0107ena je za vi\u0161emilijunski iznos<\/figcaption><\/figure>\n\n\n\n<p>&#8211; Kazneno izvanraspravno vije\u0107e Vi\u0161eg suda u Beogradu &#8211; Posebni odjel za organizirani kriminal 15. srpnja 2021. godine donijelo je rje\u0161enje kojim se utvr\u0111uje da nisu ispunjene zakonske pretpostavke za izru\u010denje pravosudnim organima Velike Britanije, lica R. Lj. radi vo\u0111enja kaznenog postupka pred Kaznenim sudom Westminster i Croydon zbog izvr\u0161enja kaznenog djela namjere da se po\u010dini provalna kra\u0111a u doma\u0107instvu protivno odjeljku 1 Zakona o kaznenom pravu iz 1977. godine i kaznenog dela namjere o pranju novca (imovinska korist ste\u010dena od kaznenog dela) protivno odjeljku 1 Zakona o kaznenom djelu iz 1977. godine, pa je njegovo izr\u010denje odbijeno &#8211; navodi se u obrazlo\u017eenju Vi\u0161eg suda u Beogradu.<\/p>\n\n\n\n<p>Kako se navodi, tijekom postupka je &#8220;nesporno utvr\u0111eno da je lice \u010dije se izru\u010denje tra\u017ei dr\u017eavljanin Republike Srbije&#8221; i da na\u0161a zemlja mo\u017ee odbiti izru\u010denje svojih dr\u017eavljana.<\/p>\n\n\n\n<p>&#8211; \u010clanom 16 stav 1 ta\u010dka 1 Zakona o me\u0111unarodnoj pravnoj pomo\u0107i u kaznenim stvarima je predvi\u0111eno, kao pretpostavka za izru\u010denje, da lice \u010dije se izru\u010denje tra\u017ei nije dr\u017eavljanin Republike Srbije, kao i da je europskom konvencijom o ekstradiciji predvi\u0111eno da svaka strana ugovornica mo\u017ee odbiti izru\u010denje svojih dr\u017eavljana &#8211; navode iz Tu\u017eiteljstva za &#8220;Blic&#8221;.<\/p>\n\n\n\n<h2 class=\"wp-block-heading\">BEZ DANA RADNOG STA\u017dA<\/h2>\n\n\n\n<p>Prema neslu\u017ebenim informacijama, ovaj bjegunac i poznati plja\u010dka\u0161 u<strong>&nbsp;<\/strong>Beogradu je suvlasnik gra\u0111evinske firme.<\/p>\n\n\n\n<p>Detektivi Metropolitan policije ka\u017eu da se Lindley &#8220;tra\u017ei za saslu\u0161anje u vezi sa serijom provala visoke vrijednosti po\u010dinjenih u prosincu 2019. u Kensingtonu i Chelseju\u201c.<\/p>\n\n\n\n<figure class=\"wp-block-image\"><img decoding=\"async\" src=\"https:\/\/static.slobodnadalmacija.hr\/images\/slike\/2021\/11\/05\/19902966.jpg?1636120510\" alt=\"image\"\/><figcaption>Patrick Vieira, menad\u017eera Crystal Palacea, tako\u0111er je bio \u017ertva plja\u010dke<\/figcaption><\/figure>\n\n\n\n<p>Prije britanske, za Lindleyjem su tragale i druge europske policije &#8211; talijanska u vi\u0161e navrata. Tako mu je u zemlji na Apeninskom poluotoku sva imovina zaplijenjena, barem ona za koju se zna da je posjeduje, kada je nakon serije plja\u010dki pobjegao iz zemlje pod jednim od imena. Tada je ostao bez luksuzne vile na \u010detiri kata s gara\u017eom, bara u Milanu, zemlji\u0161ta, por\u0161ea vrednog 200 tisu\u0107a eura, audija Q7 vrijednog preko 90.000 eura.<\/p>\n\n\n\n<p>Policijsko Odjel za borbu kriminala 2017. godine je izvr\u0161ilo nare\u0111enje Milanskog suda i zaplijenilo mu imovinu kupljenu novcem od kra\u0111a, jer Alfredo, iako je \u010detrdesetogodi\u0161njak, nema ni jedan radni dan u \u017eivotu.<\/p>\n\n\n\n<p>Poznati plja\u010dka\u0161 svoj dosje po\u010deo je puniti jo\u0161 sa 14 godina, kada je 1994. godine osu\u0111en prvi put. Presude se dalje ni\u017eu 95., 96., 98. do 2010., kada dobija devetu kaznu kojom je osu\u0111en na dvije godine i \u010detiri mjeseca zatvora.<\/p>\n\n\n\n<p>U me\u0111uvremenu je postao pravi maher za kra\u0111e i &#8220;mala djela&#8221; ga nisu zanimala. Na listi njegovih \u017ertava na\u0161li su se tako najbogatiji ljudi svijeta, od&nbsp;<strong>Tamare Ecclestone<\/strong>, nasljednice biv\u0161eg \u0161efa Formule 1, menad\u017eera Crystal Palacea&nbsp;<strong>Patricka Vieiru<\/strong>, koje je o\u0161tetio za vi\u0161emilijunske iznose, pi\u0161e&nbsp;<a href=\"https:\/\/www.blic.rs\/vesti\/hronika\/najpoznatiji-pljackas-na-svetu-zivi-u-beogradu-i-ima-19-identiteta-osumnjiceni-za\/pl7rg46?ref=fbblic&amp;fbclid=IwAR2XvcS50kM6xmKFpjniJRuVub2CyOOSFG0Yr4oIHBnz9qgs_7xxnTQ3oc8\" target=\"_blank\" rel=\"noreferrer noopener\">Blic<\/a>.<\/p>\n\n\n\n<p><strong>PI\u0160E&nbsp;<\/strong>PSD<\/p>\n","protected":false},"excerpt":{"rendered":"<p>Alfredo Lindley&nbsp;ili&nbsp;Dejan Vu\u010dkovi\u0107&nbsp;ili&nbsp;Ljubomir Romanov, sva ta i jo\u0161 16 drugih imena ozna\u010davaju jednog \u010dovjeka &#8211; peruanskog bjegunca, mahera za kra\u0111e, koji je izveo neke od najve\u0107ih plja\u010dki u Europi, a za kojim sada traga i Velika Britanija. Lindley, tj. Romanov se, prema neslu\u017ebenim informacijama, nalazi u Srbiji, a Vi\u0161i sud u Beogradu u srpnju ove [&hellip;]<\/p>\n","protected":false},"author":2,"featured_media":85717,"comment_status":"closed","ping_status":"closed","sticky":false,"template":"","format":"standard","meta":{"h5ap_radio_sources":[],"footnotes":""},"categories":[1],"tags":[],"class_list":["post-85716","post","type-post","status-publish","format-standard","has-post-thumbnail","hentry","category-bihiregija"],"yoast_head":"<!-- This site is optimized with the Yoast SEO plugin v27.5 - https:\/\/yoast.com\/product\/yoast-seo-wordpress\/ -->\n<title>Peruanski kriminalac koji stoji iza nekih od najve\u0107ih plja\u010dki u Europi, pa i one Tamare Ecclestone, ima 19 identiteta, a sumnja se da se krije u Srbiji - RADIO LJUBU\u0160KI<\/title>\n<meta name=\"robots\" content=\"index, follow, max-snippet:-1, max-image-preview:large, max-video-preview:-1\" \/>\n<link rel=\"canonical\" href=\"https:\/\/radioljubuski.ba\/index.php\/2021\/11\/06\/peruanski-kriminalac-koji-stoji-iza-nekih-od-najvecih-pljacki-u-europi-pa-i-one-tamare-ecclestone-ima-19-identiteta-a-sumnja-se-da-se-krije-u-srbiji\/\" \/>\n<meta property=\"og:locale\" content=\"hr_HR\" \/>\n<meta property=\"og:type\" content=\"article\" \/>\n<meta property=\"og:title\" content=\"Peruanski kriminalac koji stoji iza nekih od najve\u0107ih plja\u010dki u Europi, pa i one Tamare Ecclestone, ima 19 identiteta, a sumnja se da se krije u Srbiji - RADIO LJUBU\u0160KI\" \/>\n<meta property=\"og:description\" content=\"Alfredo Lindley&nbsp;ili&nbsp;Dejan Vu\u010dkovi\u0107&nbsp;ili&nbsp;Ljubomir Romanov, sva ta i jo\u0161 16 drugih imena ozna\u010davaju jednog \u010dovjeka &#8211; peruanskog bjegunca, mahera za kra\u0111e, koji je izveo neke od najve\u0107ih plja\u010dki u Europi, a za kojim sada traga i Velika Britanija. Lindley, tj. Romanov se, prema neslu\u017ebenim informacijama, nalazi u Srbiji, a Vi\u0161i sud u Beogradu u srpnju ove [&hellip;]\" \/>\n<meta property=\"og:url\" content=\"https:\/\/radioljubuski.ba\/index.php\/2021\/11\/06\/peruanski-kriminalac-koji-stoji-iza-nekih-od-najvecih-pljacki-u-europi-pa-i-one-tamare-ecclestone-ima-19-identiteta-a-sumnja-se-da-se-krije-u-srbiji\/\" \/>\n<meta property=\"og:site_name\" content=\"RADIO LJUBU\u0160KI\" \/>\n<meta property=\"article:publisher\" content=\"https:\/\/www.facebook.com\/Radiio-Ljubuski-1490835324566332\" \/>\n<meta property=\"article:published_time\" content=\"2021-11-06T00:31:27+00:00\" \/>\n<meta property=\"article:modified_time\" content=\"2021-11-06T00:31:29+00:00\" \/>\n<meta property=\"og:image\" content=\"https:\/\/radioljubuski.ba\/wp-content\/uploads\/2021\/11\/o_19902970_1024.png\" \/>\n\t<meta property=\"og:image:width\" content=\"1024\" \/>\n\t<meta property=\"og:image:height\" content=\"556\" \/>\n\t<meta property=\"og:image:type\" content=\"image\/png\" \/>\n<meta name=\"author\" content=\"Radio Ljubu\u0161ki\" \/>\n<meta name=\"twitter:card\" content=\"summary_large_image\" \/>\n<meta name=\"twitter:creator\" content=\"@radioljubuski\" \/>\n<meta name=\"twitter:site\" content=\"@radioljubuski\" \/>\n<meta name=\"twitter:label1\" content=\"Napisao\/la\" \/>\n\t<meta name=\"twitter:data1\" content=\"Radio Ljubu\u0161ki\" \/>\n\t<meta name=\"twitter:label2\" content=\"Procijenjeno vrijeme \u010ditanja\" \/>\n\t<meta name=\"twitter:data2\" content=\"4 minute\" \/>\n<script type=\"application\/ld+json\" class=\"yoast-schema-graph\">{\"@context\":\"https:\\\/\\\/schema.org\",\"@graph\":[{\"@type\":\"Article\",\"@id\":\"https:\\\/\\\/radioljubuski.ba\\\/index.php\\\/2021\\\/11\\\/06\\\/peruanski-kriminalac-koji-stoji-iza-nekih-od-najvecih-pljacki-u-europi-pa-i-one-tamare-ecclestone-ima-19-identiteta-a-sumnja-se-da-se-krije-u-srbiji\\\/#article\",\"isPartOf\":{\"@id\":\"https:\\\/\\\/radioljubuski.ba\\\/index.php\\\/2021\\\/11\\\/06\\\/peruanski-kriminalac-koji-stoji-iza-nekih-od-najvecih-pljacki-u-europi-pa-i-one-tamare-ecclestone-ima-19-identiteta-a-sumnja-se-da-se-krije-u-srbiji\\\/\"},\"author\":{\"name\":\"Radio Ljubu\u0161ki\",\"@id\":\"https:\\\/\\\/radioljubuski.ba\\\/#\\\/schema\\\/person\\\/19fc700381a780f69665d7956c469e3b\"},\"headline\":\"Peruanski kriminalac koji stoji iza nekih od najve\u0107ih plja\u010dki u Europi, pa i one Tamare Ecclestone, ima 19 identiteta, a sumnja se da se krije u Srbiji\",\"datePublished\":\"2021-11-06T00:31:27+00:00\",\"dateModified\":\"2021-11-06T00:31:29+00:00\",\"mainEntityOfPage\":{\"@id\":\"https:\\\/\\\/radioljubuski.ba\\\/index.php\\\/2021\\\/11\\\/06\\\/peruanski-kriminalac-koji-stoji-iza-nekih-od-najvecih-pljacki-u-europi-pa-i-one-tamare-ecclestone-ima-19-identiteta-a-sumnja-se-da-se-krije-u-srbiji\\\/\"},\"wordCount\":740,\"publisher\":{\"@id\":\"https:\\\/\\\/radioljubuski.ba\\\/#organization\"},\"image\":{\"@id\":\"https:\\\/\\\/radioljubuski.ba\\\/index.php\\\/2021\\\/11\\\/06\\\/peruanski-kriminalac-koji-stoji-iza-nekih-od-najvecih-pljacki-u-europi-pa-i-one-tamare-ecclestone-ima-19-identiteta-a-sumnja-se-da-se-krije-u-srbiji\\\/#primaryimage\"},\"thumbnailUrl\":\"https:\\\/\\\/radioljubuski.ba\\\/wp-content\\\/uploads\\\/2021\\\/11\\\/o_19902970_1024.png\",\"articleSection\":[\"BIH i regija\"],\"inLanguage\":\"hr\"},{\"@type\":\"WebPage\",\"@id\":\"https:\\\/\\\/radioljubuski.ba\\\/index.php\\\/2021\\\/11\\\/06\\\/peruanski-kriminalac-koji-stoji-iza-nekih-od-najvecih-pljacki-u-europi-pa-i-one-tamare-ecclestone-ima-19-identiteta-a-sumnja-se-da-se-krije-u-srbiji\\\/\",\"url\":\"https:\\\/\\\/radioljubuski.ba\\\/index.php\\\/2021\\\/11\\\/06\\\/peruanski-kriminalac-koji-stoji-iza-nekih-od-najvecih-pljacki-u-europi-pa-i-one-tamare-ecclestone-ima-19-identiteta-a-sumnja-se-da-se-krije-u-srbiji\\\/\",\"name\":\"Peruanski kriminalac koji stoji iza nekih od najve\u0107ih plja\u010dki u Europi, pa i one Tamare Ecclestone, ima 19 identiteta, a sumnja se da se krije u Srbiji - RADIO LJUBU\u0160KI\",\"isPartOf\":{\"@id\":\"https:\\\/\\\/radioljubuski.ba\\\/#website\"},\"primaryImageOfPage\":{\"@id\":\"https:\\\/\\\/radioljubuski.ba\\\/index.php\\\/2021\\\/11\\\/06\\\/peruanski-kriminalac-koji-stoji-iza-nekih-od-najvecih-pljacki-u-europi-pa-i-one-tamare-ecclestone-ima-19-identiteta-a-sumnja-se-da-se-krije-u-srbiji\\\/#primaryimage\"},\"image\":{\"@id\":\"https:\\\/\\\/radioljubuski.ba\\\/index.php\\\/2021\\\/11\\\/06\\\/peruanski-kriminalac-koji-stoji-iza-nekih-od-najvecih-pljacki-u-europi-pa-i-one-tamare-ecclestone-ima-19-identiteta-a-sumnja-se-da-se-krije-u-srbiji\\\/#primaryimage\"},\"thumbnailUrl\":\"https:\\\/\\\/radioljubuski.ba\\\/wp-content\\\/uploads\\\/2021\\\/11\\\/o_19902970_1024.png\",\"datePublished\":\"2021-11-06T00:31:27+00:00\",\"dateModified\":\"2021-11-06T00:31:29+00:00\",\"breadcrumb\":{\"@id\":\"https:\\\/\\\/radioljubuski.ba\\\/index.php\\\/2021\\\/11\\\/06\\\/peruanski-kriminalac-koji-stoji-iza-nekih-od-najvecih-pljacki-u-europi-pa-i-one-tamare-ecclestone-ima-19-identiteta-a-sumnja-se-da-se-krije-u-srbiji\\\/#breadcrumb\"},\"inLanguage\":\"hr\",\"potentialAction\":[{\"@type\":\"ReadAction\",\"target\":[\"https:\\\/\\\/radioljubuski.ba\\\/index.php\\\/2021\\\/11\\\/06\\\/peruanski-kriminalac-koji-stoji-iza-nekih-od-najvecih-pljacki-u-europi-pa-i-one-tamare-ecclestone-ima-19-identiteta-a-sumnja-se-da-se-krije-u-srbiji\\\/\"]}]},{\"@type\":\"ImageObject\",\"inLanguage\":\"hr\",\"@id\":\"https:\\\/\\\/radioljubuski.ba\\\/index.php\\\/2021\\\/11\\\/06\\\/peruanski-kriminalac-koji-stoji-iza-nekih-od-najvecih-pljacki-u-europi-pa-i-one-tamare-ecclestone-ima-19-identiteta-a-sumnja-se-da-se-krije-u-srbiji\\\/#primaryimage\",\"url\":\"https:\\\/\\\/radioljubuski.ba\\\/wp-content\\\/uploads\\\/2021\\\/11\\\/o_19902970_1024.png\",\"contentUrl\":\"https:\\\/\\\/radioljubuski.ba\\\/wp-content\\\/uploads\\\/2021\\\/11\\\/o_19902970_1024.png\",\"width\":1024,\"height\":556},{\"@type\":\"BreadcrumbList\",\"@id\":\"https:\\\/\\\/radioljubuski.ba\\\/index.php\\\/2021\\\/11\\\/06\\\/peruanski-kriminalac-koji-stoji-iza-nekih-od-najvecih-pljacki-u-europi-pa-i-one-tamare-ecclestone-ima-19-identiteta-a-sumnja-se-da-se-krije-u-srbiji\\\/#breadcrumb\",\"itemListElement\":[{\"@type\":\"ListItem\",\"position\":1,\"name\":\"Po\u010detna stranica\",\"item\":\"https:\\\/\\\/radioljubuski.ba\\\/\"},{\"@type\":\"ListItem\",\"position\":2,\"name\":\"Peruanski kriminalac koji stoji iza nekih od najve\u0107ih plja\u010dki u Europi, pa i one Tamare Ecclestone, ima 19 identiteta, a sumnja se da se krije u Srbiji\"}]},{\"@type\":\"WebSite\",\"@id\":\"https:\\\/\\\/radioljubuski.ba\\\/#website\",\"url\":\"https:\\\/\\\/radioljubuski.ba\\\/\",\"name\":\"Radio Ljubu\u0161ki\",\"description\":\"Sun\u010dana frekvencija Hercegovine\",\"publisher\":{\"@id\":\"https:\\\/\\\/radioljubuski.ba\\\/#organization\"},\"potentialAction\":[{\"@type\":\"SearchAction\",\"target\":{\"@type\":\"EntryPoint\",\"urlTemplate\":\"https:\\\/\\\/radioljubuski.ba\\\/?s={search_term_string}\"},\"query-input\":{\"@type\":\"PropertyValueSpecification\",\"valueRequired\":true,\"valueName\":\"search_term_string\"}}],\"inLanguage\":\"hr\"},{\"@type\":\"Organization\",\"@id\":\"https:\\\/\\\/radioljubuski.ba\\\/#organization\",\"name\":\"Radio Ljubu\u0161ki\",\"url\":\"https:\\\/\\\/radioljubuski.ba\\\/\",\"logo\":{\"@type\":\"ImageObject\",\"inLanguage\":\"hr\",\"@id\":\"https:\\\/\\\/radioljubuski.ba\\\/#\\\/schema\\\/logo\\\/image\\\/\",\"url\":\"https:\\\/\\\/radioljubuski.ba\\\/wp-content\\\/uploads\\\/2021\\\/02\\\/cropped-Radio_Ljubuski_logo1.jpg\",\"contentUrl\":\"https:\\\/\\\/radioljubuski.ba\\\/wp-content\\\/uploads\\\/2021\\\/02\\\/cropped-Radio_Ljubuski_logo1.jpg\",\"width\":512,\"height\":512,\"caption\":\"Radio Ljubu\u0161ki\"},\"image\":{\"@id\":\"https:\\\/\\\/radioljubuski.ba\\\/#\\\/schema\\\/logo\\\/image\\\/\"},\"sameAs\":[\"https:\\\/\\\/www.facebook.com\\\/Radiio-Ljubuski-1490835324566332\",\"https:\\\/\\\/x.com\\\/radioljubuski\",\"https:\\\/\\\/hr.linkedin.com\\\/company\\\/radio-ljubuski\",\"https:\\\/\\\/www.youtube.com\\\/channel\\\/UCHYaeO_n0Db3tjNGudGpXyw\"]},{\"@type\":\"Person\",\"@id\":\"https:\\\/\\\/radioljubuski.ba\\\/#\\\/schema\\\/person\\\/19fc700381a780f69665d7956c469e3b\",\"name\":\"Radio Ljubu\u0161ki\"}]}<\/script>\n<!-- \/ Yoast SEO plugin. -->","yoast_head_json":{"title":"Peruanski kriminalac koji stoji iza nekih od najve\u0107ih plja\u010dki u Europi, pa i one Tamare Ecclestone, ima 19 identiteta, a sumnja se da se krije u Srbiji - RADIO LJUBU\u0160KI","robots":{"index":"index","follow":"follow","max-snippet":"max-snippet:-1","max-image-preview":"max-image-preview:large","max-video-preview":"max-video-preview:-1"},"canonical":"https:\/\/radioljubuski.ba\/index.php\/2021\/11\/06\/peruanski-kriminalac-koji-stoji-iza-nekih-od-najvecih-pljacki-u-europi-pa-i-one-tamare-ecclestone-ima-19-identiteta-a-sumnja-se-da-se-krije-u-srbiji\/","og_locale":"hr_HR","og_type":"article","og_title":"Peruanski kriminalac koji stoji iza nekih od najve\u0107ih plja\u010dki u Europi, pa i one Tamare Ecclestone, ima 19 identiteta, a sumnja se da se krije u Srbiji - RADIO LJUBU\u0160KI","og_description":"Alfredo Lindley&nbsp;ili&nbsp;Dejan Vu\u010dkovi\u0107&nbsp;ili&nbsp;Ljubomir Romanov, sva ta i jo\u0161 16 drugih imena ozna\u010davaju jednog \u010dovjeka &#8211; peruanskog bjegunca, mahera za kra\u0111e, koji je izveo neke od najve\u0107ih plja\u010dki u Europi, a za kojim sada traga i Velika Britanija. Lindley, tj. Romanov se, prema neslu\u017ebenim informacijama, nalazi u Srbiji, a Vi\u0161i sud u Beogradu u srpnju ove [&hellip;]","og_url":"https:\/\/radioljubuski.ba\/index.php\/2021\/11\/06\/peruanski-kriminalac-koji-stoji-iza-nekih-od-najvecih-pljacki-u-europi-pa-i-one-tamare-ecclestone-ima-19-identiteta-a-sumnja-se-da-se-krije-u-srbiji\/","og_site_name":"RADIO LJUBU\u0160KI","article_publisher":"https:\/\/www.facebook.com\/Radiio-Ljubuski-1490835324566332","article_published_time":"2021-11-06T00:31:27+00:00","article_modified_time":"2021-11-06T00:31:29+00:00","og_image":[{"width":1024,"height":556,"url":"https:\/\/radioljubuski.ba\/wp-content\/uploads\/2021\/11\/o_19902970_1024.png","type":"image\/png"}],"author":"Radio Ljubu\u0161ki","twitter_card":"summary_large_image","twitter_creator":"@radioljubuski","twitter_site":"@radioljubuski","twitter_misc":{"Napisao\/la":"Radio Ljubu\u0161ki","Procijenjeno vrijeme \u010ditanja":"4 minute"},"schema":{"@context":"https:\/\/schema.org","@graph":[{"@type":"Article","@id":"https:\/\/radioljubuski.ba\/index.php\/2021\/11\/06\/peruanski-kriminalac-koji-stoji-iza-nekih-od-najvecih-pljacki-u-europi-pa-i-one-tamare-ecclestone-ima-19-identiteta-a-sumnja-se-da-se-krije-u-srbiji\/#article","isPartOf":{"@id":"https:\/\/radioljubuski.ba\/index.php\/2021\/11\/06\/peruanski-kriminalac-koji-stoji-iza-nekih-od-najvecih-pljacki-u-europi-pa-i-one-tamare-ecclestone-ima-19-identiteta-a-sumnja-se-da-se-krije-u-srbiji\/"},"author":{"name":"Radio Ljubu\u0161ki","@id":"https:\/\/radioljubuski.ba\/#\/schema\/person\/19fc700381a780f69665d7956c469e3b"},"headline":"Peruanski kriminalac koji stoji iza nekih od najve\u0107ih plja\u010dki u Europi, pa i one Tamare Ecclestone, ima 19 identiteta, a sumnja se da se krije u Srbiji","datePublished":"2021-11-06T00:31:27+00:00","dateModified":"2021-11-06T00:31:29+00:00","mainEntityOfPage":{"@id":"https:\/\/radioljubuski.ba\/index.php\/2021\/11\/06\/peruanski-kriminalac-koji-stoji-iza-nekih-od-najvecih-pljacki-u-europi-pa-i-one-tamare-ecclestone-ima-19-identiteta-a-sumnja-se-da-se-krije-u-srbiji\/"},"wordCount":740,"publisher":{"@id":"https:\/\/radioljubuski.ba\/#organization"},"image":{"@id":"https:\/\/radioljubuski.ba\/index.php\/2021\/11\/06\/peruanski-kriminalac-koji-stoji-iza-nekih-od-najvecih-pljacki-u-europi-pa-i-one-tamare-ecclestone-ima-19-identiteta-a-sumnja-se-da-se-krije-u-srbiji\/#primaryimage"},"thumbnailUrl":"https:\/\/radioljubuski.ba\/wp-content\/uploads\/2021\/11\/o_19902970_1024.png","articleSection":["BIH i regija"],"inLanguage":"hr"},{"@type":"WebPage","@id":"https:\/\/radioljubuski.ba\/index.php\/2021\/11\/06\/peruanski-kriminalac-koji-stoji-iza-nekih-od-najvecih-pljacki-u-europi-pa-i-one-tamare-ecclestone-ima-19-identiteta-a-sumnja-se-da-se-krije-u-srbiji\/","url":"https:\/\/radioljubuski.ba\/index.php\/2021\/11\/06\/peruanski-kriminalac-koji-stoji-iza-nekih-od-najvecih-pljacki-u-europi-pa-i-one-tamare-ecclestone-ima-19-identiteta-a-sumnja-se-da-se-krije-u-srbiji\/","name":"Peruanski kriminalac koji stoji iza nekih od najve\u0107ih plja\u010dki u Europi, pa i one Tamare Ecclestone, ima 19 identiteta, a sumnja se da se krije u Srbiji - RADIO LJUBU\u0160KI","isPartOf":{"@id":"https:\/\/radioljubuski.ba\/#website"},"primaryImageOfPage":{"@id":"https:\/\/radioljubuski.ba\/index.php\/2021\/11\/06\/peruanski-kriminalac-koji-stoji-iza-nekih-od-najvecih-pljacki-u-europi-pa-i-one-tamare-ecclestone-ima-19-identiteta-a-sumnja-se-da-se-krije-u-srbiji\/#primaryimage"},"image":{"@id":"https:\/\/radioljubuski.ba\/index.php\/2021\/11\/06\/peruanski-kriminalac-koji-stoji-iza-nekih-od-najvecih-pljacki-u-europi-pa-i-one-tamare-ecclestone-ima-19-identiteta-a-sumnja-se-da-se-krije-u-srbiji\/#primaryimage"},"thumbnailUrl":"https:\/\/radioljubuski.ba\/wp-content\/uploads\/2021\/11\/o_19902970_1024.png","datePublished":"2021-11-06T00:31:27+00:00","dateModified":"2021-11-06T00:31:29+00:00","breadcrumb":{"@id":"https:\/\/radioljubuski.ba\/index.php\/2021\/11\/06\/peruanski-kriminalac-koji-stoji-iza-nekih-od-najvecih-pljacki-u-europi-pa-i-one-tamare-ecclestone-ima-19-identiteta-a-sumnja-se-da-se-krije-u-srbiji\/#breadcrumb"},"inLanguage":"hr","potentialAction":[{"@type":"ReadAction","target":["https:\/\/radioljubuski.ba\/index.php\/2021\/11\/06\/peruanski-kriminalac-koji-stoji-iza-nekih-od-najvecih-pljacki-u-europi-pa-i-one-tamare-ecclestone-ima-19-identiteta-a-sumnja-se-da-se-krije-u-srbiji\/"]}]},{"@type":"ImageObject","inLanguage":"hr","@id":"https:\/\/radioljubuski.ba\/index.php\/2021\/11\/06\/peruanski-kriminalac-koji-stoji-iza-nekih-od-najvecih-pljacki-u-europi-pa-i-one-tamare-ecclestone-ima-19-identiteta-a-sumnja-se-da-se-krije-u-srbiji\/#primaryimage","url":"https:\/\/radioljubuski.ba\/wp-content\/uploads\/2021\/11\/o_19902970_1024.png","contentUrl":"https:\/\/radioljubuski.ba\/wp-content\/uploads\/2021\/11\/o_19902970_1024.png","width":1024,"height":556},{"@type":"BreadcrumbList","@id":"https:\/\/radioljubuski.ba\/index.php\/2021\/11\/06\/peruanski-kriminalac-koji-stoji-iza-nekih-od-najvecih-pljacki-u-europi-pa-i-one-tamare-ecclestone-ima-19-identiteta-a-sumnja-se-da-se-krije-u-srbiji\/#breadcrumb","itemListElement":[{"@type":"ListItem","position":1,"name":"Po\u010detna stranica","item":"https:\/\/radioljubuski.ba\/"},{"@type":"ListItem","position":2,"name":"Peruanski kriminalac koji stoji iza nekih od najve\u0107ih plja\u010dki u Europi, pa i one Tamare Ecclestone, ima 19 identiteta, a sumnja se da se krije u Srbiji"}]},{"@type":"WebSite","@id":"https:\/\/radioljubuski.ba\/#website","url":"https:\/\/radioljubuski.ba\/","name":"Radio Ljubu\u0161ki","description":"Sun\u010dana frekvencija Hercegovine","publisher":{"@id":"https:\/\/radioljubuski.ba\/#organization"},"potentialAction":[{"@type":"SearchAction","target":{"@type":"EntryPoint","urlTemplate":"https:\/\/radioljubuski.ba\/?s={search_term_string}"},"query-input":{"@type":"PropertyValueSpecification","valueRequired":true,"valueName":"search_term_string"}}],"inLanguage":"hr"},{"@type":"Organization","@id":"https:\/\/radioljubuski.ba\/#organization","name":"Radio Ljubu\u0161ki","url":"https:\/\/radioljubuski.ba\/","logo":{"@type":"ImageObject","inLanguage":"hr","@id":"https:\/\/radioljubuski.ba\/#\/schema\/logo\/image\/","url":"https:\/\/radioljubuski.ba\/wp-content\/uploads\/2021\/02\/cropped-Radio_Ljubuski_logo1.jpg","contentUrl":"https:\/\/radioljubuski.ba\/wp-content\/uploads\/2021\/02\/cropped-Radio_Ljubuski_logo1.jpg","width":512,"height":512,"caption":"Radio Ljubu\u0161ki"},"image":{"@id":"https:\/\/radioljubuski.ba\/#\/schema\/logo\/image\/"},"sameAs":["https:\/\/www.facebook.com\/Radiio-Ljubuski-1490835324566332","https:\/\/x.com\/radioljubuski","https:\/\/hr.linkedin.com\/company\/radio-ljubuski","https:\/\/www.youtube.com\/channel\/UCHYaeO_n0Db3tjNGudGpXyw"]},{"@type":"Person","@id":"https:\/\/radioljubuski.ba\/#\/schema\/person\/19fc700381a780f69665d7956c469e3b","name":"Radio Ljubu\u0161ki"}]}},"_links":{"self":[{"href":"https:\/\/radioljubuski.ba\/index.php\/wp-json\/wp\/v2\/posts\/85716","targetHints":{"allow":["GET"]}}],"collection":[{"href":"https:\/\/radioljubuski.ba\/index.php\/wp-json\/wp\/v2\/posts"}],"about":[{"href":"https:\/\/radioljubuski.ba\/index.php\/wp-json\/wp\/v2\/types\/post"}],"author":[{"embeddable":true,"href":"https:\/\/radioljubuski.ba\/index.php\/wp-json\/wp\/v2\/users\/2"}],"replies":[{"embeddable":true,"href":"https:\/\/radioljubuski.ba\/index.php\/wp-json\/wp\/v2\/comments?post=85716"}],"version-history":[{"count":1,"href":"https:\/\/radioljubuski.ba\/index.php\/wp-json\/wp\/v2\/posts\/85716\/revisions"}],"predecessor-version":[{"id":85718,"href":"https:\/\/radioljubuski.ba\/index.php\/wp-json\/wp\/v2\/posts\/85716\/revisions\/85718"}],"wp:featuredmedia":[{"embeddable":true,"href":"https:\/\/radioljubuski.ba\/index.php\/wp-json\/wp\/v2\/media\/85717"}],"wp:attachment":[{"href":"https:\/\/radioljubuski.ba\/index.php\/wp-json\/wp\/v2\/media?parent=85716"}],"wp:term":[{"taxonomy":"category","embeddable":true,"href":"https:\/\/radioljubuski.ba\/index.php\/wp-json\/wp\/v2\/categories?post=85716"},{"taxonomy":"post_tag","embeddable":true,"href":"https:\/\/radioljubuski.ba\/index.php\/wp-json\/wp\/v2\/tags?post=85716"}],"curies":[{"name":"wp","href":"https:\/\/api.w.org\/{rel}","templated":true}]}}