{"id":85726,"date":"2021-11-06T10:32:08","date_gmt":"2021-11-06T09:32:08","guid":{"rendered":"https:\/\/radioljubuski.ba\/?p=85726"},"modified":"2021-11-06T10:32:09","modified_gmt":"2021-11-06T09:32:09","slug":"sperbank-preuzima-miodrag-kostic-srpski-kralj-secera-i-vjerojatno-najbogatiji-covjek-na-balkanu-tko-je-on-i-planira-li-zavladati-hrvatskim-gospodarstvom","status":"publish","type":"post","link":"https:\/\/radioljubuski.ba\/index.php\/2021\/11\/06\/sperbank-preuzima-miodrag-kostic-srpski-kralj-secera-i-vjerojatno-najbogatiji-covjek-na-balkanu-tko-je-on-i-planira-li-zavladati-hrvatskim-gospodarstvom\/","title":{"rendered":"Sperbank preuzima Miodrag Kosti\u0107, srpski \u2018kralj \u0161e\u0107era\u2018 i vjerojatno najbogatiji \u010dovjek na Balkanu. Tko je on i planira li zavladati hrvatskim gospodarstvom?"},"content":{"rendered":"\n<p><strong>Miodrag Kosti\u0107<\/strong>, jedan od najbogatijih ljudi u biv\u0161oj Jugoslaviji i najve\u0107i poduzetnik u Srbiji,&nbsp;je upravo postao jedan od najmo\u0107nijih vlasnika banaka u regiji. Grupacija pod njegovom kontrolom, koju \u010dine srpska AIK Banka, slovenska Gorenjska banka i tvtrka Agri Europe Cyprus, preuzela je Sberbankove podru\u017enice u Sloveniji, Hrvatskoj, BiH, Ma\u0111arskoj te Srbiji.&nbsp;Ukupni kapital&nbsp;s kojim Grupa danas&nbsp;raspola\u017ee iznosi&nbsp;oko&nbsp;825 milijuna eura&nbsp;\u0161to je, za koncern koji de facto kontrolira jedna fizi\u010dka osoba (Kosti\u0107), i u globalnim okvirima,&nbsp;prili\u010dno impresivno.<\/p>\n\n\n\n<p>Kosti\u0107 je ro\u0111en u Vrbasu 1959.,&nbsp;kao sin jedinac oca voza\u010da i majke&nbsp;kuharice. Ve\u0107 sa 15 godina, a zbog nezavidne obiteljske situacije, je bio primoran po\u010deti&nbsp;privre\u0111ivati i to nose\u0107i vre\u0107e cementa na gradili\u0161tima. Nakon \u0161to je&nbsp;diplomirao&nbsp;ekonomiju, prodao je obiteljski stan&nbsp;za&nbsp;20.000 eura&nbsp;i&nbsp;osnovao tvrtku koja se bavila&nbsp;proizvodnjom kukuruznih pahuljica, a&nbsp;zatim i cigli. U po\u010detku je firma imala samo pet&nbsp;zaposlenika&nbsp;da bi se, 1995.&nbsp;kada ona prerasta u MK Group, taj broj pove\u0107ao na 400. Danas&nbsp;taj koncern, sastavljen od ukupno 35 poduze\u0107a,&nbsp;zapo\u0161ljava&nbsp;preko 7000 radnika u Srbiji i Ukrajini te&nbsp;ostvaruje godi\u0161nji promet vi\u0161i&nbsp;od 500 milijuna eura.<\/p>\n\n\n\n<p>2000. godine, MK Group&nbsp;sistem kupuje tri&nbsp;\u0161e\u0107erane&nbsp;za svega nekoliko eura, kada je i dobio nadimak &#8216;kralj \u0161e\u010dera&#8217;. U tom pothvatu&nbsp;je ujedno&nbsp;izvr\u0161io akviziciju vi\u0161e od 10 poljoprivrednih poduze\u0107a te&nbsp;trgovinskih&nbsp;i skladi\u0161nih&nbsp;kompleksa,&nbsp;uglavnom orjentiranih&nbsp;na izvoz. Od 2006. godine kompanija svoje poslovanje \u0161iri i na okolne zemlje, a k\u0107er tvrtka&nbsp;Sunoko&nbsp;postaje lider je u \u0161e\u0107ernoj industriji u \u010ditavoj regiji. Kosti\u0107ev konglomerat se danas bavi i strate\u0161kim vo\u0111enjem poslovanja,&nbsp;korporativnim upravljanjem u poljoprivredi, turizmom, upravljanjem&nbsp;nekretninama, IT tehnologijom, financijama&#8230;&nbsp;<\/p>\n\n\n\n<p>Kosti\u0107 je do 2000. godine tako\u0111er bio jedan od najuglednijih \u010dlanova\u0110in\u0111i\u0107eve Demokratske stranke, a od tada ga&nbsp;prate optu\u017ebe za brojne malverzacije pod njegovom za\u0161titom. Odvjetnik&nbsp;<strong>Branko Pavlovi\u0107<\/strong>, nekada\u0161nji direktor srpske Agencije za privatizaciju, opisao je kako je Kosti\u0107 preuzimao brojne kompanije. &#8216;Na primjer, vje\u0161tak je poslije bombardiranja zgradu Centralnog komiteta u Novom Beogradu, danas poslovni centar U\u0161\u0107e, proglasio stati\u010dki nestabilnom i spremnim za ru\u0161enje. Me\u0111utim, Kosti\u0107 je izlicitirao preuzimanje kompleksa, ali za to nije platio ni dinar. Kasnije je anga\u017eirao drugog vje\u0161taka koji je rekao da se zgradu ipak ne mora ru\u0161iti. Kosti\u0107 je tada skinuo aluminijske prozore, liftove, oplate, plo\u010de i olju\u0161tio cijelu zgradu, utovario skinuto na kamione, prodao i platio prvu ratu, a poslije toga preprodao objekt. Genexove hotele je priskrbio istom tehnikom i dopustili su mu ulazak u hotel&nbsp;prije nego \u0161to je i\u0161ta platio. Na po\u010detku sezone je po\u010deo upravljati hotelom, a na kraju je, iz prihoda hotela platio prvu rat&#8217;, svojevremeno je ispri\u010dao&nbsp;Pavlovi\u0107.<\/p>\n\n\n\n<p>2007. Kosti\u0107 osniva&nbsp;kompaniju&nbsp;MK Fintel Wind, \u010dija je osnovna djelatnost proizvodnja zelene&nbsp;elektri\u010dne energije, a iste godine je ulagao&nbsp;i u razvoj ostalih obnovljivih izvora energije u Srbiji, prvenstveno&nbsp;vjetra. U postupku privatizacije 2008. godine, od kompanije International CG&nbsp;je za 23 milijuna eura kupio hotel Grand na Kopaoniku, apartmanski kompleks Konaci,&nbsp;nacionalni restoran Zvrk, kao i hotel 88 Rooms u centru Beograda. 2018. je pak odlu\u010dio pro\u0161iriti poslovanje i na Hrvatsku nakon \u0161to je preuzeo luksuzni Skiper Resort u Savudriji. Istrian hotels, koja u svom portfelju posjeduje i Hotel Kempinski palace&nbsp;u Portoro\u017eu, dostavila je najbolju ponudu na me\u0111unarodnom natje\u010daju za kupovinu ovog luksuznog kompleksa na Jadranu, a iste godine je&nbsp; postao i ve\u0107inski vlasnik aerodroma Portoro\u017e.<\/p>\n\n\n\n<p>\u0160e\u0107erane je prije nekoliko godina prodao njema\u010dkom Nordzuckeru, ali poljoprivredu nije napustio. U Vojvodini je kupio \u0161est poljoprivrednih poduze\u0107a i time je postao vlasnik 11.000 hektara. Bavi se i gra\u0111evinarstvom te je&nbsp;gradio&nbsp;ekskluzivne stanove po Novom Sadu. S Philipom Zepterom, pravim imenom&nbsp;<strong>Milanom Jakovi\u0107em<\/strong>, sudjelovao je na natje\u010dajima za prodaju hotela Continental&nbsp;i IMT-a.&nbsp;MK Grupa je pro\u0161le godine, sa 49 posto udjela,&nbsp;postala&nbsp;i suvlasnik&nbsp;najve\u0107eg \u0161ibenskog trgova\u010dkog centra Dalmare. Kosti\u0107 je \u010desto bio i u sredi\u0161tu medijske pa\u017enje&nbsp;vezane&nbsp;za njegov ljubavni \u017eivot, a posebno zbog veze s turbofolk pjeva\u010dicom&nbsp;<strong>Nata\u0161om Bekvalac<\/strong>.&nbsp;Ameri\u010dki magazin Forbes nekoliko ga je puta svrstao me\u0111u najbogatije u Srbiji i Balkanu.<\/p>\n\n\n\n<p><strong><em>Za komentar o preuzimanju Sperbanke smo upitali ekonomskog analiti\u010dara Andreja Grubi\u0161i\u0107a<\/em><\/strong><\/p>\n\n\n\n<p><em>Po va\u0161em mi\u0161ljenju, za\u0161to Sperbank napu\u0161ta regionalno tr\u017ei\u0161te?<\/em><\/p>\n\n\n\n<p><em>&#8211;&nbsp;Ne vidim nii\u0161ta neuobi\u010dajeno u tom potezu, smatram da se radi o uobi\u010dajenoj prilagodbi poslovne&nbsp;strategije. Ljudi koji sjede u upravi se&nbsp;donijeli&nbsp;procjenu&nbsp;da postoji suvislija alternativa okupiranja tr\u017ei\u0161ta te poduzeli potrebne korake u tom smjeru.<\/em><\/p>\n\n\n\n<p><em>\u0160to ova akvizicija zna\u010di za same korisnike banke?<\/em><\/p>\n\n\n\n<p><em>&#8211;&nbsp;\u0160tedi\u0161e u Sperbanku, barem zasada, nemaju o\u010ditog razloga za brigu. Banke u vlasni\u0161tvu MK Grupe, koliko sam upoznat,&nbsp;bilje\u017ee likvidnost i uredno poslovanje. Po mom mi\u0161ljenju, novi vlasnik raspola\u017ee sa dva izbora: poslovati&nbsp;jednako kao dosad ili, bore\u0107i se za naklonost krajnjih korisnika,&nbsp;jo\u0161 ne\u0161to povoljnije.&nbsp;<\/em><\/p>\n\n\n\n<p><em>Zna\u010di li Kosti\u0107evo preuzimanje Sperbanke ujedno i raspolaganje njihovim udjelima u Fortenova grupi?<\/em><\/p>\n\n\n\n<p><em>&#8211; Ne, Sperbanka i dalje ostaje vlasnik tih svojih poslovnih udjela. Unato\u010d tome \u0161to je gospodin Kosti\u0107 svojedobno iskazivao interes za ulazak u Agrokor, ne vidim poveznicu izme\u0111u toga i trenutnih radnji. Kupac je isklju\u010divo strate\u0161ki investitor koji, koliko znam,&nbsp;sada \u017eeli&nbsp;ve\u0107inu svojih kapaciteta orijenitrati na bankarski&nbsp;i hoteljerski sektor.<\/em><\/p>\n\n\n\n<p><strong>PI\u0160E&nbsp;<\/strong>PSD<em><\/em><\/p>\n","protected":false},"excerpt":{"rendered":"<p>Miodrag Kosti\u0107, jedan od najbogatijih ljudi u biv\u0161oj Jugoslaviji i najve\u0107i poduzetnik u Srbiji,&nbsp;je upravo postao jedan od najmo\u0107nijih vlasnika banaka u regiji. Grupacija pod njegovom kontrolom, koju \u010dine srpska AIK Banka, slovenska Gorenjska banka i tvtrka Agri Europe Cyprus, preuzela je Sberbankove podru\u017enice u Sloveniji, Hrvatskoj, BiH, Ma\u0111arskoj te Srbiji.&nbsp;Ukupni kapital&nbsp;s kojim Grupa danas&nbsp;raspola\u017ee [&hellip;]<\/p>\n","protected":false},"author":2,"featured_media":85727,"comment_status":"closed","ping_status":"closed","sticky":false,"template":"","format":"standard","meta":{"h5ap_radio_sources":[],"footnotes":""},"categories":[1],"tags":[],"class_list":["post-85726","post","type-post","status-publish","format-standard","has-post-thumbnail","hentry","category-bihiregija"],"yoast_head":"<!-- This site is optimized with the Yoast SEO plugin v27.5 - https:\/\/yoast.com\/product\/yoast-seo-wordpress\/ -->\n<title>Sperbank preuzima Miodrag Kosti\u0107, srpski \u2018kralj \u0161e\u0107era\u2018 i vjerojatno najbogatiji \u010dovjek na Balkanu. Tko je on i planira li zavladati hrvatskim gospodarstvom? - RADIO LJUBU\u0160KI<\/title>\n<meta name=\"robots\" content=\"index, follow, max-snippet:-1, max-image-preview:large, max-video-preview:-1\" \/>\n<link rel=\"canonical\" href=\"https:\/\/radioljubuski.ba\/index.php\/2021\/11\/06\/sperbank-preuzima-miodrag-kostic-srpski-kralj-secera-i-vjerojatno-najbogatiji-covjek-na-balkanu-tko-je-on-i-planira-li-zavladati-hrvatskim-gospodarstvom\/\" \/>\n<meta property=\"og:locale\" content=\"hr_HR\" \/>\n<meta property=\"og:type\" content=\"article\" \/>\n<meta property=\"og:title\" content=\"Sperbank preuzima Miodrag Kosti\u0107, srpski \u2018kralj \u0161e\u0107era\u2018 i vjerojatno najbogatiji \u010dovjek na Balkanu. Tko je on i planira li zavladati hrvatskim gospodarstvom? - RADIO LJUBU\u0160KI\" \/>\n<meta property=\"og:description\" content=\"Miodrag Kosti\u0107, jedan od najbogatijih ljudi u biv\u0161oj Jugoslaviji i najve\u0107i poduzetnik u Srbiji,&nbsp;je upravo postao jedan od najmo\u0107nijih vlasnika banaka u regiji. Grupacija pod njegovom kontrolom, koju \u010dine srpska AIK Banka, slovenska Gorenjska banka i tvtrka Agri Europe Cyprus, preuzela je Sberbankove podru\u017enice u Sloveniji, Hrvatskoj, BiH, Ma\u0111arskoj te Srbiji.&nbsp;Ukupni kapital&nbsp;s kojim Grupa danas&nbsp;raspola\u017ee [&hellip;]\" \/>\n<meta property=\"og:url\" content=\"https:\/\/radioljubuski.ba\/index.php\/2021\/11\/06\/sperbank-preuzima-miodrag-kostic-srpski-kralj-secera-i-vjerojatno-najbogatiji-covjek-na-balkanu-tko-je-on-i-planira-li-zavladati-hrvatskim-gospodarstvom\/\" \/>\n<meta property=\"og:site_name\" content=\"RADIO LJUBU\u0160KI\" \/>\n<meta property=\"article:publisher\" content=\"https:\/\/www.facebook.com\/Radiio-Ljubuski-1490835324566332\" \/>\n<meta property=\"article:published_time\" content=\"2021-11-06T09:32:08+00:00\" \/>\n<meta property=\"article:modified_time\" content=\"2021-11-06T09:32:09+00:00\" \/>\n<meta property=\"og:image\" content=\"https:\/\/radioljubuski.ba\/wp-content\/uploads\/2021\/11\/o_19902546_1024.jpg\" \/>\n\t<meta property=\"og:image:width\" content=\"1024\" \/>\n\t<meta property=\"og:image:height\" content=\"677\" \/>\n\t<meta property=\"og:image:type\" content=\"image\/jpeg\" \/>\n<meta name=\"author\" content=\"Radio Ljubu\u0161ki\" \/>\n<meta name=\"twitter:card\" content=\"summary_large_image\" \/>\n<meta name=\"twitter:creator\" content=\"@radioljubuski\" \/>\n<meta name=\"twitter:site\" content=\"@radioljubuski\" \/>\n<meta name=\"twitter:label1\" content=\"Napisao\/la\" \/>\n\t<meta name=\"twitter:data1\" content=\"Radio Ljubu\u0161ki\" \/>\n\t<meta name=\"twitter:label2\" content=\"Procijenjeno vrijeme \u010ditanja\" \/>\n\t<meta name=\"twitter:data2\" content=\"4 minute\" \/>\n<script type=\"application\/ld+json\" class=\"yoast-schema-graph\">{\"@context\":\"https:\\\/\\\/schema.org\",\"@graph\":[{\"@type\":\"Article\",\"@id\":\"https:\\\/\\\/radioljubuski.ba\\\/index.php\\\/2021\\\/11\\\/06\\\/sperbank-preuzima-miodrag-kostic-srpski-kralj-secera-i-vjerojatno-najbogatiji-covjek-na-balkanu-tko-je-on-i-planira-li-zavladati-hrvatskim-gospodarstvom\\\/#article\",\"isPartOf\":{\"@id\":\"https:\\\/\\\/radioljubuski.ba\\\/index.php\\\/2021\\\/11\\\/06\\\/sperbank-preuzima-miodrag-kostic-srpski-kralj-secera-i-vjerojatno-najbogatiji-covjek-na-balkanu-tko-je-on-i-planira-li-zavladati-hrvatskim-gospodarstvom\\\/\"},\"author\":{\"name\":\"Radio Ljubu\u0161ki\",\"@id\":\"https:\\\/\\\/radioljubuski.ba\\\/#\\\/schema\\\/person\\\/19fc700381a780f69665d7956c469e3b\"},\"headline\":\"Sperbank preuzima Miodrag Kosti\u0107, srpski \u2018kralj \u0161e\u0107era\u2018 i vjerojatno najbogatiji \u010dovjek na Balkanu. Tko je on i planira li zavladati hrvatskim gospodarstvom?\",\"datePublished\":\"2021-11-06T09:32:08+00:00\",\"dateModified\":\"2021-11-06T09:32:09+00:00\",\"mainEntityOfPage\":{\"@id\":\"https:\\\/\\\/radioljubuski.ba\\\/index.php\\\/2021\\\/11\\\/06\\\/sperbank-preuzima-miodrag-kostic-srpski-kralj-secera-i-vjerojatno-najbogatiji-covjek-na-balkanu-tko-je-on-i-planira-li-zavladati-hrvatskim-gospodarstvom\\\/\"},\"wordCount\":1028,\"publisher\":{\"@id\":\"https:\\\/\\\/radioljubuski.ba\\\/#organization\"},\"image\":{\"@id\":\"https:\\\/\\\/radioljubuski.ba\\\/index.php\\\/2021\\\/11\\\/06\\\/sperbank-preuzima-miodrag-kostic-srpski-kralj-secera-i-vjerojatno-najbogatiji-covjek-na-balkanu-tko-je-on-i-planira-li-zavladati-hrvatskim-gospodarstvom\\\/#primaryimage\"},\"thumbnailUrl\":\"https:\\\/\\\/radioljubuski.ba\\\/wp-content\\\/uploads\\\/2021\\\/11\\\/o_19902546_1024.jpg\",\"articleSection\":[\"BIH i regija\"],\"inLanguage\":\"hr\"},{\"@type\":\"WebPage\",\"@id\":\"https:\\\/\\\/radioljubuski.ba\\\/index.php\\\/2021\\\/11\\\/06\\\/sperbank-preuzima-miodrag-kostic-srpski-kralj-secera-i-vjerojatno-najbogatiji-covjek-na-balkanu-tko-je-on-i-planira-li-zavladati-hrvatskim-gospodarstvom\\\/\",\"url\":\"https:\\\/\\\/radioljubuski.ba\\\/index.php\\\/2021\\\/11\\\/06\\\/sperbank-preuzima-miodrag-kostic-srpski-kralj-secera-i-vjerojatno-najbogatiji-covjek-na-balkanu-tko-je-on-i-planira-li-zavladati-hrvatskim-gospodarstvom\\\/\",\"name\":\"Sperbank preuzima Miodrag Kosti\u0107, srpski \u2018kralj \u0161e\u0107era\u2018 i vjerojatno najbogatiji \u010dovjek na Balkanu. Tko je on i planira li zavladati hrvatskim gospodarstvom? - RADIO LJUBU\u0160KI\",\"isPartOf\":{\"@id\":\"https:\\\/\\\/radioljubuski.ba\\\/#website\"},\"primaryImageOfPage\":{\"@id\":\"https:\\\/\\\/radioljubuski.ba\\\/index.php\\\/2021\\\/11\\\/06\\\/sperbank-preuzima-miodrag-kostic-srpski-kralj-secera-i-vjerojatno-najbogatiji-covjek-na-balkanu-tko-je-on-i-planira-li-zavladati-hrvatskim-gospodarstvom\\\/#primaryimage\"},\"image\":{\"@id\":\"https:\\\/\\\/radioljubuski.ba\\\/index.php\\\/2021\\\/11\\\/06\\\/sperbank-preuzima-miodrag-kostic-srpski-kralj-secera-i-vjerojatno-najbogatiji-covjek-na-balkanu-tko-je-on-i-planira-li-zavladati-hrvatskim-gospodarstvom\\\/#primaryimage\"},\"thumbnailUrl\":\"https:\\\/\\\/radioljubuski.ba\\\/wp-content\\\/uploads\\\/2021\\\/11\\\/o_19902546_1024.jpg\",\"datePublished\":\"2021-11-06T09:32:08+00:00\",\"dateModified\":\"2021-11-06T09:32:09+00:00\",\"breadcrumb\":{\"@id\":\"https:\\\/\\\/radioljubuski.ba\\\/index.php\\\/2021\\\/11\\\/06\\\/sperbank-preuzima-miodrag-kostic-srpski-kralj-secera-i-vjerojatno-najbogatiji-covjek-na-balkanu-tko-je-on-i-planira-li-zavladati-hrvatskim-gospodarstvom\\\/#breadcrumb\"},\"inLanguage\":\"hr\",\"potentialAction\":[{\"@type\":\"ReadAction\",\"target\":[\"https:\\\/\\\/radioljubuski.ba\\\/index.php\\\/2021\\\/11\\\/06\\\/sperbank-preuzima-miodrag-kostic-srpski-kralj-secera-i-vjerojatno-najbogatiji-covjek-na-balkanu-tko-je-on-i-planira-li-zavladati-hrvatskim-gospodarstvom\\\/\"]}]},{\"@type\":\"ImageObject\",\"inLanguage\":\"hr\",\"@id\":\"https:\\\/\\\/radioljubuski.ba\\\/index.php\\\/2021\\\/11\\\/06\\\/sperbank-preuzima-miodrag-kostic-srpski-kralj-secera-i-vjerojatno-najbogatiji-covjek-na-balkanu-tko-je-on-i-planira-li-zavladati-hrvatskim-gospodarstvom\\\/#primaryimage\",\"url\":\"https:\\\/\\\/radioljubuski.ba\\\/wp-content\\\/uploads\\\/2021\\\/11\\\/o_19902546_1024.jpg\",\"contentUrl\":\"https:\\\/\\\/radioljubuski.ba\\\/wp-content\\\/uploads\\\/2021\\\/11\\\/o_19902546_1024.jpg\",\"width\":1024,\"height\":677},{\"@type\":\"BreadcrumbList\",\"@id\":\"https:\\\/\\\/radioljubuski.ba\\\/index.php\\\/2021\\\/11\\\/06\\\/sperbank-preuzima-miodrag-kostic-srpski-kralj-secera-i-vjerojatno-najbogatiji-covjek-na-balkanu-tko-je-on-i-planira-li-zavladati-hrvatskim-gospodarstvom\\\/#breadcrumb\",\"itemListElement\":[{\"@type\":\"ListItem\",\"position\":1,\"name\":\"Po\u010detna stranica\",\"item\":\"https:\\\/\\\/radioljubuski.ba\\\/\"},{\"@type\":\"ListItem\",\"position\":2,\"name\":\"Sperbank preuzima Miodrag Kosti\u0107, srpski \u2018kralj \u0161e\u0107era\u2018 i vjerojatno najbogatiji \u010dovjek na Balkanu. Tko je on i planira li zavladati hrvatskim gospodarstvom?\"}]},{\"@type\":\"WebSite\",\"@id\":\"https:\\\/\\\/radioljubuski.ba\\\/#website\",\"url\":\"https:\\\/\\\/radioljubuski.ba\\\/\",\"name\":\"Radio Ljubu\u0161ki\",\"description\":\"Sun\u010dana frekvencija Hercegovine\",\"publisher\":{\"@id\":\"https:\\\/\\\/radioljubuski.ba\\\/#organization\"},\"potentialAction\":[{\"@type\":\"SearchAction\",\"target\":{\"@type\":\"EntryPoint\",\"urlTemplate\":\"https:\\\/\\\/radioljubuski.ba\\\/?s={search_term_string}\"},\"query-input\":{\"@type\":\"PropertyValueSpecification\",\"valueRequired\":true,\"valueName\":\"search_term_string\"}}],\"inLanguage\":\"hr\"},{\"@type\":\"Organization\",\"@id\":\"https:\\\/\\\/radioljubuski.ba\\\/#organization\",\"name\":\"Radio Ljubu\u0161ki\",\"url\":\"https:\\\/\\\/radioljubuski.ba\\\/\",\"logo\":{\"@type\":\"ImageObject\",\"inLanguage\":\"hr\",\"@id\":\"https:\\\/\\\/radioljubuski.ba\\\/#\\\/schema\\\/logo\\\/image\\\/\",\"url\":\"https:\\\/\\\/radioljubuski.ba\\\/wp-content\\\/uploads\\\/2021\\\/02\\\/cropped-Radio_Ljubuski_logo1.jpg\",\"contentUrl\":\"https:\\\/\\\/radioljubuski.ba\\\/wp-content\\\/uploads\\\/2021\\\/02\\\/cropped-Radio_Ljubuski_logo1.jpg\",\"width\":512,\"height\":512,\"caption\":\"Radio Ljubu\u0161ki\"},\"image\":{\"@id\":\"https:\\\/\\\/radioljubuski.ba\\\/#\\\/schema\\\/logo\\\/image\\\/\"},\"sameAs\":[\"https:\\\/\\\/www.facebook.com\\\/Radiio-Ljubuski-1490835324566332\",\"https:\\\/\\\/x.com\\\/radioljubuski\",\"https:\\\/\\\/hr.linkedin.com\\\/company\\\/radio-ljubuski\",\"https:\\\/\\\/www.youtube.com\\\/channel\\\/UCHYaeO_n0Db3tjNGudGpXyw\"]},{\"@type\":\"Person\",\"@id\":\"https:\\\/\\\/radioljubuski.ba\\\/#\\\/schema\\\/person\\\/19fc700381a780f69665d7956c469e3b\",\"name\":\"Radio Ljubu\u0161ki\"}]}<\/script>\n<!-- \/ Yoast SEO plugin. -->","yoast_head_json":{"title":"Sperbank preuzima Miodrag Kosti\u0107, srpski \u2018kralj \u0161e\u0107era\u2018 i vjerojatno najbogatiji \u010dovjek na Balkanu. Tko je on i planira li zavladati hrvatskim gospodarstvom? - RADIO LJUBU\u0160KI","robots":{"index":"index","follow":"follow","max-snippet":"max-snippet:-1","max-image-preview":"max-image-preview:large","max-video-preview":"max-video-preview:-1"},"canonical":"https:\/\/radioljubuski.ba\/index.php\/2021\/11\/06\/sperbank-preuzima-miodrag-kostic-srpski-kralj-secera-i-vjerojatno-najbogatiji-covjek-na-balkanu-tko-je-on-i-planira-li-zavladati-hrvatskim-gospodarstvom\/","og_locale":"hr_HR","og_type":"article","og_title":"Sperbank preuzima Miodrag Kosti\u0107, srpski \u2018kralj \u0161e\u0107era\u2018 i vjerojatno najbogatiji \u010dovjek na Balkanu. Tko je on i planira li zavladati hrvatskim gospodarstvom? - RADIO LJUBU\u0160KI","og_description":"Miodrag Kosti\u0107, jedan od najbogatijih ljudi u biv\u0161oj Jugoslaviji i najve\u0107i poduzetnik u Srbiji,&nbsp;je upravo postao jedan od najmo\u0107nijih vlasnika banaka u regiji. Grupacija pod njegovom kontrolom, koju \u010dine srpska AIK Banka, slovenska Gorenjska banka i tvtrka Agri Europe Cyprus, preuzela je Sberbankove podru\u017enice u Sloveniji, Hrvatskoj, BiH, Ma\u0111arskoj te Srbiji.&nbsp;Ukupni kapital&nbsp;s kojim Grupa danas&nbsp;raspola\u017ee [&hellip;]","og_url":"https:\/\/radioljubuski.ba\/index.php\/2021\/11\/06\/sperbank-preuzima-miodrag-kostic-srpski-kralj-secera-i-vjerojatno-najbogatiji-covjek-na-balkanu-tko-je-on-i-planira-li-zavladati-hrvatskim-gospodarstvom\/","og_site_name":"RADIO LJUBU\u0160KI","article_publisher":"https:\/\/www.facebook.com\/Radiio-Ljubuski-1490835324566332","article_published_time":"2021-11-06T09:32:08+00:00","article_modified_time":"2021-11-06T09:32:09+00:00","og_image":[{"width":1024,"height":677,"url":"https:\/\/radioljubuski.ba\/wp-content\/uploads\/2021\/11\/o_19902546_1024.jpg","type":"image\/jpeg"}],"author":"Radio Ljubu\u0161ki","twitter_card":"summary_large_image","twitter_creator":"@radioljubuski","twitter_site":"@radioljubuski","twitter_misc":{"Napisao\/la":"Radio Ljubu\u0161ki","Procijenjeno vrijeme \u010ditanja":"4 minute"},"schema":{"@context":"https:\/\/schema.org","@graph":[{"@type":"Article","@id":"https:\/\/radioljubuski.ba\/index.php\/2021\/11\/06\/sperbank-preuzima-miodrag-kostic-srpski-kralj-secera-i-vjerojatno-najbogatiji-covjek-na-balkanu-tko-je-on-i-planira-li-zavladati-hrvatskim-gospodarstvom\/#article","isPartOf":{"@id":"https:\/\/radioljubuski.ba\/index.php\/2021\/11\/06\/sperbank-preuzima-miodrag-kostic-srpski-kralj-secera-i-vjerojatno-najbogatiji-covjek-na-balkanu-tko-je-on-i-planira-li-zavladati-hrvatskim-gospodarstvom\/"},"author":{"name":"Radio Ljubu\u0161ki","@id":"https:\/\/radioljubuski.ba\/#\/schema\/person\/19fc700381a780f69665d7956c469e3b"},"headline":"Sperbank preuzima Miodrag Kosti\u0107, srpski \u2018kralj \u0161e\u0107era\u2018 i vjerojatno najbogatiji \u010dovjek na Balkanu. Tko je on i planira li zavladati hrvatskim gospodarstvom?","datePublished":"2021-11-06T09:32:08+00:00","dateModified":"2021-11-06T09:32:09+00:00","mainEntityOfPage":{"@id":"https:\/\/radioljubuski.ba\/index.php\/2021\/11\/06\/sperbank-preuzima-miodrag-kostic-srpski-kralj-secera-i-vjerojatno-najbogatiji-covjek-na-balkanu-tko-je-on-i-planira-li-zavladati-hrvatskim-gospodarstvom\/"},"wordCount":1028,"publisher":{"@id":"https:\/\/radioljubuski.ba\/#organization"},"image":{"@id":"https:\/\/radioljubuski.ba\/index.php\/2021\/11\/06\/sperbank-preuzima-miodrag-kostic-srpski-kralj-secera-i-vjerojatno-najbogatiji-covjek-na-balkanu-tko-je-on-i-planira-li-zavladati-hrvatskim-gospodarstvom\/#primaryimage"},"thumbnailUrl":"https:\/\/radioljubuski.ba\/wp-content\/uploads\/2021\/11\/o_19902546_1024.jpg","articleSection":["BIH i regija"],"inLanguage":"hr"},{"@type":"WebPage","@id":"https:\/\/radioljubuski.ba\/index.php\/2021\/11\/06\/sperbank-preuzima-miodrag-kostic-srpski-kralj-secera-i-vjerojatno-najbogatiji-covjek-na-balkanu-tko-je-on-i-planira-li-zavladati-hrvatskim-gospodarstvom\/","url":"https:\/\/radioljubuski.ba\/index.php\/2021\/11\/06\/sperbank-preuzima-miodrag-kostic-srpski-kralj-secera-i-vjerojatno-najbogatiji-covjek-na-balkanu-tko-je-on-i-planira-li-zavladati-hrvatskim-gospodarstvom\/","name":"Sperbank preuzima Miodrag Kosti\u0107, srpski \u2018kralj \u0161e\u0107era\u2018 i vjerojatno najbogatiji \u010dovjek na Balkanu. Tko je on i planira li zavladati hrvatskim gospodarstvom? - RADIO LJUBU\u0160KI","isPartOf":{"@id":"https:\/\/radioljubuski.ba\/#website"},"primaryImageOfPage":{"@id":"https:\/\/radioljubuski.ba\/index.php\/2021\/11\/06\/sperbank-preuzima-miodrag-kostic-srpski-kralj-secera-i-vjerojatno-najbogatiji-covjek-na-balkanu-tko-je-on-i-planira-li-zavladati-hrvatskim-gospodarstvom\/#primaryimage"},"image":{"@id":"https:\/\/radioljubuski.ba\/index.php\/2021\/11\/06\/sperbank-preuzima-miodrag-kostic-srpski-kralj-secera-i-vjerojatno-najbogatiji-covjek-na-balkanu-tko-je-on-i-planira-li-zavladati-hrvatskim-gospodarstvom\/#primaryimage"},"thumbnailUrl":"https:\/\/radioljubuski.ba\/wp-content\/uploads\/2021\/11\/o_19902546_1024.jpg","datePublished":"2021-11-06T09:32:08+00:00","dateModified":"2021-11-06T09:32:09+00:00","breadcrumb":{"@id":"https:\/\/radioljubuski.ba\/index.php\/2021\/11\/06\/sperbank-preuzima-miodrag-kostic-srpski-kralj-secera-i-vjerojatno-najbogatiji-covjek-na-balkanu-tko-je-on-i-planira-li-zavladati-hrvatskim-gospodarstvom\/#breadcrumb"},"inLanguage":"hr","potentialAction":[{"@type":"ReadAction","target":["https:\/\/radioljubuski.ba\/index.php\/2021\/11\/06\/sperbank-preuzima-miodrag-kostic-srpski-kralj-secera-i-vjerojatno-najbogatiji-covjek-na-balkanu-tko-je-on-i-planira-li-zavladati-hrvatskim-gospodarstvom\/"]}]},{"@type":"ImageObject","inLanguage":"hr","@id":"https:\/\/radioljubuski.ba\/index.php\/2021\/11\/06\/sperbank-preuzima-miodrag-kostic-srpski-kralj-secera-i-vjerojatno-najbogatiji-covjek-na-balkanu-tko-je-on-i-planira-li-zavladati-hrvatskim-gospodarstvom\/#primaryimage","url":"https:\/\/radioljubuski.ba\/wp-content\/uploads\/2021\/11\/o_19902546_1024.jpg","contentUrl":"https:\/\/radioljubuski.ba\/wp-content\/uploads\/2021\/11\/o_19902546_1024.jpg","width":1024,"height":677},{"@type":"BreadcrumbList","@id":"https:\/\/radioljubuski.ba\/index.php\/2021\/11\/06\/sperbank-preuzima-miodrag-kostic-srpski-kralj-secera-i-vjerojatno-najbogatiji-covjek-na-balkanu-tko-je-on-i-planira-li-zavladati-hrvatskim-gospodarstvom\/#breadcrumb","itemListElement":[{"@type":"ListItem","position":1,"name":"Po\u010detna stranica","item":"https:\/\/radioljubuski.ba\/"},{"@type":"ListItem","position":2,"name":"Sperbank preuzima Miodrag Kosti\u0107, srpski \u2018kralj \u0161e\u0107era\u2018 i vjerojatno najbogatiji \u010dovjek na Balkanu. Tko je on i planira li zavladati hrvatskim gospodarstvom?"}]},{"@type":"WebSite","@id":"https:\/\/radioljubuski.ba\/#website","url":"https:\/\/radioljubuski.ba\/","name":"Radio Ljubu\u0161ki","description":"Sun\u010dana frekvencija Hercegovine","publisher":{"@id":"https:\/\/radioljubuski.ba\/#organization"},"potentialAction":[{"@type":"SearchAction","target":{"@type":"EntryPoint","urlTemplate":"https:\/\/radioljubuski.ba\/?s={search_term_string}"},"query-input":{"@type":"PropertyValueSpecification","valueRequired":true,"valueName":"search_term_string"}}],"inLanguage":"hr"},{"@type":"Organization","@id":"https:\/\/radioljubuski.ba\/#organization","name":"Radio Ljubu\u0161ki","url":"https:\/\/radioljubuski.ba\/","logo":{"@type":"ImageObject","inLanguage":"hr","@id":"https:\/\/radioljubuski.ba\/#\/schema\/logo\/image\/","url":"https:\/\/radioljubuski.ba\/wp-content\/uploads\/2021\/02\/cropped-Radio_Ljubuski_logo1.jpg","contentUrl":"https:\/\/radioljubuski.ba\/wp-content\/uploads\/2021\/02\/cropped-Radio_Ljubuski_logo1.jpg","width":512,"height":512,"caption":"Radio Ljubu\u0161ki"},"image":{"@id":"https:\/\/radioljubuski.ba\/#\/schema\/logo\/image\/"},"sameAs":["https:\/\/www.facebook.com\/Radiio-Ljubuski-1490835324566332","https:\/\/x.com\/radioljubuski","https:\/\/hr.linkedin.com\/company\/radio-ljubuski","https:\/\/www.youtube.com\/channel\/UCHYaeO_n0Db3tjNGudGpXyw"]},{"@type":"Person","@id":"https:\/\/radioljubuski.ba\/#\/schema\/person\/19fc700381a780f69665d7956c469e3b","name":"Radio Ljubu\u0161ki"}]}},"_links":{"self":[{"href":"https:\/\/radioljubuski.ba\/index.php\/wp-json\/wp\/v2\/posts\/85726","targetHints":{"allow":["GET"]}}],"collection":[{"href":"https:\/\/radioljubuski.ba\/index.php\/wp-json\/wp\/v2\/posts"}],"about":[{"href":"https:\/\/radioljubuski.ba\/index.php\/wp-json\/wp\/v2\/types\/post"}],"author":[{"embeddable":true,"href":"https:\/\/radioljubuski.ba\/index.php\/wp-json\/wp\/v2\/users\/2"}],"replies":[{"embeddable":true,"href":"https:\/\/radioljubuski.ba\/index.php\/wp-json\/wp\/v2\/comments?post=85726"}],"version-history":[{"count":1,"href":"https:\/\/radioljubuski.ba\/index.php\/wp-json\/wp\/v2\/posts\/85726\/revisions"}],"predecessor-version":[{"id":85728,"href":"https:\/\/radioljubuski.ba\/index.php\/wp-json\/wp\/v2\/posts\/85726\/revisions\/85728"}],"wp:featuredmedia":[{"embeddable":true,"href":"https:\/\/radioljubuski.ba\/index.php\/wp-json\/wp\/v2\/media\/85727"}],"wp:attachment":[{"href":"https:\/\/radioljubuski.ba\/index.php\/wp-json\/wp\/v2\/media?parent=85726"}],"wp:term":[{"taxonomy":"category","embeddable":true,"href":"https:\/\/radioljubuski.ba\/index.php\/wp-json\/wp\/v2\/categories?post=85726"},{"taxonomy":"post_tag","embeddable":true,"href":"https:\/\/radioljubuski.ba\/index.php\/wp-json\/wp\/v2\/tags?post=85726"}],"curies":[{"name":"wp","href":"https:\/\/api.w.org\/{rel}","templated":true}]}}