{"id":85740,"date":"2021-11-06T10:41:39","date_gmt":"2021-11-06T09:41:39","guid":{"rendered":"https:\/\/radioljubuski.ba\/?p=85740"},"modified":"2021-11-06T10:41:40","modified_gmt":"2021-11-06T09:41:40","slug":"dodik-povukao-pristanak-na-brisanja-nacionalnog-prefiksa","status":"publish","type":"post","link":"https:\/\/radioljubuski.ba\/index.php\/2021\/11\/06\/dodik-povukao-pristanak-na-brisanja-nacionalnog-prefiksa\/","title":{"rendered":"Dodik povukao pristanak na brisanja nacionalnog prefiksa"},"content":{"rendered":"\n<p>Republika Srpska bi u idu\u0107im razgovorima o izbornoj reformi mogla odustati od brisanja nacionalnog prefiksa za izbor \u010dlana Predsjedni\u0161tva BiH.<\/p>\n\n\n\n<p>Naime, Milorad Dodik, srpski \u010dlan Predsjedni\u0161tva i predsjednik najja\u010de vladaju\u0107e stranke u RS, u \u010detvrtak je prvi put najavio da \u0107e Republika Srpska odustati od ovog principa i podvukao da \u0107e zahtijevati da u izmjenama Izbornog zakona bude definirano da se iz RS na poziciju \u010dlana Predsjedni\u0161tva BiH bira Srbin, a ne &#8220;jedan&#8221;, kako je bilo predvi\u0111eno mogu\u0107im brisanjem prefiksa.<\/p>\n\n\n\n<p>&#8220;Onog trenutka kada budu u FBiH bili spremni da srpski narod bira svog predstavnika, da tako pi\u0161e, mi \u0107emo u\u0107i i to usuglasiti. Drugo ni\u0161ta ne dolazi u obzir&#8221;, rekao je Dodik.<\/p>\n\n\n\n<p>On je pojasnio da ga je sve \u0161to se dogodilo u me\u0111uvremenu zadnjih godina, misle\u0107i na zakon o \u0161umama, imovini, Ustavnom sudu, odlukama visokih predstavnika i druga sporna pitanja za RS razuvjerilo da RS treba da se odrekne prefiksa Srbin.<\/p>\n\n\n\n<p>&#8220;Podr\u017eat \u0107emo dogovor muslimana i Hrvata i onog trenutka kada oni ka\u017eu da imaju dogovor, mi smo spremni u\u0107i u parlament i glasati za taj njihov dogovor, ali nismo vi\u0161e spremni brisati nacionalni prefiks iz Ustava&#8221;, rekao je Dodik.<\/p>\n\n\n\n<p>Ova Dodikova pozicija predstavlja odstupanje od dosada\u0161njeg stava, s obzirom na to da je do sada srpski konsenzus bio da prefiks mo\u017ee biti zamijenjen terminom &#8220;jedan&#8221;.<\/p>\n\n\n\n<p>Me\u0111utim, za RS to nema zna\u010daj, jer za RS i jedno i drugo rje\u0161enje zna\u010di siguran izbor srpskog predstavnika. Mirko \u0160arovi\u0107, predsjednik SDS-a, ka\u017ee, na primjer, da je za tu stranku i dalje prihvatljivo da se izbri\u0161e &#8220;Srbin&#8221; i da pi\u0161e &#8220;jedan&#8221; predstavnik iz RS.<\/p>\n\n\n\n<p>Ova promjena, me\u0111utim, zna\u010dajna je za Hrvate, koji se \u017eale da ih bo\u0161nja\u010dki kandidati preglasavaju zbog malobrojnosti.<\/p>\n\n\n\n<p>Visoko pozicionirani \u010dlan HDZ-a, koji je pristao govoriti uz uvjet anonimnosti, rekao je Nezavisnim da oni podr\u017eavaju ovu Dodikovu izjavu, jer je, kako ka\u017ee, potrebno pojasniti \u0161ta se pod prefiksom podrazumijeva. Njegovu stranku, kako ka\u017ee, buni da li prefiks zna\u010di da se za \u010dlana Predsjedni\u0161tva bira hrvatski predstavnik ili Hrvat, srpski predstavnik ili Srbin, te bo\u0161nja\u010dki predstavnik ili Bo\u0161njak, te smatra kako bi se iza ovog mogla kriti zamka koja bi sprije\u010dila izbor legitimnih predstavnika u Predsjedni\u0161tvo. On nagla\u0161ava kako je za hrvatski narod prihvatljivo samo ono rje\u0161enje koje \u0107e zna\u010diti da u Predsjedni\u0161tvu sjedi legitimni hrvatski predstavnik i da svako prihva\u0107eno rje\u0161enje mora ispuniti ovaj uvjet. Iz ovog se mo\u017ee zaklju\u010diti da Hrvatima nije bitno da \u010dlan Predsjedni\u0161tva bude po nacionalnosti Hrvat, ali da mora biti hrvatski izbor, \u0161to je velika i va\u017ena razlika.<\/p>\n\n\n\n<p>Zoran Kre\u0161i\u0107, novinar &#8220;Ve\u010dernjeg lista&#8221; iz Mostara, ka\u017ee za &#8220;Nezavisne&#8221; da je ova Dodikova izjava realna.<\/p>\n\n\n\n<p>&#8220;Daytonski sporazum je kompleksan dogovor koji je zacementirao odre\u0111ene postavke koje zapravo nije mogu\u0107e mijenjati bez novog dogovora ili konferencije. Jedna od njih su konstitutivni narodi. Brisanje naroda je ru\u0161enje temelja BiH i Daytona. To je pustolovina koja bi hranila unitaristi\u010dki koncept te bi posve sigurno vodila novim nestabilnostima, jer se ne usu\u0111ujem re\u0107i sukobljavanjima&#8221;, ka\u017ee on za &#8220;Nezavisne&#8221;.<\/p>\n\n\n\n<p>I HNS je ju\u010der potvrdio kako se ne mo\u017ee trgovati sa pojmom legitimnosti i konstitutivnosti.&nbsp;<\/p>\n\n\n\n<p>Ve\u0107ina bo\u0161nja\u010dkih predstavnika sla\u017ee se s potrebom brisanja nacionalnog prefiksa iz rje\u0161enja, iako su oni vi\u0161e raspolo\u017eeni da se \u010dlanovi Predsjedni\u0161tva biraju neizravno u parlamentu, ali ka\u017eu da su spremni na ustupak da se bira izravno, posebno ako bi to zna\u010dilo brisanje etni\u010dkog prefiksa.<\/p>\n\n\n\n<p>\u0160to se ti\u010de SAD i EU, njima je prihvatljivo svako rje\u0161enje koje \u0107e zna\u010diti implementiranje odluke &#8220;Sejdi\u0107 i Finci&#8221;, koje bi svakom gra\u0111aninu BiH, bez obzira na nacionalnost, omogu\u0107ilo da se kandidira na sve pozicije u zemlji, pa i na poziciju \u010dlana Predsjedni\u0161tva.<\/p>\n\n\n\n<p>Izvor:nezavisne.com<\/p>\n","protected":false},"excerpt":{"rendered":"<p>Republika Srpska bi u idu\u0107im razgovorima o izbornoj reformi mogla odustati od brisanja nacionalnog prefiksa za izbor \u010dlana Predsjedni\u0161tva BiH. Naime, Milorad Dodik, srpski \u010dlan Predsjedni\u0161tva i predsjednik najja\u010de vladaju\u0107e stranke u RS, u \u010detvrtak je prvi put najavio da \u0107e Republika Srpska odustati od ovog principa i podvukao da \u0107e zahtijevati da u izmjenama [&hellip;]<\/p>\n","protected":false},"author":2,"featured_media":46549,"comment_status":"closed","ping_status":"closed","sticky":false,"template":"","format":"standard","meta":{"h5ap_radio_sources":[],"footnotes":""},"categories":[1],"tags":[],"class_list":["post-85740","post","type-post","status-publish","format-standard","has-post-thumbnail","hentry","category-bihiregija"],"yoast_head":"<!-- This site is optimized with the Yoast SEO plugin v27.5 - https:\/\/yoast.com\/product\/yoast-seo-wordpress\/ -->\n<title>Dodik povukao pristanak na brisanja nacionalnog prefiksa - RADIO LJUBU\u0160KI<\/title>\n<meta name=\"robots\" content=\"index, follow, max-snippet:-1, max-image-preview:large, max-video-preview:-1\" \/>\n<link rel=\"canonical\" href=\"https:\/\/radioljubuski.ba\/index.php\/2021\/11\/06\/dodik-povukao-pristanak-na-brisanja-nacionalnog-prefiksa\/\" \/>\n<meta property=\"og:locale\" content=\"hr_HR\" \/>\n<meta property=\"og:type\" content=\"article\" \/>\n<meta property=\"og:title\" content=\"Dodik povukao pristanak na brisanja nacionalnog prefiksa - RADIO LJUBU\u0160KI\" \/>\n<meta property=\"og:description\" content=\"Republika Srpska bi u idu\u0107im razgovorima o izbornoj reformi mogla odustati od brisanja nacionalnog prefiksa za izbor \u010dlana Predsjedni\u0161tva BiH. Naime, Milorad Dodik, srpski \u010dlan Predsjedni\u0161tva i predsjednik najja\u010de vladaju\u0107e stranke u RS, u \u010detvrtak je prvi put najavio da \u0107e Republika Srpska odustati od ovog principa i podvukao da \u0107e zahtijevati da u izmjenama [&hellip;]\" \/>\n<meta property=\"og:url\" content=\"https:\/\/radioljubuski.ba\/index.php\/2021\/11\/06\/dodik-povukao-pristanak-na-brisanja-nacionalnog-prefiksa\/\" \/>\n<meta property=\"og:site_name\" content=\"RADIO LJUBU\u0160KI\" \/>\n<meta property=\"article:publisher\" content=\"https:\/\/www.facebook.com\/Radiio-Ljubuski-1490835324566332\" \/>\n<meta property=\"article:published_time\" content=\"2021-11-06T09:41:39+00:00\" \/>\n<meta property=\"article:modified_time\" content=\"2021-11-06T09:41:40+00:00\" \/>\n<meta property=\"og:image\" content=\"https:\/\/radioljubuski.ba\/wp-content\/uploads\/2021\/07\/milorad-dodik.jpeg\" \/>\n\t<meta property=\"og:image:width\" content=\"940\" \/>\n\t<meta property=\"og:image:height\" content=\"528\" \/>\n\t<meta property=\"og:image:type\" content=\"image\/jpeg\" \/>\n<meta name=\"author\" content=\"Radio Ljubu\u0161ki\" \/>\n<meta name=\"twitter:card\" content=\"summary_large_image\" \/>\n<meta name=\"twitter:creator\" content=\"@radioljubuski\" \/>\n<meta name=\"twitter:site\" content=\"@radioljubuski\" \/>\n<meta name=\"twitter:label1\" content=\"Napisao\/la\" \/>\n\t<meta name=\"twitter:data1\" content=\"Radio Ljubu\u0161ki\" \/>\n\t<meta name=\"twitter:label2\" content=\"Procijenjeno vrijeme \u010ditanja\" \/>\n\t<meta name=\"twitter:data2\" content=\"3 minute\" \/>\n<script type=\"application\/ld+json\" class=\"yoast-schema-graph\">{\"@context\":\"https:\\\/\\\/schema.org\",\"@graph\":[{\"@type\":\"Article\",\"@id\":\"https:\\\/\\\/radioljubuski.ba\\\/index.php\\\/2021\\\/11\\\/06\\\/dodik-povukao-pristanak-na-brisanja-nacionalnog-prefiksa\\\/#article\",\"isPartOf\":{\"@id\":\"https:\\\/\\\/radioljubuski.ba\\\/index.php\\\/2021\\\/11\\\/06\\\/dodik-povukao-pristanak-na-brisanja-nacionalnog-prefiksa\\\/\"},\"author\":{\"name\":\"Radio Ljubu\u0161ki\",\"@id\":\"https:\\\/\\\/radioljubuski.ba\\\/#\\\/schema\\\/person\\\/19fc700381a780f69665d7956c469e3b\"},\"headline\":\"Dodik povukao pristanak na brisanja nacionalnog prefiksa\",\"datePublished\":\"2021-11-06T09:41:39+00:00\",\"dateModified\":\"2021-11-06T09:41:40+00:00\",\"mainEntityOfPage\":{\"@id\":\"https:\\\/\\\/radioljubuski.ba\\\/index.php\\\/2021\\\/11\\\/06\\\/dodik-povukao-pristanak-na-brisanja-nacionalnog-prefiksa\\\/\"},\"wordCount\":681,\"publisher\":{\"@id\":\"https:\\\/\\\/radioljubuski.ba\\\/#organization\"},\"image\":{\"@id\":\"https:\\\/\\\/radioljubuski.ba\\\/index.php\\\/2021\\\/11\\\/06\\\/dodik-povukao-pristanak-na-brisanja-nacionalnog-prefiksa\\\/#primaryimage\"},\"thumbnailUrl\":\"https:\\\/\\\/radioljubuski.ba\\\/wp-content\\\/uploads\\\/2021\\\/07\\\/milorad-dodik.jpeg\",\"articleSection\":[\"BIH i regija\"],\"inLanguage\":\"hr\"},{\"@type\":\"WebPage\",\"@id\":\"https:\\\/\\\/radioljubuski.ba\\\/index.php\\\/2021\\\/11\\\/06\\\/dodik-povukao-pristanak-na-brisanja-nacionalnog-prefiksa\\\/\",\"url\":\"https:\\\/\\\/radioljubuski.ba\\\/index.php\\\/2021\\\/11\\\/06\\\/dodik-povukao-pristanak-na-brisanja-nacionalnog-prefiksa\\\/\",\"name\":\"Dodik povukao pristanak na brisanja nacionalnog prefiksa - RADIO LJUBU\u0160KI\",\"isPartOf\":{\"@id\":\"https:\\\/\\\/radioljubuski.ba\\\/#website\"},\"primaryImageOfPage\":{\"@id\":\"https:\\\/\\\/radioljubuski.ba\\\/index.php\\\/2021\\\/11\\\/06\\\/dodik-povukao-pristanak-na-brisanja-nacionalnog-prefiksa\\\/#primaryimage\"},\"image\":{\"@id\":\"https:\\\/\\\/radioljubuski.ba\\\/index.php\\\/2021\\\/11\\\/06\\\/dodik-povukao-pristanak-na-brisanja-nacionalnog-prefiksa\\\/#primaryimage\"},\"thumbnailUrl\":\"https:\\\/\\\/radioljubuski.ba\\\/wp-content\\\/uploads\\\/2021\\\/07\\\/milorad-dodik.jpeg\",\"datePublished\":\"2021-11-06T09:41:39+00:00\",\"dateModified\":\"2021-11-06T09:41:40+00:00\",\"breadcrumb\":{\"@id\":\"https:\\\/\\\/radioljubuski.ba\\\/index.php\\\/2021\\\/11\\\/06\\\/dodik-povukao-pristanak-na-brisanja-nacionalnog-prefiksa\\\/#breadcrumb\"},\"inLanguage\":\"hr\",\"potentialAction\":[{\"@type\":\"ReadAction\",\"target\":[\"https:\\\/\\\/radioljubuski.ba\\\/index.php\\\/2021\\\/11\\\/06\\\/dodik-povukao-pristanak-na-brisanja-nacionalnog-prefiksa\\\/\"]}]},{\"@type\":\"ImageObject\",\"inLanguage\":\"hr\",\"@id\":\"https:\\\/\\\/radioljubuski.ba\\\/index.php\\\/2021\\\/11\\\/06\\\/dodik-povukao-pristanak-na-brisanja-nacionalnog-prefiksa\\\/#primaryimage\",\"url\":\"https:\\\/\\\/radioljubuski.ba\\\/wp-content\\\/uploads\\\/2021\\\/07\\\/milorad-dodik.jpeg\",\"contentUrl\":\"https:\\\/\\\/radioljubuski.ba\\\/wp-content\\\/uploads\\\/2021\\\/07\\\/milorad-dodik.jpeg\",\"width\":940,\"height\":528},{\"@type\":\"BreadcrumbList\",\"@id\":\"https:\\\/\\\/radioljubuski.ba\\\/index.php\\\/2021\\\/11\\\/06\\\/dodik-povukao-pristanak-na-brisanja-nacionalnog-prefiksa\\\/#breadcrumb\",\"itemListElement\":[{\"@type\":\"ListItem\",\"position\":1,\"name\":\"Po\u010detna stranica\",\"item\":\"https:\\\/\\\/radioljubuski.ba\\\/\"},{\"@type\":\"ListItem\",\"position\":2,\"name\":\"Dodik povukao pristanak na brisanja nacionalnog prefiksa\"}]},{\"@type\":\"WebSite\",\"@id\":\"https:\\\/\\\/radioljubuski.ba\\\/#website\",\"url\":\"https:\\\/\\\/radioljubuski.ba\\\/\",\"name\":\"Radio Ljubu\u0161ki\",\"description\":\"Sun\u010dana frekvencija Hercegovine\",\"publisher\":{\"@id\":\"https:\\\/\\\/radioljubuski.ba\\\/#organization\"},\"potentialAction\":[{\"@type\":\"SearchAction\",\"target\":{\"@type\":\"EntryPoint\",\"urlTemplate\":\"https:\\\/\\\/radioljubuski.ba\\\/?s={search_term_string}\"},\"query-input\":{\"@type\":\"PropertyValueSpecification\",\"valueRequired\":true,\"valueName\":\"search_term_string\"}}],\"inLanguage\":\"hr\"},{\"@type\":\"Organization\",\"@id\":\"https:\\\/\\\/radioljubuski.ba\\\/#organization\",\"name\":\"Radio Ljubu\u0161ki\",\"url\":\"https:\\\/\\\/radioljubuski.ba\\\/\",\"logo\":{\"@type\":\"ImageObject\",\"inLanguage\":\"hr\",\"@id\":\"https:\\\/\\\/radioljubuski.ba\\\/#\\\/schema\\\/logo\\\/image\\\/\",\"url\":\"https:\\\/\\\/radioljubuski.ba\\\/wp-content\\\/uploads\\\/2021\\\/02\\\/cropped-Radio_Ljubuski_logo1.jpg\",\"contentUrl\":\"https:\\\/\\\/radioljubuski.ba\\\/wp-content\\\/uploads\\\/2021\\\/02\\\/cropped-Radio_Ljubuski_logo1.jpg\",\"width\":512,\"height\":512,\"caption\":\"Radio Ljubu\u0161ki\"},\"image\":{\"@id\":\"https:\\\/\\\/radioljubuski.ba\\\/#\\\/schema\\\/logo\\\/image\\\/\"},\"sameAs\":[\"https:\\\/\\\/www.facebook.com\\\/Radiio-Ljubuski-1490835324566332\",\"https:\\\/\\\/x.com\\\/radioljubuski\",\"https:\\\/\\\/hr.linkedin.com\\\/company\\\/radio-ljubuski\",\"https:\\\/\\\/www.youtube.com\\\/channel\\\/UCHYaeO_n0Db3tjNGudGpXyw\"]},{\"@type\":\"Person\",\"@id\":\"https:\\\/\\\/radioljubuski.ba\\\/#\\\/schema\\\/person\\\/19fc700381a780f69665d7956c469e3b\",\"name\":\"Radio Ljubu\u0161ki\"}]}<\/script>\n<!-- \/ Yoast SEO plugin. -->","yoast_head_json":{"title":"Dodik povukao pristanak na brisanja nacionalnog prefiksa - RADIO LJUBU\u0160KI","robots":{"index":"index","follow":"follow","max-snippet":"max-snippet:-1","max-image-preview":"max-image-preview:large","max-video-preview":"max-video-preview:-1"},"canonical":"https:\/\/radioljubuski.ba\/index.php\/2021\/11\/06\/dodik-povukao-pristanak-na-brisanja-nacionalnog-prefiksa\/","og_locale":"hr_HR","og_type":"article","og_title":"Dodik povukao pristanak na brisanja nacionalnog prefiksa - RADIO LJUBU\u0160KI","og_description":"Republika Srpska bi u idu\u0107im razgovorima o izbornoj reformi mogla odustati od brisanja nacionalnog prefiksa za izbor \u010dlana Predsjedni\u0161tva BiH. Naime, Milorad Dodik, srpski \u010dlan Predsjedni\u0161tva i predsjednik najja\u010de vladaju\u0107e stranke u RS, u \u010detvrtak je prvi put najavio da \u0107e Republika Srpska odustati od ovog principa i podvukao da \u0107e zahtijevati da u izmjenama [&hellip;]","og_url":"https:\/\/radioljubuski.ba\/index.php\/2021\/11\/06\/dodik-povukao-pristanak-na-brisanja-nacionalnog-prefiksa\/","og_site_name":"RADIO LJUBU\u0160KI","article_publisher":"https:\/\/www.facebook.com\/Radiio-Ljubuski-1490835324566332","article_published_time":"2021-11-06T09:41:39+00:00","article_modified_time":"2021-11-06T09:41:40+00:00","og_image":[{"width":940,"height":528,"url":"https:\/\/radioljubuski.ba\/wp-content\/uploads\/2021\/07\/milorad-dodik.jpeg","type":"image\/jpeg"}],"author":"Radio Ljubu\u0161ki","twitter_card":"summary_large_image","twitter_creator":"@radioljubuski","twitter_site":"@radioljubuski","twitter_misc":{"Napisao\/la":"Radio Ljubu\u0161ki","Procijenjeno vrijeme \u010ditanja":"3 minute"},"schema":{"@context":"https:\/\/schema.org","@graph":[{"@type":"Article","@id":"https:\/\/radioljubuski.ba\/index.php\/2021\/11\/06\/dodik-povukao-pristanak-na-brisanja-nacionalnog-prefiksa\/#article","isPartOf":{"@id":"https:\/\/radioljubuski.ba\/index.php\/2021\/11\/06\/dodik-povukao-pristanak-na-brisanja-nacionalnog-prefiksa\/"},"author":{"name":"Radio Ljubu\u0161ki","@id":"https:\/\/radioljubuski.ba\/#\/schema\/person\/19fc700381a780f69665d7956c469e3b"},"headline":"Dodik povukao pristanak na brisanja nacionalnog prefiksa","datePublished":"2021-11-06T09:41:39+00:00","dateModified":"2021-11-06T09:41:40+00:00","mainEntityOfPage":{"@id":"https:\/\/radioljubuski.ba\/index.php\/2021\/11\/06\/dodik-povukao-pristanak-na-brisanja-nacionalnog-prefiksa\/"},"wordCount":681,"publisher":{"@id":"https:\/\/radioljubuski.ba\/#organization"},"image":{"@id":"https:\/\/radioljubuski.ba\/index.php\/2021\/11\/06\/dodik-povukao-pristanak-na-brisanja-nacionalnog-prefiksa\/#primaryimage"},"thumbnailUrl":"https:\/\/radioljubuski.ba\/wp-content\/uploads\/2021\/07\/milorad-dodik.jpeg","articleSection":["BIH i regija"],"inLanguage":"hr"},{"@type":"WebPage","@id":"https:\/\/radioljubuski.ba\/index.php\/2021\/11\/06\/dodik-povukao-pristanak-na-brisanja-nacionalnog-prefiksa\/","url":"https:\/\/radioljubuski.ba\/index.php\/2021\/11\/06\/dodik-povukao-pristanak-na-brisanja-nacionalnog-prefiksa\/","name":"Dodik povukao pristanak na brisanja nacionalnog prefiksa - RADIO LJUBU\u0160KI","isPartOf":{"@id":"https:\/\/radioljubuski.ba\/#website"},"primaryImageOfPage":{"@id":"https:\/\/radioljubuski.ba\/index.php\/2021\/11\/06\/dodik-povukao-pristanak-na-brisanja-nacionalnog-prefiksa\/#primaryimage"},"image":{"@id":"https:\/\/radioljubuski.ba\/index.php\/2021\/11\/06\/dodik-povukao-pristanak-na-brisanja-nacionalnog-prefiksa\/#primaryimage"},"thumbnailUrl":"https:\/\/radioljubuski.ba\/wp-content\/uploads\/2021\/07\/milorad-dodik.jpeg","datePublished":"2021-11-06T09:41:39+00:00","dateModified":"2021-11-06T09:41:40+00:00","breadcrumb":{"@id":"https:\/\/radioljubuski.ba\/index.php\/2021\/11\/06\/dodik-povukao-pristanak-na-brisanja-nacionalnog-prefiksa\/#breadcrumb"},"inLanguage":"hr","potentialAction":[{"@type":"ReadAction","target":["https:\/\/radioljubuski.ba\/index.php\/2021\/11\/06\/dodik-povukao-pristanak-na-brisanja-nacionalnog-prefiksa\/"]}]},{"@type":"ImageObject","inLanguage":"hr","@id":"https:\/\/radioljubuski.ba\/index.php\/2021\/11\/06\/dodik-povukao-pristanak-na-brisanja-nacionalnog-prefiksa\/#primaryimage","url":"https:\/\/radioljubuski.ba\/wp-content\/uploads\/2021\/07\/milorad-dodik.jpeg","contentUrl":"https:\/\/radioljubuski.ba\/wp-content\/uploads\/2021\/07\/milorad-dodik.jpeg","width":940,"height":528},{"@type":"BreadcrumbList","@id":"https:\/\/radioljubuski.ba\/index.php\/2021\/11\/06\/dodik-povukao-pristanak-na-brisanja-nacionalnog-prefiksa\/#breadcrumb","itemListElement":[{"@type":"ListItem","position":1,"name":"Po\u010detna stranica","item":"https:\/\/radioljubuski.ba\/"},{"@type":"ListItem","position":2,"name":"Dodik povukao pristanak na brisanja nacionalnog prefiksa"}]},{"@type":"WebSite","@id":"https:\/\/radioljubuski.ba\/#website","url":"https:\/\/radioljubuski.ba\/","name":"Radio Ljubu\u0161ki","description":"Sun\u010dana frekvencija Hercegovine","publisher":{"@id":"https:\/\/radioljubuski.ba\/#organization"},"potentialAction":[{"@type":"SearchAction","target":{"@type":"EntryPoint","urlTemplate":"https:\/\/radioljubuski.ba\/?s={search_term_string}"},"query-input":{"@type":"PropertyValueSpecification","valueRequired":true,"valueName":"search_term_string"}}],"inLanguage":"hr"},{"@type":"Organization","@id":"https:\/\/radioljubuski.ba\/#organization","name":"Radio Ljubu\u0161ki","url":"https:\/\/radioljubuski.ba\/","logo":{"@type":"ImageObject","inLanguage":"hr","@id":"https:\/\/radioljubuski.ba\/#\/schema\/logo\/image\/","url":"https:\/\/radioljubuski.ba\/wp-content\/uploads\/2021\/02\/cropped-Radio_Ljubuski_logo1.jpg","contentUrl":"https:\/\/radioljubuski.ba\/wp-content\/uploads\/2021\/02\/cropped-Radio_Ljubuski_logo1.jpg","width":512,"height":512,"caption":"Radio Ljubu\u0161ki"},"image":{"@id":"https:\/\/radioljubuski.ba\/#\/schema\/logo\/image\/"},"sameAs":["https:\/\/www.facebook.com\/Radiio-Ljubuski-1490835324566332","https:\/\/x.com\/radioljubuski","https:\/\/hr.linkedin.com\/company\/radio-ljubuski","https:\/\/www.youtube.com\/channel\/UCHYaeO_n0Db3tjNGudGpXyw"]},{"@type":"Person","@id":"https:\/\/radioljubuski.ba\/#\/schema\/person\/19fc700381a780f69665d7956c469e3b","name":"Radio Ljubu\u0161ki"}]}},"_links":{"self":[{"href":"https:\/\/radioljubuski.ba\/index.php\/wp-json\/wp\/v2\/posts\/85740","targetHints":{"allow":["GET"]}}],"collection":[{"href":"https:\/\/radioljubuski.ba\/index.php\/wp-json\/wp\/v2\/posts"}],"about":[{"href":"https:\/\/radioljubuski.ba\/index.php\/wp-json\/wp\/v2\/types\/post"}],"author":[{"embeddable":true,"href":"https:\/\/radioljubuski.ba\/index.php\/wp-json\/wp\/v2\/users\/2"}],"replies":[{"embeddable":true,"href":"https:\/\/radioljubuski.ba\/index.php\/wp-json\/wp\/v2\/comments?post=85740"}],"version-history":[{"count":1,"href":"https:\/\/radioljubuski.ba\/index.php\/wp-json\/wp\/v2\/posts\/85740\/revisions"}],"predecessor-version":[{"id":85741,"href":"https:\/\/radioljubuski.ba\/index.php\/wp-json\/wp\/v2\/posts\/85740\/revisions\/85741"}],"wp:featuredmedia":[{"embeddable":true,"href":"https:\/\/radioljubuski.ba\/index.php\/wp-json\/wp\/v2\/media\/46549"}],"wp:attachment":[{"href":"https:\/\/radioljubuski.ba\/index.php\/wp-json\/wp\/v2\/media?parent=85740"}],"wp:term":[{"taxonomy":"category","embeddable":true,"href":"https:\/\/radioljubuski.ba\/index.php\/wp-json\/wp\/v2\/categories?post=85740"},{"taxonomy":"post_tag","embeddable":true,"href":"https:\/\/radioljubuski.ba\/index.php\/wp-json\/wp\/v2\/tags?post=85740"}],"curies":[{"name":"wp","href":"https:\/\/api.w.org\/{rel}","templated":true}]}}