{"id":85742,"date":"2021-11-06T10:42:41","date_gmt":"2021-11-06T09:42:41","guid":{"rendered":"https:\/\/radioljubuski.ba\/?p=85742"},"modified":"2021-11-06T10:42:41","modified_gmt":"2021-11-06T09:42:41","slug":"bosna-se-izlila-u-nekoliko-gradova-zdz-a-od-jutros-se-povlaci-u-korito","status":"publish","type":"post","link":"https:\/\/radioljubuski.ba\/index.php\/2021\/11\/06\/bosna-se-izlila-u-nekoliko-gradova-zdz-a-od-jutros-se-povlaci-u-korito\/","title":{"rendered":"Bosna se izlila u nekoliko gradova ZD\u017d-a, od jutros se povla\u010di u korito"},"content":{"rendered":"\n<p>Ki\u0161a i nadolaze\u0107e vode rijekom Bosnom iz Sarajevske \u017eupanije izazvale su tijekom no\u0107i izlijevanje te rijeke iz korita i u nekoliko gradova u Zeni\u010dko-dobojskoj \u017eupaniji &#8211; kazao je za Fenu direktor \u017dupanijske uprave ZD\u017d D\u017eavid Ali\u010di\u0107.<\/p>\n\n\n\n<p>Napominje kako su vatrogasci i pripadnici civilne za\u0161tite bili anga\u017eirani samo u op\u0107inama Breza, Visoko, Kakanj i Zenica.<\/p>\n\n\n\n<p>-Enormna je koli\u010dina vode u kratkom vremenu pala u Sarajevu, ali mi imamo sre\u0107u \u0161to razina pritoka rijeke Bosne u na\u0161oj \u017eupaniji nije zna\u010dajnije rastao pa je Bosna kroz na\u0161u \u017eupaniju imala dobar protok. Bosna se izlila na ve\u0107 dugo godina poznatim to\u010dkama &#8211; isti\u010de Ali\u010di\u0107.<\/p>\n\n\n\n<p>Po njihovim informacijama, ka\u017ee, nije bilo potrebe za evakuacijom stanovni\u0161tva, ali je bilo prodora vode i u neke stambene i poslovne objekte. Situacija se od jutros, ka\u017ee, polako smiruje.<\/p>\n\n\n\n<p>-Bosna se ve\u0107 na nekim dijelovima vra\u0107a u svoje korito, a nakon potpunog povla\u010denja vidjet \u0107emo ho\u0107e li biti potrebe za anga\u017eman pumpi za vodu u mjestima i stambenim objektima u koje je prodrla voda. Uglavnom, ne o\u010dekujemo tijekom dana da \u0107e biti novih problema. Ono \u0161to je bilo \u0161teta, bilo je &#8211; ka\u017ee Ali\u010di\u0107.<\/p>\n\n\n\n<p>Prema posljednjim podacima, napominje Ali\u010di\u010d, jo\u0161 uvijek je pod vodom podvo\u017enjak na ulaz u naselje Blatu\u0161a u Zenici, a na u\u0161\u0107u Babine rijeke u Bosnu u tom gradu, postavljene su &nbsp;vre\u0107e s pijeskom, koje su sprije\u010dile da se voda izlije na ulice i prometnice.<\/p>\n\n\n\n<p>Na nekoliko lokacija u Kaknju do\u0161lo je do izlijevanja rijeke Bosne, zbog \u010dega je anga\u017eirana tvrtka \u201eTrgo\u0161ped\u201c d.o.o. Kakanj , koja je sa svojim strojevima i kamionima nasipala materijal \u010dime je sprije\u010dena ve\u0107a \u0161teta.<\/p>\n\n\n\n<p>Neke od ugro\u017eenih lokacija u tom gradu su Doboj, Povezice, Malje\u0161, Donji Kakanj. Vatrogasci su bili sprije\u010deni zbog vode da se vrate u svoj vatrogasni dom, jer je voda u\u0161la u gara\u017eni prostor. Me\u0111utim, vozila sa opremo su na vrijeme bili izmje\u0161teni.<\/p>\n\n\n\n<p>Izvor:pogled.ba<\/p>\n","protected":false},"excerpt":{"rendered":"<p>Ki\u0161a i nadolaze\u0107e vode rijekom Bosnom iz Sarajevske \u017eupanije izazvale su tijekom no\u0107i izlijevanje te rijeke iz korita i u nekoliko gradova u Zeni\u010dko-dobojskoj \u017eupaniji &#8211; kazao je za Fenu direktor \u017dupanijske uprave ZD\u017d D\u017eavid Ali\u010di\u0107. Napominje kako su vatrogasci i pripadnici civilne za\u0161tite bili anga\u017eirani samo u op\u0107inama Breza, Visoko, Kakanj i Zenica. -Enormna [&hellip;]<\/p>\n","protected":false},"author":2,"featured_media":85743,"comment_status":"closed","ping_status":"closed","sticky":false,"template":"","format":"standard","meta":{"h5ap_radio_sources":[],"footnotes":""},"categories":[1],"tags":[],"class_list":["post-85742","post","type-post","status-publish","format-standard","has-post-thumbnail","hentry","category-bihiregija"],"yoast_head":"<!-- This site is optimized with the Yoast SEO plugin v27.5 - https:\/\/yoast.com\/product\/yoast-seo-wordpress\/ -->\n<title>Bosna se izlila u nekoliko gradova ZD\u017d-a, od jutros se povla\u010di u korito - RADIO LJUBU\u0160KI<\/title>\n<meta name=\"robots\" content=\"index, follow, max-snippet:-1, max-image-preview:large, max-video-preview:-1\" \/>\n<link rel=\"canonical\" href=\"https:\/\/radioljubuski.ba\/index.php\/2021\/11\/06\/bosna-se-izlila-u-nekoliko-gradova-zdz-a-od-jutros-se-povlaci-u-korito\/\" \/>\n<meta property=\"og:locale\" content=\"hr_HR\" \/>\n<meta property=\"og:type\" content=\"article\" \/>\n<meta property=\"og:title\" content=\"Bosna se izlila u nekoliko gradova ZD\u017d-a, od jutros se povla\u010di u korito - RADIO LJUBU\u0160KI\" \/>\n<meta property=\"og:description\" content=\"Ki\u0161a i nadolaze\u0107e vode rijekom Bosnom iz Sarajevske \u017eupanije izazvale su tijekom no\u0107i izlijevanje te rijeke iz korita i u nekoliko gradova u Zeni\u010dko-dobojskoj \u017eupaniji &#8211; kazao je za Fenu direktor \u017dupanijske uprave ZD\u017d D\u017eavid Ali\u010di\u0107. Napominje kako su vatrogasci i pripadnici civilne za\u0161tite bili anga\u017eirani samo u op\u0107inama Breza, Visoko, Kakanj i Zenica. -Enormna [&hellip;]\" \/>\n<meta property=\"og:url\" content=\"https:\/\/radioljubuski.ba\/index.php\/2021\/11\/06\/bosna-se-izlila-u-nekoliko-gradova-zdz-a-od-jutros-se-povlaci-u-korito\/\" \/>\n<meta property=\"og:site_name\" content=\"RADIO LJUBU\u0160KI\" \/>\n<meta property=\"article:publisher\" content=\"https:\/\/www.facebook.com\/Radiio-Ljubuski-1490835324566332\" \/>\n<meta property=\"article:published_time\" content=\"2021-11-06T09:42:41+00:00\" \/>\n<meta property=\"og:image\" content=\"https:\/\/radioljubuski.ba\/wp-content\/uploads\/2021\/11\/2-2021-11-06-09-16-53-bosna.jpg\" \/>\n\t<meta property=\"og:image:width\" content=\"1000\" \/>\n\t<meta property=\"og:image:height\" content=\"625\" \/>\n\t<meta property=\"og:image:type\" content=\"image\/jpeg\" \/>\n<meta name=\"author\" content=\"Radio Ljubu\u0161ki\" \/>\n<meta name=\"twitter:card\" content=\"summary_large_image\" \/>\n<meta name=\"twitter:creator\" content=\"@radioljubuski\" \/>\n<meta name=\"twitter:site\" content=\"@radioljubuski\" \/>\n<meta name=\"twitter:label1\" content=\"Napisao\/la\" \/>\n\t<meta name=\"twitter:data1\" content=\"Radio Ljubu\u0161ki\" \/>\n\t<meta name=\"twitter:label2\" content=\"Procijenjeno vrijeme \u010ditanja\" \/>\n\t<meta name=\"twitter:data2\" content=\"2 minute\" \/>\n<script type=\"application\/ld+json\" class=\"yoast-schema-graph\">{\"@context\":\"https:\\\/\\\/schema.org\",\"@graph\":[{\"@type\":\"Article\",\"@id\":\"https:\\\/\\\/radioljubuski.ba\\\/index.php\\\/2021\\\/11\\\/06\\\/bosna-se-izlila-u-nekoliko-gradova-zdz-a-od-jutros-se-povlaci-u-korito\\\/#article\",\"isPartOf\":{\"@id\":\"https:\\\/\\\/radioljubuski.ba\\\/index.php\\\/2021\\\/11\\\/06\\\/bosna-se-izlila-u-nekoliko-gradova-zdz-a-od-jutros-se-povlaci-u-korito\\\/\"},\"author\":{\"name\":\"Radio Ljubu\u0161ki\",\"@id\":\"https:\\\/\\\/radioljubuski.ba\\\/#\\\/schema\\\/person\\\/19fc700381a780f69665d7956c469e3b\"},\"headline\":\"Bosna se izlila u nekoliko gradova ZD\u017d-a, od jutros se povla\u010di u korito\",\"datePublished\":\"2021-11-06T09:42:41+00:00\",\"mainEntityOfPage\":{\"@id\":\"https:\\\/\\\/radioljubuski.ba\\\/index.php\\\/2021\\\/11\\\/06\\\/bosna-se-izlila-u-nekoliko-gradova-zdz-a-od-jutros-se-povlaci-u-korito\\\/\"},\"wordCount\":368,\"publisher\":{\"@id\":\"https:\\\/\\\/radioljubuski.ba\\\/#organization\"},\"image\":{\"@id\":\"https:\\\/\\\/radioljubuski.ba\\\/index.php\\\/2021\\\/11\\\/06\\\/bosna-se-izlila-u-nekoliko-gradova-zdz-a-od-jutros-se-povlaci-u-korito\\\/#primaryimage\"},\"thumbnailUrl\":\"https:\\\/\\\/radioljubuski.ba\\\/wp-content\\\/uploads\\\/2021\\\/11\\\/2-2021-11-06-09-16-53-bosna.jpg\",\"articleSection\":[\"BIH i regija\"],\"inLanguage\":\"hr\"},{\"@type\":\"WebPage\",\"@id\":\"https:\\\/\\\/radioljubuski.ba\\\/index.php\\\/2021\\\/11\\\/06\\\/bosna-se-izlila-u-nekoliko-gradova-zdz-a-od-jutros-se-povlaci-u-korito\\\/\",\"url\":\"https:\\\/\\\/radioljubuski.ba\\\/index.php\\\/2021\\\/11\\\/06\\\/bosna-se-izlila-u-nekoliko-gradova-zdz-a-od-jutros-se-povlaci-u-korito\\\/\",\"name\":\"Bosna se izlila u nekoliko gradova ZD\u017d-a, od jutros se povla\u010di u korito - RADIO LJUBU\u0160KI\",\"isPartOf\":{\"@id\":\"https:\\\/\\\/radioljubuski.ba\\\/#website\"},\"primaryImageOfPage\":{\"@id\":\"https:\\\/\\\/radioljubuski.ba\\\/index.php\\\/2021\\\/11\\\/06\\\/bosna-se-izlila-u-nekoliko-gradova-zdz-a-od-jutros-se-povlaci-u-korito\\\/#primaryimage\"},\"image\":{\"@id\":\"https:\\\/\\\/radioljubuski.ba\\\/index.php\\\/2021\\\/11\\\/06\\\/bosna-se-izlila-u-nekoliko-gradova-zdz-a-od-jutros-se-povlaci-u-korito\\\/#primaryimage\"},\"thumbnailUrl\":\"https:\\\/\\\/radioljubuski.ba\\\/wp-content\\\/uploads\\\/2021\\\/11\\\/2-2021-11-06-09-16-53-bosna.jpg\",\"datePublished\":\"2021-11-06T09:42:41+00:00\",\"breadcrumb\":{\"@id\":\"https:\\\/\\\/radioljubuski.ba\\\/index.php\\\/2021\\\/11\\\/06\\\/bosna-se-izlila-u-nekoliko-gradova-zdz-a-od-jutros-se-povlaci-u-korito\\\/#breadcrumb\"},\"inLanguage\":\"hr\",\"potentialAction\":[{\"@type\":\"ReadAction\",\"target\":[\"https:\\\/\\\/radioljubuski.ba\\\/index.php\\\/2021\\\/11\\\/06\\\/bosna-se-izlila-u-nekoliko-gradova-zdz-a-od-jutros-se-povlaci-u-korito\\\/\"]}]},{\"@type\":\"ImageObject\",\"inLanguage\":\"hr\",\"@id\":\"https:\\\/\\\/radioljubuski.ba\\\/index.php\\\/2021\\\/11\\\/06\\\/bosna-se-izlila-u-nekoliko-gradova-zdz-a-od-jutros-se-povlaci-u-korito\\\/#primaryimage\",\"url\":\"https:\\\/\\\/radioljubuski.ba\\\/wp-content\\\/uploads\\\/2021\\\/11\\\/2-2021-11-06-09-16-53-bosna.jpg\",\"contentUrl\":\"https:\\\/\\\/radioljubuski.ba\\\/wp-content\\\/uploads\\\/2021\\\/11\\\/2-2021-11-06-09-16-53-bosna.jpg\",\"width\":1000,\"height\":625},{\"@type\":\"BreadcrumbList\",\"@id\":\"https:\\\/\\\/radioljubuski.ba\\\/index.php\\\/2021\\\/11\\\/06\\\/bosna-se-izlila-u-nekoliko-gradova-zdz-a-od-jutros-se-povlaci-u-korito\\\/#breadcrumb\",\"itemListElement\":[{\"@type\":\"ListItem\",\"position\":1,\"name\":\"Po\u010detna stranica\",\"item\":\"https:\\\/\\\/radioljubuski.ba\\\/\"},{\"@type\":\"ListItem\",\"position\":2,\"name\":\"Bosna se izlila u nekoliko gradova ZD\u017d-a, od jutros se povla\u010di u korito\"}]},{\"@type\":\"WebSite\",\"@id\":\"https:\\\/\\\/radioljubuski.ba\\\/#website\",\"url\":\"https:\\\/\\\/radioljubuski.ba\\\/\",\"name\":\"Radio Ljubu\u0161ki\",\"description\":\"Sun\u010dana frekvencija Hercegovine\",\"publisher\":{\"@id\":\"https:\\\/\\\/radioljubuski.ba\\\/#organization\"},\"potentialAction\":[{\"@type\":\"SearchAction\",\"target\":{\"@type\":\"EntryPoint\",\"urlTemplate\":\"https:\\\/\\\/radioljubuski.ba\\\/?s={search_term_string}\"},\"query-input\":{\"@type\":\"PropertyValueSpecification\",\"valueRequired\":true,\"valueName\":\"search_term_string\"}}],\"inLanguage\":\"hr\"},{\"@type\":\"Organization\",\"@id\":\"https:\\\/\\\/radioljubuski.ba\\\/#organization\",\"name\":\"Radio Ljubu\u0161ki\",\"url\":\"https:\\\/\\\/radioljubuski.ba\\\/\",\"logo\":{\"@type\":\"ImageObject\",\"inLanguage\":\"hr\",\"@id\":\"https:\\\/\\\/radioljubuski.ba\\\/#\\\/schema\\\/logo\\\/image\\\/\",\"url\":\"https:\\\/\\\/radioljubuski.ba\\\/wp-content\\\/uploads\\\/2021\\\/02\\\/cropped-Radio_Ljubuski_logo1.jpg\",\"contentUrl\":\"https:\\\/\\\/radioljubuski.ba\\\/wp-content\\\/uploads\\\/2021\\\/02\\\/cropped-Radio_Ljubuski_logo1.jpg\",\"width\":512,\"height\":512,\"caption\":\"Radio Ljubu\u0161ki\"},\"image\":{\"@id\":\"https:\\\/\\\/radioljubuski.ba\\\/#\\\/schema\\\/logo\\\/image\\\/\"},\"sameAs\":[\"https:\\\/\\\/www.facebook.com\\\/Radiio-Ljubuski-1490835324566332\",\"https:\\\/\\\/x.com\\\/radioljubuski\",\"https:\\\/\\\/hr.linkedin.com\\\/company\\\/radio-ljubuski\",\"https:\\\/\\\/www.youtube.com\\\/channel\\\/UCHYaeO_n0Db3tjNGudGpXyw\"]},{\"@type\":\"Person\",\"@id\":\"https:\\\/\\\/radioljubuski.ba\\\/#\\\/schema\\\/person\\\/19fc700381a780f69665d7956c469e3b\",\"name\":\"Radio Ljubu\u0161ki\"}]}<\/script>\n<!-- \/ Yoast SEO plugin. -->","yoast_head_json":{"title":"Bosna se izlila u nekoliko gradova ZD\u017d-a, od jutros se povla\u010di u korito - RADIO LJUBU\u0160KI","robots":{"index":"index","follow":"follow","max-snippet":"max-snippet:-1","max-image-preview":"max-image-preview:large","max-video-preview":"max-video-preview:-1"},"canonical":"https:\/\/radioljubuski.ba\/index.php\/2021\/11\/06\/bosna-se-izlila-u-nekoliko-gradova-zdz-a-od-jutros-se-povlaci-u-korito\/","og_locale":"hr_HR","og_type":"article","og_title":"Bosna se izlila u nekoliko gradova ZD\u017d-a, od jutros se povla\u010di u korito - RADIO LJUBU\u0160KI","og_description":"Ki\u0161a i nadolaze\u0107e vode rijekom Bosnom iz Sarajevske \u017eupanije izazvale su tijekom no\u0107i izlijevanje te rijeke iz korita i u nekoliko gradova u Zeni\u010dko-dobojskoj \u017eupaniji &#8211; kazao je za Fenu direktor \u017dupanijske uprave ZD\u017d D\u017eavid Ali\u010di\u0107. Napominje kako su vatrogasci i pripadnici civilne za\u0161tite bili anga\u017eirani samo u op\u0107inama Breza, Visoko, Kakanj i Zenica. -Enormna [&hellip;]","og_url":"https:\/\/radioljubuski.ba\/index.php\/2021\/11\/06\/bosna-se-izlila-u-nekoliko-gradova-zdz-a-od-jutros-se-povlaci-u-korito\/","og_site_name":"RADIO LJUBU\u0160KI","article_publisher":"https:\/\/www.facebook.com\/Radiio-Ljubuski-1490835324566332","article_published_time":"2021-11-06T09:42:41+00:00","og_image":[{"width":1000,"height":625,"url":"https:\/\/radioljubuski.ba\/wp-content\/uploads\/2021\/11\/2-2021-11-06-09-16-53-bosna.jpg","type":"image\/jpeg"}],"author":"Radio Ljubu\u0161ki","twitter_card":"summary_large_image","twitter_creator":"@radioljubuski","twitter_site":"@radioljubuski","twitter_misc":{"Napisao\/la":"Radio Ljubu\u0161ki","Procijenjeno vrijeme \u010ditanja":"2 minute"},"schema":{"@context":"https:\/\/schema.org","@graph":[{"@type":"Article","@id":"https:\/\/radioljubuski.ba\/index.php\/2021\/11\/06\/bosna-se-izlila-u-nekoliko-gradova-zdz-a-od-jutros-se-povlaci-u-korito\/#article","isPartOf":{"@id":"https:\/\/radioljubuski.ba\/index.php\/2021\/11\/06\/bosna-se-izlila-u-nekoliko-gradova-zdz-a-od-jutros-se-povlaci-u-korito\/"},"author":{"name":"Radio Ljubu\u0161ki","@id":"https:\/\/radioljubuski.ba\/#\/schema\/person\/19fc700381a780f69665d7956c469e3b"},"headline":"Bosna se izlila u nekoliko gradova ZD\u017d-a, od jutros se povla\u010di u korito","datePublished":"2021-11-06T09:42:41+00:00","mainEntityOfPage":{"@id":"https:\/\/radioljubuski.ba\/index.php\/2021\/11\/06\/bosna-se-izlila-u-nekoliko-gradova-zdz-a-od-jutros-se-povlaci-u-korito\/"},"wordCount":368,"publisher":{"@id":"https:\/\/radioljubuski.ba\/#organization"},"image":{"@id":"https:\/\/radioljubuski.ba\/index.php\/2021\/11\/06\/bosna-se-izlila-u-nekoliko-gradova-zdz-a-od-jutros-se-povlaci-u-korito\/#primaryimage"},"thumbnailUrl":"https:\/\/radioljubuski.ba\/wp-content\/uploads\/2021\/11\/2-2021-11-06-09-16-53-bosna.jpg","articleSection":["BIH i regija"],"inLanguage":"hr"},{"@type":"WebPage","@id":"https:\/\/radioljubuski.ba\/index.php\/2021\/11\/06\/bosna-se-izlila-u-nekoliko-gradova-zdz-a-od-jutros-se-povlaci-u-korito\/","url":"https:\/\/radioljubuski.ba\/index.php\/2021\/11\/06\/bosna-se-izlila-u-nekoliko-gradova-zdz-a-od-jutros-se-povlaci-u-korito\/","name":"Bosna se izlila u nekoliko gradova ZD\u017d-a, od jutros se povla\u010di u korito - RADIO LJUBU\u0160KI","isPartOf":{"@id":"https:\/\/radioljubuski.ba\/#website"},"primaryImageOfPage":{"@id":"https:\/\/radioljubuski.ba\/index.php\/2021\/11\/06\/bosna-se-izlila-u-nekoliko-gradova-zdz-a-od-jutros-se-povlaci-u-korito\/#primaryimage"},"image":{"@id":"https:\/\/radioljubuski.ba\/index.php\/2021\/11\/06\/bosna-se-izlila-u-nekoliko-gradova-zdz-a-od-jutros-se-povlaci-u-korito\/#primaryimage"},"thumbnailUrl":"https:\/\/radioljubuski.ba\/wp-content\/uploads\/2021\/11\/2-2021-11-06-09-16-53-bosna.jpg","datePublished":"2021-11-06T09:42:41+00:00","breadcrumb":{"@id":"https:\/\/radioljubuski.ba\/index.php\/2021\/11\/06\/bosna-se-izlila-u-nekoliko-gradova-zdz-a-od-jutros-se-povlaci-u-korito\/#breadcrumb"},"inLanguage":"hr","potentialAction":[{"@type":"ReadAction","target":["https:\/\/radioljubuski.ba\/index.php\/2021\/11\/06\/bosna-se-izlila-u-nekoliko-gradova-zdz-a-od-jutros-se-povlaci-u-korito\/"]}]},{"@type":"ImageObject","inLanguage":"hr","@id":"https:\/\/radioljubuski.ba\/index.php\/2021\/11\/06\/bosna-se-izlila-u-nekoliko-gradova-zdz-a-od-jutros-se-povlaci-u-korito\/#primaryimage","url":"https:\/\/radioljubuski.ba\/wp-content\/uploads\/2021\/11\/2-2021-11-06-09-16-53-bosna.jpg","contentUrl":"https:\/\/radioljubuski.ba\/wp-content\/uploads\/2021\/11\/2-2021-11-06-09-16-53-bosna.jpg","width":1000,"height":625},{"@type":"BreadcrumbList","@id":"https:\/\/radioljubuski.ba\/index.php\/2021\/11\/06\/bosna-se-izlila-u-nekoliko-gradova-zdz-a-od-jutros-se-povlaci-u-korito\/#breadcrumb","itemListElement":[{"@type":"ListItem","position":1,"name":"Po\u010detna stranica","item":"https:\/\/radioljubuski.ba\/"},{"@type":"ListItem","position":2,"name":"Bosna se izlila u nekoliko gradova ZD\u017d-a, od jutros se povla\u010di u korito"}]},{"@type":"WebSite","@id":"https:\/\/radioljubuski.ba\/#website","url":"https:\/\/radioljubuski.ba\/","name":"Radio Ljubu\u0161ki","description":"Sun\u010dana frekvencija Hercegovine","publisher":{"@id":"https:\/\/radioljubuski.ba\/#organization"},"potentialAction":[{"@type":"SearchAction","target":{"@type":"EntryPoint","urlTemplate":"https:\/\/radioljubuski.ba\/?s={search_term_string}"},"query-input":{"@type":"PropertyValueSpecification","valueRequired":true,"valueName":"search_term_string"}}],"inLanguage":"hr"},{"@type":"Organization","@id":"https:\/\/radioljubuski.ba\/#organization","name":"Radio Ljubu\u0161ki","url":"https:\/\/radioljubuski.ba\/","logo":{"@type":"ImageObject","inLanguage":"hr","@id":"https:\/\/radioljubuski.ba\/#\/schema\/logo\/image\/","url":"https:\/\/radioljubuski.ba\/wp-content\/uploads\/2021\/02\/cropped-Radio_Ljubuski_logo1.jpg","contentUrl":"https:\/\/radioljubuski.ba\/wp-content\/uploads\/2021\/02\/cropped-Radio_Ljubuski_logo1.jpg","width":512,"height":512,"caption":"Radio Ljubu\u0161ki"},"image":{"@id":"https:\/\/radioljubuski.ba\/#\/schema\/logo\/image\/"},"sameAs":["https:\/\/www.facebook.com\/Radiio-Ljubuski-1490835324566332","https:\/\/x.com\/radioljubuski","https:\/\/hr.linkedin.com\/company\/radio-ljubuski","https:\/\/www.youtube.com\/channel\/UCHYaeO_n0Db3tjNGudGpXyw"]},{"@type":"Person","@id":"https:\/\/radioljubuski.ba\/#\/schema\/person\/19fc700381a780f69665d7956c469e3b","name":"Radio Ljubu\u0161ki"}]}},"_links":{"self":[{"href":"https:\/\/radioljubuski.ba\/index.php\/wp-json\/wp\/v2\/posts\/85742","targetHints":{"allow":["GET"]}}],"collection":[{"href":"https:\/\/radioljubuski.ba\/index.php\/wp-json\/wp\/v2\/posts"}],"about":[{"href":"https:\/\/radioljubuski.ba\/index.php\/wp-json\/wp\/v2\/types\/post"}],"author":[{"embeddable":true,"href":"https:\/\/radioljubuski.ba\/index.php\/wp-json\/wp\/v2\/users\/2"}],"replies":[{"embeddable":true,"href":"https:\/\/radioljubuski.ba\/index.php\/wp-json\/wp\/v2\/comments?post=85742"}],"version-history":[{"count":1,"href":"https:\/\/radioljubuski.ba\/index.php\/wp-json\/wp\/v2\/posts\/85742\/revisions"}],"predecessor-version":[{"id":85744,"href":"https:\/\/radioljubuski.ba\/index.php\/wp-json\/wp\/v2\/posts\/85742\/revisions\/85744"}],"wp:featuredmedia":[{"embeddable":true,"href":"https:\/\/radioljubuski.ba\/index.php\/wp-json\/wp\/v2\/media\/85743"}],"wp:attachment":[{"href":"https:\/\/radioljubuski.ba\/index.php\/wp-json\/wp\/v2\/media?parent=85742"}],"wp:term":[{"taxonomy":"category","embeddable":true,"href":"https:\/\/radioljubuski.ba\/index.php\/wp-json\/wp\/v2\/categories?post=85742"},{"taxonomy":"post_tag","embeddable":true,"href":"https:\/\/radioljubuski.ba\/index.php\/wp-json\/wp\/v2\/tags?post=85742"}],"curies":[{"name":"wp","href":"https:\/\/api.w.org\/{rel}","templated":true}]}}