{"id":85748,"date":"2021-11-06T10:44:44","date_gmt":"2021-11-06T09:44:44","guid":{"rendered":"https:\/\/radioljubuski.ba\/?p=85748"},"modified":"2021-11-06T10:44:45","modified_gmt":"2021-11-06T09:44:45","slug":"u-sirokom-brijegu-predstavljen-roman-cudljive-vode-mladog-posavskog-autora-matiasa-zecevica","status":"publish","type":"post","link":"https:\/\/radioljubuski.ba\/index.php\/2021\/11\/06\/u-sirokom-brijegu-predstavljen-roman-cudljive-vode-mladog-posavskog-autora-matiasa-zecevica\/","title":{"rendered":"U \u0160irokom Brijegu predstavljen roman \u201e\u0106udljive vode\u201c mladog posavskog autora Matiasa Ze\u010devi\u0107a"},"content":{"rendered":"\n<p>Sino\u0107 je u Narodnoj knji\u017enici u \u0160irokom Brijegu predstavljen roman \u201e\u0106udljive vode\u201c, mladog posavskog autora Matiasa Ze\u010devi\u0107a.<\/p>\n\n\n\n<p>Roman \u0106udljive vode inspiriran je velikim poplavama koje su 2014. godine pogodile Bosansku Posavinu, ali i puno \u0161ire podru\u010dje. Autor je u svom govoru spomenuo kako se i ovih dana, na\u017ealost, mnogi u Bosni i Hercegovini bore s poplavama. Publici u \u0160irokom Brijegu govorio je o strahotama koje su pro\u017eivljavali stanovnici Od\u017eaka u svibnju te 2014. godine.<\/p>\n\n\n\n<p>\u201ePonovno gledamo jezive scene kako vodena stihija nemilosrdno nosi sve pred sobom. Kada sve ovo vidimo shvatimo kako materijalne stvari koje bi nam trebale slu\u017eiti u \u017eivotu, a \u010desto o njima postanemo ovisni, nestanu u vrlo kratkom vremenskom razdoblju. Na\u017ealost, mi to brzo zaboravimo.\u201c<\/p>\n\n\n\n<p>Matias Ze\u010devi\u0107, student mostarskog Sveu\u010dili\u0161ta u svom romanu osim o poplavi govori i o va\u017enosti obitelji i pravog prijateljstva.<\/p>\n\n\n\n<p>\u201eUz obitelj i prijatelje sve prepreke u \u017eivotu lak\u0161e se prelaze. \u010covjek nije ro\u0111en da \u017eivi sam. Te 2014. godine u Od\u017eaku nije bilo neprijatelja. Ljudi su se zbli\u017eili i jedni drugima pritekli u pomo\u0107. To je ono ljudsko u nama.\u201c<\/p>\n\n\n\n<p>Autor kroz svoj roman spominje i temu iseljavanja, o kojoj se danas kako ka\u017ee, premalo govori i presporo tra\u017ee rje\u0161enja.<\/p>\n\n\n\n<p>\u201eOgroman broj ljudi, a posebno mladih ljudi, napu\u0161ta Bosnu i Hercegovinu. Oni koji bi trebali na\u0107i rje\u0161enja kako zadr\u017eati mladost konstantno najavljuju nekakve ratove. Poznata je to ve\u0107 predizborna taktika, no ovoga puta je uistinu prerano krenula. Nitko nije pla\u0107en da pla\u0161i narod ratom, nego da svojim radom i zalaganjem stvori bolju sredinu za \u017eivot. Bez mladosti, nema \u017eivota.\u201c<\/p>\n\n\n\n<p>Predstavljanju romana prisustvovali su i predstavnici Grada \u0160irokog Brijega, koji je generalni pokrovitelj ovog romana.<\/p>\n\n\n\n<p>Jo\u0161 jednom je nagla\u0161eno kako je ovo prva knjiga koju je izdao HKD Napredak podru\u017enica Od\u017eak, te je najavljeno i naredno predstavljanje romana u Prozor-Rami u petak, 12. studenoga.<\/p>\n\n\n\n<p>Izvor:pogled.ba<\/p>\n","protected":false},"excerpt":{"rendered":"<p>Sino\u0107 je u Narodnoj knji\u017enici u \u0160irokom Brijegu predstavljen roman \u201e\u0106udljive vode\u201c, mladog posavskog autora Matiasa Ze\u010devi\u0107a. Roman \u0106udljive vode inspiriran je velikim poplavama koje su 2014. godine pogodile Bosansku Posavinu, ali i puno \u0161ire podru\u010dje. Autor je u svom govoru spomenuo kako se i ovih dana, na\u017ealost, mnogi u Bosni i Hercegovini bore s [&hellip;]<\/p>\n","protected":false},"author":2,"featured_media":85749,"comment_status":"closed","ping_status":"closed","sticky":false,"template":"","format":"standard","meta":{"h5ap_radio_sources":[],"footnotes":""},"categories":[1],"tags":[],"class_list":["post-85748","post","type-post","status-publish","format-standard","has-post-thumbnail","hentry","category-bihiregija"],"yoast_head":"<!-- This site is optimized with the Yoast SEO plugin v27.5 - https:\/\/yoast.com\/product\/yoast-seo-wordpress\/ -->\n<title>U \u0160irokom Brijegu predstavljen roman \u201e\u0106udljive vode\u201c mladog posavskog autora Matiasa Ze\u010devi\u0107a - RADIO LJUBU\u0160KI<\/title>\n<meta name=\"robots\" content=\"index, follow, max-snippet:-1, max-image-preview:large, max-video-preview:-1\" \/>\n<link rel=\"canonical\" href=\"https:\/\/radioljubuski.ba\/index.php\/2021\/11\/06\/u-sirokom-brijegu-predstavljen-roman-cudljive-vode-mladog-posavskog-autora-matiasa-zecevica\/\" \/>\n<meta property=\"og:locale\" content=\"hr_HR\" \/>\n<meta property=\"og:type\" content=\"article\" \/>\n<meta property=\"og:title\" content=\"U \u0160irokom Brijegu predstavljen roman \u201e\u0106udljive vode\u201c mladog posavskog autora Matiasa Ze\u010devi\u0107a - RADIO LJUBU\u0160KI\" \/>\n<meta property=\"og:description\" content=\"Sino\u0107 je u Narodnoj knji\u017enici u \u0160irokom Brijegu predstavljen roman \u201e\u0106udljive vode\u201c, mladog posavskog autora Matiasa Ze\u010devi\u0107a. Roman \u0106udljive vode inspiriran je velikim poplavama koje su 2014. godine pogodile Bosansku Posavinu, ali i puno \u0161ire podru\u010dje. Autor je u svom govoru spomenuo kako se i ovih dana, na\u017ealost, mnogi u Bosni i Hercegovini bore s [&hellip;]\" \/>\n<meta property=\"og:url\" content=\"https:\/\/radioljubuski.ba\/index.php\/2021\/11\/06\/u-sirokom-brijegu-predstavljen-roman-cudljive-vode-mladog-posavskog-autora-matiasa-zecevica\/\" \/>\n<meta property=\"og:site_name\" content=\"RADIO LJUBU\u0160KI\" \/>\n<meta property=\"article:publisher\" content=\"https:\/\/www.facebook.com\/Radiio-Ljubuski-1490835324566332\" \/>\n<meta property=\"article:published_time\" content=\"2021-11-06T09:44:44+00:00\" \/>\n<meta property=\"article:modified_time\" content=\"2021-11-06T09:44:45+00:00\" \/>\n<meta property=\"og:image\" content=\"https:\/\/radioljubuski.ba\/wp-content\/uploads\/2021\/11\/2-2021-11-06-09-42-02-_MG_4133.jpg\" \/>\n\t<meta property=\"og:image:width\" content=\"1000\" \/>\n\t<meta property=\"og:image:height\" content=\"625\" \/>\n\t<meta property=\"og:image:type\" content=\"image\/jpeg\" \/>\n<meta name=\"author\" content=\"Radio Ljubu\u0161ki\" \/>\n<meta name=\"twitter:card\" content=\"summary_large_image\" \/>\n<meta name=\"twitter:creator\" content=\"@radioljubuski\" \/>\n<meta name=\"twitter:site\" content=\"@radioljubuski\" \/>\n<meta name=\"twitter:label1\" content=\"Napisao\/la\" \/>\n\t<meta name=\"twitter:data1\" content=\"Radio Ljubu\u0161ki\" \/>\n\t<meta name=\"twitter:label2\" content=\"Procijenjeno vrijeme \u010ditanja\" \/>\n\t<meta name=\"twitter:data2\" content=\"2 minute\" \/>\n<script type=\"application\/ld+json\" class=\"yoast-schema-graph\">{\"@context\":\"https:\\\/\\\/schema.org\",\"@graph\":[{\"@type\":\"Article\",\"@id\":\"https:\\\/\\\/radioljubuski.ba\\\/index.php\\\/2021\\\/11\\\/06\\\/u-sirokom-brijegu-predstavljen-roman-cudljive-vode-mladog-posavskog-autora-matiasa-zecevica\\\/#article\",\"isPartOf\":{\"@id\":\"https:\\\/\\\/radioljubuski.ba\\\/index.php\\\/2021\\\/11\\\/06\\\/u-sirokom-brijegu-predstavljen-roman-cudljive-vode-mladog-posavskog-autora-matiasa-zecevica\\\/\"},\"author\":{\"name\":\"Radio Ljubu\u0161ki\",\"@id\":\"https:\\\/\\\/radioljubuski.ba\\\/#\\\/schema\\\/person\\\/19fc700381a780f69665d7956c469e3b\"},\"headline\":\"U \u0160irokom Brijegu predstavljen roman \u201e\u0106udljive vode\u201c mladog posavskog autora Matiasa Ze\u010devi\u0107a\",\"datePublished\":\"2021-11-06T09:44:44+00:00\",\"dateModified\":\"2021-11-06T09:44:45+00:00\",\"mainEntityOfPage\":{\"@id\":\"https:\\\/\\\/radioljubuski.ba\\\/index.php\\\/2021\\\/11\\\/06\\\/u-sirokom-brijegu-predstavljen-roman-cudljive-vode-mladog-posavskog-autora-matiasa-zecevica\\\/\"},\"wordCount\":343,\"publisher\":{\"@id\":\"https:\\\/\\\/radioljubuski.ba\\\/#organization\"},\"image\":{\"@id\":\"https:\\\/\\\/radioljubuski.ba\\\/index.php\\\/2021\\\/11\\\/06\\\/u-sirokom-brijegu-predstavljen-roman-cudljive-vode-mladog-posavskog-autora-matiasa-zecevica\\\/#primaryimage\"},\"thumbnailUrl\":\"https:\\\/\\\/radioljubuski.ba\\\/wp-content\\\/uploads\\\/2021\\\/11\\\/2-2021-11-06-09-42-02-_MG_4133.jpg\",\"articleSection\":[\"BIH i regija\"],\"inLanguage\":\"hr\"},{\"@type\":\"WebPage\",\"@id\":\"https:\\\/\\\/radioljubuski.ba\\\/index.php\\\/2021\\\/11\\\/06\\\/u-sirokom-brijegu-predstavljen-roman-cudljive-vode-mladog-posavskog-autora-matiasa-zecevica\\\/\",\"url\":\"https:\\\/\\\/radioljubuski.ba\\\/index.php\\\/2021\\\/11\\\/06\\\/u-sirokom-brijegu-predstavljen-roman-cudljive-vode-mladog-posavskog-autora-matiasa-zecevica\\\/\",\"name\":\"U \u0160irokom Brijegu predstavljen roman \u201e\u0106udljive vode\u201c mladog posavskog autora Matiasa Ze\u010devi\u0107a - RADIO LJUBU\u0160KI\",\"isPartOf\":{\"@id\":\"https:\\\/\\\/radioljubuski.ba\\\/#website\"},\"primaryImageOfPage\":{\"@id\":\"https:\\\/\\\/radioljubuski.ba\\\/index.php\\\/2021\\\/11\\\/06\\\/u-sirokom-brijegu-predstavljen-roman-cudljive-vode-mladog-posavskog-autora-matiasa-zecevica\\\/#primaryimage\"},\"image\":{\"@id\":\"https:\\\/\\\/radioljubuski.ba\\\/index.php\\\/2021\\\/11\\\/06\\\/u-sirokom-brijegu-predstavljen-roman-cudljive-vode-mladog-posavskog-autora-matiasa-zecevica\\\/#primaryimage\"},\"thumbnailUrl\":\"https:\\\/\\\/radioljubuski.ba\\\/wp-content\\\/uploads\\\/2021\\\/11\\\/2-2021-11-06-09-42-02-_MG_4133.jpg\",\"datePublished\":\"2021-11-06T09:44:44+00:00\",\"dateModified\":\"2021-11-06T09:44:45+00:00\",\"breadcrumb\":{\"@id\":\"https:\\\/\\\/radioljubuski.ba\\\/index.php\\\/2021\\\/11\\\/06\\\/u-sirokom-brijegu-predstavljen-roman-cudljive-vode-mladog-posavskog-autora-matiasa-zecevica\\\/#breadcrumb\"},\"inLanguage\":\"hr\",\"potentialAction\":[{\"@type\":\"ReadAction\",\"target\":[\"https:\\\/\\\/radioljubuski.ba\\\/index.php\\\/2021\\\/11\\\/06\\\/u-sirokom-brijegu-predstavljen-roman-cudljive-vode-mladog-posavskog-autora-matiasa-zecevica\\\/\"]}]},{\"@type\":\"ImageObject\",\"inLanguage\":\"hr\",\"@id\":\"https:\\\/\\\/radioljubuski.ba\\\/index.php\\\/2021\\\/11\\\/06\\\/u-sirokom-brijegu-predstavljen-roman-cudljive-vode-mladog-posavskog-autora-matiasa-zecevica\\\/#primaryimage\",\"url\":\"https:\\\/\\\/radioljubuski.ba\\\/wp-content\\\/uploads\\\/2021\\\/11\\\/2-2021-11-06-09-42-02-_MG_4133.jpg\",\"contentUrl\":\"https:\\\/\\\/radioljubuski.ba\\\/wp-content\\\/uploads\\\/2021\\\/11\\\/2-2021-11-06-09-42-02-_MG_4133.jpg\",\"width\":1000,\"height\":625},{\"@type\":\"BreadcrumbList\",\"@id\":\"https:\\\/\\\/radioljubuski.ba\\\/index.php\\\/2021\\\/11\\\/06\\\/u-sirokom-brijegu-predstavljen-roman-cudljive-vode-mladog-posavskog-autora-matiasa-zecevica\\\/#breadcrumb\",\"itemListElement\":[{\"@type\":\"ListItem\",\"position\":1,\"name\":\"Po\u010detna stranica\",\"item\":\"https:\\\/\\\/radioljubuski.ba\\\/\"},{\"@type\":\"ListItem\",\"position\":2,\"name\":\"U \u0160irokom Brijegu predstavljen roman \u201e\u0106udljive vode\u201c mladog posavskog autora Matiasa Ze\u010devi\u0107a\"}]},{\"@type\":\"WebSite\",\"@id\":\"https:\\\/\\\/radioljubuski.ba\\\/#website\",\"url\":\"https:\\\/\\\/radioljubuski.ba\\\/\",\"name\":\"Radio Ljubu\u0161ki\",\"description\":\"Sun\u010dana frekvencija Hercegovine\",\"publisher\":{\"@id\":\"https:\\\/\\\/radioljubuski.ba\\\/#organization\"},\"potentialAction\":[{\"@type\":\"SearchAction\",\"target\":{\"@type\":\"EntryPoint\",\"urlTemplate\":\"https:\\\/\\\/radioljubuski.ba\\\/?s={search_term_string}\"},\"query-input\":{\"@type\":\"PropertyValueSpecification\",\"valueRequired\":true,\"valueName\":\"search_term_string\"}}],\"inLanguage\":\"hr\"},{\"@type\":\"Organization\",\"@id\":\"https:\\\/\\\/radioljubuski.ba\\\/#organization\",\"name\":\"Radio Ljubu\u0161ki\",\"url\":\"https:\\\/\\\/radioljubuski.ba\\\/\",\"logo\":{\"@type\":\"ImageObject\",\"inLanguage\":\"hr\",\"@id\":\"https:\\\/\\\/radioljubuski.ba\\\/#\\\/schema\\\/logo\\\/image\\\/\",\"url\":\"https:\\\/\\\/radioljubuski.ba\\\/wp-content\\\/uploads\\\/2021\\\/02\\\/cropped-Radio_Ljubuski_logo1.jpg\",\"contentUrl\":\"https:\\\/\\\/radioljubuski.ba\\\/wp-content\\\/uploads\\\/2021\\\/02\\\/cropped-Radio_Ljubuski_logo1.jpg\",\"width\":512,\"height\":512,\"caption\":\"Radio Ljubu\u0161ki\"},\"image\":{\"@id\":\"https:\\\/\\\/radioljubuski.ba\\\/#\\\/schema\\\/logo\\\/image\\\/\"},\"sameAs\":[\"https:\\\/\\\/www.facebook.com\\\/Radiio-Ljubuski-1490835324566332\",\"https:\\\/\\\/x.com\\\/radioljubuski\",\"https:\\\/\\\/hr.linkedin.com\\\/company\\\/radio-ljubuski\",\"https:\\\/\\\/www.youtube.com\\\/channel\\\/UCHYaeO_n0Db3tjNGudGpXyw\"]},{\"@type\":\"Person\",\"@id\":\"https:\\\/\\\/radioljubuski.ba\\\/#\\\/schema\\\/person\\\/19fc700381a780f69665d7956c469e3b\",\"name\":\"Radio Ljubu\u0161ki\"}]}<\/script>\n<!-- \/ Yoast SEO plugin. -->","yoast_head_json":{"title":"U \u0160irokom Brijegu predstavljen roman \u201e\u0106udljive vode\u201c mladog posavskog autora Matiasa Ze\u010devi\u0107a - RADIO LJUBU\u0160KI","robots":{"index":"index","follow":"follow","max-snippet":"max-snippet:-1","max-image-preview":"max-image-preview:large","max-video-preview":"max-video-preview:-1"},"canonical":"https:\/\/radioljubuski.ba\/index.php\/2021\/11\/06\/u-sirokom-brijegu-predstavljen-roman-cudljive-vode-mladog-posavskog-autora-matiasa-zecevica\/","og_locale":"hr_HR","og_type":"article","og_title":"U \u0160irokom Brijegu predstavljen roman \u201e\u0106udljive vode\u201c mladog posavskog autora Matiasa Ze\u010devi\u0107a - RADIO LJUBU\u0160KI","og_description":"Sino\u0107 je u Narodnoj knji\u017enici u \u0160irokom Brijegu predstavljen roman \u201e\u0106udljive vode\u201c, mladog posavskog autora Matiasa Ze\u010devi\u0107a. Roman \u0106udljive vode inspiriran je velikim poplavama koje su 2014. godine pogodile Bosansku Posavinu, ali i puno \u0161ire podru\u010dje. Autor je u svom govoru spomenuo kako se i ovih dana, na\u017ealost, mnogi u Bosni i Hercegovini bore s [&hellip;]","og_url":"https:\/\/radioljubuski.ba\/index.php\/2021\/11\/06\/u-sirokom-brijegu-predstavljen-roman-cudljive-vode-mladog-posavskog-autora-matiasa-zecevica\/","og_site_name":"RADIO LJUBU\u0160KI","article_publisher":"https:\/\/www.facebook.com\/Radiio-Ljubuski-1490835324566332","article_published_time":"2021-11-06T09:44:44+00:00","article_modified_time":"2021-11-06T09:44:45+00:00","og_image":[{"width":1000,"height":625,"url":"https:\/\/radioljubuski.ba\/wp-content\/uploads\/2021\/11\/2-2021-11-06-09-42-02-_MG_4133.jpg","type":"image\/jpeg"}],"author":"Radio Ljubu\u0161ki","twitter_card":"summary_large_image","twitter_creator":"@radioljubuski","twitter_site":"@radioljubuski","twitter_misc":{"Napisao\/la":"Radio Ljubu\u0161ki","Procijenjeno vrijeme \u010ditanja":"2 minute"},"schema":{"@context":"https:\/\/schema.org","@graph":[{"@type":"Article","@id":"https:\/\/radioljubuski.ba\/index.php\/2021\/11\/06\/u-sirokom-brijegu-predstavljen-roman-cudljive-vode-mladog-posavskog-autora-matiasa-zecevica\/#article","isPartOf":{"@id":"https:\/\/radioljubuski.ba\/index.php\/2021\/11\/06\/u-sirokom-brijegu-predstavljen-roman-cudljive-vode-mladog-posavskog-autora-matiasa-zecevica\/"},"author":{"name":"Radio Ljubu\u0161ki","@id":"https:\/\/radioljubuski.ba\/#\/schema\/person\/19fc700381a780f69665d7956c469e3b"},"headline":"U \u0160irokom Brijegu predstavljen roman \u201e\u0106udljive vode\u201c mladog posavskog autora Matiasa Ze\u010devi\u0107a","datePublished":"2021-11-06T09:44:44+00:00","dateModified":"2021-11-06T09:44:45+00:00","mainEntityOfPage":{"@id":"https:\/\/radioljubuski.ba\/index.php\/2021\/11\/06\/u-sirokom-brijegu-predstavljen-roman-cudljive-vode-mladog-posavskog-autora-matiasa-zecevica\/"},"wordCount":343,"publisher":{"@id":"https:\/\/radioljubuski.ba\/#organization"},"image":{"@id":"https:\/\/radioljubuski.ba\/index.php\/2021\/11\/06\/u-sirokom-brijegu-predstavljen-roman-cudljive-vode-mladog-posavskog-autora-matiasa-zecevica\/#primaryimage"},"thumbnailUrl":"https:\/\/radioljubuski.ba\/wp-content\/uploads\/2021\/11\/2-2021-11-06-09-42-02-_MG_4133.jpg","articleSection":["BIH i regija"],"inLanguage":"hr"},{"@type":"WebPage","@id":"https:\/\/radioljubuski.ba\/index.php\/2021\/11\/06\/u-sirokom-brijegu-predstavljen-roman-cudljive-vode-mladog-posavskog-autora-matiasa-zecevica\/","url":"https:\/\/radioljubuski.ba\/index.php\/2021\/11\/06\/u-sirokom-brijegu-predstavljen-roman-cudljive-vode-mladog-posavskog-autora-matiasa-zecevica\/","name":"U \u0160irokom Brijegu predstavljen roman \u201e\u0106udljive vode\u201c mladog posavskog autora Matiasa Ze\u010devi\u0107a - RADIO LJUBU\u0160KI","isPartOf":{"@id":"https:\/\/radioljubuski.ba\/#website"},"primaryImageOfPage":{"@id":"https:\/\/radioljubuski.ba\/index.php\/2021\/11\/06\/u-sirokom-brijegu-predstavljen-roman-cudljive-vode-mladog-posavskog-autora-matiasa-zecevica\/#primaryimage"},"image":{"@id":"https:\/\/radioljubuski.ba\/index.php\/2021\/11\/06\/u-sirokom-brijegu-predstavljen-roman-cudljive-vode-mladog-posavskog-autora-matiasa-zecevica\/#primaryimage"},"thumbnailUrl":"https:\/\/radioljubuski.ba\/wp-content\/uploads\/2021\/11\/2-2021-11-06-09-42-02-_MG_4133.jpg","datePublished":"2021-11-06T09:44:44+00:00","dateModified":"2021-11-06T09:44:45+00:00","breadcrumb":{"@id":"https:\/\/radioljubuski.ba\/index.php\/2021\/11\/06\/u-sirokom-brijegu-predstavljen-roman-cudljive-vode-mladog-posavskog-autora-matiasa-zecevica\/#breadcrumb"},"inLanguage":"hr","potentialAction":[{"@type":"ReadAction","target":["https:\/\/radioljubuski.ba\/index.php\/2021\/11\/06\/u-sirokom-brijegu-predstavljen-roman-cudljive-vode-mladog-posavskog-autora-matiasa-zecevica\/"]}]},{"@type":"ImageObject","inLanguage":"hr","@id":"https:\/\/radioljubuski.ba\/index.php\/2021\/11\/06\/u-sirokom-brijegu-predstavljen-roman-cudljive-vode-mladog-posavskog-autora-matiasa-zecevica\/#primaryimage","url":"https:\/\/radioljubuski.ba\/wp-content\/uploads\/2021\/11\/2-2021-11-06-09-42-02-_MG_4133.jpg","contentUrl":"https:\/\/radioljubuski.ba\/wp-content\/uploads\/2021\/11\/2-2021-11-06-09-42-02-_MG_4133.jpg","width":1000,"height":625},{"@type":"BreadcrumbList","@id":"https:\/\/radioljubuski.ba\/index.php\/2021\/11\/06\/u-sirokom-brijegu-predstavljen-roman-cudljive-vode-mladog-posavskog-autora-matiasa-zecevica\/#breadcrumb","itemListElement":[{"@type":"ListItem","position":1,"name":"Po\u010detna stranica","item":"https:\/\/radioljubuski.ba\/"},{"@type":"ListItem","position":2,"name":"U \u0160irokom Brijegu predstavljen roman \u201e\u0106udljive vode\u201c mladog posavskog autora Matiasa Ze\u010devi\u0107a"}]},{"@type":"WebSite","@id":"https:\/\/radioljubuski.ba\/#website","url":"https:\/\/radioljubuski.ba\/","name":"Radio Ljubu\u0161ki","description":"Sun\u010dana frekvencija Hercegovine","publisher":{"@id":"https:\/\/radioljubuski.ba\/#organization"},"potentialAction":[{"@type":"SearchAction","target":{"@type":"EntryPoint","urlTemplate":"https:\/\/radioljubuski.ba\/?s={search_term_string}"},"query-input":{"@type":"PropertyValueSpecification","valueRequired":true,"valueName":"search_term_string"}}],"inLanguage":"hr"},{"@type":"Organization","@id":"https:\/\/radioljubuski.ba\/#organization","name":"Radio Ljubu\u0161ki","url":"https:\/\/radioljubuski.ba\/","logo":{"@type":"ImageObject","inLanguage":"hr","@id":"https:\/\/radioljubuski.ba\/#\/schema\/logo\/image\/","url":"https:\/\/radioljubuski.ba\/wp-content\/uploads\/2021\/02\/cropped-Radio_Ljubuski_logo1.jpg","contentUrl":"https:\/\/radioljubuski.ba\/wp-content\/uploads\/2021\/02\/cropped-Radio_Ljubuski_logo1.jpg","width":512,"height":512,"caption":"Radio Ljubu\u0161ki"},"image":{"@id":"https:\/\/radioljubuski.ba\/#\/schema\/logo\/image\/"},"sameAs":["https:\/\/www.facebook.com\/Radiio-Ljubuski-1490835324566332","https:\/\/x.com\/radioljubuski","https:\/\/hr.linkedin.com\/company\/radio-ljubuski","https:\/\/www.youtube.com\/channel\/UCHYaeO_n0Db3tjNGudGpXyw"]},{"@type":"Person","@id":"https:\/\/radioljubuski.ba\/#\/schema\/person\/19fc700381a780f69665d7956c469e3b","name":"Radio Ljubu\u0161ki"}]}},"_links":{"self":[{"href":"https:\/\/radioljubuski.ba\/index.php\/wp-json\/wp\/v2\/posts\/85748","targetHints":{"allow":["GET"]}}],"collection":[{"href":"https:\/\/radioljubuski.ba\/index.php\/wp-json\/wp\/v2\/posts"}],"about":[{"href":"https:\/\/radioljubuski.ba\/index.php\/wp-json\/wp\/v2\/types\/post"}],"author":[{"embeddable":true,"href":"https:\/\/radioljubuski.ba\/index.php\/wp-json\/wp\/v2\/users\/2"}],"replies":[{"embeddable":true,"href":"https:\/\/radioljubuski.ba\/index.php\/wp-json\/wp\/v2\/comments?post=85748"}],"version-history":[{"count":1,"href":"https:\/\/radioljubuski.ba\/index.php\/wp-json\/wp\/v2\/posts\/85748\/revisions"}],"predecessor-version":[{"id":85750,"href":"https:\/\/radioljubuski.ba\/index.php\/wp-json\/wp\/v2\/posts\/85748\/revisions\/85750"}],"wp:featuredmedia":[{"embeddable":true,"href":"https:\/\/radioljubuski.ba\/index.php\/wp-json\/wp\/v2\/media\/85749"}],"wp:attachment":[{"href":"https:\/\/radioljubuski.ba\/index.php\/wp-json\/wp\/v2\/media?parent=85748"}],"wp:term":[{"taxonomy":"category","embeddable":true,"href":"https:\/\/radioljubuski.ba\/index.php\/wp-json\/wp\/v2\/categories?post=85748"},{"taxonomy":"post_tag","embeddable":true,"href":"https:\/\/radioljubuski.ba\/index.php\/wp-json\/wp\/v2\/tags?post=85748"}],"curies":[{"name":"wp","href":"https:\/\/api.w.org\/{rel}","templated":true}]}}