{"id":85771,"date":"2021-11-06T13:09:58","date_gmt":"2021-11-06T12:09:58","guid":{"rendered":"https:\/\/radioljubuski.ba\/?p=85771"},"modified":"2021-11-06T13:09:59","modified_gmt":"2021-11-06T12:09:59","slug":"hrvatski-rukometasi-u-jakom-prijateljskom-okrsaju-protiv-slovenije","status":"publish","type":"post","link":"https:\/\/radioljubuski.ba\/index.php\/2021\/11\/06\/hrvatski-rukometasi-u-jakom-prijateljskom-okrsaju-protiv-slovenije\/","title":{"rendered":"Hrvatski rukometa\u0161i u jakom prijateljskom okr\u0161aju protiv Slovenije"},"content":{"rendered":"\n<p>Hrvatska rukometna reprezentacija danas od 18 sati u Novigradu igra prijateljski susret protiv Slovenije. Prijenos dvoboja mo\u017eete pratiti na HTV-u 2.<\/p>\n\n\n\n<p>Nakon kratkih priprema u Pore\u010du pred izabranicima<strong> Hrvoja Horvata <\/strong>dvoboj je koji \u0107e poslu\u017eiti kao priprema za Europsko prvenstvo koje se odr\u017eava od 14. do 30. sije\u010dnja 2022. godine u Ma\u0111arskoj i Slova\u010dkoj.<br><br>Po\u0161tuju\u0107i preporuku Sto\u017eera civilne za\u0161tite, zbog sve te\u017ee epidemiolo\u0161ke situacije, broj gledatelja u dvorani je ograni\u010den.<br><br>&#8211; Jedna zahtjevna faza bli\u017ei se kraju i jako bitna faza za nas jer smo u\u0161li u odre\u0111ene promjene. Velika je odgovornost na novim igra\u010dima, ali vjerujem da \u0107emo odgovoriti svim tim izazovima. Marin \u0160ipi\u0107 je malo osjetio rame, nije ni\u0161ta ozbiljno, ali pozvali smo Grahovca da usko\u010di na njegovo mjesto, rekao je je izbornik Hrvoje Horvat u najavi susreta.<\/p>\n\n\n\n<iframe loading=\"lazy\" src=\"https:\/\/www.facebook.com\/plugins\/video.php?height=476&#038;href=https%3A%2F%2Fwww.facebook.com%2FHRTsport%2Fvideos%2F438355874523589%2F&#038;show_text=false&#038;width=476&#038;t=0\" width=\"476\" height=\"476\" style=\"border:none;overflow:hidden\" scrolling=\"no\" frameborder=\"0\" allowfullscreen=\"true\" allow=\"autoplay; clipboard-write; encrypted-media; picture-in-picture; web-share\" allowFullScreen=\"true\"><\/iframe>\n\n\n\n<p>Prema najavama Slovenija bi trebala sti\u0107i kompletna. Na posljednjem Europskom prvenstvu 2020. godine Slovenci su osvojili \u010detvrto mjesto, a u Egiptu na Svjetskom prvenstvu ove godine bili su deveti.<br><br>Hrvatskoj nedostaje <strong>Luka Cindri\u0107<\/strong>, a nedavno se te\u017ee ozlijedio i <strong>Fran Mileta<\/strong>. Manjih problema s petom ima i Luka \u0160ebeti\u0107, ali bi on trebao biti na raspolaganju izborniku, ba\u0161 kao i <strong>Ivan Pe\u0161i\u0107 <\/strong>kojeg mu\u010di vrat.&nbsp;<\/p>\n\n\n\n<p>Izvor:hrt.hr<\/p>\n","protected":false},"excerpt":{"rendered":"<p>Hrvatska rukometna reprezentacija danas od 18 sati u Novigradu igra prijateljski susret protiv Slovenije. Prijenos dvoboja mo\u017eete pratiti na HTV-u 2. Nakon kratkih priprema u Pore\u010du pred izabranicima Hrvoja Horvata dvoboj je koji \u0107e poslu\u017eiti kao priprema za Europsko prvenstvo koje se odr\u017eava od 14. do 30. sije\u010dnja 2022. godine u Ma\u0111arskoj i Slova\u010dkoj. Po\u0161tuju\u0107i [&hellip;]<\/p>\n","protected":false},"author":2,"featured_media":85772,"comment_status":"closed","ping_status":"closed","sticky":false,"template":"","format":"standard","meta":{"h5ap_radio_sources":[],"footnotes":""},"categories":[7],"tags":[],"class_list":["post-85771","post","type-post","status-publish","format-standard","has-post-thumbnail","hentry","category-sport"],"yoast_head":"<!-- This site is optimized with the Yoast SEO plugin v27.5 - https:\/\/yoast.com\/product\/yoast-seo-wordpress\/ -->\n<title>Hrvatski rukometa\u0161i u jakom prijateljskom okr\u0161aju protiv Slovenije - RADIO LJUBU\u0160KI<\/title>\n<meta name=\"robots\" content=\"index, follow, max-snippet:-1, max-image-preview:large, max-video-preview:-1\" \/>\n<link rel=\"canonical\" href=\"https:\/\/radioljubuski.ba\/index.php\/2021\/11\/06\/hrvatski-rukometasi-u-jakom-prijateljskom-okrsaju-protiv-slovenije\/\" \/>\n<meta property=\"og:locale\" content=\"hr_HR\" \/>\n<meta property=\"og:type\" content=\"article\" \/>\n<meta property=\"og:title\" content=\"Hrvatski rukometa\u0161i u jakom prijateljskom okr\u0161aju protiv Slovenije - RADIO LJUBU\u0160KI\" \/>\n<meta property=\"og:description\" content=\"Hrvatska rukometna reprezentacija danas od 18 sati u Novigradu igra prijateljski susret protiv Slovenije. Prijenos dvoboja mo\u017eete pratiti na HTV-u 2. Nakon kratkih priprema u Pore\u010du pred izabranicima Hrvoja Horvata dvoboj je koji \u0107e poslu\u017eiti kao priprema za Europsko prvenstvo koje se odr\u017eava od 14. do 30. sije\u010dnja 2022. godine u Ma\u0111arskoj i Slova\u010dkoj. Po\u0161tuju\u0107i [&hellip;]\" \/>\n<meta property=\"og:url\" content=\"https:\/\/radioljubuski.ba\/index.php\/2021\/11\/06\/hrvatski-rukometasi-u-jakom-prijateljskom-okrsaju-protiv-slovenije\/\" \/>\n<meta property=\"og:site_name\" content=\"RADIO LJUBU\u0160KI\" \/>\n<meta property=\"article:publisher\" content=\"https:\/\/www.facebook.com\/Radiio-Ljubuski-1490835324566332\" \/>\n<meta property=\"article:published_time\" content=\"2021-11-06T12:09:58+00:00\" \/>\n<meta property=\"article:modified_time\" content=\"2021-11-06T12:09:59+00:00\" \/>\n<meta property=\"og:image\" content=\"https:\/\/radioljubuski.ba\/wp-content\/uploads\/2021\/11\/e92e0bb53fc4bcbecc6e21dd7442b37c_L.jpg\" \/>\n\t<meta property=\"og:image:width\" content=\"1024\" \/>\n\t<meta property=\"og:image:height\" content=\"577\" \/>\n\t<meta property=\"og:image:type\" content=\"image\/jpeg\" \/>\n<meta name=\"author\" content=\"Radio Ljubu\u0161ki\" \/>\n<meta name=\"twitter:card\" content=\"summary_large_image\" \/>\n<meta name=\"twitter:creator\" content=\"@radioljubuski\" \/>\n<meta name=\"twitter:site\" content=\"@radioljubuski\" \/>\n<meta name=\"twitter:label1\" content=\"Napisao\/la\" \/>\n\t<meta name=\"twitter:data1\" content=\"Radio Ljubu\u0161ki\" \/>\n\t<meta name=\"twitter:label2\" content=\"Procijenjeno vrijeme \u010ditanja\" \/>\n\t<meta name=\"twitter:data2\" content=\"1 minuta\" \/>\n<script type=\"application\/ld+json\" class=\"yoast-schema-graph\">{\"@context\":\"https:\\\/\\\/schema.org\",\"@graph\":[{\"@type\":\"Article\",\"@id\":\"https:\\\/\\\/radioljubuski.ba\\\/index.php\\\/2021\\\/11\\\/06\\\/hrvatski-rukometasi-u-jakom-prijateljskom-okrsaju-protiv-slovenije\\\/#article\",\"isPartOf\":{\"@id\":\"https:\\\/\\\/radioljubuski.ba\\\/index.php\\\/2021\\\/11\\\/06\\\/hrvatski-rukometasi-u-jakom-prijateljskom-okrsaju-protiv-slovenije\\\/\"},\"author\":{\"name\":\"Radio Ljubu\u0161ki\",\"@id\":\"https:\\\/\\\/radioljubuski.ba\\\/#\\\/schema\\\/person\\\/19fc700381a780f69665d7956c469e3b\"},\"headline\":\"Hrvatski rukometa\u0161i u jakom prijateljskom okr\u0161aju protiv Slovenije\",\"datePublished\":\"2021-11-06T12:09:58+00:00\",\"dateModified\":\"2021-11-06T12:09:59+00:00\",\"mainEntityOfPage\":{\"@id\":\"https:\\\/\\\/radioljubuski.ba\\\/index.php\\\/2021\\\/11\\\/06\\\/hrvatski-rukometasi-u-jakom-prijateljskom-okrsaju-protiv-slovenije\\\/\"},\"wordCount\":227,\"publisher\":{\"@id\":\"https:\\\/\\\/radioljubuski.ba\\\/#organization\"},\"image\":{\"@id\":\"https:\\\/\\\/radioljubuski.ba\\\/index.php\\\/2021\\\/11\\\/06\\\/hrvatski-rukometasi-u-jakom-prijateljskom-okrsaju-protiv-slovenije\\\/#primaryimage\"},\"thumbnailUrl\":\"https:\\\/\\\/radioljubuski.ba\\\/wp-content\\\/uploads\\\/2021\\\/11\\\/e92e0bb53fc4bcbecc6e21dd7442b37c_L.jpg\",\"articleSection\":[\"\u0160port\"],\"inLanguage\":\"hr\"},{\"@type\":\"WebPage\",\"@id\":\"https:\\\/\\\/radioljubuski.ba\\\/index.php\\\/2021\\\/11\\\/06\\\/hrvatski-rukometasi-u-jakom-prijateljskom-okrsaju-protiv-slovenije\\\/\",\"url\":\"https:\\\/\\\/radioljubuski.ba\\\/index.php\\\/2021\\\/11\\\/06\\\/hrvatski-rukometasi-u-jakom-prijateljskom-okrsaju-protiv-slovenije\\\/\",\"name\":\"Hrvatski rukometa\u0161i u jakom prijateljskom okr\u0161aju protiv Slovenije - RADIO LJUBU\u0160KI\",\"isPartOf\":{\"@id\":\"https:\\\/\\\/radioljubuski.ba\\\/#website\"},\"primaryImageOfPage\":{\"@id\":\"https:\\\/\\\/radioljubuski.ba\\\/index.php\\\/2021\\\/11\\\/06\\\/hrvatski-rukometasi-u-jakom-prijateljskom-okrsaju-protiv-slovenije\\\/#primaryimage\"},\"image\":{\"@id\":\"https:\\\/\\\/radioljubuski.ba\\\/index.php\\\/2021\\\/11\\\/06\\\/hrvatski-rukometasi-u-jakom-prijateljskom-okrsaju-protiv-slovenije\\\/#primaryimage\"},\"thumbnailUrl\":\"https:\\\/\\\/radioljubuski.ba\\\/wp-content\\\/uploads\\\/2021\\\/11\\\/e92e0bb53fc4bcbecc6e21dd7442b37c_L.jpg\",\"datePublished\":\"2021-11-06T12:09:58+00:00\",\"dateModified\":\"2021-11-06T12:09:59+00:00\",\"breadcrumb\":{\"@id\":\"https:\\\/\\\/radioljubuski.ba\\\/index.php\\\/2021\\\/11\\\/06\\\/hrvatski-rukometasi-u-jakom-prijateljskom-okrsaju-protiv-slovenije\\\/#breadcrumb\"},\"inLanguage\":\"hr\",\"potentialAction\":[{\"@type\":\"ReadAction\",\"target\":[\"https:\\\/\\\/radioljubuski.ba\\\/index.php\\\/2021\\\/11\\\/06\\\/hrvatski-rukometasi-u-jakom-prijateljskom-okrsaju-protiv-slovenije\\\/\"]}]},{\"@type\":\"ImageObject\",\"inLanguage\":\"hr\",\"@id\":\"https:\\\/\\\/radioljubuski.ba\\\/index.php\\\/2021\\\/11\\\/06\\\/hrvatski-rukometasi-u-jakom-prijateljskom-okrsaju-protiv-slovenije\\\/#primaryimage\",\"url\":\"https:\\\/\\\/radioljubuski.ba\\\/wp-content\\\/uploads\\\/2021\\\/11\\\/e92e0bb53fc4bcbecc6e21dd7442b37c_L.jpg\",\"contentUrl\":\"https:\\\/\\\/radioljubuski.ba\\\/wp-content\\\/uploads\\\/2021\\\/11\\\/e92e0bb53fc4bcbecc6e21dd7442b37c_L.jpg\",\"width\":1024,\"height\":577},{\"@type\":\"BreadcrumbList\",\"@id\":\"https:\\\/\\\/radioljubuski.ba\\\/index.php\\\/2021\\\/11\\\/06\\\/hrvatski-rukometasi-u-jakom-prijateljskom-okrsaju-protiv-slovenije\\\/#breadcrumb\",\"itemListElement\":[{\"@type\":\"ListItem\",\"position\":1,\"name\":\"Po\u010detna stranica\",\"item\":\"https:\\\/\\\/radioljubuski.ba\\\/\"},{\"@type\":\"ListItem\",\"position\":2,\"name\":\"Hrvatski rukometa\u0161i u jakom prijateljskom okr\u0161aju protiv Slovenije\"}]},{\"@type\":\"WebSite\",\"@id\":\"https:\\\/\\\/radioljubuski.ba\\\/#website\",\"url\":\"https:\\\/\\\/radioljubuski.ba\\\/\",\"name\":\"Radio Ljubu\u0161ki\",\"description\":\"Sun\u010dana frekvencija Hercegovine\",\"publisher\":{\"@id\":\"https:\\\/\\\/radioljubuski.ba\\\/#organization\"},\"potentialAction\":[{\"@type\":\"SearchAction\",\"target\":{\"@type\":\"EntryPoint\",\"urlTemplate\":\"https:\\\/\\\/radioljubuski.ba\\\/?s={search_term_string}\"},\"query-input\":{\"@type\":\"PropertyValueSpecification\",\"valueRequired\":true,\"valueName\":\"search_term_string\"}}],\"inLanguage\":\"hr\"},{\"@type\":\"Organization\",\"@id\":\"https:\\\/\\\/radioljubuski.ba\\\/#organization\",\"name\":\"Radio Ljubu\u0161ki\",\"url\":\"https:\\\/\\\/radioljubuski.ba\\\/\",\"logo\":{\"@type\":\"ImageObject\",\"inLanguage\":\"hr\",\"@id\":\"https:\\\/\\\/radioljubuski.ba\\\/#\\\/schema\\\/logo\\\/image\\\/\",\"url\":\"https:\\\/\\\/radioljubuski.ba\\\/wp-content\\\/uploads\\\/2021\\\/02\\\/cropped-Radio_Ljubuski_logo1.jpg\",\"contentUrl\":\"https:\\\/\\\/radioljubuski.ba\\\/wp-content\\\/uploads\\\/2021\\\/02\\\/cropped-Radio_Ljubuski_logo1.jpg\",\"width\":512,\"height\":512,\"caption\":\"Radio Ljubu\u0161ki\"},\"image\":{\"@id\":\"https:\\\/\\\/radioljubuski.ba\\\/#\\\/schema\\\/logo\\\/image\\\/\"},\"sameAs\":[\"https:\\\/\\\/www.facebook.com\\\/Radiio-Ljubuski-1490835324566332\",\"https:\\\/\\\/x.com\\\/radioljubuski\",\"https:\\\/\\\/hr.linkedin.com\\\/company\\\/radio-ljubuski\",\"https:\\\/\\\/www.youtube.com\\\/channel\\\/UCHYaeO_n0Db3tjNGudGpXyw\"]},{\"@type\":\"Person\",\"@id\":\"https:\\\/\\\/radioljubuski.ba\\\/#\\\/schema\\\/person\\\/19fc700381a780f69665d7956c469e3b\",\"name\":\"Radio Ljubu\u0161ki\"}]}<\/script>\n<!-- \/ Yoast SEO plugin. -->","yoast_head_json":{"title":"Hrvatski rukometa\u0161i u jakom prijateljskom okr\u0161aju protiv Slovenije - RADIO LJUBU\u0160KI","robots":{"index":"index","follow":"follow","max-snippet":"max-snippet:-1","max-image-preview":"max-image-preview:large","max-video-preview":"max-video-preview:-1"},"canonical":"https:\/\/radioljubuski.ba\/index.php\/2021\/11\/06\/hrvatski-rukometasi-u-jakom-prijateljskom-okrsaju-protiv-slovenije\/","og_locale":"hr_HR","og_type":"article","og_title":"Hrvatski rukometa\u0161i u jakom prijateljskom okr\u0161aju protiv Slovenije - RADIO LJUBU\u0160KI","og_description":"Hrvatska rukometna reprezentacija danas od 18 sati u Novigradu igra prijateljski susret protiv Slovenije. Prijenos dvoboja mo\u017eete pratiti na HTV-u 2. Nakon kratkih priprema u Pore\u010du pred izabranicima Hrvoja Horvata dvoboj je koji \u0107e poslu\u017eiti kao priprema za Europsko prvenstvo koje se odr\u017eava od 14. do 30. sije\u010dnja 2022. godine u Ma\u0111arskoj i Slova\u010dkoj. Po\u0161tuju\u0107i [&hellip;]","og_url":"https:\/\/radioljubuski.ba\/index.php\/2021\/11\/06\/hrvatski-rukometasi-u-jakom-prijateljskom-okrsaju-protiv-slovenije\/","og_site_name":"RADIO LJUBU\u0160KI","article_publisher":"https:\/\/www.facebook.com\/Radiio-Ljubuski-1490835324566332","article_published_time":"2021-11-06T12:09:58+00:00","article_modified_time":"2021-11-06T12:09:59+00:00","og_image":[{"width":1024,"height":577,"url":"https:\/\/radioljubuski.ba\/wp-content\/uploads\/2021\/11\/e92e0bb53fc4bcbecc6e21dd7442b37c_L.jpg","type":"image\/jpeg"}],"author":"Radio Ljubu\u0161ki","twitter_card":"summary_large_image","twitter_creator":"@radioljubuski","twitter_site":"@radioljubuski","twitter_misc":{"Napisao\/la":"Radio Ljubu\u0161ki","Procijenjeno vrijeme \u010ditanja":"1 minuta"},"schema":{"@context":"https:\/\/schema.org","@graph":[{"@type":"Article","@id":"https:\/\/radioljubuski.ba\/index.php\/2021\/11\/06\/hrvatski-rukometasi-u-jakom-prijateljskom-okrsaju-protiv-slovenije\/#article","isPartOf":{"@id":"https:\/\/radioljubuski.ba\/index.php\/2021\/11\/06\/hrvatski-rukometasi-u-jakom-prijateljskom-okrsaju-protiv-slovenije\/"},"author":{"name":"Radio Ljubu\u0161ki","@id":"https:\/\/radioljubuski.ba\/#\/schema\/person\/19fc700381a780f69665d7956c469e3b"},"headline":"Hrvatski rukometa\u0161i u jakom prijateljskom okr\u0161aju protiv Slovenije","datePublished":"2021-11-06T12:09:58+00:00","dateModified":"2021-11-06T12:09:59+00:00","mainEntityOfPage":{"@id":"https:\/\/radioljubuski.ba\/index.php\/2021\/11\/06\/hrvatski-rukometasi-u-jakom-prijateljskom-okrsaju-protiv-slovenije\/"},"wordCount":227,"publisher":{"@id":"https:\/\/radioljubuski.ba\/#organization"},"image":{"@id":"https:\/\/radioljubuski.ba\/index.php\/2021\/11\/06\/hrvatski-rukometasi-u-jakom-prijateljskom-okrsaju-protiv-slovenije\/#primaryimage"},"thumbnailUrl":"https:\/\/radioljubuski.ba\/wp-content\/uploads\/2021\/11\/e92e0bb53fc4bcbecc6e21dd7442b37c_L.jpg","articleSection":["\u0160port"],"inLanguage":"hr"},{"@type":"WebPage","@id":"https:\/\/radioljubuski.ba\/index.php\/2021\/11\/06\/hrvatski-rukometasi-u-jakom-prijateljskom-okrsaju-protiv-slovenije\/","url":"https:\/\/radioljubuski.ba\/index.php\/2021\/11\/06\/hrvatski-rukometasi-u-jakom-prijateljskom-okrsaju-protiv-slovenije\/","name":"Hrvatski rukometa\u0161i u jakom prijateljskom okr\u0161aju protiv Slovenije - RADIO LJUBU\u0160KI","isPartOf":{"@id":"https:\/\/radioljubuski.ba\/#website"},"primaryImageOfPage":{"@id":"https:\/\/radioljubuski.ba\/index.php\/2021\/11\/06\/hrvatski-rukometasi-u-jakom-prijateljskom-okrsaju-protiv-slovenije\/#primaryimage"},"image":{"@id":"https:\/\/radioljubuski.ba\/index.php\/2021\/11\/06\/hrvatski-rukometasi-u-jakom-prijateljskom-okrsaju-protiv-slovenije\/#primaryimage"},"thumbnailUrl":"https:\/\/radioljubuski.ba\/wp-content\/uploads\/2021\/11\/e92e0bb53fc4bcbecc6e21dd7442b37c_L.jpg","datePublished":"2021-11-06T12:09:58+00:00","dateModified":"2021-11-06T12:09:59+00:00","breadcrumb":{"@id":"https:\/\/radioljubuski.ba\/index.php\/2021\/11\/06\/hrvatski-rukometasi-u-jakom-prijateljskom-okrsaju-protiv-slovenije\/#breadcrumb"},"inLanguage":"hr","potentialAction":[{"@type":"ReadAction","target":["https:\/\/radioljubuski.ba\/index.php\/2021\/11\/06\/hrvatski-rukometasi-u-jakom-prijateljskom-okrsaju-protiv-slovenije\/"]}]},{"@type":"ImageObject","inLanguage":"hr","@id":"https:\/\/radioljubuski.ba\/index.php\/2021\/11\/06\/hrvatski-rukometasi-u-jakom-prijateljskom-okrsaju-protiv-slovenije\/#primaryimage","url":"https:\/\/radioljubuski.ba\/wp-content\/uploads\/2021\/11\/e92e0bb53fc4bcbecc6e21dd7442b37c_L.jpg","contentUrl":"https:\/\/radioljubuski.ba\/wp-content\/uploads\/2021\/11\/e92e0bb53fc4bcbecc6e21dd7442b37c_L.jpg","width":1024,"height":577},{"@type":"BreadcrumbList","@id":"https:\/\/radioljubuski.ba\/index.php\/2021\/11\/06\/hrvatski-rukometasi-u-jakom-prijateljskom-okrsaju-protiv-slovenije\/#breadcrumb","itemListElement":[{"@type":"ListItem","position":1,"name":"Po\u010detna stranica","item":"https:\/\/radioljubuski.ba\/"},{"@type":"ListItem","position":2,"name":"Hrvatski rukometa\u0161i u jakom prijateljskom okr\u0161aju protiv Slovenije"}]},{"@type":"WebSite","@id":"https:\/\/radioljubuski.ba\/#website","url":"https:\/\/radioljubuski.ba\/","name":"Radio Ljubu\u0161ki","description":"Sun\u010dana frekvencija Hercegovine","publisher":{"@id":"https:\/\/radioljubuski.ba\/#organization"},"potentialAction":[{"@type":"SearchAction","target":{"@type":"EntryPoint","urlTemplate":"https:\/\/radioljubuski.ba\/?s={search_term_string}"},"query-input":{"@type":"PropertyValueSpecification","valueRequired":true,"valueName":"search_term_string"}}],"inLanguage":"hr"},{"@type":"Organization","@id":"https:\/\/radioljubuski.ba\/#organization","name":"Radio Ljubu\u0161ki","url":"https:\/\/radioljubuski.ba\/","logo":{"@type":"ImageObject","inLanguage":"hr","@id":"https:\/\/radioljubuski.ba\/#\/schema\/logo\/image\/","url":"https:\/\/radioljubuski.ba\/wp-content\/uploads\/2021\/02\/cropped-Radio_Ljubuski_logo1.jpg","contentUrl":"https:\/\/radioljubuski.ba\/wp-content\/uploads\/2021\/02\/cropped-Radio_Ljubuski_logo1.jpg","width":512,"height":512,"caption":"Radio Ljubu\u0161ki"},"image":{"@id":"https:\/\/radioljubuski.ba\/#\/schema\/logo\/image\/"},"sameAs":["https:\/\/www.facebook.com\/Radiio-Ljubuski-1490835324566332","https:\/\/x.com\/radioljubuski","https:\/\/hr.linkedin.com\/company\/radio-ljubuski","https:\/\/www.youtube.com\/channel\/UCHYaeO_n0Db3tjNGudGpXyw"]},{"@type":"Person","@id":"https:\/\/radioljubuski.ba\/#\/schema\/person\/19fc700381a780f69665d7956c469e3b","name":"Radio Ljubu\u0161ki"}]}},"_links":{"self":[{"href":"https:\/\/radioljubuski.ba\/index.php\/wp-json\/wp\/v2\/posts\/85771","targetHints":{"allow":["GET"]}}],"collection":[{"href":"https:\/\/radioljubuski.ba\/index.php\/wp-json\/wp\/v2\/posts"}],"about":[{"href":"https:\/\/radioljubuski.ba\/index.php\/wp-json\/wp\/v2\/types\/post"}],"author":[{"embeddable":true,"href":"https:\/\/radioljubuski.ba\/index.php\/wp-json\/wp\/v2\/users\/2"}],"replies":[{"embeddable":true,"href":"https:\/\/radioljubuski.ba\/index.php\/wp-json\/wp\/v2\/comments?post=85771"}],"version-history":[{"count":1,"href":"https:\/\/radioljubuski.ba\/index.php\/wp-json\/wp\/v2\/posts\/85771\/revisions"}],"predecessor-version":[{"id":85773,"href":"https:\/\/radioljubuski.ba\/index.php\/wp-json\/wp\/v2\/posts\/85771\/revisions\/85773"}],"wp:featuredmedia":[{"embeddable":true,"href":"https:\/\/radioljubuski.ba\/index.php\/wp-json\/wp\/v2\/media\/85772"}],"wp:attachment":[{"href":"https:\/\/radioljubuski.ba\/index.php\/wp-json\/wp\/v2\/media?parent=85771"}],"wp:term":[{"taxonomy":"category","embeddable":true,"href":"https:\/\/radioljubuski.ba\/index.php\/wp-json\/wp\/v2\/categories?post=85771"},{"taxonomy":"post_tag","embeddable":true,"href":"https:\/\/radioljubuski.ba\/index.php\/wp-json\/wp\/v2\/tags?post=85771"}],"curies":[{"name":"wp","href":"https:\/\/api.w.org\/{rel}","templated":true}]}}