{"id":85781,"date":"2021-11-06T13:17:43","date_gmt":"2021-11-06T12:17:43","guid":{"rendered":"https:\/\/radioljubuski.ba\/?p=85781"},"modified":"2021-11-06T13:17:44","modified_gmt":"2021-11-06T12:17:44","slug":"koronavirusom-zarazeni-igraci-druge-momcadi-dinama","status":"publish","type":"post","link":"https:\/\/radioljubuski.ba\/index.php\/2021\/11\/06\/koronavirusom-zarazeni-igraci-druge-momcadi-dinama\/","title":{"rendered":"Koronavirusom zara\u017eeni igra\u010di druge mom\u010dadi Dinama"},"content":{"rendered":"\n<p>U mom\u010dadi Dinama II zara\u017eeno je \u0161est igra\u010da te tri \u010dlana stru\u010dnog sto\u017eera, objavio je zagreba\u010dki klub na slu\u017ebenim stranicama.<\/p>\n\n\n\n<p>Sukladno propozicijama natjecanja Druge HNL utakmica 12. kola HNK Orijent 1919 &#8211; Dinamo II koja je trebala biti odigrana u nedjelju, 7. studenoga s po\u010detkom u 14 sati na stadionu Krimeja je odgo\u0111ena.<br><br>&#8211; S ciljem prevencije daljnjeg \u0161irenja zaraze, klub je poduzeo sve potrebne zdravstvene i epidemiolo\u0161ke mjere unutar B mom\u010dadi. Igra\u010di ve\u0107 od ranije preventivno ne koriste svla\u010dionice na stadionu Maksimir, ve\u0107 na treninge dolaze od ku\u0107e bez zadr\u017eavanja po zavr\u0161etku treninga, stoji u prio\u0107enju kluba.<br>&nbsp;<br>Prema odluci povjerenika za natjecanje, utakmica \u0107e biti odigrana u prvom mogu\u0107em slobodnom terminu.<\/p>\n\n\n\n<p>Izvor:hrt.hr<\/p>\n","protected":false},"excerpt":{"rendered":"<p>U mom\u010dadi Dinama II zara\u017eeno je \u0161est igra\u010da te tri \u010dlana stru\u010dnog sto\u017eera, objavio je zagreba\u010dki klub na slu\u017ebenim stranicama. Sukladno propozicijama natjecanja Druge HNL utakmica 12. kola HNK Orijent 1919 &#8211; Dinamo II koja je trebala biti odigrana u nedjelju, 7. studenoga s po\u010detkom u 14 sati na stadionu Krimeja je odgo\u0111ena. &#8211; S [&hellip;]<\/p>\n","protected":false},"author":2,"featured_media":85782,"comment_status":"closed","ping_status":"closed","sticky":false,"template":"","format":"standard","meta":{"h5ap_radio_sources":[],"footnotes":""},"categories":[7],"tags":[],"class_list":["post-85781","post","type-post","status-publish","format-standard","has-post-thumbnail","hentry","category-sport"],"yoast_head":"<!-- This site is optimized with the Yoast SEO plugin v27.5 - https:\/\/yoast.com\/product\/yoast-seo-wordpress\/ -->\n<title>Koronavirusom zara\u017eeni igra\u010di druge mom\u010dadi Dinama - RADIO LJUBU\u0160KI<\/title>\n<meta name=\"robots\" content=\"index, follow, max-snippet:-1, max-image-preview:large, max-video-preview:-1\" \/>\n<link rel=\"canonical\" href=\"https:\/\/radioljubuski.ba\/index.php\/2021\/11\/06\/koronavirusom-zarazeni-igraci-druge-momcadi-dinama\/\" \/>\n<meta property=\"og:locale\" content=\"hr_HR\" \/>\n<meta property=\"og:type\" content=\"article\" \/>\n<meta property=\"og:title\" content=\"Koronavirusom zara\u017eeni igra\u010di druge mom\u010dadi Dinama - RADIO LJUBU\u0160KI\" \/>\n<meta property=\"og:description\" content=\"U mom\u010dadi Dinama II zara\u017eeno je \u0161est igra\u010da te tri \u010dlana stru\u010dnog sto\u017eera, objavio je zagreba\u010dki klub na slu\u017ebenim stranicama. Sukladno propozicijama natjecanja Druge HNL utakmica 12. kola HNK Orijent 1919 &#8211; Dinamo II koja je trebala biti odigrana u nedjelju, 7. studenoga s po\u010detkom u 14 sati na stadionu Krimeja je odgo\u0111ena. &#8211; S [&hellip;]\" \/>\n<meta property=\"og:url\" content=\"https:\/\/radioljubuski.ba\/index.php\/2021\/11\/06\/koronavirusom-zarazeni-igraci-druge-momcadi-dinama\/\" \/>\n<meta property=\"og:site_name\" content=\"RADIO LJUBU\u0160KI\" \/>\n<meta property=\"article:publisher\" content=\"https:\/\/www.facebook.com\/Radiio-Ljubuski-1490835324566332\" \/>\n<meta property=\"article:published_time\" content=\"2021-11-06T12:17:43+00:00\" \/>\n<meta property=\"article:modified_time\" content=\"2021-11-06T12:17:44+00:00\" \/>\n<meta property=\"og:image\" content=\"https:\/\/radioljubuski.ba\/wp-content\/uploads\/2021\/11\/pxl-231021-90304963-20211106114753.jpg\" \/>\n\t<meta property=\"og:image:width\" content=\"1600\" \/>\n\t<meta property=\"og:image:height\" content=\"1000\" \/>\n\t<meta property=\"og:image:type\" content=\"image\/jpeg\" \/>\n<meta name=\"author\" content=\"Radio Ljubu\u0161ki\" \/>\n<meta name=\"twitter:card\" content=\"summary_large_image\" \/>\n<meta name=\"twitter:creator\" content=\"@radioljubuski\" \/>\n<meta name=\"twitter:site\" content=\"@radioljubuski\" \/>\n<meta name=\"twitter:label1\" content=\"Napisao\/la\" \/>\n\t<meta name=\"twitter:data1\" content=\"Radio Ljubu\u0161ki\" \/>\n\t<meta name=\"twitter:label2\" content=\"Procijenjeno vrijeme \u010ditanja\" \/>\n\t<meta name=\"twitter:data2\" content=\"1 minuta\" \/>\n<script type=\"application\/ld+json\" class=\"yoast-schema-graph\">{\"@context\":\"https:\\\/\\\/schema.org\",\"@graph\":[{\"@type\":\"Article\",\"@id\":\"https:\\\/\\\/radioljubuski.ba\\\/index.php\\\/2021\\\/11\\\/06\\\/koronavirusom-zarazeni-igraci-druge-momcadi-dinama\\\/#article\",\"isPartOf\":{\"@id\":\"https:\\\/\\\/radioljubuski.ba\\\/index.php\\\/2021\\\/11\\\/06\\\/koronavirusom-zarazeni-igraci-druge-momcadi-dinama\\\/\"},\"author\":{\"name\":\"Radio Ljubu\u0161ki\",\"@id\":\"https:\\\/\\\/radioljubuski.ba\\\/#\\\/schema\\\/person\\\/19fc700381a780f69665d7956c469e3b\"},\"headline\":\"Koronavirusom zara\u017eeni igra\u010di druge mom\u010dadi Dinama\",\"datePublished\":\"2021-11-06T12:17:43+00:00\",\"dateModified\":\"2021-11-06T12:17:44+00:00\",\"mainEntityOfPage\":{\"@id\":\"https:\\\/\\\/radioljubuski.ba\\\/index.php\\\/2021\\\/11\\\/06\\\/koronavirusom-zarazeni-igraci-druge-momcadi-dinama\\\/\"},\"wordCount\":139,\"publisher\":{\"@id\":\"https:\\\/\\\/radioljubuski.ba\\\/#organization\"},\"image\":{\"@id\":\"https:\\\/\\\/radioljubuski.ba\\\/index.php\\\/2021\\\/11\\\/06\\\/koronavirusom-zarazeni-igraci-druge-momcadi-dinama\\\/#primaryimage\"},\"thumbnailUrl\":\"https:\\\/\\\/radioljubuski.ba\\\/wp-content\\\/uploads\\\/2021\\\/11\\\/pxl-231021-90304963-20211106114753.jpg\",\"articleSection\":[\"\u0160port\"],\"inLanguage\":\"hr\"},{\"@type\":\"WebPage\",\"@id\":\"https:\\\/\\\/radioljubuski.ba\\\/index.php\\\/2021\\\/11\\\/06\\\/koronavirusom-zarazeni-igraci-druge-momcadi-dinama\\\/\",\"url\":\"https:\\\/\\\/radioljubuski.ba\\\/index.php\\\/2021\\\/11\\\/06\\\/koronavirusom-zarazeni-igraci-druge-momcadi-dinama\\\/\",\"name\":\"Koronavirusom zara\u017eeni igra\u010di druge mom\u010dadi Dinama - RADIO LJUBU\u0160KI\",\"isPartOf\":{\"@id\":\"https:\\\/\\\/radioljubuski.ba\\\/#website\"},\"primaryImageOfPage\":{\"@id\":\"https:\\\/\\\/radioljubuski.ba\\\/index.php\\\/2021\\\/11\\\/06\\\/koronavirusom-zarazeni-igraci-druge-momcadi-dinama\\\/#primaryimage\"},\"image\":{\"@id\":\"https:\\\/\\\/radioljubuski.ba\\\/index.php\\\/2021\\\/11\\\/06\\\/koronavirusom-zarazeni-igraci-druge-momcadi-dinama\\\/#primaryimage\"},\"thumbnailUrl\":\"https:\\\/\\\/radioljubuski.ba\\\/wp-content\\\/uploads\\\/2021\\\/11\\\/pxl-231021-90304963-20211106114753.jpg\",\"datePublished\":\"2021-11-06T12:17:43+00:00\",\"dateModified\":\"2021-11-06T12:17:44+00:00\",\"breadcrumb\":{\"@id\":\"https:\\\/\\\/radioljubuski.ba\\\/index.php\\\/2021\\\/11\\\/06\\\/koronavirusom-zarazeni-igraci-druge-momcadi-dinama\\\/#breadcrumb\"},\"inLanguage\":\"hr\",\"potentialAction\":[{\"@type\":\"ReadAction\",\"target\":[\"https:\\\/\\\/radioljubuski.ba\\\/index.php\\\/2021\\\/11\\\/06\\\/koronavirusom-zarazeni-igraci-druge-momcadi-dinama\\\/\"]}]},{\"@type\":\"ImageObject\",\"inLanguage\":\"hr\",\"@id\":\"https:\\\/\\\/radioljubuski.ba\\\/index.php\\\/2021\\\/11\\\/06\\\/koronavirusom-zarazeni-igraci-druge-momcadi-dinama\\\/#primaryimage\",\"url\":\"https:\\\/\\\/radioljubuski.ba\\\/wp-content\\\/uploads\\\/2021\\\/11\\\/pxl-231021-90304963-20211106114753.jpg\",\"contentUrl\":\"https:\\\/\\\/radioljubuski.ba\\\/wp-content\\\/uploads\\\/2021\\\/11\\\/pxl-231021-90304963-20211106114753.jpg\",\"width\":1600,\"height\":1000,\"caption\":\"23.10.2021., Dugopolje - Odigrana je utakmica 2. HNL, Dugopolje-Dinamo II.\"},{\"@type\":\"BreadcrumbList\",\"@id\":\"https:\\\/\\\/radioljubuski.ba\\\/index.php\\\/2021\\\/11\\\/06\\\/koronavirusom-zarazeni-igraci-druge-momcadi-dinama\\\/#breadcrumb\",\"itemListElement\":[{\"@type\":\"ListItem\",\"position\":1,\"name\":\"Po\u010detna stranica\",\"item\":\"https:\\\/\\\/radioljubuski.ba\\\/\"},{\"@type\":\"ListItem\",\"position\":2,\"name\":\"Koronavirusom zara\u017eeni igra\u010di druge mom\u010dadi Dinama\"}]},{\"@type\":\"WebSite\",\"@id\":\"https:\\\/\\\/radioljubuski.ba\\\/#website\",\"url\":\"https:\\\/\\\/radioljubuski.ba\\\/\",\"name\":\"Radio Ljubu\u0161ki\",\"description\":\"Sun\u010dana frekvencija Hercegovine\",\"publisher\":{\"@id\":\"https:\\\/\\\/radioljubuski.ba\\\/#organization\"},\"potentialAction\":[{\"@type\":\"SearchAction\",\"target\":{\"@type\":\"EntryPoint\",\"urlTemplate\":\"https:\\\/\\\/radioljubuski.ba\\\/?s={search_term_string}\"},\"query-input\":{\"@type\":\"PropertyValueSpecification\",\"valueRequired\":true,\"valueName\":\"search_term_string\"}}],\"inLanguage\":\"hr\"},{\"@type\":\"Organization\",\"@id\":\"https:\\\/\\\/radioljubuski.ba\\\/#organization\",\"name\":\"Radio Ljubu\u0161ki\",\"url\":\"https:\\\/\\\/radioljubuski.ba\\\/\",\"logo\":{\"@type\":\"ImageObject\",\"inLanguage\":\"hr\",\"@id\":\"https:\\\/\\\/radioljubuski.ba\\\/#\\\/schema\\\/logo\\\/image\\\/\",\"url\":\"https:\\\/\\\/radioljubuski.ba\\\/wp-content\\\/uploads\\\/2021\\\/02\\\/cropped-Radio_Ljubuski_logo1.jpg\",\"contentUrl\":\"https:\\\/\\\/radioljubuski.ba\\\/wp-content\\\/uploads\\\/2021\\\/02\\\/cropped-Radio_Ljubuski_logo1.jpg\",\"width\":512,\"height\":512,\"caption\":\"Radio Ljubu\u0161ki\"},\"image\":{\"@id\":\"https:\\\/\\\/radioljubuski.ba\\\/#\\\/schema\\\/logo\\\/image\\\/\"},\"sameAs\":[\"https:\\\/\\\/www.facebook.com\\\/Radiio-Ljubuski-1490835324566332\",\"https:\\\/\\\/x.com\\\/radioljubuski\",\"https:\\\/\\\/hr.linkedin.com\\\/company\\\/radio-ljubuski\",\"https:\\\/\\\/www.youtube.com\\\/channel\\\/UCHYaeO_n0Db3tjNGudGpXyw\"]},{\"@type\":\"Person\",\"@id\":\"https:\\\/\\\/radioljubuski.ba\\\/#\\\/schema\\\/person\\\/19fc700381a780f69665d7956c469e3b\",\"name\":\"Radio Ljubu\u0161ki\"}]}<\/script>\n<!-- \/ Yoast SEO plugin. -->","yoast_head_json":{"title":"Koronavirusom zara\u017eeni igra\u010di druge mom\u010dadi Dinama - RADIO LJUBU\u0160KI","robots":{"index":"index","follow":"follow","max-snippet":"max-snippet:-1","max-image-preview":"max-image-preview:large","max-video-preview":"max-video-preview:-1"},"canonical":"https:\/\/radioljubuski.ba\/index.php\/2021\/11\/06\/koronavirusom-zarazeni-igraci-druge-momcadi-dinama\/","og_locale":"hr_HR","og_type":"article","og_title":"Koronavirusom zara\u017eeni igra\u010di druge mom\u010dadi Dinama - RADIO LJUBU\u0160KI","og_description":"U mom\u010dadi Dinama II zara\u017eeno je \u0161est igra\u010da te tri \u010dlana stru\u010dnog sto\u017eera, objavio je zagreba\u010dki klub na slu\u017ebenim stranicama. Sukladno propozicijama natjecanja Druge HNL utakmica 12. kola HNK Orijent 1919 &#8211; Dinamo II koja je trebala biti odigrana u nedjelju, 7. studenoga s po\u010detkom u 14 sati na stadionu Krimeja je odgo\u0111ena. &#8211; S [&hellip;]","og_url":"https:\/\/radioljubuski.ba\/index.php\/2021\/11\/06\/koronavirusom-zarazeni-igraci-druge-momcadi-dinama\/","og_site_name":"RADIO LJUBU\u0160KI","article_publisher":"https:\/\/www.facebook.com\/Radiio-Ljubuski-1490835324566332","article_published_time":"2021-11-06T12:17:43+00:00","article_modified_time":"2021-11-06T12:17:44+00:00","og_image":[{"width":1600,"height":1000,"url":"https:\/\/radioljubuski.ba\/wp-content\/uploads\/2021\/11\/pxl-231021-90304963-20211106114753.jpg","type":"image\/jpeg"}],"author":"Radio Ljubu\u0161ki","twitter_card":"summary_large_image","twitter_creator":"@radioljubuski","twitter_site":"@radioljubuski","twitter_misc":{"Napisao\/la":"Radio Ljubu\u0161ki","Procijenjeno vrijeme \u010ditanja":"1 minuta"},"schema":{"@context":"https:\/\/schema.org","@graph":[{"@type":"Article","@id":"https:\/\/radioljubuski.ba\/index.php\/2021\/11\/06\/koronavirusom-zarazeni-igraci-druge-momcadi-dinama\/#article","isPartOf":{"@id":"https:\/\/radioljubuski.ba\/index.php\/2021\/11\/06\/koronavirusom-zarazeni-igraci-druge-momcadi-dinama\/"},"author":{"name":"Radio Ljubu\u0161ki","@id":"https:\/\/radioljubuski.ba\/#\/schema\/person\/19fc700381a780f69665d7956c469e3b"},"headline":"Koronavirusom zara\u017eeni igra\u010di druge mom\u010dadi Dinama","datePublished":"2021-11-06T12:17:43+00:00","dateModified":"2021-11-06T12:17:44+00:00","mainEntityOfPage":{"@id":"https:\/\/radioljubuski.ba\/index.php\/2021\/11\/06\/koronavirusom-zarazeni-igraci-druge-momcadi-dinama\/"},"wordCount":139,"publisher":{"@id":"https:\/\/radioljubuski.ba\/#organization"},"image":{"@id":"https:\/\/radioljubuski.ba\/index.php\/2021\/11\/06\/koronavirusom-zarazeni-igraci-druge-momcadi-dinama\/#primaryimage"},"thumbnailUrl":"https:\/\/radioljubuski.ba\/wp-content\/uploads\/2021\/11\/pxl-231021-90304963-20211106114753.jpg","articleSection":["\u0160port"],"inLanguage":"hr"},{"@type":"WebPage","@id":"https:\/\/radioljubuski.ba\/index.php\/2021\/11\/06\/koronavirusom-zarazeni-igraci-druge-momcadi-dinama\/","url":"https:\/\/radioljubuski.ba\/index.php\/2021\/11\/06\/koronavirusom-zarazeni-igraci-druge-momcadi-dinama\/","name":"Koronavirusom zara\u017eeni igra\u010di druge mom\u010dadi Dinama - RADIO LJUBU\u0160KI","isPartOf":{"@id":"https:\/\/radioljubuski.ba\/#website"},"primaryImageOfPage":{"@id":"https:\/\/radioljubuski.ba\/index.php\/2021\/11\/06\/koronavirusom-zarazeni-igraci-druge-momcadi-dinama\/#primaryimage"},"image":{"@id":"https:\/\/radioljubuski.ba\/index.php\/2021\/11\/06\/koronavirusom-zarazeni-igraci-druge-momcadi-dinama\/#primaryimage"},"thumbnailUrl":"https:\/\/radioljubuski.ba\/wp-content\/uploads\/2021\/11\/pxl-231021-90304963-20211106114753.jpg","datePublished":"2021-11-06T12:17:43+00:00","dateModified":"2021-11-06T12:17:44+00:00","breadcrumb":{"@id":"https:\/\/radioljubuski.ba\/index.php\/2021\/11\/06\/koronavirusom-zarazeni-igraci-druge-momcadi-dinama\/#breadcrumb"},"inLanguage":"hr","potentialAction":[{"@type":"ReadAction","target":["https:\/\/radioljubuski.ba\/index.php\/2021\/11\/06\/koronavirusom-zarazeni-igraci-druge-momcadi-dinama\/"]}]},{"@type":"ImageObject","inLanguage":"hr","@id":"https:\/\/radioljubuski.ba\/index.php\/2021\/11\/06\/koronavirusom-zarazeni-igraci-druge-momcadi-dinama\/#primaryimage","url":"https:\/\/radioljubuski.ba\/wp-content\/uploads\/2021\/11\/pxl-231021-90304963-20211106114753.jpg","contentUrl":"https:\/\/radioljubuski.ba\/wp-content\/uploads\/2021\/11\/pxl-231021-90304963-20211106114753.jpg","width":1600,"height":1000,"caption":"23.10.2021., Dugopolje - Odigrana je utakmica 2. HNL, Dugopolje-Dinamo II."},{"@type":"BreadcrumbList","@id":"https:\/\/radioljubuski.ba\/index.php\/2021\/11\/06\/koronavirusom-zarazeni-igraci-druge-momcadi-dinama\/#breadcrumb","itemListElement":[{"@type":"ListItem","position":1,"name":"Po\u010detna stranica","item":"https:\/\/radioljubuski.ba\/"},{"@type":"ListItem","position":2,"name":"Koronavirusom zara\u017eeni igra\u010di druge mom\u010dadi Dinama"}]},{"@type":"WebSite","@id":"https:\/\/radioljubuski.ba\/#website","url":"https:\/\/radioljubuski.ba\/","name":"Radio Ljubu\u0161ki","description":"Sun\u010dana frekvencija Hercegovine","publisher":{"@id":"https:\/\/radioljubuski.ba\/#organization"},"potentialAction":[{"@type":"SearchAction","target":{"@type":"EntryPoint","urlTemplate":"https:\/\/radioljubuski.ba\/?s={search_term_string}"},"query-input":{"@type":"PropertyValueSpecification","valueRequired":true,"valueName":"search_term_string"}}],"inLanguage":"hr"},{"@type":"Organization","@id":"https:\/\/radioljubuski.ba\/#organization","name":"Radio Ljubu\u0161ki","url":"https:\/\/radioljubuski.ba\/","logo":{"@type":"ImageObject","inLanguage":"hr","@id":"https:\/\/radioljubuski.ba\/#\/schema\/logo\/image\/","url":"https:\/\/radioljubuski.ba\/wp-content\/uploads\/2021\/02\/cropped-Radio_Ljubuski_logo1.jpg","contentUrl":"https:\/\/radioljubuski.ba\/wp-content\/uploads\/2021\/02\/cropped-Radio_Ljubuski_logo1.jpg","width":512,"height":512,"caption":"Radio Ljubu\u0161ki"},"image":{"@id":"https:\/\/radioljubuski.ba\/#\/schema\/logo\/image\/"},"sameAs":["https:\/\/www.facebook.com\/Radiio-Ljubuski-1490835324566332","https:\/\/x.com\/radioljubuski","https:\/\/hr.linkedin.com\/company\/radio-ljubuski","https:\/\/www.youtube.com\/channel\/UCHYaeO_n0Db3tjNGudGpXyw"]},{"@type":"Person","@id":"https:\/\/radioljubuski.ba\/#\/schema\/person\/19fc700381a780f69665d7956c469e3b","name":"Radio Ljubu\u0161ki"}]}},"_links":{"self":[{"href":"https:\/\/radioljubuski.ba\/index.php\/wp-json\/wp\/v2\/posts\/85781","targetHints":{"allow":["GET"]}}],"collection":[{"href":"https:\/\/radioljubuski.ba\/index.php\/wp-json\/wp\/v2\/posts"}],"about":[{"href":"https:\/\/radioljubuski.ba\/index.php\/wp-json\/wp\/v2\/types\/post"}],"author":[{"embeddable":true,"href":"https:\/\/radioljubuski.ba\/index.php\/wp-json\/wp\/v2\/users\/2"}],"replies":[{"embeddable":true,"href":"https:\/\/radioljubuski.ba\/index.php\/wp-json\/wp\/v2\/comments?post=85781"}],"version-history":[{"count":1,"href":"https:\/\/radioljubuski.ba\/index.php\/wp-json\/wp\/v2\/posts\/85781\/revisions"}],"predecessor-version":[{"id":85783,"href":"https:\/\/radioljubuski.ba\/index.php\/wp-json\/wp\/v2\/posts\/85781\/revisions\/85783"}],"wp:featuredmedia":[{"embeddable":true,"href":"https:\/\/radioljubuski.ba\/index.php\/wp-json\/wp\/v2\/media\/85782"}],"wp:attachment":[{"href":"https:\/\/radioljubuski.ba\/index.php\/wp-json\/wp\/v2\/media?parent=85781"}],"wp:term":[{"taxonomy":"category","embeddable":true,"href":"https:\/\/radioljubuski.ba\/index.php\/wp-json\/wp\/v2\/categories?post=85781"},{"taxonomy":"post_tag","embeddable":true,"href":"https:\/\/radioljubuski.ba\/index.php\/wp-json\/wp\/v2\/tags?post=85781"}],"curies":[{"name":"wp","href":"https:\/\/api.w.org\/{rel}","templated":true}]}}