{"id":85790,"date":"2021-11-06T13:23:00","date_gmt":"2021-11-06T12:23:00","guid":{"rendered":"https:\/\/radioljubuski.ba\/?p=85790"},"modified":"2021-11-06T13:23:02","modified_gmt":"2021-11-06T12:23:02","slug":"capak-od-307-hospitaliziranih-gotovo-jednako-je-cijepljenih-i-necijepljenih","status":"publish","type":"post","link":"https:\/\/radioljubuski.ba\/index.php\/2021\/11\/06\/capak-od-307-hospitaliziranih-gotovo-jednako-je-cijepljenih-i-necijepljenih\/","title":{"rendered":"Capak: Od 307 hospitaliziranih gotovo jednako je cijepljenih i necijepljenih"},"content":{"rendered":"\n<p>U petak je na press konferenciji Sto\u017eera govorio ravnatelj HZJZ-a Krunoslav Capak. Na predstavljanju novog seta mjera rekao je da je u odnosu na pro\u0161li tjedan pove\u0107an broj oboljelih za 15 posto. U posljednja 24 sata hospitalizirano je 307 osoba, <strong>od toga 49 posto nije cijepljeno<\/strong>, rekao je Capak.<\/p>\n\n\n\n<p><strong>Capak govori (5:22) da je od 307 hospitaliziranih 158 necijepljeno, \u0161to zna\u010di da je 149 cijepljeno:<\/strong><\/p>\n\n\n\n<iframe loading=\"lazy\" title=\"Konferencija za medije Sto\u017eera civilne za\u0161tite Republike Hrvatske ( 5.11. 2021. 11:00 sati )\" width=\"640\" height=\"360\" src=\"https:\/\/www.youtube.com\/embed\/QIKrBr7wRMg?start=279&#038;feature=oembed\" frameborder=\"0\" allow=\"accelerometer; autoplay; clipboard-write; encrypted-media; gyroscope; picture-in-picture; web-share\" referrerpolicy=\"strict-origin-when-cross-origin\" allowfullscreen><\/iframe>\n\n\n\n<p>Capak je dodao da je u zadnjih pet dana zabilje\u017eeno 19.726 novih slu\u010dajeva, dok ih je u pro\u0161lom tjednu bilo 17.157, \u0161to zna\u010di da imamo 15 posto vi\u0161e novooboljelih ovog tjedna. Po 14-dnevnoj incidenciji Hrvatska je na 23. od 27 zemalja EU, a od nas su lo\u0161ije Litva, Latvija, Estonija i Slovenija. Udio pozitivnih me\u0111u testiranima u zadnja 24 sata je 46 posto.<\/p>\n\n\n\n<p>Obja\u0161njavaju\u0107i za\u0161to nove mjere stupaju na snagu 15. studenoga, Capak je kazao da je razlog prije svega prilagodba sustava, odnosno da se organizira na\u010din provedbe tih mjera, tko \u0107e ih kontrolirati i sli\u010dno. Drugi razlog je \u0161to su do sada uvo\u0111ene mjere brzo davale rezultate.<\/p>\n\n\n\n<p>\u201c\u0160to se ti\u010de ugostiteljskih objekata, nismo isklju\u010dili ni tu mogu\u0107nost. Obavijestit \u0107emo vas koje \u0107emo sve mjere obuhvatiti ovom mjerom od 15. studenog\u201d, rekao je Capak.<\/p>\n\n\n\n<p>Na pitanje ho\u0107e li se serolo\u0161ki testovi priznavati kao COVID potvrde, Capak je rekao: \u201cSerolo\u0161ki testovi smatraju se izrazito nepouzdanim za utvr\u0111ivanje preboljenja i imunosti jer oni govore o trendovima, dakle kako se kre\u0107e humoralni imunitet, ali to nije jedini imunitet koji nas \u0161titi. Imamo i stani\u010dni. Ustanovljenjem antitijela ne dokazujete preboljenje niti mo\u017eete znati kad je susret s virusom bio. Mjera obveznih COVID potvrda obvezna je za zaposlenike, ne i za u\u010denike.\u201d<\/p>\n\n\n\n<p><em>Izvor: narod.hr\/vecernji.hr<\/em><\/p>\n","protected":false},"excerpt":{"rendered":"<p>U petak je na press konferenciji Sto\u017eera govorio ravnatelj HZJZ-a Krunoslav Capak. Na predstavljanju novog seta mjera rekao je da je u odnosu na pro\u0161li tjedan pove\u0107an broj oboljelih za 15 posto. U posljednja 24 sata hospitalizirano je 307 osoba, od toga 49 posto nije cijepljeno, rekao je Capak. Capak govori (5:22) da je od [&hellip;]<\/p>\n","protected":false},"author":2,"featured_media":17073,"comment_status":"closed","ping_status":"closed","sticky":false,"template":"","format":"standard","meta":{"h5ap_radio_sources":[],"footnotes":""},"categories":[1],"tags":[],"class_list":["post-85790","post","type-post","status-publish","format-standard","has-post-thumbnail","hentry","category-bihiregija"],"yoast_head":"<!-- This site is optimized with the Yoast SEO plugin v27.4 - https:\/\/yoast.com\/product\/yoast-seo-wordpress\/ -->\n<title>Capak: Od 307 hospitaliziranih gotovo jednako je cijepljenih i necijepljenih - RADIO LJUBU\u0160KI<\/title>\n<meta name=\"robots\" content=\"index, follow, max-snippet:-1, max-image-preview:large, max-video-preview:-1\" \/>\n<link rel=\"canonical\" href=\"https:\/\/radioljubuski.ba\/index.php\/2021\/11\/06\/capak-od-307-hospitaliziranih-gotovo-jednako-je-cijepljenih-i-necijepljenih\/\" \/>\n<meta property=\"og:locale\" content=\"hr_HR\" \/>\n<meta property=\"og:type\" content=\"article\" \/>\n<meta property=\"og:title\" content=\"Capak: Od 307 hospitaliziranih gotovo jednako je cijepljenih i necijepljenih - RADIO LJUBU\u0160KI\" \/>\n<meta property=\"og:description\" content=\"U petak je na press konferenciji Sto\u017eera govorio ravnatelj HZJZ-a Krunoslav Capak. Na predstavljanju novog seta mjera rekao je da je u odnosu na pro\u0161li tjedan pove\u0107an broj oboljelih za 15 posto. U posljednja 24 sata hospitalizirano je 307 osoba, od toga 49 posto nije cijepljeno, rekao je Capak. Capak govori (5:22) da je od [&hellip;]\" \/>\n<meta property=\"og:url\" content=\"https:\/\/radioljubuski.ba\/index.php\/2021\/11\/06\/capak-od-307-hospitaliziranih-gotovo-jednako-je-cijepljenih-i-necijepljenih\/\" \/>\n<meta property=\"og:site_name\" content=\"RADIO LJUBU\u0160KI\" \/>\n<meta property=\"article:publisher\" content=\"https:\/\/www.facebook.com\/Radiio-Ljubuski-1490835324566332\" \/>\n<meta property=\"article:published_time\" content=\"2021-11-06T12:23:00+00:00\" \/>\n<meta property=\"article:modified_time\" content=\"2021-11-06T12:23:02+00:00\" \/>\n<meta property=\"og:image\" content=\"https:\/\/radioljubuski.ba\/wp-content\/uploads\/2021\/04\/pxl-230421-32626414-20210428110738.jpg\" \/>\n\t<meta property=\"og:image:width\" content=\"1600\" \/>\n\t<meta property=\"og:image:height\" content=\"1066\" \/>\n\t<meta property=\"og:image:type\" content=\"image\/jpeg\" \/>\n<meta name=\"author\" content=\"Radio Ljubu\u0161ki\" \/>\n<meta name=\"twitter:card\" content=\"summary_large_image\" \/>\n<meta name=\"twitter:creator\" content=\"@radioljubuski\" \/>\n<meta name=\"twitter:site\" content=\"@radioljubuski\" \/>\n<meta name=\"twitter:label1\" content=\"Napisao\/la\" \/>\n\t<meta name=\"twitter:data1\" content=\"Radio Ljubu\u0161ki\" \/>\n\t<meta name=\"twitter:label2\" content=\"Procijenjeno vrijeme \u010ditanja\" \/>\n\t<meta name=\"twitter:data2\" content=\"2 minute\" \/>\n<script type=\"application\/ld+json\" class=\"yoast-schema-graph\">{\"@context\":\"https:\\\/\\\/schema.org\",\"@graph\":[{\"@type\":\"Article\",\"@id\":\"https:\\\/\\\/radioljubuski.ba\\\/index.php\\\/2021\\\/11\\\/06\\\/capak-od-307-hospitaliziranih-gotovo-jednako-je-cijepljenih-i-necijepljenih\\\/#article\",\"isPartOf\":{\"@id\":\"https:\\\/\\\/radioljubuski.ba\\\/index.php\\\/2021\\\/11\\\/06\\\/capak-od-307-hospitaliziranih-gotovo-jednako-je-cijepljenih-i-necijepljenih\\\/\"},\"author\":{\"name\":\"Radio Ljubu\u0161ki\",\"@id\":\"https:\\\/\\\/radioljubuski.ba\\\/#\\\/schema\\\/person\\\/19fc700381a780f69665d7956c469e3b\"},\"headline\":\"Capak: Od 307 hospitaliziranih gotovo jednako je cijepljenih i necijepljenih\",\"datePublished\":\"2021-11-06T12:23:00+00:00\",\"dateModified\":\"2021-11-06T12:23:02+00:00\",\"mainEntityOfPage\":{\"@id\":\"https:\\\/\\\/radioljubuski.ba\\\/index.php\\\/2021\\\/11\\\/06\\\/capak-od-307-hospitaliziranih-gotovo-jednako-je-cijepljenih-i-necijepljenih\\\/\"},\"wordCount\":307,\"publisher\":{\"@id\":\"https:\\\/\\\/radioljubuski.ba\\\/#organization\"},\"image\":{\"@id\":\"https:\\\/\\\/radioljubuski.ba\\\/index.php\\\/2021\\\/11\\\/06\\\/capak-od-307-hospitaliziranih-gotovo-jednako-je-cijepljenih-i-necijepljenih\\\/#primaryimage\"},\"thumbnailUrl\":\"https:\\\/\\\/radioljubuski.ba\\\/wp-content\\\/uploads\\\/2021\\\/04\\\/pxl-230421-32626414-20210428110738.jpg\",\"articleSection\":[\"BIH i regija\"],\"inLanguage\":\"hr\"},{\"@type\":\"WebPage\",\"@id\":\"https:\\\/\\\/radioljubuski.ba\\\/index.php\\\/2021\\\/11\\\/06\\\/capak-od-307-hospitaliziranih-gotovo-jednako-je-cijepljenih-i-necijepljenih\\\/\",\"url\":\"https:\\\/\\\/radioljubuski.ba\\\/index.php\\\/2021\\\/11\\\/06\\\/capak-od-307-hospitaliziranih-gotovo-jednako-je-cijepljenih-i-necijepljenih\\\/\",\"name\":\"Capak: Od 307 hospitaliziranih gotovo jednako je cijepljenih i necijepljenih - RADIO LJUBU\u0160KI\",\"isPartOf\":{\"@id\":\"https:\\\/\\\/radioljubuski.ba\\\/#website\"},\"primaryImageOfPage\":{\"@id\":\"https:\\\/\\\/radioljubuski.ba\\\/index.php\\\/2021\\\/11\\\/06\\\/capak-od-307-hospitaliziranih-gotovo-jednako-je-cijepljenih-i-necijepljenih\\\/#primaryimage\"},\"image\":{\"@id\":\"https:\\\/\\\/radioljubuski.ba\\\/index.php\\\/2021\\\/11\\\/06\\\/capak-od-307-hospitaliziranih-gotovo-jednako-je-cijepljenih-i-necijepljenih\\\/#primaryimage\"},\"thumbnailUrl\":\"https:\\\/\\\/radioljubuski.ba\\\/wp-content\\\/uploads\\\/2021\\\/04\\\/pxl-230421-32626414-20210428110738.jpg\",\"datePublished\":\"2021-11-06T12:23:00+00:00\",\"dateModified\":\"2021-11-06T12:23:02+00:00\",\"breadcrumb\":{\"@id\":\"https:\\\/\\\/radioljubuski.ba\\\/index.php\\\/2021\\\/11\\\/06\\\/capak-od-307-hospitaliziranih-gotovo-jednako-je-cijepljenih-i-necijepljenih\\\/#breadcrumb\"},\"inLanguage\":\"hr\",\"potentialAction\":[{\"@type\":\"ReadAction\",\"target\":[\"https:\\\/\\\/radioljubuski.ba\\\/index.php\\\/2021\\\/11\\\/06\\\/capak-od-307-hospitaliziranih-gotovo-jednako-je-cijepljenih-i-necijepljenih\\\/\"]}]},{\"@type\":\"ImageObject\",\"inLanguage\":\"hr\",\"@id\":\"https:\\\/\\\/radioljubuski.ba\\\/index.php\\\/2021\\\/11\\\/06\\\/capak-od-307-hospitaliziranih-gotovo-jednako-je-cijepljenih-i-necijepljenih\\\/#primaryimage\",\"url\":\"https:\\\/\\\/radioljubuski.ba\\\/wp-content\\\/uploads\\\/2021\\\/04\\\/pxl-230421-32626414-20210428110738.jpg\",\"contentUrl\":\"https:\\\/\\\/radioljubuski.ba\\\/wp-content\\\/uploads\\\/2021\\\/04\\\/pxl-230421-32626414-20210428110738.jpg\",\"width\":1600,\"height\":1066,\"caption\":\"23.4.2021., Zagreb - Konferencija za medije Nacionalnog stozera civilne zastite oko koronavirusa odrzana je u NSK. Krunoslav Capak. Photo: Goran Stanzl\\\/PIXSELL\"},{\"@type\":\"BreadcrumbList\",\"@id\":\"https:\\\/\\\/radioljubuski.ba\\\/index.php\\\/2021\\\/11\\\/06\\\/capak-od-307-hospitaliziranih-gotovo-jednako-je-cijepljenih-i-necijepljenih\\\/#breadcrumb\",\"itemListElement\":[{\"@type\":\"ListItem\",\"position\":1,\"name\":\"Po\u010detna stranica\",\"item\":\"https:\\\/\\\/radioljubuski.ba\\\/\"},{\"@type\":\"ListItem\",\"position\":2,\"name\":\"Capak: Od 307 hospitaliziranih gotovo jednako je cijepljenih i necijepljenih\"}]},{\"@type\":\"WebSite\",\"@id\":\"https:\\\/\\\/radioljubuski.ba\\\/#website\",\"url\":\"https:\\\/\\\/radioljubuski.ba\\\/\",\"name\":\"Radio Ljubu\u0161ki\",\"description\":\"Sun\u010dana frekvencija Hercegovine\",\"publisher\":{\"@id\":\"https:\\\/\\\/radioljubuski.ba\\\/#organization\"},\"potentialAction\":[{\"@type\":\"SearchAction\",\"target\":{\"@type\":\"EntryPoint\",\"urlTemplate\":\"https:\\\/\\\/radioljubuski.ba\\\/?s={search_term_string}\"},\"query-input\":{\"@type\":\"PropertyValueSpecification\",\"valueRequired\":true,\"valueName\":\"search_term_string\"}}],\"inLanguage\":\"hr\"},{\"@type\":\"Organization\",\"@id\":\"https:\\\/\\\/radioljubuski.ba\\\/#organization\",\"name\":\"Radio Ljubu\u0161ki\",\"url\":\"https:\\\/\\\/radioljubuski.ba\\\/\",\"logo\":{\"@type\":\"ImageObject\",\"inLanguage\":\"hr\",\"@id\":\"https:\\\/\\\/radioljubuski.ba\\\/#\\\/schema\\\/logo\\\/image\\\/\",\"url\":\"https:\\\/\\\/radioljubuski.ba\\\/wp-content\\\/uploads\\\/2021\\\/02\\\/cropped-Radio_Ljubuski_logo1.jpg\",\"contentUrl\":\"https:\\\/\\\/radioljubuski.ba\\\/wp-content\\\/uploads\\\/2021\\\/02\\\/cropped-Radio_Ljubuski_logo1.jpg\",\"width\":512,\"height\":512,\"caption\":\"Radio Ljubu\u0161ki\"},\"image\":{\"@id\":\"https:\\\/\\\/radioljubuski.ba\\\/#\\\/schema\\\/logo\\\/image\\\/\"},\"sameAs\":[\"https:\\\/\\\/www.facebook.com\\\/Radiio-Ljubuski-1490835324566332\",\"https:\\\/\\\/x.com\\\/radioljubuski\",\"https:\\\/\\\/hr.linkedin.com\\\/company\\\/radio-ljubuski\",\"https:\\\/\\\/www.youtube.com\\\/channel\\\/UCHYaeO_n0Db3tjNGudGpXyw\"]},{\"@type\":\"Person\",\"@id\":\"https:\\\/\\\/radioljubuski.ba\\\/#\\\/schema\\\/person\\\/19fc700381a780f69665d7956c469e3b\",\"name\":\"Radio Ljubu\u0161ki\"}]}<\/script>\n<!-- \/ Yoast SEO plugin. -->","yoast_head_json":{"title":"Capak: Od 307 hospitaliziranih gotovo jednako je cijepljenih i necijepljenih - RADIO LJUBU\u0160KI","robots":{"index":"index","follow":"follow","max-snippet":"max-snippet:-1","max-image-preview":"max-image-preview:large","max-video-preview":"max-video-preview:-1"},"canonical":"https:\/\/radioljubuski.ba\/index.php\/2021\/11\/06\/capak-od-307-hospitaliziranih-gotovo-jednako-je-cijepljenih-i-necijepljenih\/","og_locale":"hr_HR","og_type":"article","og_title":"Capak: Od 307 hospitaliziranih gotovo jednako je cijepljenih i necijepljenih - RADIO LJUBU\u0160KI","og_description":"U petak je na press konferenciji Sto\u017eera govorio ravnatelj HZJZ-a Krunoslav Capak. Na predstavljanju novog seta mjera rekao je da je u odnosu na pro\u0161li tjedan pove\u0107an broj oboljelih za 15 posto. U posljednja 24 sata hospitalizirano je 307 osoba, od toga 49 posto nije cijepljeno, rekao je Capak. Capak govori (5:22) da je od [&hellip;]","og_url":"https:\/\/radioljubuski.ba\/index.php\/2021\/11\/06\/capak-od-307-hospitaliziranih-gotovo-jednako-je-cijepljenih-i-necijepljenih\/","og_site_name":"RADIO LJUBU\u0160KI","article_publisher":"https:\/\/www.facebook.com\/Radiio-Ljubuski-1490835324566332","article_published_time":"2021-11-06T12:23:00+00:00","article_modified_time":"2021-11-06T12:23:02+00:00","og_image":[{"width":1600,"height":1066,"url":"https:\/\/radioljubuski.ba\/wp-content\/uploads\/2021\/04\/pxl-230421-32626414-20210428110738.jpg","type":"image\/jpeg"}],"author":"Radio Ljubu\u0161ki","twitter_card":"summary_large_image","twitter_creator":"@radioljubuski","twitter_site":"@radioljubuski","twitter_misc":{"Napisao\/la":"Radio Ljubu\u0161ki","Procijenjeno vrijeme \u010ditanja":"2 minute"},"schema":{"@context":"https:\/\/schema.org","@graph":[{"@type":"Article","@id":"https:\/\/radioljubuski.ba\/index.php\/2021\/11\/06\/capak-od-307-hospitaliziranih-gotovo-jednako-je-cijepljenih-i-necijepljenih\/#article","isPartOf":{"@id":"https:\/\/radioljubuski.ba\/index.php\/2021\/11\/06\/capak-od-307-hospitaliziranih-gotovo-jednako-je-cijepljenih-i-necijepljenih\/"},"author":{"name":"Radio Ljubu\u0161ki","@id":"https:\/\/radioljubuski.ba\/#\/schema\/person\/19fc700381a780f69665d7956c469e3b"},"headline":"Capak: Od 307 hospitaliziranih gotovo jednako je cijepljenih i necijepljenih","datePublished":"2021-11-06T12:23:00+00:00","dateModified":"2021-11-06T12:23:02+00:00","mainEntityOfPage":{"@id":"https:\/\/radioljubuski.ba\/index.php\/2021\/11\/06\/capak-od-307-hospitaliziranih-gotovo-jednako-je-cijepljenih-i-necijepljenih\/"},"wordCount":307,"publisher":{"@id":"https:\/\/radioljubuski.ba\/#organization"},"image":{"@id":"https:\/\/radioljubuski.ba\/index.php\/2021\/11\/06\/capak-od-307-hospitaliziranih-gotovo-jednako-je-cijepljenih-i-necijepljenih\/#primaryimage"},"thumbnailUrl":"https:\/\/radioljubuski.ba\/wp-content\/uploads\/2021\/04\/pxl-230421-32626414-20210428110738.jpg","articleSection":["BIH i regija"],"inLanguage":"hr"},{"@type":"WebPage","@id":"https:\/\/radioljubuski.ba\/index.php\/2021\/11\/06\/capak-od-307-hospitaliziranih-gotovo-jednako-je-cijepljenih-i-necijepljenih\/","url":"https:\/\/radioljubuski.ba\/index.php\/2021\/11\/06\/capak-od-307-hospitaliziranih-gotovo-jednako-je-cijepljenih-i-necijepljenih\/","name":"Capak: Od 307 hospitaliziranih gotovo jednako je cijepljenih i necijepljenih - RADIO LJUBU\u0160KI","isPartOf":{"@id":"https:\/\/radioljubuski.ba\/#website"},"primaryImageOfPage":{"@id":"https:\/\/radioljubuski.ba\/index.php\/2021\/11\/06\/capak-od-307-hospitaliziranih-gotovo-jednako-je-cijepljenih-i-necijepljenih\/#primaryimage"},"image":{"@id":"https:\/\/radioljubuski.ba\/index.php\/2021\/11\/06\/capak-od-307-hospitaliziranih-gotovo-jednako-je-cijepljenih-i-necijepljenih\/#primaryimage"},"thumbnailUrl":"https:\/\/radioljubuski.ba\/wp-content\/uploads\/2021\/04\/pxl-230421-32626414-20210428110738.jpg","datePublished":"2021-11-06T12:23:00+00:00","dateModified":"2021-11-06T12:23:02+00:00","breadcrumb":{"@id":"https:\/\/radioljubuski.ba\/index.php\/2021\/11\/06\/capak-od-307-hospitaliziranih-gotovo-jednako-je-cijepljenih-i-necijepljenih\/#breadcrumb"},"inLanguage":"hr","potentialAction":[{"@type":"ReadAction","target":["https:\/\/radioljubuski.ba\/index.php\/2021\/11\/06\/capak-od-307-hospitaliziranih-gotovo-jednako-je-cijepljenih-i-necijepljenih\/"]}]},{"@type":"ImageObject","inLanguage":"hr","@id":"https:\/\/radioljubuski.ba\/index.php\/2021\/11\/06\/capak-od-307-hospitaliziranih-gotovo-jednako-je-cijepljenih-i-necijepljenih\/#primaryimage","url":"https:\/\/radioljubuski.ba\/wp-content\/uploads\/2021\/04\/pxl-230421-32626414-20210428110738.jpg","contentUrl":"https:\/\/radioljubuski.ba\/wp-content\/uploads\/2021\/04\/pxl-230421-32626414-20210428110738.jpg","width":1600,"height":1066,"caption":"23.4.2021., Zagreb - Konferencija za medije Nacionalnog stozera civilne zastite oko koronavirusa odrzana je u NSK. Krunoslav Capak. Photo: Goran Stanzl\/PIXSELL"},{"@type":"BreadcrumbList","@id":"https:\/\/radioljubuski.ba\/index.php\/2021\/11\/06\/capak-od-307-hospitaliziranih-gotovo-jednako-je-cijepljenih-i-necijepljenih\/#breadcrumb","itemListElement":[{"@type":"ListItem","position":1,"name":"Po\u010detna stranica","item":"https:\/\/radioljubuski.ba\/"},{"@type":"ListItem","position":2,"name":"Capak: Od 307 hospitaliziranih gotovo jednako je cijepljenih i necijepljenih"}]},{"@type":"WebSite","@id":"https:\/\/radioljubuski.ba\/#website","url":"https:\/\/radioljubuski.ba\/","name":"Radio Ljubu\u0161ki","description":"Sun\u010dana frekvencija Hercegovine","publisher":{"@id":"https:\/\/radioljubuski.ba\/#organization"},"potentialAction":[{"@type":"SearchAction","target":{"@type":"EntryPoint","urlTemplate":"https:\/\/radioljubuski.ba\/?s={search_term_string}"},"query-input":{"@type":"PropertyValueSpecification","valueRequired":true,"valueName":"search_term_string"}}],"inLanguage":"hr"},{"@type":"Organization","@id":"https:\/\/radioljubuski.ba\/#organization","name":"Radio Ljubu\u0161ki","url":"https:\/\/radioljubuski.ba\/","logo":{"@type":"ImageObject","inLanguage":"hr","@id":"https:\/\/radioljubuski.ba\/#\/schema\/logo\/image\/","url":"https:\/\/radioljubuski.ba\/wp-content\/uploads\/2021\/02\/cropped-Radio_Ljubuski_logo1.jpg","contentUrl":"https:\/\/radioljubuski.ba\/wp-content\/uploads\/2021\/02\/cropped-Radio_Ljubuski_logo1.jpg","width":512,"height":512,"caption":"Radio Ljubu\u0161ki"},"image":{"@id":"https:\/\/radioljubuski.ba\/#\/schema\/logo\/image\/"},"sameAs":["https:\/\/www.facebook.com\/Radiio-Ljubuski-1490835324566332","https:\/\/x.com\/radioljubuski","https:\/\/hr.linkedin.com\/company\/radio-ljubuski","https:\/\/www.youtube.com\/channel\/UCHYaeO_n0Db3tjNGudGpXyw"]},{"@type":"Person","@id":"https:\/\/radioljubuski.ba\/#\/schema\/person\/19fc700381a780f69665d7956c469e3b","name":"Radio Ljubu\u0161ki"}]}},"_links":{"self":[{"href":"https:\/\/radioljubuski.ba\/index.php\/wp-json\/wp\/v2\/posts\/85790","targetHints":{"allow":["GET"]}}],"collection":[{"href":"https:\/\/radioljubuski.ba\/index.php\/wp-json\/wp\/v2\/posts"}],"about":[{"href":"https:\/\/radioljubuski.ba\/index.php\/wp-json\/wp\/v2\/types\/post"}],"author":[{"embeddable":true,"href":"https:\/\/radioljubuski.ba\/index.php\/wp-json\/wp\/v2\/users\/2"}],"replies":[{"embeddable":true,"href":"https:\/\/radioljubuski.ba\/index.php\/wp-json\/wp\/v2\/comments?post=85790"}],"version-history":[{"count":1,"href":"https:\/\/radioljubuski.ba\/index.php\/wp-json\/wp\/v2\/posts\/85790\/revisions"}],"predecessor-version":[{"id":85791,"href":"https:\/\/radioljubuski.ba\/index.php\/wp-json\/wp\/v2\/posts\/85790\/revisions\/85791"}],"wp:featuredmedia":[{"embeddable":true,"href":"https:\/\/radioljubuski.ba\/index.php\/wp-json\/wp\/v2\/media\/17073"}],"wp:attachment":[{"href":"https:\/\/radioljubuski.ba\/index.php\/wp-json\/wp\/v2\/media?parent=85790"}],"wp:term":[{"taxonomy":"category","embeddable":true,"href":"https:\/\/radioljubuski.ba\/index.php\/wp-json\/wp\/v2\/categories?post=85790"},{"taxonomy":"post_tag","embeddable":true,"href":"https:\/\/radioljubuski.ba\/index.php\/wp-json\/wp\/v2\/tags?post=85790"}],"curies":[{"name":"wp","href":"https:\/\/api.w.org\/{rel}","templated":true}]}}