{"id":85801,"date":"2021-11-06T13:46:53","date_gmt":"2021-11-06T12:46:53","guid":{"rendered":"https:\/\/radioljubuski.ba\/?p=85801"},"modified":"2021-11-06T13:46:54","modified_gmt":"2021-11-06T12:46:54","slug":"u-ovim-zemljama-nije-potvrden-jos-niti-jedan-slucaj-zaraze-koronavirusom","status":"publish","type":"post","link":"https:\/\/radioljubuski.ba\/index.php\/2021\/11\/06\/u-ovim-zemljama-nije-potvrden-jos-niti-jedan-slucaj-zaraze-koronavirusom\/","title":{"rendered":"U ovim zemljama nije potvr\u0111en jo\u0161 niti jedan slu\u010daj zaraze koronavirusom"},"content":{"rendered":"\n<p>Ve\u0107 skoro dvije godine korona virus vlada planetom. I dok neke zemlje bilje\u017ee rekorde u broju zara\u017eenih i preminulih, neke rastere\u0107uju mjere i spremaju se za povratak u normalnost, jo\u0161 uvijek postoji mali broj dr\u017eava koje slu\u017ebeno nemaju niti jedan zabilje\u017eeni slu\u010daj infekcije od po\u010detka pandemije.<\/p>\n\n\n\n<p>Za sada su u ovoj grupi nekoliko zemalja &#8211; Turkmenistan, Nauru i Tuvalu, kao i nekoliko izoliranih otoka u Oceaniji.<\/p>\n\n\n\n<p>Turkmenistan, zemlja u sredi\u0161njoj Aziji koja se grani\u010di s Kazahstanom, Uzbekistanom Tad\u017eikistanom, Iranom i Afganistanom, ve\u0107 dvije godine slu\u017ebeno odolijeva virusu korona. Iako su sve susjedne zemlje odavno potvrdile prve slu\u010dajeve, ova dr\u017eava tvrdi da jo\u0161 uvijek nema niti jedan potvr\u0111en slu\u010daj infekcije. Turkmenistan ima 53 posto potpuno cijepljenog stanovni\u0161tva.<\/p>\n\n\n\n<p>Zemlja je do prije mjesec dana imala zatvorene granice, a jo\u0161 na po\u010detku pandemije otkazali su sve letove iz Kine.<\/p>\n\n\n\n<p>Postoje glasine da se slu\u017ebeni podaci ne poklapaju sa stvarnom situacijom u dr\u017eavi. Ovu tvrdnju podgrijali su neki medijski navodi da su rije\u010di virus korona u Turkmenistanu zabranjena, me\u0111utim kasnije se pokazalo da je u pitanju la\u017ena informacija.<\/p>\n\n\n\n<p>Druga po redu je dr\u017eava Tuvalu, koja je godinama poznata kao jedna od najmanje posje\u0107enih u svijetu, budu\u0107i da je godi\u0161nje posjeti manje od 200 turista. Ovaj podatak je vjerovatno jedan od zaslu\u017enih za\u0161to Tuvalu, koji ima oko 11.000 stanovnika, uspijeva imati nula zara\u017eenih ve\u0107 skoro dvije godine. Me\u0111u ovim rekorderima je i Nauru, mala dr\u017eava u oceaniji sa ne\u0161to vi\u0161e od 10.000 stanovnika. Ova zemlja koja je toliko mala da se mo\u017ee prepje\u0161a\u010diti za jedan dan, tako\u0111er prema mi\u0161ljenju stru\u010dnjaka spasava \u010dinjenica da imaju veoma malo turista na godi\u0161njoj razini, prenosi Koryo.<\/p>\n\n\n\n<p>Cookovi otoci, koji administrativno pripadaju Novom Zelandu, tako\u0111er su bez ijednog slu\u010daja infekcije, a osim toga, ova dr\u017eava mo\u017ee se pohvaliti i rekordnim brojem cijepljenih, budu\u0107i da je 96 posto stanovni\u0161tva potpuno cijepljeno. Ova zemlja je druga na listi dr\u017eava po postotku cijepljenog stanovni\u0161tva, a za sada Palau dr\u017ei rekord sa 99 posto cijepljenih gra\u0111ana. Pacifi\u010dka kraljevina Tongo potvrdila je pro\u0161log tjedna prvi slu\u010daj infekcije virusom korona, a vlasti ove zemlje odlu\u010dile su da uvedu lockdown kako bi sprije\u010dili da se virus pro\u0161iri.<\/p>\n\n\n\n<p>Dr\u017eava Tonga nalazi se u Polineziji i sa\u010dinjena je od 170 otoka i dom je za oko 100.000 stanovnika. Kao i ve\u0107ina drugih Pacifi\u010dkih zemalja i Tonga je u o\u017eujku pro\u0161le godine zatvorila granice. Petina stanovni\u0161tva \u017eivi ispod granica siroma\u0161tva, a zemlji nedostaje velika koli\u010dina medicinske opreme i imaju male bolni\u010dke kapacitete.<\/p>\n\n\n\n<p>Izvor:pogled.ba<\/p>\n","protected":false},"excerpt":{"rendered":"<p>Ve\u0107 skoro dvije godine korona virus vlada planetom. I dok neke zemlje bilje\u017ee rekorde u broju zara\u017eenih i preminulih, neke rastere\u0107uju mjere i spremaju se za povratak u normalnost, jo\u0161 uvijek postoji mali broj dr\u017eava koje slu\u017ebeno nemaju niti jedan zabilje\u017eeni slu\u010daj infekcije od po\u010detka pandemije. Za sada su u ovoj grupi nekoliko zemalja &#8211; [&hellip;]<\/p>\n","protected":false},"author":2,"featured_media":85802,"comment_status":"closed","ping_status":"closed","sticky":false,"template":"","format":"standard","meta":{"h5ap_radio_sources":[],"footnotes":""},"categories":[1],"tags":[],"class_list":["post-85801","post","type-post","status-publish","format-standard","has-post-thumbnail","hentry","category-bihiregija"],"yoast_head":"<!-- This site is optimized with the Yoast SEO plugin v27.5 - https:\/\/yoast.com\/product\/yoast-seo-wordpress\/ -->\n<title>U ovim zemljama nije potvr\u0111en jo\u0161 niti jedan slu\u010daj zaraze koronavirusom - RADIO LJUBU\u0160KI<\/title>\n<meta name=\"robots\" content=\"index, follow, max-snippet:-1, max-image-preview:large, max-video-preview:-1\" \/>\n<link rel=\"canonical\" href=\"https:\/\/radioljubuski.ba\/index.php\/2021\/11\/06\/u-ovim-zemljama-nije-potvrden-jos-niti-jedan-slucaj-zaraze-koronavirusom\/\" \/>\n<meta property=\"og:locale\" content=\"hr_HR\" \/>\n<meta property=\"og:type\" content=\"article\" \/>\n<meta property=\"og:title\" content=\"U ovim zemljama nije potvr\u0111en jo\u0161 niti jedan slu\u010daj zaraze koronavirusom - RADIO LJUBU\u0160KI\" \/>\n<meta property=\"og:description\" content=\"Ve\u0107 skoro dvije godine korona virus vlada planetom. I dok neke zemlje bilje\u017ee rekorde u broju zara\u017eenih i preminulih, neke rastere\u0107uju mjere i spremaju se za povratak u normalnost, jo\u0161 uvijek postoji mali broj dr\u017eava koje slu\u017ebeno nemaju niti jedan zabilje\u017eeni slu\u010daj infekcije od po\u010detka pandemije. Za sada su u ovoj grupi nekoliko zemalja &#8211; [&hellip;]\" \/>\n<meta property=\"og:url\" content=\"https:\/\/radioljubuski.ba\/index.php\/2021\/11\/06\/u-ovim-zemljama-nije-potvrden-jos-niti-jedan-slucaj-zaraze-koronavirusom\/\" \/>\n<meta property=\"og:site_name\" content=\"RADIO LJUBU\u0160KI\" \/>\n<meta property=\"article:publisher\" content=\"https:\/\/www.facebook.com\/Radiio-Ljubuski-1490835324566332\" \/>\n<meta property=\"article:published_time\" content=\"2021-11-06T12:46:53+00:00\" \/>\n<meta property=\"article:modified_time\" content=\"2021-11-06T12:46:54+00:00\" \/>\n<meta property=\"og:image\" content=\"https:\/\/radioljubuski.ba\/wp-content\/uploads\/2021\/11\/2-2021-11-06-07-55-46-korona.jpg\" \/>\n\t<meta property=\"og:image:width\" content=\"1000\" \/>\n\t<meta property=\"og:image:height\" content=\"625\" \/>\n\t<meta property=\"og:image:type\" content=\"image\/jpeg\" \/>\n<meta name=\"author\" content=\"Radio Ljubu\u0161ki\" \/>\n<meta name=\"twitter:card\" content=\"summary_large_image\" \/>\n<meta name=\"twitter:creator\" content=\"@radioljubuski\" \/>\n<meta name=\"twitter:site\" content=\"@radioljubuski\" \/>\n<meta name=\"twitter:label1\" content=\"Napisao\/la\" \/>\n\t<meta name=\"twitter:data1\" content=\"Radio Ljubu\u0161ki\" \/>\n\t<meta name=\"twitter:label2\" content=\"Procijenjeno vrijeme \u010ditanja\" \/>\n\t<meta name=\"twitter:data2\" content=\"2 minute\" \/>\n<script type=\"application\/ld+json\" class=\"yoast-schema-graph\">{\"@context\":\"https:\\\/\\\/schema.org\",\"@graph\":[{\"@type\":\"Article\",\"@id\":\"https:\\\/\\\/radioljubuski.ba\\\/index.php\\\/2021\\\/11\\\/06\\\/u-ovim-zemljama-nije-potvrden-jos-niti-jedan-slucaj-zaraze-koronavirusom\\\/#article\",\"isPartOf\":{\"@id\":\"https:\\\/\\\/radioljubuski.ba\\\/index.php\\\/2021\\\/11\\\/06\\\/u-ovim-zemljama-nije-potvrden-jos-niti-jedan-slucaj-zaraze-koronavirusom\\\/\"},\"author\":{\"name\":\"Radio Ljubu\u0161ki\",\"@id\":\"https:\\\/\\\/radioljubuski.ba\\\/#\\\/schema\\\/person\\\/19fc700381a780f69665d7956c469e3b\"},\"headline\":\"U ovim zemljama nije potvr\u0111en jo\u0161 niti jedan slu\u010daj zaraze koronavirusom\",\"datePublished\":\"2021-11-06T12:46:53+00:00\",\"dateModified\":\"2021-11-06T12:46:54+00:00\",\"mainEntityOfPage\":{\"@id\":\"https:\\\/\\\/radioljubuski.ba\\\/index.php\\\/2021\\\/11\\\/06\\\/u-ovim-zemljama-nije-potvrden-jos-niti-jedan-slucaj-zaraze-koronavirusom\\\/\"},\"wordCount\":477,\"publisher\":{\"@id\":\"https:\\\/\\\/radioljubuski.ba\\\/#organization\"},\"image\":{\"@id\":\"https:\\\/\\\/radioljubuski.ba\\\/index.php\\\/2021\\\/11\\\/06\\\/u-ovim-zemljama-nije-potvrden-jos-niti-jedan-slucaj-zaraze-koronavirusom\\\/#primaryimage\"},\"thumbnailUrl\":\"https:\\\/\\\/radioljubuski.ba\\\/wp-content\\\/uploads\\\/2021\\\/11\\\/2-2021-11-06-07-55-46-korona.jpg\",\"articleSection\":[\"BIH i regija\"],\"inLanguage\":\"hr\"},{\"@type\":\"WebPage\",\"@id\":\"https:\\\/\\\/radioljubuski.ba\\\/index.php\\\/2021\\\/11\\\/06\\\/u-ovim-zemljama-nije-potvrden-jos-niti-jedan-slucaj-zaraze-koronavirusom\\\/\",\"url\":\"https:\\\/\\\/radioljubuski.ba\\\/index.php\\\/2021\\\/11\\\/06\\\/u-ovim-zemljama-nije-potvrden-jos-niti-jedan-slucaj-zaraze-koronavirusom\\\/\",\"name\":\"U ovim zemljama nije potvr\u0111en jo\u0161 niti jedan slu\u010daj zaraze koronavirusom - RADIO LJUBU\u0160KI\",\"isPartOf\":{\"@id\":\"https:\\\/\\\/radioljubuski.ba\\\/#website\"},\"primaryImageOfPage\":{\"@id\":\"https:\\\/\\\/radioljubuski.ba\\\/index.php\\\/2021\\\/11\\\/06\\\/u-ovim-zemljama-nije-potvrden-jos-niti-jedan-slucaj-zaraze-koronavirusom\\\/#primaryimage\"},\"image\":{\"@id\":\"https:\\\/\\\/radioljubuski.ba\\\/index.php\\\/2021\\\/11\\\/06\\\/u-ovim-zemljama-nije-potvrden-jos-niti-jedan-slucaj-zaraze-koronavirusom\\\/#primaryimage\"},\"thumbnailUrl\":\"https:\\\/\\\/radioljubuski.ba\\\/wp-content\\\/uploads\\\/2021\\\/11\\\/2-2021-11-06-07-55-46-korona.jpg\",\"datePublished\":\"2021-11-06T12:46:53+00:00\",\"dateModified\":\"2021-11-06T12:46:54+00:00\",\"breadcrumb\":{\"@id\":\"https:\\\/\\\/radioljubuski.ba\\\/index.php\\\/2021\\\/11\\\/06\\\/u-ovim-zemljama-nije-potvrden-jos-niti-jedan-slucaj-zaraze-koronavirusom\\\/#breadcrumb\"},\"inLanguage\":\"hr\",\"potentialAction\":[{\"@type\":\"ReadAction\",\"target\":[\"https:\\\/\\\/radioljubuski.ba\\\/index.php\\\/2021\\\/11\\\/06\\\/u-ovim-zemljama-nije-potvrden-jos-niti-jedan-slucaj-zaraze-koronavirusom\\\/\"]}]},{\"@type\":\"ImageObject\",\"inLanguage\":\"hr\",\"@id\":\"https:\\\/\\\/radioljubuski.ba\\\/index.php\\\/2021\\\/11\\\/06\\\/u-ovim-zemljama-nije-potvrden-jos-niti-jedan-slucaj-zaraze-koronavirusom\\\/#primaryimage\",\"url\":\"https:\\\/\\\/radioljubuski.ba\\\/wp-content\\\/uploads\\\/2021\\\/11\\\/2-2021-11-06-07-55-46-korona.jpg\",\"contentUrl\":\"https:\\\/\\\/radioljubuski.ba\\\/wp-content\\\/uploads\\\/2021\\\/11\\\/2-2021-11-06-07-55-46-korona.jpg\",\"width\":1000,\"height\":625},{\"@type\":\"BreadcrumbList\",\"@id\":\"https:\\\/\\\/radioljubuski.ba\\\/index.php\\\/2021\\\/11\\\/06\\\/u-ovim-zemljama-nije-potvrden-jos-niti-jedan-slucaj-zaraze-koronavirusom\\\/#breadcrumb\",\"itemListElement\":[{\"@type\":\"ListItem\",\"position\":1,\"name\":\"Po\u010detna stranica\",\"item\":\"https:\\\/\\\/radioljubuski.ba\\\/\"},{\"@type\":\"ListItem\",\"position\":2,\"name\":\"U ovim zemljama nije potvr\u0111en jo\u0161 niti jedan slu\u010daj zaraze koronavirusom\"}]},{\"@type\":\"WebSite\",\"@id\":\"https:\\\/\\\/radioljubuski.ba\\\/#website\",\"url\":\"https:\\\/\\\/radioljubuski.ba\\\/\",\"name\":\"Radio Ljubu\u0161ki\",\"description\":\"Sun\u010dana frekvencija Hercegovine\",\"publisher\":{\"@id\":\"https:\\\/\\\/radioljubuski.ba\\\/#organization\"},\"potentialAction\":[{\"@type\":\"SearchAction\",\"target\":{\"@type\":\"EntryPoint\",\"urlTemplate\":\"https:\\\/\\\/radioljubuski.ba\\\/?s={search_term_string}\"},\"query-input\":{\"@type\":\"PropertyValueSpecification\",\"valueRequired\":true,\"valueName\":\"search_term_string\"}}],\"inLanguage\":\"hr\"},{\"@type\":\"Organization\",\"@id\":\"https:\\\/\\\/radioljubuski.ba\\\/#organization\",\"name\":\"Radio Ljubu\u0161ki\",\"url\":\"https:\\\/\\\/radioljubuski.ba\\\/\",\"logo\":{\"@type\":\"ImageObject\",\"inLanguage\":\"hr\",\"@id\":\"https:\\\/\\\/radioljubuski.ba\\\/#\\\/schema\\\/logo\\\/image\\\/\",\"url\":\"https:\\\/\\\/radioljubuski.ba\\\/wp-content\\\/uploads\\\/2021\\\/02\\\/cropped-Radio_Ljubuski_logo1.jpg\",\"contentUrl\":\"https:\\\/\\\/radioljubuski.ba\\\/wp-content\\\/uploads\\\/2021\\\/02\\\/cropped-Radio_Ljubuski_logo1.jpg\",\"width\":512,\"height\":512,\"caption\":\"Radio Ljubu\u0161ki\"},\"image\":{\"@id\":\"https:\\\/\\\/radioljubuski.ba\\\/#\\\/schema\\\/logo\\\/image\\\/\"},\"sameAs\":[\"https:\\\/\\\/www.facebook.com\\\/Radiio-Ljubuski-1490835324566332\",\"https:\\\/\\\/x.com\\\/radioljubuski\",\"https:\\\/\\\/hr.linkedin.com\\\/company\\\/radio-ljubuski\",\"https:\\\/\\\/www.youtube.com\\\/channel\\\/UCHYaeO_n0Db3tjNGudGpXyw\"]},{\"@type\":\"Person\",\"@id\":\"https:\\\/\\\/radioljubuski.ba\\\/#\\\/schema\\\/person\\\/19fc700381a780f69665d7956c469e3b\",\"name\":\"Radio Ljubu\u0161ki\"}]}<\/script>\n<!-- \/ Yoast SEO plugin. -->","yoast_head_json":{"title":"U ovim zemljama nije potvr\u0111en jo\u0161 niti jedan slu\u010daj zaraze koronavirusom - RADIO LJUBU\u0160KI","robots":{"index":"index","follow":"follow","max-snippet":"max-snippet:-1","max-image-preview":"max-image-preview:large","max-video-preview":"max-video-preview:-1"},"canonical":"https:\/\/radioljubuski.ba\/index.php\/2021\/11\/06\/u-ovim-zemljama-nije-potvrden-jos-niti-jedan-slucaj-zaraze-koronavirusom\/","og_locale":"hr_HR","og_type":"article","og_title":"U ovim zemljama nije potvr\u0111en jo\u0161 niti jedan slu\u010daj zaraze koronavirusom - RADIO LJUBU\u0160KI","og_description":"Ve\u0107 skoro dvije godine korona virus vlada planetom. I dok neke zemlje bilje\u017ee rekorde u broju zara\u017eenih i preminulih, neke rastere\u0107uju mjere i spremaju se za povratak u normalnost, jo\u0161 uvijek postoji mali broj dr\u017eava koje slu\u017ebeno nemaju niti jedan zabilje\u017eeni slu\u010daj infekcije od po\u010detka pandemije. Za sada su u ovoj grupi nekoliko zemalja &#8211; [&hellip;]","og_url":"https:\/\/radioljubuski.ba\/index.php\/2021\/11\/06\/u-ovim-zemljama-nije-potvrden-jos-niti-jedan-slucaj-zaraze-koronavirusom\/","og_site_name":"RADIO LJUBU\u0160KI","article_publisher":"https:\/\/www.facebook.com\/Radiio-Ljubuski-1490835324566332","article_published_time":"2021-11-06T12:46:53+00:00","article_modified_time":"2021-11-06T12:46:54+00:00","og_image":[{"width":1000,"height":625,"url":"https:\/\/radioljubuski.ba\/wp-content\/uploads\/2021\/11\/2-2021-11-06-07-55-46-korona.jpg","type":"image\/jpeg"}],"author":"Radio Ljubu\u0161ki","twitter_card":"summary_large_image","twitter_creator":"@radioljubuski","twitter_site":"@radioljubuski","twitter_misc":{"Napisao\/la":"Radio Ljubu\u0161ki","Procijenjeno vrijeme \u010ditanja":"2 minute"},"schema":{"@context":"https:\/\/schema.org","@graph":[{"@type":"Article","@id":"https:\/\/radioljubuski.ba\/index.php\/2021\/11\/06\/u-ovim-zemljama-nije-potvrden-jos-niti-jedan-slucaj-zaraze-koronavirusom\/#article","isPartOf":{"@id":"https:\/\/radioljubuski.ba\/index.php\/2021\/11\/06\/u-ovim-zemljama-nije-potvrden-jos-niti-jedan-slucaj-zaraze-koronavirusom\/"},"author":{"name":"Radio Ljubu\u0161ki","@id":"https:\/\/radioljubuski.ba\/#\/schema\/person\/19fc700381a780f69665d7956c469e3b"},"headline":"U ovim zemljama nije potvr\u0111en jo\u0161 niti jedan slu\u010daj zaraze koronavirusom","datePublished":"2021-11-06T12:46:53+00:00","dateModified":"2021-11-06T12:46:54+00:00","mainEntityOfPage":{"@id":"https:\/\/radioljubuski.ba\/index.php\/2021\/11\/06\/u-ovim-zemljama-nije-potvrden-jos-niti-jedan-slucaj-zaraze-koronavirusom\/"},"wordCount":477,"publisher":{"@id":"https:\/\/radioljubuski.ba\/#organization"},"image":{"@id":"https:\/\/radioljubuski.ba\/index.php\/2021\/11\/06\/u-ovim-zemljama-nije-potvrden-jos-niti-jedan-slucaj-zaraze-koronavirusom\/#primaryimage"},"thumbnailUrl":"https:\/\/radioljubuski.ba\/wp-content\/uploads\/2021\/11\/2-2021-11-06-07-55-46-korona.jpg","articleSection":["BIH i regija"],"inLanguage":"hr"},{"@type":"WebPage","@id":"https:\/\/radioljubuski.ba\/index.php\/2021\/11\/06\/u-ovim-zemljama-nije-potvrden-jos-niti-jedan-slucaj-zaraze-koronavirusom\/","url":"https:\/\/radioljubuski.ba\/index.php\/2021\/11\/06\/u-ovim-zemljama-nije-potvrden-jos-niti-jedan-slucaj-zaraze-koronavirusom\/","name":"U ovim zemljama nije potvr\u0111en jo\u0161 niti jedan slu\u010daj zaraze koronavirusom - RADIO LJUBU\u0160KI","isPartOf":{"@id":"https:\/\/radioljubuski.ba\/#website"},"primaryImageOfPage":{"@id":"https:\/\/radioljubuski.ba\/index.php\/2021\/11\/06\/u-ovim-zemljama-nije-potvrden-jos-niti-jedan-slucaj-zaraze-koronavirusom\/#primaryimage"},"image":{"@id":"https:\/\/radioljubuski.ba\/index.php\/2021\/11\/06\/u-ovim-zemljama-nije-potvrden-jos-niti-jedan-slucaj-zaraze-koronavirusom\/#primaryimage"},"thumbnailUrl":"https:\/\/radioljubuski.ba\/wp-content\/uploads\/2021\/11\/2-2021-11-06-07-55-46-korona.jpg","datePublished":"2021-11-06T12:46:53+00:00","dateModified":"2021-11-06T12:46:54+00:00","breadcrumb":{"@id":"https:\/\/radioljubuski.ba\/index.php\/2021\/11\/06\/u-ovim-zemljama-nije-potvrden-jos-niti-jedan-slucaj-zaraze-koronavirusom\/#breadcrumb"},"inLanguage":"hr","potentialAction":[{"@type":"ReadAction","target":["https:\/\/radioljubuski.ba\/index.php\/2021\/11\/06\/u-ovim-zemljama-nije-potvrden-jos-niti-jedan-slucaj-zaraze-koronavirusom\/"]}]},{"@type":"ImageObject","inLanguage":"hr","@id":"https:\/\/radioljubuski.ba\/index.php\/2021\/11\/06\/u-ovim-zemljama-nije-potvrden-jos-niti-jedan-slucaj-zaraze-koronavirusom\/#primaryimage","url":"https:\/\/radioljubuski.ba\/wp-content\/uploads\/2021\/11\/2-2021-11-06-07-55-46-korona.jpg","contentUrl":"https:\/\/radioljubuski.ba\/wp-content\/uploads\/2021\/11\/2-2021-11-06-07-55-46-korona.jpg","width":1000,"height":625},{"@type":"BreadcrumbList","@id":"https:\/\/radioljubuski.ba\/index.php\/2021\/11\/06\/u-ovim-zemljama-nije-potvrden-jos-niti-jedan-slucaj-zaraze-koronavirusom\/#breadcrumb","itemListElement":[{"@type":"ListItem","position":1,"name":"Po\u010detna stranica","item":"https:\/\/radioljubuski.ba\/"},{"@type":"ListItem","position":2,"name":"U ovim zemljama nije potvr\u0111en jo\u0161 niti jedan slu\u010daj zaraze koronavirusom"}]},{"@type":"WebSite","@id":"https:\/\/radioljubuski.ba\/#website","url":"https:\/\/radioljubuski.ba\/","name":"Radio Ljubu\u0161ki","description":"Sun\u010dana frekvencija Hercegovine","publisher":{"@id":"https:\/\/radioljubuski.ba\/#organization"},"potentialAction":[{"@type":"SearchAction","target":{"@type":"EntryPoint","urlTemplate":"https:\/\/radioljubuski.ba\/?s={search_term_string}"},"query-input":{"@type":"PropertyValueSpecification","valueRequired":true,"valueName":"search_term_string"}}],"inLanguage":"hr"},{"@type":"Organization","@id":"https:\/\/radioljubuski.ba\/#organization","name":"Radio Ljubu\u0161ki","url":"https:\/\/radioljubuski.ba\/","logo":{"@type":"ImageObject","inLanguage":"hr","@id":"https:\/\/radioljubuski.ba\/#\/schema\/logo\/image\/","url":"https:\/\/radioljubuski.ba\/wp-content\/uploads\/2021\/02\/cropped-Radio_Ljubuski_logo1.jpg","contentUrl":"https:\/\/radioljubuski.ba\/wp-content\/uploads\/2021\/02\/cropped-Radio_Ljubuski_logo1.jpg","width":512,"height":512,"caption":"Radio Ljubu\u0161ki"},"image":{"@id":"https:\/\/radioljubuski.ba\/#\/schema\/logo\/image\/"},"sameAs":["https:\/\/www.facebook.com\/Radiio-Ljubuski-1490835324566332","https:\/\/x.com\/radioljubuski","https:\/\/hr.linkedin.com\/company\/radio-ljubuski","https:\/\/www.youtube.com\/channel\/UCHYaeO_n0Db3tjNGudGpXyw"]},{"@type":"Person","@id":"https:\/\/radioljubuski.ba\/#\/schema\/person\/19fc700381a780f69665d7956c469e3b","name":"Radio Ljubu\u0161ki"}]}},"_links":{"self":[{"href":"https:\/\/radioljubuski.ba\/index.php\/wp-json\/wp\/v2\/posts\/85801","targetHints":{"allow":["GET"]}}],"collection":[{"href":"https:\/\/radioljubuski.ba\/index.php\/wp-json\/wp\/v2\/posts"}],"about":[{"href":"https:\/\/radioljubuski.ba\/index.php\/wp-json\/wp\/v2\/types\/post"}],"author":[{"embeddable":true,"href":"https:\/\/radioljubuski.ba\/index.php\/wp-json\/wp\/v2\/users\/2"}],"replies":[{"embeddable":true,"href":"https:\/\/radioljubuski.ba\/index.php\/wp-json\/wp\/v2\/comments?post=85801"}],"version-history":[{"count":1,"href":"https:\/\/radioljubuski.ba\/index.php\/wp-json\/wp\/v2\/posts\/85801\/revisions"}],"predecessor-version":[{"id":85803,"href":"https:\/\/radioljubuski.ba\/index.php\/wp-json\/wp\/v2\/posts\/85801\/revisions\/85803"}],"wp:featuredmedia":[{"embeddable":true,"href":"https:\/\/radioljubuski.ba\/index.php\/wp-json\/wp\/v2\/media\/85802"}],"wp:attachment":[{"href":"https:\/\/radioljubuski.ba\/index.php\/wp-json\/wp\/v2\/media?parent=85801"}],"wp:term":[{"taxonomy":"category","embeddable":true,"href":"https:\/\/radioljubuski.ba\/index.php\/wp-json\/wp\/v2\/categories?post=85801"},{"taxonomy":"post_tag","embeddable":true,"href":"https:\/\/radioljubuski.ba\/index.php\/wp-json\/wp\/v2\/tags?post=85801"}],"curies":[{"name":"wp","href":"https:\/\/api.w.org\/{rel}","templated":true}]}}